{"id":4479,"date":"2026-07-28T06:02:17","date_gmt":"2026-07-28T09:02:17","guid":{"rendered":"https:\/\/www.encontrabelohorizonte.com.br\/sobre\/aviao-faz-pouso-forcado-em-aeroporto-desativado-de-belo-horizonte\/"},"modified":"2026-07-28T06:02:17","modified_gmt":"2026-07-28T09:02:17","slug":"aviao-faz-pouso-forcado-em-aeroporto-desativado-de-belo-horizonte","status":"publish","type":"post","link":"https:\/\/www.encontrabelohorizonte.com.br\/sobre\/aviao-faz-pouso-forcado-em-aeroporto-desativado-de-belo-horizonte\/","title":{"rendered":"Avi\u00e3o faz pouso for\u00e7ado em aeroporto desativado de Belo Horizonte"},"content":{"rendered":"<div class=\"2e083cf0b19e2c11948dc6ac054ba979\" data-index=\"1\" style=\"float: none; margin:0px;\">\n<!-- Anuncio display - global -->\r\n<ins class=\"adsbygoogle\"\r\n     style=\"display:block\"\r\n     data-ad-client=\"ca-pub-8585364105181520\"\r\n     data-ad-slot=\"8789329856\"\r\n     data-ad-format=\"auto\"\r\n     data-full-width-responsive=\"true\"><\/ins>\r\n<script>\r\n     (adsbygoogle = window.adsbygoogle || []).push({});\r\n<\/script>\n<\/div>\n<h2>O que aconteceu no aeroporto de BH?<\/h2>\n<p>No dia 24 de julho de 2026, um avi\u00e3o realizou um pouso for\u00e7ado no antigo Aeroporto Carlos Prates, localizado na regi\u00e3o noroeste de Belo Horizonte. Esse incidente chamou a aten\u00e7\u00e3o da m\u00eddia local e gerou inquieta\u00e7\u00e3o entre os moradores da \u00e1rea. A aeronave, que foi capturada em imagens pelo Globocop na manh\u00e3 seguinte, n\u00e3o resultou em feridos, uma vez que n\u00e3o havia passageiros a bordo no momento do pouso.<\/p>\n<h2>Hist\u00f3rico do Aeroporto Carlos Prates<\/h2>\n<p>O Aeroporto Carlos Prates foi inaugurado em 1935 e, ao longo dos anos, passou por diversas mudan\u00e7as. Em 2023, a sua desativa\u00e7\u00e3o foi anunciada por meio de um estudo do Minist\u00e9rio de Portos e Aeroportos, que levantou preocupa\u00e7\u00f5es relacionadas \u00e0 seguran\u00e7a, devido a um hist\u00f3rico de acidentes. As autoridades decidiram que o local seria destinado a novos empreendimentos habitacionais, com o projeto de constru\u00e7\u00e3o de um novo bairro que conteria mais de quatro mil unidades residenciais.<\/p>\n<h2>Voo da Velair Escola de Avia\u00e7\u00e3o Civil<\/h2>\n<p>A aeronave que precisou realizar o pouso for\u00e7ado pertencia \u00e0 Velair Escola de Avia\u00e7\u00e3o Civil, uma institui\u00e7\u00e3o reconhecida e regulamentada pela ANAC (Ag\u00eancia Nacional de Avia\u00e7\u00e3o Civil). O sistema da ANAC confirmava que a documenta\u00e7\u00e3o da aeronave estava regularizada e que o Certificado de Verifica\u00e7\u00e3o de Aeronavegabilidade era v\u00e1lido at\u00e9 10 de novembro de 2026. Essa informa\u00e7\u00e3o tranquilizou as autoridades sobre o estado da aeronave.<\/p>\n<p><img decoding=\"async\" src=\"https:\/\/www.encontrabelohorizonte.com.br\/sobre\/wp-content\/uploads\/aviao-faz-pouso-forcado-em-aeroporto-desativado-de-belo-horizonte.webp\" alt=\"\" loading=\"lazy\" \/><\/p>\n<h2>O que levou ao pouso for\u00e7ado?<\/h2>\n<p>Embora as causas exatas que levaram ao pouso for\u00e7ado ainda n\u00e3o tenham sido oficialmente divulgadas, \u00e9 comum que esses incidentes ocorram devido a problemas mec\u00e2nicos, falhas t\u00e9cnicas ou condi\u00e7\u00f5es clim\u00e1ticas adversas. Uma investiga\u00e7\u00e3o minuciosa \u00e9 necess\u00e1ria para identificar os fatores exatos que contribu\u00edram para a situa\u00e7\u00e3o.<\/p>\n<h2>Rea\u00e7\u00e3o da Guarda Municipal e Corpo de Bombeiros<\/h2>\n<p>Ap\u00f3s o incidente, a Guarda Municipal de Belo Horizonte foi informada e iniciou procedimentos para garantir a seguran\u00e7a da \u00e1rea e permitir a movimenta\u00e7\u00e3o de ve\u00edculos e pessoas ao redor do local. O Corpo de Bombeiros n\u00e3o foi acionado, uma vez que n\u00e3o houve feridos e a situa\u00e7\u00e3o aparentava estar sob controle.<\/p>\n<h2>Impacto na comunidade local<\/h2>\n<p>O pouso for\u00e7ado despertou preocupa\u00e7\u00f5es entre os residentes do bairro Carlos Prates. Muitos moradores expressaram sua ansiedade sobre o impacto de tal incidente em uma \u00e1rea que j\u00e1 enfrentava desafios devido \u00e0 desativa\u00e7\u00e3o do aeroporto e os planos para transforma\u00e7\u00e3o do terreno em um novo bairro. O incidente aumentou a discuss\u00e3o sobre seguran\u00e7a a\u00e9rea na regi\u00e3o e refor\u00e7ou a necessidade de manter di\u00e1logos abertos entre as autoridades e a comunidade local.<\/p>\n<h2>Retirada do avi\u00e3o desativado<\/h2>\n<p>Conforme informado pela Guarda Municipal, a retirada do avi\u00e3o do local foi programada para acontecer nos pr\u00f3ximos dias. A desmobiliza\u00e7\u00e3o da aeronave \u00e9 um atendimento \u00e0 demanda de seguran\u00e7a e organiza\u00e7\u00e3o no espa\u00e7o urbano, uma vez que a presen\u00e7a do avi\u00e3o em um espa\u00e7o n\u00e3o operacional pode causar transtornos.<\/p>\n<h2>Documenta\u00e7\u00e3o e regularidade da aeronave<\/h2>\n<p>A documenta\u00e7\u00e3o da aeronave envolvida no incidente estava regularizada conforme as diretrizes da ANAC. Isso \u00e9 importante, pois garante que a escola de avia\u00e7\u00e3o operava dentro das normas e regulamentos estabelecidos para o setor a\u00e9reo no Brasil. A seguran\u00e7a das opera\u00e7\u00f5es a\u00e9reas \u00e9 uma prioridade tanto para as institui\u00e7\u00f5es que gerenciam as aeronaves quanto para as ag\u00eancias reguladoras respons\u00e1veis pela supervis\u00e3o dessas atividades.<\/p>\n<h2>Desafios de aeroportos desativados<\/h2>\n<p>Com a crescente desativa\u00e7\u00e3o de aeroportos em \u00e1reas urbanas, surgem desafios significativos, al\u00e9m da seguran\u00e7a da avia\u00e7\u00e3o. A transforma\u00e7\u00e3o desses espa\u00e7os em \u00e1reas habitacionais ou comerciais exige planejamento cuidadoso. As autoridades enfrentam a necessidade de mitigar quaisquer riscos potenciais que possam impactar a sa\u00fade e a vida dos moradores que cercam esses locais.<\/p>\n<h2>Futuro do Aeroporto Carlos Prates<\/h2>\n<p>O futuro do antigo Aeroporto Carlos Prates envolve uma reconfigura\u00e7\u00e3o completa do espa\u00e7o. Com a desativa\u00e7\u00e3o oficial, a \u00e1rea est\u00e1 programada para se tornar um novo bairro, voltado para atender \u00e0 demanda da popula\u00e7\u00e3o de Belo Horizonte. A expectativa \u00e9 que novas unidades habitacionais possam n\u00e3o apenas solucionar a car\u00eancia habita\u00e7\u00e3o na regi\u00e3o, mas tamb\u00e9m proporcionar um espa\u00e7o de conviv\u00eancia segura e adequado para os novos moradores.<\/p>\n<p>O incidente do pouso for\u00e7ado tamb\u00e9m pode ser um catalisador para que as autoridades revisem e reforcem as pol\u00edticas de seguran\u00e7a em rela\u00e7\u00e3o \u00e0 avia\u00e7\u00e3o civil e suas opera\u00e7\u00f5es em \u00e1reas urbanas. Isso pode trazer benef\u00edcios a longo prazo para a comunidade, garantindo que a seguran\u00e7a seja sempre uma prioridade nas discuss\u00f5es em torno do futuro do espa\u00e7o.<\/p>\n\n<div style=\"font-size: 0px; height: 0px; line-height: 0px; margin: 0; padding: 0; clear: both;\"><\/div>","protected":false},"excerpt":{"rendered":"<p>Avi\u00e3o faz pouso for\u00e7ado em aeroporto desativado de BH, mas ningu\u00e9m se feriu.<\/p>\n","protected":false},"author":1,"featured_media":4478,"comment_status":"closed","ping_status":"closed","sticky":false,"template":"","format":"standard","meta":{"footnotes":""},"categories":[6],"tags":[],"class_list":["post-4479","post","type-post","status-publish","format-standard","has-post-thumbnail","hentry","category-noticias","has_thumb"],"aioseo_notices":[],"aioseo_head":"\n\t\t<!-- All in One SEO 5.0.0.1 - aioseo.com -->\n\t<meta name=\"description\" content=\"Avi\u00e3o faz pouso for\u00e7ado em aeroporto desativado de BH, mas ningu\u00e9m se feriu.\" \/>\n\t<meta name=\"robots\" content=\"max-image-preview:large\" \/>\n\t<meta name=\"author\" content=\"Encontra Belo Horizonte\"\/>\n\t<link rel=\"canonical\" href=\"https:\/\/www.encontrabelohorizonte.com.br\/sobre\/aviao-faz-pouso-forcado-em-aeroporto-desativado-de-belo-horizonte\/\" \/>\n\t<meta name=\"generator\" content=\"All in One SEO (AIOSEO) 5.0.0.1\" \/>\n\t\t<meta property=\"og:locale\" content=\"pt_BR\" \/>\n\t\t<meta property=\"og:site_name\" content=\"Encontra Belo Horizonte | Not\u00edcias, eventos, informa\u00e7\u00f5es e dicas da cidade de Belo Horizonte e regi\u00e3o\" \/>\n\t\t<meta property=\"og:type\" content=\"article\" \/>\n\t\t<meta property=\"og:title\" content=\"Avi\u00e3o faz pouso for\u00e7ado em aeroporto desativado de Belo Horizonte | Encontra Belo Horizonte\" \/>\n\t\t<meta property=\"og:description\" content=\"Avi\u00e3o faz pouso for\u00e7ado em aeroporto desativado de BH, mas ningu\u00e9m se feriu.\" \/>\n\t\t<meta property=\"og:url\" content=\"https:\/\/www.encontrabelohorizonte.com.br\/sobre\/aviao-faz-pouso-forcado-em-aeroporto-desativado-de-belo-horizonte\/\" \/>\n\t\t<meta property=\"article:published_time\" content=\"2026-07-28T09:02:17+00:00\" \/>\n\t\t<meta property=\"article:modified_time\" content=\"2026-07-28T09:02:17+00:00\" \/>\n\t\t<meta name=\"twitter:card\" content=\"summary\" \/>\n\t\t<meta name=\"twitter:title\" content=\"Avi\u00e3o faz pouso for\u00e7ado em aeroporto desativado de Belo Horizonte | Encontra Belo Horizonte\" \/>\n\t\t<meta name=\"twitter:description\" content=\"Avi\u00e3o faz pouso for\u00e7ado em aeroporto desativado de BH, mas ningu\u00e9m se feriu.\" \/>\n\t\t<script type=\"application\/ld+json\" class=\"aioseo-schema\">\n\t\t\t{\"@context\":\"https:\\\/\\\/schema.org\",\"@graph\":[{\"@type\":\"Article\",\"@id\":\"https:\\\/\\\/www.encontrabelohorizonte.com.br\\\/sobre\\\/aviao-faz-pouso-forcado-em-aeroporto-desativado-de-belo-horizonte\\\/#article\",\"name\":\"Avi\\u00e3o faz pouso for\\u00e7ado em aeroporto desativado de Belo Horizonte | Encontra Belo Horizonte\",\"headline\":\"Avi\\u00e3o faz pouso for\\u00e7ado em aeroporto desativado de Belo Horizonte\",\"author\":{\"@id\":\"https:\\\/\\\/www.encontrabelohorizonte.com.br\\\/sobre\\\/author\\\/ebelohorizonte\\\/#author\"},\"publisher\":{\"@id\":\"https:\\\/\\\/www.encontrabelohorizonte.com.br\\\/sobre\\\/#organization\"},\"image\":{\"@type\":\"ImageObject\",\"url\":\"https:\\\/\\\/www.encontrabelohorizonte.com.br\\\/sobre\\\/wp-content\\\/uploads\\\/aviao-faz-pouso-forcado-em-aeroporto-desativado-de-belo-horizonte.webp\",\"width\":280,\"height\":280},\"datePublished\":\"2026-07-28T06:02:17-03:00\",\"dateModified\":\"2026-07-28T06:02:17-03:00\",\"inLanguage\":\"pt-BR\",\"mainEntityOfPage\":{\"@id\":\"https:\\\/\\\/www.encontrabelohorizonte.com.br\\\/sobre\\\/aviao-faz-pouso-forcado-em-aeroporto-desativado-de-belo-horizonte\\\/#webpage\"},\"isPartOf\":{\"@id\":\"https:\\\/\\\/www.encontrabelohorizonte.com.br\\\/sobre\\\/aviao-faz-pouso-forcado-em-aeroporto-desativado-de-belo-horizonte\\\/#webpage\"},\"articleSection\":\"Not\\u00edcias Belo Horizonte\"},{\"@type\":\"BreadcrumbList\",\"@id\":\"https:\\\/\\\/www.encontrabelohorizonte.com.br\\\/sobre\\\/aviao-faz-pouso-forcado-em-aeroporto-desativado-de-belo-horizonte\\\/#breadcrumblist\",\"itemListElement\":[{\"@type\":\"ListItem\",\"@id\":\"https:\\\/\\\/www.encontrabelohorizonte.com.br\\\/sobre#listItem\",\"position\":1,\"name\":\"In\\u00edcio\",\"item\":\"https:\\\/\\\/www.encontrabelohorizonte.com.br\\\/sobre\",\"nextItem\":{\"@type\":\"ListItem\",\"@id\":\"https:\\\/\\\/www.encontrabelohorizonte.com.br\\\/sobre\\\/noticias\\\/#listItem\",\"name\":\"Not\\u00edcias Belo Horizonte\"}},{\"@type\":\"ListItem\",\"@id\":\"https:\\\/\\\/www.encontrabelohorizonte.com.br\\\/sobre\\\/noticias\\\/#listItem\",\"position\":2,\"name\":\"Not\\u00edcias Belo Horizonte\",\"item\":\"https:\\\/\\\/www.encontrabelohorizonte.com.br\\\/sobre\\\/noticias\\\/\",\"nextItem\":{\"@type\":\"ListItem\",\"@id\":\"https:\\\/\\\/www.encontrabelohorizonte.com.br\\\/sobre\\\/aviao-faz-pouso-forcado-em-aeroporto-desativado-de-belo-horizonte\\\/#listItem\",\"name\":\"Avi\\u00e3o faz pouso for\\u00e7ado em aeroporto desativado de Belo Horizonte\"},\"previousItem\":{\"@type\":\"ListItem\",\"@id\":\"https:\\\/\\\/www.encontrabelohorizonte.com.br\\\/sobre#listItem\",\"name\":\"In\\u00edcio\"}},{\"@type\":\"ListItem\",\"@id\":\"https:\\\/\\\/www.encontrabelohorizonte.com.br\\\/sobre\\\/aviao-faz-pouso-forcado-em-aeroporto-desativado-de-belo-horizonte\\\/#listItem\",\"position\":3,\"name\":\"Avi\\u00e3o faz pouso for\\u00e7ado em aeroporto desativado de Belo Horizonte\",\"previousItem\":{\"@type\":\"ListItem\",\"@id\":\"https:\\\/\\\/www.encontrabelohorizonte.com.br\\\/sobre\\\/noticias\\\/#listItem\",\"name\":\"Not\\u00edcias Belo Horizonte\"}}]},{\"@type\":\"Organization\",\"@id\":\"https:\\\/\\\/www.encontrabelohorizonte.com.br\\\/sobre\\\/#organization\",\"name\":\"Encontra Belo Horizonte\",\"description\":\"Not\\u00edcias, eventos, informa\\u00e7\\u00f5es e dicas da cidade de Belo Horizonte e regi\\u00e3o\",\"url\":\"https:\\\/\\\/www.encontrabelohorizonte.com.br\\\/sobre\\\/\"},{\"@type\":\"Person\",\"@id\":\"https:\\\/\\\/www.encontrabelohorizonte.com.br\\\/sobre\\\/author\\\/ebelohorizonte\\\/#author\",\"url\":\"https:\\\/\\\/www.encontrabelohorizonte.com.br\\\/sobre\\\/author\\\/ebelohorizonte\\\/\",\"name\":\"Encontra Belo Horizonte\",\"image\":{\"@type\":\"ImageObject\",\"@id\":\"https:\\\/\\\/www.encontrabelohorizonte.com.br\\\/sobre\\\/aviao-faz-pouso-forcado-em-aeroporto-desativado-de-belo-horizonte\\\/#authorImage\",\"url\":\"https:\\\/\\\/secure.gravatar.com\\\/avatar\\\/507340682b8270222e1f208e23198b6ae7e2c6a1033ae84e99bc6bce4f82a387?s=96&d=mm&r=g\",\"width\":96,\"height\":96,\"caption\":\"Encontra Belo Horizonte\"}},{\"@type\":\"WebPage\",\"@id\":\"https:\\\/\\\/www.encontrabelohorizonte.com.br\\\/sobre\\\/aviao-faz-pouso-forcado-em-aeroporto-desativado-de-belo-horizonte\\\/#webpage\",\"url\":\"https:\\\/\\\/www.encontrabelohorizonte.com.br\\\/sobre\\\/aviao-faz-pouso-forcado-em-aeroporto-desativado-de-belo-horizonte\\\/\",\"name\":\"Avi\\u00e3o faz pouso for\\u00e7ado em aeroporto desativado de Belo Horizonte | Encontra Belo Horizonte\",\"description\":\"Avi\\u00e3o faz pouso for\\u00e7ado em aeroporto desativado de BH, mas ningu\\u00e9m se feriu.\",\"inLanguage\":\"pt-BR\",\"isPartOf\":{\"@id\":\"https:\\\/\\\/www.encontrabelohorizonte.com.br\\\/sobre\\\/#website\"},\"breadcrumb\":{\"@id\":\"https:\\\/\\\/www.encontrabelohorizonte.com.br\\\/sobre\\\/aviao-faz-pouso-forcado-em-aeroporto-desativado-de-belo-horizonte\\\/#breadcrumblist\"},\"author\":{\"@id\":\"https:\\\/\\\/www.encontrabelohorizonte.com.br\\\/sobre\\\/author\\\/ebelohorizonte\\\/#author\"},\"creator\":{\"@id\":\"https:\\\/\\\/www.encontrabelohorizonte.com.br\\\/sobre\\\/author\\\/ebelohorizonte\\\/#author\"},\"image\":{\"@type\":\"ImageObject\",\"url\":\"https:\\\/\\\/www.encontrabelohorizonte.com.br\\\/sobre\\\/wp-content\\\/uploads\\\/aviao-faz-pouso-forcado-em-aeroporto-desativado-de-belo-horizonte.webp\",\"@id\":\"https:\\\/\\\/www.encontrabelohorizonte.com.br\\\/sobre\\\/aviao-faz-pouso-forcado-em-aeroporto-desativado-de-belo-horizonte\\\/#mainImage\",\"width\":280,\"height\":280},\"primaryImageOfPage\":{\"@id\":\"https:\\\/\\\/www.encontrabelohorizonte.com.br\\\/sobre\\\/aviao-faz-pouso-forcado-em-aeroporto-desativado-de-belo-horizonte\\\/#mainImage\"},\"datePublished\":\"2026-07-28T06:02:17-03:00\",\"dateModified\":\"2026-07-28T06:02:17-03:00\"},{\"@type\":\"WebSite\",\"@id\":\"https:\\\/\\\/www.encontrabelohorizonte.com.br\\\/sobre\\\/#website\",\"url\":\"https:\\\/\\\/www.encontrabelohorizonte.com.br\\\/sobre\\\/\",\"name\":\"Encontra Belo Horizonte\",\"description\":\"Not\\u00edcias, eventos, informa\\u00e7\\u00f5es e dicas da cidade de Belo Horizonte e regi\\u00e3o\",\"inLanguage\":\"pt-BR\",\"publisher\":{\"@id\":\"https:\\\/\\\/www.encontrabelohorizonte.com.br\\\/sobre\\\/#organization\"}}]}\n\t\t<\/script>\n\t\t<!-- All in One SEO -->\n\n","aioseo_head_json":{"title":"Avi\u00e3o faz pouso for\u00e7ado em aeroporto desativado de Belo Horizonte | Encontra Belo Horizonte","description":"Avi\u00e3o faz pouso for\u00e7ado em aeroporto desativado de BH, mas ningu\u00e9m se feriu.","canonical_url":"https:\/\/www.encontrabelohorizonte.com.br\/sobre\/aviao-faz-pouso-forcado-em-aeroporto-desativado-de-belo-horizonte\/","robots":"max-image-preview:large","keywords":"","webmasterTools":{"miscellaneous":""},"schema":{"@context":"https:\/\/schema.org","@graph":[{"@type":"Article","@id":"https:\/\/www.encontrabelohorizonte.com.br\/sobre\/aviao-faz-pouso-forcado-em-aeroporto-desativado-de-belo-horizonte\/#article","name":"Avi\u00e3o faz pouso for\u00e7ado em aeroporto desativado de Belo Horizonte | Encontra Belo Horizonte","headline":"Avi\u00e3o faz pouso for\u00e7ado em aeroporto desativado de Belo Horizonte","author":{"@id":"https:\/\/www.encontrabelohorizonte.com.br\/sobre\/author\/ebelohorizonte\/#author"},"publisher":{"@id":"https:\/\/www.encontrabelohorizonte.com.br\/sobre\/#organization"},"image":{"@type":"ImageObject","url":"https:\/\/www.encontrabelohorizonte.com.br\/sobre\/wp-content\/uploads\/aviao-faz-pouso-forcado-em-aeroporto-desativado-de-belo-horizonte.webp","width":280,"height":280},"datePublished":"2026-07-28T06:02:17-03:00","dateModified":"2026-07-28T06:02:17-03:00","inLanguage":"pt-BR","mainEntityOfPage":{"@id":"https:\/\/www.encontrabelohorizonte.com.br\/sobre\/aviao-faz-pouso-forcado-em-aeroporto-desativado-de-belo-horizonte\/#webpage"},"isPartOf":{"@id":"https:\/\/www.encontrabelohorizonte.com.br\/sobre\/aviao-faz-pouso-forcado-em-aeroporto-desativado-de-belo-horizonte\/#webpage"},"articleSection":"Not\u00edcias Belo Horizonte"},{"@type":"BreadcrumbList","@id":"https:\/\/www.encontrabelohorizonte.com.br\/sobre\/aviao-faz-pouso-forcado-em-aeroporto-desativado-de-belo-horizonte\/#breadcrumblist","itemListElement":[{"@type":"ListItem","@id":"https:\/\/www.encontrabelohorizonte.com.br\/sobre#listItem","position":1,"name":"In\u00edcio","item":"https:\/\/www.encontrabelohorizonte.com.br\/sobre","nextItem":{"@type":"ListItem","@id":"https:\/\/www.encontrabelohorizonte.com.br\/sobre\/noticias\/#listItem","name":"Not\u00edcias Belo Horizonte"}},{"@type":"ListItem","@id":"https:\/\/www.encontrabelohorizonte.com.br\/sobre\/noticias\/#listItem","position":2,"name":"Not\u00edcias Belo Horizonte","item":"https:\/\/www.encontrabelohorizonte.com.br\/sobre\/noticias\/","nextItem":{"@type":"ListItem","@id":"https:\/\/www.encontrabelohorizonte.com.br\/sobre\/aviao-faz-pouso-forcado-em-aeroporto-desativado-de-belo-horizonte\/#listItem","name":"Avi\u00e3o faz pouso for\u00e7ado em aeroporto desativado de Belo Horizonte"},"previousItem":{"@type":"ListItem","@id":"https:\/\/www.encontrabelohorizonte.com.br\/sobre#listItem","name":"In\u00edcio"}},{"@type":"ListItem","@id":"https:\/\/www.encontrabelohorizonte.com.br\/sobre\/aviao-faz-pouso-forcado-em-aeroporto-desativado-de-belo-horizonte\/#listItem","position":3,"name":"Avi\u00e3o faz pouso for\u00e7ado em aeroporto desativado de Belo Horizonte","previousItem":{"@type":"ListItem","@id":"https:\/\/www.encontrabelohorizonte.com.br\/sobre\/noticias\/#listItem","name":"Not\u00edcias Belo Horizonte"}}]},{"@type":"Organization","@id":"https:\/\/www.encontrabelohorizonte.com.br\/sobre\/#organization","name":"Encontra Belo Horizonte","description":"Not\u00edcias, eventos, informa\u00e7\u00f5es e dicas da cidade de Belo Horizonte e regi\u00e3o","url":"https:\/\/www.encontrabelohorizonte.com.br\/sobre\/"},{"@type":"Person","@id":"https:\/\/www.encontrabelohorizonte.com.br\/sobre\/author\/ebelohorizonte\/#author","url":"https:\/\/www.encontrabelohorizonte.com.br\/sobre\/author\/ebelohorizonte\/","name":"Encontra Belo Horizonte","image":{"@type":"ImageObject","@id":"https:\/\/www.encontrabelohorizonte.com.br\/sobre\/aviao-faz-pouso-forcado-em-aeroporto-desativado-de-belo-horizonte\/#authorImage","url":"https:\/\/secure.gravatar.com\/avatar\/507340682b8270222e1f208e23198b6ae7e2c6a1033ae84e99bc6bce4f82a387?s=96&d=mm&r=g","width":96,"height":96,"caption":"Encontra Belo Horizonte"}},{"@type":"WebPage","@id":"https:\/\/www.encontrabelohorizonte.com.br\/sobre\/aviao-faz-pouso-forcado-em-aeroporto-desativado-de-belo-horizonte\/#webpage","url":"https:\/\/www.encontrabelohorizonte.com.br\/sobre\/aviao-faz-pouso-forcado-em-aeroporto-desativado-de-belo-horizonte\/","name":"Avi\u00e3o faz pouso for\u00e7ado em aeroporto desativado de Belo Horizonte | Encontra Belo Horizonte","description":"Avi\u00e3o faz pouso for\u00e7ado em aeroporto desativado de BH, mas ningu\u00e9m se feriu.","inLanguage":"pt-BR","isPartOf":{"@id":"https:\/\/www.encontrabelohorizonte.com.br\/sobre\/#website"},"breadcrumb":{"@id":"https:\/\/www.encontrabelohorizonte.com.br\/sobre\/aviao-faz-pouso-forcado-em-aeroporto-desativado-de-belo-horizonte\/#breadcrumblist"},"author":{"@id":"https:\/\/www.encontrabelohorizonte.com.br\/sobre\/author\/ebelohorizonte\/#author"},"creator":{"@id":"https:\/\/www.encontrabelohorizonte.com.br\/sobre\/author\/ebelohorizonte\/#author"},"image":{"@type":"ImageObject","url":"https:\/\/www.encontrabelohorizonte.com.br\/sobre\/wp-content\/uploads\/aviao-faz-pouso-forcado-em-aeroporto-desativado-de-belo-horizonte.webp","@id":"https:\/\/www.encontrabelohorizonte.com.br\/sobre\/aviao-faz-pouso-forcado-em-aeroporto-desativado-de-belo-horizonte\/#mainImage","width":280,"height":280},"primaryImageOfPage":{"@id":"https:\/\/www.encontrabelohorizonte.com.br\/sobre\/aviao-faz-pouso-forcado-em-aeroporto-desativado-de-belo-horizonte\/#mainImage"},"datePublished":"2026-07-28T06:02:17-03:00","dateModified":"2026-07-28T06:02:17-03:00"},{"@type":"WebSite","@id":"https:\/\/www.encontrabelohorizonte.com.br\/sobre\/#website","url":"https:\/\/www.encontrabelohorizonte.com.br\/sobre\/","name":"Encontra Belo Horizonte","description":"Not\u00edcias, eventos, informa\u00e7\u00f5es e dicas da cidade de Belo Horizonte e regi\u00e3o","inLanguage":"pt-BR","publisher":{"@id":"https:\/\/www.encontrabelohorizonte.com.br\/sobre\/#organization"}}]},"og:locale":"pt_BR","og:site_name":"Encontra Belo Horizonte | Not\u00edcias, eventos, informa\u00e7\u00f5es e dicas da cidade de Belo Horizonte e regi\u00e3o","og:type":"article","og:title":"Avi\u00e3o faz pouso for\u00e7ado em aeroporto desativado de Belo Horizonte | Encontra Belo Horizonte","og:description":"Avi\u00e3o faz pouso for\u00e7ado em aeroporto desativado de BH, mas ningu\u00e9m se feriu.","og:url":"https:\/\/www.encontrabelohorizonte.com.br\/sobre\/aviao-faz-pouso-forcado-em-aeroporto-desativado-de-belo-horizonte\/","article:published_time":"2026-07-28T09:02:17+00:00","article:modified_time":"2026-07-28T09:02:17+00:00","twitter:card":"summary","twitter:title":"Avi\u00e3o faz pouso for\u00e7ado em aeroporto desativado de Belo Horizonte | Encontra Belo Horizonte","twitter:description":"Avi\u00e3o faz pouso for\u00e7ado em aeroporto desativado de BH, mas ningu\u00e9m se feriu."},"aioseo_meta_data":{"post_id":"4479","title":null,"description":null,"keywords":null,"keyphrases":null,"primary_term":null,"canonical_url":null,"og_title":null,"og_description":null,"og_object_type":"default","og_image_type":"default","og_image_url":null,"og_image_width":null,"og_image_height":null,"og_image_custom_url":null,"og_image_custom_fields":null,"og_video":null,"og_custom_url":null,"og_article_section":null,"og_article_tags":null,"twitter_use_og":false,"twitter_card":"default","twitter_image_type":"default","twitter_image_url":null,"twitter_image_custom_url":null,"twitter_image_custom_fields":null,"twitter_title":null,"twitter_description":null,"schema":{"blockGraphs":[],"customGraphs":[],"default":{"data":{"Article":[],"Course":[],"Dataset":[],"FAQPage":[],"Movie":[],"Person":[],"Product":[],"ProductReview":[],"Car":[],"Recipe":[],"Service":[],"SoftwareApplication":[],"WebPage":[]},"graphName":"Article","isEnabled":true},"graphs":[]},"schema_type":"default","schema_type_options":null,"pillar_content":false,"robots_default":true,"robots_noindex":false,"robots_noarchive":false,"robots_nosnippet":false,"robots_nofollow":false,"robots_noimageindex":false,"robots_noodp":false,"robots_notranslate":false,"robots_max_snippet":null,"robots_max_videopreview":null,"robots_max_imagepreview":"large","priority":null,"frequency":null,"local_seo":null,"breadcrumb_settings":null,"limit_modified_date":false,"ai":null,"created":"2026-07-28 09:02:19","updated":"2026-07-28 09:02:43","focus_keyword":null,"additional_keywords":null,"truseo_locale":null,"seo_analyzer_scan_date":null},"aioseo_breadcrumb":"<div class=\"aioseo-breadcrumbs\"><span class=\"aioseo-breadcrumb\">\n\t\t\t<a href=\"https:\/\/www.encontrabelohorizonte.com.br\/sobre\" title=\"In\u00edcio\">In\u00edcio<\/a>\n\t\t<\/span><span class=\"aioseo-breadcrumb-separator\">&raquo;<\/span><span class=\"aioseo-breadcrumb\">\n\t\t\t<a href=\"https:\/\/www.encontrabelohorizonte.com.br\/sobre\/noticias\/\" title=\"Not\u00edcias Belo Horizonte\">Not\u00edcias Belo Horizonte<\/a>\n\t\t<\/span><span class=\"aioseo-breadcrumb-separator\">&raquo;<\/span><span class=\"aioseo-breadcrumb\">\n\t\t\tAvi\u00e3o faz pouso for\u00e7ado em aeroporto desativado de Belo Horizonte\n\t\t<\/span><\/div>","aioseo_breadcrumb_json":[{"label":"In\u00edcio","link":"https:\/\/www.encontrabelohorizonte.com.br\/sobre"},{"label":"Not\u00edcias Belo Horizonte","link":"https:\/\/www.encontrabelohorizonte.com.br\/sobre\/noticias\/"},{"label":"Avi\u00e3o faz pouso for\u00e7ado em aeroporto desativado de Belo Horizonte","link":"https:\/\/www.encontrabelohorizonte.com.br\/sobre\/aviao-faz-pouso-forcado-em-aeroporto-desativado-de-belo-horizonte\/"}],"_links":{"self":[{"href":"https:\/\/www.encontrabelohorizonte.com.br\/sobre\/wp-json\/wp\/v2\/posts\/4479","targetHints":{"allow":["GET"]}}],"collection":[{"href":"https:\/\/www.encontrabelohorizonte.com.br\/sobre\/wp-json\/wp\/v2\/posts"}],"about":[{"href":"https:\/\/www.encontrabelohorizonte.com.br\/sobre\/wp-json\/wp\/v2\/types\/post"}],"author":[{"embeddable":true,"href":"https:\/\/www.encontrabelohorizonte.com.br\/sobre\/wp-json\/wp\/v2\/users\/1"}],"replies":[{"embeddable":true,"href":"https:\/\/www.encontrabelohorizonte.com.br\/sobre\/wp-json\/wp\/v2\/comments?post=4479"}],"version-history":[{"count":0,"href":"https:\/\/www.encontrabelohorizonte.com.br\/sobre\/wp-json\/wp\/v2\/posts\/4479\/revisions"}],"wp:featuredmedia":[{"embeddable":true,"href":"https:\/\/www.encontrabelohorizonte.com.br\/sobre\/wp-json\/wp\/v2\/media\/4478"}],"wp:attachment":[{"href":"https:\/\/www.encontrabelohorizonte.com.br\/sobre\/wp-json\/wp\/v2\/media?parent=4479"}],"wp:term":[{"taxonomy":"category","embeddable":true,"href":"https:\/\/www.encontrabelohorizonte.com.br\/sobre\/wp-json\/wp\/v2\/categories?post=4479"},{"taxonomy":"post_tag","embeddable":true,"href":"https:\/\/www.encontrabelohorizonte.com.br\/sobre\/wp-json\/wp\/v2\/tags?post=4479"}],"curies":[{"name":"wp","href":"https:\/\/api.w.org\/{rel}","templated":true}]}}