{"id":4485,"date":"2026-07-28T21:03:44","date_gmt":"2026-07-29T00:03:44","guid":{"rendered":"https:\/\/www.encontrabelohorizonte.com.br\/sobre\/ceu-aberto-e-baixa-umidade-veja-previsao-para-semana-em-belo-horizonte\/"},"modified":"2026-07-28T21:03:44","modified_gmt":"2026-07-29T00:03:44","slug":"ceu-aberto-e-baixa-umidade-veja-previsao-para-semana-em-belo-horizonte","status":"publish","type":"post","link":"https:\/\/www.encontrabelohorizonte.com.br\/sobre\/ceu-aberto-e-baixa-umidade-veja-previsao-para-semana-em-belo-horizonte\/","title":{"rendered":"C\u00e9u aberto e baixa umidade: veja previs\u00e3o para semana em Belo Horizonte"},"content":{"rendered":"<div class=\"2e083cf0b19e2c11948dc6ac054ba979\" data-index=\"1\" style=\"float: none; margin:0px;\">\n<!-- Anuncio display - global -->\r\n<ins class=\"adsbygoogle\"\r\n     style=\"display:block\"\r\n     data-ad-client=\"ca-pub-8585364105181520\"\r\n     data-ad-slot=\"8789329856\"\r\n     data-ad-format=\"auto\"\r\n     data-full-width-responsive=\"true\"><\/ins>\r\n<script>\r\n     (adsbygoogle = window.adsbygoogle || []).push({});\r\n<\/script>\n<\/div>\n<h2>Cen\u00e1rio Clim\u00e1tico em Belo Horizonte<\/h2>\n<p>A capital de Minas Gerais, Belo Horizonte, est\u00e1 prestes a viver uma semana com predomin\u00e2ncia de c\u00e9u limpo e umidade do ar bastante baixa. De segunda a domingo, as temperaturas devem variar significativamente, com m\u00ednimas esperadas em torno de 15\u00b0C e m\u00e1ximas que podem chegar a 33\u00b0C. O cen\u00e1rio se mostra t\u00edpico do inverno na regi\u00e3o, onde os dias ensolarados se destacam.<\/p>\n<h2>Temperaturas Durante a Semana<\/h2>\n<p>A previs\u00e3o de temperatura para cada dia da semana \u00e9 a seguinte:<\/p>\n<ul>\n<li><strong>Segunda-feira, 27 de julho:<\/strong> m\u00ednima de 16\u00b0C e m\u00e1xima de 27\u00b0C.<\/li>\n<li><strong>Ter\u00e7a-feira, 28 de julho:<\/strong> m\u00ednima de 15\u00b0C e m\u00e1xima de 29\u00b0C.<\/li>\n<li><strong>Quarta-feira, 29 de julho:<\/strong> m\u00ednima de 16\u00b0C e m\u00e1xima de 31\u00b0C.<\/li>\n<li><strong>Quinta-feira, 30 de julho:<\/strong> m\u00ednima de 19\u00b0C e m\u00e1xima de 33\u00b0C.<\/li>\n<li><strong>Sexta-feira, 31 de julho:<\/strong> m\u00ednima de 19\u00b0C e m\u00e1xima de 28\u00b0C.<\/li>\n<li><strong>S\u00e1bado, 01 de agosto:<\/strong> m\u00ednima de 16\u00b0C e m\u00e1xima de 27\u00b0C.<\/li>\n<li><strong>Domingo, 02 de agosto:<\/strong> m\u00ednima de 15\u00b0C e m\u00e1xima de 28\u00b0C.<\/li>\n<\/ul>\n<h2>Previs\u00e3o de Chuva para Sexta-Feira<\/h2>\n<p>Embora a previs\u00e3o geral indique dias secos e est\u00e1veis, a sexta-feira, 31 de julho, se destaca como a exce\u00e7\u00e3o. Existe uma probabilidade de 65% para chuvas leves, com um volume estimado de 0,88 mm. Este pequeno volume de chuva representa uma mudan\u00e7a ben\u00e9fica para a umidade da regi\u00e3o, que permanecer\u00e1 abaixo de n\u00edveis confort\u00e1veis durante a semana.<\/p>\n<p><img decoding=\"async\" src=\"https:\/\/www.encontrabelohorizonte.com.br\/sobre\/wp-content\/uploads\/ceu-aberto-e-baixa-umidade-veja-previsao-para-semana-em-belo-horizonte.webp\" alt=\"previs\u00e3o do tempo em Belo Horizonte\" loading=\"lazy\" \/><\/p>\n<h2>Impacto da Baixa Umidade na Sa\u00fade<\/h2>\n<p>A baixa umidade relativa do ar pode afetar a sa\u00fade, principalmente para pessoas com condi\u00e7\u00f5es respirat\u00f3rias. Os \u00edndices de umidade que se aproximam de 21%, como previsto para quinta-feira, podem causar desconforto e problemas respirat\u00f3rios. \u00c9 importante manter-se bem hidratado e tomar cuidados adicionais, especialmente se voc\u00ea sofre de alergias ou asma.<\/p>\n<h2>Cuidados com os Raios UV<\/h2>\n<p>Os indices de radia\u00e7\u00e3o ultravioleta (UV) durante a semana estar\u00e3o alto, especialmente na quarta-feira, quando o valor atinge 8,41. Isso aponta a necessidade de cuidados redobrados ao se expor ao sol. Prote\u00e7\u00f5es como o uso de protetor solar, \u00f3culos escuros e chap\u00e9us s\u00e3o recomendados para evitar queimaduras solares e poss\u00edveis problemas de pele.<\/p>\n<h2>Melhores Atividades para Dias de Ver\u00e3o<\/h2>\n<p>Com o c\u00e9u aberto, esta \u00e9 uma \u00f3tima oportunidade para aproveitar atividades ao ar livre. Algumas sugest\u00f5es incluem:<\/p>\n<ul>\n<li>Realizar caminhadas ou passeios em parques.<\/li>\n<li>Fazer piqueniques em \u00e1reas verdes com fam\u00edlia e amigos.<\/li>\n<li>Correr ou andar de bicicleta em ciclovias urbanas.<\/li>\n<li>Fazer atividades de ioga ou medita\u00e7\u00e3o no parque para relaxar.<\/li>\n<\/ul>\n<h2>Dicas para Hidrata\u00e7\u00e3o em Dias Quentes<\/h2>\n<p>Em dias quentes, como os previstos para Belo Horizonte, manter-se hidratado \u00e9 essencial. Aqui est\u00e3o algumas dicas:<\/p>\n<ul>\n<li>Beba \u00e1gua frequentemente, mesmo antes de sentir sede.<\/li>\n<li>Consuma frutas ricas em \u00e1gua, como melancia, abacaxi e laranja.<\/li>\n<li>Evite bebidas com cafe\u00edna e \u00e1lcool, que podem desidratar.<\/li>\n<li>Leve sempre uma garrafinha de \u00e1gua quando sair para atividades ao ar livre.<\/li>\n<\/ul>\n<h2>Como Aproveitar o C\u00e9u Aberto<\/h2>\n<p>O c\u00e9u claro oferece uma excelente oportunidade para desfrutar o que a natureza tem a oferecer. Algumas maneiras de tirar proveito de dias ensolarados incluem:<\/p>\n<ul>\n<li>Visitar pontos tur\u00edsticos ao ar livre, como pra\u00e7as e feiras.<\/li>\n<li>Programar um dia em fam\u00edlia em uma cachoeira ou lago.<\/li>\n<li>Participar de eventos culturais ao ar livre, como apresenta\u00e7\u00f5es ou festivais.<\/li>\n<li>Explorar trilhas e s\u00edtios hist\u00f3ricos nas redondezas.<\/li>\n<\/ul>\n<h2>A Import\u00e2ncia do Clima em Belo Horizonte<\/h2>\n<p>O clima da cidade \u00e9 fundamental n\u00e3o apenas para o bem-estar dos habitantes mas tamb\u00e9m para a economia local, que depende de atividades como turismo e com\u00e9rcio. Este clima seco e ensolarado, t\u00edpico do inverno, permite a realiza\u00e7\u00e3o de diversas atividades, desde feiras at\u00e9 eventos culturais, contribuindo para o fortalecimento da comunidade.<\/p>\n<h2>Atividades ao Ar Livre em BH<\/h2>\n<p>Belo Horizonte oferece uma gama de op\u00e7\u00f5es para quem gosta de se manter ativo ao ar livre. Al\u00e9m das caminhadas e exerc\u00edcios, eventos esportivos praticados em pra\u00e7as e parques s\u00e3o bastante comuns. Para quem aprecia cultura, v\u00e1rias iniciativas, como exposi\u00e7\u00f5es e festivais, s\u00e3o organizadas, aproveitando o clima agrad\u00e1vel para atrair visitantes.<\/p>\n\n<div style=\"font-size: 0px; height: 0px; line-height: 0px; margin: 0; padding: 0; clear: both;\"><\/div>","protected":false},"excerpt":{"rendered":"<p>C\u00e9u aberto e baixa umidade dominar\u00e3o a semana em Belo Horizonte.<\/p>\n","protected":false},"author":1,"featured_media":4484,"comment_status":"closed","ping_status":"closed","sticky":false,"template":"","format":"standard","meta":{"footnotes":""},"categories":[6],"tags":[],"class_list":["post-4485","post","type-post","status-publish","format-standard","has-post-thumbnail","hentry","category-noticias","has_thumb"],"aioseo_notices":[],"aioseo_head":"\n\t\t<!-- All in One SEO 5.0.0.1 - aioseo.com -->\n\t<meta name=\"description\" content=\"C\u00e9u aberto e baixa umidade dominar\u00e3o a semana em Belo Horizonte.\" \/>\n\t<meta name=\"robots\" content=\"max-image-preview:large\" \/>\n\t<meta name=\"author\" content=\"Encontra Belo Horizonte\"\/>\n\t<link rel=\"canonical\" href=\"https:\/\/www.encontrabelohorizonte.com.br\/sobre\/ceu-aberto-e-baixa-umidade-veja-previsao-para-semana-em-belo-horizonte\/\" \/>\n\t<meta name=\"generator\" content=\"All in One SEO (AIOSEO) 5.0.0.1\" \/>\n\t\t<meta property=\"og:locale\" content=\"pt_BR\" \/>\n\t\t<meta property=\"og:site_name\" content=\"Encontra Belo Horizonte | Not\u00edcias, eventos, informa\u00e7\u00f5es e dicas da cidade de Belo Horizonte e regi\u00e3o\" \/>\n\t\t<meta property=\"og:type\" content=\"article\" \/>\n\t\t<meta property=\"og:title\" content=\"C\u00e9u aberto e baixa umidade: veja previs\u00e3o para semana em Belo Horizonte | Encontra Belo Horizonte\" \/>\n\t\t<meta property=\"og:description\" content=\"C\u00e9u aberto e baixa umidade dominar\u00e3o a semana em Belo Horizonte.\" \/>\n\t\t<meta property=\"og:url\" content=\"https:\/\/www.encontrabelohorizonte.com.br\/sobre\/ceu-aberto-e-baixa-umidade-veja-previsao-para-semana-em-belo-horizonte\/\" \/>\n\t\t<meta property=\"article:published_time\" content=\"2026-07-29T00:03:44+00:00\" \/>\n\t\t<meta property=\"article:modified_time\" content=\"2026-07-29T00:03:44+00:00\" \/>\n\t\t<meta name=\"twitter:card\" content=\"summary\" \/>\n\t\t<meta name=\"twitter:title\" content=\"C\u00e9u aberto e baixa umidade: veja previs\u00e3o para semana em Belo Horizonte | Encontra Belo Horizonte\" \/>\n\t\t<meta name=\"twitter:description\" content=\"C\u00e9u aberto e baixa umidade dominar\u00e3o a semana em Belo Horizonte.\" \/>\n\t\t<script type=\"application\/ld+json\" class=\"aioseo-schema\">\n\t\t\t{\"@context\":\"https:\\\/\\\/schema.org\",\"@graph\":[{\"@type\":\"Article\",\"@id\":\"https:\\\/\\\/www.encontrabelohorizonte.com.br\\\/sobre\\\/ceu-aberto-e-baixa-umidade-veja-previsao-para-semana-em-belo-horizonte\\\/#article\",\"name\":\"C\\u00e9u aberto e baixa umidade: veja previs\\u00e3o para semana em Belo Horizonte | Encontra Belo Horizonte\",\"headline\":\"C\\u00e9u aberto e baixa umidade: veja previs\\u00e3o para semana em Belo Horizonte\",\"author\":{\"@id\":\"https:\\\/\\\/www.encontrabelohorizonte.com.br\\\/sobre\\\/author\\\/ebelohorizonte\\\/#author\"},\"publisher\":{\"@id\":\"https:\\\/\\\/www.encontrabelohorizonte.com.br\\\/sobre\\\/#organization\"},\"image\":{\"@type\":\"ImageObject\",\"url\":\"https:\\\/\\\/www.encontrabelohorizonte.com.br\\\/sobre\\\/wp-content\\\/uploads\\\/ceu-aberto-e-baixa-umidade-veja-previsao-para-semana-em-belo-horizonte.webp\",\"width\":280,\"height\":280,\"caption\":\"previs\\u00e3o do tempo em Belo Horizonte\"},\"datePublished\":\"2026-07-28T21:03:44-03:00\",\"dateModified\":\"2026-07-28T21:03:44-03:00\",\"inLanguage\":\"pt-BR\",\"mainEntityOfPage\":{\"@id\":\"https:\\\/\\\/www.encontrabelohorizonte.com.br\\\/sobre\\\/ceu-aberto-e-baixa-umidade-veja-previsao-para-semana-em-belo-horizonte\\\/#webpage\"},\"isPartOf\":{\"@id\":\"https:\\\/\\\/www.encontrabelohorizonte.com.br\\\/sobre\\\/ceu-aberto-e-baixa-umidade-veja-previsao-para-semana-em-belo-horizonte\\\/#webpage\"},\"articleSection\":\"Not\\u00edcias Belo Horizonte\"},{\"@type\":\"BreadcrumbList\",\"@id\":\"https:\\\/\\\/www.encontrabelohorizonte.com.br\\\/sobre\\\/ceu-aberto-e-baixa-umidade-veja-previsao-para-semana-em-belo-horizonte\\\/#breadcrumblist\",\"itemListElement\":[{\"@type\":\"ListItem\",\"@id\":\"https:\\\/\\\/www.encontrabelohorizonte.com.br\\\/sobre#listItem\",\"position\":1,\"name\":\"In\\u00edcio\",\"item\":\"https:\\\/\\\/www.encontrabelohorizonte.com.br\\\/sobre\",\"nextItem\":{\"@type\":\"ListItem\",\"@id\":\"https:\\\/\\\/www.encontrabelohorizonte.com.br\\\/sobre\\\/noticias\\\/#listItem\",\"name\":\"Not\\u00edcias Belo Horizonte\"}},{\"@type\":\"ListItem\",\"@id\":\"https:\\\/\\\/www.encontrabelohorizonte.com.br\\\/sobre\\\/noticias\\\/#listItem\",\"position\":2,\"name\":\"Not\\u00edcias Belo Horizonte\",\"item\":\"https:\\\/\\\/www.encontrabelohorizonte.com.br\\\/sobre\\\/noticias\\\/\",\"nextItem\":{\"@type\":\"ListItem\",\"@id\":\"https:\\\/\\\/www.encontrabelohorizonte.com.br\\\/sobre\\\/ceu-aberto-e-baixa-umidade-veja-previsao-para-semana-em-belo-horizonte\\\/#listItem\",\"name\":\"C\\u00e9u aberto e baixa umidade: veja previs\\u00e3o para semana em Belo Horizonte\"},\"previousItem\":{\"@type\":\"ListItem\",\"@id\":\"https:\\\/\\\/www.encontrabelohorizonte.com.br\\\/sobre#listItem\",\"name\":\"In\\u00edcio\"}},{\"@type\":\"ListItem\",\"@id\":\"https:\\\/\\\/www.encontrabelohorizonte.com.br\\\/sobre\\\/ceu-aberto-e-baixa-umidade-veja-previsao-para-semana-em-belo-horizonte\\\/#listItem\",\"position\":3,\"name\":\"C\\u00e9u aberto e baixa umidade: veja previs\\u00e3o para semana em Belo Horizonte\",\"previousItem\":{\"@type\":\"ListItem\",\"@id\":\"https:\\\/\\\/www.encontrabelohorizonte.com.br\\\/sobre\\\/noticias\\\/#listItem\",\"name\":\"Not\\u00edcias Belo Horizonte\"}}]},{\"@type\":\"Organization\",\"@id\":\"https:\\\/\\\/www.encontrabelohorizonte.com.br\\\/sobre\\\/#organization\",\"name\":\"Encontra Belo Horizonte\",\"description\":\"Not\\u00edcias, eventos, informa\\u00e7\\u00f5es e dicas da cidade de Belo Horizonte e regi\\u00e3o\",\"url\":\"https:\\\/\\\/www.encontrabelohorizonte.com.br\\\/sobre\\\/\"},{\"@type\":\"Person\",\"@id\":\"https:\\\/\\\/www.encontrabelohorizonte.com.br\\\/sobre\\\/author\\\/ebelohorizonte\\\/#author\",\"url\":\"https:\\\/\\\/www.encontrabelohorizonte.com.br\\\/sobre\\\/author\\\/ebelohorizonte\\\/\",\"name\":\"Encontra Belo Horizonte\",\"image\":{\"@type\":\"ImageObject\",\"@id\":\"https:\\\/\\\/www.encontrabelohorizonte.com.br\\\/sobre\\\/ceu-aberto-e-baixa-umidade-veja-previsao-para-semana-em-belo-horizonte\\\/#authorImage\",\"url\":\"https:\\\/\\\/secure.gravatar.com\\\/avatar\\\/507340682b8270222e1f208e23198b6ae7e2c6a1033ae84e99bc6bce4f82a387?s=96&d=mm&r=g\",\"width\":96,\"height\":96,\"caption\":\"Encontra Belo Horizonte\"}},{\"@type\":\"WebPage\",\"@id\":\"https:\\\/\\\/www.encontrabelohorizonte.com.br\\\/sobre\\\/ceu-aberto-e-baixa-umidade-veja-previsao-para-semana-em-belo-horizonte\\\/#webpage\",\"url\":\"https:\\\/\\\/www.encontrabelohorizonte.com.br\\\/sobre\\\/ceu-aberto-e-baixa-umidade-veja-previsao-para-semana-em-belo-horizonte\\\/\",\"name\":\"C\\u00e9u aberto e baixa umidade: veja previs\\u00e3o para semana em Belo Horizonte | Encontra Belo Horizonte\",\"description\":\"C\\u00e9u aberto e baixa umidade dominar\\u00e3o a semana em Belo Horizonte.\",\"inLanguage\":\"pt-BR\",\"isPartOf\":{\"@id\":\"https:\\\/\\\/www.encontrabelohorizonte.com.br\\\/sobre\\\/#website\"},\"breadcrumb\":{\"@id\":\"https:\\\/\\\/www.encontrabelohorizonte.com.br\\\/sobre\\\/ceu-aberto-e-baixa-umidade-veja-previsao-para-semana-em-belo-horizonte\\\/#breadcrumblist\"},\"author\":{\"@id\":\"https:\\\/\\\/www.encontrabelohorizonte.com.br\\\/sobre\\\/author\\\/ebelohorizonte\\\/#author\"},\"creator\":{\"@id\":\"https:\\\/\\\/www.encontrabelohorizonte.com.br\\\/sobre\\\/author\\\/ebelohorizonte\\\/#author\"},\"image\":{\"@type\":\"ImageObject\",\"url\":\"https:\\\/\\\/www.encontrabelohorizonte.com.br\\\/sobre\\\/wp-content\\\/uploads\\\/ceu-aberto-e-baixa-umidade-veja-previsao-para-semana-em-belo-horizonte.webp\",\"@id\":\"https:\\\/\\\/www.encontrabelohorizonte.com.br\\\/sobre\\\/ceu-aberto-e-baixa-umidade-veja-previsao-para-semana-em-belo-horizonte\\\/#mainImage\",\"width\":280,\"height\":280,\"caption\":\"previs\\u00e3o do tempo em Belo Horizonte\"},\"primaryImageOfPage\":{\"@id\":\"https:\\\/\\\/www.encontrabelohorizonte.com.br\\\/sobre\\\/ceu-aberto-e-baixa-umidade-veja-previsao-para-semana-em-belo-horizonte\\\/#mainImage\"},\"datePublished\":\"2026-07-28T21:03:44-03:00\",\"dateModified\":\"2026-07-28T21:03:44-03:00\"},{\"@type\":\"WebSite\",\"@id\":\"https:\\\/\\\/www.encontrabelohorizonte.com.br\\\/sobre\\\/#website\",\"url\":\"https:\\\/\\\/www.encontrabelohorizonte.com.br\\\/sobre\\\/\",\"name\":\"Encontra Belo Horizonte\",\"description\":\"Not\\u00edcias, eventos, informa\\u00e7\\u00f5es e dicas da cidade de Belo Horizonte e regi\\u00e3o\",\"inLanguage\":\"pt-BR\",\"publisher\":{\"@id\":\"https:\\\/\\\/www.encontrabelohorizonte.com.br\\\/sobre\\\/#organization\"}}]}\n\t\t<\/script>\n\t\t<!-- All in One SEO -->\n\n","aioseo_head_json":{"title":"C\u00e9u aberto e baixa umidade: veja previs\u00e3o para semana em Belo Horizonte | Encontra Belo Horizonte","description":"C\u00e9u aberto e baixa umidade dominar\u00e3o a semana em Belo Horizonte.","canonical_url":"https:\/\/www.encontrabelohorizonte.com.br\/sobre\/ceu-aberto-e-baixa-umidade-veja-previsao-para-semana-em-belo-horizonte\/","robots":"max-image-preview:large","keywords":"","webmasterTools":{"miscellaneous":""},"schema":{"@context":"https:\/\/schema.org","@graph":[{"@type":"Article","@id":"https:\/\/www.encontrabelohorizonte.com.br\/sobre\/ceu-aberto-e-baixa-umidade-veja-previsao-para-semana-em-belo-horizonte\/#article","name":"C\u00e9u aberto e baixa umidade: veja previs\u00e3o para semana em Belo Horizonte | Encontra Belo Horizonte","headline":"C\u00e9u aberto e baixa umidade: veja previs\u00e3o para semana em Belo Horizonte","author":{"@id":"https:\/\/www.encontrabelohorizonte.com.br\/sobre\/author\/ebelohorizonte\/#author"},"publisher":{"@id":"https:\/\/www.encontrabelohorizonte.com.br\/sobre\/#organization"},"image":{"@type":"ImageObject","url":"https:\/\/www.encontrabelohorizonte.com.br\/sobre\/wp-content\/uploads\/ceu-aberto-e-baixa-umidade-veja-previsao-para-semana-em-belo-horizonte.webp","width":280,"height":280,"caption":"previs\u00e3o do tempo em Belo Horizonte"},"datePublished":"2026-07-28T21:03:44-03:00","dateModified":"2026-07-28T21:03:44-03:00","inLanguage":"pt-BR","mainEntityOfPage":{"@id":"https:\/\/www.encontrabelohorizonte.com.br\/sobre\/ceu-aberto-e-baixa-umidade-veja-previsao-para-semana-em-belo-horizonte\/#webpage"},"isPartOf":{"@id":"https:\/\/www.encontrabelohorizonte.com.br\/sobre\/ceu-aberto-e-baixa-umidade-veja-previsao-para-semana-em-belo-horizonte\/#webpage"},"articleSection":"Not\u00edcias Belo Horizonte"},{"@type":"BreadcrumbList","@id":"https:\/\/www.encontrabelohorizonte.com.br\/sobre\/ceu-aberto-e-baixa-umidade-veja-previsao-para-semana-em-belo-horizonte\/#breadcrumblist","itemListElement":[{"@type":"ListItem","@id":"https:\/\/www.encontrabelohorizonte.com.br\/sobre#listItem","position":1,"name":"In\u00edcio","item":"https:\/\/www.encontrabelohorizonte.com.br\/sobre","nextItem":{"@type":"ListItem","@id":"https:\/\/www.encontrabelohorizonte.com.br\/sobre\/noticias\/#listItem","name":"Not\u00edcias Belo Horizonte"}},{"@type":"ListItem","@id":"https:\/\/www.encontrabelohorizonte.com.br\/sobre\/noticias\/#listItem","position":2,"name":"Not\u00edcias Belo Horizonte","item":"https:\/\/www.encontrabelohorizonte.com.br\/sobre\/noticias\/","nextItem":{"@type":"ListItem","@id":"https:\/\/www.encontrabelohorizonte.com.br\/sobre\/ceu-aberto-e-baixa-umidade-veja-previsao-para-semana-em-belo-horizonte\/#listItem","name":"C\u00e9u aberto e baixa umidade: veja previs\u00e3o para semana em Belo Horizonte"},"previousItem":{"@type":"ListItem","@id":"https:\/\/www.encontrabelohorizonte.com.br\/sobre#listItem","name":"In\u00edcio"}},{"@type":"ListItem","@id":"https:\/\/www.encontrabelohorizonte.com.br\/sobre\/ceu-aberto-e-baixa-umidade-veja-previsao-para-semana-em-belo-horizonte\/#listItem","position":3,"name":"C\u00e9u aberto e baixa umidade: veja previs\u00e3o para semana em Belo Horizonte","previousItem":{"@type":"ListItem","@id":"https:\/\/www.encontrabelohorizonte.com.br\/sobre\/noticias\/#listItem","name":"Not\u00edcias Belo Horizonte"}}]},{"@type":"Organization","@id":"https:\/\/www.encontrabelohorizonte.com.br\/sobre\/#organization","name":"Encontra Belo Horizonte","description":"Not\u00edcias, eventos, informa\u00e7\u00f5es e dicas da cidade de Belo Horizonte e regi\u00e3o","url":"https:\/\/www.encontrabelohorizonte.com.br\/sobre\/"},{"@type":"Person","@id":"https:\/\/www.encontrabelohorizonte.com.br\/sobre\/author\/ebelohorizonte\/#author","url":"https:\/\/www.encontrabelohorizonte.com.br\/sobre\/author\/ebelohorizonte\/","name":"Encontra Belo Horizonte","image":{"@type":"ImageObject","@id":"https:\/\/www.encontrabelohorizonte.com.br\/sobre\/ceu-aberto-e-baixa-umidade-veja-previsao-para-semana-em-belo-horizonte\/#authorImage","url":"https:\/\/secure.gravatar.com\/avatar\/507340682b8270222e1f208e23198b6ae7e2c6a1033ae84e99bc6bce4f82a387?s=96&d=mm&r=g","width":96,"height":96,"caption":"Encontra Belo Horizonte"}},{"@type":"WebPage","@id":"https:\/\/www.encontrabelohorizonte.com.br\/sobre\/ceu-aberto-e-baixa-umidade-veja-previsao-para-semana-em-belo-horizonte\/#webpage","url":"https:\/\/www.encontrabelohorizonte.com.br\/sobre\/ceu-aberto-e-baixa-umidade-veja-previsao-para-semana-em-belo-horizonte\/","name":"C\u00e9u aberto e baixa umidade: veja previs\u00e3o para semana em Belo Horizonte | Encontra Belo Horizonte","description":"C\u00e9u aberto e baixa umidade dominar\u00e3o a semana em Belo Horizonte.","inLanguage":"pt-BR","isPartOf":{"@id":"https:\/\/www.encontrabelohorizonte.com.br\/sobre\/#website"},"breadcrumb":{"@id":"https:\/\/www.encontrabelohorizonte.com.br\/sobre\/ceu-aberto-e-baixa-umidade-veja-previsao-para-semana-em-belo-horizonte\/#breadcrumblist"},"author":{"@id":"https:\/\/www.encontrabelohorizonte.com.br\/sobre\/author\/ebelohorizonte\/#author"},"creator":{"@id":"https:\/\/www.encontrabelohorizonte.com.br\/sobre\/author\/ebelohorizonte\/#author"},"image":{"@type":"ImageObject","url":"https:\/\/www.encontrabelohorizonte.com.br\/sobre\/wp-content\/uploads\/ceu-aberto-e-baixa-umidade-veja-previsao-para-semana-em-belo-horizonte.webp","@id":"https:\/\/www.encontrabelohorizonte.com.br\/sobre\/ceu-aberto-e-baixa-umidade-veja-previsao-para-semana-em-belo-horizonte\/#mainImage","width":280,"height":280,"caption":"previs\u00e3o do tempo em Belo Horizonte"},"primaryImageOfPage":{"@id":"https:\/\/www.encontrabelohorizonte.com.br\/sobre\/ceu-aberto-e-baixa-umidade-veja-previsao-para-semana-em-belo-horizonte\/#mainImage"},"datePublished":"2026-07-28T21:03:44-03:00","dateModified":"2026-07-28T21:03:44-03:00"},{"@type":"WebSite","@id":"https:\/\/www.encontrabelohorizonte.com.br\/sobre\/#website","url":"https:\/\/www.encontrabelohorizonte.com.br\/sobre\/","name":"Encontra Belo Horizonte","description":"Not\u00edcias, eventos, informa\u00e7\u00f5es e dicas da cidade de Belo Horizonte e regi\u00e3o","inLanguage":"pt-BR","publisher":{"@id":"https:\/\/www.encontrabelohorizonte.com.br\/sobre\/#organization"}}]},"og:locale":"pt_BR","og:site_name":"Encontra Belo Horizonte | Not\u00edcias, eventos, informa\u00e7\u00f5es e dicas da cidade de Belo Horizonte e regi\u00e3o","og:type":"article","og:title":"C\u00e9u aberto e baixa umidade: veja previs\u00e3o para semana em Belo Horizonte | Encontra Belo Horizonte","og:description":"C\u00e9u aberto e baixa umidade dominar\u00e3o a semana em Belo Horizonte.","og:url":"https:\/\/www.encontrabelohorizonte.com.br\/sobre\/ceu-aberto-e-baixa-umidade-veja-previsao-para-semana-em-belo-horizonte\/","article:published_time":"2026-07-29T00:03:44+00:00","article:modified_time":"2026-07-29T00:03:44+00:00","twitter:card":"summary","twitter:title":"C\u00e9u aberto e baixa umidade: veja previs\u00e3o para semana em Belo Horizonte | Encontra Belo Horizonte","twitter:description":"C\u00e9u aberto e baixa umidade dominar\u00e3o a semana em Belo Horizonte."},"aioseo_meta_data":{"post_id":"4485","title":null,"description":null,"keywords":null,"keyphrases":null,"primary_term":null,"canonical_url":null,"og_title":null,"og_description":null,"og_object_type":"default","og_image_type":"default","og_image_url":null,"og_image_width":null,"og_image_height":null,"og_image_custom_url":null,"og_image_custom_fields":null,"og_video":null,"og_custom_url":null,"og_article_section":null,"og_article_tags":null,"twitter_use_og":false,"twitter_card":"default","twitter_image_type":"default","twitter_image_url":null,"twitter_image_custom_url":null,"twitter_image_custom_fields":null,"twitter_title":null,"twitter_description":null,"schema":{"blockGraphs":[],"customGraphs":[],"default":{"data":{"Article":[],"Course":[],"Dataset":[],"FAQPage":[],"Movie":[],"Person":[],"Product":[],"ProductReview":[],"Car":[],"Recipe":[],"Service":[],"SoftwareApplication":[],"WebPage":[]},"graphName":"","isEnabled":true},"graphs":[]},"schema_type":"default","schema_type_options":null,"pillar_content":false,"robots_default":true,"robots_noindex":false,"robots_noarchive":false,"robots_nosnippet":false,"robots_nofollow":false,"robots_noimageindex":false,"robots_noodp":false,"robots_notranslate":false,"robots_max_snippet":null,"robots_max_videopreview":null,"robots_max_imagepreview":"large","priority":null,"frequency":null,"local_seo":null,"breadcrumb_settings":null,"limit_modified_date":false,"ai":null,"created":"2026-07-29 00:20:19","updated":"2026-07-29 00:20:19","focus_keyword":null,"additional_keywords":null,"truseo_locale":null,"seo_analyzer_scan_date":null},"aioseo_breadcrumb":"<div class=\"aioseo-breadcrumbs\"><span class=\"aioseo-breadcrumb\">\n\t\t\t<a href=\"https:\/\/www.encontrabelohorizonte.com.br\/sobre\" title=\"In\u00edcio\">In\u00edcio<\/a>\n\t\t<\/span><span class=\"aioseo-breadcrumb-separator\">&raquo;<\/span><span class=\"aioseo-breadcrumb\">\n\t\t\t<a href=\"https:\/\/www.encontrabelohorizonte.com.br\/sobre\/noticias\/\" title=\"Not\u00edcias Belo Horizonte\">Not\u00edcias Belo Horizonte<\/a>\n\t\t<\/span><span class=\"aioseo-breadcrumb-separator\">&raquo;<\/span><span class=\"aioseo-breadcrumb\">\n\t\t\tC\u00e9u aberto e baixa umidade: veja previs\u00e3o para semana em Belo Horizonte\n\t\t<\/span><\/div>","aioseo_breadcrumb_json":[{"label":"In\u00edcio","link":"https:\/\/www.encontrabelohorizonte.com.br\/sobre"},{"label":"Not\u00edcias Belo Horizonte","link":"https:\/\/www.encontrabelohorizonte.com.br\/sobre\/noticias\/"},{"label":"C\u00e9u aberto e baixa umidade: veja previs\u00e3o para semana em Belo Horizonte","link":"https:\/\/www.encontrabelohorizonte.com.br\/sobre\/ceu-aberto-e-baixa-umidade-veja-previsao-para-semana-em-belo-horizonte\/"}],"_links":{"self":[{"href":"https:\/\/www.encontrabelohorizonte.com.br\/sobre\/wp-json\/wp\/v2\/posts\/4485","targetHints":{"allow":["GET"]}}],"collection":[{"href":"https:\/\/www.encontrabelohorizonte.com.br\/sobre\/wp-json\/wp\/v2\/posts"}],"about":[{"href":"https:\/\/www.encontrabelohorizonte.com.br\/sobre\/wp-json\/wp\/v2\/types\/post"}],"author":[{"embeddable":true,"href":"https:\/\/www.encontrabelohorizonte.com.br\/sobre\/wp-json\/wp\/v2\/users\/1"}],"replies":[{"embeddable":true,"href":"https:\/\/www.encontrabelohorizonte.com.br\/sobre\/wp-json\/wp\/v2\/comments?post=4485"}],"version-history":[{"count":0,"href":"https:\/\/www.encontrabelohorizonte.com.br\/sobre\/wp-json\/wp\/v2\/posts\/4485\/revisions"}],"wp:featuredmedia":[{"embeddable":true,"href":"https:\/\/www.encontrabelohorizonte.com.br\/sobre\/wp-json\/wp\/v2\/media\/4484"}],"wp:attachment":[{"href":"https:\/\/www.encontrabelohorizonte.com.br\/sobre\/wp-json\/wp\/v2\/media?parent=4485"}],"wp:term":[{"taxonomy":"category","embeddable":true,"href":"https:\/\/www.encontrabelohorizonte.com.br\/sobre\/wp-json\/wp\/v2\/categories?post=4485"},{"taxonomy":"post_tag","embeddable":true,"href":"https:\/\/www.encontrabelohorizonte.com.br\/sobre\/wp-json\/wp\/v2\/tags?post=4485"}],"curies":[{"name":"wp","href":"https:\/\/api.w.org\/{rel}","templated":true}]}}