{"id":4491,"date":"2026-07-29T07:56:31","date_gmt":"2026-07-29T10:56:31","guid":{"rendered":"https:\/\/www.encontrabelohorizonte.com.br\/sobre\/banco-de-imagens\/"},"modified":"2026-07-29T07:56:31","modified_gmt":"2026-07-29T10:56:31","slug":"banco-de-imagens","status":"publish","type":"post","link":"https:\/\/www.encontrabelohorizonte.com.br\/sobre\/banco-de-imagens\/","title":{"rendered":"Banco de Imagens"},"content":{"rendered":"<div class=\"2e083cf0b19e2c11948dc6ac054ba979\" data-index=\"1\" style=\"float: none; margin:0px;\">\n<!-- Anuncio display - global -->\r\n<ins class=\"adsbygoogle\"\r\n     style=\"display:block\"\r\n     data-ad-client=\"ca-pub-8585364105181520\"\r\n     data-ad-slot=\"8789329856\"\r\n     data-ad-format=\"auto\"\r\n     data-full-width-responsive=\"true\"><\/ins>\r\n<script>\r\n     (adsbygoogle = window.adsbygoogle || []).push({});\r\n<\/script>\n<\/div>\n<h2>Hist\u00f3ria da Pra\u00e7a da Esta\u00e7\u00e3o<\/h2>\n<p>A Pra\u00e7a da Esta\u00e7\u00e3o, localizada no cora\u00e7\u00e3o de Belo Horizonte, \u00e9 muito mais do que um espa\u00e7o p\u00fablico; ela \u00e9 uma importante testemunha da hist\u00f3ria da cidade. Inaugurada em 1897, a pra\u00e7a foi projetada em torno da esta\u00e7\u00e3o ferrovi\u00e1ria que se tornou um s\u00edmbolo de progresso e desenvolvimento na \u00e9poca. A arquitetura neocl\u00e1ssica da esta\u00e7\u00e3o reflete a influ\u00eancia europeia e a busca por modernidade, caracterizando o esplendor da \u00e9poca.<\/p>\n<p>A hist\u00f3ria da Pra\u00e7a da Esta\u00e7\u00e3o est\u00e1 intrinsicamente ligada ao crescimento econ\u00f4mico e populacional de Belo Horizonte, que no final do s\u00e9culo XIX, viu um aumento significativo na movimenta\u00e7\u00e3o de pessoas e mercadorias. Com o passar dos anos, a pra\u00e7a se transformou em um local de encontro e celebra\u00e7\u00e3o. Durante o s\u00e9culo XX, passou por diversas modifica\u00e7\u00f5es, incluindo reformas e revitaliza\u00e7\u00f5es que buscaram preservar sua import\u00e2ncia cultural e hist\u00f3rica.<\/p>\n<h2>A Assembleia Legislativa de Minas Gerais<\/h2>\n<p>A Assembleia Legislativa de Minas Gerais (ALMG) ocupou um papel central na vida pol\u00edtica do estado desde sua funda\u00e7\u00e3o em 1835. Localizada em um edif\u00edcio imponente pr\u00f3ximo \u00e0 Pra\u00e7a da Esta\u00e7\u00e3o, a Assembleia \u00e9 respons\u00e1vel por legislar, fiscalizar e representar os cidad\u00e3os mineiros. O pr\u00e9dio hist\u00f3rico \u00e9 uma atra\u00e7\u00e3o por si s\u00f3, com sua arquitetura impressionante e rica hist\u00f3ria.<\/p>\n<p><img decoding=\"async\" src=\"https:\/\/www.encontrabelohorizonte.com.br\/sobre\/wp-content\/uploads\/banco-de-imagens.webp\" alt=\"Banco de Imagens\" loading=\"lazy\" \/><\/p>\n<p>A ALMG n\u00e3o \u00e9 apenas um espa\u00e7o administrativo; ela \u00e9 um ponto de refer\u00eancia para a hist\u00f3ria pol\u00edtica de Minas Gerais e um s\u00edmbolo de democracia. Diversas leis de impacto significativo foram discutidas e aprovadas neste espa\u00e7o, afetando diretamente a vida dos cidad\u00e3os. Al\u00e9m disso, a Assembleia promove uma s\u00e9rie de projetos e atividades culturais que visam aproximar a popula\u00e7\u00e3o das discuss\u00f5es pol\u00edticas, tornando-se um elo entre o governo e o povo.<\/p>\n<h2>Import\u00e2ncia do Banco de Imagens<\/h2>\n<p>O Banco de Imagens da ALMG \u00e9 uma ferramenta crucial para preservar e disseminar a mem\u00f3ria visual da Assembleia Legislativa e de eventos significativos de Minas Gerais. Este acervo fotogr\u00e1fico documenta n\u00e3o apenas a hist\u00f3ria pol\u00edtica do estado, mas tamb\u00e9m aspectos culturais e sociais, enriquecendo o patrim\u00f4nio hist\u00f3rico da regi\u00e3o.<\/p>\n<p>As imagens disponibilizadas s\u00e3o fontes valiosas para pesquisadores, jornalistas, estudantes e a comunidade em geral, permitindo a visualiza\u00e7\u00e3o de momentos marcantes da hist\u00f3ria mineira. Al\u00e9m disso, o banco de imagens evidencia a import\u00e2ncia da documenta\u00e7\u00e3o visual como um meio de preservar a nossa cultura e identidade.<\/p>\n<h2>Acessibilidade na ALMG<\/h2>\n<p>A ALMG se compromete a oferecer acesso a todos, garantindo que suas instala\u00e7\u00f5es e servi\u00e7os sejam inclusivos. A acessibilidade \u00e9 um pilar fundamental da gest\u00e3o da Assembleia, promovendo condi\u00e7\u00f5es adequadas para que todas as pessoas possam participar da vida p\u00fablica. Iniciativas incluem adapta\u00e7\u00f5es f\u00edsicas nos edif\u00edcios e a disponibiliza\u00e7\u00e3o de informa\u00e7\u00f5es em formatos acess\u00edveis.<\/p>\n<p>Al\u00e9m disso, a ALMG tem investido na cria\u00e7\u00e3o de conte\u00fados que garantem a plena participa\u00e7\u00e3o de pessoas com defici\u00eancia, facilitando o acesso a informa\u00e7\u00f5es e eventos. Isso n\u00e3o apenas reflete o compromisso da Assembleia com a inclus\u00e3o, mas tamb\u00e9m fortalece a cidadania ao dar voz e vez a todos os cidad\u00e3os mineiros.<\/p>\n<h2>Visite a Pra\u00e7a da Esta\u00e7\u00e3o<\/h2>\n<p>Visitar a Pra\u00e7a da Esta\u00e7\u00e3o \u00e9 uma experi\u00eancia enriquecedora. O espa\u00e7o combina hist\u00f3ria, cultura e lazer, ideal para passeios em fam\u00edlia ou encontros com amigos. Ao longo do dia, a pra\u00e7a atrai tanto moradores quanto turistas, que podem apreciar a beleza de sua arquitetura e a diversidade cultural que permeia o ambiente.<\/p>\n<p>N\u00e3o \u00e9 incomum encontrar eventos culturais, como feiras, exposi\u00e7\u00f5es de arte e apresenta\u00e7\u00f5es musicais acontecendo na pra\u00e7a. Esses eventos s\u00e3o importantes oportunidades para interagir com a hist\u00f3ria local e vivenciar a cultura mineira de forma aut\u00eantica. Portanto, n\u00e3o deixe de incluir a Pra\u00e7a da Esta\u00e7\u00e3o em seu roteiro de visita a Belo Horizonte.<\/p>\n<h2>Atrativos Tur\u00edsticos da Regi\u00e3o<\/h2>\n<p>A regi\u00e3o ao redor da Pra\u00e7a da Esta\u00e7\u00e3o \u00e9 repleta de atrativos tur\u00edsticos que complementam a visita \u00e0 Assembleia Legislativa e \u00e0 pr\u00f3pria pra\u00e7a. A proximidade com diversos museus, como o Museu de Artes e Of\u00edcios e o Memorial Minas Gerais Vale, proporciona aos visitantes uma oportunidade \u00fanica de conhecer mais sobre a hist\u00f3ria e a cultura mineira.<\/p>\n<p>Al\u00e9m disso, a \u00e1rea \u00e9 cercada por caf\u00e9s e restaurantes que oferecem a gastronomia local. Aproveitar um momento de descanso em uma das muitas op\u00e7\u00f5es na regi\u00e3o \u00e9 uma maneira agrad\u00e1vel de concluir a visita. Os turistas podem saborear pratos t\u00edpicos enquanto apreciam a vista para a pra\u00e7a e seus arredores.<\/p>\n<h2>Eventos na Pra\u00e7a da Esta\u00e7\u00e3o<\/h2>\n<p>A Pra\u00e7a da Esta\u00e7\u00e3o \u00e9 um espa\u00e7o din\u00e2mico que frequentemente abriga eventos de grande porte, desde shows a celebra\u00e7\u00f5es c\u00edvicas e festivais. Essas atividades atraem um p\u00fablico diversificado e incentivam a intera\u00e7\u00e3o social, contribuindo para a vitalidade cultural da cidade.<\/p>\n<p>Eventos sazonais, como o Natal e festas juninas, s\u00e3o especialmente populares, transformando a pra\u00e7a em um espa\u00e7o vibrante e acolhedor. Com suas atra\u00e7\u00f5es variadas, a pra\u00e7a se torna um ponto focal para a celebra\u00e7\u00e3o da cultura e do esp\u00edrito comunit\u00e1rio.<\/p>\n<h2>Casa dos Relojoeiros<\/h2>\n<p>Um dos marcos not\u00e1veis da Pra\u00e7a da Esta\u00e7\u00e3o \u00e9 a Casa dos Relojoeiros, um espa\u00e7o que resgata a hist\u00f3ria da relojoaria em Belo Horizonte. A casa n\u00e3o apenas preserva o artesanato local, mas tamb\u00e9m serve como um centro cultural, promovendo exposi\u00e7\u00f5es e atividades relacionadas \u00e0 arte da relojoaria.<\/p>\n<p>Visitar a Casa dos Relojoeiros \u00e9 uma forma interessante de compreender mais sobre as tradi\u00e7\u00f5es artesanais de Minas Gerais e a import\u00e2ncia desse of\u00edcio na cultura local. Os visitantes t\u00eam a chance de interagir com artes\u00e3os e aprender sobre as t\u00e9cnicas utilizadas na cria\u00e7\u00e3o de rel\u00f3gios, desde o seu funcionamento at\u00e9 a beleza artesanal que os caracteriza.<\/p>\n<h2>Atra\u00e7\u00f5es Culturais nas Proximidades<\/h2>\n<p>Al\u00e9m da Casa dos Relojoeiros, a \u00e1rea em torno da Pra\u00e7a da Esta\u00e7\u00e3o est\u00e1 repleta de atra\u00e7\u00f5es culturais. Museus, teatros e espa\u00e7os de arte, como o Centro Cultural Banco do Brasil, oferecem uma variedade de exposi\u00e7\u00f5es e programa\u00e7\u00e3o cultural que enriquecem a experi\u00eancia de quem visita a regi\u00e3o.<\/p>\n<p>O Teatro Francisco Nunes, outro destaque, \u00e9 um espa\u00e7o que recebe diversas apresenta\u00e7\u00f5es art\u00edsticas, como pe\u00e7as de teatro, concertos e dan\u00e7as. Esses locais n\u00e3o s\u00f3 entret\u00eam, mas tamb\u00e9m desempenham um papel importante na educa\u00e7\u00e3o e forma\u00e7\u00e3o cultural da popula\u00e7\u00e3o.<\/p>\n<h2>Como Utilizar as Imagens do Banco<\/h2>\n<p>O uso das imagens do banco de dados da ALMG \u00e9 permitido, desde que respeitadas as condi\u00e7\u00f5es estabelecidas. As imagens s\u00e3o disponibilizadas para fins n\u00e3o comerciais e devem sempre ser creditadas ao fot\u00f3grafo e \u00e0 ALMG, conforme determina a legisla\u00e7\u00e3o de direitos autorais. Isso garante que o uso das imagens respeite o trabalho e a criatividade dos seus autores.<\/p>\n<p>Ao utilizar as imagens, \u00e9 importante assegurar que n\u00e3o haja distor\u00e7\u00f5es no contexto em que s\u00e3o apresentadas. Especialmente quando se tratam de imagens que incluem crian\u00e7as ou adolescentes, \u00e9 fundamental seguir os crit\u00e9rios de uso estabelecidos para garantir que essas representa\u00e7\u00f5es sejam respeitosas e respons\u00e1veis.<\/p>\n\n<div style=\"font-size: 0px; height: 0px; line-height: 0px; margin: 0; padding: 0; clear: both;\"><\/div>","protected":false},"excerpt":{"rendered":"<p>Banco de Imagens: descubra fotos incr\u00edveis da Pra\u00e7a da Esta\u00e7\u00e3o!<\/p>\n","protected":false},"author":1,"featured_media":4490,"comment_status":"closed","ping_status":"closed","sticky":false,"template":"","format":"standard","meta":{"footnotes":""},"categories":[36],"tags":[],"class_list":["post-4491","post","type-post","status-publish","format-standard","has-post-thumbnail","hentry","category-construcao","has_thumb"],"aioseo_notices":[],"aioseo_head":"\n\t\t<!-- All in One SEO 5.0.0.1 - aioseo.com -->\n\t<meta name=\"description\" content=\"Banco de Imagens: descubra fotos incr\u00edveis da Pra\u00e7a da Esta\u00e7\u00e3o!\" \/>\n\t<meta name=\"robots\" content=\"max-image-preview:large\" \/>\n\t<meta name=\"author\" content=\"Encontra Belo Horizonte\"\/>\n\t<link rel=\"canonical\" href=\"https:\/\/www.encontrabelohorizonte.com.br\/sobre\/banco-de-imagens\/\" \/>\n\t<meta name=\"generator\" content=\"All in One SEO (AIOSEO) 5.0.0.1\" \/>\n\t\t<meta property=\"og:locale\" content=\"pt_BR\" \/>\n\t\t<meta property=\"og:site_name\" content=\"Encontra Belo Horizonte | Not\u00edcias, eventos, informa\u00e7\u00f5es e dicas da cidade de Belo Horizonte e regi\u00e3o\" \/>\n\t\t<meta property=\"og:type\" content=\"article\" \/>\n\t\t<meta property=\"og:title\" content=\"Banco de Imagens | Encontra Belo Horizonte\" \/>\n\t\t<meta property=\"og:description\" content=\"Banco de Imagens: descubra fotos incr\u00edveis da Pra\u00e7a da Esta\u00e7\u00e3o!\" \/>\n\t\t<meta property=\"og:url\" content=\"https:\/\/www.encontrabelohorizonte.com.br\/sobre\/banco-de-imagens\/\" \/>\n\t\t<meta property=\"article:published_time\" content=\"2026-07-29T10:56:31+00:00\" \/>\n\t\t<meta property=\"article:modified_time\" content=\"2026-07-29T10:56:31+00:00\" \/>\n\t\t<meta name=\"twitter:card\" content=\"summary\" \/>\n\t\t<meta name=\"twitter:title\" content=\"Banco de Imagens | Encontra Belo Horizonte\" \/>\n\t\t<meta name=\"twitter:description\" content=\"Banco de Imagens: descubra fotos incr\u00edveis da Pra\u00e7a da Esta\u00e7\u00e3o!\" \/>\n\t\t<script type=\"application\/ld+json\" class=\"aioseo-schema\">\n\t\t\t{\"@context\":\"https:\\\/\\\/schema.org\",\"@graph\":[{\"@type\":\"Article\",\"@id\":\"https:\\\/\\\/www.encontrabelohorizonte.com.br\\\/sobre\\\/banco-de-imagens\\\/#article\",\"name\":\"Banco de Imagens | Encontra Belo Horizonte\",\"headline\":\"Banco de Imagens\",\"author\":{\"@id\":\"https:\\\/\\\/www.encontrabelohorizonte.com.br\\\/sobre\\\/author\\\/ebelohorizonte\\\/#author\"},\"publisher\":{\"@id\":\"https:\\\/\\\/www.encontrabelohorizonte.com.br\\\/sobre\\\/#organization\"},\"image\":{\"@type\":\"ImageObject\",\"url\":\"https:\\\/\\\/www.encontrabelohorizonte.com.br\\\/sobre\\\/wp-content\\\/uploads\\\/banco-de-imagens.webp\",\"width\":280,\"height\":280,\"caption\":\"Banco de Imagens\"},\"datePublished\":\"2026-07-29T07:56:31-03:00\",\"dateModified\":\"2026-07-29T07:56:31-03:00\",\"inLanguage\":\"pt-BR\",\"mainEntityOfPage\":{\"@id\":\"https:\\\/\\\/www.encontrabelohorizonte.com.br\\\/sobre\\\/banco-de-imagens\\\/#webpage\"},\"isPartOf\":{\"@id\":\"https:\\\/\\\/www.encontrabelohorizonte.com.br\\\/sobre\\\/banco-de-imagens\\\/#webpage\"},\"articleSection\":\"Constru\\u00e7\\u00e3o Belo Horizonte\"},{\"@type\":\"BreadcrumbList\",\"@id\":\"https:\\\/\\\/www.encontrabelohorizonte.com.br\\\/sobre\\\/banco-de-imagens\\\/#breadcrumblist\",\"itemListElement\":[{\"@type\":\"ListItem\",\"@id\":\"https:\\\/\\\/www.encontrabelohorizonte.com.br\\\/sobre#listItem\",\"position\":1,\"name\":\"In\\u00edcio\",\"item\":\"https:\\\/\\\/www.encontrabelohorizonte.com.br\\\/sobre\",\"nextItem\":{\"@type\":\"ListItem\",\"@id\":\"https:\\\/\\\/www.encontrabelohorizonte.com.br\\\/sobre\\\/construcao\\\/#listItem\",\"name\":\"Constru\\u00e7\\u00e3o Belo Horizonte\"}},{\"@type\":\"ListItem\",\"@id\":\"https:\\\/\\\/www.encontrabelohorizonte.com.br\\\/sobre\\\/construcao\\\/#listItem\",\"position\":2,\"name\":\"Constru\\u00e7\\u00e3o Belo Horizonte\",\"item\":\"https:\\\/\\\/www.encontrabelohorizonte.com.br\\\/sobre\\\/construcao\\\/\",\"nextItem\":{\"@type\":\"ListItem\",\"@id\":\"https:\\\/\\\/www.encontrabelohorizonte.com.br\\\/sobre\\\/banco-de-imagens\\\/#listItem\",\"name\":\"Banco de Imagens\"},\"previousItem\":{\"@type\":\"ListItem\",\"@id\":\"https:\\\/\\\/www.encontrabelohorizonte.com.br\\\/sobre#listItem\",\"name\":\"In\\u00edcio\"}},{\"@type\":\"ListItem\",\"@id\":\"https:\\\/\\\/www.encontrabelohorizonte.com.br\\\/sobre\\\/banco-de-imagens\\\/#listItem\",\"position\":3,\"name\":\"Banco de Imagens\",\"previousItem\":{\"@type\":\"ListItem\",\"@id\":\"https:\\\/\\\/www.encontrabelohorizonte.com.br\\\/sobre\\\/construcao\\\/#listItem\",\"name\":\"Constru\\u00e7\\u00e3o Belo Horizonte\"}}]},{\"@type\":\"Organization\",\"@id\":\"https:\\\/\\\/www.encontrabelohorizonte.com.br\\\/sobre\\\/#organization\",\"name\":\"Encontra Belo Horizonte\",\"description\":\"Not\\u00edcias, eventos, informa\\u00e7\\u00f5es e dicas da cidade de Belo Horizonte e regi\\u00e3o\",\"url\":\"https:\\\/\\\/www.encontrabelohorizonte.com.br\\\/sobre\\\/\"},{\"@type\":\"Person\",\"@id\":\"https:\\\/\\\/www.encontrabelohorizonte.com.br\\\/sobre\\\/author\\\/ebelohorizonte\\\/#author\",\"url\":\"https:\\\/\\\/www.encontrabelohorizonte.com.br\\\/sobre\\\/author\\\/ebelohorizonte\\\/\",\"name\":\"Encontra Belo Horizonte\",\"image\":{\"@type\":\"ImageObject\",\"@id\":\"https:\\\/\\\/www.encontrabelohorizonte.com.br\\\/sobre\\\/banco-de-imagens\\\/#authorImage\",\"url\":\"https:\\\/\\\/secure.gravatar.com\\\/avatar\\\/507340682b8270222e1f208e23198b6ae7e2c6a1033ae84e99bc6bce4f82a387?s=96&d=mm&r=g\",\"width\":96,\"height\":96,\"caption\":\"Encontra Belo Horizonte\"}},{\"@type\":\"WebPage\",\"@id\":\"https:\\\/\\\/www.encontrabelohorizonte.com.br\\\/sobre\\\/banco-de-imagens\\\/#webpage\",\"url\":\"https:\\\/\\\/www.encontrabelohorizonte.com.br\\\/sobre\\\/banco-de-imagens\\\/\",\"name\":\"Banco de Imagens | Encontra Belo Horizonte\",\"description\":\"Banco de Imagens: descubra fotos incr\\u00edveis da Pra\\u00e7a da Esta\\u00e7\\u00e3o!\",\"inLanguage\":\"pt-BR\",\"isPartOf\":{\"@id\":\"https:\\\/\\\/www.encontrabelohorizonte.com.br\\\/sobre\\\/#website\"},\"breadcrumb\":{\"@id\":\"https:\\\/\\\/www.encontrabelohorizonte.com.br\\\/sobre\\\/banco-de-imagens\\\/#breadcrumblist\"},\"author\":{\"@id\":\"https:\\\/\\\/www.encontrabelohorizonte.com.br\\\/sobre\\\/author\\\/ebelohorizonte\\\/#author\"},\"creator\":{\"@id\":\"https:\\\/\\\/www.encontrabelohorizonte.com.br\\\/sobre\\\/author\\\/ebelohorizonte\\\/#author\"},\"image\":{\"@type\":\"ImageObject\",\"url\":\"https:\\\/\\\/www.encontrabelohorizonte.com.br\\\/sobre\\\/wp-content\\\/uploads\\\/banco-de-imagens.webp\",\"@id\":\"https:\\\/\\\/www.encontrabelohorizonte.com.br\\\/sobre\\\/banco-de-imagens\\\/#mainImage\",\"width\":280,\"height\":280,\"caption\":\"Banco de Imagens\"},\"primaryImageOfPage\":{\"@id\":\"https:\\\/\\\/www.encontrabelohorizonte.com.br\\\/sobre\\\/banco-de-imagens\\\/#mainImage\"},\"datePublished\":\"2026-07-29T07:56:31-03:00\",\"dateModified\":\"2026-07-29T07:56:31-03:00\"},{\"@type\":\"WebSite\",\"@id\":\"https:\\\/\\\/www.encontrabelohorizonte.com.br\\\/sobre\\\/#website\",\"url\":\"https:\\\/\\\/www.encontrabelohorizonte.com.br\\\/sobre\\\/\",\"name\":\"Encontra Belo Horizonte\",\"description\":\"Not\\u00edcias, eventos, informa\\u00e7\\u00f5es e dicas da cidade de Belo Horizonte e regi\\u00e3o\",\"inLanguage\":\"pt-BR\",\"publisher\":{\"@id\":\"https:\\\/\\\/www.encontrabelohorizonte.com.br\\\/sobre\\\/#organization\"}}]}\n\t\t<\/script>\n\t\t<!-- All in One SEO -->\n\n","aioseo_head_json":{"title":"Banco de Imagens | Encontra Belo Horizonte","description":"Banco de Imagens: descubra fotos incr\u00edveis da Pra\u00e7a da Esta\u00e7\u00e3o!","canonical_url":"https:\/\/www.encontrabelohorizonte.com.br\/sobre\/banco-de-imagens\/","robots":"max-image-preview:large","keywords":"","webmasterTools":{"miscellaneous":""},"schema":{"@context":"https:\/\/schema.org","@graph":[{"@type":"Article","@id":"https:\/\/www.encontrabelohorizonte.com.br\/sobre\/banco-de-imagens\/#article","name":"Banco de Imagens | Encontra Belo Horizonte","headline":"Banco de Imagens","author":{"@id":"https:\/\/www.encontrabelohorizonte.com.br\/sobre\/author\/ebelohorizonte\/#author"},"publisher":{"@id":"https:\/\/www.encontrabelohorizonte.com.br\/sobre\/#organization"},"image":{"@type":"ImageObject","url":"https:\/\/www.encontrabelohorizonte.com.br\/sobre\/wp-content\/uploads\/banco-de-imagens.webp","width":280,"height":280,"caption":"Banco de Imagens"},"datePublished":"2026-07-29T07:56:31-03:00","dateModified":"2026-07-29T07:56:31-03:00","inLanguage":"pt-BR","mainEntityOfPage":{"@id":"https:\/\/www.encontrabelohorizonte.com.br\/sobre\/banco-de-imagens\/#webpage"},"isPartOf":{"@id":"https:\/\/www.encontrabelohorizonte.com.br\/sobre\/banco-de-imagens\/#webpage"},"articleSection":"Constru\u00e7\u00e3o Belo Horizonte"},{"@type":"BreadcrumbList","@id":"https:\/\/www.encontrabelohorizonte.com.br\/sobre\/banco-de-imagens\/#breadcrumblist","itemListElement":[{"@type":"ListItem","@id":"https:\/\/www.encontrabelohorizonte.com.br\/sobre#listItem","position":1,"name":"In\u00edcio","item":"https:\/\/www.encontrabelohorizonte.com.br\/sobre","nextItem":{"@type":"ListItem","@id":"https:\/\/www.encontrabelohorizonte.com.br\/sobre\/construcao\/#listItem","name":"Constru\u00e7\u00e3o Belo Horizonte"}},{"@type":"ListItem","@id":"https:\/\/www.encontrabelohorizonte.com.br\/sobre\/construcao\/#listItem","position":2,"name":"Constru\u00e7\u00e3o Belo Horizonte","item":"https:\/\/www.encontrabelohorizonte.com.br\/sobre\/construcao\/","nextItem":{"@type":"ListItem","@id":"https:\/\/www.encontrabelohorizonte.com.br\/sobre\/banco-de-imagens\/#listItem","name":"Banco de Imagens"},"previousItem":{"@type":"ListItem","@id":"https:\/\/www.encontrabelohorizonte.com.br\/sobre#listItem","name":"In\u00edcio"}},{"@type":"ListItem","@id":"https:\/\/www.encontrabelohorizonte.com.br\/sobre\/banco-de-imagens\/#listItem","position":3,"name":"Banco de Imagens","previousItem":{"@type":"ListItem","@id":"https:\/\/www.encontrabelohorizonte.com.br\/sobre\/construcao\/#listItem","name":"Constru\u00e7\u00e3o Belo Horizonte"}}]},{"@type":"Organization","@id":"https:\/\/www.encontrabelohorizonte.com.br\/sobre\/#organization","name":"Encontra Belo Horizonte","description":"Not\u00edcias, eventos, informa\u00e7\u00f5es e dicas da cidade de Belo Horizonte e regi\u00e3o","url":"https:\/\/www.encontrabelohorizonte.com.br\/sobre\/"},{"@type":"Person","@id":"https:\/\/www.encontrabelohorizonte.com.br\/sobre\/author\/ebelohorizonte\/#author","url":"https:\/\/www.encontrabelohorizonte.com.br\/sobre\/author\/ebelohorizonte\/","name":"Encontra Belo Horizonte","image":{"@type":"ImageObject","@id":"https:\/\/www.encontrabelohorizonte.com.br\/sobre\/banco-de-imagens\/#authorImage","url":"https:\/\/secure.gravatar.com\/avatar\/507340682b8270222e1f208e23198b6ae7e2c6a1033ae84e99bc6bce4f82a387?s=96&d=mm&r=g","width":96,"height":96,"caption":"Encontra Belo Horizonte"}},{"@type":"WebPage","@id":"https:\/\/www.encontrabelohorizonte.com.br\/sobre\/banco-de-imagens\/#webpage","url":"https:\/\/www.encontrabelohorizonte.com.br\/sobre\/banco-de-imagens\/","name":"Banco de Imagens | Encontra Belo Horizonte","description":"Banco de Imagens: descubra fotos incr\u00edveis da Pra\u00e7a da Esta\u00e7\u00e3o!","inLanguage":"pt-BR","isPartOf":{"@id":"https:\/\/www.encontrabelohorizonte.com.br\/sobre\/#website"},"breadcrumb":{"@id":"https:\/\/www.encontrabelohorizonte.com.br\/sobre\/banco-de-imagens\/#breadcrumblist"},"author":{"@id":"https:\/\/www.encontrabelohorizonte.com.br\/sobre\/author\/ebelohorizonte\/#author"},"creator":{"@id":"https:\/\/www.encontrabelohorizonte.com.br\/sobre\/author\/ebelohorizonte\/#author"},"image":{"@type":"ImageObject","url":"https:\/\/www.encontrabelohorizonte.com.br\/sobre\/wp-content\/uploads\/banco-de-imagens.webp","@id":"https:\/\/www.encontrabelohorizonte.com.br\/sobre\/banco-de-imagens\/#mainImage","width":280,"height":280,"caption":"Banco de Imagens"},"primaryImageOfPage":{"@id":"https:\/\/www.encontrabelohorizonte.com.br\/sobre\/banco-de-imagens\/#mainImage"},"datePublished":"2026-07-29T07:56:31-03:00","dateModified":"2026-07-29T07:56:31-03:00"},{"@type":"WebSite","@id":"https:\/\/www.encontrabelohorizonte.com.br\/sobre\/#website","url":"https:\/\/www.encontrabelohorizonte.com.br\/sobre\/","name":"Encontra Belo Horizonte","description":"Not\u00edcias, eventos, informa\u00e7\u00f5es e dicas da cidade de Belo Horizonte e regi\u00e3o","inLanguage":"pt-BR","publisher":{"@id":"https:\/\/www.encontrabelohorizonte.com.br\/sobre\/#organization"}}]},"og:locale":"pt_BR","og:site_name":"Encontra Belo Horizonte | Not\u00edcias, eventos, informa\u00e7\u00f5es e dicas da cidade de Belo Horizonte e regi\u00e3o","og:type":"article","og:title":"Banco de Imagens | Encontra Belo Horizonte","og:description":"Banco de Imagens: descubra fotos incr\u00edveis da Pra\u00e7a da Esta\u00e7\u00e3o!","og:url":"https:\/\/www.encontrabelohorizonte.com.br\/sobre\/banco-de-imagens\/","article:published_time":"2026-07-29T10:56:31+00:00","article:modified_time":"2026-07-29T10:56:31+00:00","twitter:card":"summary","twitter:title":"Banco de Imagens | Encontra Belo Horizonte","twitter:description":"Banco de Imagens: descubra fotos incr\u00edveis da Pra\u00e7a da Esta\u00e7\u00e3o!"},"aioseo_meta_data":{"post_id":"4491","title":null,"description":null,"keywords":null,"keyphrases":null,"primary_term":null,"canonical_url":null,"og_title":null,"og_description":null,"og_object_type":"default","og_image_type":"default","og_image_url":null,"og_image_width":null,"og_image_height":null,"og_image_custom_url":null,"og_image_custom_fields":null,"og_video":null,"og_custom_url":null,"og_article_section":null,"og_article_tags":null,"twitter_use_og":false,"twitter_card":"default","twitter_image_type":"default","twitter_image_url":null,"twitter_image_custom_url":null,"twitter_image_custom_fields":null,"twitter_title":null,"twitter_description":null,"schema":{"blockGraphs":[],"customGraphs":[],"default":{"data":{"Article":[],"Course":[],"Dataset":[],"FAQPage":[],"Movie":[],"Person":[],"Product":[],"ProductReview":[],"Car":[],"Recipe":[],"Service":[],"SoftwareApplication":[],"WebPage":[]},"graphName":"Article","isEnabled":true},"graphs":[]},"schema_type":"default","schema_type_options":null,"pillar_content":false,"robots_default":true,"robots_noindex":false,"robots_noarchive":false,"robots_nosnippet":false,"robots_nofollow":false,"robots_noimageindex":false,"robots_noodp":false,"robots_notranslate":false,"robots_max_snippet":null,"robots_max_videopreview":null,"robots_max_imagepreview":"large","priority":null,"frequency":null,"local_seo":null,"breadcrumb_settings":null,"limit_modified_date":false,"ai":null,"created":"2026-07-29 10:56:33","updated":"2026-07-29 11:50:55","focus_keyword":null,"additional_keywords":null,"truseo_locale":null,"seo_analyzer_scan_date":null},"aioseo_breadcrumb":"<div class=\"aioseo-breadcrumbs\"><span class=\"aioseo-breadcrumb\">\n\t\t\t<a href=\"https:\/\/www.encontrabelohorizonte.com.br\/sobre\" title=\"In\u00edcio\">In\u00edcio<\/a>\n\t\t<\/span><span class=\"aioseo-breadcrumb-separator\">&raquo;<\/span><span class=\"aioseo-breadcrumb\">\n\t\t\t<a href=\"https:\/\/www.encontrabelohorizonte.com.br\/sobre\/construcao\/\" title=\"Constru\u00e7\u00e3o Belo Horizonte\">Constru\u00e7\u00e3o Belo Horizonte<\/a>\n\t\t<\/span><span class=\"aioseo-breadcrumb-separator\">&raquo;<\/span><span class=\"aioseo-breadcrumb\">\n\t\t\tBanco de Imagens\n\t\t<\/span><\/div>","aioseo_breadcrumb_json":[{"label":"In\u00edcio","link":"https:\/\/www.encontrabelohorizonte.com.br\/sobre"},{"label":"Constru\u00e7\u00e3o Belo Horizonte","link":"https:\/\/www.encontrabelohorizonte.com.br\/sobre\/construcao\/"},{"label":"Banco de Imagens","link":"https:\/\/www.encontrabelohorizonte.com.br\/sobre\/banco-de-imagens\/"}],"_links":{"self":[{"href":"https:\/\/www.encontrabelohorizonte.com.br\/sobre\/wp-json\/wp\/v2\/posts\/4491","targetHints":{"allow":["GET"]}}],"collection":[{"href":"https:\/\/www.encontrabelohorizonte.com.br\/sobre\/wp-json\/wp\/v2\/posts"}],"about":[{"href":"https:\/\/www.encontrabelohorizonte.com.br\/sobre\/wp-json\/wp\/v2\/types\/post"}],"author":[{"embeddable":true,"href":"https:\/\/www.encontrabelohorizonte.com.br\/sobre\/wp-json\/wp\/v2\/users\/1"}],"replies":[{"embeddable":true,"href":"https:\/\/www.encontrabelohorizonte.com.br\/sobre\/wp-json\/wp\/v2\/comments?post=4491"}],"version-history":[{"count":0,"href":"https:\/\/www.encontrabelohorizonte.com.br\/sobre\/wp-json\/wp\/v2\/posts\/4491\/revisions"}],"wp:featuredmedia":[{"embeddable":true,"href":"https:\/\/www.encontrabelohorizonte.com.br\/sobre\/wp-json\/wp\/v2\/media\/4490"}],"wp:attachment":[{"href":"https:\/\/www.encontrabelohorizonte.com.br\/sobre\/wp-json\/wp\/v2\/media?parent=4491"}],"wp:term":[{"taxonomy":"category","embeddable":true,"href":"https:\/\/www.encontrabelohorizonte.com.br\/sobre\/wp-json\/wp\/v2\/categories?post=4491"},{"taxonomy":"post_tag","embeddable":true,"href":"https:\/\/www.encontrabelohorizonte.com.br\/sobre\/wp-json\/wp\/v2\/tags?post=4491"}],"curies":[{"name":"wp","href":"https:\/\/api.w.org\/{rel}","templated":true}]}}