{"id":4505,"date":"2026-07-30T07:33:02","date_gmt":"2026-07-30T10:33:02","guid":{"rendered":"https:\/\/www.encontrabelohorizonte.com.br\/sobre\/camara-de-belo-horizonte-mg-debate-integracao-entre-onibus-e-metro-da-regiao-metropolitana\/"},"modified":"2026-07-30T07:33:02","modified_gmt":"2026-07-30T10:33:02","slug":"camara-de-belo-horizonte-mg-debate-integracao-entre-onibus-e-metro-da-regiao-metropolitana","status":"publish","type":"post","link":"https:\/\/www.encontrabelohorizonte.com.br\/sobre\/camara-de-belo-horizonte-mg-debate-integracao-entre-onibus-e-metro-da-regiao-metropolitana\/","title":{"rendered":"C\u00e2mara de Belo Horizonte (MG) debate integra\u00e7\u00e3o entre \u00f4nibus e metr\u00f4 da regi\u00e3o metropolitana"},"content":{"rendered":"<div class=\"2e083cf0b19e2c11948dc6ac054ba979\" data-index=\"1\" style=\"float: none; margin:0px;\">\n<!-- Anuncio display - global -->\r\n<ins class=\"adsbygoogle\"\r\n     style=\"display:block\"\r\n     data-ad-client=\"ca-pub-8585364105181520\"\r\n     data-ad-slot=\"8789329856\"\r\n     data-ad-format=\"auto\"\r\n     data-full-width-responsive=\"true\"><\/ins>\r\n<script>\r\n     (adsbygoogle = window.adsbygoogle || []).push({});\r\n<\/script>\n<\/div>\n<h2>O que \u00e9 a audi\u00eancia p\u00fablica sobre transporte?<\/h2>\n<p>A audi\u00eancia p\u00fablica programada para esta ter\u00e7a-feira (28) na C\u00e2mara Municipal de Belo Horizonte (MG) busca discutir a interconex\u00e3o entre os \u00f4nibus e o metr\u00f4 na Regi\u00e3o Metropolitana de Belo Horizonte (RMBH). Este evento, que acontecer\u00e1 no Plen\u00e1rio Helv\u00e9cio Arantes, iniciar\u00e1 \u00e0s 15h, e visa proporcionar um espa\u00e7o onde diversas partes interessadas poder\u00e3o trocar ideias e informa\u00e7\u00f5es sobre o sistema de transporte na regi\u00e3o.<\/p>\n<h2>Import\u00e2ncia da integra\u00e7\u00e3o entre \u00f4nibus e metr\u00f4<\/h2>\n<p>Integrar os sistemas de \u00f4nibus e metr\u00f4 \u00e9 fundamental para otimizar a mobilidade urbana e facilitar o deslocamento dos passageiros. Uma conex\u00e3o eficiente entre esses meios de transporte pode reduzir o tempo de viagem, aumentar a acessibilidade e proporcionar uma alternativa mais sustent\u00e1vel em compara\u00e7\u00e3o ao uso individual de ve\u00edculos. Al\u00e9m disso, uma integra\u00e7\u00e3o bem planejada pode contribuir para a diminui\u00e7\u00e3o do tr\u00e1fego, melhorando a qualidade do ar e a vida na cidade.<\/p>\n<h2>Quem participa do debate?<\/h2>\n<p>V\u00e1rios representantes de \u00f3rg\u00e3os e entidades foram convocados para esse debate. Espera-se a presen\u00e7a de membros da Secretaria de Estado de Infraestrutura, Mobilidade e Parcerias de Minas Gerais, al\u00e9m de representantes da Superintend\u00eancia de Mobilidade do Munic\u00edpio de Belo Horizonte e da concession\u00e1ria respons\u00e1vel pelo Metr\u00f4 BH. As autoridades convidadas incluem o secret\u00e1rio e o secret\u00e1rio-adjunto da pasta estadual, junto ao superintendente municipal de Mobilidade e outros diretores da concession\u00e1ria.<\/p>\n<p><img decoding=\"async\" src=\"https:\/\/www.encontrabelohorizonte.com.br\/sobre\/wp-content\/uploads\/camara-de-belo-horizonte-mg-debate-integracao-entre-onibus-e-metro-da-regiao-metropolitana.webp\" alt=\"integra\u00e7\u00e3o entre \u00f4nibus e metr\u00f4\" loading=\"lazy\" \/><\/p>\n<h2>Como a integra\u00e7\u00e3o pode beneficiar os usu\u00e1rios<\/h2>\n<p>Uma integra\u00e7\u00e3o eficaz entre \u00f4nibus e metr\u00f4 tem o potencial de beneficiar os usu\u00e1rios de diversas formas:<\/p>\n<ul>\n<li><strong>Redu\u00e7\u00e3o de Tempo:<\/strong> Facilita a transi\u00e7\u00e3o entre diferentes modos de transporte, tornando as viagens mais r\u00e1pidas.<\/li>\n<li><strong>Aumento na Frequ\u00eancia:<\/strong> Melhores conex\u00f5es podem resultar em hor\u00e1rios mais frequentes e regulares.<\/li>\n<li><strong>Acessibilidade:<\/strong> A integra\u00e7\u00e3o permite que mais \u00e1reas da cidade sejam atendidas, aumentando o alcance do transporte p\u00fablico.<\/li>\n<li><strong>Sustentabilidade:<\/strong> Incentiva a utiliza\u00e7\u00e3o de transporte coletivo, reduzindo a depend\u00eancia de ve\u00edculos particulares.<\/li>\n<\/ul>\n<h2>Principais desafios da integra\u00e7\u00e3o<\/h2>\n<p>Embora a integra\u00e7\u00e3o entre \u00f4nibus e metr\u00f4 do RMBH traga diversos benef\u00edcios, existem desafios a serem superados, tais como:<\/p>\n<ul>\n<li><strong>Custos de Implementa\u00e7\u00e3o:<\/strong> Os investimentos necess\u00e1rios para adaptar a infraestrutura e os servi\u00e7os existentes podem ser elevados.<\/li>\n<li><strong>Coordena\u00e7\u00e3o entre Diferentes Entidades:<\/strong> A necessidade de coopera\u00e7\u00e3o entre m\u00faltiplos \u00f3rg\u00e3os e concession\u00e1rias requer um planejamento detalhado.<\/li>\n<li><strong>Resist\u00eancia do P\u00fablico:<\/strong> Passageiros habituados a modos de transporte individuais podem hesitar em mudar para um sistema integrado.<\/li>\n<\/ul>\n<h2>Planejamento e viabilidade da integra\u00e7\u00e3o<\/h2>\n<p>O planejamento met\u00f3dico \u00e9 crucial para a realiza\u00e7\u00e3o da integra\u00e7\u00e3o. O estudo de viabilidade que ser\u00e1 discutido nesta audi\u00eancia \u00e9 fundamental para assegurar que os projetos atendam n\u00e3o apenas \u00e0s necessidades atuais, mas tamb\u00e9m \u00e0s futuras. Isso envolve an\u00e1lise de demanda, considera\u00e7\u00e3o de custos e avalia\u00e7\u00e3o de impactos sociais e ambientais.<\/p>\n<h2>Expectativas para o futuro do transporte em BH<\/h2>\n<p>As expectativas em rela\u00e7\u00e3o ao futuro do sistema de transporte em Belo Horizonte s\u00e3o altas. Com a discuss\u00e3o sobre integra\u00e7\u00e3o entre os sistemas de \u00f4nibus e metr\u00f4, espera-se que novos projetos inovadores sejam implementados, que melhorem a mobilidade urbana e a qualidade de vida dos cidad\u00e3os. As propostas discutidas durante a audi\u00eancia p\u00fablica poder\u00e3o influenciar diretamente o planejamento do transporte na cidade durante os pr\u00f3ximos anos.<\/p>\n<h2>Detalhes sobre a Comiss\u00e3o de Estudo dos \u00d4nibus<\/h2>\n<p>A Comiss\u00e3o Especial de Estudo sobre Contratos de \u00d4nibus foi criada com o objetivo de revisar e analisar aspectos relacionados ao transporte coletivo na capital. Sob a presid\u00eancia da vereadora Fernanda Pereira Alto\u00e9, a comiss\u00e3o \u00e9 composta por v\u00e1rios membros que t\u00eam a tarefa de investigar a qualidade dos servi\u00e7os, os custos das tarifas e outros elementos cr\u00edticos do contrato de concess\u00e3o que ser\u00e1 licitado em 2028.<\/p>\n<h2>Como acompanhar a audi\u00eancia ao vivo<\/h2>\n<p>A audi\u00eancia ser\u00e1 aberta ao p\u00fablico, permitindo que qualquer interessado possa participar do debate presencialmente. Para aqueles que n\u00e3o puderem comparecer, a sess\u00e3o tamb\u00e9m ser\u00e1 transmitida ao vivo atrav\u00e9s do portal da C\u00e2mara Municipal e no canal oficial da institui\u00e7\u00e3o no YouTube, garantindo que a informa\u00e7\u00e3o chegue ao maior n\u00famero poss\u00edvel de cidad\u00e3os.<\/p>\n<h2>Perspectivas para a concess\u00e3o do transporte coletivo<\/h2>\n<p>As discuss\u00f5es em torno da concess\u00e3o do transporte coletivo s\u00e3o relevantes n\u00e3o s\u00f3 para a gest\u00e3o atual, mas tamb\u00e9m para garantir um sistema mais eficiente e menos oneroso para os usu\u00e1rios. A an\u00e1lise das tarifas e a qualidade do servi\u00e7o s\u00e3o elementos essenciais, e as decis\u00f5es tomadas pelas entidades envolvidas no transporte afetar\u00e3o a vida dos cidad\u00e3os que dependem desses servi\u00e7os diariamente. Com o foco no planejamento e na implementa\u00e7\u00e3o eficaz, espera-se que a concess\u00e3o melhore o acesso e a efici\u00eancia dos transportes p\u00fablicos em Belo Horizonte.<\/p>\n\n<div style=\"font-size: 0px; height: 0px; line-height: 0px; margin: 0; padding: 0; clear: both;\"><\/div>","protected":false},"excerpt":{"rendered":"<p>Integra\u00e7\u00e3o entre \u00f4nibus e metr\u00f4: um passo importante para a mobilidade em BH.<\/p>\n","protected":false},"author":1,"featured_media":4504,"comment_status":"closed","ping_status":"closed","sticky":false,"template":"","format":"standard","meta":{"footnotes":""},"categories":[6],"tags":[],"class_list":["post-4505","post","type-post","status-publish","format-standard","has-post-thumbnail","hentry","category-noticias","has_thumb"],"aioseo_notices":[],"aioseo_head":"\n\t\t<!-- All in One SEO 5.0.0.1 - aioseo.com -->\n\t<meta name=\"description\" content=\"Integra\u00e7\u00e3o entre \u00f4nibus e metr\u00f4: um passo importante para a mobilidade em BH.\" \/>\n\t<meta name=\"robots\" content=\"max-image-preview:large\" \/>\n\t<meta name=\"author\" content=\"Encontra Belo Horizonte\"\/>\n\t<link rel=\"canonical\" href=\"https:\/\/www.encontrabelohorizonte.com.br\/sobre\/camara-de-belo-horizonte-mg-debate-integracao-entre-onibus-e-metro-da-regiao-metropolitana\/\" \/>\n\t<meta name=\"generator\" content=\"All in One SEO (AIOSEO) 5.0.0.1\" \/>\n\t\t<meta property=\"og:locale\" content=\"pt_BR\" \/>\n\t\t<meta property=\"og:site_name\" content=\"Encontra Belo Horizonte | Not\u00edcias, eventos, informa\u00e7\u00f5es e dicas da cidade de Belo Horizonte e regi\u00e3o\" \/>\n\t\t<meta property=\"og:type\" content=\"article\" \/>\n\t\t<meta property=\"og:title\" content=\"C\u00e2mara de Belo Horizonte (MG) debate integra\u00e7\u00e3o entre \u00f4nibus e metr\u00f4 da regi\u00e3o metropolitana | Encontra Belo Horizonte\" \/>\n\t\t<meta property=\"og:description\" content=\"Integra\u00e7\u00e3o entre \u00f4nibus e metr\u00f4: um passo importante para a mobilidade em BH.\" \/>\n\t\t<meta property=\"og:url\" content=\"https:\/\/www.encontrabelohorizonte.com.br\/sobre\/camara-de-belo-horizonte-mg-debate-integracao-entre-onibus-e-metro-da-regiao-metropolitana\/\" \/>\n\t\t<meta property=\"article:published_time\" content=\"2026-07-30T10:33:02+00:00\" \/>\n\t\t<meta property=\"article:modified_time\" content=\"2026-07-30T10:33:02+00:00\" \/>\n\t\t<meta name=\"twitter:card\" content=\"summary\" \/>\n\t\t<meta name=\"twitter:title\" content=\"C\u00e2mara de Belo Horizonte (MG) debate integra\u00e7\u00e3o entre \u00f4nibus e metr\u00f4 da regi\u00e3o metropolitana | Encontra Belo Horizonte\" \/>\n\t\t<meta name=\"twitter:description\" content=\"Integra\u00e7\u00e3o entre \u00f4nibus e metr\u00f4: um passo importante para a mobilidade em BH.\" \/>\n\t\t<script type=\"application\/ld+json\" class=\"aioseo-schema\">\n\t\t\t{\"@context\":\"https:\\\/\\\/schema.org\",\"@graph\":[{\"@type\":\"Article\",\"@id\":\"https:\\\/\\\/www.encontrabelohorizonte.com.br\\\/sobre\\\/camara-de-belo-horizonte-mg-debate-integracao-entre-onibus-e-metro-da-regiao-metropolitana\\\/#article\",\"name\":\"C\\u00e2mara de Belo Horizonte (MG) debate integra\\u00e7\\u00e3o entre \\u00f4nibus e metr\\u00f4 da regi\\u00e3o metropolitana | Encontra Belo Horizonte\",\"headline\":\"C\\u00e2mara de Belo Horizonte (MG) debate integra\\u00e7\\u00e3o entre \\u00f4nibus e metr\\u00f4 da regi\\u00e3o metropolitana\",\"author\":{\"@id\":\"https:\\\/\\\/www.encontrabelohorizonte.com.br\\\/sobre\\\/author\\\/ebelohorizonte\\\/#author\"},\"publisher\":{\"@id\":\"https:\\\/\\\/www.encontrabelohorizonte.com.br\\\/sobre\\\/#organization\"},\"image\":{\"@type\":\"ImageObject\",\"url\":\"https:\\\/\\\/www.encontrabelohorizonte.com.br\\\/sobre\\\/wp-content\\\/uploads\\\/camara-de-belo-horizonte-mg-debate-integracao-entre-onibus-e-metro-da-regiao-metropolitana.webp\",\"width\":280,\"height\":280,\"caption\":\"integra\\u00e7\\u00e3o entre \\u00f4nibus e metr\\u00f4\"},\"datePublished\":\"2026-07-30T07:33:02-03:00\",\"dateModified\":\"2026-07-30T07:33:02-03:00\",\"inLanguage\":\"pt-BR\",\"mainEntityOfPage\":{\"@id\":\"https:\\\/\\\/www.encontrabelohorizonte.com.br\\\/sobre\\\/camara-de-belo-horizonte-mg-debate-integracao-entre-onibus-e-metro-da-regiao-metropolitana\\\/#webpage\"},\"isPartOf\":{\"@id\":\"https:\\\/\\\/www.encontrabelohorizonte.com.br\\\/sobre\\\/camara-de-belo-horizonte-mg-debate-integracao-entre-onibus-e-metro-da-regiao-metropolitana\\\/#webpage\"},\"articleSection\":\"Not\\u00edcias Belo Horizonte\"},{\"@type\":\"BreadcrumbList\",\"@id\":\"https:\\\/\\\/www.encontrabelohorizonte.com.br\\\/sobre\\\/camara-de-belo-horizonte-mg-debate-integracao-entre-onibus-e-metro-da-regiao-metropolitana\\\/#breadcrumblist\",\"itemListElement\":[{\"@type\":\"ListItem\",\"@id\":\"https:\\\/\\\/www.encontrabelohorizonte.com.br\\\/sobre#listItem\",\"position\":1,\"name\":\"In\\u00edcio\",\"item\":\"https:\\\/\\\/www.encontrabelohorizonte.com.br\\\/sobre\",\"nextItem\":{\"@type\":\"ListItem\",\"@id\":\"https:\\\/\\\/www.encontrabelohorizonte.com.br\\\/sobre\\\/noticias\\\/#listItem\",\"name\":\"Not\\u00edcias Belo Horizonte\"}},{\"@type\":\"ListItem\",\"@id\":\"https:\\\/\\\/www.encontrabelohorizonte.com.br\\\/sobre\\\/noticias\\\/#listItem\",\"position\":2,\"name\":\"Not\\u00edcias Belo Horizonte\",\"item\":\"https:\\\/\\\/www.encontrabelohorizonte.com.br\\\/sobre\\\/noticias\\\/\",\"nextItem\":{\"@type\":\"ListItem\",\"@id\":\"https:\\\/\\\/www.encontrabelohorizonte.com.br\\\/sobre\\\/camara-de-belo-horizonte-mg-debate-integracao-entre-onibus-e-metro-da-regiao-metropolitana\\\/#listItem\",\"name\":\"C\\u00e2mara de Belo Horizonte (MG) debate integra\\u00e7\\u00e3o entre \\u00f4nibus e metr\\u00f4 da regi\\u00e3o metropolitana\"},\"previousItem\":{\"@type\":\"ListItem\",\"@id\":\"https:\\\/\\\/www.encontrabelohorizonte.com.br\\\/sobre#listItem\",\"name\":\"In\\u00edcio\"}},{\"@type\":\"ListItem\",\"@id\":\"https:\\\/\\\/www.encontrabelohorizonte.com.br\\\/sobre\\\/camara-de-belo-horizonte-mg-debate-integracao-entre-onibus-e-metro-da-regiao-metropolitana\\\/#listItem\",\"position\":3,\"name\":\"C\\u00e2mara de Belo Horizonte (MG) debate integra\\u00e7\\u00e3o entre \\u00f4nibus e metr\\u00f4 da regi\\u00e3o metropolitana\",\"previousItem\":{\"@type\":\"ListItem\",\"@id\":\"https:\\\/\\\/www.encontrabelohorizonte.com.br\\\/sobre\\\/noticias\\\/#listItem\",\"name\":\"Not\\u00edcias Belo Horizonte\"}}]},{\"@type\":\"Organization\",\"@id\":\"https:\\\/\\\/www.encontrabelohorizonte.com.br\\\/sobre\\\/#organization\",\"name\":\"Encontra Belo Horizonte\",\"description\":\"Not\\u00edcias, eventos, informa\\u00e7\\u00f5es e dicas da cidade de Belo Horizonte e regi\\u00e3o\",\"url\":\"https:\\\/\\\/www.encontrabelohorizonte.com.br\\\/sobre\\\/\"},{\"@type\":\"Person\",\"@id\":\"https:\\\/\\\/www.encontrabelohorizonte.com.br\\\/sobre\\\/author\\\/ebelohorizonte\\\/#author\",\"url\":\"https:\\\/\\\/www.encontrabelohorizonte.com.br\\\/sobre\\\/author\\\/ebelohorizonte\\\/\",\"name\":\"Encontra Belo Horizonte\",\"image\":{\"@type\":\"ImageObject\",\"@id\":\"https:\\\/\\\/www.encontrabelohorizonte.com.br\\\/sobre\\\/camara-de-belo-horizonte-mg-debate-integracao-entre-onibus-e-metro-da-regiao-metropolitana\\\/#authorImage\",\"url\":\"https:\\\/\\\/secure.gravatar.com\\\/avatar\\\/507340682b8270222e1f208e23198b6ae7e2c6a1033ae84e99bc6bce4f82a387?s=96&d=mm&r=g\",\"width\":96,\"height\":96,\"caption\":\"Encontra Belo Horizonte\"}},{\"@type\":\"WebPage\",\"@id\":\"https:\\\/\\\/www.encontrabelohorizonte.com.br\\\/sobre\\\/camara-de-belo-horizonte-mg-debate-integracao-entre-onibus-e-metro-da-regiao-metropolitana\\\/#webpage\",\"url\":\"https:\\\/\\\/www.encontrabelohorizonte.com.br\\\/sobre\\\/camara-de-belo-horizonte-mg-debate-integracao-entre-onibus-e-metro-da-regiao-metropolitana\\\/\",\"name\":\"C\\u00e2mara de Belo Horizonte (MG) debate integra\\u00e7\\u00e3o entre \\u00f4nibus e metr\\u00f4 da regi\\u00e3o metropolitana | Encontra Belo Horizonte\",\"description\":\"Integra\\u00e7\\u00e3o entre \\u00f4nibus e metr\\u00f4: um passo importante para a mobilidade em BH.\",\"inLanguage\":\"pt-BR\",\"isPartOf\":{\"@id\":\"https:\\\/\\\/www.encontrabelohorizonte.com.br\\\/sobre\\\/#website\"},\"breadcrumb\":{\"@id\":\"https:\\\/\\\/www.encontrabelohorizonte.com.br\\\/sobre\\\/camara-de-belo-horizonte-mg-debate-integracao-entre-onibus-e-metro-da-regiao-metropolitana\\\/#breadcrumblist\"},\"author\":{\"@id\":\"https:\\\/\\\/www.encontrabelohorizonte.com.br\\\/sobre\\\/author\\\/ebelohorizonte\\\/#author\"},\"creator\":{\"@id\":\"https:\\\/\\\/www.encontrabelohorizonte.com.br\\\/sobre\\\/author\\\/ebelohorizonte\\\/#author\"},\"image\":{\"@type\":\"ImageObject\",\"url\":\"https:\\\/\\\/www.encontrabelohorizonte.com.br\\\/sobre\\\/wp-content\\\/uploads\\\/camara-de-belo-horizonte-mg-debate-integracao-entre-onibus-e-metro-da-regiao-metropolitana.webp\",\"@id\":\"https:\\\/\\\/www.encontrabelohorizonte.com.br\\\/sobre\\\/camara-de-belo-horizonte-mg-debate-integracao-entre-onibus-e-metro-da-regiao-metropolitana\\\/#mainImage\",\"width\":280,\"height\":280,\"caption\":\"integra\\u00e7\\u00e3o entre \\u00f4nibus e metr\\u00f4\"},\"primaryImageOfPage\":{\"@id\":\"https:\\\/\\\/www.encontrabelohorizonte.com.br\\\/sobre\\\/camara-de-belo-horizonte-mg-debate-integracao-entre-onibus-e-metro-da-regiao-metropolitana\\\/#mainImage\"},\"datePublished\":\"2026-07-30T07:33:02-03:00\",\"dateModified\":\"2026-07-30T07:33:02-03:00\"},{\"@type\":\"WebSite\",\"@id\":\"https:\\\/\\\/www.encontrabelohorizonte.com.br\\\/sobre\\\/#website\",\"url\":\"https:\\\/\\\/www.encontrabelohorizonte.com.br\\\/sobre\\\/\",\"name\":\"Encontra Belo Horizonte\",\"description\":\"Not\\u00edcias, eventos, informa\\u00e7\\u00f5es e dicas da cidade de Belo Horizonte e regi\\u00e3o\",\"inLanguage\":\"pt-BR\",\"publisher\":{\"@id\":\"https:\\\/\\\/www.encontrabelohorizonte.com.br\\\/sobre\\\/#organization\"}}]}\n\t\t<\/script>\n\t\t<!-- All in One SEO -->\n\n","aioseo_head_json":{"title":"C\u00e2mara de Belo Horizonte (MG) debate integra\u00e7\u00e3o entre \u00f4nibus e metr\u00f4 da regi\u00e3o metropolitana | Encontra Belo Horizonte","description":"Integra\u00e7\u00e3o entre \u00f4nibus e metr\u00f4: um passo importante para a mobilidade em BH.","canonical_url":"https:\/\/www.encontrabelohorizonte.com.br\/sobre\/camara-de-belo-horizonte-mg-debate-integracao-entre-onibus-e-metro-da-regiao-metropolitana\/","robots":"max-image-preview:large","keywords":"","webmasterTools":{"miscellaneous":""},"schema":{"@context":"https:\/\/schema.org","@graph":[{"@type":"Article","@id":"https:\/\/www.encontrabelohorizonte.com.br\/sobre\/camara-de-belo-horizonte-mg-debate-integracao-entre-onibus-e-metro-da-regiao-metropolitana\/#article","name":"C\u00e2mara de Belo Horizonte (MG) debate integra\u00e7\u00e3o entre \u00f4nibus e metr\u00f4 da regi\u00e3o metropolitana | Encontra Belo Horizonte","headline":"C\u00e2mara de Belo Horizonte (MG) debate integra\u00e7\u00e3o entre \u00f4nibus e metr\u00f4 da regi\u00e3o metropolitana","author":{"@id":"https:\/\/www.encontrabelohorizonte.com.br\/sobre\/author\/ebelohorizonte\/#author"},"publisher":{"@id":"https:\/\/www.encontrabelohorizonte.com.br\/sobre\/#organization"},"image":{"@type":"ImageObject","url":"https:\/\/www.encontrabelohorizonte.com.br\/sobre\/wp-content\/uploads\/camara-de-belo-horizonte-mg-debate-integracao-entre-onibus-e-metro-da-regiao-metropolitana.webp","width":280,"height":280,"caption":"integra\u00e7\u00e3o entre \u00f4nibus e metr\u00f4"},"datePublished":"2026-07-30T07:33:02-03:00","dateModified":"2026-07-30T07:33:02-03:00","inLanguage":"pt-BR","mainEntityOfPage":{"@id":"https:\/\/www.encontrabelohorizonte.com.br\/sobre\/camara-de-belo-horizonte-mg-debate-integracao-entre-onibus-e-metro-da-regiao-metropolitana\/#webpage"},"isPartOf":{"@id":"https:\/\/www.encontrabelohorizonte.com.br\/sobre\/camara-de-belo-horizonte-mg-debate-integracao-entre-onibus-e-metro-da-regiao-metropolitana\/#webpage"},"articleSection":"Not\u00edcias Belo Horizonte"},{"@type":"BreadcrumbList","@id":"https:\/\/www.encontrabelohorizonte.com.br\/sobre\/camara-de-belo-horizonte-mg-debate-integracao-entre-onibus-e-metro-da-regiao-metropolitana\/#breadcrumblist","itemListElement":[{"@type":"ListItem","@id":"https:\/\/www.encontrabelohorizonte.com.br\/sobre#listItem","position":1,"name":"In\u00edcio","item":"https:\/\/www.encontrabelohorizonte.com.br\/sobre","nextItem":{"@type":"ListItem","@id":"https:\/\/www.encontrabelohorizonte.com.br\/sobre\/noticias\/#listItem","name":"Not\u00edcias Belo Horizonte"}},{"@type":"ListItem","@id":"https:\/\/www.encontrabelohorizonte.com.br\/sobre\/noticias\/#listItem","position":2,"name":"Not\u00edcias Belo Horizonte","item":"https:\/\/www.encontrabelohorizonte.com.br\/sobre\/noticias\/","nextItem":{"@type":"ListItem","@id":"https:\/\/www.encontrabelohorizonte.com.br\/sobre\/camara-de-belo-horizonte-mg-debate-integracao-entre-onibus-e-metro-da-regiao-metropolitana\/#listItem","name":"C\u00e2mara de Belo Horizonte (MG) debate integra\u00e7\u00e3o entre \u00f4nibus e metr\u00f4 da regi\u00e3o metropolitana"},"previousItem":{"@type":"ListItem","@id":"https:\/\/www.encontrabelohorizonte.com.br\/sobre#listItem","name":"In\u00edcio"}},{"@type":"ListItem","@id":"https:\/\/www.encontrabelohorizonte.com.br\/sobre\/camara-de-belo-horizonte-mg-debate-integracao-entre-onibus-e-metro-da-regiao-metropolitana\/#listItem","position":3,"name":"C\u00e2mara de Belo Horizonte (MG) debate integra\u00e7\u00e3o entre \u00f4nibus e metr\u00f4 da regi\u00e3o metropolitana","previousItem":{"@type":"ListItem","@id":"https:\/\/www.encontrabelohorizonte.com.br\/sobre\/noticias\/#listItem","name":"Not\u00edcias Belo Horizonte"}}]},{"@type":"Organization","@id":"https:\/\/www.encontrabelohorizonte.com.br\/sobre\/#organization","name":"Encontra Belo Horizonte","description":"Not\u00edcias, eventos, informa\u00e7\u00f5es e dicas da cidade de Belo Horizonte e regi\u00e3o","url":"https:\/\/www.encontrabelohorizonte.com.br\/sobre\/"},{"@type":"Person","@id":"https:\/\/www.encontrabelohorizonte.com.br\/sobre\/author\/ebelohorizonte\/#author","url":"https:\/\/www.encontrabelohorizonte.com.br\/sobre\/author\/ebelohorizonte\/","name":"Encontra Belo Horizonte","image":{"@type":"ImageObject","@id":"https:\/\/www.encontrabelohorizonte.com.br\/sobre\/camara-de-belo-horizonte-mg-debate-integracao-entre-onibus-e-metro-da-regiao-metropolitana\/#authorImage","url":"https:\/\/secure.gravatar.com\/avatar\/507340682b8270222e1f208e23198b6ae7e2c6a1033ae84e99bc6bce4f82a387?s=96&d=mm&r=g","width":96,"height":96,"caption":"Encontra Belo Horizonte"}},{"@type":"WebPage","@id":"https:\/\/www.encontrabelohorizonte.com.br\/sobre\/camara-de-belo-horizonte-mg-debate-integracao-entre-onibus-e-metro-da-regiao-metropolitana\/#webpage","url":"https:\/\/www.encontrabelohorizonte.com.br\/sobre\/camara-de-belo-horizonte-mg-debate-integracao-entre-onibus-e-metro-da-regiao-metropolitana\/","name":"C\u00e2mara de Belo Horizonte (MG) debate integra\u00e7\u00e3o entre \u00f4nibus e metr\u00f4 da regi\u00e3o metropolitana | Encontra Belo Horizonte","description":"Integra\u00e7\u00e3o entre \u00f4nibus e metr\u00f4: um passo importante para a mobilidade em BH.","inLanguage":"pt-BR","isPartOf":{"@id":"https:\/\/www.encontrabelohorizonte.com.br\/sobre\/#website"},"breadcrumb":{"@id":"https:\/\/www.encontrabelohorizonte.com.br\/sobre\/camara-de-belo-horizonte-mg-debate-integracao-entre-onibus-e-metro-da-regiao-metropolitana\/#breadcrumblist"},"author":{"@id":"https:\/\/www.encontrabelohorizonte.com.br\/sobre\/author\/ebelohorizonte\/#author"},"creator":{"@id":"https:\/\/www.encontrabelohorizonte.com.br\/sobre\/author\/ebelohorizonte\/#author"},"image":{"@type":"ImageObject","url":"https:\/\/www.encontrabelohorizonte.com.br\/sobre\/wp-content\/uploads\/camara-de-belo-horizonte-mg-debate-integracao-entre-onibus-e-metro-da-regiao-metropolitana.webp","@id":"https:\/\/www.encontrabelohorizonte.com.br\/sobre\/camara-de-belo-horizonte-mg-debate-integracao-entre-onibus-e-metro-da-regiao-metropolitana\/#mainImage","width":280,"height":280,"caption":"integra\u00e7\u00e3o entre \u00f4nibus e metr\u00f4"},"primaryImageOfPage":{"@id":"https:\/\/www.encontrabelohorizonte.com.br\/sobre\/camara-de-belo-horizonte-mg-debate-integracao-entre-onibus-e-metro-da-regiao-metropolitana\/#mainImage"},"datePublished":"2026-07-30T07:33:02-03:00","dateModified":"2026-07-30T07:33:02-03:00"},{"@type":"WebSite","@id":"https:\/\/www.encontrabelohorizonte.com.br\/sobre\/#website","url":"https:\/\/www.encontrabelohorizonte.com.br\/sobre\/","name":"Encontra Belo Horizonte","description":"Not\u00edcias, eventos, informa\u00e7\u00f5es e dicas da cidade de Belo Horizonte e regi\u00e3o","inLanguage":"pt-BR","publisher":{"@id":"https:\/\/www.encontrabelohorizonte.com.br\/sobre\/#organization"}}]},"og:locale":"pt_BR","og:site_name":"Encontra Belo Horizonte | Not\u00edcias, eventos, informa\u00e7\u00f5es e dicas da cidade de Belo Horizonte e regi\u00e3o","og:type":"article","og:title":"C\u00e2mara de Belo Horizonte (MG) debate integra\u00e7\u00e3o entre \u00f4nibus e metr\u00f4 da regi\u00e3o metropolitana | Encontra Belo Horizonte","og:description":"Integra\u00e7\u00e3o entre \u00f4nibus e metr\u00f4: um passo importante para a mobilidade em BH.","og:url":"https:\/\/www.encontrabelohorizonte.com.br\/sobre\/camara-de-belo-horizonte-mg-debate-integracao-entre-onibus-e-metro-da-regiao-metropolitana\/","article:published_time":"2026-07-30T10:33:02+00:00","article:modified_time":"2026-07-30T10:33:02+00:00","twitter:card":"summary","twitter:title":"C\u00e2mara de Belo Horizonte (MG) debate integra\u00e7\u00e3o entre \u00f4nibus e metr\u00f4 da regi\u00e3o metropolitana | Encontra Belo Horizonte","twitter:description":"Integra\u00e7\u00e3o entre \u00f4nibus e metr\u00f4: um passo importante para a mobilidade em BH."},"aioseo_meta_data":{"post_id":"4505","title":null,"description":null,"keywords":null,"keyphrases":null,"primary_term":null,"canonical_url":null,"og_title":null,"og_description":null,"og_object_type":"default","og_image_type":"default","og_image_url":null,"og_image_width":null,"og_image_height":null,"og_image_custom_url":null,"og_image_custom_fields":null,"og_video":null,"og_custom_url":null,"og_article_section":null,"og_article_tags":null,"twitter_use_og":false,"twitter_card":"default","twitter_image_type":"default","twitter_image_url":null,"twitter_image_custom_url":null,"twitter_image_custom_fields":null,"twitter_title":null,"twitter_description":null,"schema":{"blockGraphs":[],"customGraphs":[],"default":{"data":{"Article":[],"Course":[],"Dataset":[],"FAQPage":[],"Movie":[],"Person":[],"Product":[],"ProductReview":[],"Car":[],"Recipe":[],"Service":[],"SoftwareApplication":[],"WebPage":[]},"graphName":"WebPage","isEnabled":true},"graphs":[]},"schema_type":"default","schema_type_options":null,"pillar_content":false,"robots_default":true,"robots_noindex":false,"robots_noarchive":false,"robots_nosnippet":false,"robots_nofollow":false,"robots_noimageindex":false,"robots_noodp":false,"robots_notranslate":false,"robots_max_snippet":null,"robots_max_videopreview":null,"robots_max_imagepreview":"large","priority":null,"frequency":null,"local_seo":null,"breadcrumb_settings":null,"limit_modified_date":false,"ai":null,"created":"2026-07-30 10:33:04","updated":"2026-07-30 10:39:58","focus_keyword":null,"additional_keywords":null,"truseo_locale":null,"seo_analyzer_scan_date":null},"aioseo_breadcrumb":"<div class=\"aioseo-breadcrumbs\"><span class=\"aioseo-breadcrumb\">\n\t\t\t<a href=\"https:\/\/www.encontrabelohorizonte.com.br\/sobre\" title=\"In\u00edcio\">In\u00edcio<\/a>\n\t\t<\/span><span class=\"aioseo-breadcrumb-separator\">&raquo;<\/span><span class=\"aioseo-breadcrumb\">\n\t\t\t<a href=\"https:\/\/www.encontrabelohorizonte.com.br\/sobre\/noticias\/\" title=\"Not\u00edcias Belo Horizonte\">Not\u00edcias Belo Horizonte<\/a>\n\t\t<\/span><span class=\"aioseo-breadcrumb-separator\">&raquo;<\/span><span class=\"aioseo-breadcrumb\">\n\t\t\tC\u00e2mara de Belo Horizonte (MG) debate integra\u00e7\u00e3o entre \u00f4nibus e metr\u00f4 da regi\u00e3o metropolitana\n\t\t<\/span><\/div>","aioseo_breadcrumb_json":[{"label":"In\u00edcio","link":"https:\/\/www.encontrabelohorizonte.com.br\/sobre"},{"label":"Not\u00edcias Belo Horizonte","link":"https:\/\/www.encontrabelohorizonte.com.br\/sobre\/noticias\/"},{"label":"C\u00e2mara de Belo Horizonte (MG) debate integra\u00e7\u00e3o entre \u00f4nibus e metr\u00f4 da regi\u00e3o metropolitana","link":"https:\/\/www.encontrabelohorizonte.com.br\/sobre\/camara-de-belo-horizonte-mg-debate-integracao-entre-onibus-e-metro-da-regiao-metropolitana\/"}],"_links":{"self":[{"href":"https:\/\/www.encontrabelohorizonte.com.br\/sobre\/wp-json\/wp\/v2\/posts\/4505","targetHints":{"allow":["GET"]}}],"collection":[{"href":"https:\/\/www.encontrabelohorizonte.com.br\/sobre\/wp-json\/wp\/v2\/posts"}],"about":[{"href":"https:\/\/www.encontrabelohorizonte.com.br\/sobre\/wp-json\/wp\/v2\/types\/post"}],"author":[{"embeddable":true,"href":"https:\/\/www.encontrabelohorizonte.com.br\/sobre\/wp-json\/wp\/v2\/users\/1"}],"replies":[{"embeddable":true,"href":"https:\/\/www.encontrabelohorizonte.com.br\/sobre\/wp-json\/wp\/v2\/comments?post=4505"}],"version-history":[{"count":0,"href":"https:\/\/www.encontrabelohorizonte.com.br\/sobre\/wp-json\/wp\/v2\/posts\/4505\/revisions"}],"wp:featuredmedia":[{"embeddable":true,"href":"https:\/\/www.encontrabelohorizonte.com.br\/sobre\/wp-json\/wp\/v2\/media\/4504"}],"wp:attachment":[{"href":"https:\/\/www.encontrabelohorizonte.com.br\/sobre\/wp-json\/wp\/v2\/media?parent=4505"}],"wp:term":[{"taxonomy":"category","embeddable":true,"href":"https:\/\/www.encontrabelohorizonte.com.br\/sobre\/wp-json\/wp\/v2\/categories?post=4505"},{"taxonomy":"post_tag","embeddable":true,"href":"https:\/\/www.encontrabelohorizonte.com.br\/sobre\/wp-json\/wp\/v2\/tags?post=4505"}],"curies":[{"name":"wp","href":"https:\/\/api.w.org\/{rel}","templated":true}]}}