{"id":4507,"date":"2026-07-30T07:34:50","date_gmt":"2026-07-30T10:34:50","guid":{"rendered":"https:\/\/www.encontrabelohorizonte.com.br\/sobre\/video-mostra-cobertor-de-nuvens-que-se-formou-sobre-a-serra-do-curral-em-bh\/"},"modified":"2026-07-30T07:34:50","modified_gmt":"2026-07-30T10:34:50","slug":"video-mostra-cobertor-de-nuvens-que-se-formou-sobre-a-serra-do-curral-em-bh","status":"publish","type":"post","link":"https:\/\/www.encontrabelohorizonte.com.br\/sobre\/video-mostra-cobertor-de-nuvens-que-se-formou-sobre-a-serra-do-curral-em-bh\/","title":{"rendered":"V\u00eddeo mostra &#8216;cobertor&#8217; de nuvens que se formou sobre a Serra do Curral, em BH"},"content":{"rendered":"<div class=\"2e083cf0b19e2c11948dc6ac054ba979\" data-index=\"1\" style=\"float: none; margin:0px;\">\n<!-- Anuncio display - global -->\r\n<ins class=\"adsbygoogle\"\r\n     style=\"display:block\"\r\n     data-ad-client=\"ca-pub-8585364105181520\"\r\n     data-ad-slot=\"8789329856\"\r\n     data-ad-format=\"auto\"\r\n     data-full-width-responsive=\"true\"><\/ins>\r\n<script>\r\n     (adsbygoogle = window.adsbygoogle || []).push({});\r\n<\/script>\n<\/div>\n<h2>O Que \u00c9 Nuvem Orogr\u00e1fica?<\/h2>\n<p>A nuvem orogr\u00e1fica \u00e9 um fen\u00f4meno meteorol\u00f3gico que ocorre quando uma massa de ar \u00famido se depara com uma eleva\u00e7\u00e3o geogr\u00e1fica, como montanhas ou serras. Essa forma\u00e7\u00e3o espec\u00edfica de nuvens ocorre devido \u00e0 intera\u00e7\u00e3o entre o ar e a topografia. Ao encontrar uma barreira natural, o ar \u00e9 for\u00e7ado a subir e, ao faz\u00ea-lo, reduz sua temperatura, levando \u00e0 condensa\u00e7\u00e3o de vapor d\u2019\u00e1gua e \u00e0 cria\u00e7\u00e3o de nuvens. Esse fen\u00f4meno \u00e9 especialmente comum em regi\u00f5es montanhosas, onde as varia\u00e7\u00f5es de altitude t\u00eam um impacto significativo nas condi\u00e7\u00f5es clim\u00e1ticas locais.<\/p>\n<h2>Como Surge Este Fen\u00f4meno<\/h2>\n<p>A forma\u00e7\u00e3o das nuvens orogr\u00e1ficas est\u00e1 diretamente relacionada ao processo de advec\u00e7\u00e3o, que \u00e9 a movimenta\u00e7\u00e3o de uma massa de ar. Quando uma massa de ar quente e \u00famido entra em contato com uma montanha, o ar se eleva. Durante essa ascens\u00e3o, o ar se resfria, e a umidade presente come\u00e7a a condensar-se em pequenas got\u00edculas de \u00e1gua, formando nuvens densas ou nevoeiros ao redor das eleva\u00e7\u00f5es. Esse fen\u00f4meno \u00e9 mais pronunciado em certas \u00e9pocas do ano, como o outono e o inverno, quando a umidade e as temperaturas mais frias est\u00e3o presentes.<\/p>\n<h2>Causas da Forma\u00e7\u00e3o de Nuvens<\/h2>\n<p>As nuvens orogr\u00e1ficas s\u00e3o causadas por v\u00e1rias condi\u00e7\u00f5es atmosf\u00e9ricas, entre as quais se destacam:<\/p>\n<p><img decoding=\"async\" src=\"https:\/\/www.encontrabelohorizonte.com.br\/sobre\/wp-content\/uploads\/video-mostra-cobertor-de-nuvens-que-se-formou-sobre-a-serra-do-curral-em-bh.webp\" alt=\"nuvem orogr\u00e1fica\" loading=\"lazy\" \/><\/p>\n<ul>\n<li><strong>Umidade do Ar:<\/strong> A presen\u00e7a de ar \u00famido \u00e9 fundamental para a forma\u00e7\u00e3o de nuvens; sem umidade, n\u00e3o h\u00e1 condensa\u00e7\u00e3o.<\/li>\n<li><strong>Temperaturas Agrad\u00e1veis:<\/strong> Durante as manh\u00e3s frias, o ar mais frio perto do solo pode aumentar a efici\u00eancia da forma\u00e7\u00e3o de nuvens.<\/li>\n<li><strong>Topografia:<\/strong> A altura e a forma da montanha ou serra determinam como o ar se comporta ao passar por elas.<\/li>\n<\/ul>\n<h2>Impacto das Condi\u00e7\u00f5es Clim\u00e1ticas<\/h2>\n<p>As condi\u00e7\u00f5es clim\u00e1ticas em uma regi\u00e3o s\u00e3o cruciais para a ocorr\u00eancia de nuvens orogr\u00e1ficas. Fatores como press\u00e3o atmosf\u00e9rica, umidade relativa e temperatura afetam diretamente a intensidade e a frequ\u00eancia com que essas nuvens se formam. Nessas \u00e1reas, a meteorologia desempenha um papel vital, pois varia\u00e7\u00f5es sutis nas condi\u00e7\u00f5es podem levar ao surgimento repentino dessas nuvens. Por exemplo, uma frente fria que se aproxima pode resultar em um aumento acentuado da umidade, favorecendo a forma\u00e7\u00e3o de uma camada de nuvens orogr\u00e1ficas.<\/p>\n<h2>Observa\u00e7\u00f5es dos Moradores<\/h2>\n<p>Os residentes de \u00e1reas montanhosas frequentemente relatam fen\u00f4menos clim\u00e1ticos \u00fanicos associados \u00e0s nuvens orogr\u00e1ficas. Estes incluem:<\/p>\n<ul>\n<li><strong>Cobertores de Nuvens:<\/strong> Quando as nuvens formam uma &#8216;cobertura&#8217; sobre as montanhas, criando um visual impressionante.<\/li>\n<li><strong>Altera\u00e7\u00f5es R\u00e1pidas no Tempo:<\/strong> Mudan\u00e7as s\u00fabitas nas condi\u00e7\u00f5es clim\u00e1ticas podem ocorrer quando essas nuvens baixam e se movem em dire\u00e7\u00e3o \u00e0s regi\u00f5es habitadas.<\/li>\n<li><strong>Varia\u00e7\u00f5es na Temperatura Local:<\/strong> O controle da temperatura pode ser dr\u00e1stico, com temperaturas mais amenas abaixo das nuvens e mais frias acima.<\/li>\n<\/ul>\n<h2>Hist\u00f3rias de Fen\u00f4menos Passados<\/h2>\n<p>A hist\u00f3ria mostra que eventos clim\u00e1ticos extremos muitas vezes est\u00e3o conectados \u00e0 forma\u00e7\u00e3o de nuvens orogr\u00e1ficas. Por exemplo, um evento hist\u00f3rico em Belo Horizonte, onde a Serra do Curral foi cercada por nuvens densas, fascinou os moradores e meteorologistas. Essas forma\u00e7\u00f5es t\u00eam sido documentadas e at\u00e9 discutidas em contextos art\u00edsticos, proporcionando um espet\u00e1culo visual t\u00e3o poderoso que muitos tentaram captur\u00e1-lo em fotografias e pinturas.<\/p>\n<h2>Compara\u00e7\u00e3o com Outros Tipos de Nuvens<\/h2>\n<p>As nuvens orogr\u00e1ficas se diferenciam de outros tipos de forma\u00e7\u00f5es, como as nuvens cumulonimbus ou nubladas. Enquanto as cumulonimbus est\u00e3o associadas a tempestades e climas extremos, as nuvens orogr\u00e1ficas se caracterizam pela sua forma\u00e7\u00e3o em decorr\u00eancia das eleva\u00e7\u00f5es geogr\u00e1ficas. Elas tendem a ser menos destrutivas e s\u00e3o mais volumosas, geralmente se estendendo por grandes \u00e1reas. Al\u00e9m disso, a base das nuvens orogr\u00e1ficas pode muitas vezes ser mais baixa devido ao seu contato direto com o topo das montanhas.<\/p>\n<h2>Efeitos nas Comunidades Locais<\/h2>\n<p>Os impactos das nuvens orogr\u00e1ficas nas comunidades s\u00e3o multifacetados:<\/p>\n<ul>\n<li><strong>Problemas de Visibilidade:<\/strong> A forma\u00e7\u00e3o de nevoeiros pode tornar as estradas sinuosas perigosas.<\/li>\n<li><strong>Aumento nas Precipita\u00e7\u00f5es:<\/strong> Nesses locais, as chuvas tendem a ser mais intensas e frequentes, resultando em enchentes, mas, ao mesmo tempo, garantem o abastecimento de \u00e1gua das fontes locais.<\/li>\n<li><strong>Altera\u00e7\u00f5es na Agricultura:<\/strong> As pr\u00e1ticas agr\u00edcolas na regi\u00e3o frequentemente precisam ser adaptadas para lidar com os efeitos do clima variado gerado por essas nuvens.<\/li>\n<\/ul>\n<h2>O Papel da Meteorologia<\/h2>\n<p>A meteorologia dentro do contexto das nuvens orogr\u00e1ficas \u00e9 fundamental para prever e entender a din\u00e2mica clim\u00e1tica. Meteorologistas utilizam tecnologias avan\u00e7adas, como radar e sat\u00e9lites, para monitorar a forma\u00e7\u00e3o e a movimenta\u00e7\u00e3o dessas nuvens. Essa an\u00e1lise ajuda a prever altera\u00e7\u00f5es clim\u00e1ticas e alertar as comunidades sobre poss\u00edveis eventos clim\u00e1ticos extremos, como chuvas torrenciais que podem seguir a forma\u00e7\u00e3o dessas nuvens.<\/p>\n<h2>Import\u00e2ncia da Conscientiza\u00e7\u00e3o Clim\u00e1tica<\/h2>\n<p>Compreender a forma\u00e7\u00e3o e o papel das nuvens orogr\u00e1ficas \u00e9 crucial para promover a conscientiza\u00e7\u00e3o clim\u00e1tica. As comunidades que habitam regi\u00f5es afetadas por esses fen\u00f4menos precisam estar informadas sobre como se adaptar a eles. A educa\u00e7\u00e3o sobre como esses fen\u00f4menos impactam as condi\u00e7\u00f5es clim\u00e1ticas ajuda na gest\u00e3o de recursos h\u00eddricos e na preven\u00e7\u00e3o de desastres naturais. Portanto, aumentar a conscientiza\u00e7\u00e3o e o conhecimento sobre os padr\u00f5es clim\u00e1ticos \u00e9 vital para a resili\u00eancia das comunidades.<\/p>\n\n<div style=\"font-size: 0px; height: 0px; line-height: 0px; margin: 0; padding: 0; clear: both;\"><\/div>","protected":false},"excerpt":{"rendered":"<p>Nuvem orogr\u00e1fica se forma sobre a Serra do Curral em Belo Horizonte.<\/p>\n","protected":false},"author":1,"featured_media":4506,"comment_status":"closed","ping_status":"closed","sticky":false,"template":"","format":"standard","meta":{"footnotes":""},"categories":[6],"tags":[],"class_list":["post-4507","post","type-post","status-publish","format-standard","has-post-thumbnail","hentry","category-noticias","has_thumb"],"aioseo_notices":[],"aioseo_head":"\n\t\t<!-- All in One SEO 5.0.0.1 - aioseo.com -->\n\t<meta name=\"description\" content=\"Nuvem orogr\u00e1fica se forma sobre a Serra do Curral em Belo Horizonte.\" \/>\n\t<meta name=\"robots\" content=\"max-image-preview:large\" \/>\n\t<meta name=\"author\" content=\"Encontra Belo Horizonte\"\/>\n\t<link rel=\"canonical\" href=\"https:\/\/www.encontrabelohorizonte.com.br\/sobre\/video-mostra-cobertor-de-nuvens-que-se-formou-sobre-a-serra-do-curral-em-bh\/\" \/>\n\t<meta name=\"generator\" content=\"All in One SEO (AIOSEO) 5.0.0.1\" \/>\n\t\t<meta property=\"og:locale\" content=\"pt_BR\" \/>\n\t\t<meta property=\"og:site_name\" content=\"Encontra Belo Horizonte | Not\u00edcias, eventos, informa\u00e7\u00f5es e dicas da cidade de Belo Horizonte e regi\u00e3o\" \/>\n\t\t<meta property=\"og:type\" content=\"article\" \/>\n\t\t<meta property=\"og:title\" content=\"V\u00eddeo mostra \u2018cobertor\u2019 de nuvens que se formou sobre a Serra do Curral, em BH | Encontra Belo Horizonte\" \/>\n\t\t<meta property=\"og:description\" content=\"Nuvem orogr\u00e1fica se forma sobre a Serra do Curral em Belo Horizonte.\" \/>\n\t\t<meta property=\"og:url\" content=\"https:\/\/www.encontrabelohorizonte.com.br\/sobre\/video-mostra-cobertor-de-nuvens-que-se-formou-sobre-a-serra-do-curral-em-bh\/\" \/>\n\t\t<meta property=\"article:published_time\" content=\"2026-07-30T10:34:50+00:00\" \/>\n\t\t<meta property=\"article:modified_time\" content=\"2026-07-30T10:34:50+00:00\" \/>\n\t\t<meta name=\"twitter:card\" content=\"summary\" \/>\n\t\t<meta name=\"twitter:title\" content=\"V\u00eddeo mostra \u2018cobertor\u2019 de nuvens que se formou sobre a Serra do Curral, em BH | Encontra Belo Horizonte\" \/>\n\t\t<meta name=\"twitter:description\" content=\"Nuvem orogr\u00e1fica se forma sobre a Serra do Curral em Belo Horizonte.\" \/>\n\t\t<script type=\"application\/ld+json\" class=\"aioseo-schema\">\n\t\t\t{\"@context\":\"https:\\\/\\\/schema.org\",\"@graph\":[{\"@type\":\"Article\",\"@id\":\"https:\\\/\\\/www.encontrabelohorizonte.com.br\\\/sobre\\\/video-mostra-cobertor-de-nuvens-que-se-formou-sobre-a-serra-do-curral-em-bh\\\/#article\",\"name\":\"V\\u00eddeo mostra \\u2018cobertor\\u2019 de nuvens que se formou sobre a Serra do Curral, em BH | Encontra Belo Horizonte\",\"headline\":\"V\\u00eddeo mostra &#8216;cobertor&#8217; de nuvens que se formou sobre a Serra do Curral, em BH\",\"author\":{\"@id\":\"https:\\\/\\\/www.encontrabelohorizonte.com.br\\\/sobre\\\/author\\\/ebelohorizonte\\\/#author\"},\"publisher\":{\"@id\":\"https:\\\/\\\/www.encontrabelohorizonte.com.br\\\/sobre\\\/#organization\"},\"image\":{\"@type\":\"ImageObject\",\"url\":\"https:\\\/\\\/www.encontrabelohorizonte.com.br\\\/sobre\\\/wp-content\\\/uploads\\\/video-mostra-cobertor-de-nuvens-que-se-formou-sobre-a-serra-do-curral-em-bh.webp\",\"width\":280,\"height\":280,\"caption\":\"nuvem orogr\\u00e1fica\"},\"datePublished\":\"2026-07-30T07:34:50-03:00\",\"dateModified\":\"2026-07-30T07:34:50-03:00\",\"inLanguage\":\"pt-BR\",\"mainEntityOfPage\":{\"@id\":\"https:\\\/\\\/www.encontrabelohorizonte.com.br\\\/sobre\\\/video-mostra-cobertor-de-nuvens-que-se-formou-sobre-a-serra-do-curral-em-bh\\\/#webpage\"},\"isPartOf\":{\"@id\":\"https:\\\/\\\/www.encontrabelohorizonte.com.br\\\/sobre\\\/video-mostra-cobertor-de-nuvens-que-se-formou-sobre-a-serra-do-curral-em-bh\\\/#webpage\"},\"articleSection\":\"Not\\u00edcias Belo Horizonte\"},{\"@type\":\"BreadcrumbList\",\"@id\":\"https:\\\/\\\/www.encontrabelohorizonte.com.br\\\/sobre\\\/video-mostra-cobertor-de-nuvens-que-se-formou-sobre-a-serra-do-curral-em-bh\\\/#breadcrumblist\",\"itemListElement\":[{\"@type\":\"ListItem\",\"@id\":\"https:\\\/\\\/www.encontrabelohorizonte.com.br\\\/sobre#listItem\",\"position\":1,\"name\":\"In\\u00edcio\",\"item\":\"https:\\\/\\\/www.encontrabelohorizonte.com.br\\\/sobre\",\"nextItem\":{\"@type\":\"ListItem\",\"@id\":\"https:\\\/\\\/www.encontrabelohorizonte.com.br\\\/sobre\\\/noticias\\\/#listItem\",\"name\":\"Not\\u00edcias Belo Horizonte\"}},{\"@type\":\"ListItem\",\"@id\":\"https:\\\/\\\/www.encontrabelohorizonte.com.br\\\/sobre\\\/noticias\\\/#listItem\",\"position\":2,\"name\":\"Not\\u00edcias Belo Horizonte\",\"item\":\"https:\\\/\\\/www.encontrabelohorizonte.com.br\\\/sobre\\\/noticias\\\/\",\"nextItem\":{\"@type\":\"ListItem\",\"@id\":\"https:\\\/\\\/www.encontrabelohorizonte.com.br\\\/sobre\\\/video-mostra-cobertor-de-nuvens-que-se-formou-sobre-a-serra-do-curral-em-bh\\\/#listItem\",\"name\":\"V\\u00eddeo mostra &#8216;cobertor&#8217; de nuvens que se formou sobre a Serra do Curral, em BH\"},\"previousItem\":{\"@type\":\"ListItem\",\"@id\":\"https:\\\/\\\/www.encontrabelohorizonte.com.br\\\/sobre#listItem\",\"name\":\"In\\u00edcio\"}},{\"@type\":\"ListItem\",\"@id\":\"https:\\\/\\\/www.encontrabelohorizonte.com.br\\\/sobre\\\/video-mostra-cobertor-de-nuvens-que-se-formou-sobre-a-serra-do-curral-em-bh\\\/#listItem\",\"position\":3,\"name\":\"V\\u00eddeo mostra &#8216;cobertor&#8217; de nuvens que se formou sobre a Serra do Curral, em BH\",\"previousItem\":{\"@type\":\"ListItem\",\"@id\":\"https:\\\/\\\/www.encontrabelohorizonte.com.br\\\/sobre\\\/noticias\\\/#listItem\",\"name\":\"Not\\u00edcias Belo Horizonte\"}}]},{\"@type\":\"Organization\",\"@id\":\"https:\\\/\\\/www.encontrabelohorizonte.com.br\\\/sobre\\\/#organization\",\"name\":\"Encontra Belo Horizonte\",\"description\":\"Not\\u00edcias, eventos, informa\\u00e7\\u00f5es e dicas da cidade de Belo Horizonte e regi\\u00e3o\",\"url\":\"https:\\\/\\\/www.encontrabelohorizonte.com.br\\\/sobre\\\/\"},{\"@type\":\"Person\",\"@id\":\"https:\\\/\\\/www.encontrabelohorizonte.com.br\\\/sobre\\\/author\\\/ebelohorizonte\\\/#author\",\"url\":\"https:\\\/\\\/www.encontrabelohorizonte.com.br\\\/sobre\\\/author\\\/ebelohorizonte\\\/\",\"name\":\"Encontra Belo Horizonte\",\"image\":{\"@type\":\"ImageObject\",\"@id\":\"https:\\\/\\\/www.encontrabelohorizonte.com.br\\\/sobre\\\/video-mostra-cobertor-de-nuvens-que-se-formou-sobre-a-serra-do-curral-em-bh\\\/#authorImage\",\"url\":\"https:\\\/\\\/secure.gravatar.com\\\/avatar\\\/507340682b8270222e1f208e23198b6ae7e2c6a1033ae84e99bc6bce4f82a387?s=96&d=mm&r=g\",\"width\":96,\"height\":96,\"caption\":\"Encontra Belo Horizonte\"}},{\"@type\":\"WebPage\",\"@id\":\"https:\\\/\\\/www.encontrabelohorizonte.com.br\\\/sobre\\\/video-mostra-cobertor-de-nuvens-que-se-formou-sobre-a-serra-do-curral-em-bh\\\/#webpage\",\"url\":\"https:\\\/\\\/www.encontrabelohorizonte.com.br\\\/sobre\\\/video-mostra-cobertor-de-nuvens-que-se-formou-sobre-a-serra-do-curral-em-bh\\\/\",\"name\":\"V\\u00eddeo mostra \\u2018cobertor\\u2019 de nuvens que se formou sobre a Serra do Curral, em BH | Encontra Belo Horizonte\",\"description\":\"Nuvem orogr\\u00e1fica se forma sobre a Serra do Curral em Belo Horizonte.\",\"inLanguage\":\"pt-BR\",\"isPartOf\":{\"@id\":\"https:\\\/\\\/www.encontrabelohorizonte.com.br\\\/sobre\\\/#website\"},\"breadcrumb\":{\"@id\":\"https:\\\/\\\/www.encontrabelohorizonte.com.br\\\/sobre\\\/video-mostra-cobertor-de-nuvens-que-se-formou-sobre-a-serra-do-curral-em-bh\\\/#breadcrumblist\"},\"author\":{\"@id\":\"https:\\\/\\\/www.encontrabelohorizonte.com.br\\\/sobre\\\/author\\\/ebelohorizonte\\\/#author\"},\"creator\":{\"@id\":\"https:\\\/\\\/www.encontrabelohorizonte.com.br\\\/sobre\\\/author\\\/ebelohorizonte\\\/#author\"},\"image\":{\"@type\":\"ImageObject\",\"url\":\"https:\\\/\\\/www.encontrabelohorizonte.com.br\\\/sobre\\\/wp-content\\\/uploads\\\/video-mostra-cobertor-de-nuvens-que-se-formou-sobre-a-serra-do-curral-em-bh.webp\",\"@id\":\"https:\\\/\\\/www.encontrabelohorizonte.com.br\\\/sobre\\\/video-mostra-cobertor-de-nuvens-que-se-formou-sobre-a-serra-do-curral-em-bh\\\/#mainImage\",\"width\":280,\"height\":280,\"caption\":\"nuvem orogr\\u00e1fica\"},\"primaryImageOfPage\":{\"@id\":\"https:\\\/\\\/www.encontrabelohorizonte.com.br\\\/sobre\\\/video-mostra-cobertor-de-nuvens-que-se-formou-sobre-a-serra-do-curral-em-bh\\\/#mainImage\"},\"datePublished\":\"2026-07-30T07:34:50-03:00\",\"dateModified\":\"2026-07-30T07:34:50-03:00\"},{\"@type\":\"WebSite\",\"@id\":\"https:\\\/\\\/www.encontrabelohorizonte.com.br\\\/sobre\\\/#website\",\"url\":\"https:\\\/\\\/www.encontrabelohorizonte.com.br\\\/sobre\\\/\",\"name\":\"Encontra Belo Horizonte\",\"description\":\"Not\\u00edcias, eventos, informa\\u00e7\\u00f5es e dicas da cidade de Belo Horizonte e regi\\u00e3o\",\"inLanguage\":\"pt-BR\",\"publisher\":{\"@id\":\"https:\\\/\\\/www.encontrabelohorizonte.com.br\\\/sobre\\\/#organization\"}}]}\n\t\t<\/script>\n\t\t<!-- All in One SEO -->\n\n","aioseo_head_json":{"title":"V\u00eddeo mostra \u2018cobertor\u2019 de nuvens que se formou sobre a Serra do Curral, em BH | Encontra Belo Horizonte","description":"Nuvem orogr\u00e1fica se forma sobre a Serra do Curral em Belo Horizonte.","canonical_url":"https:\/\/www.encontrabelohorizonte.com.br\/sobre\/video-mostra-cobertor-de-nuvens-que-se-formou-sobre-a-serra-do-curral-em-bh\/","robots":"max-image-preview:large","keywords":"","webmasterTools":{"miscellaneous":""},"schema":{"@context":"https:\/\/schema.org","@graph":[{"@type":"Article","@id":"https:\/\/www.encontrabelohorizonte.com.br\/sobre\/video-mostra-cobertor-de-nuvens-que-se-formou-sobre-a-serra-do-curral-em-bh\/#article","name":"V\u00eddeo mostra \u2018cobertor\u2019 de nuvens que se formou sobre a Serra do Curral, em BH | Encontra Belo Horizonte","headline":"V\u00eddeo mostra &#8216;cobertor&#8217; de nuvens que se formou sobre a Serra do Curral, em BH","author":{"@id":"https:\/\/www.encontrabelohorizonte.com.br\/sobre\/author\/ebelohorizonte\/#author"},"publisher":{"@id":"https:\/\/www.encontrabelohorizonte.com.br\/sobre\/#organization"},"image":{"@type":"ImageObject","url":"https:\/\/www.encontrabelohorizonte.com.br\/sobre\/wp-content\/uploads\/video-mostra-cobertor-de-nuvens-que-se-formou-sobre-a-serra-do-curral-em-bh.webp","width":280,"height":280,"caption":"nuvem orogr\u00e1fica"},"datePublished":"2026-07-30T07:34:50-03:00","dateModified":"2026-07-30T07:34:50-03:00","inLanguage":"pt-BR","mainEntityOfPage":{"@id":"https:\/\/www.encontrabelohorizonte.com.br\/sobre\/video-mostra-cobertor-de-nuvens-que-se-formou-sobre-a-serra-do-curral-em-bh\/#webpage"},"isPartOf":{"@id":"https:\/\/www.encontrabelohorizonte.com.br\/sobre\/video-mostra-cobertor-de-nuvens-que-se-formou-sobre-a-serra-do-curral-em-bh\/#webpage"},"articleSection":"Not\u00edcias Belo Horizonte"},{"@type":"BreadcrumbList","@id":"https:\/\/www.encontrabelohorizonte.com.br\/sobre\/video-mostra-cobertor-de-nuvens-que-se-formou-sobre-a-serra-do-curral-em-bh\/#breadcrumblist","itemListElement":[{"@type":"ListItem","@id":"https:\/\/www.encontrabelohorizonte.com.br\/sobre#listItem","position":1,"name":"In\u00edcio","item":"https:\/\/www.encontrabelohorizonte.com.br\/sobre","nextItem":{"@type":"ListItem","@id":"https:\/\/www.encontrabelohorizonte.com.br\/sobre\/noticias\/#listItem","name":"Not\u00edcias Belo Horizonte"}},{"@type":"ListItem","@id":"https:\/\/www.encontrabelohorizonte.com.br\/sobre\/noticias\/#listItem","position":2,"name":"Not\u00edcias Belo Horizonte","item":"https:\/\/www.encontrabelohorizonte.com.br\/sobre\/noticias\/","nextItem":{"@type":"ListItem","@id":"https:\/\/www.encontrabelohorizonte.com.br\/sobre\/video-mostra-cobertor-de-nuvens-que-se-formou-sobre-a-serra-do-curral-em-bh\/#listItem","name":"V\u00eddeo mostra &#8216;cobertor&#8217; de nuvens que se formou sobre a Serra do Curral, em BH"},"previousItem":{"@type":"ListItem","@id":"https:\/\/www.encontrabelohorizonte.com.br\/sobre#listItem","name":"In\u00edcio"}},{"@type":"ListItem","@id":"https:\/\/www.encontrabelohorizonte.com.br\/sobre\/video-mostra-cobertor-de-nuvens-que-se-formou-sobre-a-serra-do-curral-em-bh\/#listItem","position":3,"name":"V\u00eddeo mostra &#8216;cobertor&#8217; de nuvens que se formou sobre a Serra do Curral, em BH","previousItem":{"@type":"ListItem","@id":"https:\/\/www.encontrabelohorizonte.com.br\/sobre\/noticias\/#listItem","name":"Not\u00edcias Belo Horizonte"}}]},{"@type":"Organization","@id":"https:\/\/www.encontrabelohorizonte.com.br\/sobre\/#organization","name":"Encontra Belo Horizonte","description":"Not\u00edcias, eventos, informa\u00e7\u00f5es e dicas da cidade de Belo Horizonte e regi\u00e3o","url":"https:\/\/www.encontrabelohorizonte.com.br\/sobre\/"},{"@type":"Person","@id":"https:\/\/www.encontrabelohorizonte.com.br\/sobre\/author\/ebelohorizonte\/#author","url":"https:\/\/www.encontrabelohorizonte.com.br\/sobre\/author\/ebelohorizonte\/","name":"Encontra Belo Horizonte","image":{"@type":"ImageObject","@id":"https:\/\/www.encontrabelohorizonte.com.br\/sobre\/video-mostra-cobertor-de-nuvens-que-se-formou-sobre-a-serra-do-curral-em-bh\/#authorImage","url":"https:\/\/secure.gravatar.com\/avatar\/507340682b8270222e1f208e23198b6ae7e2c6a1033ae84e99bc6bce4f82a387?s=96&d=mm&r=g","width":96,"height":96,"caption":"Encontra Belo Horizonte"}},{"@type":"WebPage","@id":"https:\/\/www.encontrabelohorizonte.com.br\/sobre\/video-mostra-cobertor-de-nuvens-que-se-formou-sobre-a-serra-do-curral-em-bh\/#webpage","url":"https:\/\/www.encontrabelohorizonte.com.br\/sobre\/video-mostra-cobertor-de-nuvens-que-se-formou-sobre-a-serra-do-curral-em-bh\/","name":"V\u00eddeo mostra \u2018cobertor\u2019 de nuvens que se formou sobre a Serra do Curral, em BH | Encontra Belo Horizonte","description":"Nuvem orogr\u00e1fica se forma sobre a Serra do Curral em Belo Horizonte.","inLanguage":"pt-BR","isPartOf":{"@id":"https:\/\/www.encontrabelohorizonte.com.br\/sobre\/#website"},"breadcrumb":{"@id":"https:\/\/www.encontrabelohorizonte.com.br\/sobre\/video-mostra-cobertor-de-nuvens-que-se-formou-sobre-a-serra-do-curral-em-bh\/#breadcrumblist"},"author":{"@id":"https:\/\/www.encontrabelohorizonte.com.br\/sobre\/author\/ebelohorizonte\/#author"},"creator":{"@id":"https:\/\/www.encontrabelohorizonte.com.br\/sobre\/author\/ebelohorizonte\/#author"},"image":{"@type":"ImageObject","url":"https:\/\/www.encontrabelohorizonte.com.br\/sobre\/wp-content\/uploads\/video-mostra-cobertor-de-nuvens-que-se-formou-sobre-a-serra-do-curral-em-bh.webp","@id":"https:\/\/www.encontrabelohorizonte.com.br\/sobre\/video-mostra-cobertor-de-nuvens-que-se-formou-sobre-a-serra-do-curral-em-bh\/#mainImage","width":280,"height":280,"caption":"nuvem orogr\u00e1fica"},"primaryImageOfPage":{"@id":"https:\/\/www.encontrabelohorizonte.com.br\/sobre\/video-mostra-cobertor-de-nuvens-que-se-formou-sobre-a-serra-do-curral-em-bh\/#mainImage"},"datePublished":"2026-07-30T07:34:50-03:00","dateModified":"2026-07-30T07:34:50-03:00"},{"@type":"WebSite","@id":"https:\/\/www.encontrabelohorizonte.com.br\/sobre\/#website","url":"https:\/\/www.encontrabelohorizonte.com.br\/sobre\/","name":"Encontra Belo Horizonte","description":"Not\u00edcias, eventos, informa\u00e7\u00f5es e dicas da cidade de Belo Horizonte e regi\u00e3o","inLanguage":"pt-BR","publisher":{"@id":"https:\/\/www.encontrabelohorizonte.com.br\/sobre\/#organization"}}]},"og:locale":"pt_BR","og:site_name":"Encontra Belo Horizonte | Not\u00edcias, eventos, informa\u00e7\u00f5es e dicas da cidade de Belo Horizonte e regi\u00e3o","og:type":"article","og:title":"V\u00eddeo mostra \u2018cobertor\u2019 de nuvens que se formou sobre a Serra do Curral, em BH | Encontra Belo Horizonte","og:description":"Nuvem orogr\u00e1fica se forma sobre a Serra do Curral em Belo Horizonte.","og:url":"https:\/\/www.encontrabelohorizonte.com.br\/sobre\/video-mostra-cobertor-de-nuvens-que-se-formou-sobre-a-serra-do-curral-em-bh\/","article:published_time":"2026-07-30T10:34:50+00:00","article:modified_time":"2026-07-30T10:34:50+00:00","twitter:card":"summary","twitter:title":"V\u00eddeo mostra \u2018cobertor\u2019 de nuvens que se formou sobre a Serra do Curral, em BH | Encontra Belo Horizonte","twitter:description":"Nuvem orogr\u00e1fica se forma sobre a Serra do Curral em Belo Horizonte."},"aioseo_meta_data":{"post_id":"4507","title":null,"description":null,"keywords":null,"keyphrases":null,"primary_term":null,"canonical_url":null,"og_title":null,"og_description":null,"og_object_type":"default","og_image_type":"default","og_image_url":null,"og_image_width":null,"og_image_height":null,"og_image_custom_url":null,"og_image_custom_fields":null,"og_video":null,"og_custom_url":null,"og_article_section":null,"og_article_tags":null,"twitter_use_og":false,"twitter_card":"default","twitter_image_type":"default","twitter_image_url":null,"twitter_image_custom_url":null,"twitter_image_custom_fields":null,"twitter_title":null,"twitter_description":null,"schema":{"blockGraphs":[],"customGraphs":[],"default":{"data":{"Article":[],"Course":[],"Dataset":[],"FAQPage":[],"Movie":[],"Person":[],"Product":[],"ProductReview":[],"Car":[],"Recipe":[],"Service":[],"SoftwareApplication":[],"WebPage":[]},"graphName":"WebPage","isEnabled":true},"graphs":[]},"schema_type":"default","schema_type_options":null,"pillar_content":false,"robots_default":true,"robots_noindex":false,"robots_noarchive":false,"robots_nosnippet":false,"robots_nofollow":false,"robots_noimageindex":false,"robots_noodp":false,"robots_notranslate":false,"robots_max_snippet":null,"robots_max_videopreview":null,"robots_max_imagepreview":"large","priority":null,"frequency":null,"local_seo":null,"breadcrumb_settings":null,"limit_modified_date":false,"ai":null,"created":"2026-07-30 10:34:51","updated":"2026-07-30 10:39:58","focus_keyword":null,"additional_keywords":null,"truseo_locale":null,"seo_analyzer_scan_date":null},"aioseo_breadcrumb":"<div class=\"aioseo-breadcrumbs\"><span class=\"aioseo-breadcrumb\">\n\t\t\t<a href=\"https:\/\/www.encontrabelohorizonte.com.br\/sobre\" title=\"In\u00edcio\">In\u00edcio<\/a>\n\t\t<\/span><span class=\"aioseo-breadcrumb-separator\">&raquo;<\/span><span class=\"aioseo-breadcrumb\">\n\t\t\t<a href=\"https:\/\/www.encontrabelohorizonte.com.br\/sobre\/noticias\/\" title=\"Not\u00edcias Belo Horizonte\">Not\u00edcias Belo Horizonte<\/a>\n\t\t<\/span><span class=\"aioseo-breadcrumb-separator\">&raquo;<\/span><span class=\"aioseo-breadcrumb\">\n\t\t\tV\u00eddeo mostra \u2018cobertor\u2019 de nuvens que se formou sobre a Serra do Curral, em BH\n\t\t<\/span><\/div>","aioseo_breadcrumb_json":[{"label":"In\u00edcio","link":"https:\/\/www.encontrabelohorizonte.com.br\/sobre"},{"label":"Not\u00edcias Belo Horizonte","link":"https:\/\/www.encontrabelohorizonte.com.br\/sobre\/noticias\/"},{"label":"V\u00eddeo mostra &#8216;cobertor&#8217; de nuvens que se formou sobre a Serra do Curral, em BH","link":"https:\/\/www.encontrabelohorizonte.com.br\/sobre\/video-mostra-cobertor-de-nuvens-que-se-formou-sobre-a-serra-do-curral-em-bh\/"}],"_links":{"self":[{"href":"https:\/\/www.encontrabelohorizonte.com.br\/sobre\/wp-json\/wp\/v2\/posts\/4507","targetHints":{"allow":["GET"]}}],"collection":[{"href":"https:\/\/www.encontrabelohorizonte.com.br\/sobre\/wp-json\/wp\/v2\/posts"}],"about":[{"href":"https:\/\/www.encontrabelohorizonte.com.br\/sobre\/wp-json\/wp\/v2\/types\/post"}],"author":[{"embeddable":true,"href":"https:\/\/www.encontrabelohorizonte.com.br\/sobre\/wp-json\/wp\/v2\/users\/1"}],"replies":[{"embeddable":true,"href":"https:\/\/www.encontrabelohorizonte.com.br\/sobre\/wp-json\/wp\/v2\/comments?post=4507"}],"version-history":[{"count":0,"href":"https:\/\/www.encontrabelohorizonte.com.br\/sobre\/wp-json\/wp\/v2\/posts\/4507\/revisions"}],"wp:featuredmedia":[{"embeddable":true,"href":"https:\/\/www.encontrabelohorizonte.com.br\/sobre\/wp-json\/wp\/v2\/media\/4506"}],"wp:attachment":[{"href":"https:\/\/www.encontrabelohorizonte.com.br\/sobre\/wp-json\/wp\/v2\/media?parent=4507"}],"wp:term":[{"taxonomy":"category","embeddable":true,"href":"https:\/\/www.encontrabelohorizonte.com.br\/sobre\/wp-json\/wp\/v2\/categories?post=4507"},{"taxonomy":"post_tag","embeddable":true,"href":"https:\/\/www.encontrabelohorizonte.com.br\/sobre\/wp-json\/wp\/v2\/tags?post=4507"}],"curies":[{"name":"wp","href":"https:\/\/api.w.org\/{rel}","templated":true}]}}