{"id":4527,"date":"2026-08-01T07:58:39","date_gmt":"2026-08-01T10:58:39","guid":{"rendered":"https:\/\/www.encontrabelohorizonte.com.br\/sobre\/frio-em-bh-defesa-civil-alerta-para-baixa-temperatura-ate-segunda\/"},"modified":"2026-08-01T07:58:39","modified_gmt":"2026-08-01T10:58:39","slug":"frio-em-bh-defesa-civil-alerta-para-baixa-temperatura-ate-segunda","status":"publish","type":"post","link":"https:\/\/www.encontrabelohorizonte.com.br\/sobre\/frio-em-bh-defesa-civil-alerta-para-baixa-temperatura-ate-segunda\/","title":{"rendered":"Frio em BH: Defesa civil alerta para baixa temperatura at\u00e9 segunda"},"content":{"rendered":"<div class=\"2e083cf0b19e2c11948dc6ac054ba979\" data-index=\"1\" style=\"float: none; margin:0px;\">\n<!-- Anuncio display - global -->\r\n<ins class=\"adsbygoogle\"\r\n     style=\"display:block\"\r\n     data-ad-client=\"ca-pub-8585364105181520\"\r\n     data-ad-slot=\"8789329856\"\r\n     data-ad-format=\"auto\"\r\n     data-full-width-responsive=\"true\"><\/ins>\r\n<script>\r\n     (adsbygoogle = window.adsbygoogle || []).push({});\r\n<\/script>\n<\/div>\n<h2>O que Diz a Defesa Civil sobre as Temperaturas<\/h2>\n<p>A Defesa Civil de Belo Horizonte emitiu, no dia 31 de julho de 2026, um comunicado oficial alertando a popula\u00e7\u00e3o sobre a previs\u00e3o de quedas significativas nas temperaturas na capital e na Regi\u00e3o Metropolitana. Segundo o \u00f3rg\u00e3o, a chegada de uma massa de ar frio \u00e9 a respons\u00e1vel pela dr\u00e1stica diminui\u00e7\u00e3o da temperatura, especialmente nas primeiras horas da manh\u00e3. A expectativa \u00e9 que os term\u00f4metros marquem valores m\u00ednimos em torno de <strong>12 \u00b0C<\/strong> at\u00e9 a pr\u00f3xima segunda-feira, dia 3 de agosto.<\/p>\n<h2>Previs\u00f5es Meteorol\u00f3gicas para o Final de Semana<\/h2>\n<p>Os dias que se aproximam prometem varia\u00e7\u00f5es clim\u00e1ticas, sendo que:<\/p>\n<ul>\n<li><strong>S\u00e1bado (1\u00ba de agosto):<\/strong> C\u00e9u com nuvens e ligeiro decl\u00ednio nas temperaturas. A m\u00e1xima deve chegar a <strong>26 \u00b0C<\/strong>, enquanto a m\u00ednima poder\u00e1 atingir <strong>13 \u00b0C<\/strong>.<\/li>\n<li><strong>Domingo (2 de agosto):<\/strong> C\u00e9u limpo com a possibilidade de n\u00e9voa seca. Espera-se uma leve eleva\u00e7\u00e3o nas temperaturas, com m\u00e1xima em <strong>28 \u00b0C<\/strong> e m\u00ednima em <strong>11 \u00b0C<\/strong>.<\/li>\n<li><strong>Segunda-feira (3 de agosto):<\/strong> C\u00e9u claro e novamente com n\u00e9voa seca. Temperaturas devem se manter est\u00e1veis, variando de <strong>11 \u00b0C<\/strong> a <strong>27 \u00b0C<\/strong>.<\/li>\n<\/ul>\n<h2>Impactos das Baixas Temperaturas na Sa\u00fade<\/h2>\n<p>As temperaturas mais baixas, comuns nessa \u00e9poca do ano, podem impactar diretamente a sa\u00fade da popula\u00e7\u00e3o. \u00c9 importante estar ciente dos riscos, especialmente para grupos mais vulner\u00e1veis, como crian\u00e7as, idosos e portadores de doen\u00e7as respirat\u00f3rias. As quedas bruscas de temperatura podem aumentar a incid\u00eancia de enfermidades como gripes e resfriados.<\/p>\n<p><img decoding=\"async\" src=\"https:\/\/www.encontrabelohorizonte.com.br\/sobre\/wp-content\/uploads\/frio-em-bh-defesa-civil-alerta-para-baixa-temperatura-ate-segunda.webp\" alt=\"baixa temperatura em BH\" loading=\"lazy\" \/><\/p>\n<h2>Dicas de Seguran\u00e7a para Enfrentar o Frio<\/h2>\n<p>Diante do alerta sobre as temperaturas baixas, a Defesa Civil recomenda algumas medidas para garantir a seguran\u00e7a e o bem-estar da popula\u00e7\u00e3o:<\/p>\n<ul>\n<li><strong>Mantenha-se Hidratado:<\/strong> A hidrata\u00e7\u00e3o \u00e9 essencial, mesmo durante per\u00edodos de frio. Beber \u00e1gua evita o ressecamento da pele e das vias respirat\u00f3rias.<\/li>\n<li><strong>Evite Banhos Quentes:<\/strong> Banhos muito quentes podem ressecar a pele. Caso seja necess\u00e1rio, use hidratantes para prevenir a desidrata\u00e7\u00e3o.<\/li>\n<li><strong>Pratique Exerc\u00edcios ao Ar Livre:<\/strong> Se for praticar atividades f\u00edsicas, utilize agasalhos apropriados para n\u00e3o perder calor corporal.<\/li>\n<li><strong>Ventile os Ambientes:<\/strong> Em locais fechados e com aglomera\u00e7\u00f5es, mantenha janelas abertas para garantir a circula\u00e7\u00e3o do ar e evitar a propaga\u00e7\u00e3o de doen\u00e7as.<\/li>\n<li><strong>Procure Atendimento M\u00e9dico:<\/strong> Em caso de sintomas respirat\u00f3rios, busque a orienta\u00e7\u00e3o de um profissional de sa\u00fade.<\/li>\n<\/ul>\n<h2>Como se Preparar para o Frio em BH<\/h2>\n<p>Al\u00e9m das recomenda\u00e7\u00f5es da Defesa Civil, aqui est\u00e3o algumas dicas pr\u00e1ticas para se preparar e enfrentar o frio de maneira eficiente:<\/p>\n<ul>\n<li><strong>Use Roupas em Camadas:<\/strong> Agasalhe-se com pe\u00e7as que possam ser colocadas ou retiradas conforme a necessidade, garantindo conforto t\u00e9rmico.<\/li>\n<li><strong>Cal\u00e7ados Adequados:<\/strong> Prefira sapatos fechados e quentes, evitando a exposi\u00e7\u00e3o desnecess\u00e1ria ao frio.<\/li>\n<li><strong>Alimente-se Bem:<\/strong> Consuma alimentos que forne\u00e7am energia e calor, como sopas e ch\u00e1s quentes.<\/li>\n<\/ul>\n<h2>Recomenda\u00e7\u00f5es para Cuidados com Crian\u00e7as e Idosos<\/h2>\n<p>Crian\u00e7as e idosos requerem cuidados especiais em per\u00edodos de temperaturas baixas:<\/p>\n<ul>\n<li><strong>Crian\u00e7as:<\/strong> Mantenha-as aquecidas, evitando a exposi\u00e7\u00e3o ao frio intenso e assegurando que estejam sempre com roupas adequadas.<\/li>\n<li><strong>Idosos:<\/strong> Al\u00e9m das roupas quentes, incentive a ingest\u00e3o de l\u00edquidos e uma dieta balanceada para fortalecer o sistema imunol\u00f3gico.<\/li>\n<\/ul>\n<h2>Atividades Seguras Durante o Frio<\/h2>\n<p>As atividades ao ar livre podem ser adaptadas para o frio, desde que realizadas de maneira segura. Algumas dicas incluem:<\/p>\n<ul>\n<li><strong>Escolher Hor\u00e1rios Adequados:<\/strong> Prefira realizar atividades durante o per\u00edodo mais quente do dia.<\/li>\n<li><strong>Evitar Excessos:<\/strong> N\u00e3o se esque\u00e7a de respeitar os limites do corpo, evitando esfor\u00e7o excessivo.<\/li>\n<li><strong>Buscar Atividades Indoor:<\/strong> Explore op\u00e7\u00f5es de lazer fechadas, como museus, cinemas e caf\u00e9s.<\/li>\n<\/ul>\n<h2>Medicamentos e Sa\u00fade Respirat\u00f3ria<\/h2>\n<p>A sa\u00fade respirat\u00f3ria \u00e9 uma preocupa\u00e7\u00e3o em per\u00edodos frios. Caso voc\u00ea ou algu\u00e9m pr\u00f3ximo sinta sintomas de resfriado, \u00e9 aconselh\u00e1vel:<\/p>\n<ul>\n<li><strong>Usar Medicamentos:<\/strong> Consulte um m\u00e9dico antes de iniciar qualquer medica\u00e7\u00e3o, especialmente se for para crian\u00e7as ou idosos.<\/li>\n<li><strong>Mantenha-se Atento:<\/strong> Fique de olho em sintomas como tosse persistente ou dificuldades respirat\u00f3rias, que podem indicar a necessidade de orienta\u00e7\u00e3o m\u00e9dica r\u00e1pida.<\/li>\n<\/ul>\n<h2>Efeitos da Umidade e do Frio no Corpo<\/h2>\n<p>Os efeitos do frio, aliado \u00e0 umidade, podem agravar as condi\u00e7\u00f5es de sa\u00fade:<\/p>\n<ul>\n<li><strong>Ressecamento da Pele:<\/strong> Utilize cremes hidratantes para evitar o ressecamento da derma que \u00e9 comum neste per\u00edodo.<\/li>\n<li><strong>Resfriados e Gripes:<\/strong> A umidade potencializada pelo frio causa desconfortos e pode dificultar a respira\u00e7\u00e3o.<\/li>\n<\/ul>\n<h2>Informa\u00e7\u00f5es sobre o Fen\u00f4meno Meteorol\u00f3gico<\/h2>\n<p>A atua\u00e7\u00e3o da massa de ar frio \u00e9 um evento meteorol\u00f3gico frequente nesta \u00e9poca do ano. Ela \u00e9 caracterizada por:<\/p>\n<ul>\n<li><strong>Queda de Temperaturas:<\/strong> A presen\u00e7a do ar frio garante a diminui\u00e7\u00e3o nas temperaturas, especialmente nas madrugadas.<\/li>\n<li><strong>Condicionamento do Tempo:<\/strong> As condi\u00e7\u00f5es como chuvas e ventos frios s\u00e3o comumente observadas no per\u00edodo, o que pode causar desconforto.<\/li>\n<\/ul>\n\n<div style=\"font-size: 0px; height: 0px; line-height: 0px; margin: 0; padding: 0; clear: both;\"><\/div>","protected":false},"excerpt":{"rendered":"<p>Defesa Civil de BH adverte sobre a previs\u00e3o de temperaturas m\u00ednimas at\u00e9 12 \u00b0C at\u00e9 segunda-feira.<\/p>\n","protected":false},"author":1,"featured_media":4526,"comment_status":"closed","ping_status":"closed","sticky":false,"template":"","format":"standard","meta":{"footnotes":""},"categories":[6],"tags":[],"class_list":["post-4527","post","type-post","status-publish","format-standard","has-post-thumbnail","hentry","category-noticias","has_thumb"],"aioseo_notices":[],"aioseo_head":"\n\t\t<!-- All in One SEO 5.0.0.1 - aioseo.com -->\n\t<meta name=\"description\" content=\"Defesa Civil de BH adverte sobre a previs\u00e3o de temperaturas m\u00ednimas at\u00e9 12 \u00b0C at\u00e9 segunda-feira.\" \/>\n\t<meta name=\"robots\" content=\"max-image-preview:large\" \/>\n\t<meta name=\"author\" content=\"Encontra Belo Horizonte\"\/>\n\t<link rel=\"canonical\" href=\"https:\/\/www.encontrabelohorizonte.com.br\/sobre\/frio-em-bh-defesa-civil-alerta-para-baixa-temperatura-ate-segunda\/\" \/>\n\t<meta name=\"generator\" content=\"All in One SEO (AIOSEO) 5.0.0.1\" \/>\n\t\t<meta property=\"og:locale\" content=\"pt_BR\" \/>\n\t\t<meta property=\"og:site_name\" content=\"Encontra Belo Horizonte | Not\u00edcias, eventos, informa\u00e7\u00f5es e dicas da cidade de Belo Horizonte e regi\u00e3o\" \/>\n\t\t<meta property=\"og:type\" content=\"article\" \/>\n\t\t<meta property=\"og:title\" content=\"Frio em BH: Defesa civil alerta para baixa temperatura at\u00e9 segunda | Encontra Belo Horizonte\" \/>\n\t\t<meta property=\"og:description\" content=\"Defesa Civil de BH adverte sobre a previs\u00e3o de temperaturas m\u00ednimas at\u00e9 12 \u00b0C at\u00e9 segunda-feira.\" \/>\n\t\t<meta property=\"og:url\" content=\"https:\/\/www.encontrabelohorizonte.com.br\/sobre\/frio-em-bh-defesa-civil-alerta-para-baixa-temperatura-ate-segunda\/\" \/>\n\t\t<meta property=\"article:published_time\" content=\"2026-08-01T10:58:39+00:00\" \/>\n\t\t<meta property=\"article:modified_time\" content=\"2026-08-01T10:58:39+00:00\" \/>\n\t\t<meta name=\"twitter:card\" content=\"summary\" \/>\n\t\t<meta name=\"twitter:title\" content=\"Frio em BH: Defesa civil alerta para baixa temperatura at\u00e9 segunda | Encontra Belo Horizonte\" \/>\n\t\t<meta name=\"twitter:description\" content=\"Defesa Civil de BH adverte sobre a previs\u00e3o de temperaturas m\u00ednimas at\u00e9 12 \u00b0C at\u00e9 segunda-feira.\" \/>\n\t\t<script type=\"application\/ld+json\" class=\"aioseo-schema\">\n\t\t\t{\"@context\":\"https:\\\/\\\/schema.org\",\"@graph\":[{\"@type\":\"Article\",\"@id\":\"https:\\\/\\\/www.encontrabelohorizonte.com.br\\\/sobre\\\/frio-em-bh-defesa-civil-alerta-para-baixa-temperatura-ate-segunda\\\/#article\",\"name\":\"Frio em BH: Defesa civil alerta para baixa temperatura at\\u00e9 segunda | Encontra Belo Horizonte\",\"headline\":\"Frio em BH: Defesa civil alerta para baixa temperatura at\\u00e9 segunda\",\"author\":{\"@id\":\"https:\\\/\\\/www.encontrabelohorizonte.com.br\\\/sobre\\\/author\\\/ebelohorizonte\\\/#author\"},\"publisher\":{\"@id\":\"https:\\\/\\\/www.encontrabelohorizonte.com.br\\\/sobre\\\/#organization\"},\"image\":{\"@type\":\"ImageObject\",\"url\":\"https:\\\/\\\/www.encontrabelohorizonte.com.br\\\/sobre\\\/wp-content\\\/uploads\\\/frio-em-bh-defesa-civil-alerta-para-baixa-temperatura-ate-segunda.webp\",\"width\":280,\"height\":280,\"caption\":\"baixa temperatura em BH\"},\"datePublished\":\"2026-08-01T07:58:39-03:00\",\"dateModified\":\"2026-08-01T07:58:39-03:00\",\"inLanguage\":\"pt-BR\",\"mainEntityOfPage\":{\"@id\":\"https:\\\/\\\/www.encontrabelohorizonte.com.br\\\/sobre\\\/frio-em-bh-defesa-civil-alerta-para-baixa-temperatura-ate-segunda\\\/#webpage\"},\"isPartOf\":{\"@id\":\"https:\\\/\\\/www.encontrabelohorizonte.com.br\\\/sobre\\\/frio-em-bh-defesa-civil-alerta-para-baixa-temperatura-ate-segunda\\\/#webpage\"},\"articleSection\":\"Not\\u00edcias Belo Horizonte\"},{\"@type\":\"BreadcrumbList\",\"@id\":\"https:\\\/\\\/www.encontrabelohorizonte.com.br\\\/sobre\\\/frio-em-bh-defesa-civil-alerta-para-baixa-temperatura-ate-segunda\\\/#breadcrumblist\",\"itemListElement\":[{\"@type\":\"ListItem\",\"@id\":\"https:\\\/\\\/www.encontrabelohorizonte.com.br\\\/sobre#listItem\",\"position\":1,\"name\":\"In\\u00edcio\",\"item\":\"https:\\\/\\\/www.encontrabelohorizonte.com.br\\\/sobre\",\"nextItem\":{\"@type\":\"ListItem\",\"@id\":\"https:\\\/\\\/www.encontrabelohorizonte.com.br\\\/sobre\\\/noticias\\\/#listItem\",\"name\":\"Not\\u00edcias Belo Horizonte\"}},{\"@type\":\"ListItem\",\"@id\":\"https:\\\/\\\/www.encontrabelohorizonte.com.br\\\/sobre\\\/noticias\\\/#listItem\",\"position\":2,\"name\":\"Not\\u00edcias Belo Horizonte\",\"item\":\"https:\\\/\\\/www.encontrabelohorizonte.com.br\\\/sobre\\\/noticias\\\/\",\"nextItem\":{\"@type\":\"ListItem\",\"@id\":\"https:\\\/\\\/www.encontrabelohorizonte.com.br\\\/sobre\\\/frio-em-bh-defesa-civil-alerta-para-baixa-temperatura-ate-segunda\\\/#listItem\",\"name\":\"Frio em BH: Defesa civil alerta para baixa temperatura at\\u00e9 segunda\"},\"previousItem\":{\"@type\":\"ListItem\",\"@id\":\"https:\\\/\\\/www.encontrabelohorizonte.com.br\\\/sobre#listItem\",\"name\":\"In\\u00edcio\"}},{\"@type\":\"ListItem\",\"@id\":\"https:\\\/\\\/www.encontrabelohorizonte.com.br\\\/sobre\\\/frio-em-bh-defesa-civil-alerta-para-baixa-temperatura-ate-segunda\\\/#listItem\",\"position\":3,\"name\":\"Frio em BH: Defesa civil alerta para baixa temperatura at\\u00e9 segunda\",\"previousItem\":{\"@type\":\"ListItem\",\"@id\":\"https:\\\/\\\/www.encontrabelohorizonte.com.br\\\/sobre\\\/noticias\\\/#listItem\",\"name\":\"Not\\u00edcias Belo Horizonte\"}}]},{\"@type\":\"Organization\",\"@id\":\"https:\\\/\\\/www.encontrabelohorizonte.com.br\\\/sobre\\\/#organization\",\"name\":\"Encontra Belo Horizonte\",\"description\":\"Not\\u00edcias, eventos, informa\\u00e7\\u00f5es e dicas da cidade de Belo Horizonte e regi\\u00e3o\",\"url\":\"https:\\\/\\\/www.encontrabelohorizonte.com.br\\\/sobre\\\/\"},{\"@type\":\"Person\",\"@id\":\"https:\\\/\\\/www.encontrabelohorizonte.com.br\\\/sobre\\\/author\\\/ebelohorizonte\\\/#author\",\"url\":\"https:\\\/\\\/www.encontrabelohorizonte.com.br\\\/sobre\\\/author\\\/ebelohorizonte\\\/\",\"name\":\"Encontra Belo Horizonte\",\"image\":{\"@type\":\"ImageObject\",\"@id\":\"https:\\\/\\\/www.encontrabelohorizonte.com.br\\\/sobre\\\/frio-em-bh-defesa-civil-alerta-para-baixa-temperatura-ate-segunda\\\/#authorImage\",\"url\":\"https:\\\/\\\/secure.gravatar.com\\\/avatar\\\/507340682b8270222e1f208e23198b6ae7e2c6a1033ae84e99bc6bce4f82a387?s=96&d=mm&r=g\",\"width\":96,\"height\":96,\"caption\":\"Encontra Belo Horizonte\"}},{\"@type\":\"WebPage\",\"@id\":\"https:\\\/\\\/www.encontrabelohorizonte.com.br\\\/sobre\\\/frio-em-bh-defesa-civil-alerta-para-baixa-temperatura-ate-segunda\\\/#webpage\",\"url\":\"https:\\\/\\\/www.encontrabelohorizonte.com.br\\\/sobre\\\/frio-em-bh-defesa-civil-alerta-para-baixa-temperatura-ate-segunda\\\/\",\"name\":\"Frio em BH: Defesa civil alerta para baixa temperatura at\\u00e9 segunda | Encontra Belo Horizonte\",\"description\":\"Defesa Civil de BH adverte sobre a previs\\u00e3o de temperaturas m\\u00ednimas at\\u00e9 12 \\u00b0C at\\u00e9 segunda-feira.\",\"inLanguage\":\"pt-BR\",\"isPartOf\":{\"@id\":\"https:\\\/\\\/www.encontrabelohorizonte.com.br\\\/sobre\\\/#website\"},\"breadcrumb\":{\"@id\":\"https:\\\/\\\/www.encontrabelohorizonte.com.br\\\/sobre\\\/frio-em-bh-defesa-civil-alerta-para-baixa-temperatura-ate-segunda\\\/#breadcrumblist\"},\"author\":{\"@id\":\"https:\\\/\\\/www.encontrabelohorizonte.com.br\\\/sobre\\\/author\\\/ebelohorizonte\\\/#author\"},\"creator\":{\"@id\":\"https:\\\/\\\/www.encontrabelohorizonte.com.br\\\/sobre\\\/author\\\/ebelohorizonte\\\/#author\"},\"image\":{\"@type\":\"ImageObject\",\"url\":\"https:\\\/\\\/www.encontrabelohorizonte.com.br\\\/sobre\\\/wp-content\\\/uploads\\\/frio-em-bh-defesa-civil-alerta-para-baixa-temperatura-ate-segunda.webp\",\"@id\":\"https:\\\/\\\/www.encontrabelohorizonte.com.br\\\/sobre\\\/frio-em-bh-defesa-civil-alerta-para-baixa-temperatura-ate-segunda\\\/#mainImage\",\"width\":280,\"height\":280,\"caption\":\"baixa temperatura em BH\"},\"primaryImageOfPage\":{\"@id\":\"https:\\\/\\\/www.encontrabelohorizonte.com.br\\\/sobre\\\/frio-em-bh-defesa-civil-alerta-para-baixa-temperatura-ate-segunda\\\/#mainImage\"},\"datePublished\":\"2026-08-01T07:58:39-03:00\",\"dateModified\":\"2026-08-01T07:58:39-03:00\"},{\"@type\":\"WebSite\",\"@id\":\"https:\\\/\\\/www.encontrabelohorizonte.com.br\\\/sobre\\\/#website\",\"url\":\"https:\\\/\\\/www.encontrabelohorizonte.com.br\\\/sobre\\\/\",\"name\":\"Encontra Belo Horizonte\",\"description\":\"Not\\u00edcias, eventos, informa\\u00e7\\u00f5es e dicas da cidade de Belo Horizonte e regi\\u00e3o\",\"inLanguage\":\"pt-BR\",\"publisher\":{\"@id\":\"https:\\\/\\\/www.encontrabelohorizonte.com.br\\\/sobre\\\/#organization\"}}]}\n\t\t<\/script>\n\t\t<!-- All in One SEO -->\n\n","aioseo_head_json":{"title":"Frio em BH: Defesa civil alerta para baixa temperatura at\u00e9 segunda | Encontra Belo Horizonte","description":"Defesa Civil de BH adverte sobre a previs\u00e3o de temperaturas m\u00ednimas at\u00e9 12 \u00b0C at\u00e9 segunda-feira.","canonical_url":"https:\/\/www.encontrabelohorizonte.com.br\/sobre\/frio-em-bh-defesa-civil-alerta-para-baixa-temperatura-ate-segunda\/","robots":"max-image-preview:large","keywords":"","webmasterTools":{"miscellaneous":""},"schema":{"@context":"https:\/\/schema.org","@graph":[{"@type":"Article","@id":"https:\/\/www.encontrabelohorizonte.com.br\/sobre\/frio-em-bh-defesa-civil-alerta-para-baixa-temperatura-ate-segunda\/#article","name":"Frio em BH: Defesa civil alerta para baixa temperatura at\u00e9 segunda | Encontra Belo Horizonte","headline":"Frio em BH: Defesa civil alerta para baixa temperatura at\u00e9 segunda","author":{"@id":"https:\/\/www.encontrabelohorizonte.com.br\/sobre\/author\/ebelohorizonte\/#author"},"publisher":{"@id":"https:\/\/www.encontrabelohorizonte.com.br\/sobre\/#organization"},"image":{"@type":"ImageObject","url":"https:\/\/www.encontrabelohorizonte.com.br\/sobre\/wp-content\/uploads\/frio-em-bh-defesa-civil-alerta-para-baixa-temperatura-ate-segunda.webp","width":280,"height":280,"caption":"baixa temperatura em BH"},"datePublished":"2026-08-01T07:58:39-03:00","dateModified":"2026-08-01T07:58:39-03:00","inLanguage":"pt-BR","mainEntityOfPage":{"@id":"https:\/\/www.encontrabelohorizonte.com.br\/sobre\/frio-em-bh-defesa-civil-alerta-para-baixa-temperatura-ate-segunda\/#webpage"},"isPartOf":{"@id":"https:\/\/www.encontrabelohorizonte.com.br\/sobre\/frio-em-bh-defesa-civil-alerta-para-baixa-temperatura-ate-segunda\/#webpage"},"articleSection":"Not\u00edcias Belo Horizonte"},{"@type":"BreadcrumbList","@id":"https:\/\/www.encontrabelohorizonte.com.br\/sobre\/frio-em-bh-defesa-civil-alerta-para-baixa-temperatura-ate-segunda\/#breadcrumblist","itemListElement":[{"@type":"ListItem","@id":"https:\/\/www.encontrabelohorizonte.com.br\/sobre#listItem","position":1,"name":"In\u00edcio","item":"https:\/\/www.encontrabelohorizonte.com.br\/sobre","nextItem":{"@type":"ListItem","@id":"https:\/\/www.encontrabelohorizonte.com.br\/sobre\/noticias\/#listItem","name":"Not\u00edcias Belo Horizonte"}},{"@type":"ListItem","@id":"https:\/\/www.encontrabelohorizonte.com.br\/sobre\/noticias\/#listItem","position":2,"name":"Not\u00edcias Belo Horizonte","item":"https:\/\/www.encontrabelohorizonte.com.br\/sobre\/noticias\/","nextItem":{"@type":"ListItem","@id":"https:\/\/www.encontrabelohorizonte.com.br\/sobre\/frio-em-bh-defesa-civil-alerta-para-baixa-temperatura-ate-segunda\/#listItem","name":"Frio em BH: Defesa civil alerta para baixa temperatura at\u00e9 segunda"},"previousItem":{"@type":"ListItem","@id":"https:\/\/www.encontrabelohorizonte.com.br\/sobre#listItem","name":"In\u00edcio"}},{"@type":"ListItem","@id":"https:\/\/www.encontrabelohorizonte.com.br\/sobre\/frio-em-bh-defesa-civil-alerta-para-baixa-temperatura-ate-segunda\/#listItem","position":3,"name":"Frio em BH: Defesa civil alerta para baixa temperatura at\u00e9 segunda","previousItem":{"@type":"ListItem","@id":"https:\/\/www.encontrabelohorizonte.com.br\/sobre\/noticias\/#listItem","name":"Not\u00edcias Belo Horizonte"}}]},{"@type":"Organization","@id":"https:\/\/www.encontrabelohorizonte.com.br\/sobre\/#organization","name":"Encontra Belo Horizonte","description":"Not\u00edcias, eventos, informa\u00e7\u00f5es e dicas da cidade de Belo Horizonte e regi\u00e3o","url":"https:\/\/www.encontrabelohorizonte.com.br\/sobre\/"},{"@type":"Person","@id":"https:\/\/www.encontrabelohorizonte.com.br\/sobre\/author\/ebelohorizonte\/#author","url":"https:\/\/www.encontrabelohorizonte.com.br\/sobre\/author\/ebelohorizonte\/","name":"Encontra Belo Horizonte","image":{"@type":"ImageObject","@id":"https:\/\/www.encontrabelohorizonte.com.br\/sobre\/frio-em-bh-defesa-civil-alerta-para-baixa-temperatura-ate-segunda\/#authorImage","url":"https:\/\/secure.gravatar.com\/avatar\/507340682b8270222e1f208e23198b6ae7e2c6a1033ae84e99bc6bce4f82a387?s=96&d=mm&r=g","width":96,"height":96,"caption":"Encontra Belo Horizonte"}},{"@type":"WebPage","@id":"https:\/\/www.encontrabelohorizonte.com.br\/sobre\/frio-em-bh-defesa-civil-alerta-para-baixa-temperatura-ate-segunda\/#webpage","url":"https:\/\/www.encontrabelohorizonte.com.br\/sobre\/frio-em-bh-defesa-civil-alerta-para-baixa-temperatura-ate-segunda\/","name":"Frio em BH: Defesa civil alerta para baixa temperatura at\u00e9 segunda | Encontra Belo Horizonte","description":"Defesa Civil de BH adverte sobre a previs\u00e3o de temperaturas m\u00ednimas at\u00e9 12 \u00b0C at\u00e9 segunda-feira.","inLanguage":"pt-BR","isPartOf":{"@id":"https:\/\/www.encontrabelohorizonte.com.br\/sobre\/#website"},"breadcrumb":{"@id":"https:\/\/www.encontrabelohorizonte.com.br\/sobre\/frio-em-bh-defesa-civil-alerta-para-baixa-temperatura-ate-segunda\/#breadcrumblist"},"author":{"@id":"https:\/\/www.encontrabelohorizonte.com.br\/sobre\/author\/ebelohorizonte\/#author"},"creator":{"@id":"https:\/\/www.encontrabelohorizonte.com.br\/sobre\/author\/ebelohorizonte\/#author"},"image":{"@type":"ImageObject","url":"https:\/\/www.encontrabelohorizonte.com.br\/sobre\/wp-content\/uploads\/frio-em-bh-defesa-civil-alerta-para-baixa-temperatura-ate-segunda.webp","@id":"https:\/\/www.encontrabelohorizonte.com.br\/sobre\/frio-em-bh-defesa-civil-alerta-para-baixa-temperatura-ate-segunda\/#mainImage","width":280,"height":280,"caption":"baixa temperatura em BH"},"primaryImageOfPage":{"@id":"https:\/\/www.encontrabelohorizonte.com.br\/sobre\/frio-em-bh-defesa-civil-alerta-para-baixa-temperatura-ate-segunda\/#mainImage"},"datePublished":"2026-08-01T07:58:39-03:00","dateModified":"2026-08-01T07:58:39-03:00"},{"@type":"WebSite","@id":"https:\/\/www.encontrabelohorizonte.com.br\/sobre\/#website","url":"https:\/\/www.encontrabelohorizonte.com.br\/sobre\/","name":"Encontra Belo Horizonte","description":"Not\u00edcias, eventos, informa\u00e7\u00f5es e dicas da cidade de Belo Horizonte e regi\u00e3o","inLanguage":"pt-BR","publisher":{"@id":"https:\/\/www.encontrabelohorizonte.com.br\/sobre\/#organization"}}]},"og:locale":"pt_BR","og:site_name":"Encontra Belo Horizonte | Not\u00edcias, eventos, informa\u00e7\u00f5es e dicas da cidade de Belo Horizonte e regi\u00e3o","og:type":"article","og:title":"Frio em BH: Defesa civil alerta para baixa temperatura at\u00e9 segunda | Encontra Belo Horizonte","og:description":"Defesa Civil de BH adverte sobre a previs\u00e3o de temperaturas m\u00ednimas at\u00e9 12 \u00b0C at\u00e9 segunda-feira.","og:url":"https:\/\/www.encontrabelohorizonte.com.br\/sobre\/frio-em-bh-defesa-civil-alerta-para-baixa-temperatura-ate-segunda\/","article:published_time":"2026-08-01T10:58:39+00:00","article:modified_time":"2026-08-01T10:58:39+00:00","twitter:card":"summary","twitter:title":"Frio em BH: Defesa civil alerta para baixa temperatura at\u00e9 segunda | Encontra Belo Horizonte","twitter:description":"Defesa Civil de BH adverte sobre a previs\u00e3o de temperaturas m\u00ednimas at\u00e9 12 \u00b0C at\u00e9 segunda-feira."},"aioseo_meta_data":{"post_id":"4527","title":null,"description":null,"keywords":null,"keyphrases":null,"primary_term":null,"canonical_url":null,"og_title":null,"og_description":null,"og_object_type":"default","og_image_type":"default","og_image_url":null,"og_image_width":null,"og_image_height":null,"og_image_custom_url":null,"og_image_custom_fields":null,"og_video":null,"og_custom_url":null,"og_article_section":null,"og_article_tags":null,"twitter_use_og":false,"twitter_card":"default","twitter_image_type":"default","twitter_image_url":null,"twitter_image_custom_url":null,"twitter_image_custom_fields":null,"twitter_title":null,"twitter_description":null,"schema":{"blockGraphs":[],"customGraphs":[],"default":{"data":{"Article":[],"Course":[],"Dataset":[],"FAQPage":[],"Movie":[],"Person":[],"Product":[],"ProductReview":[],"Car":[],"Recipe":[],"Service":[],"SoftwareApplication":[],"WebPage":[]},"graphName":"Article","isEnabled":true},"graphs":[]},"schema_type":"default","schema_type_options":null,"pillar_content":false,"robots_default":true,"robots_noindex":false,"robots_noarchive":false,"robots_nosnippet":false,"robots_nofollow":false,"robots_noimageindex":false,"robots_noodp":false,"robots_notranslate":false,"robots_max_snippet":null,"robots_max_videopreview":null,"robots_max_imagepreview":"large","priority":null,"frequency":null,"local_seo":null,"breadcrumb_settings":null,"limit_modified_date":false,"ai":null,"created":"2026-08-01 10:58:40","updated":"2026-08-01 11:10:23","focus_keyword":null,"additional_keywords":null,"truseo_locale":null,"seo_analyzer_scan_date":null},"aioseo_breadcrumb":"<div class=\"aioseo-breadcrumbs\"><span class=\"aioseo-breadcrumb\">\n\t\t\t<a href=\"https:\/\/www.encontrabelohorizonte.com.br\/sobre\" title=\"In\u00edcio\">In\u00edcio<\/a>\n\t\t<\/span><span class=\"aioseo-breadcrumb-separator\">&raquo;<\/span><span class=\"aioseo-breadcrumb\">\n\t\t\t<a href=\"https:\/\/www.encontrabelohorizonte.com.br\/sobre\/noticias\/\" title=\"Not\u00edcias Belo Horizonte\">Not\u00edcias Belo Horizonte<\/a>\n\t\t<\/span><span class=\"aioseo-breadcrumb-separator\">&raquo;<\/span><span class=\"aioseo-breadcrumb\">\n\t\t\tFrio em BH: Defesa civil alerta para baixa temperatura at\u00e9 segunda\n\t\t<\/span><\/div>","aioseo_breadcrumb_json":[{"label":"In\u00edcio","link":"https:\/\/www.encontrabelohorizonte.com.br\/sobre"},{"label":"Not\u00edcias Belo Horizonte","link":"https:\/\/www.encontrabelohorizonte.com.br\/sobre\/noticias\/"},{"label":"Frio em BH: Defesa civil alerta para baixa temperatura at\u00e9 segunda","link":"https:\/\/www.encontrabelohorizonte.com.br\/sobre\/frio-em-bh-defesa-civil-alerta-para-baixa-temperatura-ate-segunda\/"}],"_links":{"self":[{"href":"https:\/\/www.encontrabelohorizonte.com.br\/sobre\/wp-json\/wp\/v2\/posts\/4527","targetHints":{"allow":["GET"]}}],"collection":[{"href":"https:\/\/www.encontrabelohorizonte.com.br\/sobre\/wp-json\/wp\/v2\/posts"}],"about":[{"href":"https:\/\/www.encontrabelohorizonte.com.br\/sobre\/wp-json\/wp\/v2\/types\/post"}],"author":[{"embeddable":true,"href":"https:\/\/www.encontrabelohorizonte.com.br\/sobre\/wp-json\/wp\/v2\/users\/1"}],"replies":[{"embeddable":true,"href":"https:\/\/www.encontrabelohorizonte.com.br\/sobre\/wp-json\/wp\/v2\/comments?post=4527"}],"version-history":[{"count":0,"href":"https:\/\/www.encontrabelohorizonte.com.br\/sobre\/wp-json\/wp\/v2\/posts\/4527\/revisions"}],"wp:featuredmedia":[{"embeddable":true,"href":"https:\/\/www.encontrabelohorizonte.com.br\/sobre\/wp-json\/wp\/v2\/media\/4526"}],"wp:attachment":[{"href":"https:\/\/www.encontrabelohorizonte.com.br\/sobre\/wp-json\/wp\/v2\/media?parent=4527"}],"wp:term":[{"taxonomy":"category","embeddable":true,"href":"https:\/\/www.encontrabelohorizonte.com.br\/sobre\/wp-json\/wp\/v2\/categories?post=4527"},{"taxonomy":"post_tag","embeddable":true,"href":"https:\/\/www.encontrabelohorizonte.com.br\/sobre\/wp-json\/wp\/v2\/tags?post=4527"}],"curies":[{"name":"wp","href":"https:\/\/api.w.org\/{rel}","templated":true}]}}