{"id":4537,"date":"2026-08-02T20:24:25","date_gmt":"2026-08-02T23:24:25","guid":{"rendered":"https:\/\/www.encontrabelohorizonte.com.br\/sobre\/regiao-de-bh-registra-sensacao-termica-negativa-nesta-sexta\/"},"modified":"2026-08-02T20:24:25","modified_gmt":"2026-08-02T23:24:25","slug":"regiao-de-bh-registra-sensacao-termica-negativa-nesta-sexta","status":"publish","type":"post","link":"https:\/\/www.encontrabelohorizonte.com.br\/sobre\/regiao-de-bh-registra-sensacao-termica-negativa-nesta-sexta\/","title":{"rendered":"Regi\u00e3o de BH registra sensa\u00e7\u00e3o t\u00e9rmica negativa nesta sexta"},"content":{"rendered":"<div class=\"2e083cf0b19e2c11948dc6ac054ba979\" data-index=\"1\" style=\"float: none; margin:0px;\">\n<!-- Anuncio display - global -->\r\n<ins class=\"adsbygoogle\"\r\n     style=\"display:block\"\r\n     data-ad-client=\"ca-pub-8585364105181520\"\r\n     data-ad-slot=\"8789329856\"\r\n     data-ad-format=\"auto\"\r\n     data-full-width-responsive=\"true\"><\/ins>\r\n<script>\r\n     (adsbygoogle = window.adsbygoogle || []).push({});\r\n<\/script>\n<\/div>\n<h2>Entendendo a Sensa\u00e7\u00e3o T\u00e9rmica<\/h2>\n<p>A sensa\u00e7\u00e3o t\u00e9rmica \u00e9 o que realmente sentimos em rela\u00e7\u00e3o \u00e0 temperatura do ar, influenciada por diversos fatores como vento e umidade. Neste contexto, o frio intenso pode provocar uma sensa\u00e7\u00e3o t\u00e9rmica negativa, onde a temperatura percebida \u00e9 inferior \u00e0 temperatura real. Isso se deve \u00e0 forma como o corpo humano reage a mudan\u00e7as clim\u00e1ticas e \u00e0 exposi\u00e7\u00e3o a elementos naturais.<\/p>\n<h2>Como se Preparar para o Frio Intenso<\/h2>\n<p>Preparar-se para o frio envolve algumas a\u00e7\u00f5es simples, mas eficazes:<\/p>\n<ul>\n<li><strong>\u00c9tica de Vestu\u00e1rio:<\/strong> Vista-se em camadas, incluindo roupas t\u00e9rmicas, para bloquear o vento e reter o calor.<\/li>\n<li><strong>Atividades Internas:<\/strong> Planeje passar mais tempo em ambientes aquecidos e confort\u00e1veis.<\/li>\n<li><strong>Aquecimento da Casa:<\/strong> Utilize aquecedores e verifique se a casa est\u00e1 devidamente isolada para manter o calor.<\/li>\n<\/ul>\n<h2>As Regi\u00f5es de BH Mais Afetadas<\/h2>\n<p>Na Grande Belo Horizonte, v\u00e1rias regi\u00f5es podem sentir os efeitos do frio intenso de forma mais aguda, especialmente as \u00e1reas mais altas e menos urbanizadas. Locais como o Bairro de S\u00e3o Paulo e o Centro-Sul, onde a temperatura m\u00e9dia \u00e9 mais baixa durante os per\u00edodos de frio, frequentemente registram temperaturas desfavor\u00e1veis.<\/p>\n<p><img decoding=\"async\" src=\"https:\/\/www.encontrabelohorizonte.com.br\/sobre\/wp-content\/uploads\/regiao-de-bh-registra-sensacao-termica-negativa-nesta-sexta.webp\" alt=\"sensa\u00e7\u00e3o t\u00e9rmica negativa\" loading=\"lazy\" \/><\/p>\n<h2>Impactos na Sa\u00fade em Dias Frios<\/h2>\n<p>O frio pode ter efeitos negativos sobre a sa\u00fade, como:<\/p>\n<ul>\n<li><strong>Resfriados e Gripe:<\/strong> A baixa temperatura favorece a propaga\u00e7\u00e3o de v\u00edrus.<\/li>\n<li><strong>Problemas Respirat\u00f3rios:<\/strong> Pessoas com hist\u00f3rico de doen\u00e7as respirat\u00f3rias devem ser cautelosas.<\/li>\n<li><strong>Congelamento de Extremidades:<\/strong> A exposi\u00e7\u00e3o prolongada pode levar ao congelamento das m\u00e3os e p\u00e9s.<\/li>\n<\/ul>\n<h2>Uso Adequado de Roupas para o Inverno<\/h2>\n<p>Para lidar com as baixas temperaturas, o uso de roupas adequadas \u00e9 fundamental:<\/p>\n<ul>\n<li><strong>Camadas Externas:<\/strong> Utilize um casaco adequado para o frio, preferencialmente \u00e0 prova d\u2019\u00e1gua.<\/li>\n<li><strong>Agasalhos:<\/strong> Use gorros, luvas e cachec\u00f3is para proteger as extremidades do corpo.<\/li>\n<li><strong>T\u00eanis Quentes:<\/strong> Calce sapatos que sejam isolantes e confort\u00e1veis.<\/li>\n<\/ul>\n<h2>Temperaturas Anteriores e Compara\u00e7\u00f5es<\/h2>\n<p>Um olhar sobre as temperaturas dos dias anteriores em Belo Horizonte revela uma oscila\u00e7\u00e3o significativa. Por exemplo, nas manh\u00e3s mais frias, a m\u00e9dia pode ficar em torno de 11 a 12 graus Celsius, enquanto a sensa\u00e7\u00e3o t\u00e9rmica pode descer a n\u00edveis cr\u00edticos por conta do vento gelado.<\/p>\n<h2>Dicas para Lidar com o Frio no Dia a Dia<\/h2>\n<p>Algumas dicas \u00fateis para enfrentar o frio incluem:<\/p>\n<ul>\n<li><strong>Manter-se Ativo:<\/strong> Exerc\u00edcios ajudam a combater o frio, mantendo o corpo aquecido.<\/li>\n<li><strong>Hidrata\u00e7\u00e3o:<\/strong> Beba bastante \u00e1gua mesmo em dias frios, pois o corpo tamb\u00e9m perde l\u00edquidos.<\/li>\n<li><strong>Dieta Balanceada:<\/strong> Alimentos quentes e nutritivos ajudam a regular a temperatura corporal.<\/li>\n<\/ul>\n<h2>A Import\u00e2ncia da Previs\u00e3o do Tempo<\/h2>\n<p>Conferir a previs\u00e3o do tempo diariamente ajuda a planejar atividades e a se vestir adequadamente. Com a previs\u00e3o, \u00e9 poss\u00edvel estar preparado para mudan\u00e7as clim\u00e1ticas e evitar surpresas desagrad\u00e1veis.<\/p>\n<h2>Varia\u00e7\u00f5es Clim\u00e1ticas em Belo Horizonte<\/h2>\n<p>Belo Horizonte pode enfrentar varia\u00e7\u00f5es clim\u00e1ticas significativas ao longo do ano. As noites podem ser muito mais frias do que os dias, e isso deve ser levado em considera\u00e7\u00e3o ao planejar atividades ao ar livre.<\/p>\n<h2>O Que Fazer em Casos de Baixas Temperaturas<\/h2>\n<p>Em situa\u00e7\u00f5es de baixas temperaturas extremas, considere as seguintes medidas:<\/p>\n<ul>\n<li><strong>Ficar em Casa:<\/strong> Se as condi\u00e7\u00f5es estiverem muito desfavor\u00e1veis, evite sair desnecessariamente.<\/li>\n<li><strong>Aquecer o Ambiente:<\/strong> Use aquecedores e mantenha as portas fechadas para conservar o calor.<\/li>\n<li><strong>Verificar a Sa\u00fade dos Vizinhos:<\/strong> Especialmente para pessoas idosas ou vulner\u00e1veis, ofere\u00e7a aux\u00edlio quando necess\u00e1rio.<\/li>\n<\/ul>\n\n<div style=\"font-size: 0px; height: 0px; line-height: 0px; margin: 0; padding: 0; clear: both;\"><\/div>","protected":false},"excerpt":{"rendered":"<p>Sensa\u00e7\u00e3o t\u00e9rmica negativa em BH nesta sexta-feira: descubra o que esperar.<\/p>\n","protected":false},"author":1,"featured_media":4536,"comment_status":"closed","ping_status":"closed","sticky":false,"template":"","format":"standard","meta":{"footnotes":""},"categories":[6],"tags":[],"class_list":["post-4537","post","type-post","status-publish","format-standard","has-post-thumbnail","hentry","category-noticias","has_thumb"],"aioseo_notices":[],"aioseo_head":"\n\t\t<!-- All in One SEO 5.0.0.1 - aioseo.com -->\n\t<meta name=\"description\" content=\"Sensa\u00e7\u00e3o t\u00e9rmica negativa em BH nesta sexta-feira: descubra o que esperar.\" \/>\n\t<meta name=\"robots\" content=\"max-image-preview:large\" \/>\n\t<meta name=\"author\" content=\"Encontra Belo Horizonte\"\/>\n\t<link rel=\"canonical\" href=\"https:\/\/www.encontrabelohorizonte.com.br\/sobre\/regiao-de-bh-registra-sensacao-termica-negativa-nesta-sexta\/\" \/>\n\t<meta name=\"generator\" content=\"All in One SEO (AIOSEO) 5.0.0.1\" \/>\n\t\t<meta property=\"og:locale\" content=\"pt_BR\" \/>\n\t\t<meta property=\"og:site_name\" content=\"Encontra Belo Horizonte | Not\u00edcias, eventos, informa\u00e7\u00f5es e dicas da cidade de Belo Horizonte e regi\u00e3o\" \/>\n\t\t<meta property=\"og:type\" content=\"article\" \/>\n\t\t<meta property=\"og:title\" content=\"Regi\u00e3o de BH registra sensa\u00e7\u00e3o t\u00e9rmica negativa nesta sexta | Encontra Belo Horizonte\" \/>\n\t\t<meta property=\"og:description\" content=\"Sensa\u00e7\u00e3o t\u00e9rmica negativa em BH nesta sexta-feira: descubra o que esperar.\" \/>\n\t\t<meta property=\"og:url\" content=\"https:\/\/www.encontrabelohorizonte.com.br\/sobre\/regiao-de-bh-registra-sensacao-termica-negativa-nesta-sexta\/\" \/>\n\t\t<meta property=\"article:published_time\" content=\"2026-08-02T23:24:25+00:00\" \/>\n\t\t<meta property=\"article:modified_time\" content=\"2026-08-02T23:24:25+00:00\" \/>\n\t\t<meta name=\"twitter:card\" content=\"summary\" \/>\n\t\t<meta name=\"twitter:title\" content=\"Regi\u00e3o de BH registra sensa\u00e7\u00e3o t\u00e9rmica negativa nesta sexta | Encontra Belo Horizonte\" \/>\n\t\t<meta name=\"twitter:description\" content=\"Sensa\u00e7\u00e3o t\u00e9rmica negativa em BH nesta sexta-feira: descubra o que esperar.\" \/>\n\t\t<script type=\"application\/ld+json\" class=\"aioseo-schema\">\n\t\t\t{\"@context\":\"https:\\\/\\\/schema.org\",\"@graph\":[{\"@type\":\"Article\",\"@id\":\"https:\\\/\\\/www.encontrabelohorizonte.com.br\\\/sobre\\\/regiao-de-bh-registra-sensacao-termica-negativa-nesta-sexta\\\/#article\",\"name\":\"Regi\\u00e3o de BH registra sensa\\u00e7\\u00e3o t\\u00e9rmica negativa nesta sexta | Encontra Belo Horizonte\",\"headline\":\"Regi\\u00e3o de BH registra sensa\\u00e7\\u00e3o t\\u00e9rmica negativa nesta sexta\",\"author\":{\"@id\":\"https:\\\/\\\/www.encontrabelohorizonte.com.br\\\/sobre\\\/author\\\/ebelohorizonte\\\/#author\"},\"publisher\":{\"@id\":\"https:\\\/\\\/www.encontrabelohorizonte.com.br\\\/sobre\\\/#organization\"},\"image\":{\"@type\":\"ImageObject\",\"url\":\"https:\\\/\\\/www.encontrabelohorizonte.com.br\\\/sobre\\\/wp-content\\\/uploads\\\/regiao-de-bh-registra-sensacao-termica-negativa-nesta-sexta.webp\",\"width\":280,\"height\":280,\"caption\":\"sensa\\u00e7\\u00e3o t\\u00e9rmica negativa\"},\"datePublished\":\"2026-08-02T20:24:25-03:00\",\"dateModified\":\"2026-08-02T20:24:25-03:00\",\"inLanguage\":\"pt-BR\",\"mainEntityOfPage\":{\"@id\":\"https:\\\/\\\/www.encontrabelohorizonte.com.br\\\/sobre\\\/regiao-de-bh-registra-sensacao-termica-negativa-nesta-sexta\\\/#webpage\"},\"isPartOf\":{\"@id\":\"https:\\\/\\\/www.encontrabelohorizonte.com.br\\\/sobre\\\/regiao-de-bh-registra-sensacao-termica-negativa-nesta-sexta\\\/#webpage\"},\"articleSection\":\"Not\\u00edcias Belo Horizonte\"},{\"@type\":\"BreadcrumbList\",\"@id\":\"https:\\\/\\\/www.encontrabelohorizonte.com.br\\\/sobre\\\/regiao-de-bh-registra-sensacao-termica-negativa-nesta-sexta\\\/#breadcrumblist\",\"itemListElement\":[{\"@type\":\"ListItem\",\"@id\":\"https:\\\/\\\/www.encontrabelohorizonte.com.br\\\/sobre#listItem\",\"position\":1,\"name\":\"In\\u00edcio\",\"item\":\"https:\\\/\\\/www.encontrabelohorizonte.com.br\\\/sobre\",\"nextItem\":{\"@type\":\"ListItem\",\"@id\":\"https:\\\/\\\/www.encontrabelohorizonte.com.br\\\/sobre\\\/noticias\\\/#listItem\",\"name\":\"Not\\u00edcias Belo Horizonte\"}},{\"@type\":\"ListItem\",\"@id\":\"https:\\\/\\\/www.encontrabelohorizonte.com.br\\\/sobre\\\/noticias\\\/#listItem\",\"position\":2,\"name\":\"Not\\u00edcias Belo Horizonte\",\"item\":\"https:\\\/\\\/www.encontrabelohorizonte.com.br\\\/sobre\\\/noticias\\\/\",\"nextItem\":{\"@type\":\"ListItem\",\"@id\":\"https:\\\/\\\/www.encontrabelohorizonte.com.br\\\/sobre\\\/regiao-de-bh-registra-sensacao-termica-negativa-nesta-sexta\\\/#listItem\",\"name\":\"Regi\\u00e3o de BH registra sensa\\u00e7\\u00e3o t\\u00e9rmica negativa nesta sexta\"},\"previousItem\":{\"@type\":\"ListItem\",\"@id\":\"https:\\\/\\\/www.encontrabelohorizonte.com.br\\\/sobre#listItem\",\"name\":\"In\\u00edcio\"}},{\"@type\":\"ListItem\",\"@id\":\"https:\\\/\\\/www.encontrabelohorizonte.com.br\\\/sobre\\\/regiao-de-bh-registra-sensacao-termica-negativa-nesta-sexta\\\/#listItem\",\"position\":3,\"name\":\"Regi\\u00e3o de BH registra sensa\\u00e7\\u00e3o t\\u00e9rmica negativa nesta sexta\",\"previousItem\":{\"@type\":\"ListItem\",\"@id\":\"https:\\\/\\\/www.encontrabelohorizonte.com.br\\\/sobre\\\/noticias\\\/#listItem\",\"name\":\"Not\\u00edcias Belo Horizonte\"}}]},{\"@type\":\"Organization\",\"@id\":\"https:\\\/\\\/www.encontrabelohorizonte.com.br\\\/sobre\\\/#organization\",\"name\":\"Encontra Belo Horizonte\",\"description\":\"Not\\u00edcias, eventos, informa\\u00e7\\u00f5es e dicas da cidade de Belo Horizonte e regi\\u00e3o\",\"url\":\"https:\\\/\\\/www.encontrabelohorizonte.com.br\\\/sobre\\\/\"},{\"@type\":\"Person\",\"@id\":\"https:\\\/\\\/www.encontrabelohorizonte.com.br\\\/sobre\\\/author\\\/ebelohorizonte\\\/#author\",\"url\":\"https:\\\/\\\/www.encontrabelohorizonte.com.br\\\/sobre\\\/author\\\/ebelohorizonte\\\/\",\"name\":\"Encontra Belo Horizonte\",\"image\":{\"@type\":\"ImageObject\",\"@id\":\"https:\\\/\\\/www.encontrabelohorizonte.com.br\\\/sobre\\\/regiao-de-bh-registra-sensacao-termica-negativa-nesta-sexta\\\/#authorImage\",\"url\":\"https:\\\/\\\/secure.gravatar.com\\\/avatar\\\/507340682b8270222e1f208e23198b6ae7e2c6a1033ae84e99bc6bce4f82a387?s=96&d=mm&r=g\",\"width\":96,\"height\":96,\"caption\":\"Encontra Belo Horizonte\"}},{\"@type\":\"WebPage\",\"@id\":\"https:\\\/\\\/www.encontrabelohorizonte.com.br\\\/sobre\\\/regiao-de-bh-registra-sensacao-termica-negativa-nesta-sexta\\\/#webpage\",\"url\":\"https:\\\/\\\/www.encontrabelohorizonte.com.br\\\/sobre\\\/regiao-de-bh-registra-sensacao-termica-negativa-nesta-sexta\\\/\",\"name\":\"Regi\\u00e3o de BH registra sensa\\u00e7\\u00e3o t\\u00e9rmica negativa nesta sexta | Encontra Belo Horizonte\",\"description\":\"Sensa\\u00e7\\u00e3o t\\u00e9rmica negativa em BH nesta sexta-feira: descubra o que esperar.\",\"inLanguage\":\"pt-BR\",\"isPartOf\":{\"@id\":\"https:\\\/\\\/www.encontrabelohorizonte.com.br\\\/sobre\\\/#website\"},\"breadcrumb\":{\"@id\":\"https:\\\/\\\/www.encontrabelohorizonte.com.br\\\/sobre\\\/regiao-de-bh-registra-sensacao-termica-negativa-nesta-sexta\\\/#breadcrumblist\"},\"author\":{\"@id\":\"https:\\\/\\\/www.encontrabelohorizonte.com.br\\\/sobre\\\/author\\\/ebelohorizonte\\\/#author\"},\"creator\":{\"@id\":\"https:\\\/\\\/www.encontrabelohorizonte.com.br\\\/sobre\\\/author\\\/ebelohorizonte\\\/#author\"},\"image\":{\"@type\":\"ImageObject\",\"url\":\"https:\\\/\\\/www.encontrabelohorizonte.com.br\\\/sobre\\\/wp-content\\\/uploads\\\/regiao-de-bh-registra-sensacao-termica-negativa-nesta-sexta.webp\",\"@id\":\"https:\\\/\\\/www.encontrabelohorizonte.com.br\\\/sobre\\\/regiao-de-bh-registra-sensacao-termica-negativa-nesta-sexta\\\/#mainImage\",\"width\":280,\"height\":280,\"caption\":\"sensa\\u00e7\\u00e3o t\\u00e9rmica negativa\"},\"primaryImageOfPage\":{\"@id\":\"https:\\\/\\\/www.encontrabelohorizonte.com.br\\\/sobre\\\/regiao-de-bh-registra-sensacao-termica-negativa-nesta-sexta\\\/#mainImage\"},\"datePublished\":\"2026-08-02T20:24:25-03:00\",\"dateModified\":\"2026-08-02T20:24:25-03:00\"},{\"@type\":\"WebSite\",\"@id\":\"https:\\\/\\\/www.encontrabelohorizonte.com.br\\\/sobre\\\/#website\",\"url\":\"https:\\\/\\\/www.encontrabelohorizonte.com.br\\\/sobre\\\/\",\"name\":\"Encontra Belo Horizonte\",\"description\":\"Not\\u00edcias, eventos, informa\\u00e7\\u00f5es e dicas da cidade de Belo Horizonte e regi\\u00e3o\",\"inLanguage\":\"pt-BR\",\"publisher\":{\"@id\":\"https:\\\/\\\/www.encontrabelohorizonte.com.br\\\/sobre\\\/#organization\"}}]}\n\t\t<\/script>\n\t\t<!-- All in One SEO -->\n\n","aioseo_head_json":{"title":"Regi\u00e3o de BH registra sensa\u00e7\u00e3o t\u00e9rmica negativa nesta sexta | Encontra Belo Horizonte","description":"Sensa\u00e7\u00e3o t\u00e9rmica negativa em BH nesta sexta-feira: descubra o que esperar.","canonical_url":"https:\/\/www.encontrabelohorizonte.com.br\/sobre\/regiao-de-bh-registra-sensacao-termica-negativa-nesta-sexta\/","robots":"max-image-preview:large","keywords":"","webmasterTools":{"miscellaneous":""},"schema":{"@context":"https:\/\/schema.org","@graph":[{"@type":"Article","@id":"https:\/\/www.encontrabelohorizonte.com.br\/sobre\/regiao-de-bh-registra-sensacao-termica-negativa-nesta-sexta\/#article","name":"Regi\u00e3o de BH registra sensa\u00e7\u00e3o t\u00e9rmica negativa nesta sexta | Encontra Belo Horizonte","headline":"Regi\u00e3o de BH registra sensa\u00e7\u00e3o t\u00e9rmica negativa nesta sexta","author":{"@id":"https:\/\/www.encontrabelohorizonte.com.br\/sobre\/author\/ebelohorizonte\/#author"},"publisher":{"@id":"https:\/\/www.encontrabelohorizonte.com.br\/sobre\/#organization"},"image":{"@type":"ImageObject","url":"https:\/\/www.encontrabelohorizonte.com.br\/sobre\/wp-content\/uploads\/regiao-de-bh-registra-sensacao-termica-negativa-nesta-sexta.webp","width":280,"height":280,"caption":"sensa\u00e7\u00e3o t\u00e9rmica negativa"},"datePublished":"2026-08-02T20:24:25-03:00","dateModified":"2026-08-02T20:24:25-03:00","inLanguage":"pt-BR","mainEntityOfPage":{"@id":"https:\/\/www.encontrabelohorizonte.com.br\/sobre\/regiao-de-bh-registra-sensacao-termica-negativa-nesta-sexta\/#webpage"},"isPartOf":{"@id":"https:\/\/www.encontrabelohorizonte.com.br\/sobre\/regiao-de-bh-registra-sensacao-termica-negativa-nesta-sexta\/#webpage"},"articleSection":"Not\u00edcias Belo Horizonte"},{"@type":"BreadcrumbList","@id":"https:\/\/www.encontrabelohorizonte.com.br\/sobre\/regiao-de-bh-registra-sensacao-termica-negativa-nesta-sexta\/#breadcrumblist","itemListElement":[{"@type":"ListItem","@id":"https:\/\/www.encontrabelohorizonte.com.br\/sobre#listItem","position":1,"name":"In\u00edcio","item":"https:\/\/www.encontrabelohorizonte.com.br\/sobre","nextItem":{"@type":"ListItem","@id":"https:\/\/www.encontrabelohorizonte.com.br\/sobre\/noticias\/#listItem","name":"Not\u00edcias Belo Horizonte"}},{"@type":"ListItem","@id":"https:\/\/www.encontrabelohorizonte.com.br\/sobre\/noticias\/#listItem","position":2,"name":"Not\u00edcias Belo Horizonte","item":"https:\/\/www.encontrabelohorizonte.com.br\/sobre\/noticias\/","nextItem":{"@type":"ListItem","@id":"https:\/\/www.encontrabelohorizonte.com.br\/sobre\/regiao-de-bh-registra-sensacao-termica-negativa-nesta-sexta\/#listItem","name":"Regi\u00e3o de BH registra sensa\u00e7\u00e3o t\u00e9rmica negativa nesta sexta"},"previousItem":{"@type":"ListItem","@id":"https:\/\/www.encontrabelohorizonte.com.br\/sobre#listItem","name":"In\u00edcio"}},{"@type":"ListItem","@id":"https:\/\/www.encontrabelohorizonte.com.br\/sobre\/regiao-de-bh-registra-sensacao-termica-negativa-nesta-sexta\/#listItem","position":3,"name":"Regi\u00e3o de BH registra sensa\u00e7\u00e3o t\u00e9rmica negativa nesta sexta","previousItem":{"@type":"ListItem","@id":"https:\/\/www.encontrabelohorizonte.com.br\/sobre\/noticias\/#listItem","name":"Not\u00edcias Belo Horizonte"}}]},{"@type":"Organization","@id":"https:\/\/www.encontrabelohorizonte.com.br\/sobre\/#organization","name":"Encontra Belo Horizonte","description":"Not\u00edcias, eventos, informa\u00e7\u00f5es e dicas da cidade de Belo Horizonte e regi\u00e3o","url":"https:\/\/www.encontrabelohorizonte.com.br\/sobre\/"},{"@type":"Person","@id":"https:\/\/www.encontrabelohorizonte.com.br\/sobre\/author\/ebelohorizonte\/#author","url":"https:\/\/www.encontrabelohorizonte.com.br\/sobre\/author\/ebelohorizonte\/","name":"Encontra Belo Horizonte","image":{"@type":"ImageObject","@id":"https:\/\/www.encontrabelohorizonte.com.br\/sobre\/regiao-de-bh-registra-sensacao-termica-negativa-nesta-sexta\/#authorImage","url":"https:\/\/secure.gravatar.com\/avatar\/507340682b8270222e1f208e23198b6ae7e2c6a1033ae84e99bc6bce4f82a387?s=96&d=mm&r=g","width":96,"height":96,"caption":"Encontra Belo Horizonte"}},{"@type":"WebPage","@id":"https:\/\/www.encontrabelohorizonte.com.br\/sobre\/regiao-de-bh-registra-sensacao-termica-negativa-nesta-sexta\/#webpage","url":"https:\/\/www.encontrabelohorizonte.com.br\/sobre\/regiao-de-bh-registra-sensacao-termica-negativa-nesta-sexta\/","name":"Regi\u00e3o de BH registra sensa\u00e7\u00e3o t\u00e9rmica negativa nesta sexta | Encontra Belo Horizonte","description":"Sensa\u00e7\u00e3o t\u00e9rmica negativa em BH nesta sexta-feira: descubra o que esperar.","inLanguage":"pt-BR","isPartOf":{"@id":"https:\/\/www.encontrabelohorizonte.com.br\/sobre\/#website"},"breadcrumb":{"@id":"https:\/\/www.encontrabelohorizonte.com.br\/sobre\/regiao-de-bh-registra-sensacao-termica-negativa-nesta-sexta\/#breadcrumblist"},"author":{"@id":"https:\/\/www.encontrabelohorizonte.com.br\/sobre\/author\/ebelohorizonte\/#author"},"creator":{"@id":"https:\/\/www.encontrabelohorizonte.com.br\/sobre\/author\/ebelohorizonte\/#author"},"image":{"@type":"ImageObject","url":"https:\/\/www.encontrabelohorizonte.com.br\/sobre\/wp-content\/uploads\/regiao-de-bh-registra-sensacao-termica-negativa-nesta-sexta.webp","@id":"https:\/\/www.encontrabelohorizonte.com.br\/sobre\/regiao-de-bh-registra-sensacao-termica-negativa-nesta-sexta\/#mainImage","width":280,"height":280,"caption":"sensa\u00e7\u00e3o t\u00e9rmica negativa"},"primaryImageOfPage":{"@id":"https:\/\/www.encontrabelohorizonte.com.br\/sobre\/regiao-de-bh-registra-sensacao-termica-negativa-nesta-sexta\/#mainImage"},"datePublished":"2026-08-02T20:24:25-03:00","dateModified":"2026-08-02T20:24:25-03:00"},{"@type":"WebSite","@id":"https:\/\/www.encontrabelohorizonte.com.br\/sobre\/#website","url":"https:\/\/www.encontrabelohorizonte.com.br\/sobre\/","name":"Encontra Belo Horizonte","description":"Not\u00edcias, eventos, informa\u00e7\u00f5es e dicas da cidade de Belo Horizonte e regi\u00e3o","inLanguage":"pt-BR","publisher":{"@id":"https:\/\/www.encontrabelohorizonte.com.br\/sobre\/#organization"}}]},"og:locale":"pt_BR","og:site_name":"Encontra Belo Horizonte | Not\u00edcias, eventos, informa\u00e7\u00f5es e dicas da cidade de Belo Horizonte e regi\u00e3o","og:type":"article","og:title":"Regi\u00e3o de BH registra sensa\u00e7\u00e3o t\u00e9rmica negativa nesta sexta | Encontra Belo Horizonte","og:description":"Sensa\u00e7\u00e3o t\u00e9rmica negativa em BH nesta sexta-feira: descubra o que esperar.","og:url":"https:\/\/www.encontrabelohorizonte.com.br\/sobre\/regiao-de-bh-registra-sensacao-termica-negativa-nesta-sexta\/","article:published_time":"2026-08-02T23:24:25+00:00","article:modified_time":"2026-08-02T23:24:25+00:00","twitter:card":"summary","twitter:title":"Regi\u00e3o de BH registra sensa\u00e7\u00e3o t\u00e9rmica negativa nesta sexta | Encontra Belo Horizonte","twitter:description":"Sensa\u00e7\u00e3o t\u00e9rmica negativa em BH nesta sexta-feira: descubra o que esperar."},"aioseo_meta_data":{"post_id":"4537","title":null,"description":null,"keywords":null,"keyphrases":null,"primary_term":null,"canonical_url":null,"og_title":null,"og_description":null,"og_object_type":"default","og_image_type":"default","og_image_url":null,"og_image_width":null,"og_image_height":null,"og_image_custom_url":null,"og_image_custom_fields":null,"og_video":null,"og_custom_url":null,"og_article_section":null,"og_article_tags":null,"twitter_use_og":false,"twitter_card":"default","twitter_image_type":"default","twitter_image_url":null,"twitter_image_custom_url":null,"twitter_image_custom_fields":null,"twitter_title":null,"twitter_description":null,"schema":{"blockGraphs":[],"customGraphs":[],"default":{"data":{"Article":[],"Course":[],"Dataset":[],"FAQPage":[],"Movie":[],"Person":[],"Product":[],"ProductReview":[],"Car":[],"Recipe":[],"Service":[],"SoftwareApplication":[],"WebPage":[]},"graphName":"Article","isEnabled":true},"graphs":[]},"schema_type":"default","schema_type_options":null,"pillar_content":false,"robots_default":true,"robots_noindex":false,"robots_noarchive":false,"robots_nosnippet":false,"robots_nofollow":false,"robots_noimageindex":false,"robots_noodp":false,"robots_notranslate":false,"robots_max_snippet":null,"robots_max_videopreview":null,"robots_max_imagepreview":"large","priority":null,"frequency":null,"local_seo":null,"breadcrumb_settings":null,"limit_modified_date":false,"ai":null,"created":"2026-08-02 23:24:27","updated":"2026-08-02 23:29:33","focus_keyword":null,"additional_keywords":null,"truseo_locale":null,"seo_analyzer_scan_date":null},"aioseo_breadcrumb":"<div class=\"aioseo-breadcrumbs\"><span class=\"aioseo-breadcrumb\">\n\t\t\t<a href=\"https:\/\/www.encontrabelohorizonte.com.br\/sobre\" title=\"In\u00edcio\">In\u00edcio<\/a>\n\t\t<\/span><span class=\"aioseo-breadcrumb-separator\">&raquo;<\/span><span class=\"aioseo-breadcrumb\">\n\t\t\t<a href=\"https:\/\/www.encontrabelohorizonte.com.br\/sobre\/noticias\/\" title=\"Not\u00edcias Belo Horizonte\">Not\u00edcias Belo Horizonte<\/a>\n\t\t<\/span><span class=\"aioseo-breadcrumb-separator\">&raquo;<\/span><span class=\"aioseo-breadcrumb\">\n\t\t\tRegi\u00e3o de BH registra sensa\u00e7\u00e3o t\u00e9rmica negativa nesta sexta\n\t\t<\/span><\/div>","aioseo_breadcrumb_json":[{"label":"In\u00edcio","link":"https:\/\/www.encontrabelohorizonte.com.br\/sobre"},{"label":"Not\u00edcias Belo Horizonte","link":"https:\/\/www.encontrabelohorizonte.com.br\/sobre\/noticias\/"},{"label":"Regi\u00e3o de BH registra sensa\u00e7\u00e3o t\u00e9rmica negativa nesta sexta","link":"https:\/\/www.encontrabelohorizonte.com.br\/sobre\/regiao-de-bh-registra-sensacao-termica-negativa-nesta-sexta\/"}],"_links":{"self":[{"href":"https:\/\/www.encontrabelohorizonte.com.br\/sobre\/wp-json\/wp\/v2\/posts\/4537","targetHints":{"allow":["GET"]}}],"collection":[{"href":"https:\/\/www.encontrabelohorizonte.com.br\/sobre\/wp-json\/wp\/v2\/posts"}],"about":[{"href":"https:\/\/www.encontrabelohorizonte.com.br\/sobre\/wp-json\/wp\/v2\/types\/post"}],"author":[{"embeddable":true,"href":"https:\/\/www.encontrabelohorizonte.com.br\/sobre\/wp-json\/wp\/v2\/users\/1"}],"replies":[{"embeddable":true,"href":"https:\/\/www.encontrabelohorizonte.com.br\/sobre\/wp-json\/wp\/v2\/comments?post=4537"}],"version-history":[{"count":0,"href":"https:\/\/www.encontrabelohorizonte.com.br\/sobre\/wp-json\/wp\/v2\/posts\/4537\/revisions"}],"wp:featuredmedia":[{"embeddable":true,"href":"https:\/\/www.encontrabelohorizonte.com.br\/sobre\/wp-json\/wp\/v2\/media\/4536"}],"wp:attachment":[{"href":"https:\/\/www.encontrabelohorizonte.com.br\/sobre\/wp-json\/wp\/v2\/media?parent=4537"}],"wp:term":[{"taxonomy":"category","embeddable":true,"href":"https:\/\/www.encontrabelohorizonte.com.br\/sobre\/wp-json\/wp\/v2\/categories?post=4537"},{"taxonomy":"post_tag","embeddable":true,"href":"https:\/\/www.encontrabelohorizonte.com.br\/sobre\/wp-json\/wp\/v2\/tags?post=4537"}],"curies":[{"name":"wp","href":"https:\/\/api.w.org\/{rel}","templated":true}]}}