{"id":4573,"date":"2026-08-07T07:13:22","date_gmt":"2026-08-07T10:13:22","guid":{"rendered":"https:\/\/www.encontrabelohorizonte.com.br\/sobre\/previsao-do-tempo-em-belo-horizonte-hoje-veja-como-fica-o-clima-nesta-quinta\/"},"modified":"2026-08-07T07:13:22","modified_gmt":"2026-08-07T10:13:22","slug":"previsao-do-tempo-em-belo-horizonte-hoje-veja-como-fica-o-clima-nesta-quinta","status":"publish","type":"post","link":"https:\/\/www.encontrabelohorizonte.com.br\/sobre\/previsao-do-tempo-em-belo-horizonte-hoje-veja-como-fica-o-clima-nesta-quinta\/","title":{"rendered":"Previs\u00e3o do tempo em Belo Horizonte hoje: veja como fica o clima nesta quinta"},"content":{"rendered":"<div class=\"2e083cf0b19e2c11948dc6ac054ba979\" data-index=\"1\" style=\"float: none; margin:0px;\">\n<!-- Anuncio display - global -->\r\n<ins class=\"adsbygoogle\"\r\n     style=\"display:block\"\r\n     data-ad-client=\"ca-pub-8585364105181520\"\r\n     data-ad-slot=\"8789329856\"\r\n     data-ad-format=\"auto\"\r\n     data-full-width-responsive=\"true\"><\/ins>\r\n<script>\r\n     (adsbygoogle = window.adsbygoogle || []).push({});\r\n<\/script>\n<\/div>\n<h2>Temperaturas Variadas ao Longo do Dia<\/h2>\n<p>Na cidade de Belo Horizonte, a previs\u00e3o clim\u00e1tica para hoje, dia 06 de agosto, indica um dia ensolarado acompanhado de algumas nuvens dispersas. As temperaturas nesta quinta-feira oscilam entre 14\u00b0C e 29\u00b0C, apresentando uma not\u00e1vel varia\u00e7\u00e3o t\u00e9rmica.<\/p>\n<p>Pela manh\u00e3, os term\u00f4metros come\u00e7am a mostrar a m\u00ednima em torno de 14\u00b0C, e logo s\u00e3o acompanhados de um aumento gradual. Durante a tarde, o calor se intensifica, com m\u00e1ximas que podem chegar a 29\u00b0C. Este cen\u00e1rio de amplitude t\u00e9rmica pode ser um aspecto desafiador para os moradores, que devem se preparar para as diferentes condi\u00e7\u00f5es ao longo do dia.<\/p>\n<h2>Varia\u00e7\u00e3o T\u00e9rmica: O que Esperar?<\/h2>\n<p>A varia\u00e7\u00e3o das temperaturas em Belo Horizonte pode ser observada em diferentes per\u00edodos da jornada.<\/p>\n<p><img decoding=\"async\" src=\"https:\/\/www.encontrabelohorizonte.com.br\/sobre\/wp-content\/uploads\/previsao-do-tempo-em-belo-horizonte-hoje-veja-como-fica-o-clima-nesta-quinta.webp\" alt=\"previs\u00e3o do tempo em Belo Horizonte\" loading=\"lazy\" \/><\/p>\n<ul>\n<li><strong>Manh\u00e3:<\/strong> Durante as primeiras horas do dia, as temperaturas variam de 14\u00b0C a 17\u00b0C.<\/li>\n<li><strong>Hora do Almo\u00e7o:<\/strong> \u00c0 medida que o dia avan\u00e7a, as temperaturas se elevam, atingindo na tarde temperaturas entre 26\u00b0C e 29\u00b0C, com o pico de calor ocorrendo.<\/li>\n<li><strong>Noite:<\/strong> Ao cair da noite, as temperaturas come\u00e7am a diminuir novamente, variando entre 19\u00b0C e 28\u00b0C.<\/li>\n<\/ul>\n<p>Esse comportamento pode impactar as atividades ao ar livre, com o cuidado necess\u00e1rio em rela\u00e7\u00e3o \u00e0 exposi\u00e7\u00e3o ao sol nas horas mais quentes.<\/p>\n<h2>Umidade e Sensa\u00e7\u00e3o T\u00e9rmica em Belo Horizonte<\/h2>\n<p>Com rela\u00e7\u00e3o \u00e0 umidade, a cidade de Belo Horizonte apresenta varia\u00e7\u00f5es significativas que afetam a sensa\u00e7\u00e3o t\u00e9rmica. Neste dia, a umidade relativa do ar atinge seus extremos, come\u00e7ando com n\u00edveis em torno de 35% durante a parte da manh\u00e3 e podendo escalar at\u00e9 86% nas horas mais \u00famidas do dia.<\/p>\n<p>A sensa\u00e7\u00e3o t\u00e9rmica m\u00e9dia se mant\u00e9m em torno de 20\u00b0C, refletindo um conforto t\u00e9rmico que pode ser percebido mais como uma leve brisa. Nos momentos mais frescos, a sensa\u00e7\u00e3o pode chegar \u00e0 m\u00ednima de 14\u00b0C, promovendo uma leve sensa\u00e7\u00e3o de frescor, que contrasta com os momentos de calor intenso durante a tarde.<\/p>\n<h2>Condi\u00e7\u00f5es Meteorol\u00f3gicas e Ventos<\/h2>\n<p>O clima em Belo Horizonte hoje deve ser marcado pela total aus\u00eancia de chuvas, promovendo um dia seco e com bastante sol. A din\u00e2mica dos ventos \u00e9 um ponto interessante a ser considerado: eles sopram predominantemente da dire\u00e7\u00e3o leste, com uma velocidade m\u00e9dia de 6 km\/h. No in\u00edcio da manh\u00e3, foram registrados ventos chegando a 4 km\/h soprado de noroeste, refletindo um ambiente calmo e favor\u00e1vel.<\/p>\n<h2>Previs\u00e3o de Chuva: O Que Saber?<\/h2>\n<p>Em rela\u00e7\u00e3o \u00e0 precipita\u00e7\u00e3o, as expectativas para Belo Horizonte nesta quinta-feira s\u00e3o de que n\u00e3o ocorra nenhuma chuva ao longo do dia. Ao contr\u00e1rio de outros per\u00edodos do ano, onde a instabilidade clim\u00e1tica pode provocar chuvas repentinas, a previs\u00e3o \u00e9 de um dia claro e ensolarado, permitindo que os moradores desfrutem de atividades ao ar livre sem preocupa\u00e7\u00e3o com mudan\u00e7as clim\u00e1ticas.<\/p>\n<h2>Impacto no Cotidiano dos Belo-Horizontinos<\/h2>\n<p>A perman\u00eancia de um clima seco e ensolarado tem um impacto direto no cotidiano da popula\u00e7\u00e3o de Belo Horizonte. Com os dias quentes, \u00e9 essencial que os habitantes estejam preparados para a exposi\u00e7\u00e3o ao sol e ajam de modo a se manterem hidratados.<\/p>\n<p>Ainda, a varia\u00e7\u00e3o de temperatura exige adapta\u00e7\u00f5es na rotina. Use roupas leves e protetores solares durante o per\u00edodo mais quente e sugerir que mantenham l\u00edquidos sempre ao alcance s\u00e3o algumas das dicas recomendadas para um dia saud\u00e1vel e produtivo.<\/p>\n<h2>Dicas para Aproveitar o Dia<\/h2>\n<p>Considerando as condi\u00e7\u00f5es clim\u00e1ticas, algumas sugest\u00f5es para melhorar a experi\u00eancia ao longo do dia incluem:<\/p>\n<ul>\n<li><strong>Hidrata\u00e7\u00e3o:<\/strong> Manter-se bem hidratado, consumindo \u00e1gua em intervalos regulares.<\/li>\n<li><strong>Protetor Solar:<\/strong> Aplicar protetor solar antes de sair e reaplic\u00e1-lo ao longo do dia.<\/li>\n<li><strong>Atividades ao Ar Livre:<\/strong> Aproveitar para realizar caminhadas, passeios a parques ou \u00e1reas verdes, buscando sombra sempre que poss\u00edvel nos per\u00edodos de maior calor.<\/li>\n<li><strong>Roupas Adequadas:<\/strong> Vestir roupas leves e de cores claras para maior conforto durante o calor.<\/li>\n<\/ul>\n<h2>Mudan\u00e7as Clim\u00e1ticas e Seus Efeitos<\/h2>\n<p>As mudan\u00e7as clim\u00e1ticas t\u00eam levado a altera\u00e7\u00f5es nas previs\u00f5es do tempo, com varia\u00e7\u00f5es nos padr\u00f5es de temperatura e precipita\u00e7\u00e3o. \u00c9 essencial que os cidad\u00e3os estejam cientes dos impactos que essas mudan\u00e7as podem ocasionar e, assim, busquem se adaptar de maneira eficaz, compreendendo suas necessidades cotidianas e se preparando para eventos clim\u00e1ticos extremos.<\/p>\n<h2>Como a Temperatura Afeta a Sa\u00fade<\/h2>\n<p>As varia\u00e7\u00f5es de temperatura podem influenciar a sa\u00fade, especialmente durante per\u00edodos de calor elevado. Esses altos \u00edndices podem contribuir para a desidrata\u00e7\u00e3o e o aumento do estresse t\u00e9rmico, revelando a import\u00e2ncia de entender como lidar com esses fatores.<\/p>\n<p>Al\u00e9m disso, pessoas em condi\u00e7\u00f5es de sa\u00fade espec\u00edficas como doen\u00e7as respirat\u00f3rias ou card\u00edacas devem ter cuidado extra durante dias quentes. \u00c9 fundamental conhecer seus pr\u00f3prios limites e consultar os profissionais de sa\u00fade quando necess\u00e1rio.<\/p>\n<h2>Recomenda\u00e7\u00f5es para um Dia de Sol<\/h2>\n<p>Ao planejar um dia sob o sol, algumas recomenda\u00e7\u00f5es s\u00e3o \u00fateis. \u00c9 aconselh\u00e1vel sair equipado com:<\/p>\n<ul>\n<li><strong>\u00c1gua:<\/strong> Garrafa de \u00e1gua sempre ao alcance para evitar desidrata\u00e7\u00e3o.<\/li>\n<li><strong>Chap\u00e9u ou Bon\u00e9:<\/strong> Acess\u00f3rios apropriados para prote\u00e7\u00e3o solar.<\/li>\n<li><strong>\u00d3culos de Sol:<\/strong> Usar \u00f3culos de sol com prote\u00e7\u00e3o UV para preservar a sa\u00fade ocular.<\/li>\n<\/ul>\n<p>Essas pr\u00e1ticas contribuem para que os belo-horizontinos possam desfrutar do dia de uma forma saud\u00e1vel e confort\u00e1vel, tirando proveito das agrad\u00e1veis temperaturas do ver\u00e3o.<\/p>\n\n<div style=\"font-size: 0px; height: 0px; line-height: 0px; margin: 0; padding: 0; clear: both;\"><\/div>","protected":false},"excerpt":{"rendered":"<p>Clima em Belo Horizonte hoje: saiba como fica o tempo nesta quinta-feira.<\/p>\n","protected":false},"author":1,"featured_media":4572,"comment_status":"closed","ping_status":"closed","sticky":false,"template":"","format":"standard","meta":{"footnotes":""},"categories":[6],"tags":[],"class_list":["post-4573","post","type-post","status-publish","format-standard","has-post-thumbnail","hentry","category-noticias","has_thumb"],"aioseo_notices":[],"aioseo_head":"\n\t\t<!-- All in One SEO 5.0.0.1 - aioseo.com -->\n\t<meta name=\"description\" content=\"Clima em Belo Horizonte hoje: saiba como fica o tempo nesta quinta-feira.\" \/>\n\t<meta name=\"robots\" content=\"max-image-preview:large\" \/>\n\t<meta name=\"author\" content=\"Encontra Belo Horizonte\"\/>\n\t<link rel=\"canonical\" href=\"https:\/\/www.encontrabelohorizonte.com.br\/sobre\/previsao-do-tempo-em-belo-horizonte-hoje-veja-como-fica-o-clima-nesta-quinta\/\" \/>\n\t<meta name=\"generator\" content=\"All in One SEO (AIOSEO) 5.0.0.1\" \/>\n\t\t<meta property=\"og:locale\" content=\"pt_BR\" \/>\n\t\t<meta property=\"og:site_name\" content=\"Encontra Belo Horizonte | Not\u00edcias, eventos, informa\u00e7\u00f5es e dicas da cidade de Belo Horizonte e regi\u00e3o\" \/>\n\t\t<meta property=\"og:type\" content=\"article\" \/>\n\t\t<meta property=\"og:title\" content=\"Previs\u00e3o do tempo em Belo Horizonte hoje: veja como fica o clima nesta quinta | Encontra Belo Horizonte\" \/>\n\t\t<meta property=\"og:description\" content=\"Clima em Belo Horizonte hoje: saiba como fica o tempo nesta quinta-feira.\" \/>\n\t\t<meta property=\"og:url\" content=\"https:\/\/www.encontrabelohorizonte.com.br\/sobre\/previsao-do-tempo-em-belo-horizonte-hoje-veja-como-fica-o-clima-nesta-quinta\/\" \/>\n\t\t<meta property=\"article:published_time\" content=\"2026-08-07T10:13:22+00:00\" \/>\n\t\t<meta property=\"article:modified_time\" content=\"2026-08-07T10:13:22+00:00\" \/>\n\t\t<meta name=\"twitter:card\" content=\"summary\" \/>\n\t\t<meta name=\"twitter:title\" content=\"Previs\u00e3o do tempo em Belo Horizonte hoje: veja como fica o clima nesta quinta | Encontra Belo Horizonte\" \/>\n\t\t<meta name=\"twitter:description\" content=\"Clima em Belo Horizonte hoje: saiba como fica o tempo nesta quinta-feira.\" \/>\n\t\t<script type=\"application\/ld+json\" class=\"aioseo-schema\">\n\t\t\t{\"@context\":\"https:\\\/\\\/schema.org\",\"@graph\":[{\"@type\":\"Article\",\"@id\":\"https:\\\/\\\/www.encontrabelohorizonte.com.br\\\/sobre\\\/previsao-do-tempo-em-belo-horizonte-hoje-veja-como-fica-o-clima-nesta-quinta\\\/#article\",\"name\":\"Previs\\u00e3o do tempo em Belo Horizonte hoje: veja como fica o clima nesta quinta | Encontra Belo Horizonte\",\"headline\":\"Previs\\u00e3o do tempo em Belo Horizonte hoje: veja como fica o clima nesta quinta\",\"author\":{\"@id\":\"https:\\\/\\\/www.encontrabelohorizonte.com.br\\\/sobre\\\/author\\\/ebelohorizonte\\\/#author\"},\"publisher\":{\"@id\":\"https:\\\/\\\/www.encontrabelohorizonte.com.br\\\/sobre\\\/#organization\"},\"image\":{\"@type\":\"ImageObject\",\"url\":\"https:\\\/\\\/www.encontrabelohorizonte.com.br\\\/sobre\\\/wp-content\\\/uploads\\\/previsao-do-tempo-em-belo-horizonte-hoje-veja-como-fica-o-clima-nesta-quinta.webp\",\"width\":280,\"height\":280,\"caption\":\"previs\\u00e3o do tempo em Belo Horizonte\"},\"datePublished\":\"2026-08-07T07:13:22-03:00\",\"dateModified\":\"2026-08-07T07:13:22-03:00\",\"inLanguage\":\"pt-BR\",\"mainEntityOfPage\":{\"@id\":\"https:\\\/\\\/www.encontrabelohorizonte.com.br\\\/sobre\\\/previsao-do-tempo-em-belo-horizonte-hoje-veja-como-fica-o-clima-nesta-quinta\\\/#webpage\"},\"isPartOf\":{\"@id\":\"https:\\\/\\\/www.encontrabelohorizonte.com.br\\\/sobre\\\/previsao-do-tempo-em-belo-horizonte-hoje-veja-como-fica-o-clima-nesta-quinta\\\/#webpage\"},\"articleSection\":\"Not\\u00edcias Belo Horizonte\"},{\"@type\":\"BreadcrumbList\",\"@id\":\"https:\\\/\\\/www.encontrabelohorizonte.com.br\\\/sobre\\\/previsao-do-tempo-em-belo-horizonte-hoje-veja-como-fica-o-clima-nesta-quinta\\\/#breadcrumblist\",\"itemListElement\":[{\"@type\":\"ListItem\",\"@id\":\"https:\\\/\\\/www.encontrabelohorizonte.com.br\\\/sobre#listItem\",\"position\":1,\"name\":\"In\\u00edcio\",\"item\":\"https:\\\/\\\/www.encontrabelohorizonte.com.br\\\/sobre\",\"nextItem\":{\"@type\":\"ListItem\",\"@id\":\"https:\\\/\\\/www.encontrabelohorizonte.com.br\\\/sobre\\\/noticias\\\/#listItem\",\"name\":\"Not\\u00edcias Belo Horizonte\"}},{\"@type\":\"ListItem\",\"@id\":\"https:\\\/\\\/www.encontrabelohorizonte.com.br\\\/sobre\\\/noticias\\\/#listItem\",\"position\":2,\"name\":\"Not\\u00edcias Belo Horizonte\",\"item\":\"https:\\\/\\\/www.encontrabelohorizonte.com.br\\\/sobre\\\/noticias\\\/\",\"nextItem\":{\"@type\":\"ListItem\",\"@id\":\"https:\\\/\\\/www.encontrabelohorizonte.com.br\\\/sobre\\\/previsao-do-tempo-em-belo-horizonte-hoje-veja-como-fica-o-clima-nesta-quinta\\\/#listItem\",\"name\":\"Previs\\u00e3o do tempo em Belo Horizonte hoje: veja como fica o clima nesta quinta\"},\"previousItem\":{\"@type\":\"ListItem\",\"@id\":\"https:\\\/\\\/www.encontrabelohorizonte.com.br\\\/sobre#listItem\",\"name\":\"In\\u00edcio\"}},{\"@type\":\"ListItem\",\"@id\":\"https:\\\/\\\/www.encontrabelohorizonte.com.br\\\/sobre\\\/previsao-do-tempo-em-belo-horizonte-hoje-veja-como-fica-o-clima-nesta-quinta\\\/#listItem\",\"position\":3,\"name\":\"Previs\\u00e3o do tempo em Belo Horizonte hoje: veja como fica o clima nesta quinta\",\"previousItem\":{\"@type\":\"ListItem\",\"@id\":\"https:\\\/\\\/www.encontrabelohorizonte.com.br\\\/sobre\\\/noticias\\\/#listItem\",\"name\":\"Not\\u00edcias Belo Horizonte\"}}]},{\"@type\":\"Organization\",\"@id\":\"https:\\\/\\\/www.encontrabelohorizonte.com.br\\\/sobre\\\/#organization\",\"name\":\"Encontra Belo Horizonte\",\"description\":\"Not\\u00edcias, eventos, informa\\u00e7\\u00f5es e dicas da cidade de Belo Horizonte e regi\\u00e3o\",\"url\":\"https:\\\/\\\/www.encontrabelohorizonte.com.br\\\/sobre\\\/\"},{\"@type\":\"Person\",\"@id\":\"https:\\\/\\\/www.encontrabelohorizonte.com.br\\\/sobre\\\/author\\\/ebelohorizonte\\\/#author\",\"url\":\"https:\\\/\\\/www.encontrabelohorizonte.com.br\\\/sobre\\\/author\\\/ebelohorizonte\\\/\",\"name\":\"Encontra Belo Horizonte\",\"image\":{\"@type\":\"ImageObject\",\"@id\":\"https:\\\/\\\/www.encontrabelohorizonte.com.br\\\/sobre\\\/previsao-do-tempo-em-belo-horizonte-hoje-veja-como-fica-o-clima-nesta-quinta\\\/#authorImage\",\"url\":\"https:\\\/\\\/secure.gravatar.com\\\/avatar\\\/507340682b8270222e1f208e23198b6ae7e2c6a1033ae84e99bc6bce4f82a387?s=96&d=mm&r=g\",\"width\":96,\"height\":96,\"caption\":\"Encontra Belo Horizonte\"}},{\"@type\":\"WebPage\",\"@id\":\"https:\\\/\\\/www.encontrabelohorizonte.com.br\\\/sobre\\\/previsao-do-tempo-em-belo-horizonte-hoje-veja-como-fica-o-clima-nesta-quinta\\\/#webpage\",\"url\":\"https:\\\/\\\/www.encontrabelohorizonte.com.br\\\/sobre\\\/previsao-do-tempo-em-belo-horizonte-hoje-veja-como-fica-o-clima-nesta-quinta\\\/\",\"name\":\"Previs\\u00e3o do tempo em Belo Horizonte hoje: veja como fica o clima nesta quinta | Encontra Belo Horizonte\",\"description\":\"Clima em Belo Horizonte hoje: saiba como fica o tempo nesta quinta-feira.\",\"inLanguage\":\"pt-BR\",\"isPartOf\":{\"@id\":\"https:\\\/\\\/www.encontrabelohorizonte.com.br\\\/sobre\\\/#website\"},\"breadcrumb\":{\"@id\":\"https:\\\/\\\/www.encontrabelohorizonte.com.br\\\/sobre\\\/previsao-do-tempo-em-belo-horizonte-hoje-veja-como-fica-o-clima-nesta-quinta\\\/#breadcrumblist\"},\"author\":{\"@id\":\"https:\\\/\\\/www.encontrabelohorizonte.com.br\\\/sobre\\\/author\\\/ebelohorizonte\\\/#author\"},\"creator\":{\"@id\":\"https:\\\/\\\/www.encontrabelohorizonte.com.br\\\/sobre\\\/author\\\/ebelohorizonte\\\/#author\"},\"image\":{\"@type\":\"ImageObject\",\"url\":\"https:\\\/\\\/www.encontrabelohorizonte.com.br\\\/sobre\\\/wp-content\\\/uploads\\\/previsao-do-tempo-em-belo-horizonte-hoje-veja-como-fica-o-clima-nesta-quinta.webp\",\"@id\":\"https:\\\/\\\/www.encontrabelohorizonte.com.br\\\/sobre\\\/previsao-do-tempo-em-belo-horizonte-hoje-veja-como-fica-o-clima-nesta-quinta\\\/#mainImage\",\"width\":280,\"height\":280,\"caption\":\"previs\\u00e3o do tempo em Belo Horizonte\"},\"primaryImageOfPage\":{\"@id\":\"https:\\\/\\\/www.encontrabelohorizonte.com.br\\\/sobre\\\/previsao-do-tempo-em-belo-horizonte-hoje-veja-como-fica-o-clima-nesta-quinta\\\/#mainImage\"},\"datePublished\":\"2026-08-07T07:13:22-03:00\",\"dateModified\":\"2026-08-07T07:13:22-03:00\"},{\"@type\":\"WebSite\",\"@id\":\"https:\\\/\\\/www.encontrabelohorizonte.com.br\\\/sobre\\\/#website\",\"url\":\"https:\\\/\\\/www.encontrabelohorizonte.com.br\\\/sobre\\\/\",\"name\":\"Encontra Belo Horizonte\",\"description\":\"Not\\u00edcias, eventos, informa\\u00e7\\u00f5es e dicas da cidade de Belo Horizonte e regi\\u00e3o\",\"inLanguage\":\"pt-BR\",\"publisher\":{\"@id\":\"https:\\\/\\\/www.encontrabelohorizonte.com.br\\\/sobre\\\/#organization\"}}]}\n\t\t<\/script>\n\t\t<!-- All in One SEO -->\n\n","aioseo_head_json":{"title":"Previs\u00e3o do tempo em Belo Horizonte hoje: veja como fica o clima nesta quinta | Encontra Belo Horizonte","description":"Clima em Belo Horizonte hoje: saiba como fica o tempo nesta quinta-feira.","canonical_url":"https:\/\/www.encontrabelohorizonte.com.br\/sobre\/previsao-do-tempo-em-belo-horizonte-hoje-veja-como-fica-o-clima-nesta-quinta\/","robots":"max-image-preview:large","keywords":"","webmasterTools":{"miscellaneous":""},"schema":{"@context":"https:\/\/schema.org","@graph":[{"@type":"Article","@id":"https:\/\/www.encontrabelohorizonte.com.br\/sobre\/previsao-do-tempo-em-belo-horizonte-hoje-veja-como-fica-o-clima-nesta-quinta\/#article","name":"Previs\u00e3o do tempo em Belo Horizonte hoje: veja como fica o clima nesta quinta | Encontra Belo Horizonte","headline":"Previs\u00e3o do tempo em Belo Horizonte hoje: veja como fica o clima nesta quinta","author":{"@id":"https:\/\/www.encontrabelohorizonte.com.br\/sobre\/author\/ebelohorizonte\/#author"},"publisher":{"@id":"https:\/\/www.encontrabelohorizonte.com.br\/sobre\/#organization"},"image":{"@type":"ImageObject","url":"https:\/\/www.encontrabelohorizonte.com.br\/sobre\/wp-content\/uploads\/previsao-do-tempo-em-belo-horizonte-hoje-veja-como-fica-o-clima-nesta-quinta.webp","width":280,"height":280,"caption":"previs\u00e3o do tempo em Belo Horizonte"},"datePublished":"2026-08-07T07:13:22-03:00","dateModified":"2026-08-07T07:13:22-03:00","inLanguage":"pt-BR","mainEntityOfPage":{"@id":"https:\/\/www.encontrabelohorizonte.com.br\/sobre\/previsao-do-tempo-em-belo-horizonte-hoje-veja-como-fica-o-clima-nesta-quinta\/#webpage"},"isPartOf":{"@id":"https:\/\/www.encontrabelohorizonte.com.br\/sobre\/previsao-do-tempo-em-belo-horizonte-hoje-veja-como-fica-o-clima-nesta-quinta\/#webpage"},"articleSection":"Not\u00edcias Belo Horizonte"},{"@type":"BreadcrumbList","@id":"https:\/\/www.encontrabelohorizonte.com.br\/sobre\/previsao-do-tempo-em-belo-horizonte-hoje-veja-como-fica-o-clima-nesta-quinta\/#breadcrumblist","itemListElement":[{"@type":"ListItem","@id":"https:\/\/www.encontrabelohorizonte.com.br\/sobre#listItem","position":1,"name":"In\u00edcio","item":"https:\/\/www.encontrabelohorizonte.com.br\/sobre","nextItem":{"@type":"ListItem","@id":"https:\/\/www.encontrabelohorizonte.com.br\/sobre\/noticias\/#listItem","name":"Not\u00edcias Belo Horizonte"}},{"@type":"ListItem","@id":"https:\/\/www.encontrabelohorizonte.com.br\/sobre\/noticias\/#listItem","position":2,"name":"Not\u00edcias Belo Horizonte","item":"https:\/\/www.encontrabelohorizonte.com.br\/sobre\/noticias\/","nextItem":{"@type":"ListItem","@id":"https:\/\/www.encontrabelohorizonte.com.br\/sobre\/previsao-do-tempo-em-belo-horizonte-hoje-veja-como-fica-o-clima-nesta-quinta\/#listItem","name":"Previs\u00e3o do tempo em Belo Horizonte hoje: veja como fica o clima nesta quinta"},"previousItem":{"@type":"ListItem","@id":"https:\/\/www.encontrabelohorizonte.com.br\/sobre#listItem","name":"In\u00edcio"}},{"@type":"ListItem","@id":"https:\/\/www.encontrabelohorizonte.com.br\/sobre\/previsao-do-tempo-em-belo-horizonte-hoje-veja-como-fica-o-clima-nesta-quinta\/#listItem","position":3,"name":"Previs\u00e3o do tempo em Belo Horizonte hoje: veja como fica o clima nesta quinta","previousItem":{"@type":"ListItem","@id":"https:\/\/www.encontrabelohorizonte.com.br\/sobre\/noticias\/#listItem","name":"Not\u00edcias Belo Horizonte"}}]},{"@type":"Organization","@id":"https:\/\/www.encontrabelohorizonte.com.br\/sobre\/#organization","name":"Encontra Belo Horizonte","description":"Not\u00edcias, eventos, informa\u00e7\u00f5es e dicas da cidade de Belo Horizonte e regi\u00e3o","url":"https:\/\/www.encontrabelohorizonte.com.br\/sobre\/"},{"@type":"Person","@id":"https:\/\/www.encontrabelohorizonte.com.br\/sobre\/author\/ebelohorizonte\/#author","url":"https:\/\/www.encontrabelohorizonte.com.br\/sobre\/author\/ebelohorizonte\/","name":"Encontra Belo Horizonte","image":{"@type":"ImageObject","@id":"https:\/\/www.encontrabelohorizonte.com.br\/sobre\/previsao-do-tempo-em-belo-horizonte-hoje-veja-como-fica-o-clima-nesta-quinta\/#authorImage","url":"https:\/\/secure.gravatar.com\/avatar\/507340682b8270222e1f208e23198b6ae7e2c6a1033ae84e99bc6bce4f82a387?s=96&d=mm&r=g","width":96,"height":96,"caption":"Encontra Belo Horizonte"}},{"@type":"WebPage","@id":"https:\/\/www.encontrabelohorizonte.com.br\/sobre\/previsao-do-tempo-em-belo-horizonte-hoje-veja-como-fica-o-clima-nesta-quinta\/#webpage","url":"https:\/\/www.encontrabelohorizonte.com.br\/sobre\/previsao-do-tempo-em-belo-horizonte-hoje-veja-como-fica-o-clima-nesta-quinta\/","name":"Previs\u00e3o do tempo em Belo Horizonte hoje: veja como fica o clima nesta quinta | Encontra Belo Horizonte","description":"Clima em Belo Horizonte hoje: saiba como fica o tempo nesta quinta-feira.","inLanguage":"pt-BR","isPartOf":{"@id":"https:\/\/www.encontrabelohorizonte.com.br\/sobre\/#website"},"breadcrumb":{"@id":"https:\/\/www.encontrabelohorizonte.com.br\/sobre\/previsao-do-tempo-em-belo-horizonte-hoje-veja-como-fica-o-clima-nesta-quinta\/#breadcrumblist"},"author":{"@id":"https:\/\/www.encontrabelohorizonte.com.br\/sobre\/author\/ebelohorizonte\/#author"},"creator":{"@id":"https:\/\/www.encontrabelohorizonte.com.br\/sobre\/author\/ebelohorizonte\/#author"},"image":{"@type":"ImageObject","url":"https:\/\/www.encontrabelohorizonte.com.br\/sobre\/wp-content\/uploads\/previsao-do-tempo-em-belo-horizonte-hoje-veja-como-fica-o-clima-nesta-quinta.webp","@id":"https:\/\/www.encontrabelohorizonte.com.br\/sobre\/previsao-do-tempo-em-belo-horizonte-hoje-veja-como-fica-o-clima-nesta-quinta\/#mainImage","width":280,"height":280,"caption":"previs\u00e3o do tempo em Belo Horizonte"},"primaryImageOfPage":{"@id":"https:\/\/www.encontrabelohorizonte.com.br\/sobre\/previsao-do-tempo-em-belo-horizonte-hoje-veja-como-fica-o-clima-nesta-quinta\/#mainImage"},"datePublished":"2026-08-07T07:13:22-03:00","dateModified":"2026-08-07T07:13:22-03:00"},{"@type":"WebSite","@id":"https:\/\/www.encontrabelohorizonte.com.br\/sobre\/#website","url":"https:\/\/www.encontrabelohorizonte.com.br\/sobre\/","name":"Encontra Belo Horizonte","description":"Not\u00edcias, eventos, informa\u00e7\u00f5es e dicas da cidade de Belo Horizonte e regi\u00e3o","inLanguage":"pt-BR","publisher":{"@id":"https:\/\/www.encontrabelohorizonte.com.br\/sobre\/#organization"}}]},"og:locale":"pt_BR","og:site_name":"Encontra Belo Horizonte | Not\u00edcias, eventos, informa\u00e7\u00f5es e dicas da cidade de Belo Horizonte e regi\u00e3o","og:type":"article","og:title":"Previs\u00e3o do tempo em Belo Horizonte hoje: veja como fica o clima nesta quinta | Encontra Belo Horizonte","og:description":"Clima em Belo Horizonte hoje: saiba como fica o tempo nesta quinta-feira.","og:url":"https:\/\/www.encontrabelohorizonte.com.br\/sobre\/previsao-do-tempo-em-belo-horizonte-hoje-veja-como-fica-o-clima-nesta-quinta\/","article:published_time":"2026-08-07T10:13:22+00:00","article:modified_time":"2026-08-07T10:13:22+00:00","twitter:card":"summary","twitter:title":"Previs\u00e3o do tempo em Belo Horizonte hoje: veja como fica o clima nesta quinta | Encontra Belo Horizonte","twitter:description":"Clima em Belo Horizonte hoje: saiba como fica o tempo nesta quinta-feira."},"aioseo_meta_data":{"post_id":"4573","title":null,"description":null,"keywords":null,"keyphrases":null,"primary_term":null,"canonical_url":null,"og_title":null,"og_description":null,"og_object_type":"default","og_image_type":"default","og_image_url":null,"og_image_width":null,"og_image_height":null,"og_image_custom_url":null,"og_image_custom_fields":null,"og_video":null,"og_custom_url":null,"og_article_section":null,"og_article_tags":null,"twitter_use_og":false,"twitter_card":"default","twitter_image_type":"default","twitter_image_url":null,"twitter_image_custom_url":null,"twitter_image_custom_fields":null,"twitter_title":null,"twitter_description":null,"schema":{"blockGraphs":[],"customGraphs":[],"default":{"data":{"Article":[],"Course":[],"Dataset":[],"FAQPage":[],"Movie":[],"Person":[],"Product":[],"ProductReview":[],"Car":[],"Recipe":[],"Service":[],"SoftwareApplication":[],"WebPage":[]},"graphName":"Article","isEnabled":true},"graphs":[]},"schema_type":"default","schema_type_options":null,"pillar_content":false,"robots_default":true,"robots_noindex":false,"robots_noarchive":false,"robots_nosnippet":false,"robots_nofollow":false,"robots_noimageindex":false,"robots_noodp":false,"robots_notranslate":false,"robots_max_snippet":null,"robots_max_videopreview":null,"robots_max_imagepreview":"large","priority":null,"frequency":null,"local_seo":null,"breadcrumb_settings":null,"limit_modified_date":false,"ai":null,"created":"2026-08-07 10:13:22","updated":"2026-08-07 10:44:49","focus_keyword":null,"additional_keywords":null,"truseo_locale":null,"seo_analyzer_scan_date":null},"aioseo_breadcrumb":"<div class=\"aioseo-breadcrumbs\"><span class=\"aioseo-breadcrumb\">\n\t\t\t<a href=\"https:\/\/www.encontrabelohorizonte.com.br\/sobre\" title=\"In\u00edcio\">In\u00edcio<\/a>\n\t\t<\/span><span class=\"aioseo-breadcrumb-separator\">&raquo;<\/span><span class=\"aioseo-breadcrumb\">\n\t\t\t<a href=\"https:\/\/www.encontrabelohorizonte.com.br\/sobre\/noticias\/\" title=\"Not\u00edcias Belo Horizonte\">Not\u00edcias Belo Horizonte<\/a>\n\t\t<\/span><span class=\"aioseo-breadcrumb-separator\">&raquo;<\/span><span class=\"aioseo-breadcrumb\">\n\t\t\tPrevis\u00e3o do tempo em Belo Horizonte hoje: veja como fica o clima nesta quinta\n\t\t<\/span><\/div>","aioseo_breadcrumb_json":[{"label":"In\u00edcio","link":"https:\/\/www.encontrabelohorizonte.com.br\/sobre"},{"label":"Not\u00edcias Belo Horizonte","link":"https:\/\/www.encontrabelohorizonte.com.br\/sobre\/noticias\/"},{"label":"Previs\u00e3o do tempo em Belo Horizonte hoje: veja como fica o clima nesta quinta","link":"https:\/\/www.encontrabelohorizonte.com.br\/sobre\/previsao-do-tempo-em-belo-horizonte-hoje-veja-como-fica-o-clima-nesta-quinta\/"}],"_links":{"self":[{"href":"https:\/\/www.encontrabelohorizonte.com.br\/sobre\/wp-json\/wp\/v2\/posts\/4573","targetHints":{"allow":["GET"]}}],"collection":[{"href":"https:\/\/www.encontrabelohorizonte.com.br\/sobre\/wp-json\/wp\/v2\/posts"}],"about":[{"href":"https:\/\/www.encontrabelohorizonte.com.br\/sobre\/wp-json\/wp\/v2\/types\/post"}],"author":[{"embeddable":true,"href":"https:\/\/www.encontrabelohorizonte.com.br\/sobre\/wp-json\/wp\/v2\/users\/1"}],"replies":[{"embeddable":true,"href":"https:\/\/www.encontrabelohorizonte.com.br\/sobre\/wp-json\/wp\/v2\/comments?post=4573"}],"version-history":[{"count":0,"href":"https:\/\/www.encontrabelohorizonte.com.br\/sobre\/wp-json\/wp\/v2\/posts\/4573\/revisions"}],"wp:featuredmedia":[{"embeddable":true,"href":"https:\/\/www.encontrabelohorizonte.com.br\/sobre\/wp-json\/wp\/v2\/media\/4572"}],"wp:attachment":[{"href":"https:\/\/www.encontrabelohorizonte.com.br\/sobre\/wp-json\/wp\/v2\/media?parent=4573"}],"wp:term":[{"taxonomy":"category","embeddable":true,"href":"https:\/\/www.encontrabelohorizonte.com.br\/sobre\/wp-json\/wp\/v2\/categories?post=4573"},{"taxonomy":"post_tag","embeddable":true,"href":"https:\/\/www.encontrabelohorizonte.com.br\/sobre\/wp-json\/wp\/v2\/tags?post=4573"}],"curies":[{"name":"wp","href":"https:\/\/api.w.org\/{rel}","templated":true}]}}