{"id":4585,"date":"2026-08-08T20:31:22","date_gmt":"2026-08-08T23:31:22","guid":{"rendered":"https:\/\/www.encontrabelohorizonte.com.br\/sobre\/ventou-ai-ventos-fortes-em-bh-nesta-tarde-sao-reflexo-de-vendaval\/"},"modified":"2026-08-08T20:31:22","modified_gmt":"2026-08-08T23:31:22","slug":"ventou-ai-ventos-fortes-em-bh-nesta-tarde-sao-reflexo-de-vendaval","status":"publish","type":"post","link":"https:\/\/www.encontrabelohorizonte.com.br\/sobre\/ventou-ai-ventos-fortes-em-bh-nesta-tarde-sao-reflexo-de-vendaval\/","title":{"rendered":"Ventou a\u00ed? Ventos fortes em BH nesta tarde s\u00e3o reflexo de vendaval"},"content":{"rendered":"<div class=\"2e083cf0b19e2c11948dc6ac054ba979\" data-index=\"1\" style=\"float: none; margin:0px;\">\n<!-- Anuncio display - global -->\r\n<ins class=\"adsbygoogle\"\r\n     style=\"display:block\"\r\n     data-ad-client=\"ca-pub-8585364105181520\"\r\n     data-ad-slot=\"8789329856\"\r\n     data-ad-format=\"auto\"\r\n     data-full-width-responsive=\"true\"><\/ins>\r\n<script>\r\n     (adsbygoogle = window.adsbygoogle || []).push({});\r\n<\/script>\n<\/div>\n<h2>Causas dos ventos fortes em Belo Horizonte<\/h2>\n<p>No dia 7 de agosto de 2026, diversos bairros de Belo Horizonte presenciaram ventos intensos, fen\u00f4meno atribu\u00eddo ao avan\u00e7o de um sistema frontal. A meteorologista Anete Inpe explicou que essa situa\u00e7\u00e3o \u00e9 resultado da aproxima\u00e7\u00e3o de um ciclone extratropical, que est\u00e1 contribuindo para a acelera\u00e7\u00e3o dos ventos na regi\u00e3o.<\/p>\n<p>Com a atua\u00e7\u00e3o desse fen\u00f4meno na atmosfera, os ventos come\u00e7aram a soprar com maior for\u00e7a, principalmente no Tri\u00e2ngulo Mineiro, Sul de Minas, Campo das Vertentes e Zona da Mata. Desde o final da manh\u00e3 at\u00e9 o in\u00edcio da tarde, as rajadas variaram entre 40 e 50 km\/h, n\u00e3o sendo consideradas alarmantes, mas exigindo aten\u00e7\u00e3o e cuidados sob certas condi\u00e7\u00f5es.<\/p>\n<h2>Fen\u00f4menos atmosf\u00e9ricos em Minas Gerais<\/h2>\n<p>Minas Gerais, regi\u00e3o com grande diversidade clim\u00e1tica, pode ser influenciada por diferentes fen\u00f4menos atmosf\u00e9ricos, como ciclones, frentes frias e ambientes convectivos que podem gerar tempestades. O ciclone extratropical, que est\u00e1 em evid\u00eancia atualmente, \u00e9 conhecido por provocar altera\u00e7\u00f5es significativas nas condi\u00e7\u00f5es do tempo, com aumento da velocidade do vento e possibilidade de chuvas intensas.<\/p>\n<p><img decoding=\"async\" src=\"https:\/\/www.encontrabelohorizonte.com.br\/sobre\/wp-content\/uploads\/ventou-ai-ventos-fortes-em-bh-nesta-tarde-sao-reflexo-de-vendaval.webp\" alt=\"ventos fortes em BH\" loading=\"lazy\" \/><\/p>\n<p>O estado muito se beneficia das an\u00e1lises meteorol\u00f3gicas que ajudam a prever eventos adversos, possibilitando que a popula\u00e7\u00e3o se prepare e minimize os danos decorrentes de vendavais e outras intemp\u00e9ries. O Instituto Nacional de Meteorologia (Inmet) frequentemente emite alertas em fun\u00e7\u00e3o da intensidade dos fen\u00f4menos que podem impactar \u00e1reas espec\u00edficas.<\/p>\n<h2>O que \u00e9 um ciclone extratropical?<\/h2>\n<p>Os ciclones extratropicais s\u00e3o sistemas de baixa press\u00e3o que se formam fora das regi\u00f5es tropicais. Eles s\u00e3o caracterizados por um ar frio que se mistura com o ar quente, originando tempestades, ventos fortes e varia\u00e7\u00f5es de temperatura. Esses ciclones podem gerar nuvens densas e chuvas, frequentemente relacionadas a altera\u00e7\u00f5es bruscas nas condi\u00e7\u00f5es atmosf\u00e9ricas.<\/p>\n<p>Ao se movimentarem, esses ciclones podem afetar grandes \u00e1reas do territ\u00f3rio, tornando-se respons\u00e1veis pelos ventos fortes que se registram em Minas Gerais e em outras partes do Brasil. A aproxima\u00e7\u00e3o e a movimenta\u00e7\u00e3o desse tipo de ciclone \u00e9 algo que as autoridades meteorol\u00f3gicas monitoram de perto, visando alertar a popula\u00e7\u00e3o sobre poss\u00edveis consequ\u00eancias e orienta\u00e7\u00f5es necess\u00e1rias.<\/p>\n<h2>Impacto dos ventos na rotina dos belo-horizontinos<\/h2>\n<p>Os ventos intensos podem causar diversos impactos na rotina dos cidad\u00e3os de Belo Horizonte. Principalmente, h\u00e1 riscos associados a transtornos no tr\u00e1fego, em especial em ve\u00edculos maiores e mais leves, que podem ser mais facilmente afetados pelas rajadas. Os ventos fortes ainda podem derrubar \u00e1rvores e danificar estruturas, resultando em interrup\u00e7\u00e3o no fornecimento de energia el\u00e9trica e dificuldade em locomo\u00e7\u00f5es.<\/p>\n<p>Al\u00e9m disso, a popula\u00e7\u00e3o \u00e9 orientada a evitar \u00e1reas abertas e a se precaver em rela\u00e7\u00e3o a quedas de objetos. O alerta meteorol\u00f3gico \u00e9 um recurso importante para que as pessoas se mantenham informadas e possam tomar decis\u00f5es seguras durante eventos clim\u00e1ticos adversos. Assim, a din\u00e2mica do cotidiano das pessoas pode ser alterada pela necessidade de adapta\u00e7\u00e3o \u00e0s condi\u00e7\u00f5es do clima.<\/p>\n<h2>Previs\u00f5es clim\u00e1ticas para os pr\u00f3ximos dias<\/h2>\n<p>A previs\u00e3o do tempo indica que, ap\u00f3s o dia 7 de agosto, a cidade se afastar\u00e1 da rota do ciclone extratropical. Para os dias subsequentes, espera-se uma melhora das condi\u00e7\u00f5es clim\u00e1ticas em Belo Horizonte, com diminui\u00e7\u00e3o nos ventos e possibilidade de temperaturas mais amenas. A partir do dia 8, a cidade deve ter uma queda na intensidade dos ventos, tornando-se mais favor\u00e1vel ao conv\u00edvio social e ao lazer ao ar livre.<\/p>\n<p>Entretanto, em \u00e1reas como o Tri\u00e2ngulo Mineiro, ainda pode haver rajadas, podendo a aten\u00e7\u00e3o meteorol\u00f3gica se manter. \u00c9 importante que a popula\u00e7\u00e3o continue acompanhando os comunicados do Inmet e das demais institui\u00e7\u00f5es encarregadas de monitorar as condi\u00e7\u00f5es atmosf\u00e9ricas, para garantir a seguran\u00e7a e o bem-estar coletivo.<\/p>\n<h2>Como se proteger durante vendavais<\/h2>\n<p>Durante eventos de ventos fortes, algumas recomenda\u00e7\u00f5es s\u00e3o indispens\u00e1veis para garantir a seguran\u00e7a da popula\u00e7\u00e3o:<\/p>\n<ul>\n<li><strong>Evitar \u00e1reas expostas:<\/strong> Ficar longe de locais abertos onde os ventos s\u00e3o mais fortes.<\/li>\n<li><strong>Refugiar-se em locais seguros:<\/strong> Permanecer dentro de casa ou em edif\u00edcios s\u00f3lidos, evitando permanecer em varandas ou janelas.<\/li>\n<li><strong>Tomar cuidado com a mobilidade:<\/strong> Cuidado ao dirigir, especialmente em ve\u00edculos mais leves que podem ser afetados por rajadas fortes.<\/li>\n<li><strong>Atentar-se aos avisos e alertas meteorol\u00f3gicos:<\/strong> Manter-se informado atrav\u00e9s de r\u00e1dios, TV e aplicativos de previs\u00e3o do tempo.<\/li>\n<li><strong>Preparar-se para poss\u00edveis quedas de energia:<\/strong> Garantir que voc\u00ea tem lanternas, velas e recursos de emerg\u00eancia dispon\u00edveis.<\/li>\n<\/ul>\n<h2>Ventos e suas consequ\u00eancias na natureza<\/h2>\n<p>Os ventos fortes t\u00eam um impacto significativo no meio ambiente, podendo causar desmatamento, eros\u00e3o do solo e altera\u00e7\u00e3o nos ecossistemas locais. Durante vendavais, a queda de \u00e1rvores tamb\u00e9m pode alterar habitats de fauna e flora, fazendo com que muitas esp\u00e9cies se vejam for\u00e7adas a mudar seus comportamentos e lugares de abrigo.<\/p>\n<p>A vegeta\u00e7\u00e3o, quando exposta ao impacto de ventos intensos, pode sofrer danos f\u00edsicos, o que prejudica suas fun\u00e7\u00f5es ecol\u00f3gicas. Assim, a preserva\u00e7\u00e3o de \u00e1reas florestais e a recupera\u00e7\u00e3o de ecossistemas tornam-se aspectos importantes para mitigar os efeitos de cat\u00e1strofes naturais como vendavais e tempestuosos movimentos atmosf\u00e9ricos.<\/p>\n<h2>Hist\u00f3rias sobre ventos fortes em BH<\/h2>\n<p>A hist\u00f3ria de Belo Horizonte \u00e9 marcada por diversos eventos clim\u00e1ticos extremos, incluindo vendavais que j\u00e1 ocasionaram grandes estragos e hist\u00f3rias curiosas. Muitas pessoas relatam experi\u00eancias de sustos e aventuras durante tempestades, enquanto outras contam sobre os efeitos dr\u00e1sticos em suas casas e no cotidiano.<\/p>\n<p>Entre as mais lembradas, est\u00e3o relatos de quedas de \u00e1rvores em vias p\u00fablicas e o fechamento de avenidas por conta de destro\u00e7os. Essas experi\u00eancias s\u00e3o lembran\u00e7as que refor\u00e7am a import\u00e2ncia da aten\u00e7\u00e3o e do respeito ao fen\u00f4meno natural, al\u00e9m de alertas para a popula\u00e7\u00e3o sobre a necessidade de estar preparada.<\/p>\n<h2>A import\u00e2ncia da meteorologia em situa\u00e7\u00f5es extremas<\/h2>\n<p>A meteorologia desempenha um papel crucial na sociedade, especialmente em situa\u00e7\u00f5es de risco como vendavais e tempestades. As previs\u00f5es meteorol\u00f3gicas precisam ser precisas e acess\u00edveis, fornecendo informa\u00e7\u00f5es relevantes que garantam a seguran\u00e7a da popula\u00e7\u00e3o.<\/p>\n<p>Estimativas sobre a intensidade e a dura\u00e7\u00e3o dos ventos podem ser vitais em decis\u00f5es di\u00e1rias, permitindo que as pessoas se programem e tomem cuidado em diversas atividades. A atua\u00e7\u00e3o dos meteorologistas \u00e9 fundamental para a salvaguarda de vidas e a prote\u00e7\u00e3o de bens, sendo cada vez mais indispens\u00e1vel diante das mudan\u00e7as clim\u00e1ticas em curso.<\/p>\n<h2>Como os ventos mudam o clima de BH<\/h2>\n<p>Os ventos s\u00e3o cruciais na din\u00e2mica clim\u00e1tica de Belo Horizonte. A altera\u00e7\u00e3o nas dire\u00e7\u00f5es e intensidades do vento pode influenciar as temperaturas e as condi\u00e7\u00f5es de umidade da cidade. O fluxo de ar quente e frio pode criar condi\u00e7\u00f5es de conforto ou desconforto, impactando diretamente a qualidade de vida dos habitantes.<\/p>\n<p>Al\u00e9m disso, os ventos desempenham papel importante na dispers\u00e3o de poluentes e na renova\u00e7\u00e3o do ar. A qualidade do ar em Belo Horizonte pode ser afetada pela velocidade e pela dire\u00e7\u00e3o do vento, tornando as previs\u00f5es meteorol\u00f3gicas imprescind\u00edveis n\u00e3o apenas para eventos extremos, mas para a sa\u00fade ambiental e bem-estar da popula\u00e7\u00e3o.<\/p>\n\n<div style=\"font-size: 0px; height: 0px; line-height: 0px; margin: 0; padding: 0; clear: both;\"><\/div>","protected":false},"excerpt":{"rendered":"<p>Ventos fortes em BH: saiba como a natureza afeta nosso dia a dia.<\/p>\n","protected":false},"author":1,"featured_media":4584,"comment_status":"closed","ping_status":"closed","sticky":false,"template":"","format":"standard","meta":{"footnotes":""},"categories":[6],"tags":[],"class_list":["post-4585","post","type-post","status-publish","format-standard","has-post-thumbnail","hentry","category-noticias","has_thumb"],"aioseo_notices":[],"aioseo_head":"\n\t\t<!-- All in One SEO 5.0.0.1 - aioseo.com -->\n\t<meta name=\"description\" content=\"Ventos fortes em BH: saiba como a natureza afeta nosso dia a dia.\" \/>\n\t<meta name=\"robots\" content=\"max-image-preview:large\" \/>\n\t<meta name=\"author\" content=\"Encontra Belo Horizonte\"\/>\n\t<link rel=\"canonical\" href=\"https:\/\/www.encontrabelohorizonte.com.br\/sobre\/ventou-ai-ventos-fortes-em-bh-nesta-tarde-sao-reflexo-de-vendaval\/\" \/>\n\t<meta name=\"generator\" content=\"All in One SEO (AIOSEO) 5.0.0.1\" \/>\n\t\t<meta property=\"og:locale\" content=\"pt_BR\" \/>\n\t\t<meta property=\"og:site_name\" content=\"Encontra Belo Horizonte | Not\u00edcias, eventos, informa\u00e7\u00f5es e dicas da cidade de Belo Horizonte e regi\u00e3o\" \/>\n\t\t<meta property=\"og:type\" content=\"article\" \/>\n\t\t<meta property=\"og:title\" content=\"Ventou a\u00ed? Ventos fortes em BH nesta tarde s\u00e3o reflexo de vendaval | Encontra Belo Horizonte\" \/>\n\t\t<meta property=\"og:description\" content=\"Ventos fortes em BH: saiba como a natureza afeta nosso dia a dia.\" \/>\n\t\t<meta property=\"og:url\" content=\"https:\/\/www.encontrabelohorizonte.com.br\/sobre\/ventou-ai-ventos-fortes-em-bh-nesta-tarde-sao-reflexo-de-vendaval\/\" \/>\n\t\t<meta property=\"article:published_time\" content=\"2026-08-08T23:31:22+00:00\" \/>\n\t\t<meta property=\"article:modified_time\" content=\"2026-08-08T23:31:22+00:00\" \/>\n\t\t<meta name=\"twitter:card\" content=\"summary\" \/>\n\t\t<meta name=\"twitter:title\" content=\"Ventou a\u00ed? Ventos fortes em BH nesta tarde s\u00e3o reflexo de vendaval | Encontra Belo Horizonte\" \/>\n\t\t<meta name=\"twitter:description\" content=\"Ventos fortes em BH: saiba como a natureza afeta nosso dia a dia.\" \/>\n\t\t<script type=\"application\/ld+json\" class=\"aioseo-schema\">\n\t\t\t{\"@context\":\"https:\\\/\\\/schema.org\",\"@graph\":[{\"@type\":\"Article\",\"@id\":\"https:\\\/\\\/www.encontrabelohorizonte.com.br\\\/sobre\\\/ventou-ai-ventos-fortes-em-bh-nesta-tarde-sao-reflexo-de-vendaval\\\/#article\",\"name\":\"Ventou a\\u00ed? Ventos fortes em BH nesta tarde s\\u00e3o reflexo de vendaval | Encontra Belo Horizonte\",\"headline\":\"Ventou a\\u00ed? Ventos fortes em BH nesta tarde s\\u00e3o reflexo de vendaval\",\"author\":{\"@id\":\"https:\\\/\\\/www.encontrabelohorizonte.com.br\\\/sobre\\\/author\\\/ebelohorizonte\\\/#author\"},\"publisher\":{\"@id\":\"https:\\\/\\\/www.encontrabelohorizonte.com.br\\\/sobre\\\/#organization\"},\"image\":{\"@type\":\"ImageObject\",\"url\":\"https:\\\/\\\/www.encontrabelohorizonte.com.br\\\/sobre\\\/wp-content\\\/uploads\\\/ventou-ai-ventos-fortes-em-bh-nesta-tarde-sao-reflexo-de-vendaval.webp\",\"width\":280,\"height\":280,\"caption\":\"ventos fortes em BH\"},\"datePublished\":\"2026-08-08T20:31:22-03:00\",\"dateModified\":\"2026-08-08T20:31:22-03:00\",\"inLanguage\":\"pt-BR\",\"mainEntityOfPage\":{\"@id\":\"https:\\\/\\\/www.encontrabelohorizonte.com.br\\\/sobre\\\/ventou-ai-ventos-fortes-em-bh-nesta-tarde-sao-reflexo-de-vendaval\\\/#webpage\"},\"isPartOf\":{\"@id\":\"https:\\\/\\\/www.encontrabelohorizonte.com.br\\\/sobre\\\/ventou-ai-ventos-fortes-em-bh-nesta-tarde-sao-reflexo-de-vendaval\\\/#webpage\"},\"articleSection\":\"Not\\u00edcias Belo Horizonte\"},{\"@type\":\"BreadcrumbList\",\"@id\":\"https:\\\/\\\/www.encontrabelohorizonte.com.br\\\/sobre\\\/ventou-ai-ventos-fortes-em-bh-nesta-tarde-sao-reflexo-de-vendaval\\\/#breadcrumblist\",\"itemListElement\":[{\"@type\":\"ListItem\",\"@id\":\"https:\\\/\\\/www.encontrabelohorizonte.com.br\\\/sobre#listItem\",\"position\":1,\"name\":\"In\\u00edcio\",\"item\":\"https:\\\/\\\/www.encontrabelohorizonte.com.br\\\/sobre\",\"nextItem\":{\"@type\":\"ListItem\",\"@id\":\"https:\\\/\\\/www.encontrabelohorizonte.com.br\\\/sobre\\\/noticias\\\/#listItem\",\"name\":\"Not\\u00edcias Belo Horizonte\"}},{\"@type\":\"ListItem\",\"@id\":\"https:\\\/\\\/www.encontrabelohorizonte.com.br\\\/sobre\\\/noticias\\\/#listItem\",\"position\":2,\"name\":\"Not\\u00edcias Belo Horizonte\",\"item\":\"https:\\\/\\\/www.encontrabelohorizonte.com.br\\\/sobre\\\/noticias\\\/\",\"nextItem\":{\"@type\":\"ListItem\",\"@id\":\"https:\\\/\\\/www.encontrabelohorizonte.com.br\\\/sobre\\\/ventou-ai-ventos-fortes-em-bh-nesta-tarde-sao-reflexo-de-vendaval\\\/#listItem\",\"name\":\"Ventou a\\u00ed? Ventos fortes em BH nesta tarde s\\u00e3o reflexo de vendaval\"},\"previousItem\":{\"@type\":\"ListItem\",\"@id\":\"https:\\\/\\\/www.encontrabelohorizonte.com.br\\\/sobre#listItem\",\"name\":\"In\\u00edcio\"}},{\"@type\":\"ListItem\",\"@id\":\"https:\\\/\\\/www.encontrabelohorizonte.com.br\\\/sobre\\\/ventou-ai-ventos-fortes-em-bh-nesta-tarde-sao-reflexo-de-vendaval\\\/#listItem\",\"position\":3,\"name\":\"Ventou a\\u00ed? Ventos fortes em BH nesta tarde s\\u00e3o reflexo de vendaval\",\"previousItem\":{\"@type\":\"ListItem\",\"@id\":\"https:\\\/\\\/www.encontrabelohorizonte.com.br\\\/sobre\\\/noticias\\\/#listItem\",\"name\":\"Not\\u00edcias Belo Horizonte\"}}]},{\"@type\":\"Organization\",\"@id\":\"https:\\\/\\\/www.encontrabelohorizonte.com.br\\\/sobre\\\/#organization\",\"name\":\"Encontra Belo Horizonte\",\"description\":\"Not\\u00edcias, eventos, informa\\u00e7\\u00f5es e dicas da cidade de Belo Horizonte e regi\\u00e3o\",\"url\":\"https:\\\/\\\/www.encontrabelohorizonte.com.br\\\/sobre\\\/\"},{\"@type\":\"Person\",\"@id\":\"https:\\\/\\\/www.encontrabelohorizonte.com.br\\\/sobre\\\/author\\\/ebelohorizonte\\\/#author\",\"url\":\"https:\\\/\\\/www.encontrabelohorizonte.com.br\\\/sobre\\\/author\\\/ebelohorizonte\\\/\",\"name\":\"Encontra Belo Horizonte\",\"image\":{\"@type\":\"ImageObject\",\"@id\":\"https:\\\/\\\/www.encontrabelohorizonte.com.br\\\/sobre\\\/ventou-ai-ventos-fortes-em-bh-nesta-tarde-sao-reflexo-de-vendaval\\\/#authorImage\",\"url\":\"https:\\\/\\\/secure.gravatar.com\\\/avatar\\\/507340682b8270222e1f208e23198b6ae7e2c6a1033ae84e99bc6bce4f82a387?s=96&d=mm&r=g\",\"width\":96,\"height\":96,\"caption\":\"Encontra Belo Horizonte\"}},{\"@type\":\"WebPage\",\"@id\":\"https:\\\/\\\/www.encontrabelohorizonte.com.br\\\/sobre\\\/ventou-ai-ventos-fortes-em-bh-nesta-tarde-sao-reflexo-de-vendaval\\\/#webpage\",\"url\":\"https:\\\/\\\/www.encontrabelohorizonte.com.br\\\/sobre\\\/ventou-ai-ventos-fortes-em-bh-nesta-tarde-sao-reflexo-de-vendaval\\\/\",\"name\":\"Ventou a\\u00ed? Ventos fortes em BH nesta tarde s\\u00e3o reflexo de vendaval | Encontra Belo Horizonte\",\"description\":\"Ventos fortes em BH: saiba como a natureza afeta nosso dia a dia.\",\"inLanguage\":\"pt-BR\",\"isPartOf\":{\"@id\":\"https:\\\/\\\/www.encontrabelohorizonte.com.br\\\/sobre\\\/#website\"},\"breadcrumb\":{\"@id\":\"https:\\\/\\\/www.encontrabelohorizonte.com.br\\\/sobre\\\/ventou-ai-ventos-fortes-em-bh-nesta-tarde-sao-reflexo-de-vendaval\\\/#breadcrumblist\"},\"author\":{\"@id\":\"https:\\\/\\\/www.encontrabelohorizonte.com.br\\\/sobre\\\/author\\\/ebelohorizonte\\\/#author\"},\"creator\":{\"@id\":\"https:\\\/\\\/www.encontrabelohorizonte.com.br\\\/sobre\\\/author\\\/ebelohorizonte\\\/#author\"},\"image\":{\"@type\":\"ImageObject\",\"url\":\"https:\\\/\\\/www.encontrabelohorizonte.com.br\\\/sobre\\\/wp-content\\\/uploads\\\/ventou-ai-ventos-fortes-em-bh-nesta-tarde-sao-reflexo-de-vendaval.webp\",\"@id\":\"https:\\\/\\\/www.encontrabelohorizonte.com.br\\\/sobre\\\/ventou-ai-ventos-fortes-em-bh-nesta-tarde-sao-reflexo-de-vendaval\\\/#mainImage\",\"width\":280,\"height\":280,\"caption\":\"ventos fortes em BH\"},\"primaryImageOfPage\":{\"@id\":\"https:\\\/\\\/www.encontrabelohorizonte.com.br\\\/sobre\\\/ventou-ai-ventos-fortes-em-bh-nesta-tarde-sao-reflexo-de-vendaval\\\/#mainImage\"},\"datePublished\":\"2026-08-08T20:31:22-03:00\",\"dateModified\":\"2026-08-08T20:31:22-03:00\"},{\"@type\":\"WebSite\",\"@id\":\"https:\\\/\\\/www.encontrabelohorizonte.com.br\\\/sobre\\\/#website\",\"url\":\"https:\\\/\\\/www.encontrabelohorizonte.com.br\\\/sobre\\\/\",\"name\":\"Encontra Belo Horizonte\",\"description\":\"Not\\u00edcias, eventos, informa\\u00e7\\u00f5es e dicas da cidade de Belo Horizonte e regi\\u00e3o\",\"inLanguage\":\"pt-BR\",\"publisher\":{\"@id\":\"https:\\\/\\\/www.encontrabelohorizonte.com.br\\\/sobre\\\/#organization\"}}]}\n\t\t<\/script>\n\t\t<!-- All in One SEO -->\n\n","aioseo_head_json":{"title":"Ventou a\u00ed? Ventos fortes em BH nesta tarde s\u00e3o reflexo de vendaval | Encontra Belo Horizonte","description":"Ventos fortes em BH: saiba como a natureza afeta nosso dia a dia.","canonical_url":"https:\/\/www.encontrabelohorizonte.com.br\/sobre\/ventou-ai-ventos-fortes-em-bh-nesta-tarde-sao-reflexo-de-vendaval\/","robots":"max-image-preview:large","keywords":"","webmasterTools":{"miscellaneous":""},"schema":{"@context":"https:\/\/schema.org","@graph":[{"@type":"Article","@id":"https:\/\/www.encontrabelohorizonte.com.br\/sobre\/ventou-ai-ventos-fortes-em-bh-nesta-tarde-sao-reflexo-de-vendaval\/#article","name":"Ventou a\u00ed? Ventos fortes em BH nesta tarde s\u00e3o reflexo de vendaval | Encontra Belo Horizonte","headline":"Ventou a\u00ed? Ventos fortes em BH nesta tarde s\u00e3o reflexo de vendaval","author":{"@id":"https:\/\/www.encontrabelohorizonte.com.br\/sobre\/author\/ebelohorizonte\/#author"},"publisher":{"@id":"https:\/\/www.encontrabelohorizonte.com.br\/sobre\/#organization"},"image":{"@type":"ImageObject","url":"https:\/\/www.encontrabelohorizonte.com.br\/sobre\/wp-content\/uploads\/ventou-ai-ventos-fortes-em-bh-nesta-tarde-sao-reflexo-de-vendaval.webp","width":280,"height":280,"caption":"ventos fortes em BH"},"datePublished":"2026-08-08T20:31:22-03:00","dateModified":"2026-08-08T20:31:22-03:00","inLanguage":"pt-BR","mainEntityOfPage":{"@id":"https:\/\/www.encontrabelohorizonte.com.br\/sobre\/ventou-ai-ventos-fortes-em-bh-nesta-tarde-sao-reflexo-de-vendaval\/#webpage"},"isPartOf":{"@id":"https:\/\/www.encontrabelohorizonte.com.br\/sobre\/ventou-ai-ventos-fortes-em-bh-nesta-tarde-sao-reflexo-de-vendaval\/#webpage"},"articleSection":"Not\u00edcias Belo Horizonte"},{"@type":"BreadcrumbList","@id":"https:\/\/www.encontrabelohorizonte.com.br\/sobre\/ventou-ai-ventos-fortes-em-bh-nesta-tarde-sao-reflexo-de-vendaval\/#breadcrumblist","itemListElement":[{"@type":"ListItem","@id":"https:\/\/www.encontrabelohorizonte.com.br\/sobre#listItem","position":1,"name":"In\u00edcio","item":"https:\/\/www.encontrabelohorizonte.com.br\/sobre","nextItem":{"@type":"ListItem","@id":"https:\/\/www.encontrabelohorizonte.com.br\/sobre\/noticias\/#listItem","name":"Not\u00edcias Belo Horizonte"}},{"@type":"ListItem","@id":"https:\/\/www.encontrabelohorizonte.com.br\/sobre\/noticias\/#listItem","position":2,"name":"Not\u00edcias Belo Horizonte","item":"https:\/\/www.encontrabelohorizonte.com.br\/sobre\/noticias\/","nextItem":{"@type":"ListItem","@id":"https:\/\/www.encontrabelohorizonte.com.br\/sobre\/ventou-ai-ventos-fortes-em-bh-nesta-tarde-sao-reflexo-de-vendaval\/#listItem","name":"Ventou a\u00ed? Ventos fortes em BH nesta tarde s\u00e3o reflexo de vendaval"},"previousItem":{"@type":"ListItem","@id":"https:\/\/www.encontrabelohorizonte.com.br\/sobre#listItem","name":"In\u00edcio"}},{"@type":"ListItem","@id":"https:\/\/www.encontrabelohorizonte.com.br\/sobre\/ventou-ai-ventos-fortes-em-bh-nesta-tarde-sao-reflexo-de-vendaval\/#listItem","position":3,"name":"Ventou a\u00ed? Ventos fortes em BH nesta tarde s\u00e3o reflexo de vendaval","previousItem":{"@type":"ListItem","@id":"https:\/\/www.encontrabelohorizonte.com.br\/sobre\/noticias\/#listItem","name":"Not\u00edcias Belo Horizonte"}}]},{"@type":"Organization","@id":"https:\/\/www.encontrabelohorizonte.com.br\/sobre\/#organization","name":"Encontra Belo Horizonte","description":"Not\u00edcias, eventos, informa\u00e7\u00f5es e dicas da cidade de Belo Horizonte e regi\u00e3o","url":"https:\/\/www.encontrabelohorizonte.com.br\/sobre\/"},{"@type":"Person","@id":"https:\/\/www.encontrabelohorizonte.com.br\/sobre\/author\/ebelohorizonte\/#author","url":"https:\/\/www.encontrabelohorizonte.com.br\/sobre\/author\/ebelohorizonte\/","name":"Encontra Belo Horizonte","image":{"@type":"ImageObject","@id":"https:\/\/www.encontrabelohorizonte.com.br\/sobre\/ventou-ai-ventos-fortes-em-bh-nesta-tarde-sao-reflexo-de-vendaval\/#authorImage","url":"https:\/\/secure.gravatar.com\/avatar\/507340682b8270222e1f208e23198b6ae7e2c6a1033ae84e99bc6bce4f82a387?s=96&d=mm&r=g","width":96,"height":96,"caption":"Encontra Belo Horizonte"}},{"@type":"WebPage","@id":"https:\/\/www.encontrabelohorizonte.com.br\/sobre\/ventou-ai-ventos-fortes-em-bh-nesta-tarde-sao-reflexo-de-vendaval\/#webpage","url":"https:\/\/www.encontrabelohorizonte.com.br\/sobre\/ventou-ai-ventos-fortes-em-bh-nesta-tarde-sao-reflexo-de-vendaval\/","name":"Ventou a\u00ed? Ventos fortes em BH nesta tarde s\u00e3o reflexo de vendaval | Encontra Belo Horizonte","description":"Ventos fortes em BH: saiba como a natureza afeta nosso dia a dia.","inLanguage":"pt-BR","isPartOf":{"@id":"https:\/\/www.encontrabelohorizonte.com.br\/sobre\/#website"},"breadcrumb":{"@id":"https:\/\/www.encontrabelohorizonte.com.br\/sobre\/ventou-ai-ventos-fortes-em-bh-nesta-tarde-sao-reflexo-de-vendaval\/#breadcrumblist"},"author":{"@id":"https:\/\/www.encontrabelohorizonte.com.br\/sobre\/author\/ebelohorizonte\/#author"},"creator":{"@id":"https:\/\/www.encontrabelohorizonte.com.br\/sobre\/author\/ebelohorizonte\/#author"},"image":{"@type":"ImageObject","url":"https:\/\/www.encontrabelohorizonte.com.br\/sobre\/wp-content\/uploads\/ventou-ai-ventos-fortes-em-bh-nesta-tarde-sao-reflexo-de-vendaval.webp","@id":"https:\/\/www.encontrabelohorizonte.com.br\/sobre\/ventou-ai-ventos-fortes-em-bh-nesta-tarde-sao-reflexo-de-vendaval\/#mainImage","width":280,"height":280,"caption":"ventos fortes em BH"},"primaryImageOfPage":{"@id":"https:\/\/www.encontrabelohorizonte.com.br\/sobre\/ventou-ai-ventos-fortes-em-bh-nesta-tarde-sao-reflexo-de-vendaval\/#mainImage"},"datePublished":"2026-08-08T20:31:22-03:00","dateModified":"2026-08-08T20:31:22-03:00"},{"@type":"WebSite","@id":"https:\/\/www.encontrabelohorizonte.com.br\/sobre\/#website","url":"https:\/\/www.encontrabelohorizonte.com.br\/sobre\/","name":"Encontra Belo Horizonte","description":"Not\u00edcias, eventos, informa\u00e7\u00f5es e dicas da cidade de Belo Horizonte e regi\u00e3o","inLanguage":"pt-BR","publisher":{"@id":"https:\/\/www.encontrabelohorizonte.com.br\/sobre\/#organization"}}]},"og:locale":"pt_BR","og:site_name":"Encontra Belo Horizonte | Not\u00edcias, eventos, informa\u00e7\u00f5es e dicas da cidade de Belo Horizonte e regi\u00e3o","og:type":"article","og:title":"Ventou a\u00ed? Ventos fortes em BH nesta tarde s\u00e3o reflexo de vendaval | Encontra Belo Horizonte","og:description":"Ventos fortes em BH: saiba como a natureza afeta nosso dia a dia.","og:url":"https:\/\/www.encontrabelohorizonte.com.br\/sobre\/ventou-ai-ventos-fortes-em-bh-nesta-tarde-sao-reflexo-de-vendaval\/","article:published_time":"2026-08-08T23:31:22+00:00","article:modified_time":"2026-08-08T23:31:22+00:00","twitter:card":"summary","twitter:title":"Ventou a\u00ed? Ventos fortes em BH nesta tarde s\u00e3o reflexo de vendaval | Encontra Belo Horizonte","twitter:description":"Ventos fortes em BH: saiba como a natureza afeta nosso dia a dia."},"aioseo_meta_data":{"post_id":"4585","title":null,"description":null,"keywords":null,"keyphrases":null,"primary_term":null,"canonical_url":null,"og_title":null,"og_description":null,"og_object_type":"default","og_image_type":"default","og_image_url":null,"og_image_width":null,"og_image_height":null,"og_image_custom_url":null,"og_image_custom_fields":null,"og_video":null,"og_custom_url":null,"og_article_section":null,"og_article_tags":null,"twitter_use_og":false,"twitter_card":"default","twitter_image_type":"default","twitter_image_url":null,"twitter_image_custom_url":null,"twitter_image_custom_fields":null,"twitter_title":null,"twitter_description":null,"schema":{"blockGraphs":[],"customGraphs":[],"default":{"data":{"Article":[],"Course":[],"Dataset":[],"FAQPage":[],"Movie":[],"Person":[],"Product":[],"ProductReview":[],"Car":[],"Recipe":[],"Service":[],"SoftwareApplication":[],"WebPage":[]},"graphName":"Article","isEnabled":true},"graphs":[]},"schema_type":"default","schema_type_options":null,"pillar_content":false,"robots_default":true,"robots_noindex":false,"robots_noarchive":false,"robots_nosnippet":false,"robots_nofollow":false,"robots_noimageindex":false,"robots_noodp":false,"robots_notranslate":false,"robots_max_snippet":null,"robots_max_videopreview":null,"robots_max_imagepreview":"large","priority":null,"frequency":null,"local_seo":null,"breadcrumb_settings":null,"limit_modified_date":false,"ai":null,"created":"2026-08-08 23:31:22","updated":"2026-08-08 23:58:53","focus_keyword":null,"additional_keywords":null,"truseo_locale":null,"seo_analyzer_scan_date":null},"aioseo_breadcrumb":"<div class=\"aioseo-breadcrumbs\"><span class=\"aioseo-breadcrumb\">\n\t\t\t<a href=\"https:\/\/www.encontrabelohorizonte.com.br\/sobre\" title=\"In\u00edcio\">In\u00edcio<\/a>\n\t\t<\/span><span class=\"aioseo-breadcrumb-separator\">&raquo;<\/span><span class=\"aioseo-breadcrumb\">\n\t\t\t<a href=\"https:\/\/www.encontrabelohorizonte.com.br\/sobre\/noticias\/\" title=\"Not\u00edcias Belo Horizonte\">Not\u00edcias Belo Horizonte<\/a>\n\t\t<\/span><span class=\"aioseo-breadcrumb-separator\">&raquo;<\/span><span class=\"aioseo-breadcrumb\">\n\t\t\tVentou a\u00ed? Ventos fortes em BH nesta tarde s\u00e3o reflexo de vendaval\n\t\t<\/span><\/div>","aioseo_breadcrumb_json":[{"label":"In\u00edcio","link":"https:\/\/www.encontrabelohorizonte.com.br\/sobre"},{"label":"Not\u00edcias Belo Horizonte","link":"https:\/\/www.encontrabelohorizonte.com.br\/sobre\/noticias\/"},{"label":"Ventou a\u00ed? Ventos fortes em BH nesta tarde s\u00e3o reflexo de vendaval","link":"https:\/\/www.encontrabelohorizonte.com.br\/sobre\/ventou-ai-ventos-fortes-em-bh-nesta-tarde-sao-reflexo-de-vendaval\/"}],"_links":{"self":[{"href":"https:\/\/www.encontrabelohorizonte.com.br\/sobre\/wp-json\/wp\/v2\/posts\/4585","targetHints":{"allow":["GET"]}}],"collection":[{"href":"https:\/\/www.encontrabelohorizonte.com.br\/sobre\/wp-json\/wp\/v2\/posts"}],"about":[{"href":"https:\/\/www.encontrabelohorizonte.com.br\/sobre\/wp-json\/wp\/v2\/types\/post"}],"author":[{"embeddable":true,"href":"https:\/\/www.encontrabelohorizonte.com.br\/sobre\/wp-json\/wp\/v2\/users\/1"}],"replies":[{"embeddable":true,"href":"https:\/\/www.encontrabelohorizonte.com.br\/sobre\/wp-json\/wp\/v2\/comments?post=4585"}],"version-history":[{"count":0,"href":"https:\/\/www.encontrabelohorizonte.com.br\/sobre\/wp-json\/wp\/v2\/posts\/4585\/revisions"}],"wp:featuredmedia":[{"embeddable":true,"href":"https:\/\/www.encontrabelohorizonte.com.br\/sobre\/wp-json\/wp\/v2\/media\/4584"}],"wp:attachment":[{"href":"https:\/\/www.encontrabelohorizonte.com.br\/sobre\/wp-json\/wp\/v2\/media?parent=4585"}],"wp:term":[{"taxonomy":"category","embeddable":true,"href":"https:\/\/www.encontrabelohorizonte.com.br\/sobre\/wp-json\/wp\/v2\/categories?post=4585"},{"taxonomy":"post_tag","embeddable":true,"href":"https:\/\/www.encontrabelohorizonte.com.br\/sobre\/wp-json\/wp\/v2\/tags?post=4585"}],"curies":[{"name":"wp","href":"https:\/\/api.w.org\/{rel}","templated":true}]}}