{"id":4593,"date":"2026-08-09T20:56:56","date_gmt":"2026-08-09T23:56:56","guid":{"rendered":"https:\/\/www.encontrabelohorizonte.com.br\/sobre\/bairros-de-duas-cidades-da-grande-bh-podem-ficar-sem-agua-nesta-semana-veja-a-lista\/"},"modified":"2026-08-09T20:56:56","modified_gmt":"2026-08-09T23:56:56","slug":"bairros-de-duas-cidades-da-grande-bh-podem-ficar-sem-agua-nesta-semana-veja-a-lista","status":"publish","type":"post","link":"https:\/\/www.encontrabelohorizonte.com.br\/sobre\/bairros-de-duas-cidades-da-grande-bh-podem-ficar-sem-agua-nesta-semana-veja-a-lista\/","title":{"rendered":"Bairros de duas cidades da Grande BH podem ficar sem \u00e1gua nesta semana; veja a lista"},"content":{"rendered":"<div class=\"2e083cf0b19e2c11948dc6ac054ba979\" data-index=\"1\" style=\"float: none; margin:0px;\">\n<!-- Anuncio display - global -->\r\n<ins class=\"adsbygoogle\"\r\n     style=\"display:block\"\r\n     data-ad-client=\"ca-pub-8585364105181520\"\r\n     data-ad-slot=\"8789329856\"\r\n     data-ad-format=\"auto\"\r\n     data-full-width-responsive=\"true\"><\/ins>\r\n<script>\r\n     (adsbygoogle = window.adsbygoogle || []).push({});\r\n<\/script>\n<\/div>\n<h2>Motivos das Interrup\u00e7\u00f5es de \u00c1gua<\/h2>\n<p>Recentemente, moradores de 23 bairros em duas cidades da Regi\u00e3o Metropolitana de Belo Horizonte, Sabar\u00e1 e Ribeir\u00e3o das Neves, enfrentaram a possibilidade de interrup\u00e7\u00f5es no fornecimento de \u00e1gua. Essa situa\u00e7\u00e3o se deve a interven\u00e7\u00f5es programadas pela Companhia de Saneamento de Minas Gerais (Copasa), que anunciou que as obras de manuten\u00e7\u00e3o ser\u00e3o realizadas visando melhorar a qualidade do abastecimento de \u00e1gua nas duas localidades.<\/p>\n<p>A Copasa informou que a primeira etapa da opera\u00e7\u00e3o ser\u00e1 realizada em Sabar\u00e1, prevista para ocorrer entre as 5h da segunda-feira (28\/7) e as 6h da ter\u00e7a-feira (29\/7). J\u00e1 a sess\u00e3o de obras em Ribeir\u00e3o das Neves est\u00e1 marcada para acontecer das 5h de quarta-feira (30\/7) at\u00e9 as 9h da quinta-feira (31\/7). Essas manuten\u00e7\u00f5es s\u00e3o essenciais para manter a infraestrutura de \u00e1gua das localidades, mas podem causar transtornos temporais para os residentes.<\/p>\n<h2>Como se Preparar para a Falta de \u00c1gua<\/h2>\n<p>Para minimizar os impactos da falta de \u00e1gua durante os per\u00edodos de manuten\u00e7\u00e3o, \u00e9 importante que os moradores adotem algumas medidas preventivas.<\/p>\n<p><img decoding=\"async\" src=\"https:\/\/www.encontrabelohorizonte.com.br\/sobre\/wp-content\/uploads\/bairros-de-duas-cidades-da-grande-bh-podem-ficar-sem-agua-nesta-semana-veja-a-lista.webp\" alt=\"bairros sem \u00e1gua Grande BH\" loading=\"lazy\" \/><\/p>\n<ul>\n<li><strong>Armazenamento Antecipado:<\/strong> Encher caixas-d&#8217;\u00e1gua, garrafas e outros recipientes com \u00e1gua antes das interrup\u00e7\u00f5es programadas pode ajudar a garantir que voc\u00ea tenha \u00e1gua suficiente para as necessidades di\u00e1rias, como cozinha e higiene pessoal.<\/li>\n<li><strong>Manter Informa\u00e7\u00e3o Atualizada:<\/strong> Acompanhar as atualiza\u00e7\u00f5es e avisos da Copasa atrav\u00e9s de canais oficiais e da imprensa para saber exatamente o que esperar.<\/li>\n<li><strong>Preparar um Plano de Conting\u00eancia:<\/strong> Caso voc\u00ea dependa mais \u00e1gua para pessoas que necessitam de cuidados especiais ou para animais de estima\u00e7\u00e3o, considere preparar um plano de conting\u00eancia com anteced\u00eancia.<\/li>\n<\/ul>\n<h2>Bairros em Sabar\u00e1 Afectados<\/h2>\n<p>Os seguintes bairros em Sabar\u00e1 podem ter seu abastecimento de \u00e1gua interrompido durante o per\u00edodo de manuten\u00e7\u00f5es:<\/p>\n<ul>\n<li>Adelmol\u00e2ndia<\/li>\n<li>Adelmol\u00e2ndia II<\/li>\n<li>Alto Bela Vista<\/li>\n<li>Alto do Fidalgo<\/li>\n<li>Arraial Velho<\/li>\n<li>Conjunto Habitacional Morada da Serra<\/li>\n<li>C\u00f3rrego da Ilha<\/li>\n<li>Distrito Industrial Oper\u00e1rio Raimundo Fantini<\/li>\n<li>Esplanada<\/li>\n<li>Fogo Apagou<\/li>\n<li>Galego<\/li>\n<li>Morro da Cruz<\/li>\n<li> Nossa Senhora do \u00d3<\/li>\n<li>Vila Francisco de Moura<\/li>\n<li>Vila Santo Ant\u00f4nio de P\u00e1dua<\/li>\n<\/ul>\n<h2>Bairros em Ribeir\u00e3o das Neves Afectados<\/h2>\n<p>Os bairros em Ribeir\u00e3o das Neves que tamb\u00e9m devem ser afetados incluem:<\/p>\n<ul>\n<li>Alterosa<\/li>\n<li>Conjunto Habitacional Henrique Sapori<\/li>\n<li>Fazenda Castro<\/li>\n<li>Florenca<\/li>\n<li>San Genaro<\/li>\n<li>Vale da Prata<\/li>\n<li>Veneza<\/li>\n<li>Vila Henrique Sapori<\/li>\n<\/ul>\n<h2>Impactos na Vida Di\u00e1ria<\/h2>\n<p>A interrup\u00e7\u00e3o no abastecimento de \u00e1gua pode ter diversos efeitos na rotina dos moradores. Entre os impactos mais not\u00e1veis, podemos citar:<\/p>\n<ul>\n<li><strong>Higiene Pessoal:<\/strong> A falta de \u00e1gua pode dificultar os cuidados com a higiene, especialmente para fam\u00edlias grandes ou que cuidam de pessoas idosas.<\/li>\n<li><strong>Prepara\u00e7\u00e3o de Alimentos:<\/strong> A cozinhar e a limpeza de utens\u00edlios ficam comprometidas.<\/li>\n<li><strong>Hidrata\u00e7\u00e3o:<\/strong> A \u00e1gua \u00e9 essencial para a hidrata\u00e7\u00e3o, e sua escassez pode afetar a sa\u00fade dos moradores e de seus animais de estima\u00e7\u00e3o.<\/li>\n<\/ul>\n<h2>Import\u00e2ncia de Caixas-d&#8217;\u00e1gua<\/h2>\n<p>Os im\u00f3veis equipados com caixas-d&#8217;\u00e1gua s\u00e3o menos afetados durante per\u00edodos de baixa press\u00e3o ou falta de \u00e1gua, visto que essas estruturas permitem armazenar \u00e1gua para uso futuro. Ter uma caixa-d&#8217;\u00e1gua pode ser um investimento valioso, destacando-se em situa\u00e7\u00f5es como essa.<\/p>\n<h2>Como Monitorar o Abastecimento<\/h2>\n<p>Acompanhar as atualiza\u00e7\u00f5es sobre o abastecimento de \u00e1gua \u00e9 crucial. Os moradores podem:<\/p>\n<ul>\n<li><strong>Utilizar Aplicativos:<\/strong> Conhe\u00e7a aplicativos e plataformas digitais que oferecem informa\u00e7\u00f5es em tempo real sobre o abastecimento.<\/li>\n<li><strong>Siga as Redes Sociais da Copasa:<\/strong> Acompanhar as redes sociais oficiais da Copasa pode fornecer informa\u00e7\u00f5es sobre interrup\u00e7\u00f5es e previs\u00f5es de normaliza\u00e7\u00e3o do servi\u00e7o.<\/li>\n<li><strong>Alertas por SMS ou WhatsApp:<\/strong> Inscreva-se para receber alertas das concession\u00e1rias de \u00e1gua, que podem enviar avisos sobre interrup\u00e7\u00f5es.<\/li>\n<\/ul>\n<h2>Informa\u00e7\u00f5es Adicionais da Copasa<\/h2>\n<p>Os moradores devem ficar atentos \u00e0s informa\u00e7\u00f5es que a Copasa disponibiliza, que podem ser acessadas atrav\u00e9s do site oficial e tamb\u00e9m pelas redes sociais. A companhia costuma fornecer detalhes sobre os locais que est\u00e3o sendo afetados, os hor\u00e1rios das manuten\u00e7\u00f5es e quaisquer outras informa\u00e7\u00f5es relevantes relacionadas aos servi\u00e7os de abastecimento.<\/p>\n<h2>Dicas para Armazenamento de \u00c1gua<\/h2>\n<p>Com a possibilidade de falta de \u00e1gua, \u00e9 prudente armazenar \u00e1gua de forma adequada:<\/p>\n<ul>\n<li><strong>Recipientes Limpos:<\/strong> Utilize apenas recipientes que sejam pr\u00f3prios para armazenamento de \u00e1gua.<\/li>\n<li><strong>Desinfec\u00e7\u00e3o:<\/strong> Antes de usar a caixa-d&#8217;\u00e1gua ou os recipientes de armazenamento, assegure-se de limp\u00e1-los para evitar contamina\u00e7\u00e3o.<\/li>\n<li><strong>Fechamento dos Recipientes:<\/strong> Mantenha os recipientes bem fechados para evitar a entrada de sujeira ou mosquitos.<\/li>\n<\/ul>\n<h2>Alternativas Durante a Interrup\u00e7\u00e3o<\/h2>\n<p>Se a \u00e1gua n\u00e3o estiver dispon\u00edvel, considere algumas alternativas:<\/p>\n<ul>\n<li><strong>\u00c1gua Mineral:<\/strong> Em situa\u00e7\u00f5es cr\u00edticas, a \u00e1gua mineral pode servir como alternativa para a hidrata\u00e7\u00e3o e consumo.<\/li>\n<li><strong>Uso de Len\u00e7os Umidecidos:<\/strong> Produtos como len\u00e7os umedecidos podem ser usados para manter a higiene pessoal quando n\u00e3o houver \u00e1gua dispon\u00edvel.<\/li>\n<li><strong>Limpeza de Urg\u00eancia:<\/strong> Usar \u00e1gua de fontes n\u00e3o pot\u00e1veis para limpeza de ambientes, mas seja cauteloso com a contamina\u00e7\u00e3o.<\/li>\n<\/ul>\n<h2>Considera\u00e7\u00f5es Finais<\/h2>\n<p>\u00c9 fundamental que todos se preparem para este cen\u00e1rio de interrup\u00e7\u00f5es no abastecimento, buscando formas de contornar os transtornos e tendo sempre uma reserva de \u00e1gua. Al\u00e9m disso, \u00e9 importante que os cidad\u00e3os sejam proativos em buscar informa\u00e7\u00f5es e manter um di\u00e1logo com a Copasa para garantir que estejam sempre bem informados sobre a situa\u00e7\u00e3o do abastecimento de \u00e1gua em suas localidades.<\/p>\n\n<div style=\"font-size: 0px; height: 0px; line-height: 0px; margin: 0; padding: 0; clear: both;\"><\/div>","protected":false},"excerpt":{"rendered":"<p>Bairros de Sabar\u00e1 e Ribeir\u00e3o das Neves podem enfrentar falta de \u00e1gua esta semana.<\/p>\n","protected":false},"author":1,"featured_media":4592,"comment_status":"closed","ping_status":"closed","sticky":false,"template":"","format":"standard","meta":{"footnotes":""},"categories":[6],"tags":[],"class_list":["post-4593","post","type-post","status-publish","format-standard","has-post-thumbnail","hentry","category-noticias","has_thumb"],"aioseo_notices":[],"aioseo_head":"\n\t\t<!-- All in One SEO 5.0.0.1 - aioseo.com -->\n\t<meta name=\"description\" content=\"Bairros de Sabar\u00e1 e Ribeir\u00e3o das Neves podem enfrentar falta de \u00e1gua esta semana.\" \/>\n\t<meta name=\"robots\" content=\"max-image-preview:large\" \/>\n\t<meta name=\"author\" content=\"Encontra Belo Horizonte\"\/>\n\t<link rel=\"canonical\" href=\"https:\/\/www.encontrabelohorizonte.com.br\/sobre\/bairros-de-duas-cidades-da-grande-bh-podem-ficar-sem-agua-nesta-semana-veja-a-lista\/\" \/>\n\t<meta name=\"generator\" content=\"All in One SEO (AIOSEO) 5.0.0.1\" \/>\n\t\t<meta property=\"og:locale\" content=\"pt_BR\" \/>\n\t\t<meta property=\"og:site_name\" content=\"Encontra Belo Horizonte | Not\u00edcias, eventos, informa\u00e7\u00f5es e dicas da cidade de Belo Horizonte e regi\u00e3o\" \/>\n\t\t<meta property=\"og:type\" content=\"article\" \/>\n\t\t<meta property=\"og:title\" content=\"Bairros de duas cidades da Grande BH podem ficar sem \u00e1gua nesta semana; veja a lista | Encontra Belo Horizonte\" \/>\n\t\t<meta property=\"og:description\" content=\"Bairros de Sabar\u00e1 e Ribeir\u00e3o das Neves podem enfrentar falta de \u00e1gua esta semana.\" \/>\n\t\t<meta property=\"og:url\" content=\"https:\/\/www.encontrabelohorizonte.com.br\/sobre\/bairros-de-duas-cidades-da-grande-bh-podem-ficar-sem-agua-nesta-semana-veja-a-lista\/\" \/>\n\t\t<meta property=\"article:published_time\" content=\"2026-08-09T23:56:56+00:00\" \/>\n\t\t<meta property=\"article:modified_time\" content=\"2026-08-09T23:56:56+00:00\" \/>\n\t\t<meta name=\"twitter:card\" content=\"summary\" \/>\n\t\t<meta name=\"twitter:title\" content=\"Bairros de duas cidades da Grande BH podem ficar sem \u00e1gua nesta semana; veja a lista | Encontra Belo Horizonte\" \/>\n\t\t<meta name=\"twitter:description\" content=\"Bairros de Sabar\u00e1 e Ribeir\u00e3o das Neves podem enfrentar falta de \u00e1gua esta semana.\" \/>\n\t\t<script type=\"application\/ld+json\" class=\"aioseo-schema\">\n\t\t\t{\"@context\":\"https:\\\/\\\/schema.org\",\"@graph\":[{\"@type\":\"Article\",\"@id\":\"https:\\\/\\\/www.encontrabelohorizonte.com.br\\\/sobre\\\/bairros-de-duas-cidades-da-grande-bh-podem-ficar-sem-agua-nesta-semana-veja-a-lista\\\/#article\",\"name\":\"Bairros de duas cidades da Grande BH podem ficar sem \\u00e1gua nesta semana; veja a lista | Encontra Belo Horizonte\",\"headline\":\"Bairros de duas cidades da Grande BH podem ficar sem \\u00e1gua nesta semana; veja a lista\",\"author\":{\"@id\":\"https:\\\/\\\/www.encontrabelohorizonte.com.br\\\/sobre\\\/author\\\/ebelohorizonte\\\/#author\"},\"publisher\":{\"@id\":\"https:\\\/\\\/www.encontrabelohorizonte.com.br\\\/sobre\\\/#organization\"},\"image\":{\"@type\":\"ImageObject\",\"url\":\"https:\\\/\\\/www.encontrabelohorizonte.com.br\\\/sobre\\\/wp-content\\\/uploads\\\/bairros-de-duas-cidades-da-grande-bh-podem-ficar-sem-agua-nesta-semana-veja-a-lista.webp\",\"width\":280,\"height\":280,\"caption\":\"bairros sem \\u00e1gua Grande BH\"},\"datePublished\":\"2026-08-09T20:56:56-03:00\",\"dateModified\":\"2026-08-09T20:56:56-03:00\",\"inLanguage\":\"pt-BR\",\"mainEntityOfPage\":{\"@id\":\"https:\\\/\\\/www.encontrabelohorizonte.com.br\\\/sobre\\\/bairros-de-duas-cidades-da-grande-bh-podem-ficar-sem-agua-nesta-semana-veja-a-lista\\\/#webpage\"},\"isPartOf\":{\"@id\":\"https:\\\/\\\/www.encontrabelohorizonte.com.br\\\/sobre\\\/bairros-de-duas-cidades-da-grande-bh-podem-ficar-sem-agua-nesta-semana-veja-a-lista\\\/#webpage\"},\"articleSection\":\"Not\\u00edcias Belo Horizonte\"},{\"@type\":\"BreadcrumbList\",\"@id\":\"https:\\\/\\\/www.encontrabelohorizonte.com.br\\\/sobre\\\/bairros-de-duas-cidades-da-grande-bh-podem-ficar-sem-agua-nesta-semana-veja-a-lista\\\/#breadcrumblist\",\"itemListElement\":[{\"@type\":\"ListItem\",\"@id\":\"https:\\\/\\\/www.encontrabelohorizonte.com.br\\\/sobre#listItem\",\"position\":1,\"name\":\"In\\u00edcio\",\"item\":\"https:\\\/\\\/www.encontrabelohorizonte.com.br\\\/sobre\",\"nextItem\":{\"@type\":\"ListItem\",\"@id\":\"https:\\\/\\\/www.encontrabelohorizonte.com.br\\\/sobre\\\/noticias\\\/#listItem\",\"name\":\"Not\\u00edcias Belo Horizonte\"}},{\"@type\":\"ListItem\",\"@id\":\"https:\\\/\\\/www.encontrabelohorizonte.com.br\\\/sobre\\\/noticias\\\/#listItem\",\"position\":2,\"name\":\"Not\\u00edcias Belo Horizonte\",\"item\":\"https:\\\/\\\/www.encontrabelohorizonte.com.br\\\/sobre\\\/noticias\\\/\",\"nextItem\":{\"@type\":\"ListItem\",\"@id\":\"https:\\\/\\\/www.encontrabelohorizonte.com.br\\\/sobre\\\/bairros-de-duas-cidades-da-grande-bh-podem-ficar-sem-agua-nesta-semana-veja-a-lista\\\/#listItem\",\"name\":\"Bairros de duas cidades da Grande BH podem ficar sem \\u00e1gua nesta semana; veja a lista\"},\"previousItem\":{\"@type\":\"ListItem\",\"@id\":\"https:\\\/\\\/www.encontrabelohorizonte.com.br\\\/sobre#listItem\",\"name\":\"In\\u00edcio\"}},{\"@type\":\"ListItem\",\"@id\":\"https:\\\/\\\/www.encontrabelohorizonte.com.br\\\/sobre\\\/bairros-de-duas-cidades-da-grande-bh-podem-ficar-sem-agua-nesta-semana-veja-a-lista\\\/#listItem\",\"position\":3,\"name\":\"Bairros de duas cidades da Grande BH podem ficar sem \\u00e1gua nesta semana; veja a lista\",\"previousItem\":{\"@type\":\"ListItem\",\"@id\":\"https:\\\/\\\/www.encontrabelohorizonte.com.br\\\/sobre\\\/noticias\\\/#listItem\",\"name\":\"Not\\u00edcias Belo Horizonte\"}}]},{\"@type\":\"Organization\",\"@id\":\"https:\\\/\\\/www.encontrabelohorizonte.com.br\\\/sobre\\\/#organization\",\"name\":\"Encontra Belo Horizonte\",\"description\":\"Not\\u00edcias, eventos, informa\\u00e7\\u00f5es e dicas da cidade de Belo Horizonte e regi\\u00e3o\",\"url\":\"https:\\\/\\\/www.encontrabelohorizonte.com.br\\\/sobre\\\/\"},{\"@type\":\"Person\",\"@id\":\"https:\\\/\\\/www.encontrabelohorizonte.com.br\\\/sobre\\\/author\\\/ebelohorizonte\\\/#author\",\"url\":\"https:\\\/\\\/www.encontrabelohorizonte.com.br\\\/sobre\\\/author\\\/ebelohorizonte\\\/\",\"name\":\"Encontra Belo Horizonte\",\"image\":{\"@type\":\"ImageObject\",\"@id\":\"https:\\\/\\\/www.encontrabelohorizonte.com.br\\\/sobre\\\/bairros-de-duas-cidades-da-grande-bh-podem-ficar-sem-agua-nesta-semana-veja-a-lista\\\/#authorImage\",\"url\":\"https:\\\/\\\/secure.gravatar.com\\\/avatar\\\/507340682b8270222e1f208e23198b6ae7e2c6a1033ae84e99bc6bce4f82a387?s=96&d=mm&r=g\",\"width\":96,\"height\":96,\"caption\":\"Encontra Belo Horizonte\"}},{\"@type\":\"WebPage\",\"@id\":\"https:\\\/\\\/www.encontrabelohorizonte.com.br\\\/sobre\\\/bairros-de-duas-cidades-da-grande-bh-podem-ficar-sem-agua-nesta-semana-veja-a-lista\\\/#webpage\",\"url\":\"https:\\\/\\\/www.encontrabelohorizonte.com.br\\\/sobre\\\/bairros-de-duas-cidades-da-grande-bh-podem-ficar-sem-agua-nesta-semana-veja-a-lista\\\/\",\"name\":\"Bairros de duas cidades da Grande BH podem ficar sem \\u00e1gua nesta semana; veja a lista | Encontra Belo Horizonte\",\"description\":\"Bairros de Sabar\\u00e1 e Ribeir\\u00e3o das Neves podem enfrentar falta de \\u00e1gua esta semana.\",\"inLanguage\":\"pt-BR\",\"isPartOf\":{\"@id\":\"https:\\\/\\\/www.encontrabelohorizonte.com.br\\\/sobre\\\/#website\"},\"breadcrumb\":{\"@id\":\"https:\\\/\\\/www.encontrabelohorizonte.com.br\\\/sobre\\\/bairros-de-duas-cidades-da-grande-bh-podem-ficar-sem-agua-nesta-semana-veja-a-lista\\\/#breadcrumblist\"},\"author\":{\"@id\":\"https:\\\/\\\/www.encontrabelohorizonte.com.br\\\/sobre\\\/author\\\/ebelohorizonte\\\/#author\"},\"creator\":{\"@id\":\"https:\\\/\\\/www.encontrabelohorizonte.com.br\\\/sobre\\\/author\\\/ebelohorizonte\\\/#author\"},\"image\":{\"@type\":\"ImageObject\",\"url\":\"https:\\\/\\\/www.encontrabelohorizonte.com.br\\\/sobre\\\/wp-content\\\/uploads\\\/bairros-de-duas-cidades-da-grande-bh-podem-ficar-sem-agua-nesta-semana-veja-a-lista.webp\",\"@id\":\"https:\\\/\\\/www.encontrabelohorizonte.com.br\\\/sobre\\\/bairros-de-duas-cidades-da-grande-bh-podem-ficar-sem-agua-nesta-semana-veja-a-lista\\\/#mainImage\",\"width\":280,\"height\":280,\"caption\":\"bairros sem \\u00e1gua Grande BH\"},\"primaryImageOfPage\":{\"@id\":\"https:\\\/\\\/www.encontrabelohorizonte.com.br\\\/sobre\\\/bairros-de-duas-cidades-da-grande-bh-podem-ficar-sem-agua-nesta-semana-veja-a-lista\\\/#mainImage\"},\"datePublished\":\"2026-08-09T20:56:56-03:00\",\"dateModified\":\"2026-08-09T20:56:56-03:00\"},{\"@type\":\"WebSite\",\"@id\":\"https:\\\/\\\/www.encontrabelohorizonte.com.br\\\/sobre\\\/#website\",\"url\":\"https:\\\/\\\/www.encontrabelohorizonte.com.br\\\/sobre\\\/\",\"name\":\"Encontra Belo Horizonte\",\"description\":\"Not\\u00edcias, eventos, informa\\u00e7\\u00f5es e dicas da cidade de Belo Horizonte e regi\\u00e3o\",\"inLanguage\":\"pt-BR\",\"publisher\":{\"@id\":\"https:\\\/\\\/www.encontrabelohorizonte.com.br\\\/sobre\\\/#organization\"}}]}\n\t\t<\/script>\n\t\t<!-- All in One SEO -->\n\n","aioseo_head_json":{"title":"Bairros de duas cidades da Grande BH podem ficar sem \u00e1gua nesta semana; veja a lista | Encontra Belo Horizonte","description":"Bairros de Sabar\u00e1 e Ribeir\u00e3o das Neves podem enfrentar falta de \u00e1gua esta semana.","canonical_url":"https:\/\/www.encontrabelohorizonte.com.br\/sobre\/bairros-de-duas-cidades-da-grande-bh-podem-ficar-sem-agua-nesta-semana-veja-a-lista\/","robots":"max-image-preview:large","keywords":"","webmasterTools":{"miscellaneous":""},"schema":{"@context":"https:\/\/schema.org","@graph":[{"@type":"Article","@id":"https:\/\/www.encontrabelohorizonte.com.br\/sobre\/bairros-de-duas-cidades-da-grande-bh-podem-ficar-sem-agua-nesta-semana-veja-a-lista\/#article","name":"Bairros de duas cidades da Grande BH podem ficar sem \u00e1gua nesta semana; veja a lista | Encontra Belo Horizonte","headline":"Bairros de duas cidades da Grande BH podem ficar sem \u00e1gua nesta semana; veja a lista","author":{"@id":"https:\/\/www.encontrabelohorizonte.com.br\/sobre\/author\/ebelohorizonte\/#author"},"publisher":{"@id":"https:\/\/www.encontrabelohorizonte.com.br\/sobre\/#organization"},"image":{"@type":"ImageObject","url":"https:\/\/www.encontrabelohorizonte.com.br\/sobre\/wp-content\/uploads\/bairros-de-duas-cidades-da-grande-bh-podem-ficar-sem-agua-nesta-semana-veja-a-lista.webp","width":280,"height":280,"caption":"bairros sem \u00e1gua Grande BH"},"datePublished":"2026-08-09T20:56:56-03:00","dateModified":"2026-08-09T20:56:56-03:00","inLanguage":"pt-BR","mainEntityOfPage":{"@id":"https:\/\/www.encontrabelohorizonte.com.br\/sobre\/bairros-de-duas-cidades-da-grande-bh-podem-ficar-sem-agua-nesta-semana-veja-a-lista\/#webpage"},"isPartOf":{"@id":"https:\/\/www.encontrabelohorizonte.com.br\/sobre\/bairros-de-duas-cidades-da-grande-bh-podem-ficar-sem-agua-nesta-semana-veja-a-lista\/#webpage"},"articleSection":"Not\u00edcias Belo Horizonte"},{"@type":"BreadcrumbList","@id":"https:\/\/www.encontrabelohorizonte.com.br\/sobre\/bairros-de-duas-cidades-da-grande-bh-podem-ficar-sem-agua-nesta-semana-veja-a-lista\/#breadcrumblist","itemListElement":[{"@type":"ListItem","@id":"https:\/\/www.encontrabelohorizonte.com.br\/sobre#listItem","position":1,"name":"In\u00edcio","item":"https:\/\/www.encontrabelohorizonte.com.br\/sobre","nextItem":{"@type":"ListItem","@id":"https:\/\/www.encontrabelohorizonte.com.br\/sobre\/noticias\/#listItem","name":"Not\u00edcias Belo Horizonte"}},{"@type":"ListItem","@id":"https:\/\/www.encontrabelohorizonte.com.br\/sobre\/noticias\/#listItem","position":2,"name":"Not\u00edcias Belo Horizonte","item":"https:\/\/www.encontrabelohorizonte.com.br\/sobre\/noticias\/","nextItem":{"@type":"ListItem","@id":"https:\/\/www.encontrabelohorizonte.com.br\/sobre\/bairros-de-duas-cidades-da-grande-bh-podem-ficar-sem-agua-nesta-semana-veja-a-lista\/#listItem","name":"Bairros de duas cidades da Grande BH podem ficar sem \u00e1gua nesta semana; veja a lista"},"previousItem":{"@type":"ListItem","@id":"https:\/\/www.encontrabelohorizonte.com.br\/sobre#listItem","name":"In\u00edcio"}},{"@type":"ListItem","@id":"https:\/\/www.encontrabelohorizonte.com.br\/sobre\/bairros-de-duas-cidades-da-grande-bh-podem-ficar-sem-agua-nesta-semana-veja-a-lista\/#listItem","position":3,"name":"Bairros de duas cidades da Grande BH podem ficar sem \u00e1gua nesta semana; veja a lista","previousItem":{"@type":"ListItem","@id":"https:\/\/www.encontrabelohorizonte.com.br\/sobre\/noticias\/#listItem","name":"Not\u00edcias Belo Horizonte"}}]},{"@type":"Organization","@id":"https:\/\/www.encontrabelohorizonte.com.br\/sobre\/#organization","name":"Encontra Belo Horizonte","description":"Not\u00edcias, eventos, informa\u00e7\u00f5es e dicas da cidade de Belo Horizonte e regi\u00e3o","url":"https:\/\/www.encontrabelohorizonte.com.br\/sobre\/"},{"@type":"Person","@id":"https:\/\/www.encontrabelohorizonte.com.br\/sobre\/author\/ebelohorizonte\/#author","url":"https:\/\/www.encontrabelohorizonte.com.br\/sobre\/author\/ebelohorizonte\/","name":"Encontra Belo Horizonte","image":{"@type":"ImageObject","@id":"https:\/\/www.encontrabelohorizonte.com.br\/sobre\/bairros-de-duas-cidades-da-grande-bh-podem-ficar-sem-agua-nesta-semana-veja-a-lista\/#authorImage","url":"https:\/\/secure.gravatar.com\/avatar\/507340682b8270222e1f208e23198b6ae7e2c6a1033ae84e99bc6bce4f82a387?s=96&d=mm&r=g","width":96,"height":96,"caption":"Encontra Belo Horizonte"}},{"@type":"WebPage","@id":"https:\/\/www.encontrabelohorizonte.com.br\/sobre\/bairros-de-duas-cidades-da-grande-bh-podem-ficar-sem-agua-nesta-semana-veja-a-lista\/#webpage","url":"https:\/\/www.encontrabelohorizonte.com.br\/sobre\/bairros-de-duas-cidades-da-grande-bh-podem-ficar-sem-agua-nesta-semana-veja-a-lista\/","name":"Bairros de duas cidades da Grande BH podem ficar sem \u00e1gua nesta semana; veja a lista | Encontra Belo Horizonte","description":"Bairros de Sabar\u00e1 e Ribeir\u00e3o das Neves podem enfrentar falta de \u00e1gua esta semana.","inLanguage":"pt-BR","isPartOf":{"@id":"https:\/\/www.encontrabelohorizonte.com.br\/sobre\/#website"},"breadcrumb":{"@id":"https:\/\/www.encontrabelohorizonte.com.br\/sobre\/bairros-de-duas-cidades-da-grande-bh-podem-ficar-sem-agua-nesta-semana-veja-a-lista\/#breadcrumblist"},"author":{"@id":"https:\/\/www.encontrabelohorizonte.com.br\/sobre\/author\/ebelohorizonte\/#author"},"creator":{"@id":"https:\/\/www.encontrabelohorizonte.com.br\/sobre\/author\/ebelohorizonte\/#author"},"image":{"@type":"ImageObject","url":"https:\/\/www.encontrabelohorizonte.com.br\/sobre\/wp-content\/uploads\/bairros-de-duas-cidades-da-grande-bh-podem-ficar-sem-agua-nesta-semana-veja-a-lista.webp","@id":"https:\/\/www.encontrabelohorizonte.com.br\/sobre\/bairros-de-duas-cidades-da-grande-bh-podem-ficar-sem-agua-nesta-semana-veja-a-lista\/#mainImage","width":280,"height":280,"caption":"bairros sem \u00e1gua Grande BH"},"primaryImageOfPage":{"@id":"https:\/\/www.encontrabelohorizonte.com.br\/sobre\/bairros-de-duas-cidades-da-grande-bh-podem-ficar-sem-agua-nesta-semana-veja-a-lista\/#mainImage"},"datePublished":"2026-08-09T20:56:56-03:00","dateModified":"2026-08-09T20:56:56-03:00"},{"@type":"WebSite","@id":"https:\/\/www.encontrabelohorizonte.com.br\/sobre\/#website","url":"https:\/\/www.encontrabelohorizonte.com.br\/sobre\/","name":"Encontra Belo Horizonte","description":"Not\u00edcias, eventos, informa\u00e7\u00f5es e dicas da cidade de Belo Horizonte e regi\u00e3o","inLanguage":"pt-BR","publisher":{"@id":"https:\/\/www.encontrabelohorizonte.com.br\/sobre\/#organization"}}]},"og:locale":"pt_BR","og:site_name":"Encontra Belo Horizonte | Not\u00edcias, eventos, informa\u00e7\u00f5es e dicas da cidade de Belo Horizonte e regi\u00e3o","og:type":"article","og:title":"Bairros de duas cidades da Grande BH podem ficar sem \u00e1gua nesta semana; veja a lista | Encontra Belo Horizonte","og:description":"Bairros de Sabar\u00e1 e Ribeir\u00e3o das Neves podem enfrentar falta de \u00e1gua esta semana.","og:url":"https:\/\/www.encontrabelohorizonte.com.br\/sobre\/bairros-de-duas-cidades-da-grande-bh-podem-ficar-sem-agua-nesta-semana-veja-a-lista\/","article:published_time":"2026-08-09T23:56:56+00:00","article:modified_time":"2026-08-09T23:56:56+00:00","twitter:card":"summary","twitter:title":"Bairros de duas cidades da Grande BH podem ficar sem \u00e1gua nesta semana; veja a lista | Encontra Belo Horizonte","twitter:description":"Bairros de Sabar\u00e1 e Ribeir\u00e3o das Neves podem enfrentar falta de \u00e1gua esta semana."},"aioseo_meta_data":{"post_id":"4593","title":null,"description":null,"keywords":null,"keyphrases":null,"primary_term":null,"canonical_url":null,"og_title":null,"og_description":null,"og_object_type":"default","og_image_type":"default","og_image_url":null,"og_image_width":null,"og_image_height":null,"og_image_custom_url":null,"og_image_custom_fields":null,"og_video":null,"og_custom_url":null,"og_article_section":null,"og_article_tags":null,"twitter_use_og":false,"twitter_card":"default","twitter_image_type":"default","twitter_image_url":null,"twitter_image_custom_url":null,"twitter_image_custom_fields":null,"twitter_title":null,"twitter_description":null,"schema":{"blockGraphs":[],"customGraphs":[],"default":{"data":{"Article":[],"Course":[],"Dataset":[],"FAQPage":[],"Movie":[],"Person":[],"Product":[],"ProductReview":[],"Car":[],"Recipe":[],"Service":[],"SoftwareApplication":[],"WebPage":[]},"graphName":"Article","isEnabled":true},"graphs":[]},"schema_type":"default","schema_type_options":null,"pillar_content":false,"robots_default":true,"robots_noindex":false,"robots_noarchive":false,"robots_nosnippet":false,"robots_nofollow":false,"robots_noimageindex":false,"robots_noodp":false,"robots_notranslate":false,"robots_max_snippet":null,"robots_max_videopreview":null,"robots_max_imagepreview":"large","priority":null,"frequency":null,"local_seo":null,"breadcrumb_settings":null,"limit_modified_date":false,"ai":null,"created":"2026-08-09 23:56:56","updated":"2026-08-10 00:49:01","focus_keyword":null,"additional_keywords":null,"truseo_locale":null,"seo_analyzer_scan_date":null},"aioseo_breadcrumb":"<div class=\"aioseo-breadcrumbs\"><span class=\"aioseo-breadcrumb\">\n\t\t\t<a href=\"https:\/\/www.encontrabelohorizonte.com.br\/sobre\" title=\"In\u00edcio\">In\u00edcio<\/a>\n\t\t<\/span><span class=\"aioseo-breadcrumb-separator\">&raquo;<\/span><span class=\"aioseo-breadcrumb\">\n\t\t\t<a href=\"https:\/\/www.encontrabelohorizonte.com.br\/sobre\/noticias\/\" title=\"Not\u00edcias Belo Horizonte\">Not\u00edcias Belo Horizonte<\/a>\n\t\t<\/span><span class=\"aioseo-breadcrumb-separator\">&raquo;<\/span><span class=\"aioseo-breadcrumb\">\n\t\t\tBairros de duas cidades da Grande BH podem ficar sem \u00e1gua nesta semana; veja a lista\n\t\t<\/span><\/div>","aioseo_breadcrumb_json":[{"label":"In\u00edcio","link":"https:\/\/www.encontrabelohorizonte.com.br\/sobre"},{"label":"Not\u00edcias Belo Horizonte","link":"https:\/\/www.encontrabelohorizonte.com.br\/sobre\/noticias\/"},{"label":"Bairros de duas cidades da Grande BH podem ficar sem \u00e1gua nesta semana; veja a lista","link":"https:\/\/www.encontrabelohorizonte.com.br\/sobre\/bairros-de-duas-cidades-da-grande-bh-podem-ficar-sem-agua-nesta-semana-veja-a-lista\/"}],"_links":{"self":[{"href":"https:\/\/www.encontrabelohorizonte.com.br\/sobre\/wp-json\/wp\/v2\/posts\/4593","targetHints":{"allow":["GET"]}}],"collection":[{"href":"https:\/\/www.encontrabelohorizonte.com.br\/sobre\/wp-json\/wp\/v2\/posts"}],"about":[{"href":"https:\/\/www.encontrabelohorizonte.com.br\/sobre\/wp-json\/wp\/v2\/types\/post"}],"author":[{"embeddable":true,"href":"https:\/\/www.encontrabelohorizonte.com.br\/sobre\/wp-json\/wp\/v2\/users\/1"}],"replies":[{"embeddable":true,"href":"https:\/\/www.encontrabelohorizonte.com.br\/sobre\/wp-json\/wp\/v2\/comments?post=4593"}],"version-history":[{"count":0,"href":"https:\/\/www.encontrabelohorizonte.com.br\/sobre\/wp-json\/wp\/v2\/posts\/4593\/revisions"}],"wp:featuredmedia":[{"embeddable":true,"href":"https:\/\/www.encontrabelohorizonte.com.br\/sobre\/wp-json\/wp\/v2\/media\/4592"}],"wp:attachment":[{"href":"https:\/\/www.encontrabelohorizonte.com.br\/sobre\/wp-json\/wp\/v2\/media?parent=4593"}],"wp:term":[{"taxonomy":"category","embeddable":true,"href":"https:\/\/www.encontrabelohorizonte.com.br\/sobre\/wp-json\/wp\/v2\/categories?post=4593"},{"taxonomy":"post_tag","embeddable":true,"href":"https:\/\/www.encontrabelohorizonte.com.br\/sobre\/wp-json\/wp\/v2\/tags?post=4593"}],"curies":[{"name":"wp","href":"https:\/\/api.w.org\/{rel}","templated":true}]}}