{"id":4603,"date":"2026-08-10T08:14:19","date_gmt":"2026-08-10T11:14:19","guid":{"rendered":"https:\/\/www.encontrabelohorizonte.com.br\/sobre\/sebrae-inaugura-central-de-triagem-de-vidro-para-catadores-de-belo-horizonte\/"},"modified":"2026-08-10T08:14:19","modified_gmt":"2026-08-10T11:14:19","slug":"sebrae-inaugura-central-de-triagem-de-vidro-para-catadores-de-belo-horizonte","status":"publish","type":"post","link":"https:\/\/www.encontrabelohorizonte.com.br\/sobre\/sebrae-inaugura-central-de-triagem-de-vidro-para-catadores-de-belo-horizonte\/","title":{"rendered":"Sebrae inaugura central de triagem de vidro para catadores de Belo Horizonte"},"content":{"rendered":"<div class=\"2e083cf0b19e2c11948dc6ac054ba979\" data-index=\"1\" style=\"float: none; margin:0px;\">\n<!-- Anuncio display - global -->\r\n<ins class=\"adsbygoogle\"\r\n     style=\"display:block\"\r\n     data-ad-client=\"ca-pub-8585364105181520\"\r\n     data-ad-slot=\"8789329856\"\r\n     data-ad-format=\"auto\"\r\n     data-full-width-responsive=\"true\"><\/ins>\r\n<script>\r\n     (adsbygoogle = window.adsbygoogle || []).push({});\r\n<\/script>\n<\/div>\n<h2>O Que \u00e9 o HUB de Vidro?<\/h2>\n<p>O HUB de Vidro, desenvolvido pelo Sebrae, \u00e9 uma iniciativa inovadora que visa a integra\u00e7\u00e3o de cooperativas e catadores dedicados a reciclar vidro na regi\u00e3o metropolitana de Belo Horizonte. Essa central foca no recebimento, triagem e venda de garrafas, potes e demais embalagens de vidro. Al\u00e9m de promover a sustentabilidade, essa a\u00e7\u00e3o busca gerar emprego e renda para os profissionais do setor.<\/p>\n<h2>Como Funciona a Iniciativa do Sebrae<\/h2>\n<p>A opera\u00e7\u00e3o do HUB de Vidro se baseia numa estrat\u00e9gia colaborativa. Cooperativas e catadores trazem o material recicl\u00e1vel para a central, onde ser\u00e1 feito o trabalho de triagem. As embalagens separadas s\u00e3o ent\u00e3o comercializadas para ind\u00fastrias que utilizam vidro reciclado, completando assim um ciclo de produ\u00e7\u00e3o sustent\u00e1vel. O projeto \u00e9 parte do programa Pr\u00f3-Catadores, que foca na valoriza\u00e7\u00e3o e inclus\u00e3o dos catadores no mercado de trabalho.<\/p>\n<h2>Benef\u00edcios para Catadores de Vidro<\/h2>\n<p>Os catadores que participam do HUB de Vidro se beneficiam de diversas maneiras:<\/p>\n<p><img decoding=\"async\" src=\"https:\/\/www.encontrabelohorizonte.com.br\/sobre\/wp-content\/uploads\/sebrae-inaugura-central-de-triagem-de-vidro-para-catadores-de-belo-horizonte.webp\" alt=\"HUB de Vidro\" loading=\"lazy\" \/><\/p>\n<ul>\n<li><strong>Aumento da Renda:<\/strong> A venda do vidro recicl\u00e1vel proporciona uma fonte de renda mais est\u00e1vel.<\/li>\n<li><strong>Inclus\u00e3o em Programas Sociais:<\/strong> Atrav\u00e9s do HUB, h\u00e1 a possibilidade de acesso a programas de assist\u00eancia social e capacita\u00e7\u00e3o.<\/li>\n<li><strong>Valoriza\u00e7\u00e3o do Trabalho:<\/strong> O projeto destaca a import\u00e2ncia da reciclagem, valorizando o papel dos catadores na sociedade.<\/li>\n<\/ul>\n<h2>O Papel da Associa\u00e7\u00e3o Nacional de Catadores<\/h2>\n<p>A Associa\u00e7\u00e3o Nacional dos Catadores e Catadoras de Materiais Recicl\u00e1veis (ANCAT) desempenha um papel fundamental nessa iniciativa. A ANCAT apoia os catadores ao oferecer orienta\u00e7\u00e3o e recursos, facilitando a organiza\u00e7\u00e3o dentro das cooperativas de reciclagem. Com essa parceria, o HUB do Vidro se fortalece, ampliando o alcance e o impacto positivo sobre a vida dos catadores.<\/p>\n<h2>Impacto na Economia Circular<\/h2>\n<p>O HUB de Vidro n\u00e3o \u00e9 apenas um projeto focado na reciclagem, mas tamb\u00e9m uma estrat\u00e9gia essencial para promover a Economia Circular. A reciclagem do vidro reduz a quantidade de res\u00edduos nos aterros e diminui a necessidade de produ\u00e7\u00e3o de novos vidros, resultando em um ciclo sustent\u00e1vel que beneficia o meio ambiente.<\/p>\n<h2>Parcerias para o Sucesso do Projeto<\/h2>\n<p>O sucesso do HUB de Vidro se deve a diversas parcerias estrat\u00e9gicas. Al\u00e9m da ANCAT, a colabora\u00e7\u00e3o com a Associa\u00e7\u00e3o Brasileira de Bares e Restaurantes (Abrasel) \u00e9 not\u00e1vel. Essa parceria mobiliza restaurantes para que esses estabelecimentos encaminhem o vidro consumido para a central de triagem, aumentando assim os insumos dispon\u00edveis para reciclagem.<\/p>\n<h2>Data e Local do Lan\u00e7amento do HUB<\/h2>\n<p>O lan\u00e7amento do HUB de Vidro ocorrer\u00e1 na pr\u00f3xima ter\u00e7a-feira (11), \u00e0s 11h30, na sede da Central de Cooperativas de Reciclagem \u2013 Cataunidos, localizada na Rua Alberto Gomes da Fonseca, 8, Xod\u00f3 Marize, em Belo Horizonte (MG). Nesse evento, ser\u00e3o realizados atendimentos e demonstra\u00e7\u00f5es da opera\u00e7\u00e3o do HUB.<\/p>\n<h2>Como o HUB Apoiar\u00e1 a Inclus\u00e3o Social<\/h2>\n<p>Ao proporcionar um espa\u00e7o estruturado para triagem e comercializa\u00e7\u00e3o, o HUB de Vidro apoia a inclus\u00e3o social de catadores ao integr\u00e1-los a um mercado de trabalho formal. Al\u00e9m dos benef\u00edcios financeiros, a iniciativa busca restaurar a dignidade e promover a valoriza\u00e7\u00e3o desses trabalhadores, atrav\u00e9s de a\u00e7\u00f5es que garantam a inclus\u00e3o e o reconhecimento de seu papel social.<\/p>\n<h2>Expectativas para os Catadores<\/h2>\n<p>Com a implanta\u00e7\u00e3o do HUB de Vidro, as expectativas s\u00e3o altas. Estima-se que cerca de 100 catadores da rede de cooperativas estar\u00e3o presentes no evento de lan\u00e7amento, sendo essa uma oportunidade \u00fanica para dignificar seu trabalho. As inova\u00e7\u00f5es trazidas pelo projeto devem gerar um aumento significativo na quantidade de vidro reciclado e na renda desses profissionais.<\/p>\n<h2>Import\u00e2ncia da Reciclagem de Vidro<\/h2>\n<p>A reciclagem de vidro \u00e9 de suma import\u00e2ncia por v\u00e1rias raz\u00f5es:<\/p>\n<ul>\n<li><strong>Redu\u00e7\u00e3o de Res\u00edduos:<\/strong> A reciclagem diminui a necessidade de aterros sanit\u00e1rios e contribui para a limpeza do meio ambiente.<\/li>\n<li><strong>Conserva\u00e7\u00e3o de Recursos Naturais:<\/strong> Utilizando vidro reciclado, reduz-se a extra\u00e7\u00e3o de mat\u00e9rias-primas, favorecendo a sustentabilidade.<\/li>\n<li><strong>Menores Emiss\u00f5es de CO2:<\/strong> O processo de reciclagem \u00e9 energeticamente mais eficiente e gera menos emiss\u00f5es de gases poluentes.<\/li>\n<\/ul>\n\n<div style=\"font-size: 0px; height: 0px; line-height: 0px; margin: 0; padding: 0; clear: both;\"><\/div>","protected":false},"excerpt":{"rendered":"<p>Sebrae lan\u00e7a HUB de Vidro em Belo Horizonte, apoiando catadores locais.<\/p>\n","protected":false},"author":1,"featured_media":4602,"comment_status":"closed","ping_status":"closed","sticky":false,"template":"","format":"standard","meta":{"footnotes":""},"categories":[4],"tags":[],"class_list":["post-4603","post","type-post","status-publish","format-standard","has-post-thumbnail","hentry","category-empregos","has_thumb"],"aioseo_notices":[],"aioseo_head":"\n\t\t<!-- All in One SEO 5.0.0.1 - aioseo.com -->\n\t<meta name=\"description\" content=\"Sebrae lan\u00e7a HUB de Vidro em Belo Horizonte, apoiando catadores locais.\" \/>\n\t<meta name=\"robots\" content=\"max-image-preview:large\" \/>\n\t<meta name=\"author\" content=\"Encontra Belo Horizonte\"\/>\n\t<link rel=\"canonical\" href=\"https:\/\/www.encontrabelohorizonte.com.br\/sobre\/sebrae-inaugura-central-de-triagem-de-vidro-para-catadores-de-belo-horizonte\/\" \/>\n\t<meta name=\"generator\" content=\"All in One SEO (AIOSEO) 5.0.0.1\" \/>\n\t\t<meta property=\"og:locale\" content=\"pt_BR\" \/>\n\t\t<meta property=\"og:site_name\" content=\"Encontra Belo Horizonte | Not\u00edcias, eventos, informa\u00e7\u00f5es e dicas da cidade de Belo Horizonte e regi\u00e3o\" \/>\n\t\t<meta property=\"og:type\" content=\"article\" \/>\n\t\t<meta property=\"og:title\" content=\"Sebrae inaugura central de triagem de vidro para catadores de Belo Horizonte | Encontra Belo Horizonte\" \/>\n\t\t<meta property=\"og:description\" content=\"Sebrae lan\u00e7a HUB de Vidro em Belo Horizonte, apoiando catadores locais.\" \/>\n\t\t<meta property=\"og:url\" content=\"https:\/\/www.encontrabelohorizonte.com.br\/sobre\/sebrae-inaugura-central-de-triagem-de-vidro-para-catadores-de-belo-horizonte\/\" \/>\n\t\t<meta property=\"article:published_time\" content=\"2026-08-10T11:14:19+00:00\" \/>\n\t\t<meta property=\"article:modified_time\" content=\"2026-08-10T11:14:19+00:00\" \/>\n\t\t<meta name=\"twitter:card\" content=\"summary\" \/>\n\t\t<meta name=\"twitter:title\" content=\"Sebrae inaugura central de triagem de vidro para catadores de Belo Horizonte | Encontra Belo Horizonte\" \/>\n\t\t<meta name=\"twitter:description\" content=\"Sebrae lan\u00e7a HUB de Vidro em Belo Horizonte, apoiando catadores locais.\" \/>\n\t\t<script type=\"application\/ld+json\" class=\"aioseo-schema\">\n\t\t\t{\"@context\":\"https:\\\/\\\/schema.org\",\"@graph\":[{\"@type\":\"Article\",\"@id\":\"https:\\\/\\\/www.encontrabelohorizonte.com.br\\\/sobre\\\/sebrae-inaugura-central-de-triagem-de-vidro-para-catadores-de-belo-horizonte\\\/#article\",\"name\":\"Sebrae inaugura central de triagem de vidro para catadores de Belo Horizonte | Encontra Belo Horizonte\",\"headline\":\"Sebrae inaugura central de triagem de vidro para catadores de Belo Horizonte\",\"author\":{\"@id\":\"https:\\\/\\\/www.encontrabelohorizonte.com.br\\\/sobre\\\/author\\\/ebelohorizonte\\\/#author\"},\"publisher\":{\"@id\":\"https:\\\/\\\/www.encontrabelohorizonte.com.br\\\/sobre\\\/#organization\"},\"image\":{\"@type\":\"ImageObject\",\"url\":\"https:\\\/\\\/www.encontrabelohorizonte.com.br\\\/sobre\\\/wp-content\\\/uploads\\\/sebrae-inaugura-central-de-triagem-de-vidro-para-catadores-de-belo-horizonte.webp\",\"width\":280,\"height\":280,\"caption\":\"HUB de Vidro\"},\"datePublished\":\"2026-08-10T08:14:19-03:00\",\"dateModified\":\"2026-08-10T08:14:19-03:00\",\"inLanguage\":\"pt-BR\",\"mainEntityOfPage\":{\"@id\":\"https:\\\/\\\/www.encontrabelohorizonte.com.br\\\/sobre\\\/sebrae-inaugura-central-de-triagem-de-vidro-para-catadores-de-belo-horizonte\\\/#webpage\"},\"isPartOf\":{\"@id\":\"https:\\\/\\\/www.encontrabelohorizonte.com.br\\\/sobre\\\/sebrae-inaugura-central-de-triagem-de-vidro-para-catadores-de-belo-horizonte\\\/#webpage\"},\"articleSection\":\"Empregos Belo Horizonte\"},{\"@type\":\"BreadcrumbList\",\"@id\":\"https:\\\/\\\/www.encontrabelohorizonte.com.br\\\/sobre\\\/sebrae-inaugura-central-de-triagem-de-vidro-para-catadores-de-belo-horizonte\\\/#breadcrumblist\",\"itemListElement\":[{\"@type\":\"ListItem\",\"@id\":\"https:\\\/\\\/www.encontrabelohorizonte.com.br\\\/sobre#listItem\",\"position\":1,\"name\":\"In\\u00edcio\",\"item\":\"https:\\\/\\\/www.encontrabelohorizonte.com.br\\\/sobre\",\"nextItem\":{\"@type\":\"ListItem\",\"@id\":\"https:\\\/\\\/www.encontrabelohorizonte.com.br\\\/sobre\\\/empregos\\\/#listItem\",\"name\":\"Empregos Belo Horizonte\"}},{\"@type\":\"ListItem\",\"@id\":\"https:\\\/\\\/www.encontrabelohorizonte.com.br\\\/sobre\\\/empregos\\\/#listItem\",\"position\":2,\"name\":\"Empregos Belo Horizonte\",\"item\":\"https:\\\/\\\/www.encontrabelohorizonte.com.br\\\/sobre\\\/empregos\\\/\",\"nextItem\":{\"@type\":\"ListItem\",\"@id\":\"https:\\\/\\\/www.encontrabelohorizonte.com.br\\\/sobre\\\/sebrae-inaugura-central-de-triagem-de-vidro-para-catadores-de-belo-horizonte\\\/#listItem\",\"name\":\"Sebrae inaugura central de triagem de vidro para catadores de Belo Horizonte\"},\"previousItem\":{\"@type\":\"ListItem\",\"@id\":\"https:\\\/\\\/www.encontrabelohorizonte.com.br\\\/sobre#listItem\",\"name\":\"In\\u00edcio\"}},{\"@type\":\"ListItem\",\"@id\":\"https:\\\/\\\/www.encontrabelohorizonte.com.br\\\/sobre\\\/sebrae-inaugura-central-de-triagem-de-vidro-para-catadores-de-belo-horizonte\\\/#listItem\",\"position\":3,\"name\":\"Sebrae inaugura central de triagem de vidro para catadores de Belo Horizonte\",\"previousItem\":{\"@type\":\"ListItem\",\"@id\":\"https:\\\/\\\/www.encontrabelohorizonte.com.br\\\/sobre\\\/empregos\\\/#listItem\",\"name\":\"Empregos Belo Horizonte\"}}]},{\"@type\":\"Organization\",\"@id\":\"https:\\\/\\\/www.encontrabelohorizonte.com.br\\\/sobre\\\/#organization\",\"name\":\"Encontra Belo Horizonte\",\"description\":\"Not\\u00edcias, eventos, informa\\u00e7\\u00f5es e dicas da cidade de Belo Horizonte e regi\\u00e3o\",\"url\":\"https:\\\/\\\/www.encontrabelohorizonte.com.br\\\/sobre\\\/\"},{\"@type\":\"Person\",\"@id\":\"https:\\\/\\\/www.encontrabelohorizonte.com.br\\\/sobre\\\/author\\\/ebelohorizonte\\\/#author\",\"url\":\"https:\\\/\\\/www.encontrabelohorizonte.com.br\\\/sobre\\\/author\\\/ebelohorizonte\\\/\",\"name\":\"Encontra Belo Horizonte\",\"image\":{\"@type\":\"ImageObject\",\"@id\":\"https:\\\/\\\/www.encontrabelohorizonte.com.br\\\/sobre\\\/sebrae-inaugura-central-de-triagem-de-vidro-para-catadores-de-belo-horizonte\\\/#authorImage\",\"url\":\"https:\\\/\\\/secure.gravatar.com\\\/avatar\\\/507340682b8270222e1f208e23198b6ae7e2c6a1033ae84e99bc6bce4f82a387?s=96&d=mm&r=g\",\"width\":96,\"height\":96,\"caption\":\"Encontra Belo Horizonte\"}},{\"@type\":\"WebPage\",\"@id\":\"https:\\\/\\\/www.encontrabelohorizonte.com.br\\\/sobre\\\/sebrae-inaugura-central-de-triagem-de-vidro-para-catadores-de-belo-horizonte\\\/#webpage\",\"url\":\"https:\\\/\\\/www.encontrabelohorizonte.com.br\\\/sobre\\\/sebrae-inaugura-central-de-triagem-de-vidro-para-catadores-de-belo-horizonte\\\/\",\"name\":\"Sebrae inaugura central de triagem de vidro para catadores de Belo Horizonte | Encontra Belo Horizonte\",\"description\":\"Sebrae lan\\u00e7a HUB de Vidro em Belo Horizonte, apoiando catadores locais.\",\"inLanguage\":\"pt-BR\",\"isPartOf\":{\"@id\":\"https:\\\/\\\/www.encontrabelohorizonte.com.br\\\/sobre\\\/#website\"},\"breadcrumb\":{\"@id\":\"https:\\\/\\\/www.encontrabelohorizonte.com.br\\\/sobre\\\/sebrae-inaugura-central-de-triagem-de-vidro-para-catadores-de-belo-horizonte\\\/#breadcrumblist\"},\"author\":{\"@id\":\"https:\\\/\\\/www.encontrabelohorizonte.com.br\\\/sobre\\\/author\\\/ebelohorizonte\\\/#author\"},\"creator\":{\"@id\":\"https:\\\/\\\/www.encontrabelohorizonte.com.br\\\/sobre\\\/author\\\/ebelohorizonte\\\/#author\"},\"image\":{\"@type\":\"ImageObject\",\"url\":\"https:\\\/\\\/www.encontrabelohorizonte.com.br\\\/sobre\\\/wp-content\\\/uploads\\\/sebrae-inaugura-central-de-triagem-de-vidro-para-catadores-de-belo-horizonte.webp\",\"@id\":\"https:\\\/\\\/www.encontrabelohorizonte.com.br\\\/sobre\\\/sebrae-inaugura-central-de-triagem-de-vidro-para-catadores-de-belo-horizonte\\\/#mainImage\",\"width\":280,\"height\":280,\"caption\":\"HUB de Vidro\"},\"primaryImageOfPage\":{\"@id\":\"https:\\\/\\\/www.encontrabelohorizonte.com.br\\\/sobre\\\/sebrae-inaugura-central-de-triagem-de-vidro-para-catadores-de-belo-horizonte\\\/#mainImage\"},\"datePublished\":\"2026-08-10T08:14:19-03:00\",\"dateModified\":\"2026-08-10T08:14:19-03:00\"},{\"@type\":\"WebSite\",\"@id\":\"https:\\\/\\\/www.encontrabelohorizonte.com.br\\\/sobre\\\/#website\",\"url\":\"https:\\\/\\\/www.encontrabelohorizonte.com.br\\\/sobre\\\/\",\"name\":\"Encontra Belo Horizonte\",\"description\":\"Not\\u00edcias, eventos, informa\\u00e7\\u00f5es e dicas da cidade de Belo Horizonte e regi\\u00e3o\",\"inLanguage\":\"pt-BR\",\"publisher\":{\"@id\":\"https:\\\/\\\/www.encontrabelohorizonte.com.br\\\/sobre\\\/#organization\"}}]}\n\t\t<\/script>\n\t\t<!-- All in One SEO -->\n\n","aioseo_head_json":{"title":"Sebrae inaugura central de triagem de vidro para catadores de Belo Horizonte | Encontra Belo Horizonte","description":"Sebrae lan\u00e7a HUB de Vidro em Belo Horizonte, apoiando catadores locais.","canonical_url":"https:\/\/www.encontrabelohorizonte.com.br\/sobre\/sebrae-inaugura-central-de-triagem-de-vidro-para-catadores-de-belo-horizonte\/","robots":"max-image-preview:large","keywords":"","webmasterTools":{"miscellaneous":""},"schema":{"@context":"https:\/\/schema.org","@graph":[{"@type":"Article","@id":"https:\/\/www.encontrabelohorizonte.com.br\/sobre\/sebrae-inaugura-central-de-triagem-de-vidro-para-catadores-de-belo-horizonte\/#article","name":"Sebrae inaugura central de triagem de vidro para catadores de Belo Horizonte | Encontra Belo Horizonte","headline":"Sebrae inaugura central de triagem de vidro para catadores de Belo Horizonte","author":{"@id":"https:\/\/www.encontrabelohorizonte.com.br\/sobre\/author\/ebelohorizonte\/#author"},"publisher":{"@id":"https:\/\/www.encontrabelohorizonte.com.br\/sobre\/#organization"},"image":{"@type":"ImageObject","url":"https:\/\/www.encontrabelohorizonte.com.br\/sobre\/wp-content\/uploads\/sebrae-inaugura-central-de-triagem-de-vidro-para-catadores-de-belo-horizonte.webp","width":280,"height":280,"caption":"HUB de Vidro"},"datePublished":"2026-08-10T08:14:19-03:00","dateModified":"2026-08-10T08:14:19-03:00","inLanguage":"pt-BR","mainEntityOfPage":{"@id":"https:\/\/www.encontrabelohorizonte.com.br\/sobre\/sebrae-inaugura-central-de-triagem-de-vidro-para-catadores-de-belo-horizonte\/#webpage"},"isPartOf":{"@id":"https:\/\/www.encontrabelohorizonte.com.br\/sobre\/sebrae-inaugura-central-de-triagem-de-vidro-para-catadores-de-belo-horizonte\/#webpage"},"articleSection":"Empregos Belo Horizonte"},{"@type":"BreadcrumbList","@id":"https:\/\/www.encontrabelohorizonte.com.br\/sobre\/sebrae-inaugura-central-de-triagem-de-vidro-para-catadores-de-belo-horizonte\/#breadcrumblist","itemListElement":[{"@type":"ListItem","@id":"https:\/\/www.encontrabelohorizonte.com.br\/sobre#listItem","position":1,"name":"In\u00edcio","item":"https:\/\/www.encontrabelohorizonte.com.br\/sobre","nextItem":{"@type":"ListItem","@id":"https:\/\/www.encontrabelohorizonte.com.br\/sobre\/empregos\/#listItem","name":"Empregos Belo Horizonte"}},{"@type":"ListItem","@id":"https:\/\/www.encontrabelohorizonte.com.br\/sobre\/empregos\/#listItem","position":2,"name":"Empregos Belo Horizonte","item":"https:\/\/www.encontrabelohorizonte.com.br\/sobre\/empregos\/","nextItem":{"@type":"ListItem","@id":"https:\/\/www.encontrabelohorizonte.com.br\/sobre\/sebrae-inaugura-central-de-triagem-de-vidro-para-catadores-de-belo-horizonte\/#listItem","name":"Sebrae inaugura central de triagem de vidro para catadores de Belo Horizonte"},"previousItem":{"@type":"ListItem","@id":"https:\/\/www.encontrabelohorizonte.com.br\/sobre#listItem","name":"In\u00edcio"}},{"@type":"ListItem","@id":"https:\/\/www.encontrabelohorizonte.com.br\/sobre\/sebrae-inaugura-central-de-triagem-de-vidro-para-catadores-de-belo-horizonte\/#listItem","position":3,"name":"Sebrae inaugura central de triagem de vidro para catadores de Belo Horizonte","previousItem":{"@type":"ListItem","@id":"https:\/\/www.encontrabelohorizonte.com.br\/sobre\/empregos\/#listItem","name":"Empregos Belo Horizonte"}}]},{"@type":"Organization","@id":"https:\/\/www.encontrabelohorizonte.com.br\/sobre\/#organization","name":"Encontra Belo Horizonte","description":"Not\u00edcias, eventos, informa\u00e7\u00f5es e dicas da cidade de Belo Horizonte e regi\u00e3o","url":"https:\/\/www.encontrabelohorizonte.com.br\/sobre\/"},{"@type":"Person","@id":"https:\/\/www.encontrabelohorizonte.com.br\/sobre\/author\/ebelohorizonte\/#author","url":"https:\/\/www.encontrabelohorizonte.com.br\/sobre\/author\/ebelohorizonte\/","name":"Encontra Belo Horizonte","image":{"@type":"ImageObject","@id":"https:\/\/www.encontrabelohorizonte.com.br\/sobre\/sebrae-inaugura-central-de-triagem-de-vidro-para-catadores-de-belo-horizonte\/#authorImage","url":"https:\/\/secure.gravatar.com\/avatar\/507340682b8270222e1f208e23198b6ae7e2c6a1033ae84e99bc6bce4f82a387?s=96&d=mm&r=g","width":96,"height":96,"caption":"Encontra Belo Horizonte"}},{"@type":"WebPage","@id":"https:\/\/www.encontrabelohorizonte.com.br\/sobre\/sebrae-inaugura-central-de-triagem-de-vidro-para-catadores-de-belo-horizonte\/#webpage","url":"https:\/\/www.encontrabelohorizonte.com.br\/sobre\/sebrae-inaugura-central-de-triagem-de-vidro-para-catadores-de-belo-horizonte\/","name":"Sebrae inaugura central de triagem de vidro para catadores de Belo Horizonte | Encontra Belo Horizonte","description":"Sebrae lan\u00e7a HUB de Vidro em Belo Horizonte, apoiando catadores locais.","inLanguage":"pt-BR","isPartOf":{"@id":"https:\/\/www.encontrabelohorizonte.com.br\/sobre\/#website"},"breadcrumb":{"@id":"https:\/\/www.encontrabelohorizonte.com.br\/sobre\/sebrae-inaugura-central-de-triagem-de-vidro-para-catadores-de-belo-horizonte\/#breadcrumblist"},"author":{"@id":"https:\/\/www.encontrabelohorizonte.com.br\/sobre\/author\/ebelohorizonte\/#author"},"creator":{"@id":"https:\/\/www.encontrabelohorizonte.com.br\/sobre\/author\/ebelohorizonte\/#author"},"image":{"@type":"ImageObject","url":"https:\/\/www.encontrabelohorizonte.com.br\/sobre\/wp-content\/uploads\/sebrae-inaugura-central-de-triagem-de-vidro-para-catadores-de-belo-horizonte.webp","@id":"https:\/\/www.encontrabelohorizonte.com.br\/sobre\/sebrae-inaugura-central-de-triagem-de-vidro-para-catadores-de-belo-horizonte\/#mainImage","width":280,"height":280,"caption":"HUB de Vidro"},"primaryImageOfPage":{"@id":"https:\/\/www.encontrabelohorizonte.com.br\/sobre\/sebrae-inaugura-central-de-triagem-de-vidro-para-catadores-de-belo-horizonte\/#mainImage"},"datePublished":"2026-08-10T08:14:19-03:00","dateModified":"2026-08-10T08:14:19-03:00"},{"@type":"WebSite","@id":"https:\/\/www.encontrabelohorizonte.com.br\/sobre\/#website","url":"https:\/\/www.encontrabelohorizonte.com.br\/sobre\/","name":"Encontra Belo Horizonte","description":"Not\u00edcias, eventos, informa\u00e7\u00f5es e dicas da cidade de Belo Horizonte e regi\u00e3o","inLanguage":"pt-BR","publisher":{"@id":"https:\/\/www.encontrabelohorizonte.com.br\/sobre\/#organization"}}]},"og:locale":"pt_BR","og:site_name":"Encontra Belo Horizonte | Not\u00edcias, eventos, informa\u00e7\u00f5es e dicas da cidade de Belo Horizonte e regi\u00e3o","og:type":"article","og:title":"Sebrae inaugura central de triagem de vidro para catadores de Belo Horizonte | Encontra Belo Horizonte","og:description":"Sebrae lan\u00e7a HUB de Vidro em Belo Horizonte, apoiando catadores locais.","og:url":"https:\/\/www.encontrabelohorizonte.com.br\/sobre\/sebrae-inaugura-central-de-triagem-de-vidro-para-catadores-de-belo-horizonte\/","article:published_time":"2026-08-10T11:14:19+00:00","article:modified_time":"2026-08-10T11:14:19+00:00","twitter:card":"summary","twitter:title":"Sebrae inaugura central de triagem de vidro para catadores de Belo Horizonte | Encontra Belo Horizonte","twitter:description":"Sebrae lan\u00e7a HUB de Vidro em Belo Horizonte, apoiando catadores locais."},"aioseo_meta_data":{"post_id":"4603","title":null,"description":null,"keywords":null,"keyphrases":null,"primary_term":null,"canonical_url":null,"og_title":null,"og_description":null,"og_object_type":"default","og_image_type":"default","og_image_url":null,"og_image_width":null,"og_image_height":null,"og_image_custom_url":null,"og_image_custom_fields":null,"og_video":null,"og_custom_url":null,"og_article_section":null,"og_article_tags":null,"twitter_use_og":false,"twitter_card":"default","twitter_image_type":"default","twitter_image_url":null,"twitter_image_custom_url":null,"twitter_image_custom_fields":null,"twitter_title":null,"twitter_description":null,"schema":{"blockGraphs":[],"customGraphs":[],"default":{"data":{"Article":[],"Course":[],"Dataset":[],"FAQPage":[],"Movie":[],"Person":[],"Product":[],"ProductReview":[],"Car":[],"Recipe":[],"Service":[],"SoftwareApplication":[],"WebPage":[]},"graphName":"Article","isEnabled":true},"graphs":[]},"schema_type":"default","schema_type_options":null,"pillar_content":false,"robots_default":true,"robots_noindex":false,"robots_noarchive":false,"robots_nosnippet":false,"robots_nofollow":false,"robots_noimageindex":false,"robots_noodp":false,"robots_notranslate":false,"robots_max_snippet":null,"robots_max_videopreview":null,"robots_max_imagepreview":"large","priority":null,"frequency":null,"local_seo":null,"breadcrumb_settings":null,"limit_modified_date":false,"ai":null,"created":"2026-08-10 11:14:19","updated":"2026-08-10 12:29:16","focus_keyword":null,"additional_keywords":null,"truseo_locale":null,"seo_analyzer_scan_date":null},"aioseo_breadcrumb":"<div class=\"aioseo-breadcrumbs\"><span class=\"aioseo-breadcrumb\">\n\t\t\t<a href=\"https:\/\/www.encontrabelohorizonte.com.br\/sobre\" title=\"In\u00edcio\">In\u00edcio<\/a>\n\t\t<\/span><span class=\"aioseo-breadcrumb-separator\">&raquo;<\/span><span class=\"aioseo-breadcrumb\">\n\t\t\t<a href=\"https:\/\/www.encontrabelohorizonte.com.br\/sobre\/empregos\/\" title=\"Empregos Belo Horizonte\">Empregos Belo Horizonte<\/a>\n\t\t<\/span><span class=\"aioseo-breadcrumb-separator\">&raquo;<\/span><span class=\"aioseo-breadcrumb\">\n\t\t\tSebrae inaugura central de triagem de vidro para catadores de Belo Horizonte\n\t\t<\/span><\/div>","aioseo_breadcrumb_json":[{"label":"In\u00edcio","link":"https:\/\/www.encontrabelohorizonte.com.br\/sobre"},{"label":"Empregos Belo Horizonte","link":"https:\/\/www.encontrabelohorizonte.com.br\/sobre\/empregos\/"},{"label":"Sebrae inaugura central de triagem de vidro para catadores de Belo Horizonte","link":"https:\/\/www.encontrabelohorizonte.com.br\/sobre\/sebrae-inaugura-central-de-triagem-de-vidro-para-catadores-de-belo-horizonte\/"}],"_links":{"self":[{"href":"https:\/\/www.encontrabelohorizonte.com.br\/sobre\/wp-json\/wp\/v2\/posts\/4603","targetHints":{"allow":["GET"]}}],"collection":[{"href":"https:\/\/www.encontrabelohorizonte.com.br\/sobre\/wp-json\/wp\/v2\/posts"}],"about":[{"href":"https:\/\/www.encontrabelohorizonte.com.br\/sobre\/wp-json\/wp\/v2\/types\/post"}],"author":[{"embeddable":true,"href":"https:\/\/www.encontrabelohorizonte.com.br\/sobre\/wp-json\/wp\/v2\/users\/1"}],"replies":[{"embeddable":true,"href":"https:\/\/www.encontrabelohorizonte.com.br\/sobre\/wp-json\/wp\/v2\/comments?post=4603"}],"version-history":[{"count":0,"href":"https:\/\/www.encontrabelohorizonte.com.br\/sobre\/wp-json\/wp\/v2\/posts\/4603\/revisions"}],"wp:featuredmedia":[{"embeddable":true,"href":"https:\/\/www.encontrabelohorizonte.com.br\/sobre\/wp-json\/wp\/v2\/media\/4602"}],"wp:attachment":[{"href":"https:\/\/www.encontrabelohorizonte.com.br\/sobre\/wp-json\/wp\/v2\/media?parent=4603"}],"wp:term":[{"taxonomy":"category","embeddable":true,"href":"https:\/\/www.encontrabelohorizonte.com.br\/sobre\/wp-json\/wp\/v2\/categories?post=4603"},{"taxonomy":"post_tag","embeddable":true,"href":"https:\/\/www.encontrabelohorizonte.com.br\/sobre\/wp-json\/wp\/v2\/tags?post=4603"}],"curies":[{"name":"wp","href":"https:\/\/api.w.org\/{rel}","templated":true}]}}