{"id":4611,"date":"2026-08-10T21:25:06","date_gmt":"2026-08-11T00:25:06","guid":{"rendered":"https:\/\/www.encontrabelohorizonte.com.br\/sobre\/camara-de-bh-aprova-projeto-que-pode-proibir-venda-de-animais-no-mercado-central\/"},"modified":"2026-08-10T21:25:06","modified_gmt":"2026-08-11T00:25:06","slug":"camara-de-bh-aprova-projeto-que-pode-proibir-venda-de-animais-no-mercado-central","status":"publish","type":"post","link":"https:\/\/www.encontrabelohorizonte.com.br\/sobre\/camara-de-bh-aprova-projeto-que-pode-proibir-venda-de-animais-no-mercado-central\/","title":{"rendered":"C\u00e2mara de BH aprova projeto que pode proibir venda de animais no Mercado Central"},"content":{"rendered":"<div class=\"2e083cf0b19e2c11948dc6ac054ba979\" data-index=\"1\" style=\"float: none; margin:0px;\">\n<!-- Anuncio display - global -->\r\n<ins class=\"adsbygoogle\"\r\n     style=\"display:block\"\r\n     data-ad-client=\"ca-pub-8585364105181520\"\r\n     data-ad-slot=\"8789329856\"\r\n     data-ad-format=\"auto\"\r\n     data-full-width-responsive=\"true\"><\/ins>\r\n<script>\r\n     (adsbygoogle = window.adsbygoogle || []).push({});\r\n<\/script>\n<\/div>\n<h2>Mudan\u00e7as nas Leis de Venda de Animais<\/h2>\n<p>A C\u00e2mara Municipal de Belo Horizonte, em uma vota\u00e7\u00e3o recente, aprovou um projeto que visa proibir a venda de animais em estabelecimentos como o Mercado Central. Essa nova legisla\u00e7\u00e3o, de autoria do vereador Osvaldo Lopes, pretende estabelecer regras claras sobre onde e como os animais dom\u00e9sticos poder\u00e3o ser comercializados, restringindo a venda apenas a canis, gatis e criadouros que estejam devidamente cadastrados e licenciados pela prefeitura.<\/p>\n<h2>Exig\u00eancias para Licenciamento de Criadouros<\/h2>\n<p>Conforme determina o novo projeto, qualquer criadouro que deseje vender animais deve possuir um alvar\u00e1 e um respons\u00e1vel t\u00e9cnico registrado no conselho profissional correspondente. Al\u00e9m disso, os estabelecimentos devem seguir uma s\u00e9rie de normas sanit\u00e1rias, ambientais e de bem-estar animal. Essa medida busca garantir que os animais sejam tratados com respeito e tenham suas necessidades atendidas adequadamente antes de serem disponibilizados aos novos tutores.<\/p>\n<h2>A Import\u00e2ncia do Microchip na Identifica\u00e7\u00e3o<\/h2>\n<p>Outra inova\u00e7\u00e3o proposta pela nova legisla\u00e7\u00e3o \u00e9 a obrigatoriedade do microchip de identifica\u00e7\u00e3o para todos os animais vendidos ou doados. O uso deste dispositivo est\u00e1 destinado a melhorar o controle e a responsabilidade sobre os animais vendidos, possibilitando que seus novos donos possam ser facilmente localizados caso haja qualquer problema ou situa\u00e7\u00f5es de abandono. O microchip \u00e9 uma ferramenta vital que pode ajudar na promo\u00e7\u00e3o da ado\u00e7\u00e3o respons\u00e1vel e do cuidado cont\u00ednuo com os animais.<\/p>\n<p><img decoding=\"async\" src=\"https:\/\/www.encontrabelohorizonte.com.br\/sobre\/wp-content\/uploads\/camara-de-bh-aprova-projeto-que-pode-proibir-venda-de-animais-no-mercado-central.webp\" alt=\"restri\u00e7\u00e3o venda animais\" loading=\"lazy\" \/><\/p>\n<h2>Protestos e Apoio dos Grupos de Defesa Animal<\/h2>\n<p>Os grupos de defesa animal t\u00eam apoiado a aprova\u00e7\u00e3o desse projeto, que atende uma demanda antiga da sociedade civil. H\u00e1 anos, esses grupos organizam protestos contra a venda de animais em locais que n\u00e3o possuam as devidas condi\u00e7\u00f5es de bem-estar, como o Mercado Central. A aprova\u00e7\u00e3o do projeto representa um passo significativo na luta por uma prote\u00e7\u00e3o mais efetiva aos direitos dos animais e mitiga\u00e7\u00e3o do com\u00e9rcio irrespons\u00e1vel.<\/p>\n<h2>Hist\u00f3rico da Venda de Animais no Mercado Central<\/h2>\n<p>Desde 2018, iniciativas para regular a venda de animais no Mercado Central v\u00eam sendo discutidas. Apesar das restri\u00e7\u00f5es propostas anteriormente, a falta de legisla\u00e7\u00e3o eficaz permitiu a continuidade desse com\u00e9rcio. A nova proposta ora aprovada representa uma mudan\u00e7a de paradigma, assegurando que o bem-estar animal seja colocado em primeiro plano e que a venda ocorra sob fiscaliza\u00e7\u00e3o adequada.<\/p>\n<h2>Impacto da Nova Legisla\u00e7\u00e3o no Mercado de Animais<\/h2>\n<p>Se sancionada, a nova lei pode impactar drasticamente como o com\u00e9rcio de animais \u00e9 conduzido em Belo Horizonte. O foco nas vendas em criadouros licenciados deve levar a uma diminui\u00e7\u00e3o significativa das vendas irregulares e n\u00e3o regulamentadas. Isso poder\u00e1 promover um ambiente mais saud\u00e1vel e seguro tanto para os animais quanto para os novos tutores que os adotam.<\/p>\n<h2>Expectativas Para a Sanc\u00e3o do Prefeito<\/h2>\n<p>A expectativa agora gira em torno da san\u00e7\u00e3o do prefeito \u00c1lvaro Dami\u00e3o, que ter\u00e1 a responsabilidade de ratificar a proposta aprovada. A san\u00e7\u00e3o \u00e9 um passo necess\u00e1rio para que a nova legisla\u00e7\u00e3o entre em vigor em um prazo de 120 dias ap\u00f3s a assinatura. Grupos de prote\u00e7\u00e3o \u00e0 causa animal e a popula\u00e7\u00e3o em geral aguardam ansiosamente o desfecho deste processo e a implementa\u00e7\u00e3o das medidas propostas.<\/p>\n<h2>Direitos dos Animais: Uma Luta Constante<\/h2>\n<p>O movimento pelos direitos dos animais continua a ser uma luta constante e intensamente debatida na sociedade contempor\u00e2nea. A proibi\u00e7\u00e3o da venda de animais em locais inadequados \u00e9 apenas uma das v\u00e1rias medidas necess\u00e1rias para garantir um tratamento digno a todos os seres vivos. As mudan\u00e7as na legisla\u00e7\u00e3o refletem uma evolu\u00e7\u00e3o nas percep\u00e7\u00f5es sociais sobre a responsabilidade que temos para com os animais e o impacto que nosso comportamento de consumo pode ter ondestes seres vivos.<\/p>\n<h2>Cuidado e Ado\u00e7\u00e3o Respons\u00e1vel de Animais<\/h2>\n<p>A ado\u00e7\u00e3o respons\u00e1vel \u00e9 um tema central que acompanha estas mudan\u00e7as. Os novos tutores devem ser orientados sobre a melhor forma de cuidar dos animais, uma vez que a ado\u00e7\u00e3o implica em um compromisso a longo prazo. O projeto tamb\u00e9m destaca a import\u00e2ncia de se fornecer material educativo sobre guarda respons\u00e1vel que acompanhe os animais vendidos ou adotados. Isso \u00e9 essencial para promover uma conviv\u00eancia harmoniosa e respons\u00e1vel entre homens e animais.<\/p>\n<h2>O Futuro do Com\u00e9rcio de Animais em Belo Horizonte<\/h2>\n<p>O futuro do com\u00e9rcio de animais em Belo Horizonte parece mais promissor com a aplica\u00e7\u00e3o dessas novas leis. O fortalecimento das regras e o compromisso em implementar pr\u00e1ticas respons\u00e1veis de venda e ado\u00e7\u00e3o podem pavimentar um novo caminho onde os direitos dos animais sejam respeitados e garantidos. A comunidade deve continuar a pressionar por mais medidas que assegurem o bem-estar animal e que responsabilizem aqueles que falharem em prestar o devido cuidado a esses seres suscet\u00edveis.<\/p>\n\n<div style=\"font-size: 0px; height: 0px; line-height: 0px; margin: 0; padding: 0; clear: both;\"><\/div>","protected":false},"excerpt":{"rendered":"<p>C\u00e2mara de BH aprova restri\u00e7\u00e3o na venda de animais para prote\u00e7\u00e3o.<\/p>\n","protected":false},"author":1,"featured_media":4610,"comment_status":"closed","ping_status":"closed","sticky":false,"template":"","format":"standard","meta":{"footnotes":""},"categories":[6],"tags":[],"class_list":["post-4611","post","type-post","status-publish","format-standard","has-post-thumbnail","hentry","category-noticias","has_thumb"],"aioseo_notices":[],"aioseo_head":"\n\t\t<!-- All in One SEO 5.0.0.1 - aioseo.com -->\n\t<meta name=\"description\" content=\"C\u00e2mara de BH aprova restri\u00e7\u00e3o na venda de animais para prote\u00e7\u00e3o.\" \/>\n\t<meta name=\"robots\" content=\"max-image-preview:large\" \/>\n\t<meta name=\"author\" content=\"Encontra Belo Horizonte\"\/>\n\t<link rel=\"canonical\" href=\"https:\/\/www.encontrabelohorizonte.com.br\/sobre\/camara-de-bh-aprova-projeto-que-pode-proibir-venda-de-animais-no-mercado-central\/\" \/>\n\t<meta name=\"generator\" content=\"All in One SEO (AIOSEO) 5.0.0.1\" \/>\n\t\t<meta property=\"og:locale\" content=\"pt_BR\" \/>\n\t\t<meta property=\"og:site_name\" content=\"Encontra Belo Horizonte | Not\u00edcias, eventos, informa\u00e7\u00f5es e dicas da cidade de Belo Horizonte e regi\u00e3o\" \/>\n\t\t<meta property=\"og:type\" content=\"article\" \/>\n\t\t<meta property=\"og:title\" content=\"C\u00e2mara de BH aprova projeto que pode proibir venda de animais no Mercado Central | Encontra Belo Horizonte\" \/>\n\t\t<meta property=\"og:description\" content=\"C\u00e2mara de BH aprova restri\u00e7\u00e3o na venda de animais para prote\u00e7\u00e3o.\" \/>\n\t\t<meta property=\"og:url\" content=\"https:\/\/www.encontrabelohorizonte.com.br\/sobre\/camara-de-bh-aprova-projeto-que-pode-proibir-venda-de-animais-no-mercado-central\/\" \/>\n\t\t<meta property=\"article:published_time\" content=\"2026-08-11T00:25:06+00:00\" \/>\n\t\t<meta property=\"article:modified_time\" content=\"2026-08-11T00:25:06+00:00\" \/>\n\t\t<meta name=\"twitter:card\" content=\"summary\" \/>\n\t\t<meta name=\"twitter:title\" content=\"C\u00e2mara de BH aprova projeto que pode proibir venda de animais no Mercado Central | Encontra Belo Horizonte\" \/>\n\t\t<meta name=\"twitter:description\" content=\"C\u00e2mara de BH aprova restri\u00e7\u00e3o na venda de animais para prote\u00e7\u00e3o.\" \/>\n\t\t<script type=\"application\/ld+json\" class=\"aioseo-schema\">\n\t\t\t{\"@context\":\"https:\\\/\\\/schema.org\",\"@graph\":[{\"@type\":\"Article\",\"@id\":\"https:\\\/\\\/www.encontrabelohorizonte.com.br\\\/sobre\\\/camara-de-bh-aprova-projeto-que-pode-proibir-venda-de-animais-no-mercado-central\\\/#article\",\"name\":\"C\\u00e2mara de BH aprova projeto que pode proibir venda de animais no Mercado Central | Encontra Belo Horizonte\",\"headline\":\"C\\u00e2mara de BH aprova projeto que pode proibir venda de animais no Mercado Central\",\"author\":{\"@id\":\"https:\\\/\\\/www.encontrabelohorizonte.com.br\\\/sobre\\\/author\\\/ebelohorizonte\\\/#author\"},\"publisher\":{\"@id\":\"https:\\\/\\\/www.encontrabelohorizonte.com.br\\\/sobre\\\/#organization\"},\"image\":{\"@type\":\"ImageObject\",\"url\":\"https:\\\/\\\/www.encontrabelohorizonte.com.br\\\/sobre\\\/wp-content\\\/uploads\\\/camara-de-bh-aprova-projeto-que-pode-proibir-venda-de-animais-no-mercado-central.webp\",\"width\":280,\"height\":280,\"caption\":\"restri\\u00e7\\u00e3o venda animais\"},\"datePublished\":\"2026-08-10T21:25:06-03:00\",\"dateModified\":\"2026-08-10T21:25:06-03:00\",\"inLanguage\":\"pt-BR\",\"mainEntityOfPage\":{\"@id\":\"https:\\\/\\\/www.encontrabelohorizonte.com.br\\\/sobre\\\/camara-de-bh-aprova-projeto-que-pode-proibir-venda-de-animais-no-mercado-central\\\/#webpage\"},\"isPartOf\":{\"@id\":\"https:\\\/\\\/www.encontrabelohorizonte.com.br\\\/sobre\\\/camara-de-bh-aprova-projeto-que-pode-proibir-venda-de-animais-no-mercado-central\\\/#webpage\"},\"articleSection\":\"Not\\u00edcias Belo Horizonte\"},{\"@type\":\"BreadcrumbList\",\"@id\":\"https:\\\/\\\/www.encontrabelohorizonte.com.br\\\/sobre\\\/camara-de-bh-aprova-projeto-que-pode-proibir-venda-de-animais-no-mercado-central\\\/#breadcrumblist\",\"itemListElement\":[{\"@type\":\"ListItem\",\"@id\":\"https:\\\/\\\/www.encontrabelohorizonte.com.br\\\/sobre#listItem\",\"position\":1,\"name\":\"In\\u00edcio\",\"item\":\"https:\\\/\\\/www.encontrabelohorizonte.com.br\\\/sobre\",\"nextItem\":{\"@type\":\"ListItem\",\"@id\":\"https:\\\/\\\/www.encontrabelohorizonte.com.br\\\/sobre\\\/noticias\\\/#listItem\",\"name\":\"Not\\u00edcias Belo Horizonte\"}},{\"@type\":\"ListItem\",\"@id\":\"https:\\\/\\\/www.encontrabelohorizonte.com.br\\\/sobre\\\/noticias\\\/#listItem\",\"position\":2,\"name\":\"Not\\u00edcias Belo Horizonte\",\"item\":\"https:\\\/\\\/www.encontrabelohorizonte.com.br\\\/sobre\\\/noticias\\\/\",\"nextItem\":{\"@type\":\"ListItem\",\"@id\":\"https:\\\/\\\/www.encontrabelohorizonte.com.br\\\/sobre\\\/camara-de-bh-aprova-projeto-que-pode-proibir-venda-de-animais-no-mercado-central\\\/#listItem\",\"name\":\"C\\u00e2mara de BH aprova projeto que pode proibir venda de animais no Mercado Central\"},\"previousItem\":{\"@type\":\"ListItem\",\"@id\":\"https:\\\/\\\/www.encontrabelohorizonte.com.br\\\/sobre#listItem\",\"name\":\"In\\u00edcio\"}},{\"@type\":\"ListItem\",\"@id\":\"https:\\\/\\\/www.encontrabelohorizonte.com.br\\\/sobre\\\/camara-de-bh-aprova-projeto-que-pode-proibir-venda-de-animais-no-mercado-central\\\/#listItem\",\"position\":3,\"name\":\"C\\u00e2mara de BH aprova projeto que pode proibir venda de animais no Mercado Central\",\"previousItem\":{\"@type\":\"ListItem\",\"@id\":\"https:\\\/\\\/www.encontrabelohorizonte.com.br\\\/sobre\\\/noticias\\\/#listItem\",\"name\":\"Not\\u00edcias Belo Horizonte\"}}]},{\"@type\":\"Organization\",\"@id\":\"https:\\\/\\\/www.encontrabelohorizonte.com.br\\\/sobre\\\/#organization\",\"name\":\"Encontra Belo Horizonte\",\"description\":\"Not\\u00edcias, eventos, informa\\u00e7\\u00f5es e dicas da cidade de Belo Horizonte e regi\\u00e3o\",\"url\":\"https:\\\/\\\/www.encontrabelohorizonte.com.br\\\/sobre\\\/\"},{\"@type\":\"Person\",\"@id\":\"https:\\\/\\\/www.encontrabelohorizonte.com.br\\\/sobre\\\/author\\\/ebelohorizonte\\\/#author\",\"url\":\"https:\\\/\\\/www.encontrabelohorizonte.com.br\\\/sobre\\\/author\\\/ebelohorizonte\\\/\",\"name\":\"Encontra Belo Horizonte\",\"image\":{\"@type\":\"ImageObject\",\"@id\":\"https:\\\/\\\/www.encontrabelohorizonte.com.br\\\/sobre\\\/camara-de-bh-aprova-projeto-que-pode-proibir-venda-de-animais-no-mercado-central\\\/#authorImage\",\"url\":\"https:\\\/\\\/secure.gravatar.com\\\/avatar\\\/507340682b8270222e1f208e23198b6ae7e2c6a1033ae84e99bc6bce4f82a387?s=96&d=mm&r=g\",\"width\":96,\"height\":96,\"caption\":\"Encontra Belo Horizonte\"}},{\"@type\":\"WebPage\",\"@id\":\"https:\\\/\\\/www.encontrabelohorizonte.com.br\\\/sobre\\\/camara-de-bh-aprova-projeto-que-pode-proibir-venda-de-animais-no-mercado-central\\\/#webpage\",\"url\":\"https:\\\/\\\/www.encontrabelohorizonte.com.br\\\/sobre\\\/camara-de-bh-aprova-projeto-que-pode-proibir-venda-de-animais-no-mercado-central\\\/\",\"name\":\"C\\u00e2mara de BH aprova projeto que pode proibir venda de animais no Mercado Central | Encontra Belo Horizonte\",\"description\":\"C\\u00e2mara de BH aprova restri\\u00e7\\u00e3o na venda de animais para prote\\u00e7\\u00e3o.\",\"inLanguage\":\"pt-BR\",\"isPartOf\":{\"@id\":\"https:\\\/\\\/www.encontrabelohorizonte.com.br\\\/sobre\\\/#website\"},\"breadcrumb\":{\"@id\":\"https:\\\/\\\/www.encontrabelohorizonte.com.br\\\/sobre\\\/camara-de-bh-aprova-projeto-que-pode-proibir-venda-de-animais-no-mercado-central\\\/#breadcrumblist\"},\"author\":{\"@id\":\"https:\\\/\\\/www.encontrabelohorizonte.com.br\\\/sobre\\\/author\\\/ebelohorizonte\\\/#author\"},\"creator\":{\"@id\":\"https:\\\/\\\/www.encontrabelohorizonte.com.br\\\/sobre\\\/author\\\/ebelohorizonte\\\/#author\"},\"image\":{\"@type\":\"ImageObject\",\"url\":\"https:\\\/\\\/www.encontrabelohorizonte.com.br\\\/sobre\\\/wp-content\\\/uploads\\\/camara-de-bh-aprova-projeto-que-pode-proibir-venda-de-animais-no-mercado-central.webp\",\"@id\":\"https:\\\/\\\/www.encontrabelohorizonte.com.br\\\/sobre\\\/camara-de-bh-aprova-projeto-que-pode-proibir-venda-de-animais-no-mercado-central\\\/#mainImage\",\"width\":280,\"height\":280,\"caption\":\"restri\\u00e7\\u00e3o venda animais\"},\"primaryImageOfPage\":{\"@id\":\"https:\\\/\\\/www.encontrabelohorizonte.com.br\\\/sobre\\\/camara-de-bh-aprova-projeto-que-pode-proibir-venda-de-animais-no-mercado-central\\\/#mainImage\"},\"datePublished\":\"2026-08-10T21:25:06-03:00\",\"dateModified\":\"2026-08-10T21:25:06-03:00\"},{\"@type\":\"WebSite\",\"@id\":\"https:\\\/\\\/www.encontrabelohorizonte.com.br\\\/sobre\\\/#website\",\"url\":\"https:\\\/\\\/www.encontrabelohorizonte.com.br\\\/sobre\\\/\",\"name\":\"Encontra Belo Horizonte\",\"description\":\"Not\\u00edcias, eventos, informa\\u00e7\\u00f5es e dicas da cidade de Belo Horizonte e regi\\u00e3o\",\"inLanguage\":\"pt-BR\",\"publisher\":{\"@id\":\"https:\\\/\\\/www.encontrabelohorizonte.com.br\\\/sobre\\\/#organization\"}}]}\n\t\t<\/script>\n\t\t<!-- All in One SEO -->\n\n","aioseo_head_json":{"title":"C\u00e2mara de BH aprova projeto que pode proibir venda de animais no Mercado Central | Encontra Belo Horizonte","description":"C\u00e2mara de BH aprova restri\u00e7\u00e3o na venda de animais para prote\u00e7\u00e3o.","canonical_url":"https:\/\/www.encontrabelohorizonte.com.br\/sobre\/camara-de-bh-aprova-projeto-que-pode-proibir-venda-de-animais-no-mercado-central\/","robots":"max-image-preview:large","keywords":"","webmasterTools":{"miscellaneous":""},"schema":{"@context":"https:\/\/schema.org","@graph":[{"@type":"Article","@id":"https:\/\/www.encontrabelohorizonte.com.br\/sobre\/camara-de-bh-aprova-projeto-que-pode-proibir-venda-de-animais-no-mercado-central\/#article","name":"C\u00e2mara de BH aprova projeto que pode proibir venda de animais no Mercado Central | Encontra Belo Horizonte","headline":"C\u00e2mara de BH aprova projeto que pode proibir venda de animais no Mercado Central","author":{"@id":"https:\/\/www.encontrabelohorizonte.com.br\/sobre\/author\/ebelohorizonte\/#author"},"publisher":{"@id":"https:\/\/www.encontrabelohorizonte.com.br\/sobre\/#organization"},"image":{"@type":"ImageObject","url":"https:\/\/www.encontrabelohorizonte.com.br\/sobre\/wp-content\/uploads\/camara-de-bh-aprova-projeto-que-pode-proibir-venda-de-animais-no-mercado-central.webp","width":280,"height":280,"caption":"restri\u00e7\u00e3o venda animais"},"datePublished":"2026-08-10T21:25:06-03:00","dateModified":"2026-08-10T21:25:06-03:00","inLanguage":"pt-BR","mainEntityOfPage":{"@id":"https:\/\/www.encontrabelohorizonte.com.br\/sobre\/camara-de-bh-aprova-projeto-que-pode-proibir-venda-de-animais-no-mercado-central\/#webpage"},"isPartOf":{"@id":"https:\/\/www.encontrabelohorizonte.com.br\/sobre\/camara-de-bh-aprova-projeto-que-pode-proibir-venda-de-animais-no-mercado-central\/#webpage"},"articleSection":"Not\u00edcias Belo Horizonte"},{"@type":"BreadcrumbList","@id":"https:\/\/www.encontrabelohorizonte.com.br\/sobre\/camara-de-bh-aprova-projeto-que-pode-proibir-venda-de-animais-no-mercado-central\/#breadcrumblist","itemListElement":[{"@type":"ListItem","@id":"https:\/\/www.encontrabelohorizonte.com.br\/sobre#listItem","position":1,"name":"In\u00edcio","item":"https:\/\/www.encontrabelohorizonte.com.br\/sobre","nextItem":{"@type":"ListItem","@id":"https:\/\/www.encontrabelohorizonte.com.br\/sobre\/noticias\/#listItem","name":"Not\u00edcias Belo Horizonte"}},{"@type":"ListItem","@id":"https:\/\/www.encontrabelohorizonte.com.br\/sobre\/noticias\/#listItem","position":2,"name":"Not\u00edcias Belo Horizonte","item":"https:\/\/www.encontrabelohorizonte.com.br\/sobre\/noticias\/","nextItem":{"@type":"ListItem","@id":"https:\/\/www.encontrabelohorizonte.com.br\/sobre\/camara-de-bh-aprova-projeto-que-pode-proibir-venda-de-animais-no-mercado-central\/#listItem","name":"C\u00e2mara de BH aprova projeto que pode proibir venda de animais no Mercado Central"},"previousItem":{"@type":"ListItem","@id":"https:\/\/www.encontrabelohorizonte.com.br\/sobre#listItem","name":"In\u00edcio"}},{"@type":"ListItem","@id":"https:\/\/www.encontrabelohorizonte.com.br\/sobre\/camara-de-bh-aprova-projeto-que-pode-proibir-venda-de-animais-no-mercado-central\/#listItem","position":3,"name":"C\u00e2mara de BH aprova projeto que pode proibir venda de animais no Mercado Central","previousItem":{"@type":"ListItem","@id":"https:\/\/www.encontrabelohorizonte.com.br\/sobre\/noticias\/#listItem","name":"Not\u00edcias Belo Horizonte"}}]},{"@type":"Organization","@id":"https:\/\/www.encontrabelohorizonte.com.br\/sobre\/#organization","name":"Encontra Belo Horizonte","description":"Not\u00edcias, eventos, informa\u00e7\u00f5es e dicas da cidade de Belo Horizonte e regi\u00e3o","url":"https:\/\/www.encontrabelohorizonte.com.br\/sobre\/"},{"@type":"Person","@id":"https:\/\/www.encontrabelohorizonte.com.br\/sobre\/author\/ebelohorizonte\/#author","url":"https:\/\/www.encontrabelohorizonte.com.br\/sobre\/author\/ebelohorizonte\/","name":"Encontra Belo Horizonte","image":{"@type":"ImageObject","@id":"https:\/\/www.encontrabelohorizonte.com.br\/sobre\/camara-de-bh-aprova-projeto-que-pode-proibir-venda-de-animais-no-mercado-central\/#authorImage","url":"https:\/\/secure.gravatar.com\/avatar\/507340682b8270222e1f208e23198b6ae7e2c6a1033ae84e99bc6bce4f82a387?s=96&d=mm&r=g","width":96,"height":96,"caption":"Encontra Belo Horizonte"}},{"@type":"WebPage","@id":"https:\/\/www.encontrabelohorizonte.com.br\/sobre\/camara-de-bh-aprova-projeto-que-pode-proibir-venda-de-animais-no-mercado-central\/#webpage","url":"https:\/\/www.encontrabelohorizonte.com.br\/sobre\/camara-de-bh-aprova-projeto-que-pode-proibir-venda-de-animais-no-mercado-central\/","name":"C\u00e2mara de BH aprova projeto que pode proibir venda de animais no Mercado Central | Encontra Belo Horizonte","description":"C\u00e2mara de BH aprova restri\u00e7\u00e3o na venda de animais para prote\u00e7\u00e3o.","inLanguage":"pt-BR","isPartOf":{"@id":"https:\/\/www.encontrabelohorizonte.com.br\/sobre\/#website"},"breadcrumb":{"@id":"https:\/\/www.encontrabelohorizonte.com.br\/sobre\/camara-de-bh-aprova-projeto-que-pode-proibir-venda-de-animais-no-mercado-central\/#breadcrumblist"},"author":{"@id":"https:\/\/www.encontrabelohorizonte.com.br\/sobre\/author\/ebelohorizonte\/#author"},"creator":{"@id":"https:\/\/www.encontrabelohorizonte.com.br\/sobre\/author\/ebelohorizonte\/#author"},"image":{"@type":"ImageObject","url":"https:\/\/www.encontrabelohorizonte.com.br\/sobre\/wp-content\/uploads\/camara-de-bh-aprova-projeto-que-pode-proibir-venda-de-animais-no-mercado-central.webp","@id":"https:\/\/www.encontrabelohorizonte.com.br\/sobre\/camara-de-bh-aprova-projeto-que-pode-proibir-venda-de-animais-no-mercado-central\/#mainImage","width":280,"height":280,"caption":"restri\u00e7\u00e3o venda animais"},"primaryImageOfPage":{"@id":"https:\/\/www.encontrabelohorizonte.com.br\/sobre\/camara-de-bh-aprova-projeto-que-pode-proibir-venda-de-animais-no-mercado-central\/#mainImage"},"datePublished":"2026-08-10T21:25:06-03:00","dateModified":"2026-08-10T21:25:06-03:00"},{"@type":"WebSite","@id":"https:\/\/www.encontrabelohorizonte.com.br\/sobre\/#website","url":"https:\/\/www.encontrabelohorizonte.com.br\/sobre\/","name":"Encontra Belo Horizonte","description":"Not\u00edcias, eventos, informa\u00e7\u00f5es e dicas da cidade de Belo Horizonte e regi\u00e3o","inLanguage":"pt-BR","publisher":{"@id":"https:\/\/www.encontrabelohorizonte.com.br\/sobre\/#organization"}}]},"og:locale":"pt_BR","og:site_name":"Encontra Belo Horizonte | Not\u00edcias, eventos, informa\u00e7\u00f5es e dicas da cidade de Belo Horizonte e regi\u00e3o","og:type":"article","og:title":"C\u00e2mara de BH aprova projeto que pode proibir venda de animais no Mercado Central | Encontra Belo Horizonte","og:description":"C\u00e2mara de BH aprova restri\u00e7\u00e3o na venda de animais para prote\u00e7\u00e3o.","og:url":"https:\/\/www.encontrabelohorizonte.com.br\/sobre\/camara-de-bh-aprova-projeto-que-pode-proibir-venda-de-animais-no-mercado-central\/","article:published_time":"2026-08-11T00:25:06+00:00","article:modified_time":"2026-08-11T00:25:06+00:00","twitter:card":"summary","twitter:title":"C\u00e2mara de BH aprova projeto que pode proibir venda de animais no Mercado Central | Encontra Belo Horizonte","twitter:description":"C\u00e2mara de BH aprova restri\u00e7\u00e3o na venda de animais para prote\u00e7\u00e3o."},"aioseo_meta_data":{"post_id":"4611","title":null,"description":null,"keywords":null,"keyphrases":null,"primary_term":null,"canonical_url":null,"og_title":null,"og_description":null,"og_object_type":"default","og_image_type":"default","og_image_url":null,"og_image_width":null,"og_image_height":null,"og_image_custom_url":null,"og_image_custom_fields":null,"og_video":null,"og_custom_url":null,"og_article_section":null,"og_article_tags":null,"twitter_use_og":false,"twitter_card":"default","twitter_image_type":"default","twitter_image_url":null,"twitter_image_custom_url":null,"twitter_image_custom_fields":null,"twitter_title":null,"twitter_description":null,"schema":{"blockGraphs":[],"customGraphs":[],"default":{"data":{"Article":[],"Course":[],"Dataset":[],"FAQPage":[],"Movie":[],"Person":[],"Product":[],"ProductReview":[],"Car":[],"Recipe":[],"Service":[],"SoftwareApplication":[],"WebPage":[]},"graphName":"Article","isEnabled":true},"graphs":[]},"schema_type":"default","schema_type_options":null,"pillar_content":false,"robots_default":true,"robots_noindex":false,"robots_noarchive":false,"robots_nosnippet":false,"robots_nofollow":false,"robots_noimageindex":false,"robots_noodp":false,"robots_notranslate":false,"robots_max_snippet":null,"robots_max_videopreview":null,"robots_max_imagepreview":"large","priority":null,"frequency":null,"local_seo":null,"breadcrumb_settings":null,"limit_modified_date":false,"ai":null,"created":"2026-08-11 00:25:06","updated":"2026-08-11 00:26:11","focus_keyword":null,"additional_keywords":null,"truseo_locale":null,"seo_analyzer_scan_date":null},"aioseo_breadcrumb":"<div class=\"aioseo-breadcrumbs\"><span class=\"aioseo-breadcrumb\">\n\t\t\t<a href=\"https:\/\/www.encontrabelohorizonte.com.br\/sobre\" title=\"In\u00edcio\">In\u00edcio<\/a>\n\t\t<\/span><span class=\"aioseo-breadcrumb-separator\">&raquo;<\/span><span class=\"aioseo-breadcrumb\">\n\t\t\t<a href=\"https:\/\/www.encontrabelohorizonte.com.br\/sobre\/noticias\/\" title=\"Not\u00edcias Belo Horizonte\">Not\u00edcias Belo Horizonte<\/a>\n\t\t<\/span><span class=\"aioseo-breadcrumb-separator\">&raquo;<\/span><span class=\"aioseo-breadcrumb\">\n\t\t\tC\u00e2mara de BH aprova projeto que pode proibir venda de animais no Mercado Central\n\t\t<\/span><\/div>","aioseo_breadcrumb_json":[{"label":"In\u00edcio","link":"https:\/\/www.encontrabelohorizonte.com.br\/sobre"},{"label":"Not\u00edcias Belo Horizonte","link":"https:\/\/www.encontrabelohorizonte.com.br\/sobre\/noticias\/"},{"label":"C\u00e2mara de BH aprova projeto que pode proibir venda de animais no Mercado Central","link":"https:\/\/www.encontrabelohorizonte.com.br\/sobre\/camara-de-bh-aprova-projeto-que-pode-proibir-venda-de-animais-no-mercado-central\/"}],"_links":{"self":[{"href":"https:\/\/www.encontrabelohorizonte.com.br\/sobre\/wp-json\/wp\/v2\/posts\/4611","targetHints":{"allow":["GET"]}}],"collection":[{"href":"https:\/\/www.encontrabelohorizonte.com.br\/sobre\/wp-json\/wp\/v2\/posts"}],"about":[{"href":"https:\/\/www.encontrabelohorizonte.com.br\/sobre\/wp-json\/wp\/v2\/types\/post"}],"author":[{"embeddable":true,"href":"https:\/\/www.encontrabelohorizonte.com.br\/sobre\/wp-json\/wp\/v2\/users\/1"}],"replies":[{"embeddable":true,"href":"https:\/\/www.encontrabelohorizonte.com.br\/sobre\/wp-json\/wp\/v2\/comments?post=4611"}],"version-history":[{"count":0,"href":"https:\/\/www.encontrabelohorizonte.com.br\/sobre\/wp-json\/wp\/v2\/posts\/4611\/revisions"}],"wp:featuredmedia":[{"embeddable":true,"href":"https:\/\/www.encontrabelohorizonte.com.br\/sobre\/wp-json\/wp\/v2\/media\/4610"}],"wp:attachment":[{"href":"https:\/\/www.encontrabelohorizonte.com.br\/sobre\/wp-json\/wp\/v2\/media?parent=4611"}],"wp:term":[{"taxonomy":"category","embeddable":true,"href":"https:\/\/www.encontrabelohorizonte.com.br\/sobre\/wp-json\/wp\/v2\/categories?post=4611"},{"taxonomy":"post_tag","embeddable":true,"href":"https:\/\/www.encontrabelohorizonte.com.br\/sobre\/wp-json\/wp\/v2\/tags?post=4611"}],"curies":[{"name":"wp","href":"https:\/\/api.w.org\/{rel}","templated":true}]}}