{"id":4615,"date":"2026-08-11T08:12:33","date_gmt":"2026-08-11T11:12:33","guid":{"rendered":"https:\/\/www.encontrabelohorizonte.com.br\/sobre\/vacinacao-de-gestantes-reduz-em-57-as-internacoes-de-bebes-por-bronquiolite-em-belo-horizonte\/"},"modified":"2026-08-11T08:12:33","modified_gmt":"2026-08-11T11:12:33","slug":"vacinacao-de-gestantes-reduz-em-57-as-internacoes-de-bebes-por-bronquiolite-em-belo-horizonte","status":"publish","type":"post","link":"https:\/\/www.encontrabelohorizonte.com.br\/sobre\/vacinacao-de-gestantes-reduz-em-57-as-internacoes-de-bebes-por-bronquiolite-em-belo-horizonte\/","title":{"rendered":"Vacina\u00e7\u00e3o de gestantes reduz em 57% as interna\u00e7\u00f5es de beb\u00eas por bronquiolite em Belo Horizonte"},"content":{"rendered":"<div class=\"2e083cf0b19e2c11948dc6ac054ba979\" data-index=\"1\" style=\"float: none; margin:0px;\">\n<!-- Anuncio display - global -->\r\n<ins class=\"adsbygoogle\"\r\n     style=\"display:block\"\r\n     data-ad-client=\"ca-pub-8585364105181520\"\r\n     data-ad-slot=\"8789329856\"\r\n     data-ad-format=\"auto\"\r\n     data-full-width-responsive=\"true\"><\/ins>\r\n<script>\r\n     (adsbygoogle = window.adsbygoogle || []).push({});\r\n<\/script>\n<\/div>\n<h2>Resultados da Vacina\u00e7\u00e3o em Belo Horizonte<\/h2>\n<p>A campanha de vacina\u00e7\u00e3o direcionada a gestantes contra o V\u00edrus Sincicial Respirat\u00f3rio (VSR), que teve in\u00edcio em dezembro em Belo Horizonte, j\u00e1 mostrou resultados significativos na redu\u00e7\u00e3o da taxa de interna\u00e7\u00f5es infantis. Os dados recentes revelam que entre os meses de janeiro e maio, o n\u00famero de hospitaliza\u00e7\u00f5es de crian\u00e7as devido \u00e0 bronquiolite caiu de 1.428 para 613, o que equivale a uma diminui\u00e7\u00e3o de 57% em rela\u00e7\u00e3o ao ano anterior.<\/p>\n<h2>Impacto da Vacina\u00e7\u00e3o na Sa\u00fade Infantil<\/h2>\n<p>A bronquiolite \u00e9 uma das principais raz\u00f5es para interna\u00e7\u00f5es em rec\u00e9m-nascidos, e a vacina\u00e7\u00e3o das gestantes desempenha um papel fundamental na prote\u00e7\u00e3o dos beb\u00eas. A vacina \u00e9 recomendada a partir da 28\u00aa semana de gesta\u00e7\u00e3o e \u00e9 segura para gestantes de todas as idades. Ao receber a imuniza\u00e7\u00e3o, as m\u00e3es n\u00e3o apenas se protegem, mas tamb\u00e9m transmitem anticorpos para seus beb\u00eas atrav\u00e9s da placenta, oferecendo uma camada de prote\u00e7\u00e3o nesse per\u00edodo cr\u00edtico da vida da crian\u00e7a.<\/p>\n<h2>Como Funciona a Vacina\u00e7\u00e3o de Gestantes<\/h2>\n<p>A vacina contra o VSR, administrada em forma de dose \u00fanica, atua como uma preven\u00e7\u00e3o eficaz. Ao se vacinarem, as gestantes contribuem para a sa\u00fade dos seus beb\u00eas, especialmente nos primeiros meses de vida, quando os riscos associados ao VSR s\u00e3o mais altos.<\/p>\n<p><img decoding=\"async\" src=\"https:\/\/www.encontrabelohorizonte.com.br\/sobre\/wp-content\/uploads\/vacinacao-de-gestantes-reduz-em-57-as-internacoes-de-bebes-por-bronquiolite-em-belo-horizonte.webp\" alt=\"vacina\u00e7\u00e3o de gestantes\" loading=\"lazy\" \/><\/p>\n<h2>Import\u00e2ncia do VSR e da Vacina\u00e7\u00e3o<\/h2>\n<p>O V\u00edrus Sincicial Respirat\u00f3rio \u00e9 uma infec\u00e7\u00e3o respirat\u00f3ria comum que pode causar s\u00e9rias complica\u00e7\u00f5es em rec\u00e9m-nascidos e crian\u00e7as pequenas. Por isso, a vacina\u00e7\u00e3o das gestantes se revela uma estrat\u00e9gia vital na sa\u00fade p\u00fablica. A prote\u00e7\u00e3o oferecida pela vacina n\u00e3o s\u00f3 beneficia as m\u00e3es, mas \u00e9 fundamental para a sa\u00fade geral da popula\u00e7\u00e3o infantil.<\/p>\n<h2>Dados Sobre Interna\u00e7\u00f5es por Bronquiolite<\/h2>\n<p>Os n\u00fameros de interna\u00e7\u00f5es por bronquiolite em Belo Horizonte refletem a urg\u00eancia de campanhas de vacina\u00e7\u00e3o. A diminui\u00e7\u00e3o nas interna\u00e7\u00f5es, que de 1.428 caiu para 613, sinaliza que medidas preventivas, como a imuniza\u00e7\u00e3o de gestantes, t\u00eam efeito positivo na sa\u00fade das crian\u00e7as rec\u00e9m-nascidas.<\/p>\n<h2>O Papel da M\u00e3e na Imuniza\u00e7\u00e3o do Beb\u00ea<\/h2>\n<p>As m\u00e3es desempenham um papel crucial na prote\u00e7\u00e3o dos seus filhos contra doen\u00e7as evit\u00e1veis por vacina\u00e7\u00e3o. Atrav\u00e9s da imuniza\u00e7\u00e3o durante a gesta\u00e7\u00e3o, elas fornecem e garantem que os beb\u00eas nas\u00e7am com uma defesa imunol\u00f3gica robusta, preparada para combater o VSR nos primeiros meses de vida.<\/p>\n<h2>Quem Deve Receber a Vacina?<\/h2>\n<p>A vacina contra o VSR \u00e9 indicada para todas as gestantes com 28 semanas ou mais. N\u00e3o h\u00e1 restri\u00e7\u00f5es relativas \u00e0 idade da gestante, o que permite um alcance amplo entre as gestantes da capital. Esta inclus\u00e3o \u00e9 fundamental para maximizar a imuniza\u00e7\u00e3o e assegurar que um n\u00famero significativo de beb\u00eas receba prote\u00e7\u00e3o contra essa infec\u00e7\u00e3o.<\/p>\n<h2>Onde Encontrar os Centros de Vacina\u00e7\u00e3o<\/h2>\n<p>As gestantes podem se vacinar em centros de sa\u00fade e no Servi\u00e7o de Aten\u00e7\u00e3o \u00e0 Sa\u00fade do Viajante em Belo Horizonte. Para receber a vacina, \u00e9 necess\u00e1rio apresentar:<\/p>\n<ul>\n<li>Documento de identifica\u00e7\u00e3o com foto.<\/li>\n<li>Comprova\u00e7\u00e3o da idade gestacional (como cart\u00e3o da gestante, relat\u00f3rio de pr\u00e9-natal ou exames).<\/li>\n<li>Caderneta de vacina\u00e7\u00e3o, se dispon\u00edvel.<\/li>\n<\/ul>\n<p>Para os beb\u00eas eleg\u00edveis ao anticorpo monoclonal nirsevimabe, a administra\u00e7\u00e3o ocorre em unidades de sa\u00fade espec\u00edficas, conforme indicado pela prefeitura.<\/p>\n<h2>Relato de Gestantes Imunizadas<\/h2>\n<p>As gestantes que receberam a vacina relatam um senso de seguran\u00e7a e tranquilidade quanto \u00e0 sa\u00fade de seus beb\u00eas. A diretora de Promo\u00e7\u00e3o \u00e0 Sa\u00fade e Vigil\u00e2ncia Epidemiol\u00f3gica, Tatiani Fereguetti, fez quest\u00e3o de enfatizar que a vacina\u00e7\u00e3o \u00e9 um passo crucial na garantia da sa\u00fade infantil. Com cerca de 15 mil gestantes j\u00e1 vacinadas, a campanha tem sido amplamente bem recebida, proporcionando a prote\u00e7\u00e3o necess\u00e1ria em um per\u00edodo t\u00e3o vulner\u00e1vel.<\/p>\n<h2>A Relev\u00e2ncia da Sa\u00fade Preventiva<\/h2>\n<p>A vacina\u00e7\u00e3o das gestantes \u00e9 um exemplo claro de como a sa\u00fade preventiva pode transformar a sa\u00fade infantil. Com a pol\u00edtica de vacina\u00e7\u00e3o em andamento, autoridades sanit\u00e1rias estabelecem um compromisso cont\u00ednuo com a sa\u00fade p\u00fablica, assegurando que os beb\u00eas nas\u00e7am protegidos e reduzindo a incid\u00eancia de doen\u00e7as potencialmente perigosas como a bronquiolite. A proposta \u00e9 de um futuro mais saud\u00e1vel para as crian\u00e7as, atrav\u00e9s da valoriza\u00e7\u00e3o e promo\u00e7\u00e3o da sa\u00fade preventiva desde a gesta\u00e7\u00e3o.<\/p>\n\n<div style=\"font-size: 0px; height: 0px; line-height: 0px; margin: 0; padding: 0; clear: both;\"><\/div>","protected":false},"excerpt":{"rendered":"<p>Vacina\u00e7\u00e3o de gestantes em BH resulta em redu\u00e7\u00e3o nas interna\u00e7\u00f5es de beb\u00eas por bronquiolite.<\/p>\n","protected":false},"author":1,"featured_media":4614,"comment_status":"closed","ping_status":"closed","sticky":false,"template":"","format":"standard","meta":{"footnotes":""},"categories":[42],"tags":[],"class_list":["post-4615","post","type-post","status-publish","format-standard","has-post-thumbnail","hentry","category-saude","has_thumb"],"aioseo_notices":[],"aioseo_head":"\n\t\t<!-- All in One SEO 5.0.0.1 - aioseo.com -->\n\t<meta name=\"description\" content=\"Vacina\u00e7\u00e3o de gestantes em BH resulta em redu\u00e7\u00e3o nas interna\u00e7\u00f5es de beb\u00eas por bronquiolite.\" \/>\n\t<meta name=\"robots\" content=\"max-image-preview:large\" \/>\n\t<meta name=\"author\" content=\"Encontra Belo Horizonte\"\/>\n\t<link rel=\"canonical\" href=\"https:\/\/www.encontrabelohorizonte.com.br\/sobre\/vacinacao-de-gestantes-reduz-em-57-as-internacoes-de-bebes-por-bronquiolite-em-belo-horizonte\/\" \/>\n\t<meta name=\"generator\" content=\"All in One SEO (AIOSEO) 5.0.0.1\" \/>\n\t\t<meta property=\"og:locale\" content=\"pt_BR\" \/>\n\t\t<meta property=\"og:site_name\" content=\"Encontra Belo Horizonte | Not\u00edcias, eventos, informa\u00e7\u00f5es e dicas da cidade de Belo Horizonte e regi\u00e3o\" \/>\n\t\t<meta property=\"og:type\" content=\"article\" \/>\n\t\t<meta property=\"og:title\" content=\"Vacina\u00e7\u00e3o de gestantes reduz em 57% as interna\u00e7\u00f5es de beb\u00eas por bronquiolite em Belo Horizonte | Encontra Belo Horizonte\" \/>\n\t\t<meta property=\"og:description\" content=\"Vacina\u00e7\u00e3o de gestantes em BH resulta em redu\u00e7\u00e3o nas interna\u00e7\u00f5es de beb\u00eas por bronquiolite.\" \/>\n\t\t<meta property=\"og:url\" content=\"https:\/\/www.encontrabelohorizonte.com.br\/sobre\/vacinacao-de-gestantes-reduz-em-57-as-internacoes-de-bebes-por-bronquiolite-em-belo-horizonte\/\" \/>\n\t\t<meta property=\"article:published_time\" content=\"2026-08-11T11:12:33+00:00\" \/>\n\t\t<meta property=\"article:modified_time\" content=\"2026-08-11T11:12:33+00:00\" \/>\n\t\t<meta name=\"twitter:card\" content=\"summary\" \/>\n\t\t<meta name=\"twitter:title\" content=\"Vacina\u00e7\u00e3o de gestantes reduz em 57% as interna\u00e7\u00f5es de beb\u00eas por bronquiolite em Belo Horizonte | Encontra Belo Horizonte\" \/>\n\t\t<meta name=\"twitter:description\" content=\"Vacina\u00e7\u00e3o de gestantes em BH resulta em redu\u00e7\u00e3o nas interna\u00e7\u00f5es de beb\u00eas por bronquiolite.\" \/>\n\t\t<script type=\"application\/ld+json\" class=\"aioseo-schema\">\n\t\t\t{\"@context\":\"https:\\\/\\\/schema.org\",\"@graph\":[{\"@type\":\"Article\",\"@id\":\"https:\\\/\\\/www.encontrabelohorizonte.com.br\\\/sobre\\\/vacinacao-de-gestantes-reduz-em-57-as-internacoes-de-bebes-por-bronquiolite-em-belo-horizonte\\\/#article\",\"name\":\"Vacina\\u00e7\\u00e3o de gestantes reduz em 57% as interna\\u00e7\\u00f5es de beb\\u00eas por bronquiolite em Belo Horizonte | Encontra Belo Horizonte\",\"headline\":\"Vacina\\u00e7\\u00e3o de gestantes reduz em 57% as interna\\u00e7\\u00f5es de beb\\u00eas por bronquiolite em Belo Horizonte\",\"author\":{\"@id\":\"https:\\\/\\\/www.encontrabelohorizonte.com.br\\\/sobre\\\/author\\\/ebelohorizonte\\\/#author\"},\"publisher\":{\"@id\":\"https:\\\/\\\/www.encontrabelohorizonte.com.br\\\/sobre\\\/#organization\"},\"image\":{\"@type\":\"ImageObject\",\"url\":\"https:\\\/\\\/www.encontrabelohorizonte.com.br\\\/sobre\\\/wp-content\\\/uploads\\\/vacinacao-de-gestantes-reduz-em-57-as-internacoes-de-bebes-por-bronquiolite-em-belo-horizonte.webp\",\"width\":280,\"height\":280,\"caption\":\"vacina\\u00e7\\u00e3o de gestantes\"},\"datePublished\":\"2026-08-11T08:12:33-03:00\",\"dateModified\":\"2026-08-11T08:12:33-03:00\",\"inLanguage\":\"pt-BR\",\"mainEntityOfPage\":{\"@id\":\"https:\\\/\\\/www.encontrabelohorizonte.com.br\\\/sobre\\\/vacinacao-de-gestantes-reduz-em-57-as-internacoes-de-bebes-por-bronquiolite-em-belo-horizonte\\\/#webpage\"},\"isPartOf\":{\"@id\":\"https:\\\/\\\/www.encontrabelohorizonte.com.br\\\/sobre\\\/vacinacao-de-gestantes-reduz-em-57-as-internacoes-de-bebes-por-bronquiolite-em-belo-horizonte\\\/#webpage\"},\"articleSection\":\"Sa\\u00fade Belo Horizonte\"},{\"@type\":\"BreadcrumbList\",\"@id\":\"https:\\\/\\\/www.encontrabelohorizonte.com.br\\\/sobre\\\/vacinacao-de-gestantes-reduz-em-57-as-internacoes-de-bebes-por-bronquiolite-em-belo-horizonte\\\/#breadcrumblist\",\"itemListElement\":[{\"@type\":\"ListItem\",\"@id\":\"https:\\\/\\\/www.encontrabelohorizonte.com.br\\\/sobre#listItem\",\"position\":1,\"name\":\"In\\u00edcio\",\"item\":\"https:\\\/\\\/www.encontrabelohorizonte.com.br\\\/sobre\",\"nextItem\":{\"@type\":\"ListItem\",\"@id\":\"https:\\\/\\\/www.encontrabelohorizonte.com.br\\\/sobre\\\/saude\\\/#listItem\",\"name\":\"Sa\\u00fade Belo Horizonte\"}},{\"@type\":\"ListItem\",\"@id\":\"https:\\\/\\\/www.encontrabelohorizonte.com.br\\\/sobre\\\/saude\\\/#listItem\",\"position\":2,\"name\":\"Sa\\u00fade Belo Horizonte\",\"item\":\"https:\\\/\\\/www.encontrabelohorizonte.com.br\\\/sobre\\\/saude\\\/\",\"nextItem\":{\"@type\":\"ListItem\",\"@id\":\"https:\\\/\\\/www.encontrabelohorizonte.com.br\\\/sobre\\\/vacinacao-de-gestantes-reduz-em-57-as-internacoes-de-bebes-por-bronquiolite-em-belo-horizonte\\\/#listItem\",\"name\":\"Vacina\\u00e7\\u00e3o de gestantes reduz em 57% as interna\\u00e7\\u00f5es de beb\\u00eas por bronquiolite em Belo Horizonte\"},\"previousItem\":{\"@type\":\"ListItem\",\"@id\":\"https:\\\/\\\/www.encontrabelohorizonte.com.br\\\/sobre#listItem\",\"name\":\"In\\u00edcio\"}},{\"@type\":\"ListItem\",\"@id\":\"https:\\\/\\\/www.encontrabelohorizonte.com.br\\\/sobre\\\/vacinacao-de-gestantes-reduz-em-57-as-internacoes-de-bebes-por-bronquiolite-em-belo-horizonte\\\/#listItem\",\"position\":3,\"name\":\"Vacina\\u00e7\\u00e3o de gestantes reduz em 57% as interna\\u00e7\\u00f5es de beb\\u00eas por bronquiolite em Belo Horizonte\",\"previousItem\":{\"@type\":\"ListItem\",\"@id\":\"https:\\\/\\\/www.encontrabelohorizonte.com.br\\\/sobre\\\/saude\\\/#listItem\",\"name\":\"Sa\\u00fade Belo Horizonte\"}}]},{\"@type\":\"Organization\",\"@id\":\"https:\\\/\\\/www.encontrabelohorizonte.com.br\\\/sobre\\\/#organization\",\"name\":\"Encontra Belo Horizonte\",\"description\":\"Not\\u00edcias, eventos, informa\\u00e7\\u00f5es e dicas da cidade de Belo Horizonte e regi\\u00e3o\",\"url\":\"https:\\\/\\\/www.encontrabelohorizonte.com.br\\\/sobre\\\/\"},{\"@type\":\"Person\",\"@id\":\"https:\\\/\\\/www.encontrabelohorizonte.com.br\\\/sobre\\\/author\\\/ebelohorizonte\\\/#author\",\"url\":\"https:\\\/\\\/www.encontrabelohorizonte.com.br\\\/sobre\\\/author\\\/ebelohorizonte\\\/\",\"name\":\"Encontra Belo Horizonte\",\"image\":{\"@type\":\"ImageObject\",\"@id\":\"https:\\\/\\\/www.encontrabelohorizonte.com.br\\\/sobre\\\/vacinacao-de-gestantes-reduz-em-57-as-internacoes-de-bebes-por-bronquiolite-em-belo-horizonte\\\/#authorImage\",\"url\":\"https:\\\/\\\/secure.gravatar.com\\\/avatar\\\/507340682b8270222e1f208e23198b6ae7e2c6a1033ae84e99bc6bce4f82a387?s=96&d=mm&r=g\",\"width\":96,\"height\":96,\"caption\":\"Encontra Belo Horizonte\"}},{\"@type\":\"WebPage\",\"@id\":\"https:\\\/\\\/www.encontrabelohorizonte.com.br\\\/sobre\\\/vacinacao-de-gestantes-reduz-em-57-as-internacoes-de-bebes-por-bronquiolite-em-belo-horizonte\\\/#webpage\",\"url\":\"https:\\\/\\\/www.encontrabelohorizonte.com.br\\\/sobre\\\/vacinacao-de-gestantes-reduz-em-57-as-internacoes-de-bebes-por-bronquiolite-em-belo-horizonte\\\/\",\"name\":\"Vacina\\u00e7\\u00e3o de gestantes reduz em 57% as interna\\u00e7\\u00f5es de beb\\u00eas por bronquiolite em Belo Horizonte | Encontra Belo Horizonte\",\"description\":\"Vacina\\u00e7\\u00e3o de gestantes em BH resulta em redu\\u00e7\\u00e3o nas interna\\u00e7\\u00f5es de beb\\u00eas por bronquiolite.\",\"inLanguage\":\"pt-BR\",\"isPartOf\":{\"@id\":\"https:\\\/\\\/www.encontrabelohorizonte.com.br\\\/sobre\\\/#website\"},\"breadcrumb\":{\"@id\":\"https:\\\/\\\/www.encontrabelohorizonte.com.br\\\/sobre\\\/vacinacao-de-gestantes-reduz-em-57-as-internacoes-de-bebes-por-bronquiolite-em-belo-horizonte\\\/#breadcrumblist\"},\"author\":{\"@id\":\"https:\\\/\\\/www.encontrabelohorizonte.com.br\\\/sobre\\\/author\\\/ebelohorizonte\\\/#author\"},\"creator\":{\"@id\":\"https:\\\/\\\/www.encontrabelohorizonte.com.br\\\/sobre\\\/author\\\/ebelohorizonte\\\/#author\"},\"image\":{\"@type\":\"ImageObject\",\"url\":\"https:\\\/\\\/www.encontrabelohorizonte.com.br\\\/sobre\\\/wp-content\\\/uploads\\\/vacinacao-de-gestantes-reduz-em-57-as-internacoes-de-bebes-por-bronquiolite-em-belo-horizonte.webp\",\"@id\":\"https:\\\/\\\/www.encontrabelohorizonte.com.br\\\/sobre\\\/vacinacao-de-gestantes-reduz-em-57-as-internacoes-de-bebes-por-bronquiolite-em-belo-horizonte\\\/#mainImage\",\"width\":280,\"height\":280,\"caption\":\"vacina\\u00e7\\u00e3o de gestantes\"},\"primaryImageOfPage\":{\"@id\":\"https:\\\/\\\/www.encontrabelohorizonte.com.br\\\/sobre\\\/vacinacao-de-gestantes-reduz-em-57-as-internacoes-de-bebes-por-bronquiolite-em-belo-horizonte\\\/#mainImage\"},\"datePublished\":\"2026-08-11T08:12:33-03:00\",\"dateModified\":\"2026-08-11T08:12:33-03:00\"},{\"@type\":\"WebSite\",\"@id\":\"https:\\\/\\\/www.encontrabelohorizonte.com.br\\\/sobre\\\/#website\",\"url\":\"https:\\\/\\\/www.encontrabelohorizonte.com.br\\\/sobre\\\/\",\"name\":\"Encontra Belo Horizonte\",\"description\":\"Not\\u00edcias, eventos, informa\\u00e7\\u00f5es e dicas da cidade de Belo Horizonte e regi\\u00e3o\",\"inLanguage\":\"pt-BR\",\"publisher\":{\"@id\":\"https:\\\/\\\/www.encontrabelohorizonte.com.br\\\/sobre\\\/#organization\"}}]}\n\t\t<\/script>\n\t\t<!-- All in One SEO -->\n\n","aioseo_head_json":{"title":"Vacina\u00e7\u00e3o de gestantes reduz em 57% as interna\u00e7\u00f5es de beb\u00eas por bronquiolite em Belo Horizonte | Encontra Belo Horizonte","description":"Vacina\u00e7\u00e3o de gestantes em BH resulta em redu\u00e7\u00e3o nas interna\u00e7\u00f5es de beb\u00eas por bronquiolite.","canonical_url":"https:\/\/www.encontrabelohorizonte.com.br\/sobre\/vacinacao-de-gestantes-reduz-em-57-as-internacoes-de-bebes-por-bronquiolite-em-belo-horizonte\/","robots":"max-image-preview:large","keywords":"","webmasterTools":{"miscellaneous":""},"schema":{"@context":"https:\/\/schema.org","@graph":[{"@type":"Article","@id":"https:\/\/www.encontrabelohorizonte.com.br\/sobre\/vacinacao-de-gestantes-reduz-em-57-as-internacoes-de-bebes-por-bronquiolite-em-belo-horizonte\/#article","name":"Vacina\u00e7\u00e3o de gestantes reduz em 57% as interna\u00e7\u00f5es de beb\u00eas por bronquiolite em Belo Horizonte | Encontra Belo Horizonte","headline":"Vacina\u00e7\u00e3o de gestantes reduz em 57% as interna\u00e7\u00f5es de beb\u00eas por bronquiolite em Belo Horizonte","author":{"@id":"https:\/\/www.encontrabelohorizonte.com.br\/sobre\/author\/ebelohorizonte\/#author"},"publisher":{"@id":"https:\/\/www.encontrabelohorizonte.com.br\/sobre\/#organization"},"image":{"@type":"ImageObject","url":"https:\/\/www.encontrabelohorizonte.com.br\/sobre\/wp-content\/uploads\/vacinacao-de-gestantes-reduz-em-57-as-internacoes-de-bebes-por-bronquiolite-em-belo-horizonte.webp","width":280,"height":280,"caption":"vacina\u00e7\u00e3o de gestantes"},"datePublished":"2026-08-11T08:12:33-03:00","dateModified":"2026-08-11T08:12:33-03:00","inLanguage":"pt-BR","mainEntityOfPage":{"@id":"https:\/\/www.encontrabelohorizonte.com.br\/sobre\/vacinacao-de-gestantes-reduz-em-57-as-internacoes-de-bebes-por-bronquiolite-em-belo-horizonte\/#webpage"},"isPartOf":{"@id":"https:\/\/www.encontrabelohorizonte.com.br\/sobre\/vacinacao-de-gestantes-reduz-em-57-as-internacoes-de-bebes-por-bronquiolite-em-belo-horizonte\/#webpage"},"articleSection":"Sa\u00fade Belo Horizonte"},{"@type":"BreadcrumbList","@id":"https:\/\/www.encontrabelohorizonte.com.br\/sobre\/vacinacao-de-gestantes-reduz-em-57-as-internacoes-de-bebes-por-bronquiolite-em-belo-horizonte\/#breadcrumblist","itemListElement":[{"@type":"ListItem","@id":"https:\/\/www.encontrabelohorizonte.com.br\/sobre#listItem","position":1,"name":"In\u00edcio","item":"https:\/\/www.encontrabelohorizonte.com.br\/sobre","nextItem":{"@type":"ListItem","@id":"https:\/\/www.encontrabelohorizonte.com.br\/sobre\/saude\/#listItem","name":"Sa\u00fade Belo Horizonte"}},{"@type":"ListItem","@id":"https:\/\/www.encontrabelohorizonte.com.br\/sobre\/saude\/#listItem","position":2,"name":"Sa\u00fade Belo Horizonte","item":"https:\/\/www.encontrabelohorizonte.com.br\/sobre\/saude\/","nextItem":{"@type":"ListItem","@id":"https:\/\/www.encontrabelohorizonte.com.br\/sobre\/vacinacao-de-gestantes-reduz-em-57-as-internacoes-de-bebes-por-bronquiolite-em-belo-horizonte\/#listItem","name":"Vacina\u00e7\u00e3o de gestantes reduz em 57% as interna\u00e7\u00f5es de beb\u00eas por bronquiolite em Belo Horizonte"},"previousItem":{"@type":"ListItem","@id":"https:\/\/www.encontrabelohorizonte.com.br\/sobre#listItem","name":"In\u00edcio"}},{"@type":"ListItem","@id":"https:\/\/www.encontrabelohorizonte.com.br\/sobre\/vacinacao-de-gestantes-reduz-em-57-as-internacoes-de-bebes-por-bronquiolite-em-belo-horizonte\/#listItem","position":3,"name":"Vacina\u00e7\u00e3o de gestantes reduz em 57% as interna\u00e7\u00f5es de beb\u00eas por bronquiolite em Belo Horizonte","previousItem":{"@type":"ListItem","@id":"https:\/\/www.encontrabelohorizonte.com.br\/sobre\/saude\/#listItem","name":"Sa\u00fade Belo Horizonte"}}]},{"@type":"Organization","@id":"https:\/\/www.encontrabelohorizonte.com.br\/sobre\/#organization","name":"Encontra Belo Horizonte","description":"Not\u00edcias, eventos, informa\u00e7\u00f5es e dicas da cidade de Belo Horizonte e regi\u00e3o","url":"https:\/\/www.encontrabelohorizonte.com.br\/sobre\/"},{"@type":"Person","@id":"https:\/\/www.encontrabelohorizonte.com.br\/sobre\/author\/ebelohorizonte\/#author","url":"https:\/\/www.encontrabelohorizonte.com.br\/sobre\/author\/ebelohorizonte\/","name":"Encontra Belo Horizonte","image":{"@type":"ImageObject","@id":"https:\/\/www.encontrabelohorizonte.com.br\/sobre\/vacinacao-de-gestantes-reduz-em-57-as-internacoes-de-bebes-por-bronquiolite-em-belo-horizonte\/#authorImage","url":"https:\/\/secure.gravatar.com\/avatar\/507340682b8270222e1f208e23198b6ae7e2c6a1033ae84e99bc6bce4f82a387?s=96&d=mm&r=g","width":96,"height":96,"caption":"Encontra Belo Horizonte"}},{"@type":"WebPage","@id":"https:\/\/www.encontrabelohorizonte.com.br\/sobre\/vacinacao-de-gestantes-reduz-em-57-as-internacoes-de-bebes-por-bronquiolite-em-belo-horizonte\/#webpage","url":"https:\/\/www.encontrabelohorizonte.com.br\/sobre\/vacinacao-de-gestantes-reduz-em-57-as-internacoes-de-bebes-por-bronquiolite-em-belo-horizonte\/","name":"Vacina\u00e7\u00e3o de gestantes reduz em 57% as interna\u00e7\u00f5es de beb\u00eas por bronquiolite em Belo Horizonte | Encontra Belo Horizonte","description":"Vacina\u00e7\u00e3o de gestantes em BH resulta em redu\u00e7\u00e3o nas interna\u00e7\u00f5es de beb\u00eas por bronquiolite.","inLanguage":"pt-BR","isPartOf":{"@id":"https:\/\/www.encontrabelohorizonte.com.br\/sobre\/#website"},"breadcrumb":{"@id":"https:\/\/www.encontrabelohorizonte.com.br\/sobre\/vacinacao-de-gestantes-reduz-em-57-as-internacoes-de-bebes-por-bronquiolite-em-belo-horizonte\/#breadcrumblist"},"author":{"@id":"https:\/\/www.encontrabelohorizonte.com.br\/sobre\/author\/ebelohorizonte\/#author"},"creator":{"@id":"https:\/\/www.encontrabelohorizonte.com.br\/sobre\/author\/ebelohorizonte\/#author"},"image":{"@type":"ImageObject","url":"https:\/\/www.encontrabelohorizonte.com.br\/sobre\/wp-content\/uploads\/vacinacao-de-gestantes-reduz-em-57-as-internacoes-de-bebes-por-bronquiolite-em-belo-horizonte.webp","@id":"https:\/\/www.encontrabelohorizonte.com.br\/sobre\/vacinacao-de-gestantes-reduz-em-57-as-internacoes-de-bebes-por-bronquiolite-em-belo-horizonte\/#mainImage","width":280,"height":280,"caption":"vacina\u00e7\u00e3o de gestantes"},"primaryImageOfPage":{"@id":"https:\/\/www.encontrabelohorizonte.com.br\/sobre\/vacinacao-de-gestantes-reduz-em-57-as-internacoes-de-bebes-por-bronquiolite-em-belo-horizonte\/#mainImage"},"datePublished":"2026-08-11T08:12:33-03:00","dateModified":"2026-08-11T08:12:33-03:00"},{"@type":"WebSite","@id":"https:\/\/www.encontrabelohorizonte.com.br\/sobre\/#website","url":"https:\/\/www.encontrabelohorizonte.com.br\/sobre\/","name":"Encontra Belo Horizonte","description":"Not\u00edcias, eventos, informa\u00e7\u00f5es e dicas da cidade de Belo Horizonte e regi\u00e3o","inLanguage":"pt-BR","publisher":{"@id":"https:\/\/www.encontrabelohorizonte.com.br\/sobre\/#organization"}}]},"og:locale":"pt_BR","og:site_name":"Encontra Belo Horizonte | Not\u00edcias, eventos, informa\u00e7\u00f5es e dicas da cidade de Belo Horizonte e regi\u00e3o","og:type":"article","og:title":"Vacina\u00e7\u00e3o de gestantes reduz em 57% as interna\u00e7\u00f5es de beb\u00eas por bronquiolite em Belo Horizonte | Encontra Belo Horizonte","og:description":"Vacina\u00e7\u00e3o de gestantes em BH resulta em redu\u00e7\u00e3o nas interna\u00e7\u00f5es de beb\u00eas por bronquiolite.","og:url":"https:\/\/www.encontrabelohorizonte.com.br\/sobre\/vacinacao-de-gestantes-reduz-em-57-as-internacoes-de-bebes-por-bronquiolite-em-belo-horizonte\/","article:published_time":"2026-08-11T11:12:33+00:00","article:modified_time":"2026-08-11T11:12:33+00:00","twitter:card":"summary","twitter:title":"Vacina\u00e7\u00e3o de gestantes reduz em 57% as interna\u00e7\u00f5es de beb\u00eas por bronquiolite em Belo Horizonte | Encontra Belo Horizonte","twitter:description":"Vacina\u00e7\u00e3o de gestantes em BH resulta em redu\u00e7\u00e3o nas interna\u00e7\u00f5es de beb\u00eas por bronquiolite."},"aioseo_meta_data":{"post_id":"4615","title":null,"description":null,"keywords":null,"keyphrases":null,"primary_term":null,"canonical_url":null,"og_title":null,"og_description":null,"og_object_type":"default","og_image_type":"default","og_image_url":null,"og_image_width":null,"og_image_height":null,"og_image_custom_url":null,"og_image_custom_fields":null,"og_video":null,"og_custom_url":null,"og_article_section":null,"og_article_tags":null,"twitter_use_og":false,"twitter_card":"default","twitter_image_type":"default","twitter_image_url":null,"twitter_image_custom_url":null,"twitter_image_custom_fields":null,"twitter_title":null,"twitter_description":null,"schema":{"blockGraphs":[],"customGraphs":[],"default":{"data":{"Article":[],"Course":[],"Dataset":[],"FAQPage":[],"Movie":[],"Person":[],"Product":[],"ProductReview":[],"Car":[],"Recipe":[],"Service":[],"SoftwareApplication":[],"WebPage":[]},"graphName":"Article","isEnabled":true},"graphs":[]},"schema_type":"default","schema_type_options":null,"pillar_content":false,"robots_default":true,"robots_noindex":false,"robots_noarchive":false,"robots_nosnippet":false,"robots_nofollow":false,"robots_noimageindex":false,"robots_noodp":false,"robots_notranslate":false,"robots_max_snippet":null,"robots_max_videopreview":null,"robots_max_imagepreview":"large","priority":null,"frequency":null,"local_seo":null,"breadcrumb_settings":null,"limit_modified_date":false,"ai":null,"created":"2026-08-11 11:12:33","updated":"2026-08-11 11:21:13","focus_keyword":null,"additional_keywords":null,"truseo_locale":null,"seo_analyzer_scan_date":null},"aioseo_breadcrumb":"<div class=\"aioseo-breadcrumbs\"><span class=\"aioseo-breadcrumb\">\n\t\t\t<a href=\"https:\/\/www.encontrabelohorizonte.com.br\/sobre\" title=\"In\u00edcio\">In\u00edcio<\/a>\n\t\t<\/span><span class=\"aioseo-breadcrumb-separator\">&raquo;<\/span><span class=\"aioseo-breadcrumb\">\n\t\t\t<a href=\"https:\/\/www.encontrabelohorizonte.com.br\/sobre\/saude\/\" title=\"Sa\u00fade Belo Horizonte\">Sa\u00fade Belo Horizonte<\/a>\n\t\t<\/span><span class=\"aioseo-breadcrumb-separator\">&raquo;<\/span><span class=\"aioseo-breadcrumb\">\n\t\t\tVacina\u00e7\u00e3o de gestantes reduz em 57% as interna\u00e7\u00f5es de beb\u00eas por bronquiolite em Belo Horizonte\n\t\t<\/span><\/div>","aioseo_breadcrumb_json":[{"label":"In\u00edcio","link":"https:\/\/www.encontrabelohorizonte.com.br\/sobre"},{"label":"Sa\u00fade Belo Horizonte","link":"https:\/\/www.encontrabelohorizonte.com.br\/sobre\/saude\/"},{"label":"Vacina\u00e7\u00e3o de gestantes reduz em 57% as interna\u00e7\u00f5es de beb\u00eas por bronquiolite em Belo Horizonte","link":"https:\/\/www.encontrabelohorizonte.com.br\/sobre\/vacinacao-de-gestantes-reduz-em-57-as-internacoes-de-bebes-por-bronquiolite-em-belo-horizonte\/"}],"_links":{"self":[{"href":"https:\/\/www.encontrabelohorizonte.com.br\/sobre\/wp-json\/wp\/v2\/posts\/4615","targetHints":{"allow":["GET"]}}],"collection":[{"href":"https:\/\/www.encontrabelohorizonte.com.br\/sobre\/wp-json\/wp\/v2\/posts"}],"about":[{"href":"https:\/\/www.encontrabelohorizonte.com.br\/sobre\/wp-json\/wp\/v2\/types\/post"}],"author":[{"embeddable":true,"href":"https:\/\/www.encontrabelohorizonte.com.br\/sobre\/wp-json\/wp\/v2\/users\/1"}],"replies":[{"embeddable":true,"href":"https:\/\/www.encontrabelohorizonte.com.br\/sobre\/wp-json\/wp\/v2\/comments?post=4615"}],"version-history":[{"count":0,"href":"https:\/\/www.encontrabelohorizonte.com.br\/sobre\/wp-json\/wp\/v2\/posts\/4615\/revisions"}],"wp:featuredmedia":[{"embeddable":true,"href":"https:\/\/www.encontrabelohorizonte.com.br\/sobre\/wp-json\/wp\/v2\/media\/4614"}],"wp:attachment":[{"href":"https:\/\/www.encontrabelohorizonte.com.br\/sobre\/wp-json\/wp\/v2\/media?parent=4615"}],"wp:term":[{"taxonomy":"category","embeddable":true,"href":"https:\/\/www.encontrabelohorizonte.com.br\/sobre\/wp-json\/wp\/v2\/categories?post=4615"},{"taxonomy":"post_tag","embeddable":true,"href":"https:\/\/www.encontrabelohorizonte.com.br\/sobre\/wp-json\/wp\/v2\/tags?post=4615"}],"curies":[{"name":"wp","href":"https:\/\/api.w.org\/{rel}","templated":true}]}}