{"id":4649,"date":"2026-08-17T05:46:46","date_gmt":"2026-08-17T08:46:46","guid":{"rendered":"https:\/\/www.encontrabelohorizonte.com.br\/sobre\/lula-e-patrus-lancam-candidaturas-em-ato-marcado-para-21-de-agosto-em-bh\/"},"modified":"2026-08-17T05:46:46","modified_gmt":"2026-08-17T08:46:46","slug":"lula-e-patrus-lancam-candidaturas-em-ato-marcado-para-21-de-agosto-em-bh","status":"publish","type":"post","link":"https:\/\/www.encontrabelohorizonte.com.br\/sobre\/lula-e-patrus-lancam-candidaturas-em-ato-marcado-para-21-de-agosto-em-bh\/","title":{"rendered":"Lula e Patrus lan\u00e7am candidaturas em ato marcado para 21 de agosto em BH"},"content":{"rendered":"<div class=\"2e083cf0b19e2c11948dc6ac054ba979\" data-index=\"1\" style=\"float: none; margin:0px;\">\n<!-- Anuncio display - global -->\r\n<ins class=\"adsbygoogle\"\r\n     style=\"display:block\"\r\n     data-ad-client=\"ca-pub-8585364105181520\"\r\n     data-ad-slot=\"8789329856\"\r\n     data-ad-format=\"auto\"\r\n     data-full-width-responsive=\"true\"><\/ins>\r\n<script>\r\n     (adsbygoogle = window.adsbygoogle || []).push({});\r\n<\/script>\n<\/div>\n<h2>O que Esperar do Lan\u00e7amento das Candidaturas<\/h2>\n<p>O evento programado para a pr\u00f3xima sexta-feira, 21 de agosto, em Belo Horizonte, promete ser um marco significativo para as candidaturas de Luiz In\u00e1cio Lula da Silva e Patrus Ananias. A expectativa \u00e9 que o encontro seja n\u00e3o apenas um ato simb\u00f3lico, mas tamb\u00e9m um momento de grande mobiliza\u00e7\u00e3o pol\u00edtica. Com o objetivo de esclarecer as propostas e programas de governo, a reuni\u00e3o visa engajar militantes e apoiadores.<\/p>\n<h2>A Mobiliza\u00e7\u00e3o dos Militantes e Apoiadores<\/h2>\n<p>A organiza\u00e7\u00e3o do evento destaca a import\u00e2ncia da presen\u00e7a dos militantes, apoiadores e l\u00edderes pol\u00edticos. O ato est\u00e1 sendo planejado como uma oportunidade de uni\u00e3o e mobiliza\u00e7\u00e3o em favor das candidaturas do Partido dos Trabalhadores. A participa\u00e7\u00e3o ativa da base \u00e9 fundamental para criar um clima de entusiasmo e apoio em torno das candidaturas.<\/p>\n<h2>Patrus Ananias e sua Candidatura ao Governo de Minas<\/h2>\n<p>Patrus Ananias, cuja candidatura foi formalmente homologada pelo PT de Minas Gerais em uma conven\u00e7\u00e3o realizada no final de julho, surge como um forte concorrente na corrida pelo governo do estado. Sua trajet\u00f3ria pol\u00edtica, focada em quest\u00f5es sociais e desenvolvimento regional, promete ser um diferencial nesta disputa. Al\u00e9m disso, durante o evento, Mar\u00edlia Campos tamb\u00e9m foi anunciada como candidata ao Senado, refor\u00e7ando os la\u00e7os partid\u00e1rios.<\/p>\n<p><img decoding=\"async\" src=\"https:\/\/www.encontrabelohorizonte.com.br\/sobre\/wp-content\/uploads\/lula-e-patrus-lancam-candidaturas-em-ato-marcado-para-21-de-agosto-em-bh.webp\" alt=\"lan\u00e7amento das candidaturas\" loading=\"lazy\" \/><\/p>\n<h2>A Import\u00e2ncia de Lula na Pol\u00edtica Atual<\/h2>\n<p>Luiz In\u00e1cio Lula da Silva, figura central na pol\u00edtica brasileira, n\u00e3o s\u00f3 traz uma vasta experi\u00eancia, mas tamb\u00e9m uma expectativa alta de apoio popular. A sua candidatura \u00e0 presid\u00eancia \u00e9 considerada crucial em um momento pol\u00edtico conturbado, onde a defesa dos direitos sociais e das liberdades democr\u00e1ticas \u00e9 vital. Sua presen\u00e7a no evento n\u00e3o apenas amplia a visibilidade, mas tamb\u00e9m motiva a milit\u00e2ncia.<\/p>\n<h2>Alian\u00e7as e Estrat\u00e9gias para as Elei\u00e7\u00f5es de 2026<\/h2>\n<p>O PT, ao lado de seus aliados na Federa\u00e7\u00e3o Brasil da Esperan\u00e7a, constitu\u00edda por PCdoB e PV, busca fortalecer suas alian\u00e7as. Este momento de lan\u00e7amento das candidaturas tamb\u00e9m servir\u00e1 para reafirmar compromissos com pautas sociais e econ\u00f4micas que buscam melhorar a vida da popula\u00e7\u00e3o. As estrat\u00e9gias de alian\u00e7as s\u00e3o essenciais para garantir um espectro mais abrangente nas pr\u00f3ximas elei\u00e7\u00f5es.<\/p>\n<h2>A Defensiva da Democracia e Justi\u00e7a Social<\/h2>\n<p>Durante o ato, os temas como democracia, justi\u00e7a social e amplia\u00e7\u00e3o dos direitos ser\u00e3o centrais. Neste contexto, os candidatos pretendem destacar as suas vis\u00f5es e propostas para promover um Brasil mais justo e igualit\u00e1rio. O evento visa galvanizar o apoio de quem acredita na import\u00e2ncia desses valores para a constru\u00e7\u00e3o de um futuro melhor.<\/p>\n<h2>Como Participar do Evento em Belo Horizonte<\/h2>\n<p>Para aqueles que desejam participar do lan\u00e7amento das candidaturas, \u00e9 necess\u00e1rio realizar uma inscri\u00e7\u00e3o pr\u00e9via. A organiza\u00e7\u00e3o est\u00e1 incentivando os interessados a se mobilizarem e a registarem-se no site Mobiliza Brasil, onde todos os detalhes do evento est\u00e3o dispon\u00edveis.<\/p>\n<h2>Detalhes sobre o Local e Hor\u00e1rio do Ato<\/h2>\n<p>O lan\u00e7amento est\u00e1 marcado para \u00e0s 17h, em Belo Horizonte, com o local exato sendo disponibilizado apenas para os participantes que se inscreverem. Essa abordagem garante um controle sobre a expectativa de p\u00fablico e a seguran\u00e7a do evento.<\/p>\n<h2>Impacto do Evento nas Elei\u00e7\u00f5es em Minas Gerais<\/h2>\n<p>O ato de lan\u00e7amento \u00e9 visto como um passo crucial para o fortalecimento das candidaturas de Lula e Patrus nas elei\u00e7\u00f5es de 2026. A mobiliza\u00e7\u00e3o das bases e a forma\u00e7\u00e3o de redes de apoio s\u00e3o estrat\u00e9gias fundamentais que podem impactar diretamente nos resultados eleitorais. O evento ser\u00e1 uma oportunidade para reafirmar compromissos e engajar a milit\u00e2ncia em uma proposta de mudan\u00e7a.<\/p>\n<h2>Inscri\u00e7\u00f5es e Informa\u00e7\u00f5es Adicionais<\/h2>\n<p>As inscri\u00e7\u00f5es s\u00e3o feitas pelo portal Mobiliza Brasil e s\u00e3o essenciais para aqueles que desejam fazer parte deste momento hist\u00f3rico. \u00c9 uma chance de participar ativamente da pol\u00edtica local e nacional e de se conectar com outros apoiadores. A organiza\u00e7\u00e3o est\u00e1 empenhada em garantir que todos os detalhes sejam comunicados de maneira clara e acess\u00edvel para os participantes.<\/p>\n<p><strong>Servi\u00e7o<\/strong>  <\/p>\n<ul>\n<li><strong>Evento:<\/strong> Lan\u00e7amento Lula Presidente e Patrus Governador<\/li>\n<li><strong>Data:<\/strong> 21 de agosto<\/li>\n<li><strong>Hor\u00e1rio:<\/strong> 17h<\/li>\n<li><strong>Local:<\/strong> Belo Horizonte (a ser definido)<\/li>\n<li><strong>Inscri\u00e7\u00f5es:<\/strong> <a href=\"http:\/\/mobilizabr.com\/lula\/lancamento_lula\/\">mobilizabr.com\/lula\/lancamento_lula\/<\/a><\/li>\n<\/ul>\n\n<div style=\"font-size: 0px; height: 0px; line-height: 0px; margin: 0; padding: 0; clear: both;\"><\/div>","protected":false},"excerpt":{"rendered":"<p>Lula e Patrus v\u00e3o lan\u00e7ar suas candidaturas em BH. Saiba tudo sobre esse evento!<\/p>\n","protected":false},"author":1,"featured_media":4648,"comment_status":"closed","ping_status":"closed","sticky":false,"template":"","format":"standard","meta":{"footnotes":""},"categories":[6],"tags":[],"class_list":["post-4649","post","type-post","status-publish","format-standard","has-post-thumbnail","hentry","category-noticias","has_thumb"],"aioseo_notices":[],"aioseo_head":"\n\t\t<!-- All in One SEO 5.0.0.1 - aioseo.com -->\n\t<meta name=\"description\" content=\"Lula e Patrus v\u00e3o lan\u00e7ar suas candidaturas em BH. Saiba tudo sobre esse evento!\" \/>\n\t<meta name=\"robots\" content=\"max-image-preview:large\" \/>\n\t<meta name=\"author\" content=\"Encontra Belo Horizonte\"\/>\n\t<link rel=\"canonical\" href=\"https:\/\/www.encontrabelohorizonte.com.br\/sobre\/lula-e-patrus-lancam-candidaturas-em-ato-marcado-para-21-de-agosto-em-bh\/\" \/>\n\t<meta name=\"generator\" content=\"All in One SEO (AIOSEO) 5.0.0.1\" \/>\n\t\t<meta property=\"og:locale\" content=\"pt_BR\" \/>\n\t\t<meta property=\"og:site_name\" content=\"Encontra Belo Horizonte | Not\u00edcias, eventos, informa\u00e7\u00f5es e dicas da cidade de Belo Horizonte e regi\u00e3o\" \/>\n\t\t<meta property=\"og:type\" content=\"article\" \/>\n\t\t<meta property=\"og:title\" content=\"Lula e Patrus lan\u00e7am candidaturas em ato marcado para 21 de agosto em BH | Encontra Belo Horizonte\" \/>\n\t\t<meta property=\"og:description\" content=\"Lula e Patrus v\u00e3o lan\u00e7ar suas candidaturas em BH. Saiba tudo sobre esse evento!\" \/>\n\t\t<meta property=\"og:url\" content=\"https:\/\/www.encontrabelohorizonte.com.br\/sobre\/lula-e-patrus-lancam-candidaturas-em-ato-marcado-para-21-de-agosto-em-bh\/\" \/>\n\t\t<meta property=\"article:published_time\" content=\"2026-08-17T08:46:46+00:00\" \/>\n\t\t<meta property=\"article:modified_time\" content=\"2026-08-17T08:46:46+00:00\" \/>\n\t\t<meta name=\"twitter:card\" content=\"summary\" \/>\n\t\t<meta name=\"twitter:title\" content=\"Lula e Patrus lan\u00e7am candidaturas em ato marcado para 21 de agosto em BH | Encontra Belo Horizonte\" \/>\n\t\t<meta name=\"twitter:description\" content=\"Lula e Patrus v\u00e3o lan\u00e7ar suas candidaturas em BH. Saiba tudo sobre esse evento!\" \/>\n\t\t<script type=\"application\/ld+json\" class=\"aioseo-schema\">\n\t\t\t{\"@context\":\"https:\\\/\\\/schema.org\",\"@graph\":[{\"@type\":\"Article\",\"@id\":\"https:\\\/\\\/www.encontrabelohorizonte.com.br\\\/sobre\\\/lula-e-patrus-lancam-candidaturas-em-ato-marcado-para-21-de-agosto-em-bh\\\/#article\",\"name\":\"Lula e Patrus lan\\u00e7am candidaturas em ato marcado para 21 de agosto em BH | Encontra Belo Horizonte\",\"headline\":\"Lula e Patrus lan\\u00e7am candidaturas em ato marcado para 21 de agosto em BH\",\"author\":{\"@id\":\"https:\\\/\\\/www.encontrabelohorizonte.com.br\\\/sobre\\\/author\\\/ebelohorizonte\\\/#author\"},\"publisher\":{\"@id\":\"https:\\\/\\\/www.encontrabelohorizonte.com.br\\\/sobre\\\/#organization\"},\"image\":{\"@type\":\"ImageObject\",\"url\":\"https:\\\/\\\/www.encontrabelohorizonte.com.br\\\/sobre\\\/wp-content\\\/uploads\\\/lula-e-patrus-lancam-candidaturas-em-ato-marcado-para-21-de-agosto-em-bh.webp\",\"width\":280,\"height\":280,\"caption\":\"lan\\u00e7amento das candidaturas\"},\"datePublished\":\"2026-08-17T05:46:46-03:00\",\"dateModified\":\"2026-08-17T05:46:46-03:00\",\"inLanguage\":\"pt-BR\",\"mainEntityOfPage\":{\"@id\":\"https:\\\/\\\/www.encontrabelohorizonte.com.br\\\/sobre\\\/lula-e-patrus-lancam-candidaturas-em-ato-marcado-para-21-de-agosto-em-bh\\\/#webpage\"},\"isPartOf\":{\"@id\":\"https:\\\/\\\/www.encontrabelohorizonte.com.br\\\/sobre\\\/lula-e-patrus-lancam-candidaturas-em-ato-marcado-para-21-de-agosto-em-bh\\\/#webpage\"},\"articleSection\":\"Not\\u00edcias Belo Horizonte\"},{\"@type\":\"BreadcrumbList\",\"@id\":\"https:\\\/\\\/www.encontrabelohorizonte.com.br\\\/sobre\\\/lula-e-patrus-lancam-candidaturas-em-ato-marcado-para-21-de-agosto-em-bh\\\/#breadcrumblist\",\"itemListElement\":[{\"@type\":\"ListItem\",\"@id\":\"https:\\\/\\\/www.encontrabelohorizonte.com.br\\\/sobre#listItem\",\"position\":1,\"name\":\"In\\u00edcio\",\"item\":\"https:\\\/\\\/www.encontrabelohorizonte.com.br\\\/sobre\",\"nextItem\":{\"@type\":\"ListItem\",\"@id\":\"https:\\\/\\\/www.encontrabelohorizonte.com.br\\\/sobre\\\/noticias\\\/#listItem\",\"name\":\"Not\\u00edcias Belo Horizonte\"}},{\"@type\":\"ListItem\",\"@id\":\"https:\\\/\\\/www.encontrabelohorizonte.com.br\\\/sobre\\\/noticias\\\/#listItem\",\"position\":2,\"name\":\"Not\\u00edcias Belo Horizonte\",\"item\":\"https:\\\/\\\/www.encontrabelohorizonte.com.br\\\/sobre\\\/noticias\\\/\",\"nextItem\":{\"@type\":\"ListItem\",\"@id\":\"https:\\\/\\\/www.encontrabelohorizonte.com.br\\\/sobre\\\/lula-e-patrus-lancam-candidaturas-em-ato-marcado-para-21-de-agosto-em-bh\\\/#listItem\",\"name\":\"Lula e Patrus lan\\u00e7am candidaturas em ato marcado para 21 de agosto em BH\"},\"previousItem\":{\"@type\":\"ListItem\",\"@id\":\"https:\\\/\\\/www.encontrabelohorizonte.com.br\\\/sobre#listItem\",\"name\":\"In\\u00edcio\"}},{\"@type\":\"ListItem\",\"@id\":\"https:\\\/\\\/www.encontrabelohorizonte.com.br\\\/sobre\\\/lula-e-patrus-lancam-candidaturas-em-ato-marcado-para-21-de-agosto-em-bh\\\/#listItem\",\"position\":3,\"name\":\"Lula e Patrus lan\\u00e7am candidaturas em ato marcado para 21 de agosto em BH\",\"previousItem\":{\"@type\":\"ListItem\",\"@id\":\"https:\\\/\\\/www.encontrabelohorizonte.com.br\\\/sobre\\\/noticias\\\/#listItem\",\"name\":\"Not\\u00edcias Belo Horizonte\"}}]},{\"@type\":\"Organization\",\"@id\":\"https:\\\/\\\/www.encontrabelohorizonte.com.br\\\/sobre\\\/#organization\",\"name\":\"Encontra Belo Horizonte\",\"description\":\"Not\\u00edcias, eventos, informa\\u00e7\\u00f5es e dicas da cidade de Belo Horizonte e regi\\u00e3o\",\"url\":\"https:\\\/\\\/www.encontrabelohorizonte.com.br\\\/sobre\\\/\"},{\"@type\":\"Person\",\"@id\":\"https:\\\/\\\/www.encontrabelohorizonte.com.br\\\/sobre\\\/author\\\/ebelohorizonte\\\/#author\",\"url\":\"https:\\\/\\\/www.encontrabelohorizonte.com.br\\\/sobre\\\/author\\\/ebelohorizonte\\\/\",\"name\":\"Encontra Belo Horizonte\",\"image\":{\"@type\":\"ImageObject\",\"@id\":\"https:\\\/\\\/www.encontrabelohorizonte.com.br\\\/sobre\\\/lula-e-patrus-lancam-candidaturas-em-ato-marcado-para-21-de-agosto-em-bh\\\/#authorImage\",\"url\":\"https:\\\/\\\/secure.gravatar.com\\\/avatar\\\/507340682b8270222e1f208e23198b6ae7e2c6a1033ae84e99bc6bce4f82a387?s=96&d=mm&r=g\",\"width\":96,\"height\":96,\"caption\":\"Encontra Belo Horizonte\"}},{\"@type\":\"WebPage\",\"@id\":\"https:\\\/\\\/www.encontrabelohorizonte.com.br\\\/sobre\\\/lula-e-patrus-lancam-candidaturas-em-ato-marcado-para-21-de-agosto-em-bh\\\/#webpage\",\"url\":\"https:\\\/\\\/www.encontrabelohorizonte.com.br\\\/sobre\\\/lula-e-patrus-lancam-candidaturas-em-ato-marcado-para-21-de-agosto-em-bh\\\/\",\"name\":\"Lula e Patrus lan\\u00e7am candidaturas em ato marcado para 21 de agosto em BH | Encontra Belo Horizonte\",\"description\":\"Lula e Patrus v\\u00e3o lan\\u00e7ar suas candidaturas em BH. Saiba tudo sobre esse evento!\",\"inLanguage\":\"pt-BR\",\"isPartOf\":{\"@id\":\"https:\\\/\\\/www.encontrabelohorizonte.com.br\\\/sobre\\\/#website\"},\"breadcrumb\":{\"@id\":\"https:\\\/\\\/www.encontrabelohorizonte.com.br\\\/sobre\\\/lula-e-patrus-lancam-candidaturas-em-ato-marcado-para-21-de-agosto-em-bh\\\/#breadcrumblist\"},\"author\":{\"@id\":\"https:\\\/\\\/www.encontrabelohorizonte.com.br\\\/sobre\\\/author\\\/ebelohorizonte\\\/#author\"},\"creator\":{\"@id\":\"https:\\\/\\\/www.encontrabelohorizonte.com.br\\\/sobre\\\/author\\\/ebelohorizonte\\\/#author\"},\"image\":{\"@type\":\"ImageObject\",\"url\":\"https:\\\/\\\/www.encontrabelohorizonte.com.br\\\/sobre\\\/wp-content\\\/uploads\\\/lula-e-patrus-lancam-candidaturas-em-ato-marcado-para-21-de-agosto-em-bh.webp\",\"@id\":\"https:\\\/\\\/www.encontrabelohorizonte.com.br\\\/sobre\\\/lula-e-patrus-lancam-candidaturas-em-ato-marcado-para-21-de-agosto-em-bh\\\/#mainImage\",\"width\":280,\"height\":280,\"caption\":\"lan\\u00e7amento das candidaturas\"},\"primaryImageOfPage\":{\"@id\":\"https:\\\/\\\/www.encontrabelohorizonte.com.br\\\/sobre\\\/lula-e-patrus-lancam-candidaturas-em-ato-marcado-para-21-de-agosto-em-bh\\\/#mainImage\"},\"datePublished\":\"2026-08-17T05:46:46-03:00\",\"dateModified\":\"2026-08-17T05:46:46-03:00\"},{\"@type\":\"WebSite\",\"@id\":\"https:\\\/\\\/www.encontrabelohorizonte.com.br\\\/sobre\\\/#website\",\"url\":\"https:\\\/\\\/www.encontrabelohorizonte.com.br\\\/sobre\\\/\",\"name\":\"Encontra Belo Horizonte\",\"description\":\"Not\\u00edcias, eventos, informa\\u00e7\\u00f5es e dicas da cidade de Belo Horizonte e regi\\u00e3o\",\"inLanguage\":\"pt-BR\",\"publisher\":{\"@id\":\"https:\\\/\\\/www.encontrabelohorizonte.com.br\\\/sobre\\\/#organization\"}}]}\n\t\t<\/script>\n\t\t<!-- All in One SEO -->\n\n","aioseo_head_json":{"title":"Lula e Patrus lan\u00e7am candidaturas em ato marcado para 21 de agosto em BH | Encontra Belo Horizonte","description":"Lula e Patrus v\u00e3o lan\u00e7ar suas candidaturas em BH. Saiba tudo sobre esse evento!","canonical_url":"https:\/\/www.encontrabelohorizonte.com.br\/sobre\/lula-e-patrus-lancam-candidaturas-em-ato-marcado-para-21-de-agosto-em-bh\/","robots":"max-image-preview:large","keywords":"","webmasterTools":{"miscellaneous":""},"schema":{"@context":"https:\/\/schema.org","@graph":[{"@type":"Article","@id":"https:\/\/www.encontrabelohorizonte.com.br\/sobre\/lula-e-patrus-lancam-candidaturas-em-ato-marcado-para-21-de-agosto-em-bh\/#article","name":"Lula e Patrus lan\u00e7am candidaturas em ato marcado para 21 de agosto em BH | Encontra Belo Horizonte","headline":"Lula e Patrus lan\u00e7am candidaturas em ato marcado para 21 de agosto em BH","author":{"@id":"https:\/\/www.encontrabelohorizonte.com.br\/sobre\/author\/ebelohorizonte\/#author"},"publisher":{"@id":"https:\/\/www.encontrabelohorizonte.com.br\/sobre\/#organization"},"image":{"@type":"ImageObject","url":"https:\/\/www.encontrabelohorizonte.com.br\/sobre\/wp-content\/uploads\/lula-e-patrus-lancam-candidaturas-em-ato-marcado-para-21-de-agosto-em-bh.webp","width":280,"height":280,"caption":"lan\u00e7amento das candidaturas"},"datePublished":"2026-08-17T05:46:46-03:00","dateModified":"2026-08-17T05:46:46-03:00","inLanguage":"pt-BR","mainEntityOfPage":{"@id":"https:\/\/www.encontrabelohorizonte.com.br\/sobre\/lula-e-patrus-lancam-candidaturas-em-ato-marcado-para-21-de-agosto-em-bh\/#webpage"},"isPartOf":{"@id":"https:\/\/www.encontrabelohorizonte.com.br\/sobre\/lula-e-patrus-lancam-candidaturas-em-ato-marcado-para-21-de-agosto-em-bh\/#webpage"},"articleSection":"Not\u00edcias Belo Horizonte"},{"@type":"BreadcrumbList","@id":"https:\/\/www.encontrabelohorizonte.com.br\/sobre\/lula-e-patrus-lancam-candidaturas-em-ato-marcado-para-21-de-agosto-em-bh\/#breadcrumblist","itemListElement":[{"@type":"ListItem","@id":"https:\/\/www.encontrabelohorizonte.com.br\/sobre#listItem","position":1,"name":"In\u00edcio","item":"https:\/\/www.encontrabelohorizonte.com.br\/sobre","nextItem":{"@type":"ListItem","@id":"https:\/\/www.encontrabelohorizonte.com.br\/sobre\/noticias\/#listItem","name":"Not\u00edcias Belo Horizonte"}},{"@type":"ListItem","@id":"https:\/\/www.encontrabelohorizonte.com.br\/sobre\/noticias\/#listItem","position":2,"name":"Not\u00edcias Belo Horizonte","item":"https:\/\/www.encontrabelohorizonte.com.br\/sobre\/noticias\/","nextItem":{"@type":"ListItem","@id":"https:\/\/www.encontrabelohorizonte.com.br\/sobre\/lula-e-patrus-lancam-candidaturas-em-ato-marcado-para-21-de-agosto-em-bh\/#listItem","name":"Lula e Patrus lan\u00e7am candidaturas em ato marcado para 21 de agosto em BH"},"previousItem":{"@type":"ListItem","@id":"https:\/\/www.encontrabelohorizonte.com.br\/sobre#listItem","name":"In\u00edcio"}},{"@type":"ListItem","@id":"https:\/\/www.encontrabelohorizonte.com.br\/sobre\/lula-e-patrus-lancam-candidaturas-em-ato-marcado-para-21-de-agosto-em-bh\/#listItem","position":3,"name":"Lula e Patrus lan\u00e7am candidaturas em ato marcado para 21 de agosto em BH","previousItem":{"@type":"ListItem","@id":"https:\/\/www.encontrabelohorizonte.com.br\/sobre\/noticias\/#listItem","name":"Not\u00edcias Belo Horizonte"}}]},{"@type":"Organization","@id":"https:\/\/www.encontrabelohorizonte.com.br\/sobre\/#organization","name":"Encontra Belo Horizonte","description":"Not\u00edcias, eventos, informa\u00e7\u00f5es e dicas da cidade de Belo Horizonte e regi\u00e3o","url":"https:\/\/www.encontrabelohorizonte.com.br\/sobre\/"},{"@type":"Person","@id":"https:\/\/www.encontrabelohorizonte.com.br\/sobre\/author\/ebelohorizonte\/#author","url":"https:\/\/www.encontrabelohorizonte.com.br\/sobre\/author\/ebelohorizonte\/","name":"Encontra Belo Horizonte","image":{"@type":"ImageObject","@id":"https:\/\/www.encontrabelohorizonte.com.br\/sobre\/lula-e-patrus-lancam-candidaturas-em-ato-marcado-para-21-de-agosto-em-bh\/#authorImage","url":"https:\/\/secure.gravatar.com\/avatar\/507340682b8270222e1f208e23198b6ae7e2c6a1033ae84e99bc6bce4f82a387?s=96&d=mm&r=g","width":96,"height":96,"caption":"Encontra Belo Horizonte"}},{"@type":"WebPage","@id":"https:\/\/www.encontrabelohorizonte.com.br\/sobre\/lula-e-patrus-lancam-candidaturas-em-ato-marcado-para-21-de-agosto-em-bh\/#webpage","url":"https:\/\/www.encontrabelohorizonte.com.br\/sobre\/lula-e-patrus-lancam-candidaturas-em-ato-marcado-para-21-de-agosto-em-bh\/","name":"Lula e Patrus lan\u00e7am candidaturas em ato marcado para 21 de agosto em BH | Encontra Belo Horizonte","description":"Lula e Patrus v\u00e3o lan\u00e7ar suas candidaturas em BH. Saiba tudo sobre esse evento!","inLanguage":"pt-BR","isPartOf":{"@id":"https:\/\/www.encontrabelohorizonte.com.br\/sobre\/#website"},"breadcrumb":{"@id":"https:\/\/www.encontrabelohorizonte.com.br\/sobre\/lula-e-patrus-lancam-candidaturas-em-ato-marcado-para-21-de-agosto-em-bh\/#breadcrumblist"},"author":{"@id":"https:\/\/www.encontrabelohorizonte.com.br\/sobre\/author\/ebelohorizonte\/#author"},"creator":{"@id":"https:\/\/www.encontrabelohorizonte.com.br\/sobre\/author\/ebelohorizonte\/#author"},"image":{"@type":"ImageObject","url":"https:\/\/www.encontrabelohorizonte.com.br\/sobre\/wp-content\/uploads\/lula-e-patrus-lancam-candidaturas-em-ato-marcado-para-21-de-agosto-em-bh.webp","@id":"https:\/\/www.encontrabelohorizonte.com.br\/sobre\/lula-e-patrus-lancam-candidaturas-em-ato-marcado-para-21-de-agosto-em-bh\/#mainImage","width":280,"height":280,"caption":"lan\u00e7amento das candidaturas"},"primaryImageOfPage":{"@id":"https:\/\/www.encontrabelohorizonte.com.br\/sobre\/lula-e-patrus-lancam-candidaturas-em-ato-marcado-para-21-de-agosto-em-bh\/#mainImage"},"datePublished":"2026-08-17T05:46:46-03:00","dateModified":"2026-08-17T05:46:46-03:00"},{"@type":"WebSite","@id":"https:\/\/www.encontrabelohorizonte.com.br\/sobre\/#website","url":"https:\/\/www.encontrabelohorizonte.com.br\/sobre\/","name":"Encontra Belo Horizonte","description":"Not\u00edcias, eventos, informa\u00e7\u00f5es e dicas da cidade de Belo Horizonte e regi\u00e3o","inLanguage":"pt-BR","publisher":{"@id":"https:\/\/www.encontrabelohorizonte.com.br\/sobre\/#organization"}}]},"og:locale":"pt_BR","og:site_name":"Encontra Belo Horizonte | Not\u00edcias, eventos, informa\u00e7\u00f5es e dicas da cidade de Belo Horizonte e regi\u00e3o","og:type":"article","og:title":"Lula e Patrus lan\u00e7am candidaturas em ato marcado para 21 de agosto em BH | Encontra Belo Horizonte","og:description":"Lula e Patrus v\u00e3o lan\u00e7ar suas candidaturas em BH. Saiba tudo sobre esse evento!","og:url":"https:\/\/www.encontrabelohorizonte.com.br\/sobre\/lula-e-patrus-lancam-candidaturas-em-ato-marcado-para-21-de-agosto-em-bh\/","article:published_time":"2026-08-17T08:46:46+00:00","article:modified_time":"2026-08-17T08:46:46+00:00","twitter:card":"summary","twitter:title":"Lula e Patrus lan\u00e7am candidaturas em ato marcado para 21 de agosto em BH | Encontra Belo Horizonte","twitter:description":"Lula e Patrus v\u00e3o lan\u00e7ar suas candidaturas em BH. Saiba tudo sobre esse evento!"},"aioseo_meta_data":{"post_id":"4649","title":null,"description":null,"keywords":null,"keyphrases":null,"primary_term":null,"canonical_url":null,"og_title":null,"og_description":null,"og_object_type":"default","og_image_type":"default","og_image_url":null,"og_image_width":null,"og_image_height":null,"og_image_custom_url":null,"og_image_custom_fields":null,"og_video":null,"og_custom_url":null,"og_article_section":null,"og_article_tags":null,"twitter_use_og":false,"twitter_card":"default","twitter_image_type":"default","twitter_image_url":null,"twitter_image_custom_url":null,"twitter_image_custom_fields":null,"twitter_title":null,"twitter_description":null,"schema":{"blockGraphs":[],"customGraphs":[],"default":{"data":{"Article":[],"Course":[],"Dataset":[],"FAQPage":[],"Movie":[],"Person":[],"Product":[],"ProductReview":[],"Car":[],"Recipe":[],"Service":[],"SoftwareApplication":[],"WebPage":[]},"graphName":"Article","isEnabled":true},"graphs":[]},"schema_type":"default","schema_type_options":null,"pillar_content":false,"robots_default":true,"robots_noindex":false,"robots_noarchive":false,"robots_nosnippet":false,"robots_nofollow":false,"robots_noimageindex":false,"robots_noodp":false,"robots_notranslate":false,"robots_max_snippet":null,"robots_max_videopreview":null,"robots_max_imagepreview":"large","priority":null,"frequency":null,"local_seo":null,"breadcrumb_settings":null,"limit_modified_date":false,"ai":null,"created":"2026-08-17 08:46:46","updated":"2026-08-17 09:10:29","focus_keyword":null,"additional_keywords":null,"truseo_locale":null,"seo_analyzer_scan_date":null},"aioseo_breadcrumb":"<div class=\"aioseo-breadcrumbs\"><span class=\"aioseo-breadcrumb\">\n\t\t\t<a href=\"https:\/\/www.encontrabelohorizonte.com.br\/sobre\" title=\"In\u00edcio\">In\u00edcio<\/a>\n\t\t<\/span><span class=\"aioseo-breadcrumb-separator\">&raquo;<\/span><span class=\"aioseo-breadcrumb\">\n\t\t\t<a href=\"https:\/\/www.encontrabelohorizonte.com.br\/sobre\/noticias\/\" title=\"Not\u00edcias Belo Horizonte\">Not\u00edcias Belo Horizonte<\/a>\n\t\t<\/span><span class=\"aioseo-breadcrumb-separator\">&raquo;<\/span><span class=\"aioseo-breadcrumb\">\n\t\t\tLula e Patrus lan\u00e7am candidaturas em ato marcado para 21 de agosto em BH\n\t\t<\/span><\/div>","aioseo_breadcrumb_json":[{"label":"In\u00edcio","link":"https:\/\/www.encontrabelohorizonte.com.br\/sobre"},{"label":"Not\u00edcias Belo Horizonte","link":"https:\/\/www.encontrabelohorizonte.com.br\/sobre\/noticias\/"},{"label":"Lula e Patrus lan\u00e7am candidaturas em ato marcado para 21 de agosto em BH","link":"https:\/\/www.encontrabelohorizonte.com.br\/sobre\/lula-e-patrus-lancam-candidaturas-em-ato-marcado-para-21-de-agosto-em-bh\/"}],"_links":{"self":[{"href":"https:\/\/www.encontrabelohorizonte.com.br\/sobre\/wp-json\/wp\/v2\/posts\/4649","targetHints":{"allow":["GET"]}}],"collection":[{"href":"https:\/\/www.encontrabelohorizonte.com.br\/sobre\/wp-json\/wp\/v2\/posts"}],"about":[{"href":"https:\/\/www.encontrabelohorizonte.com.br\/sobre\/wp-json\/wp\/v2\/types\/post"}],"author":[{"embeddable":true,"href":"https:\/\/www.encontrabelohorizonte.com.br\/sobre\/wp-json\/wp\/v2\/users\/1"}],"replies":[{"embeddable":true,"href":"https:\/\/www.encontrabelohorizonte.com.br\/sobre\/wp-json\/wp\/v2\/comments?post=4649"}],"version-history":[{"count":0,"href":"https:\/\/www.encontrabelohorizonte.com.br\/sobre\/wp-json\/wp\/v2\/posts\/4649\/revisions"}],"wp:featuredmedia":[{"embeddable":true,"href":"https:\/\/www.encontrabelohorizonte.com.br\/sobre\/wp-json\/wp\/v2\/media\/4648"}],"wp:attachment":[{"href":"https:\/\/www.encontrabelohorizonte.com.br\/sobre\/wp-json\/wp\/v2\/media?parent=4649"}],"wp:term":[{"taxonomy":"category","embeddable":true,"href":"https:\/\/www.encontrabelohorizonte.com.br\/sobre\/wp-json\/wp\/v2\/categories?post=4649"},{"taxonomy":"post_tag","embeddable":true,"href":"https:\/\/www.encontrabelohorizonte.com.br\/sobre\/wp-json\/wp\/v2\/tags?post=4649"}],"curies":[{"name":"wp","href":"https:\/\/api.w.org\/{rel}","templated":true}]}}