{"id":4653,"date":"2026-08-17T05:48:56","date_gmt":"2026-08-17T08:48:56","guid":{"rendered":"https:\/\/www.encontrabelohorizonte.com.br\/sobre\/provincial-visita-a-comunidade-sao-francisco-xavier-em-belo-horizonte\/"},"modified":"2026-08-17T05:48:56","modified_gmt":"2026-08-17T08:48:56","slug":"provincial-visita-a-comunidade-sao-francisco-xavier-em-belo-horizonte","status":"publish","type":"post","link":"https:\/\/www.encontrabelohorizonte.com.br\/sobre\/provincial-visita-a-comunidade-sao-francisco-xavier-em-belo-horizonte\/","title":{"rendered":"Provincial visita a Comunidade S\u00e3o Francisco Xavier, em Belo Horizonte"},"content":{"rendered":"<div class=\"2e083cf0b19e2c11948dc6ac054ba979\" data-index=\"1\" style=\"float: none; margin:0px;\">\n<!-- Anuncio display - global -->\r\n<ins class=\"adsbygoogle\"\r\n     style=\"display:block\"\r\n     data-ad-client=\"ca-pub-8585364105181520\"\r\n     data-ad-slot=\"8789329856\"\r\n     data-ad-format=\"auto\"\r\n     data-full-width-responsive=\"true\"><\/ins>\r\n<script>\r\n     (adsbygoogle = window.adsbygoogle || []).push({});\r\n<\/script>\n<\/div>\n<h2>Inten\u00e7\u00f5es da Visita do Provincial<\/h2>\n<p>Entre os dias 04 e 08 de agosto, o Pe. Francys Silvestrini Ad\u00e3o, provincial dos jesu\u00edtas no Brasil, realizou uma visita \u00e0 Comunidade S\u00e3o Francisco Xavier, localizada em Belo Horizonte, Minas Gerais. Esta visita teve como principal objetivo promover di\u00e1logos construtivos com os estudantes que est\u00e3o em processo de discernimento acerca de suas voca\u00e7\u00f5es, especialmente voltadas para o magist\u00e9rio. A intera\u00e7\u00e3o entre o provincial e os membros da comunidade busca fortalecer os la\u00e7os de entendimento e apoio m\u00fatuo entre os jesu\u00edtas.<\/p>\n<h2>Di\u00e1logo entre Estudantes e o Provincial<\/h2>\n<p>Durante sua estadia, o provincial visitou as v\u00e1rias resid\u00eancias que fazem parte da Comunidade S\u00e3o Francisco Xavier, proporcionando momentos valiosos de troca de experi\u00eancias. O di\u00e1logo aberto com os jesu\u00edtas em forma\u00e7\u00e3o permitiu que eles compartilhassem suas expectativas, desafios e reflex\u00f5es sobre o caminho que escolheram. Este aspecto da visita foi fundamental, pois promoveu um espa\u00e7o onde os estudantes puderam expressar suas inquieta\u00e7\u00f5es e obter orienta\u00e7\u00f5es sobre sua trajet\u00f3ria formativa.<\/p>\n<h2>Minist\u00e9rios de Leitor e Ac\u00f3lito<\/h2>\n<p>No dia 05 de agosto, ocorreu uma celebra\u00e7\u00e3o eucar\u00edstica onde os jesu\u00edtas em forma\u00e7\u00e3o: C\u00e9sar J\u00fanior, Cosme Herculano, Francisco Quian, Guilherme Gutierrez, Henrique Nunes Oliveira, Jorge Berli, Matheus Aguiar, Maynard Masauso, e Precious Kambewa, receberam os minist\u00e9rios de leitor e ac\u00f3lito. Este momento foi conduzido pelo provincial, que destacou a import\u00e2ncia desses minist\u00e9rios no servi\u00e7o \u00e0 comunidade e no fortalecimento da espiritualidade dos futuros jesu\u00edtas.<\/p>\n<p><img decoding=\"async\" src=\"https:\/\/www.encontrabelohorizonte.com.br\/sobre\/wp-content\/uploads\/provincial-visita-a-comunidade-sao-francisco-xavier-em-belo-horizonte.webp\" alt=\"visita do provincial \u00e0 comunidade S\u00e3o Francisco Xavier\" loading=\"lazy\" \/><\/p>\n<h2>Experi\u00eancias Compartilhadas<\/h2>\n<p>Em uma das reuni\u00f5es realizadas com os formandos e formadores, no dia 08, Pe. Francys teve a oportunidade de compartilhar suas pr\u00f3prias experi\u00eancias e perspectivas sobre a vida religiosa e as responsabilidades de um jesu\u00edta. Ele enfatizou a relev\u00e2ncia do compromisso e da dedica\u00e7\u00e3o no processo de forma\u00e7\u00e3o, al\u00e9m de responder \u00e0s d\u00favidas que surgiram entre os estudantes, muitos dos quais se mostraram especialmente interessados nas reflex\u00f5es que foram apresentadas desde o \u00faltimo Encontro da Prov\u00edncia.<\/p>\n<h2>A Resposta dos Estudantes<\/h2>\n<p>A recep\u00e7\u00e3o por parte dos estudantes foi calorosa e participativa. Muitos expressaram sua gratid\u00e3o pela presen\u00e7a do provincial e pela oportunidade de dialogar sobre suas quest\u00f5es e anseios. A intera\u00e7\u00e3o com Pe. Francys se revelou como um espa\u00e7o de grande import\u00e2ncia no seu processo de discernimento, oferecendo novos insights e motiva\u00e7\u00f5es para continuar seus estudos e compromissos. A experi\u00eancia foi vista como um encorajamento para aprofundar a rela\u00e7\u00e3o entre o servi\u00e7o \u00e0 comunidade e a vida espiritual.<\/p>\n<h2>Import\u00e2ncia do Discernimento<\/h2>\n<p>O discernimento \u00e9 uma etapa crucial na forma\u00e7\u00e3o de um jesu\u00edta, e as intera\u00e7\u00f5es durante a visita do provincial refor\u00e7aram sua import\u00e2ncia. Os estudantes puderam refletir sobre suas voca\u00e7\u00f5es em um contexto de apoio e compreens\u00e3o, algo que \u00e9 vital para o desenvolvimento de lideran\u00e7as comprometidas com os valores jesu\u00edtas. Essa reflex\u00e3o coletiva alimenta n\u00e3o apenas a vida pessoal de cada um, mas tamb\u00e9m a espiritualidade da pr\u00f3pria comunidade.<\/p>\n<h2>A Comunidade S\u00e3o Francisco Xavier<\/h2>\n<p>A Comunidade S\u00e3o Francisco Xavier \u00e9 um espa\u00e7o dedicado \u00e0 forma\u00e7\u00e3o de novos jesu\u00edtas, com \u00eanfase em um modelo educativo integral que valoriza a espiritualidade e a miss\u00e3o. Situada em Belo Horizonte, a comunidade acolhe estudantes em suas diversas fases de forma\u00e7\u00e3o, alinhando-se \u00e0s diretrizes da Companhia de Jesus. A visita do provincial representa um momento significativo na manuten\u00e7\u00e3o dos v\u00ednculos ena identifica\u00e7\u00e3o das necessidades formativas dos jovens jesu\u00edtas.<\/p>\n<h2>Reflex\u00f5es sobre a Forma\u00e7\u00e3o Jesu\u00edta<\/h2>\n<p>A forma\u00e7\u00e3o jesu\u00edta \u00e9 caracterizada por seu enfoque hol\u00edstico, que integra aspectos intelectuais, espirituais e sociais. As conversas durante a visita evidenciaram que a experi\u00eancia compartilhada entre os estudantes e o provincial \u00e9 um componente vital desse processo, permitindo que todos possam refletir sobre os desafios e as alegrias da vida religiosa. A forma\u00e7\u00e3o n\u00e3o se restringe ao aprendizado acad\u00eamico, mas inclui uma viv\u00eancia pr\u00e1tica que se materializa em servi\u00e7os \u00e0 comunidade e em busca de justi\u00e7a social.<\/p>\n<h2>O Papel do Provincial na Forma\u00e7\u00e3o<\/h2>\n<p>O papel do provincial na forma\u00e7\u00e3o dos jesu\u00edtas \u00e9 essencial, pois ele atua como um orientador e l\u00edder no processo que molda a identidade e os valores dos futuros l\u00edderes. A presen\u00e7a do Pe. Francys durante esses dias foi um lembrete do compromisso da Prov\u00edncia em acompanhar e apoiar cada jesu\u00edta em sua jornada, promovendo um ambiente onde o amor ao pr\u00f3ximo e a busca pela verdade s\u00e3o princ\u00edpios que orientam diariamente as a\u00e7\u00f5es.<\/p>\n<h2>Perspectivas Futuras para a Comunidade<\/h2>\n<p>Com a conclus\u00e3o da visita e as novas experi\u00eancias compartilhadas, a Comunidade S\u00e3o Francisco Xavier avan\u00e7a em sua miss\u00e3o de formar l\u00edderes capacitados a enfrentar os desafios do mundo contempor\u00e2neo. As rela\u00e7\u00f5es fortalecidas entre os estudantes e o provincial trazem \u00e0 tona um processo cont\u00ednuo de reflex\u00e3o e crescimento, essencial para a vitalidade da Companhia de Jesus. A continuidade do di\u00e1logo e da intera\u00e7\u00e3o dever\u00e1 se manter vibrante, contribuindo para que a comunidade n\u00e3o apenas incomode, mas inspire transforma\u00e7\u00f5es que ressoem positivamente nas vidas de muitas pessoas.<\/p>\n\n<div style=\"font-size: 0px; height: 0px; line-height: 0px; margin: 0; padding: 0; clear: both;\"><\/div>","protected":false},"excerpt":{"rendered":"<p>A visita do provincial \u00e0 Comunidade S\u00e3o Francisco Xavier trouxe grandes reflex\u00f5es e aprendizados.<\/p>\n","protected":false},"author":1,"featured_media":4652,"comment_status":"closed","ping_status":"closed","sticky":false,"template":"","format":"standard","meta":{"footnotes":""},"categories":[37],"tags":[],"class_list":["post-4653","post","type-post","status-publish","format-standard","has-post-thumbnail","hentry","category-cultura","has_thumb"],"aioseo_notices":[],"aioseo_head":"\n\t\t<!-- All in One SEO 5.0.0.1 - aioseo.com -->\n\t<meta name=\"description\" content=\"A visita do provincial \u00e0 Comunidade S\u00e3o Francisco Xavier trouxe grandes reflex\u00f5es e aprendizados.\" \/>\n\t<meta name=\"robots\" content=\"max-image-preview:large\" \/>\n\t<meta name=\"author\" content=\"Encontra Belo Horizonte\"\/>\n\t<link rel=\"canonical\" href=\"https:\/\/www.encontrabelohorizonte.com.br\/sobre\/provincial-visita-a-comunidade-sao-francisco-xavier-em-belo-horizonte\/\" \/>\n\t<meta name=\"generator\" content=\"All in One SEO (AIOSEO) 5.0.0.1\" \/>\n\t\t<meta property=\"og:locale\" content=\"pt_BR\" \/>\n\t\t<meta property=\"og:site_name\" content=\"Encontra Belo Horizonte | Not\u00edcias, eventos, informa\u00e7\u00f5es e dicas da cidade de Belo Horizonte e regi\u00e3o\" \/>\n\t\t<meta property=\"og:type\" content=\"article\" \/>\n\t\t<meta property=\"og:title\" content=\"Provincial visita a Comunidade S\u00e3o Francisco Xavier, em Belo Horizonte | Encontra Belo Horizonte\" \/>\n\t\t<meta property=\"og:description\" content=\"A visita do provincial \u00e0 Comunidade S\u00e3o Francisco Xavier trouxe grandes reflex\u00f5es e aprendizados.\" \/>\n\t\t<meta property=\"og:url\" content=\"https:\/\/www.encontrabelohorizonte.com.br\/sobre\/provincial-visita-a-comunidade-sao-francisco-xavier-em-belo-horizonte\/\" \/>\n\t\t<meta property=\"article:published_time\" content=\"2026-08-17T08:48:56+00:00\" \/>\n\t\t<meta property=\"article:modified_time\" content=\"2026-08-17T08:48:56+00:00\" \/>\n\t\t<meta name=\"twitter:card\" content=\"summary\" \/>\n\t\t<meta name=\"twitter:title\" content=\"Provincial visita a Comunidade S\u00e3o Francisco Xavier, em Belo Horizonte | Encontra Belo Horizonte\" \/>\n\t\t<meta name=\"twitter:description\" content=\"A visita do provincial \u00e0 Comunidade S\u00e3o Francisco Xavier trouxe grandes reflex\u00f5es e aprendizados.\" \/>\n\t\t<script type=\"application\/ld+json\" class=\"aioseo-schema\">\n\t\t\t{\"@context\":\"https:\\\/\\\/schema.org\",\"@graph\":[{\"@type\":\"Article\",\"@id\":\"https:\\\/\\\/www.encontrabelohorizonte.com.br\\\/sobre\\\/provincial-visita-a-comunidade-sao-francisco-xavier-em-belo-horizonte\\\/#article\",\"name\":\"Provincial visita a Comunidade S\\u00e3o Francisco Xavier, em Belo Horizonte | Encontra Belo Horizonte\",\"headline\":\"Provincial visita a Comunidade S\\u00e3o Francisco Xavier, em Belo Horizonte\",\"author\":{\"@id\":\"https:\\\/\\\/www.encontrabelohorizonte.com.br\\\/sobre\\\/author\\\/ebelohorizonte\\\/#author\"},\"publisher\":{\"@id\":\"https:\\\/\\\/www.encontrabelohorizonte.com.br\\\/sobre\\\/#organization\"},\"image\":{\"@type\":\"ImageObject\",\"url\":\"https:\\\/\\\/www.encontrabelohorizonte.com.br\\\/sobre\\\/wp-content\\\/uploads\\\/provincial-visita-a-comunidade-sao-francisco-xavier-em-belo-horizonte.webp\",\"width\":280,\"height\":280,\"caption\":\"visita do provincial \\u00e0 comunidade S\\u00e3o Francisco Xavier\"},\"datePublished\":\"2026-08-17T05:48:56-03:00\",\"dateModified\":\"2026-08-17T05:48:56-03:00\",\"inLanguage\":\"pt-BR\",\"mainEntityOfPage\":{\"@id\":\"https:\\\/\\\/www.encontrabelohorizonte.com.br\\\/sobre\\\/provincial-visita-a-comunidade-sao-francisco-xavier-em-belo-horizonte\\\/#webpage\"},\"isPartOf\":{\"@id\":\"https:\\\/\\\/www.encontrabelohorizonte.com.br\\\/sobre\\\/provincial-visita-a-comunidade-sao-francisco-xavier-em-belo-horizonte\\\/#webpage\"},\"articleSection\":\"Cultura Belo Horizonte\"},{\"@type\":\"BreadcrumbList\",\"@id\":\"https:\\\/\\\/www.encontrabelohorizonte.com.br\\\/sobre\\\/provincial-visita-a-comunidade-sao-francisco-xavier-em-belo-horizonte\\\/#breadcrumblist\",\"itemListElement\":[{\"@type\":\"ListItem\",\"@id\":\"https:\\\/\\\/www.encontrabelohorizonte.com.br\\\/sobre#listItem\",\"position\":1,\"name\":\"In\\u00edcio\",\"item\":\"https:\\\/\\\/www.encontrabelohorizonte.com.br\\\/sobre\",\"nextItem\":{\"@type\":\"ListItem\",\"@id\":\"https:\\\/\\\/www.encontrabelohorizonte.com.br\\\/sobre\\\/cultura\\\/#listItem\",\"name\":\"Cultura Belo Horizonte\"}},{\"@type\":\"ListItem\",\"@id\":\"https:\\\/\\\/www.encontrabelohorizonte.com.br\\\/sobre\\\/cultura\\\/#listItem\",\"position\":2,\"name\":\"Cultura Belo Horizonte\",\"item\":\"https:\\\/\\\/www.encontrabelohorizonte.com.br\\\/sobre\\\/cultura\\\/\",\"nextItem\":{\"@type\":\"ListItem\",\"@id\":\"https:\\\/\\\/www.encontrabelohorizonte.com.br\\\/sobre\\\/provincial-visita-a-comunidade-sao-francisco-xavier-em-belo-horizonte\\\/#listItem\",\"name\":\"Provincial visita a Comunidade S\\u00e3o Francisco Xavier, em Belo Horizonte\"},\"previousItem\":{\"@type\":\"ListItem\",\"@id\":\"https:\\\/\\\/www.encontrabelohorizonte.com.br\\\/sobre#listItem\",\"name\":\"In\\u00edcio\"}},{\"@type\":\"ListItem\",\"@id\":\"https:\\\/\\\/www.encontrabelohorizonte.com.br\\\/sobre\\\/provincial-visita-a-comunidade-sao-francisco-xavier-em-belo-horizonte\\\/#listItem\",\"position\":3,\"name\":\"Provincial visita a Comunidade S\\u00e3o Francisco Xavier, em Belo Horizonte\",\"previousItem\":{\"@type\":\"ListItem\",\"@id\":\"https:\\\/\\\/www.encontrabelohorizonte.com.br\\\/sobre\\\/cultura\\\/#listItem\",\"name\":\"Cultura Belo Horizonte\"}}]},{\"@type\":\"Organization\",\"@id\":\"https:\\\/\\\/www.encontrabelohorizonte.com.br\\\/sobre\\\/#organization\",\"name\":\"Encontra Belo Horizonte\",\"description\":\"Not\\u00edcias, eventos, informa\\u00e7\\u00f5es e dicas da cidade de Belo Horizonte e regi\\u00e3o\",\"url\":\"https:\\\/\\\/www.encontrabelohorizonte.com.br\\\/sobre\\\/\"},{\"@type\":\"Person\",\"@id\":\"https:\\\/\\\/www.encontrabelohorizonte.com.br\\\/sobre\\\/author\\\/ebelohorizonte\\\/#author\",\"url\":\"https:\\\/\\\/www.encontrabelohorizonte.com.br\\\/sobre\\\/author\\\/ebelohorizonte\\\/\",\"name\":\"Encontra Belo Horizonte\",\"image\":{\"@type\":\"ImageObject\",\"@id\":\"https:\\\/\\\/www.encontrabelohorizonte.com.br\\\/sobre\\\/provincial-visita-a-comunidade-sao-francisco-xavier-em-belo-horizonte\\\/#authorImage\",\"url\":\"https:\\\/\\\/secure.gravatar.com\\\/avatar\\\/507340682b8270222e1f208e23198b6ae7e2c6a1033ae84e99bc6bce4f82a387?s=96&d=mm&r=g\",\"width\":96,\"height\":96,\"caption\":\"Encontra Belo Horizonte\"}},{\"@type\":\"WebPage\",\"@id\":\"https:\\\/\\\/www.encontrabelohorizonte.com.br\\\/sobre\\\/provincial-visita-a-comunidade-sao-francisco-xavier-em-belo-horizonte\\\/#webpage\",\"url\":\"https:\\\/\\\/www.encontrabelohorizonte.com.br\\\/sobre\\\/provincial-visita-a-comunidade-sao-francisco-xavier-em-belo-horizonte\\\/\",\"name\":\"Provincial visita a Comunidade S\\u00e3o Francisco Xavier, em Belo Horizonte | Encontra Belo Horizonte\",\"description\":\"A visita do provincial \\u00e0 Comunidade S\\u00e3o Francisco Xavier trouxe grandes reflex\\u00f5es e aprendizados.\",\"inLanguage\":\"pt-BR\",\"isPartOf\":{\"@id\":\"https:\\\/\\\/www.encontrabelohorizonte.com.br\\\/sobre\\\/#website\"},\"breadcrumb\":{\"@id\":\"https:\\\/\\\/www.encontrabelohorizonte.com.br\\\/sobre\\\/provincial-visita-a-comunidade-sao-francisco-xavier-em-belo-horizonte\\\/#breadcrumblist\"},\"author\":{\"@id\":\"https:\\\/\\\/www.encontrabelohorizonte.com.br\\\/sobre\\\/author\\\/ebelohorizonte\\\/#author\"},\"creator\":{\"@id\":\"https:\\\/\\\/www.encontrabelohorizonte.com.br\\\/sobre\\\/author\\\/ebelohorizonte\\\/#author\"},\"image\":{\"@type\":\"ImageObject\",\"url\":\"https:\\\/\\\/www.encontrabelohorizonte.com.br\\\/sobre\\\/wp-content\\\/uploads\\\/provincial-visita-a-comunidade-sao-francisco-xavier-em-belo-horizonte.webp\",\"@id\":\"https:\\\/\\\/www.encontrabelohorizonte.com.br\\\/sobre\\\/provincial-visita-a-comunidade-sao-francisco-xavier-em-belo-horizonte\\\/#mainImage\",\"width\":280,\"height\":280,\"caption\":\"visita do provincial \\u00e0 comunidade S\\u00e3o Francisco Xavier\"},\"primaryImageOfPage\":{\"@id\":\"https:\\\/\\\/www.encontrabelohorizonte.com.br\\\/sobre\\\/provincial-visita-a-comunidade-sao-francisco-xavier-em-belo-horizonte\\\/#mainImage\"},\"datePublished\":\"2026-08-17T05:48:56-03:00\",\"dateModified\":\"2026-08-17T05:48:56-03:00\"},{\"@type\":\"WebSite\",\"@id\":\"https:\\\/\\\/www.encontrabelohorizonte.com.br\\\/sobre\\\/#website\",\"url\":\"https:\\\/\\\/www.encontrabelohorizonte.com.br\\\/sobre\\\/\",\"name\":\"Encontra Belo Horizonte\",\"description\":\"Not\\u00edcias, eventos, informa\\u00e7\\u00f5es e dicas da cidade de Belo Horizonte e regi\\u00e3o\",\"inLanguage\":\"pt-BR\",\"publisher\":{\"@id\":\"https:\\\/\\\/www.encontrabelohorizonte.com.br\\\/sobre\\\/#organization\"}}]}\n\t\t<\/script>\n\t\t<!-- All in One SEO -->\n\n","aioseo_head_json":{"title":"Provincial visita a Comunidade S\u00e3o Francisco Xavier, em Belo Horizonte | Encontra Belo Horizonte","description":"A visita do provincial \u00e0 Comunidade S\u00e3o Francisco Xavier trouxe grandes reflex\u00f5es e aprendizados.","canonical_url":"https:\/\/www.encontrabelohorizonte.com.br\/sobre\/provincial-visita-a-comunidade-sao-francisco-xavier-em-belo-horizonte\/","robots":"max-image-preview:large","keywords":"","webmasterTools":{"miscellaneous":""},"schema":{"@context":"https:\/\/schema.org","@graph":[{"@type":"Article","@id":"https:\/\/www.encontrabelohorizonte.com.br\/sobre\/provincial-visita-a-comunidade-sao-francisco-xavier-em-belo-horizonte\/#article","name":"Provincial visita a Comunidade S\u00e3o Francisco Xavier, em Belo Horizonte | Encontra Belo Horizonte","headline":"Provincial visita a Comunidade S\u00e3o Francisco Xavier, em Belo Horizonte","author":{"@id":"https:\/\/www.encontrabelohorizonte.com.br\/sobre\/author\/ebelohorizonte\/#author"},"publisher":{"@id":"https:\/\/www.encontrabelohorizonte.com.br\/sobre\/#organization"},"image":{"@type":"ImageObject","url":"https:\/\/www.encontrabelohorizonte.com.br\/sobre\/wp-content\/uploads\/provincial-visita-a-comunidade-sao-francisco-xavier-em-belo-horizonte.webp","width":280,"height":280,"caption":"visita do provincial \u00e0 comunidade S\u00e3o Francisco Xavier"},"datePublished":"2026-08-17T05:48:56-03:00","dateModified":"2026-08-17T05:48:56-03:00","inLanguage":"pt-BR","mainEntityOfPage":{"@id":"https:\/\/www.encontrabelohorizonte.com.br\/sobre\/provincial-visita-a-comunidade-sao-francisco-xavier-em-belo-horizonte\/#webpage"},"isPartOf":{"@id":"https:\/\/www.encontrabelohorizonte.com.br\/sobre\/provincial-visita-a-comunidade-sao-francisco-xavier-em-belo-horizonte\/#webpage"},"articleSection":"Cultura Belo Horizonte"},{"@type":"BreadcrumbList","@id":"https:\/\/www.encontrabelohorizonte.com.br\/sobre\/provincial-visita-a-comunidade-sao-francisco-xavier-em-belo-horizonte\/#breadcrumblist","itemListElement":[{"@type":"ListItem","@id":"https:\/\/www.encontrabelohorizonte.com.br\/sobre#listItem","position":1,"name":"In\u00edcio","item":"https:\/\/www.encontrabelohorizonte.com.br\/sobre","nextItem":{"@type":"ListItem","@id":"https:\/\/www.encontrabelohorizonte.com.br\/sobre\/cultura\/#listItem","name":"Cultura Belo Horizonte"}},{"@type":"ListItem","@id":"https:\/\/www.encontrabelohorizonte.com.br\/sobre\/cultura\/#listItem","position":2,"name":"Cultura Belo Horizonte","item":"https:\/\/www.encontrabelohorizonte.com.br\/sobre\/cultura\/","nextItem":{"@type":"ListItem","@id":"https:\/\/www.encontrabelohorizonte.com.br\/sobre\/provincial-visita-a-comunidade-sao-francisco-xavier-em-belo-horizonte\/#listItem","name":"Provincial visita a Comunidade S\u00e3o Francisco Xavier, em Belo Horizonte"},"previousItem":{"@type":"ListItem","@id":"https:\/\/www.encontrabelohorizonte.com.br\/sobre#listItem","name":"In\u00edcio"}},{"@type":"ListItem","@id":"https:\/\/www.encontrabelohorizonte.com.br\/sobre\/provincial-visita-a-comunidade-sao-francisco-xavier-em-belo-horizonte\/#listItem","position":3,"name":"Provincial visita a Comunidade S\u00e3o Francisco Xavier, em Belo Horizonte","previousItem":{"@type":"ListItem","@id":"https:\/\/www.encontrabelohorizonte.com.br\/sobre\/cultura\/#listItem","name":"Cultura Belo Horizonte"}}]},{"@type":"Organization","@id":"https:\/\/www.encontrabelohorizonte.com.br\/sobre\/#organization","name":"Encontra Belo Horizonte","description":"Not\u00edcias, eventos, informa\u00e7\u00f5es e dicas da cidade de Belo Horizonte e regi\u00e3o","url":"https:\/\/www.encontrabelohorizonte.com.br\/sobre\/"},{"@type":"Person","@id":"https:\/\/www.encontrabelohorizonte.com.br\/sobre\/author\/ebelohorizonte\/#author","url":"https:\/\/www.encontrabelohorizonte.com.br\/sobre\/author\/ebelohorizonte\/","name":"Encontra Belo Horizonte","image":{"@type":"ImageObject","@id":"https:\/\/www.encontrabelohorizonte.com.br\/sobre\/provincial-visita-a-comunidade-sao-francisco-xavier-em-belo-horizonte\/#authorImage","url":"https:\/\/secure.gravatar.com\/avatar\/507340682b8270222e1f208e23198b6ae7e2c6a1033ae84e99bc6bce4f82a387?s=96&d=mm&r=g","width":96,"height":96,"caption":"Encontra Belo Horizonte"}},{"@type":"WebPage","@id":"https:\/\/www.encontrabelohorizonte.com.br\/sobre\/provincial-visita-a-comunidade-sao-francisco-xavier-em-belo-horizonte\/#webpage","url":"https:\/\/www.encontrabelohorizonte.com.br\/sobre\/provincial-visita-a-comunidade-sao-francisco-xavier-em-belo-horizonte\/","name":"Provincial visita a Comunidade S\u00e3o Francisco Xavier, em Belo Horizonte | Encontra Belo Horizonte","description":"A visita do provincial \u00e0 Comunidade S\u00e3o Francisco Xavier trouxe grandes reflex\u00f5es e aprendizados.","inLanguage":"pt-BR","isPartOf":{"@id":"https:\/\/www.encontrabelohorizonte.com.br\/sobre\/#website"},"breadcrumb":{"@id":"https:\/\/www.encontrabelohorizonte.com.br\/sobre\/provincial-visita-a-comunidade-sao-francisco-xavier-em-belo-horizonte\/#breadcrumblist"},"author":{"@id":"https:\/\/www.encontrabelohorizonte.com.br\/sobre\/author\/ebelohorizonte\/#author"},"creator":{"@id":"https:\/\/www.encontrabelohorizonte.com.br\/sobre\/author\/ebelohorizonte\/#author"},"image":{"@type":"ImageObject","url":"https:\/\/www.encontrabelohorizonte.com.br\/sobre\/wp-content\/uploads\/provincial-visita-a-comunidade-sao-francisco-xavier-em-belo-horizonte.webp","@id":"https:\/\/www.encontrabelohorizonte.com.br\/sobre\/provincial-visita-a-comunidade-sao-francisco-xavier-em-belo-horizonte\/#mainImage","width":280,"height":280,"caption":"visita do provincial \u00e0 comunidade S\u00e3o Francisco Xavier"},"primaryImageOfPage":{"@id":"https:\/\/www.encontrabelohorizonte.com.br\/sobre\/provincial-visita-a-comunidade-sao-francisco-xavier-em-belo-horizonte\/#mainImage"},"datePublished":"2026-08-17T05:48:56-03:00","dateModified":"2026-08-17T05:48:56-03:00"},{"@type":"WebSite","@id":"https:\/\/www.encontrabelohorizonte.com.br\/sobre\/#website","url":"https:\/\/www.encontrabelohorizonte.com.br\/sobre\/","name":"Encontra Belo Horizonte","description":"Not\u00edcias, eventos, informa\u00e7\u00f5es e dicas da cidade de Belo Horizonte e regi\u00e3o","inLanguage":"pt-BR","publisher":{"@id":"https:\/\/www.encontrabelohorizonte.com.br\/sobre\/#organization"}}]},"og:locale":"pt_BR","og:site_name":"Encontra Belo Horizonte | Not\u00edcias, eventos, informa\u00e7\u00f5es e dicas da cidade de Belo Horizonte e regi\u00e3o","og:type":"article","og:title":"Provincial visita a Comunidade S\u00e3o Francisco Xavier, em Belo Horizonte | Encontra Belo Horizonte","og:description":"A visita do provincial \u00e0 Comunidade S\u00e3o Francisco Xavier trouxe grandes reflex\u00f5es e aprendizados.","og:url":"https:\/\/www.encontrabelohorizonte.com.br\/sobre\/provincial-visita-a-comunidade-sao-francisco-xavier-em-belo-horizonte\/","article:published_time":"2026-08-17T08:48:56+00:00","article:modified_time":"2026-08-17T08:48:56+00:00","twitter:card":"summary","twitter:title":"Provincial visita a Comunidade S\u00e3o Francisco Xavier, em Belo Horizonte | Encontra Belo Horizonte","twitter:description":"A visita do provincial \u00e0 Comunidade S\u00e3o Francisco Xavier trouxe grandes reflex\u00f5es e aprendizados."},"aioseo_meta_data":{"post_id":"4653","title":null,"description":null,"keywords":null,"keyphrases":null,"primary_term":null,"canonical_url":null,"og_title":null,"og_description":null,"og_object_type":"default","og_image_type":"default","og_image_url":null,"og_image_width":null,"og_image_height":null,"og_image_custom_url":null,"og_image_custom_fields":null,"og_video":null,"og_custom_url":null,"og_article_section":null,"og_article_tags":null,"twitter_use_og":false,"twitter_card":"default","twitter_image_type":"default","twitter_image_url":null,"twitter_image_custom_url":null,"twitter_image_custom_fields":null,"twitter_title":null,"twitter_description":null,"schema":{"blockGraphs":[],"customGraphs":[],"default":{"data":{"Article":[],"Course":[],"Dataset":[],"FAQPage":[],"Movie":[],"Person":[],"Product":[],"ProductReview":[],"Car":[],"Recipe":[],"Service":[],"SoftwareApplication":[],"WebPage":[]},"graphName":"Article","isEnabled":true},"graphs":[]},"schema_type":"default","schema_type_options":null,"pillar_content":false,"robots_default":true,"robots_noindex":false,"robots_noarchive":false,"robots_nosnippet":false,"robots_nofollow":false,"robots_noimageindex":false,"robots_noodp":false,"robots_notranslate":false,"robots_max_snippet":null,"robots_max_videopreview":null,"robots_max_imagepreview":"large","priority":null,"frequency":null,"local_seo":null,"breadcrumb_settings":null,"limit_modified_date":false,"ai":null,"created":"2026-08-17 08:48:57","updated":"2026-08-17 09:10:29","focus_keyword":null,"additional_keywords":null,"truseo_locale":null,"seo_analyzer_scan_date":null},"aioseo_breadcrumb":"<div class=\"aioseo-breadcrumbs\"><span class=\"aioseo-breadcrumb\">\n\t\t\t<a href=\"https:\/\/www.encontrabelohorizonte.com.br\/sobre\" title=\"In\u00edcio\">In\u00edcio<\/a>\n\t\t<\/span><span class=\"aioseo-breadcrumb-separator\">&raquo;<\/span><span class=\"aioseo-breadcrumb\">\n\t\t\t<a href=\"https:\/\/www.encontrabelohorizonte.com.br\/sobre\/cultura\/\" title=\"Cultura Belo Horizonte\">Cultura Belo Horizonte<\/a>\n\t\t<\/span><span class=\"aioseo-breadcrumb-separator\">&raquo;<\/span><span class=\"aioseo-breadcrumb\">\n\t\t\tProvincial visita a Comunidade S\u00e3o Francisco Xavier, em Belo Horizonte\n\t\t<\/span><\/div>","aioseo_breadcrumb_json":[{"label":"In\u00edcio","link":"https:\/\/www.encontrabelohorizonte.com.br\/sobre"},{"label":"Cultura Belo Horizonte","link":"https:\/\/www.encontrabelohorizonte.com.br\/sobre\/cultura\/"},{"label":"Provincial visita a Comunidade S\u00e3o Francisco Xavier, em Belo Horizonte","link":"https:\/\/www.encontrabelohorizonte.com.br\/sobre\/provincial-visita-a-comunidade-sao-francisco-xavier-em-belo-horizonte\/"}],"_links":{"self":[{"href":"https:\/\/www.encontrabelohorizonte.com.br\/sobre\/wp-json\/wp\/v2\/posts\/4653","targetHints":{"allow":["GET"]}}],"collection":[{"href":"https:\/\/www.encontrabelohorizonte.com.br\/sobre\/wp-json\/wp\/v2\/posts"}],"about":[{"href":"https:\/\/www.encontrabelohorizonte.com.br\/sobre\/wp-json\/wp\/v2\/types\/post"}],"author":[{"embeddable":true,"href":"https:\/\/www.encontrabelohorizonte.com.br\/sobre\/wp-json\/wp\/v2\/users\/1"}],"replies":[{"embeddable":true,"href":"https:\/\/www.encontrabelohorizonte.com.br\/sobre\/wp-json\/wp\/v2\/comments?post=4653"}],"version-history":[{"count":0,"href":"https:\/\/www.encontrabelohorizonte.com.br\/sobre\/wp-json\/wp\/v2\/posts\/4653\/revisions"}],"wp:featuredmedia":[{"embeddable":true,"href":"https:\/\/www.encontrabelohorizonte.com.br\/sobre\/wp-json\/wp\/v2\/media\/4652"}],"wp:attachment":[{"href":"https:\/\/www.encontrabelohorizonte.com.br\/sobre\/wp-json\/wp\/v2\/media?parent=4653"}],"wp:term":[{"taxonomy":"category","embeddable":true,"href":"https:\/\/www.encontrabelohorizonte.com.br\/sobre\/wp-json\/wp\/v2\/categories?post=4653"},{"taxonomy":"post_tag","embeddable":true,"href":"https:\/\/www.encontrabelohorizonte.com.br\/sobre\/wp-json\/wp\/v2\/tags?post=4653"}],"curies":[{"name":"wp","href":"https:\/\/api.w.org\/{rel}","templated":true}]}}