{"id":4655,"date":"2026-08-18T05:46:37","date_gmt":"2026-08-18T08:46:37","guid":{"rendered":"https:\/\/www.encontrabelohorizonte.com.br\/sobre\/pbh-devera-responder-sobre-medidas-contra-efeitos-do-el-nino\/"},"modified":"2026-08-18T05:46:37","modified_gmt":"2026-08-18T08:46:37","slug":"pbh-devera-responder-sobre-medidas-contra-efeitos-do-el-nino","status":"publish","type":"post","link":"https:\/\/www.encontrabelohorizonte.com.br\/sobre\/pbh-devera-responder-sobre-medidas-contra-efeitos-do-el-nino\/","title":{"rendered":"PBH dever\u00e1 responder sobre medidas contra efeitos do El Ni\u00f1o"},"content":{"rendered":"<div class=\"2e083cf0b19e2c11948dc6ac054ba979\" data-index=\"1\" style=\"float: none; margin:0px;\">\n<!-- Anuncio display - global -->\r\n<ins class=\"adsbygoogle\"\r\n     style=\"display:block\"\r\n     data-ad-client=\"ca-pub-8585364105181520\"\r\n     data-ad-slot=\"8789329856\"\r\n     data-ad-format=\"auto\"\r\n     data-full-width-responsive=\"true\"><\/ins>\r\n<script>\r\n     (adsbygoogle = window.adsbygoogle || []).push({});\r\n<\/script>\n<\/div>\n<h2>Entenda o que \u00e9 o El Ni\u00f1o<\/h2>\n<p>O fen\u00f4meno El Ni\u00f1o \u00e9 uma anomalia clim\u00e1tica que se caracteriza pelo aquecimento das \u00e1guas do Oceano Pac\u00edfico equatorial. Essa mudan\u00e7a na temperatura dos oceanos provoca efeitos significativos no clima mundial, impactando padr\u00f5es de chuvas, temperaturas e eventos clim\u00e1ticos extremos. Entender sua din\u00e2mica \u00e9 crucial para se preparar para seus impactos, especialmente em regi\u00f5es vulner\u00e1veis como o Brasil.<\/p>\n<h2>Hist\u00f3rico de El Ni\u00f1o no Brasil<\/h2>\n<p>Historicamente, o Brasil j\u00e1 enfrentou diversas ocorr\u00eancias do fen\u00f4meno El Ni\u00f1o, com varia\u00e7\u00f5es em sua intensidade. Cada evento provocou diferentes consequ\u00eancias clim\u00e1ticas, desde secas severas at\u00e9 inunda\u00e7\u00f5es em v\u00e1rias \u00e1reas do pa\u00eds. Por exemplo, em 2015-2016, o El Ni\u00f1o causou um aumento significativo das temperaturas, exacerbando a seca no sudeste brasileiro e afetando diretamente o abastecimento de \u00e1gua nas grandes cidades.<\/p>\n<h2>Impactos do El Ni\u00f1o na regi\u00e3o sudeste<\/h2>\n<p>A regi\u00e3o sudeste do Brasil, que inclui estados como S\u00e3o Paulo, Rio de Janeiro, Minas Gerais e Esp\u00edrito Santo, \u00e9 particularmente suscet\u00edvel aos efeitos do El Ni\u00f1o. Os impactos mais comuns incluem:<\/p>\n<p><img decoding=\"async\" src=\"https:\/\/www.encontrabelohorizonte.com.br\/sobre\/wp-content\/uploads\/pbh-devera-responder-sobre-medidas-contra-efeitos-do-el-nino.webp\" alt=\"PBH dever\u00e1 responder sobre medidas contra efeitos do El Ni\u00f1o\" loading=\"lazy\" \/><\/p>\n<ul>\n<li><strong>Aumento das Temperaturas:<\/strong> As temperaturas m\u00e9dias podem subir, resultando em ondas de calor que afetam a sa\u00fade da popula\u00e7\u00e3o.<\/li>\n<li><strong>Altera\u00e7\u00e3o no Regime de Chuvas:<\/strong> \u00c9 comum observar padr\u00f5es de chuvas irregulares, com per\u00edodos de seca prolongada seguidos de chuvas intensas.<\/li>\n<li><strong>Maior Risco de Inc\u00eandios Florestais:<\/strong> O aumento da temperatura e a seca podem levar ao aumento da ocorr\u00eancia de inc\u00eandios em \u00e1reas florestais.<\/li>\n<\/ul>\n<h2>Medidas preventivas essenciais<\/h2>\n<p>Para mitigar os efeitos do El Ni\u00f1o, diversas medidas preventivas s\u00e3o sugeridas, incluindo:<\/p>\n<ul>\n<li><strong>Cria\u00e7\u00e3o de Planos de Conting\u00eancia:<\/strong> Munic\u00edpios devem desenvolver planos que previnam e respondam a desastres clim\u00e1ticos.<\/li>\n<li><strong>Investimento em Infraestrutura:<\/strong> Melhorias na drenagem urbana podem ajudar a lidar com chuvas intensas, enquanto reservat\u00f3rios podem ser essenciais em per\u00edodos de seca.<\/li>\n<li><strong>Educa\u00e7\u00e3o e Conscientiza\u00e7\u00e3o:<\/strong> Campanhas para informar a popula\u00e7\u00e3o sobre como se proteger e adaptar suas atividades econ\u00f4micas \u00e0s mudan\u00e7as clim\u00e1ticas s\u00e3o fundamentais.<\/li>\n<\/ul>\n<h2>Grupos vulner\u00e1veis e suas necessidades<\/h2>\n<p>Durante eventos clim\u00e1ticos extremos, certos grupos da popula\u00e7\u00e3o s\u00e3o mais afetados. Esses grupos incluem:<\/p>\n<ul>\n<li><strong>Pessoas em Situa\u00e7\u00e3o de Rua:<\/strong> Muitas vezes, n\u00e3o t\u00eam acesso a abrigos adequados durante eventos de calor extremo ou chuvas intensas.<\/li>\n<li><strong>Idosos e Pessoas com Doen\u00e7as Cr\u00f4nicas:<\/strong> A sa\u00fade desse grupo \u00e9 mais fragilizada pelas mudan\u00e7as clim\u00e1ticas, necessitando de medidas de prote\u00e7\u00e3o espec\u00edficas.<\/li>\n<li><strong>Comunidades de Baixa Renda:<\/strong> Estas comunidades geralmente vivem em locais mais vulner\u00e1veis e t\u00eam menos recursos para se adaptar aos efeitos do El Ni\u00f1o.<\/li>\n<\/ul>\n<h2>A\u00e7\u00f5es para garantir \u00e1gua pot\u00e1vel<\/h2>\n<p>A escassez de \u00e1gua \u00e9 um impacto cr\u00edtico do El Ni\u00f1o. Portanto, \u00e9 vital implementar a\u00e7\u00f5es que assegurem o acesso \u00e0 \u00e1gua pot\u00e1vel durante e ap\u00f3s eventos clim\u00e1ticos extremos:<\/p>\n<ul>\n<li><strong>Instala\u00e7\u00e3o de Sistemas de Capta\u00e7\u00e3o de \u00c1gua da Chuva:<\/strong> Sistemas que coletam \u00e1gua das chuvas podem ser uma alternativa valiosa durante per\u00edodos de seca.<\/li>\n<li><strong>Distribui\u00e7\u00e3o de \u00c1gua em \u00c1reas Cr\u00edticas:<\/strong> Em casos de escassez, a distribui\u00e7\u00e3o de \u00e1gua pot\u00e1vel deve ser organizada prioritariamente para \u00e1reas mais afetadas.<\/li>\n<li><strong>Campanhas de Conscientiza\u00e7\u00e3o sobre Conserva\u00e7\u00e3o de \u00c1gua:<\/strong> Ensinar a popula\u00e7\u00e3o sobre o uso eficiente da \u00e1gua ajuda a poupar recursos durante per\u00edodos cr\u00edticos.<\/li>\n<\/ul>\n<h2>Import\u00e2ncia da climatiza\u00e7\u00e3o em escolas<\/h2>\n<p>As escolas desempenham um papel crucial na prote\u00e7\u00e3o da sa\u00fade dos alunos durante eventos de calor extremo. Portanto, assegurar um ambiente escolar confort\u00e1vel \u00e9 essencial:<\/p>\n<ul>\n<li><strong>Instala\u00e7\u00e3o de Ar-condicionado:<\/strong> \u00c9 fundamental garantir que as escolas tenham sistemas de climatiza\u00e7\u00e3o adequados para proporcionar conforto em dias quentes.<\/li>\n<li><strong>Fornecimento de \u00c1gua Fria e Bebedouros Adequados:<\/strong> Assegurar que todos os alunos tenham acesso a \u00e1gua fresca \u00e9 vital para evitar desidrata\u00e7\u00e3o.<\/li>\n<li><strong>Protoc\u00f3los de Suspens\u00e3o de Atividades ao Ar Livre:<\/strong> Criar diretrizes sobre quando suspender atividades f\u00edsicas em dias de calor extremo protege a integridade dos alunos.<\/li>\n<\/ul>\n<h2>Monitoramento e respostas do poder p\u00fablico<\/h2>\n<p>O papel das institui\u00e7\u00f5es governamentais \u00e9 imprescind\u00edvel na resposta aos desafios impostos pelo El Ni\u00f1o:<\/p>\n<ul>\n<li><strong>Realiza\u00e7\u00e3o de Monitoramento Clim\u00e1tico:<\/strong> O acompanhamento das condi\u00e7\u00f5es clim\u00e1ticas \u00e9 essencial para implementar estrat\u00e9gias de resposta adequadas e pontuais.<\/li>\n<li><strong>Desenvolvimento de Cartilhas Informativas:<\/strong> Manter a popula\u00e7\u00e3o informada sobre como se preparar e agir durante eventos clim\u00e1ticos \u00e9 parte importante da comunica\u00e7\u00e3o p\u00fablica.<\/li>\n<li><strong>Integra\u00e7\u00e3o entre \u00d3rg\u00e3os P\u00fablicos:<\/strong> Um esfor\u00e7o colaborativo entre diferentes secretarias e ag\u00eancias pode maximizar os recursos e esfor\u00e7os na gest\u00e3o da crise.<\/li>\n<\/ul>\n<h2>Como a popula\u00e7\u00e3o pode se preparar<\/h2>\n<p>Os cidad\u00e3os tamb\u00e9m t\u00eam um papel ativo na prepara\u00e7\u00e3o e na mitiga\u00e7\u00e3o dos seus efeitos:<\/p>\n<ul>\n<li><strong>Cria\u00e7\u00e3o de Kits de Emerg\u00eancia:<\/strong> Preparar um kit com \u00e1gua, alimentos n\u00e3o perec\u00edveis e medicamentos b\u00e1sicos \u00e9 essencial para dias de crise.<\/li>\n<li><strong>Engajamento em Comunidades Locais:<\/strong> Participar de grupos de ajuda e voluntariado pode melhorar o acesso \u00e0 informa\u00e7\u00e3o e o suporte durante crises.<\/li>\n<li><strong>Educa\u00e7\u00e3o Pessoal sobre Clima:<\/strong> Informar-se sobre os impactos e comportamentos de resposta pode ajudar a formar uma comunidade mais resiliente.<\/li>\n<\/ul>\n<h2>Futuro do combate aos efeitos do El Ni\u00f1o<\/h2>\n<p>Com a crescente incid\u00eancia do fen\u00f4meno El Ni\u00f1o, \u00e9 fundamental que o foco esteja em solu\u00e7\u00f5es de longo prazo e pol\u00edticas p\u00fablicas que promovam a resili\u00eancia. O investimento em tecnologias sustent\u00e1veis, reformula\u00e7\u00e3o de normas urbanas e cria\u00e7\u00e3o de parcerias com ONGs e setores privados podem contribuir para um melhor enfrentamento de futuras crises clim\u00e1ticas.<\/p>\n\n<div style=\"font-size: 0px; height: 0px; line-height: 0px; margin: 0; padding: 0; clear: both;\"><\/div>","protected":false},"excerpt":{"rendered":"<p>PBH deve tomar medidas para enfrentar os efeitos do El Ni\u00f1o que se aproximam.<\/p>\n","protected":false},"author":1,"featured_media":4654,"comment_status":"closed","ping_status":"closed","sticky":false,"template":"","format":"standard","meta":{"footnotes":""},"categories":[6],"tags":[],"class_list":["post-4655","post","type-post","status-publish","format-standard","has-post-thumbnail","hentry","category-noticias","has_thumb"],"aioseo_notices":[],"aioseo_head":"\n\t\t<!-- All in One SEO 5.0.0.1 - aioseo.com -->\n\t<meta name=\"description\" content=\"PBH deve tomar medidas para enfrentar os efeitos do El Ni\u00f1o que se aproximam.\" \/>\n\t<meta name=\"robots\" content=\"max-image-preview:large\" \/>\n\t<meta name=\"author\" content=\"Encontra Belo Horizonte\"\/>\n\t<link rel=\"canonical\" href=\"https:\/\/www.encontrabelohorizonte.com.br\/sobre\/pbh-devera-responder-sobre-medidas-contra-efeitos-do-el-nino\/\" \/>\n\t<meta name=\"generator\" content=\"All in One SEO (AIOSEO) 5.0.0.1\" \/>\n\t\t<meta property=\"og:locale\" content=\"pt_BR\" \/>\n\t\t<meta property=\"og:site_name\" content=\"Encontra Belo Horizonte | Not\u00edcias, eventos, informa\u00e7\u00f5es e dicas da cidade de Belo Horizonte e regi\u00e3o\" \/>\n\t\t<meta property=\"og:type\" content=\"article\" \/>\n\t\t<meta property=\"og:title\" content=\"PBH dever\u00e1 responder sobre medidas contra efeitos do El Ni\u00f1o | Encontra Belo Horizonte\" \/>\n\t\t<meta property=\"og:description\" content=\"PBH deve tomar medidas para enfrentar os efeitos do El Ni\u00f1o que se aproximam.\" \/>\n\t\t<meta property=\"og:url\" content=\"https:\/\/www.encontrabelohorizonte.com.br\/sobre\/pbh-devera-responder-sobre-medidas-contra-efeitos-do-el-nino\/\" \/>\n\t\t<meta property=\"article:published_time\" content=\"2026-08-18T08:46:37+00:00\" \/>\n\t\t<meta property=\"article:modified_time\" content=\"2026-08-18T08:46:37+00:00\" \/>\n\t\t<meta name=\"twitter:card\" content=\"summary\" \/>\n\t\t<meta name=\"twitter:title\" content=\"PBH dever\u00e1 responder sobre medidas contra efeitos do El Ni\u00f1o | Encontra Belo Horizonte\" \/>\n\t\t<meta name=\"twitter:description\" content=\"PBH deve tomar medidas para enfrentar os efeitos do El Ni\u00f1o que se aproximam.\" \/>\n\t\t<script type=\"application\/ld+json\" class=\"aioseo-schema\">\n\t\t\t{\"@context\":\"https:\\\/\\\/schema.org\",\"@graph\":[{\"@type\":\"Article\",\"@id\":\"https:\\\/\\\/www.encontrabelohorizonte.com.br\\\/sobre\\\/pbh-devera-responder-sobre-medidas-contra-efeitos-do-el-nino\\\/#article\",\"name\":\"PBH dever\\u00e1 responder sobre medidas contra efeitos do El Ni\\u00f1o | Encontra Belo Horizonte\",\"headline\":\"PBH dever\\u00e1 responder sobre medidas contra efeitos do El Ni\\u00f1o\",\"author\":{\"@id\":\"https:\\\/\\\/www.encontrabelohorizonte.com.br\\\/sobre\\\/author\\\/ebelohorizonte\\\/#author\"},\"publisher\":{\"@id\":\"https:\\\/\\\/www.encontrabelohorizonte.com.br\\\/sobre\\\/#organization\"},\"image\":{\"@type\":\"ImageObject\",\"url\":\"https:\\\/\\\/www.encontrabelohorizonte.com.br\\\/sobre\\\/wp-content\\\/uploads\\\/pbh-devera-responder-sobre-medidas-contra-efeitos-do-el-nino.webp\",\"width\":280,\"height\":280,\"caption\":\"PBH dever\\u00e1 responder sobre medidas contra efeitos do El Ni\\u00f1o\"},\"datePublished\":\"2026-08-18T05:46:37-03:00\",\"dateModified\":\"2026-08-18T05:46:37-03:00\",\"inLanguage\":\"pt-BR\",\"mainEntityOfPage\":{\"@id\":\"https:\\\/\\\/www.encontrabelohorizonte.com.br\\\/sobre\\\/pbh-devera-responder-sobre-medidas-contra-efeitos-do-el-nino\\\/#webpage\"},\"isPartOf\":{\"@id\":\"https:\\\/\\\/www.encontrabelohorizonte.com.br\\\/sobre\\\/pbh-devera-responder-sobre-medidas-contra-efeitos-do-el-nino\\\/#webpage\"},\"articleSection\":\"Not\\u00edcias Belo Horizonte\"},{\"@type\":\"BreadcrumbList\",\"@id\":\"https:\\\/\\\/www.encontrabelohorizonte.com.br\\\/sobre\\\/pbh-devera-responder-sobre-medidas-contra-efeitos-do-el-nino\\\/#breadcrumblist\",\"itemListElement\":[{\"@type\":\"ListItem\",\"@id\":\"https:\\\/\\\/www.encontrabelohorizonte.com.br\\\/sobre#listItem\",\"position\":1,\"name\":\"In\\u00edcio\",\"item\":\"https:\\\/\\\/www.encontrabelohorizonte.com.br\\\/sobre\",\"nextItem\":{\"@type\":\"ListItem\",\"@id\":\"https:\\\/\\\/www.encontrabelohorizonte.com.br\\\/sobre\\\/noticias\\\/#listItem\",\"name\":\"Not\\u00edcias Belo Horizonte\"}},{\"@type\":\"ListItem\",\"@id\":\"https:\\\/\\\/www.encontrabelohorizonte.com.br\\\/sobre\\\/noticias\\\/#listItem\",\"position\":2,\"name\":\"Not\\u00edcias Belo Horizonte\",\"item\":\"https:\\\/\\\/www.encontrabelohorizonte.com.br\\\/sobre\\\/noticias\\\/\",\"nextItem\":{\"@type\":\"ListItem\",\"@id\":\"https:\\\/\\\/www.encontrabelohorizonte.com.br\\\/sobre\\\/pbh-devera-responder-sobre-medidas-contra-efeitos-do-el-nino\\\/#listItem\",\"name\":\"PBH dever\\u00e1 responder sobre medidas contra efeitos do El Ni\\u00f1o\"},\"previousItem\":{\"@type\":\"ListItem\",\"@id\":\"https:\\\/\\\/www.encontrabelohorizonte.com.br\\\/sobre#listItem\",\"name\":\"In\\u00edcio\"}},{\"@type\":\"ListItem\",\"@id\":\"https:\\\/\\\/www.encontrabelohorizonte.com.br\\\/sobre\\\/pbh-devera-responder-sobre-medidas-contra-efeitos-do-el-nino\\\/#listItem\",\"position\":3,\"name\":\"PBH dever\\u00e1 responder sobre medidas contra efeitos do El Ni\\u00f1o\",\"previousItem\":{\"@type\":\"ListItem\",\"@id\":\"https:\\\/\\\/www.encontrabelohorizonte.com.br\\\/sobre\\\/noticias\\\/#listItem\",\"name\":\"Not\\u00edcias Belo Horizonte\"}}]},{\"@type\":\"Organization\",\"@id\":\"https:\\\/\\\/www.encontrabelohorizonte.com.br\\\/sobre\\\/#organization\",\"name\":\"Encontra Belo Horizonte\",\"description\":\"Not\\u00edcias, eventos, informa\\u00e7\\u00f5es e dicas da cidade de Belo Horizonte e regi\\u00e3o\",\"url\":\"https:\\\/\\\/www.encontrabelohorizonte.com.br\\\/sobre\\\/\"},{\"@type\":\"Person\",\"@id\":\"https:\\\/\\\/www.encontrabelohorizonte.com.br\\\/sobre\\\/author\\\/ebelohorizonte\\\/#author\",\"url\":\"https:\\\/\\\/www.encontrabelohorizonte.com.br\\\/sobre\\\/author\\\/ebelohorizonte\\\/\",\"name\":\"Encontra Belo Horizonte\",\"image\":{\"@type\":\"ImageObject\",\"@id\":\"https:\\\/\\\/www.encontrabelohorizonte.com.br\\\/sobre\\\/pbh-devera-responder-sobre-medidas-contra-efeitos-do-el-nino\\\/#authorImage\",\"url\":\"https:\\\/\\\/secure.gravatar.com\\\/avatar\\\/507340682b8270222e1f208e23198b6ae7e2c6a1033ae84e99bc6bce4f82a387?s=96&d=mm&r=g\",\"width\":96,\"height\":96,\"caption\":\"Encontra Belo Horizonte\"}},{\"@type\":\"WebPage\",\"@id\":\"https:\\\/\\\/www.encontrabelohorizonte.com.br\\\/sobre\\\/pbh-devera-responder-sobre-medidas-contra-efeitos-do-el-nino\\\/#webpage\",\"url\":\"https:\\\/\\\/www.encontrabelohorizonte.com.br\\\/sobre\\\/pbh-devera-responder-sobre-medidas-contra-efeitos-do-el-nino\\\/\",\"name\":\"PBH dever\\u00e1 responder sobre medidas contra efeitos do El Ni\\u00f1o | Encontra Belo Horizonte\",\"description\":\"PBH deve tomar medidas para enfrentar os efeitos do El Ni\\u00f1o que se aproximam.\",\"inLanguage\":\"pt-BR\",\"isPartOf\":{\"@id\":\"https:\\\/\\\/www.encontrabelohorizonte.com.br\\\/sobre\\\/#website\"},\"breadcrumb\":{\"@id\":\"https:\\\/\\\/www.encontrabelohorizonte.com.br\\\/sobre\\\/pbh-devera-responder-sobre-medidas-contra-efeitos-do-el-nino\\\/#breadcrumblist\"},\"author\":{\"@id\":\"https:\\\/\\\/www.encontrabelohorizonte.com.br\\\/sobre\\\/author\\\/ebelohorizonte\\\/#author\"},\"creator\":{\"@id\":\"https:\\\/\\\/www.encontrabelohorizonte.com.br\\\/sobre\\\/author\\\/ebelohorizonte\\\/#author\"},\"image\":{\"@type\":\"ImageObject\",\"url\":\"https:\\\/\\\/www.encontrabelohorizonte.com.br\\\/sobre\\\/wp-content\\\/uploads\\\/pbh-devera-responder-sobre-medidas-contra-efeitos-do-el-nino.webp\",\"@id\":\"https:\\\/\\\/www.encontrabelohorizonte.com.br\\\/sobre\\\/pbh-devera-responder-sobre-medidas-contra-efeitos-do-el-nino\\\/#mainImage\",\"width\":280,\"height\":280,\"caption\":\"PBH dever\\u00e1 responder sobre medidas contra efeitos do El Ni\\u00f1o\"},\"primaryImageOfPage\":{\"@id\":\"https:\\\/\\\/www.encontrabelohorizonte.com.br\\\/sobre\\\/pbh-devera-responder-sobre-medidas-contra-efeitos-do-el-nino\\\/#mainImage\"},\"datePublished\":\"2026-08-18T05:46:37-03:00\",\"dateModified\":\"2026-08-18T05:46:37-03:00\"},{\"@type\":\"WebSite\",\"@id\":\"https:\\\/\\\/www.encontrabelohorizonte.com.br\\\/sobre\\\/#website\",\"url\":\"https:\\\/\\\/www.encontrabelohorizonte.com.br\\\/sobre\\\/\",\"name\":\"Encontra Belo Horizonte\",\"description\":\"Not\\u00edcias, eventos, informa\\u00e7\\u00f5es e dicas da cidade de Belo Horizonte e regi\\u00e3o\",\"inLanguage\":\"pt-BR\",\"publisher\":{\"@id\":\"https:\\\/\\\/www.encontrabelohorizonte.com.br\\\/sobre\\\/#organization\"}}]}\n\t\t<\/script>\n\t\t<!-- All in One SEO -->\n\n","aioseo_head_json":{"title":"PBH dever\u00e1 responder sobre medidas contra efeitos do El Ni\u00f1o | Encontra Belo Horizonte","description":"PBH deve tomar medidas para enfrentar os efeitos do El Ni\u00f1o que se aproximam.","canonical_url":"https:\/\/www.encontrabelohorizonte.com.br\/sobre\/pbh-devera-responder-sobre-medidas-contra-efeitos-do-el-nino\/","robots":"max-image-preview:large","keywords":"","webmasterTools":{"miscellaneous":""},"schema":{"@context":"https:\/\/schema.org","@graph":[{"@type":"Article","@id":"https:\/\/www.encontrabelohorizonte.com.br\/sobre\/pbh-devera-responder-sobre-medidas-contra-efeitos-do-el-nino\/#article","name":"PBH dever\u00e1 responder sobre medidas contra efeitos do El Ni\u00f1o | Encontra Belo Horizonte","headline":"PBH dever\u00e1 responder sobre medidas contra efeitos do El Ni\u00f1o","author":{"@id":"https:\/\/www.encontrabelohorizonte.com.br\/sobre\/author\/ebelohorizonte\/#author"},"publisher":{"@id":"https:\/\/www.encontrabelohorizonte.com.br\/sobre\/#organization"},"image":{"@type":"ImageObject","url":"https:\/\/www.encontrabelohorizonte.com.br\/sobre\/wp-content\/uploads\/pbh-devera-responder-sobre-medidas-contra-efeitos-do-el-nino.webp","width":280,"height":280,"caption":"PBH dever\u00e1 responder sobre medidas contra efeitos do El Ni\u00f1o"},"datePublished":"2026-08-18T05:46:37-03:00","dateModified":"2026-08-18T05:46:37-03:00","inLanguage":"pt-BR","mainEntityOfPage":{"@id":"https:\/\/www.encontrabelohorizonte.com.br\/sobre\/pbh-devera-responder-sobre-medidas-contra-efeitos-do-el-nino\/#webpage"},"isPartOf":{"@id":"https:\/\/www.encontrabelohorizonte.com.br\/sobre\/pbh-devera-responder-sobre-medidas-contra-efeitos-do-el-nino\/#webpage"},"articleSection":"Not\u00edcias Belo Horizonte"},{"@type":"BreadcrumbList","@id":"https:\/\/www.encontrabelohorizonte.com.br\/sobre\/pbh-devera-responder-sobre-medidas-contra-efeitos-do-el-nino\/#breadcrumblist","itemListElement":[{"@type":"ListItem","@id":"https:\/\/www.encontrabelohorizonte.com.br\/sobre#listItem","position":1,"name":"In\u00edcio","item":"https:\/\/www.encontrabelohorizonte.com.br\/sobre","nextItem":{"@type":"ListItem","@id":"https:\/\/www.encontrabelohorizonte.com.br\/sobre\/noticias\/#listItem","name":"Not\u00edcias Belo Horizonte"}},{"@type":"ListItem","@id":"https:\/\/www.encontrabelohorizonte.com.br\/sobre\/noticias\/#listItem","position":2,"name":"Not\u00edcias Belo Horizonte","item":"https:\/\/www.encontrabelohorizonte.com.br\/sobre\/noticias\/","nextItem":{"@type":"ListItem","@id":"https:\/\/www.encontrabelohorizonte.com.br\/sobre\/pbh-devera-responder-sobre-medidas-contra-efeitos-do-el-nino\/#listItem","name":"PBH dever\u00e1 responder sobre medidas contra efeitos do El Ni\u00f1o"},"previousItem":{"@type":"ListItem","@id":"https:\/\/www.encontrabelohorizonte.com.br\/sobre#listItem","name":"In\u00edcio"}},{"@type":"ListItem","@id":"https:\/\/www.encontrabelohorizonte.com.br\/sobre\/pbh-devera-responder-sobre-medidas-contra-efeitos-do-el-nino\/#listItem","position":3,"name":"PBH dever\u00e1 responder sobre medidas contra efeitos do El Ni\u00f1o","previousItem":{"@type":"ListItem","@id":"https:\/\/www.encontrabelohorizonte.com.br\/sobre\/noticias\/#listItem","name":"Not\u00edcias Belo Horizonte"}}]},{"@type":"Organization","@id":"https:\/\/www.encontrabelohorizonte.com.br\/sobre\/#organization","name":"Encontra Belo Horizonte","description":"Not\u00edcias, eventos, informa\u00e7\u00f5es e dicas da cidade de Belo Horizonte e regi\u00e3o","url":"https:\/\/www.encontrabelohorizonte.com.br\/sobre\/"},{"@type":"Person","@id":"https:\/\/www.encontrabelohorizonte.com.br\/sobre\/author\/ebelohorizonte\/#author","url":"https:\/\/www.encontrabelohorizonte.com.br\/sobre\/author\/ebelohorizonte\/","name":"Encontra Belo Horizonte","image":{"@type":"ImageObject","@id":"https:\/\/www.encontrabelohorizonte.com.br\/sobre\/pbh-devera-responder-sobre-medidas-contra-efeitos-do-el-nino\/#authorImage","url":"https:\/\/secure.gravatar.com\/avatar\/507340682b8270222e1f208e23198b6ae7e2c6a1033ae84e99bc6bce4f82a387?s=96&d=mm&r=g","width":96,"height":96,"caption":"Encontra Belo Horizonte"}},{"@type":"WebPage","@id":"https:\/\/www.encontrabelohorizonte.com.br\/sobre\/pbh-devera-responder-sobre-medidas-contra-efeitos-do-el-nino\/#webpage","url":"https:\/\/www.encontrabelohorizonte.com.br\/sobre\/pbh-devera-responder-sobre-medidas-contra-efeitos-do-el-nino\/","name":"PBH dever\u00e1 responder sobre medidas contra efeitos do El Ni\u00f1o | Encontra Belo Horizonte","description":"PBH deve tomar medidas para enfrentar os efeitos do El Ni\u00f1o que se aproximam.","inLanguage":"pt-BR","isPartOf":{"@id":"https:\/\/www.encontrabelohorizonte.com.br\/sobre\/#website"},"breadcrumb":{"@id":"https:\/\/www.encontrabelohorizonte.com.br\/sobre\/pbh-devera-responder-sobre-medidas-contra-efeitos-do-el-nino\/#breadcrumblist"},"author":{"@id":"https:\/\/www.encontrabelohorizonte.com.br\/sobre\/author\/ebelohorizonte\/#author"},"creator":{"@id":"https:\/\/www.encontrabelohorizonte.com.br\/sobre\/author\/ebelohorizonte\/#author"},"image":{"@type":"ImageObject","url":"https:\/\/www.encontrabelohorizonte.com.br\/sobre\/wp-content\/uploads\/pbh-devera-responder-sobre-medidas-contra-efeitos-do-el-nino.webp","@id":"https:\/\/www.encontrabelohorizonte.com.br\/sobre\/pbh-devera-responder-sobre-medidas-contra-efeitos-do-el-nino\/#mainImage","width":280,"height":280,"caption":"PBH dever\u00e1 responder sobre medidas contra efeitos do El Ni\u00f1o"},"primaryImageOfPage":{"@id":"https:\/\/www.encontrabelohorizonte.com.br\/sobre\/pbh-devera-responder-sobre-medidas-contra-efeitos-do-el-nino\/#mainImage"},"datePublished":"2026-08-18T05:46:37-03:00","dateModified":"2026-08-18T05:46:37-03:00"},{"@type":"WebSite","@id":"https:\/\/www.encontrabelohorizonte.com.br\/sobre\/#website","url":"https:\/\/www.encontrabelohorizonte.com.br\/sobre\/","name":"Encontra Belo Horizonte","description":"Not\u00edcias, eventos, informa\u00e7\u00f5es e dicas da cidade de Belo Horizonte e regi\u00e3o","inLanguage":"pt-BR","publisher":{"@id":"https:\/\/www.encontrabelohorizonte.com.br\/sobre\/#organization"}}]},"og:locale":"pt_BR","og:site_name":"Encontra Belo Horizonte | Not\u00edcias, eventos, informa\u00e7\u00f5es e dicas da cidade de Belo Horizonte e regi\u00e3o","og:type":"article","og:title":"PBH dever\u00e1 responder sobre medidas contra efeitos do El Ni\u00f1o | Encontra Belo Horizonte","og:description":"PBH deve tomar medidas para enfrentar os efeitos do El Ni\u00f1o que se aproximam.","og:url":"https:\/\/www.encontrabelohorizonte.com.br\/sobre\/pbh-devera-responder-sobre-medidas-contra-efeitos-do-el-nino\/","article:published_time":"2026-08-18T08:46:37+00:00","article:modified_time":"2026-08-18T08:46:37+00:00","twitter:card":"summary","twitter:title":"PBH dever\u00e1 responder sobre medidas contra efeitos do El Ni\u00f1o | Encontra Belo Horizonte","twitter:description":"PBH deve tomar medidas para enfrentar os efeitos do El Ni\u00f1o que se aproximam."},"aioseo_meta_data":{"post_id":"4655","title":null,"description":null,"keywords":null,"keyphrases":null,"primary_term":null,"canonical_url":null,"og_title":null,"og_description":null,"og_object_type":"default","og_image_type":"default","og_image_url":null,"og_image_width":null,"og_image_height":null,"og_image_custom_url":null,"og_image_custom_fields":null,"og_video":null,"og_custom_url":null,"og_article_section":null,"og_article_tags":null,"twitter_use_og":false,"twitter_card":"default","twitter_image_type":"default","twitter_image_url":null,"twitter_image_custom_url":null,"twitter_image_custom_fields":null,"twitter_title":null,"twitter_description":null,"schema":{"blockGraphs":[],"customGraphs":[],"default":{"data":{"Article":[],"Course":[],"Dataset":[],"FAQPage":[],"Movie":[],"Person":[],"Product":[],"ProductReview":[],"Car":[],"Recipe":[],"Service":[],"SoftwareApplication":[],"WebPage":[]},"graphName":"Article","isEnabled":true},"graphs":[]},"schema_type":"default","schema_type_options":null,"pillar_content":false,"robots_default":true,"robots_noindex":false,"robots_noarchive":false,"robots_nosnippet":false,"robots_nofollow":false,"robots_noimageindex":false,"robots_noodp":false,"robots_notranslate":false,"robots_max_snippet":null,"robots_max_videopreview":null,"robots_max_imagepreview":"large","priority":null,"frequency":null,"local_seo":null,"breadcrumb_settings":null,"limit_modified_date":false,"ai":null,"created":"2026-08-18 08:46:37","updated":"2026-08-18 09:07:09","focus_keyword":null,"additional_keywords":null,"truseo_locale":null,"seo_analyzer_scan_date":null},"aioseo_breadcrumb":"<div class=\"aioseo-breadcrumbs\"><span class=\"aioseo-breadcrumb\">\n\t\t\t<a href=\"https:\/\/www.encontrabelohorizonte.com.br\/sobre\" title=\"In\u00edcio\">In\u00edcio<\/a>\n\t\t<\/span><span class=\"aioseo-breadcrumb-separator\">&raquo;<\/span><span class=\"aioseo-breadcrumb\">\n\t\t\t<a href=\"https:\/\/www.encontrabelohorizonte.com.br\/sobre\/noticias\/\" title=\"Not\u00edcias Belo Horizonte\">Not\u00edcias Belo Horizonte<\/a>\n\t\t<\/span><span class=\"aioseo-breadcrumb-separator\">&raquo;<\/span><span class=\"aioseo-breadcrumb\">\n\t\t\tPBH dever\u00e1 responder sobre medidas contra efeitos do El Ni\u00f1o\n\t\t<\/span><\/div>","aioseo_breadcrumb_json":[{"label":"In\u00edcio","link":"https:\/\/www.encontrabelohorizonte.com.br\/sobre"},{"label":"Not\u00edcias Belo Horizonte","link":"https:\/\/www.encontrabelohorizonte.com.br\/sobre\/noticias\/"},{"label":"PBH dever\u00e1 responder sobre medidas contra efeitos do El Ni\u00f1o","link":"https:\/\/www.encontrabelohorizonte.com.br\/sobre\/pbh-devera-responder-sobre-medidas-contra-efeitos-do-el-nino\/"}],"_links":{"self":[{"href":"https:\/\/www.encontrabelohorizonte.com.br\/sobre\/wp-json\/wp\/v2\/posts\/4655","targetHints":{"allow":["GET"]}}],"collection":[{"href":"https:\/\/www.encontrabelohorizonte.com.br\/sobre\/wp-json\/wp\/v2\/posts"}],"about":[{"href":"https:\/\/www.encontrabelohorizonte.com.br\/sobre\/wp-json\/wp\/v2\/types\/post"}],"author":[{"embeddable":true,"href":"https:\/\/www.encontrabelohorizonte.com.br\/sobre\/wp-json\/wp\/v2\/users\/1"}],"replies":[{"embeddable":true,"href":"https:\/\/www.encontrabelohorizonte.com.br\/sobre\/wp-json\/wp\/v2\/comments?post=4655"}],"version-history":[{"count":0,"href":"https:\/\/www.encontrabelohorizonte.com.br\/sobre\/wp-json\/wp\/v2\/posts\/4655\/revisions"}],"wp:featuredmedia":[{"embeddable":true,"href":"https:\/\/www.encontrabelohorizonte.com.br\/sobre\/wp-json\/wp\/v2\/media\/4654"}],"wp:attachment":[{"href":"https:\/\/www.encontrabelohorizonte.com.br\/sobre\/wp-json\/wp\/v2\/media?parent=4655"}],"wp:term":[{"taxonomy":"category","embeddable":true,"href":"https:\/\/www.encontrabelohorizonte.com.br\/sobre\/wp-json\/wp\/v2\/categories?post=4655"},{"taxonomy":"post_tag","embeddable":true,"href":"https:\/\/www.encontrabelohorizonte.com.br\/sobre\/wp-json\/wp\/v2\/tags?post=4655"}],"curies":[{"name":"wp","href":"https:\/\/api.w.org\/{rel}","templated":true}]}}