{"id":4663,"date":"2026-08-19T05:47:36","date_gmt":"2026-08-19T08:47:36","guid":{"rendered":"https:\/\/www.encontrabelohorizonte.com.br\/sobre\/previsao-do-tempo-hoje-para-belo-horizonte-mg-dia-de-sol-com-nevoa-fraca-ao-amanhecer\/"},"modified":"2026-08-19T05:47:36","modified_gmt":"2026-08-19T08:47:36","slug":"previsao-do-tempo-hoje-para-belo-horizonte-mg-dia-de-sol-com-nevoa-fraca-ao-amanhecer","status":"publish","type":"post","link":"https:\/\/www.encontrabelohorizonte.com.br\/sobre\/previsao-do-tempo-hoje-para-belo-horizonte-mg-dia-de-sol-com-nevoa-fraca-ao-amanhecer\/","title":{"rendered":"Previs\u00e3o do tempo hoje para Belo Horizonte (MG): dia de sol com n\u00e9voa fraca ao amanhecer"},"content":{"rendered":"<div class=\"2e083cf0b19e2c11948dc6ac054ba979\" data-index=\"1\" style=\"float: none; margin:0px;\">\n<!-- Anuncio display - global -->\r\n<ins class=\"adsbygoogle\"\r\n     style=\"display:block\"\r\n     data-ad-client=\"ca-pub-8585364105181520\"\r\n     data-ad-slot=\"8789329856\"\r\n     data-ad-format=\"auto\"\r\n     data-full-width-responsive=\"true\"><\/ins>\r\n<script>\r\n     (adsbygoogle = window.adsbygoogle || []).push({});\r\n<\/script>\n<\/div>\n<h2>Temperaturas M\u00ednimas e M\u00e1ximas<\/h2>\n<p>No dia de hoje, em Belo Horizonte, as temperaturas variam consideravelmente. Durante a madrugada, a m\u00ednima registrada ser\u00e1 de <strong>12\u00baC<\/strong>, propiciando uma sensa\u00e7\u00e3o de frescor. Conforme o sol se eleva, a temperatura m\u00e1xima pode chegar a <strong>30\u00baC<\/strong>, prometendo um dia ensolarado e agrad\u00e1vel para atividades ao ar livre.<\/p>\n<h2>Expectativas para a Manh\u00e3<\/h2>\n<p>A manh\u00e3 se iniciar\u00e1 com a presen\u00e7a de sol, possivelmente com algumas nuvens dispersas no c\u00e9u. Esta combina\u00e7\u00e3o proporciona um clima ameno, ideal para aqueles que desejam aproveitar as horas iniciais do dia. A n\u00e9voa fraca prevista pode ser observada ao amanhecer, mas se dissipar\u00e1 rapidamente, permitindo que a luz do sol predomine.<\/p>\n<h2>O Tempo \u00e0 Tarde<\/h2>\n<p>\u00c0 medida que a tarde avan\u00e7a, o clima se tornar\u00e1 ainda mais ensolarado. Espera-se que o sol brilhe intensamente, e as temperaturas estar\u00e3o mais altas, atingindo a marca de <strong>30\u00baC<\/strong>. Esta \u00e9 uma excelente oportunidade para desfrutar de atividades externas, como caminhadas em parques ou visitas a pontos tur\u00edsticos da cidade.<\/p>\n<p><img decoding=\"async\" src=\"https:\/\/www.encontrabelohorizonte.com.br\/sobre\/wp-content\/uploads\/previsao-do-tempo-hoje-para-belo-horizonte-mg-dia-de-sol-com-nevoa-fraca-ao-amanhecer.webp\" alt=\"previs\u00e3o do tempo Belo Horizonte\" loading=\"lazy\" \/><\/p>\n<h2>O Que Esperar na Noite<\/h2>\n<p>No per\u00edodo da noite, as condi\u00e7\u00f5es clim\u00e1ticas continuam favor\u00e1veis. O c\u00e9u estar\u00e1 limpo e sem nuvens, proporcionando uma vista clara das estrelas. Essa previsibilidade no clima noturno \u00e9 ideal para um jantar ao ar livre ou eventos sociais, pois a temperatura deve cair para um patamar confort\u00e1vel.<\/p>\n<h2>Previs\u00e3o do Tempo Amanh\u00e3<\/h2>\n<p>Para a pr\u00f3xima quinta-feira, espera-se um cen\u00e1rio igualmente favor\u00e1vel. O dia ser\u00e1 ensolarado, sem a presen\u00e7a de nuvens, o que favorecer\u00e1 atividades na cidade e passeios em fam\u00edlia. A noite tamb\u00e9m dever\u00e1 ser clara e tranquila, mantendo o padr\u00e3o agrad\u00e1vel verificado nos dias anteriores.<\/p>\n<h2>Mudan\u00e7as Clim\u00e1ticas em Belo Horizonte<\/h2>\n<p>A cidade de Belo Horizonte, assim como outras regi\u00f5es do Brasil, tem sentido os efeitos das mudan\u00e7as clim\u00e1ticas. O aumento da temperatura m\u00e9dia nos \u00faltimos anos provoca reflexos nos padr\u00f5es de ventos e incid\u00eancia de chuvas, o que pode afetar a qualidade do ar e a sa\u00fade ambiental da regi\u00e3o.<\/p>\n<h2>Impacto do Clima na Rotina<\/h2>\n<p>O clima decidido por altas temperaturas e dias ensolarados impacta diretamente a rotina dos moradores de Belo Horizonte. As pessoas tendem a sair de casa com mais frequ\u00eancia e realizar atividades externas, como esportes, piqueniques e encontros com amigos. No entanto, essa mesma condi\u00e7\u00e3o tamb\u00e9m pode levar a um aumento na procura por hidrata\u00e7\u00e3o e prote\u00e7\u00e3o solar, evitando assim problemas relacionados ao calor excessivo.<\/p>\n<h2>Dicas para Aproveitar o Dia de Sol<\/h2>\n<p>Para maximizar sua experi\u00eancia em um dia ensolarado, aqui est\u00e3o algumas dicas: <\/p>\n<ul>\n<li><strong>Hidrata\u00e7\u00e3o:<\/strong> Mantenha-se bem hidratado, bebendo \u00e1gua frequentemente.<\/li>\n<li><strong>Protetor Solar:<\/strong> Aplique protetor solar para se proteger dos raios UV.<\/li>\n<li><strong>Roupas Leves:<\/strong> Opte por roupas leves e de cores claras, que ajudam a refletir a luz solar.<\/li>\n<li><strong>Hor\u00e1rios em Exteriores:<\/strong> Prefira atividades ao ar livre nas horas em que a temperatura \u00e9 mais amena, como pela manh\u00e3 e ao fim da tarde.<\/li>\n<\/ul>\n<h2>Como a N\u00e9voa Afeta a Visibilidade<\/h2>\n<p>A n\u00e9voa que pode se formar ao amanhecer tende a afetar a visibilidade, especialmente nas primeiras horas do dia. Em caso de deslocamento, recomendo dirigir com cautela e em baixa velocidade, j\u00e1 que a visibilidade pode ser reduzida. A maioria das n\u00e9voas se dissipa rapidamente com o aumento da temperatura, portanto, o cuidado deve ser mantido apenas durante a manh\u00e3.<\/p>\n<h2>Sugest\u00f5es para Atividades ao Ar Livre<\/h2>\n<p>Enquanto Belo Horizonte apresenta um clima ensolarado, h\u00e1 diversas op\u00e7\u00f5es de lazer ao ar livre. Aqui est\u00e3o algumas sugest\u00f5es:<\/p>\n<ul>\n<li><strong>Passeios em Parques:<\/strong> Visite o Parque Municipal ou a Lagoa da Pampulha para um dia agrad\u00e1vel em meio \u00e0 natureza.<\/li>\n<li><strong>Caminhadas e Corridas:<\/strong> Aproveite as trilhas e ciclovias dispon\u00edveis na cidade.<\/li>\n<li><strong>Piqueniques:<\/strong> Organize um piquenique em fam\u00edlia ou com amigos, promovendo intera\u00e7\u00e3o social e lazer.<\/li>\n<li><strong>Visitas a Museus:<\/strong> Combine a atmosfera externa com cultura, visitando museus e exposi\u00e7\u00f5es ao ar livre.<\/li>\n<\/ul>\n<h2>Considera\u00e7\u00f5es Finais<\/h2>\n<p>Com o clima favor\u00e1vel e as temperaturas amenas, Belo Horizonte se torna um destino ideal para aproveitar uma variedade de atividades ao ar livre. As previs\u00f5es indicam que tanto hoje quanto amanh\u00e3 ser\u00e3o dias ensolarados, permitindo que os moradores e visitantes explorem tudo o que a cidade tem a oferecer.<\/p>\n\n<div style=\"font-size: 0px; height: 0px; line-height: 0px; margin: 0; padding: 0; clear: both;\"><\/div>","protected":false},"excerpt":{"rendered":"<p>Previs\u00e3o do tempo em Belo Horizonte: dia ensolarado com n\u00e9voa pela manh\u00e3.<\/p>\n","protected":false},"author":1,"featured_media":4662,"comment_status":"closed","ping_status":"closed","sticky":false,"template":"","format":"standard","meta":{"footnotes":""},"categories":[6],"tags":[],"class_list":["post-4663","post","type-post","status-publish","format-standard","has-post-thumbnail","hentry","category-noticias","has_thumb"],"aioseo_notices":[],"aioseo_head":"\n\t\t<!-- All in One SEO 5.0.0.1 - aioseo.com -->\n\t<meta name=\"description\" content=\"Previs\u00e3o do tempo em Belo Horizonte: dia ensolarado com n\u00e9voa pela manh\u00e3.\" \/>\n\t<meta name=\"robots\" content=\"max-image-preview:large\" \/>\n\t<meta name=\"author\" content=\"Encontra Belo Horizonte\"\/>\n\t<link rel=\"canonical\" href=\"https:\/\/www.encontrabelohorizonte.com.br\/sobre\/previsao-do-tempo-hoje-para-belo-horizonte-mg-dia-de-sol-com-nevoa-fraca-ao-amanhecer\/\" \/>\n\t<meta name=\"generator\" content=\"All in One SEO (AIOSEO) 5.0.0.1\" \/>\n\t\t<meta property=\"og:locale\" content=\"pt_BR\" \/>\n\t\t<meta property=\"og:site_name\" content=\"Encontra Belo Horizonte | Not\u00edcias, eventos, informa\u00e7\u00f5es e dicas da cidade de Belo Horizonte e regi\u00e3o\" \/>\n\t\t<meta property=\"og:type\" content=\"article\" \/>\n\t\t<meta property=\"og:title\" content=\"Previs\u00e3o do tempo hoje para Belo Horizonte (MG): dia de sol com n\u00e9voa fraca ao amanhecer | Encontra Belo Horizonte\" \/>\n\t\t<meta property=\"og:description\" content=\"Previs\u00e3o do tempo em Belo Horizonte: dia ensolarado com n\u00e9voa pela manh\u00e3.\" \/>\n\t\t<meta property=\"og:url\" content=\"https:\/\/www.encontrabelohorizonte.com.br\/sobre\/previsao-do-tempo-hoje-para-belo-horizonte-mg-dia-de-sol-com-nevoa-fraca-ao-amanhecer\/\" \/>\n\t\t<meta property=\"article:published_time\" content=\"2026-08-19T08:47:36+00:00\" \/>\n\t\t<meta property=\"article:modified_time\" content=\"2026-08-19T08:47:36+00:00\" \/>\n\t\t<meta name=\"twitter:card\" content=\"summary\" \/>\n\t\t<meta name=\"twitter:title\" content=\"Previs\u00e3o do tempo hoje para Belo Horizonte (MG): dia de sol com n\u00e9voa fraca ao amanhecer | Encontra Belo Horizonte\" \/>\n\t\t<meta name=\"twitter:description\" content=\"Previs\u00e3o do tempo em Belo Horizonte: dia ensolarado com n\u00e9voa pela manh\u00e3.\" \/>\n\t\t<script type=\"application\/ld+json\" class=\"aioseo-schema\">\n\t\t\t{\"@context\":\"https:\\\/\\\/schema.org\",\"@graph\":[{\"@type\":\"Article\",\"@id\":\"https:\\\/\\\/www.encontrabelohorizonte.com.br\\\/sobre\\\/previsao-do-tempo-hoje-para-belo-horizonte-mg-dia-de-sol-com-nevoa-fraca-ao-amanhecer\\\/#article\",\"name\":\"Previs\\u00e3o do tempo hoje para Belo Horizonte (MG): dia de sol com n\\u00e9voa fraca ao amanhecer | Encontra Belo Horizonte\",\"headline\":\"Previs\\u00e3o do tempo hoje para Belo Horizonte (MG): dia de sol com n\\u00e9voa fraca ao amanhecer\",\"author\":{\"@id\":\"https:\\\/\\\/www.encontrabelohorizonte.com.br\\\/sobre\\\/author\\\/ebelohorizonte\\\/#author\"},\"publisher\":{\"@id\":\"https:\\\/\\\/www.encontrabelohorizonte.com.br\\\/sobre\\\/#organization\"},\"image\":{\"@type\":\"ImageObject\",\"url\":\"https:\\\/\\\/www.encontrabelohorizonte.com.br\\\/sobre\\\/wp-content\\\/uploads\\\/previsao-do-tempo-hoje-para-belo-horizonte-mg-dia-de-sol-com-nevoa-fraca-ao-amanhecer.webp\",\"width\":280,\"height\":280,\"caption\":\"previs\\u00e3o do tempo Belo Horizonte\"},\"datePublished\":\"2026-08-19T05:47:36-03:00\",\"dateModified\":\"2026-08-19T05:47:36-03:00\",\"inLanguage\":\"pt-BR\",\"mainEntityOfPage\":{\"@id\":\"https:\\\/\\\/www.encontrabelohorizonte.com.br\\\/sobre\\\/previsao-do-tempo-hoje-para-belo-horizonte-mg-dia-de-sol-com-nevoa-fraca-ao-amanhecer\\\/#webpage\"},\"isPartOf\":{\"@id\":\"https:\\\/\\\/www.encontrabelohorizonte.com.br\\\/sobre\\\/previsao-do-tempo-hoje-para-belo-horizonte-mg-dia-de-sol-com-nevoa-fraca-ao-amanhecer\\\/#webpage\"},\"articleSection\":\"Not\\u00edcias Belo Horizonte\"},{\"@type\":\"BreadcrumbList\",\"@id\":\"https:\\\/\\\/www.encontrabelohorizonte.com.br\\\/sobre\\\/previsao-do-tempo-hoje-para-belo-horizonte-mg-dia-de-sol-com-nevoa-fraca-ao-amanhecer\\\/#breadcrumblist\",\"itemListElement\":[{\"@type\":\"ListItem\",\"@id\":\"https:\\\/\\\/www.encontrabelohorizonte.com.br\\\/sobre#listItem\",\"position\":1,\"name\":\"In\\u00edcio\",\"item\":\"https:\\\/\\\/www.encontrabelohorizonte.com.br\\\/sobre\",\"nextItem\":{\"@type\":\"ListItem\",\"@id\":\"https:\\\/\\\/www.encontrabelohorizonte.com.br\\\/sobre\\\/noticias\\\/#listItem\",\"name\":\"Not\\u00edcias Belo Horizonte\"}},{\"@type\":\"ListItem\",\"@id\":\"https:\\\/\\\/www.encontrabelohorizonte.com.br\\\/sobre\\\/noticias\\\/#listItem\",\"position\":2,\"name\":\"Not\\u00edcias Belo Horizonte\",\"item\":\"https:\\\/\\\/www.encontrabelohorizonte.com.br\\\/sobre\\\/noticias\\\/\",\"nextItem\":{\"@type\":\"ListItem\",\"@id\":\"https:\\\/\\\/www.encontrabelohorizonte.com.br\\\/sobre\\\/previsao-do-tempo-hoje-para-belo-horizonte-mg-dia-de-sol-com-nevoa-fraca-ao-amanhecer\\\/#listItem\",\"name\":\"Previs\\u00e3o do tempo hoje para Belo Horizonte (MG): dia de sol com n\\u00e9voa fraca ao amanhecer\"},\"previousItem\":{\"@type\":\"ListItem\",\"@id\":\"https:\\\/\\\/www.encontrabelohorizonte.com.br\\\/sobre#listItem\",\"name\":\"In\\u00edcio\"}},{\"@type\":\"ListItem\",\"@id\":\"https:\\\/\\\/www.encontrabelohorizonte.com.br\\\/sobre\\\/previsao-do-tempo-hoje-para-belo-horizonte-mg-dia-de-sol-com-nevoa-fraca-ao-amanhecer\\\/#listItem\",\"position\":3,\"name\":\"Previs\\u00e3o do tempo hoje para Belo Horizonte (MG): dia de sol com n\\u00e9voa fraca ao amanhecer\",\"previousItem\":{\"@type\":\"ListItem\",\"@id\":\"https:\\\/\\\/www.encontrabelohorizonte.com.br\\\/sobre\\\/noticias\\\/#listItem\",\"name\":\"Not\\u00edcias Belo Horizonte\"}}]},{\"@type\":\"Organization\",\"@id\":\"https:\\\/\\\/www.encontrabelohorizonte.com.br\\\/sobre\\\/#organization\",\"name\":\"Encontra Belo Horizonte\",\"description\":\"Not\\u00edcias, eventos, informa\\u00e7\\u00f5es e dicas da cidade de Belo Horizonte e regi\\u00e3o\",\"url\":\"https:\\\/\\\/www.encontrabelohorizonte.com.br\\\/sobre\\\/\"},{\"@type\":\"Person\",\"@id\":\"https:\\\/\\\/www.encontrabelohorizonte.com.br\\\/sobre\\\/author\\\/ebelohorizonte\\\/#author\",\"url\":\"https:\\\/\\\/www.encontrabelohorizonte.com.br\\\/sobre\\\/author\\\/ebelohorizonte\\\/\",\"name\":\"Encontra Belo Horizonte\",\"image\":{\"@type\":\"ImageObject\",\"@id\":\"https:\\\/\\\/www.encontrabelohorizonte.com.br\\\/sobre\\\/previsao-do-tempo-hoje-para-belo-horizonte-mg-dia-de-sol-com-nevoa-fraca-ao-amanhecer\\\/#authorImage\",\"url\":\"https:\\\/\\\/secure.gravatar.com\\\/avatar\\\/507340682b8270222e1f208e23198b6ae7e2c6a1033ae84e99bc6bce4f82a387?s=96&d=mm&r=g\",\"width\":96,\"height\":96,\"caption\":\"Encontra Belo Horizonte\"}},{\"@type\":\"WebPage\",\"@id\":\"https:\\\/\\\/www.encontrabelohorizonte.com.br\\\/sobre\\\/previsao-do-tempo-hoje-para-belo-horizonte-mg-dia-de-sol-com-nevoa-fraca-ao-amanhecer\\\/#webpage\",\"url\":\"https:\\\/\\\/www.encontrabelohorizonte.com.br\\\/sobre\\\/previsao-do-tempo-hoje-para-belo-horizonte-mg-dia-de-sol-com-nevoa-fraca-ao-amanhecer\\\/\",\"name\":\"Previs\\u00e3o do tempo hoje para Belo Horizonte (MG): dia de sol com n\\u00e9voa fraca ao amanhecer | Encontra Belo Horizonte\",\"description\":\"Previs\\u00e3o do tempo em Belo Horizonte: dia ensolarado com n\\u00e9voa pela manh\\u00e3.\",\"inLanguage\":\"pt-BR\",\"isPartOf\":{\"@id\":\"https:\\\/\\\/www.encontrabelohorizonte.com.br\\\/sobre\\\/#website\"},\"breadcrumb\":{\"@id\":\"https:\\\/\\\/www.encontrabelohorizonte.com.br\\\/sobre\\\/previsao-do-tempo-hoje-para-belo-horizonte-mg-dia-de-sol-com-nevoa-fraca-ao-amanhecer\\\/#breadcrumblist\"},\"author\":{\"@id\":\"https:\\\/\\\/www.encontrabelohorizonte.com.br\\\/sobre\\\/author\\\/ebelohorizonte\\\/#author\"},\"creator\":{\"@id\":\"https:\\\/\\\/www.encontrabelohorizonte.com.br\\\/sobre\\\/author\\\/ebelohorizonte\\\/#author\"},\"image\":{\"@type\":\"ImageObject\",\"url\":\"https:\\\/\\\/www.encontrabelohorizonte.com.br\\\/sobre\\\/wp-content\\\/uploads\\\/previsao-do-tempo-hoje-para-belo-horizonte-mg-dia-de-sol-com-nevoa-fraca-ao-amanhecer.webp\",\"@id\":\"https:\\\/\\\/www.encontrabelohorizonte.com.br\\\/sobre\\\/previsao-do-tempo-hoje-para-belo-horizonte-mg-dia-de-sol-com-nevoa-fraca-ao-amanhecer\\\/#mainImage\",\"width\":280,\"height\":280,\"caption\":\"previs\\u00e3o do tempo Belo Horizonte\"},\"primaryImageOfPage\":{\"@id\":\"https:\\\/\\\/www.encontrabelohorizonte.com.br\\\/sobre\\\/previsao-do-tempo-hoje-para-belo-horizonte-mg-dia-de-sol-com-nevoa-fraca-ao-amanhecer\\\/#mainImage\"},\"datePublished\":\"2026-08-19T05:47:36-03:00\",\"dateModified\":\"2026-08-19T05:47:36-03:00\"},{\"@type\":\"WebSite\",\"@id\":\"https:\\\/\\\/www.encontrabelohorizonte.com.br\\\/sobre\\\/#website\",\"url\":\"https:\\\/\\\/www.encontrabelohorizonte.com.br\\\/sobre\\\/\",\"name\":\"Encontra Belo Horizonte\",\"description\":\"Not\\u00edcias, eventos, informa\\u00e7\\u00f5es e dicas da cidade de Belo Horizonte e regi\\u00e3o\",\"inLanguage\":\"pt-BR\",\"publisher\":{\"@id\":\"https:\\\/\\\/www.encontrabelohorizonte.com.br\\\/sobre\\\/#organization\"}}]}\n\t\t<\/script>\n\t\t<!-- All in One SEO -->\n\n","aioseo_head_json":{"title":"Previs\u00e3o do tempo hoje para Belo Horizonte (MG): dia de sol com n\u00e9voa fraca ao amanhecer | Encontra Belo Horizonte","description":"Previs\u00e3o do tempo em Belo Horizonte: dia ensolarado com n\u00e9voa pela manh\u00e3.","canonical_url":"https:\/\/www.encontrabelohorizonte.com.br\/sobre\/previsao-do-tempo-hoje-para-belo-horizonte-mg-dia-de-sol-com-nevoa-fraca-ao-amanhecer\/","robots":"max-image-preview:large","keywords":"","webmasterTools":{"miscellaneous":""},"schema":{"@context":"https:\/\/schema.org","@graph":[{"@type":"Article","@id":"https:\/\/www.encontrabelohorizonte.com.br\/sobre\/previsao-do-tempo-hoje-para-belo-horizonte-mg-dia-de-sol-com-nevoa-fraca-ao-amanhecer\/#article","name":"Previs\u00e3o do tempo hoje para Belo Horizonte (MG): dia de sol com n\u00e9voa fraca ao amanhecer | Encontra Belo Horizonte","headline":"Previs\u00e3o do tempo hoje para Belo Horizonte (MG): dia de sol com n\u00e9voa fraca ao amanhecer","author":{"@id":"https:\/\/www.encontrabelohorizonte.com.br\/sobre\/author\/ebelohorizonte\/#author"},"publisher":{"@id":"https:\/\/www.encontrabelohorizonte.com.br\/sobre\/#organization"},"image":{"@type":"ImageObject","url":"https:\/\/www.encontrabelohorizonte.com.br\/sobre\/wp-content\/uploads\/previsao-do-tempo-hoje-para-belo-horizonte-mg-dia-de-sol-com-nevoa-fraca-ao-amanhecer.webp","width":280,"height":280,"caption":"previs\u00e3o do tempo Belo Horizonte"},"datePublished":"2026-08-19T05:47:36-03:00","dateModified":"2026-08-19T05:47:36-03:00","inLanguage":"pt-BR","mainEntityOfPage":{"@id":"https:\/\/www.encontrabelohorizonte.com.br\/sobre\/previsao-do-tempo-hoje-para-belo-horizonte-mg-dia-de-sol-com-nevoa-fraca-ao-amanhecer\/#webpage"},"isPartOf":{"@id":"https:\/\/www.encontrabelohorizonte.com.br\/sobre\/previsao-do-tempo-hoje-para-belo-horizonte-mg-dia-de-sol-com-nevoa-fraca-ao-amanhecer\/#webpage"},"articleSection":"Not\u00edcias Belo Horizonte"},{"@type":"BreadcrumbList","@id":"https:\/\/www.encontrabelohorizonte.com.br\/sobre\/previsao-do-tempo-hoje-para-belo-horizonte-mg-dia-de-sol-com-nevoa-fraca-ao-amanhecer\/#breadcrumblist","itemListElement":[{"@type":"ListItem","@id":"https:\/\/www.encontrabelohorizonte.com.br\/sobre#listItem","position":1,"name":"In\u00edcio","item":"https:\/\/www.encontrabelohorizonte.com.br\/sobre","nextItem":{"@type":"ListItem","@id":"https:\/\/www.encontrabelohorizonte.com.br\/sobre\/noticias\/#listItem","name":"Not\u00edcias Belo Horizonte"}},{"@type":"ListItem","@id":"https:\/\/www.encontrabelohorizonte.com.br\/sobre\/noticias\/#listItem","position":2,"name":"Not\u00edcias Belo Horizonte","item":"https:\/\/www.encontrabelohorizonte.com.br\/sobre\/noticias\/","nextItem":{"@type":"ListItem","@id":"https:\/\/www.encontrabelohorizonte.com.br\/sobre\/previsao-do-tempo-hoje-para-belo-horizonte-mg-dia-de-sol-com-nevoa-fraca-ao-amanhecer\/#listItem","name":"Previs\u00e3o do tempo hoje para Belo Horizonte (MG): dia de sol com n\u00e9voa fraca ao amanhecer"},"previousItem":{"@type":"ListItem","@id":"https:\/\/www.encontrabelohorizonte.com.br\/sobre#listItem","name":"In\u00edcio"}},{"@type":"ListItem","@id":"https:\/\/www.encontrabelohorizonte.com.br\/sobre\/previsao-do-tempo-hoje-para-belo-horizonte-mg-dia-de-sol-com-nevoa-fraca-ao-amanhecer\/#listItem","position":3,"name":"Previs\u00e3o do tempo hoje para Belo Horizonte (MG): dia de sol com n\u00e9voa fraca ao amanhecer","previousItem":{"@type":"ListItem","@id":"https:\/\/www.encontrabelohorizonte.com.br\/sobre\/noticias\/#listItem","name":"Not\u00edcias Belo Horizonte"}}]},{"@type":"Organization","@id":"https:\/\/www.encontrabelohorizonte.com.br\/sobre\/#organization","name":"Encontra Belo Horizonte","description":"Not\u00edcias, eventos, informa\u00e7\u00f5es e dicas da cidade de Belo Horizonte e regi\u00e3o","url":"https:\/\/www.encontrabelohorizonte.com.br\/sobre\/"},{"@type":"Person","@id":"https:\/\/www.encontrabelohorizonte.com.br\/sobre\/author\/ebelohorizonte\/#author","url":"https:\/\/www.encontrabelohorizonte.com.br\/sobre\/author\/ebelohorizonte\/","name":"Encontra Belo Horizonte","image":{"@type":"ImageObject","@id":"https:\/\/www.encontrabelohorizonte.com.br\/sobre\/previsao-do-tempo-hoje-para-belo-horizonte-mg-dia-de-sol-com-nevoa-fraca-ao-amanhecer\/#authorImage","url":"https:\/\/secure.gravatar.com\/avatar\/507340682b8270222e1f208e23198b6ae7e2c6a1033ae84e99bc6bce4f82a387?s=96&d=mm&r=g","width":96,"height":96,"caption":"Encontra Belo Horizonte"}},{"@type":"WebPage","@id":"https:\/\/www.encontrabelohorizonte.com.br\/sobre\/previsao-do-tempo-hoje-para-belo-horizonte-mg-dia-de-sol-com-nevoa-fraca-ao-amanhecer\/#webpage","url":"https:\/\/www.encontrabelohorizonte.com.br\/sobre\/previsao-do-tempo-hoje-para-belo-horizonte-mg-dia-de-sol-com-nevoa-fraca-ao-amanhecer\/","name":"Previs\u00e3o do tempo hoje para Belo Horizonte (MG): dia de sol com n\u00e9voa fraca ao amanhecer | Encontra Belo Horizonte","description":"Previs\u00e3o do tempo em Belo Horizonte: dia ensolarado com n\u00e9voa pela manh\u00e3.","inLanguage":"pt-BR","isPartOf":{"@id":"https:\/\/www.encontrabelohorizonte.com.br\/sobre\/#website"},"breadcrumb":{"@id":"https:\/\/www.encontrabelohorizonte.com.br\/sobre\/previsao-do-tempo-hoje-para-belo-horizonte-mg-dia-de-sol-com-nevoa-fraca-ao-amanhecer\/#breadcrumblist"},"author":{"@id":"https:\/\/www.encontrabelohorizonte.com.br\/sobre\/author\/ebelohorizonte\/#author"},"creator":{"@id":"https:\/\/www.encontrabelohorizonte.com.br\/sobre\/author\/ebelohorizonte\/#author"},"image":{"@type":"ImageObject","url":"https:\/\/www.encontrabelohorizonte.com.br\/sobre\/wp-content\/uploads\/previsao-do-tempo-hoje-para-belo-horizonte-mg-dia-de-sol-com-nevoa-fraca-ao-amanhecer.webp","@id":"https:\/\/www.encontrabelohorizonte.com.br\/sobre\/previsao-do-tempo-hoje-para-belo-horizonte-mg-dia-de-sol-com-nevoa-fraca-ao-amanhecer\/#mainImage","width":280,"height":280,"caption":"previs\u00e3o do tempo Belo Horizonte"},"primaryImageOfPage":{"@id":"https:\/\/www.encontrabelohorizonte.com.br\/sobre\/previsao-do-tempo-hoje-para-belo-horizonte-mg-dia-de-sol-com-nevoa-fraca-ao-amanhecer\/#mainImage"},"datePublished":"2026-08-19T05:47:36-03:00","dateModified":"2026-08-19T05:47:36-03:00"},{"@type":"WebSite","@id":"https:\/\/www.encontrabelohorizonte.com.br\/sobre\/#website","url":"https:\/\/www.encontrabelohorizonte.com.br\/sobre\/","name":"Encontra Belo Horizonte","description":"Not\u00edcias, eventos, informa\u00e7\u00f5es e dicas da cidade de Belo Horizonte e regi\u00e3o","inLanguage":"pt-BR","publisher":{"@id":"https:\/\/www.encontrabelohorizonte.com.br\/sobre\/#organization"}}]},"og:locale":"pt_BR","og:site_name":"Encontra Belo Horizonte | Not\u00edcias, eventos, informa\u00e7\u00f5es e dicas da cidade de Belo Horizonte e regi\u00e3o","og:type":"article","og:title":"Previs\u00e3o do tempo hoje para Belo Horizonte (MG): dia de sol com n\u00e9voa fraca ao amanhecer | Encontra Belo Horizonte","og:description":"Previs\u00e3o do tempo em Belo Horizonte: dia ensolarado com n\u00e9voa pela manh\u00e3.","og:url":"https:\/\/www.encontrabelohorizonte.com.br\/sobre\/previsao-do-tempo-hoje-para-belo-horizonte-mg-dia-de-sol-com-nevoa-fraca-ao-amanhecer\/","article:published_time":"2026-08-19T08:47:36+00:00","article:modified_time":"2026-08-19T08:47:36+00:00","twitter:card":"summary","twitter:title":"Previs\u00e3o do tempo hoje para Belo Horizonte (MG): dia de sol com n\u00e9voa fraca ao amanhecer | Encontra Belo Horizonte","twitter:description":"Previs\u00e3o do tempo em Belo Horizonte: dia ensolarado com n\u00e9voa pela manh\u00e3."},"aioseo_meta_data":{"post_id":"4663","title":null,"description":null,"keywords":null,"keyphrases":null,"primary_term":null,"canonical_url":null,"og_title":null,"og_description":null,"og_object_type":"default","og_image_type":"default","og_image_url":null,"og_image_width":null,"og_image_height":null,"og_image_custom_url":null,"og_image_custom_fields":null,"og_video":null,"og_custom_url":null,"og_article_section":null,"og_article_tags":null,"twitter_use_og":false,"twitter_card":"default","twitter_image_type":"default","twitter_image_url":null,"twitter_image_custom_url":null,"twitter_image_custom_fields":null,"twitter_title":null,"twitter_description":null,"schema":{"blockGraphs":[],"customGraphs":[],"default":{"data":{"Article":[],"Course":[],"Dataset":[],"FAQPage":[],"Movie":[],"Person":[],"Product":[],"ProductReview":[],"Car":[],"Recipe":[],"Service":[],"SoftwareApplication":[],"WebPage":[]},"graphName":"Article","isEnabled":true},"graphs":[]},"schema_type":"default","schema_type_options":null,"pillar_content":false,"robots_default":true,"robots_noindex":false,"robots_noarchive":false,"robots_nosnippet":false,"robots_nofollow":false,"robots_noimageindex":false,"robots_noodp":false,"robots_notranslate":false,"robots_max_snippet":null,"robots_max_videopreview":null,"robots_max_imagepreview":"large","priority":null,"frequency":null,"local_seo":null,"breadcrumb_settings":null,"limit_modified_date":false,"ai":null,"created":"2026-08-19 08:47:36","updated":"2026-08-19 08:47:36","focus_keyword":null,"additional_keywords":null,"truseo_locale":null,"seo_analyzer_scan_date":null},"aioseo_breadcrumb":"<div class=\"aioseo-breadcrumbs\"><span class=\"aioseo-breadcrumb\">\n\t\t\t<a href=\"https:\/\/www.encontrabelohorizonte.com.br\/sobre\" title=\"In\u00edcio\">In\u00edcio<\/a>\n\t\t<\/span><span class=\"aioseo-breadcrumb-separator\">&raquo;<\/span><span class=\"aioseo-breadcrumb\">\n\t\t\t<a href=\"https:\/\/www.encontrabelohorizonte.com.br\/sobre\/noticias\/\" title=\"Not\u00edcias Belo Horizonte\">Not\u00edcias Belo Horizonte<\/a>\n\t\t<\/span><span class=\"aioseo-breadcrumb-separator\">&raquo;<\/span><span class=\"aioseo-breadcrumb\">\n\t\t\tPrevis\u00e3o do tempo hoje para Belo Horizonte (MG): dia de sol com n\u00e9voa fraca ao amanhecer\n\t\t<\/span><\/div>","aioseo_breadcrumb_json":[{"label":"In\u00edcio","link":"https:\/\/www.encontrabelohorizonte.com.br\/sobre"},{"label":"Not\u00edcias Belo Horizonte","link":"https:\/\/www.encontrabelohorizonte.com.br\/sobre\/noticias\/"},{"label":"Previs\u00e3o do tempo hoje para Belo Horizonte (MG): dia de sol com n\u00e9voa fraca ao amanhecer","link":"https:\/\/www.encontrabelohorizonte.com.br\/sobre\/previsao-do-tempo-hoje-para-belo-horizonte-mg-dia-de-sol-com-nevoa-fraca-ao-amanhecer\/"}],"_links":{"self":[{"href":"https:\/\/www.encontrabelohorizonte.com.br\/sobre\/wp-json\/wp\/v2\/posts\/4663","targetHints":{"allow":["GET"]}}],"collection":[{"href":"https:\/\/www.encontrabelohorizonte.com.br\/sobre\/wp-json\/wp\/v2\/posts"}],"about":[{"href":"https:\/\/www.encontrabelohorizonte.com.br\/sobre\/wp-json\/wp\/v2\/types\/post"}],"author":[{"embeddable":true,"href":"https:\/\/www.encontrabelohorizonte.com.br\/sobre\/wp-json\/wp\/v2\/users\/1"}],"replies":[{"embeddable":true,"href":"https:\/\/www.encontrabelohorizonte.com.br\/sobre\/wp-json\/wp\/v2\/comments?post=4663"}],"version-history":[{"count":0,"href":"https:\/\/www.encontrabelohorizonte.com.br\/sobre\/wp-json\/wp\/v2\/posts\/4663\/revisions"}],"wp:featuredmedia":[{"embeddable":true,"href":"https:\/\/www.encontrabelohorizonte.com.br\/sobre\/wp-json\/wp\/v2\/media\/4662"}],"wp:attachment":[{"href":"https:\/\/www.encontrabelohorizonte.com.br\/sobre\/wp-json\/wp\/v2\/media?parent=4663"}],"wp:term":[{"taxonomy":"category","embeddable":true,"href":"https:\/\/www.encontrabelohorizonte.com.br\/sobre\/wp-json\/wp\/v2\/categories?post=4663"},{"taxonomy":"post_tag","embeddable":true,"href":"https:\/\/www.encontrabelohorizonte.com.br\/sobre\/wp-json\/wp\/v2\/tags?post=4663"}],"curies":[{"name":"wp","href":"https:\/\/api.w.org\/{rel}","templated":true}]}}