{"id":4677,"date":"2026-08-20T20:59:12","date_gmt":"2026-08-20T23:59:12","guid":{"rendered":"https:\/\/www.encontrabelohorizonte.com.br\/sobre\/belo-horizonte-recebe-conexao-cnm\/"},"modified":"2026-08-20T20:59:12","modified_gmt":"2026-08-20T23:59:12","slug":"belo-horizonte-recebe-conexao-cnm","status":"publish","type":"post","link":"https:\/\/www.encontrabelohorizonte.com.br\/sobre\/belo-horizonte-recebe-conexao-cnm\/","title":{"rendered":"Belo Horizonte recebe Conex\u00e3o CNM"},"content":{"rendered":"<div class=\"2e083cf0b19e2c11948dc6ac054ba979\" data-index=\"1\" style=\"float: none; margin:0px;\">\n<!-- Anuncio display - global -->\r\n<ins class=\"adsbygoogle\"\r\n     style=\"display:block\"\r\n     data-ad-client=\"ca-pub-8585364105181520\"\r\n     data-ad-slot=\"8789329856\"\r\n     data-ad-format=\"auto\"\r\n     data-full-width-responsive=\"true\"><\/ins>\r\n<script>\r\n     (adsbygoogle = window.adsbygoogle || []).push({});\r\n<\/script>\n<\/div>\n<h2>Import\u00e2ncia da Qualifica\u00e7\u00e3o na Gest\u00e3o Municipal<\/h2>\n<p>A qualifica\u00e7\u00e3o na gest\u00e3o municipal \u00e9 crucial para o desenvolvimento de pr\u00e1ticas eficazes que atendam \u00e0s necessidades da popula\u00e7\u00e3o. Com o crescimento das demandas sociais e a complexidade dos desafios enfrentados, \u00e9 essencial que os gestores p\u00fablicos estejam bem preparados. O investimento em capacita\u00e7\u00f5es n\u00e3o apenas melhora a efici\u00eancia administrativa, mas tamb\u00e9m fortalece a governan\u00e7a e a transpar\u00eancia no setor p\u00fablico.<\/p>\n<h2>Desafios da Educa\u00e7\u00e3o Infantil no Contexto Atual<\/h2>\n<p>A educa\u00e7\u00e3o infantil se apresenta como uma das etapas mais fundamentais na forma\u00e7\u00e3o de cidad\u00e3os. Neste contexto, diversos desafios surgem, como a adequa\u00e7\u00e3o dos curr\u00edculos, a forma\u00e7\u00e3o de professores e o acesso \u00e0s institui\u00e7\u00f5es de ensino. Os gestores devem se empenhar em criar pol\u00edticas que promovam a inclus\u00e3o e a qualidade, levando em conta as diferen\u00e7as regionais e as necessidades espec\u00edficas de cada comunidade.<\/p>\n<h2>Educa\u00e7\u00e3o em Tempo Integral: Oportunidades e Desafios<\/h2>\n<p>O modelo de educa\u00e7\u00e3o em tempo integral \u00e9 uma proposta que visa ampliar as oportunidades de aprendizado e desenvolvimento dos alunos. No entanto, a implementa\u00e7\u00e3o desse sistema n\u00e3o ocorre sem dificuldades. A falta de infraestrutura adequada, a escassez de recursos e a necessidade de forma\u00e7\u00e3o cont\u00ednua para os docentes s\u00e3o algumas das barreiras que os munic\u00edpios enfrentam. Uma gest\u00e3o eficaz deve buscar parcerias e investimentos para que a educa\u00e7\u00e3o em tempo integral seja uma realidade acess\u00edvel e de qualidade.<\/p>\n<p><img decoding=\"async\" src=\"https:\/\/www.encontrabelohorizonte.com.br\/sobre\/wp-content\/uploads\/belo-horizonte-recebe-conexao-cnm.webp\" alt=\"Conex\u00e3o CNM\" loading=\"lazy\" \/><\/p>\n<h2>Piso Nacional do Magist\u00e9rio: Novas Diretrizes<\/h2>\n<p>O Piso Nacional do Magist\u00e9rio estabelece par\u00e2metros importantes para a valoriza\u00e7\u00e3o dos profissionais da educa\u00e7\u00e3o. A nova legisla\u00e7\u00e3o traz diretrizes que visam melhorar as condi\u00e7\u00f5es de trabalho e a remunera\u00e7\u00e3o dos docentes. \u00c9 fundamental que os munic\u00edpios conhe\u00e7am essas diretrizes e discutam sua aplica\u00e7\u00e3o, garantindo que os benef\u00edcios cheguem efetivamente a quem atua na educa\u00e7\u00e3o.<\/p>\n<h2>Carreira do Magist\u00e9rio: Avan\u00e7os e Perspectivas<\/h2>\n<p>A carreira do magist\u00e9rio \u00e9 um aspecto essencial para a valoriza\u00e7\u00e3o do ensino. Nos \u00faltimos anos, v\u00e1rias iniciativas t\u00eam sido implementadas para aprimorar a forma\u00e7\u00e3o e a valoriza\u00e7\u00e3o dos educadores. A discuss\u00e3o sobre as diretrizes de carreira deve ser constante, buscando solu\u00e7\u00f5es que reconhe\u00e7am o papel dos professores e ofere\u00e7am perspectivas reais de crescimento profissional. Isso envolve treinamento, incentivos e reconhecimento das realiza\u00e7\u00f5es.<\/p>\n<h2>Programa\u00e7\u00e3o do Evento: Detalhes Imperd\u00edveis<\/h2>\n<p>A programa\u00e7\u00e3o do curso **Conex\u00e3o CNM \u2013 Qualifica**, que ocorre no dia 16 de setembro de 2026, se divide em dois per\u00edodos. Na parte da manh\u00e3, ser\u00e3o abordados os desafios da gest\u00e3o da educa\u00e7\u00e3o municipal, focando na educa\u00e7\u00e3o infantil e na educa\u00e7\u00e3o em tempo integral. No per\u00edodo da tarde, o tema ser\u00e1 o piso nacional do magist\u00e9rio e as novas diretrizes sobre carreira do professor.<\/p>\n<ul>\n<li><strong>Manh\u00e3:<\/strong><\/li>\n<ul>\n<li>Desafios da gest\u00e3o da educa\u00e7\u00e3o municipal: Educa\u00e7\u00e3o Infantil.<\/li>\n<li>Desafios da gest\u00e3o da educa\u00e7\u00e3o municipal: Educa\u00e7\u00e3o em Tempo Integral.<\/li>\n<\/ul>\n<li><strong>Tarde:<\/strong><\/li>\n<ul>\n<li>Piso nacional do magist\u00e9rio e novo crit\u00e9rio de reajuste \u2013 Lei 15.437\/2026.<\/li>\n<li>Carreira do magist\u00e9rio: diretrizes nacionais e possibilidades de aperfei\u00e7oamento da carreira.<\/li>\n<\/ul>\n<\/ul>\n<h2>P\u00fablico-Alvo: Quem Deve Participar?<\/h2>\n<p>Este curso \u00e9 voltado para prefeitos(as), vice-prefeitos(as), secret\u00e1rios(as), gestores e t\u00e9cnicos de educa\u00e7\u00e3o que desejam se atualizar e aprimorar suas pr\u00e1ticas na gest\u00e3o educacional. A participa\u00e7\u00e3o \u00e9 relevante para todos aqueles empenhados em melhorar a qualidade da educa\u00e7\u00e3o em seus munic\u00edpios.<\/p>\n<h2>Inscri\u00e7\u00e3o Gratuita: Como Participar do Evento<\/h2>\n<p>A inscri\u00e7\u00e3o para o evento \u00e9 gratuita para os munic\u00edpios filiados \u00e0 CNM que estiverem em dia com suas contribui\u00e7\u00f5es. Munic\u00edpios n\u00e3o filiados e outros interessados podem participar mediante o pagamento de uma taxa. Para se inscrever, basta acessar o link disponibilizado.<\/p>\n<h2>Local do Evento: Holiday Inn Savassi<\/h2>\n<p>O curso acontecer\u00e1 no Holiday Inn Belo Horizonte Savassi, situado na Rua Professor Moraes, 600 &#8211; Belo Horizonte\/MG, CEP: 30150-370. O local foi escolhido por oferecer um ambiente prop\u00edcio para a troca de ideias e aprendizado.<\/p>\n<h2>Mais Informa\u00e7\u00f5es e Contato<\/h2>\n<p>Para obter mais informa\u00e7\u00f5es sobre o evento, os interessados podem entrar em contato atrav\u00e9s do e-mail contato@conexaocnm.org.br ou pelo WhatsApp (51) 99215-3439. N\u00e3o perca a oportunidade de se qualificar e contribuir para a melhoria da educa\u00e7\u00e3o no seu munic\u00edpio!<\/p>\n\n<div style=\"font-size: 0px; height: 0px; line-height: 0px; margin: 0; padding: 0; clear: both;\"><\/div>","protected":false},"excerpt":{"rendered":"<p>Belo Horizonte recebe Conex\u00e3o CNM \u2013 Qualifica: um evento transformador para a educa\u00e7\u00e3o municipal.<\/p>\n","protected":false},"author":1,"featured_media":4676,"comment_status":"closed","ping_status":"closed","sticky":false,"template":"","format":"standard","meta":{"footnotes":""},"categories":[6],"tags":[],"class_list":["post-4677","post","type-post","status-publish","format-standard","has-post-thumbnail","hentry","category-noticias","has_thumb"],"aioseo_notices":[],"aioseo_head":"\n\t\t<!-- All in One SEO 5.0.0.1 - aioseo.com -->\n\t<meta name=\"description\" content=\"Belo Horizonte recebe Conex\u00e3o CNM \u2013 Qualifica: um evento transformador para a educa\u00e7\u00e3o municipal.\" \/>\n\t<meta name=\"robots\" content=\"max-image-preview:large\" \/>\n\t<meta name=\"author\" content=\"Encontra Belo Horizonte\"\/>\n\t<link rel=\"canonical\" href=\"https:\/\/www.encontrabelohorizonte.com.br\/sobre\/belo-horizonte-recebe-conexao-cnm\/\" \/>\n\t<meta name=\"generator\" content=\"All in One SEO (AIOSEO) 5.0.0.1\" \/>\n\t\t<meta property=\"og:locale\" content=\"pt_BR\" \/>\n\t\t<meta property=\"og:site_name\" content=\"Encontra Belo Horizonte | Not\u00edcias, eventos, informa\u00e7\u00f5es e dicas da cidade de Belo Horizonte e regi\u00e3o\" \/>\n\t\t<meta property=\"og:type\" content=\"article\" \/>\n\t\t<meta property=\"og:title\" content=\"Belo Horizonte recebe Conex\u00e3o CNM | Encontra Belo Horizonte\" \/>\n\t\t<meta property=\"og:description\" content=\"Belo Horizonte recebe Conex\u00e3o CNM \u2013 Qualifica: um evento transformador para a educa\u00e7\u00e3o municipal.\" \/>\n\t\t<meta property=\"og:url\" content=\"https:\/\/www.encontrabelohorizonte.com.br\/sobre\/belo-horizonte-recebe-conexao-cnm\/\" \/>\n\t\t<meta property=\"article:published_time\" content=\"2026-08-20T23:59:12+00:00\" \/>\n\t\t<meta property=\"article:modified_time\" content=\"2026-08-20T23:59:12+00:00\" \/>\n\t\t<meta name=\"twitter:card\" content=\"summary\" \/>\n\t\t<meta name=\"twitter:title\" content=\"Belo Horizonte recebe Conex\u00e3o CNM | Encontra Belo Horizonte\" \/>\n\t\t<meta name=\"twitter:description\" content=\"Belo Horizonte recebe Conex\u00e3o CNM \u2013 Qualifica: um evento transformador para a educa\u00e7\u00e3o municipal.\" \/>\n\t\t<script type=\"application\/ld+json\" class=\"aioseo-schema\">\n\t\t\t{\"@context\":\"https:\\\/\\\/schema.org\",\"@graph\":[{\"@type\":\"Article\",\"@id\":\"https:\\\/\\\/www.encontrabelohorizonte.com.br\\\/sobre\\\/belo-horizonte-recebe-conexao-cnm\\\/#article\",\"name\":\"Belo Horizonte recebe Conex\\u00e3o CNM | Encontra Belo Horizonte\",\"headline\":\"Belo Horizonte recebe Conex\\u00e3o CNM\",\"author\":{\"@id\":\"https:\\\/\\\/www.encontrabelohorizonte.com.br\\\/sobre\\\/author\\\/ebelohorizonte\\\/#author\"},\"publisher\":{\"@id\":\"https:\\\/\\\/www.encontrabelohorizonte.com.br\\\/sobre\\\/#organization\"},\"image\":{\"@type\":\"ImageObject\",\"url\":\"https:\\\/\\\/www.encontrabelohorizonte.com.br\\\/sobre\\\/wp-content\\\/uploads\\\/belo-horizonte-recebe-conexao-cnm.webp\",\"width\":280,\"height\":280,\"caption\":\"Conex\\u00e3o CNM\"},\"datePublished\":\"2026-08-20T20:59:12-03:00\",\"dateModified\":\"2026-08-20T20:59:12-03:00\",\"inLanguage\":\"pt-BR\",\"mainEntityOfPage\":{\"@id\":\"https:\\\/\\\/www.encontrabelohorizonte.com.br\\\/sobre\\\/belo-horizonte-recebe-conexao-cnm\\\/#webpage\"},\"isPartOf\":{\"@id\":\"https:\\\/\\\/www.encontrabelohorizonte.com.br\\\/sobre\\\/belo-horizonte-recebe-conexao-cnm\\\/#webpage\"},\"articleSection\":\"Not\\u00edcias Belo Horizonte\"},{\"@type\":\"BreadcrumbList\",\"@id\":\"https:\\\/\\\/www.encontrabelohorizonte.com.br\\\/sobre\\\/belo-horizonte-recebe-conexao-cnm\\\/#breadcrumblist\",\"itemListElement\":[{\"@type\":\"ListItem\",\"@id\":\"https:\\\/\\\/www.encontrabelohorizonte.com.br\\\/sobre#listItem\",\"position\":1,\"name\":\"In\\u00edcio\",\"item\":\"https:\\\/\\\/www.encontrabelohorizonte.com.br\\\/sobre\",\"nextItem\":{\"@type\":\"ListItem\",\"@id\":\"https:\\\/\\\/www.encontrabelohorizonte.com.br\\\/sobre\\\/noticias\\\/#listItem\",\"name\":\"Not\\u00edcias Belo Horizonte\"}},{\"@type\":\"ListItem\",\"@id\":\"https:\\\/\\\/www.encontrabelohorizonte.com.br\\\/sobre\\\/noticias\\\/#listItem\",\"position\":2,\"name\":\"Not\\u00edcias Belo Horizonte\",\"item\":\"https:\\\/\\\/www.encontrabelohorizonte.com.br\\\/sobre\\\/noticias\\\/\",\"nextItem\":{\"@type\":\"ListItem\",\"@id\":\"https:\\\/\\\/www.encontrabelohorizonte.com.br\\\/sobre\\\/belo-horizonte-recebe-conexao-cnm\\\/#listItem\",\"name\":\"Belo Horizonte recebe Conex\\u00e3o CNM\"},\"previousItem\":{\"@type\":\"ListItem\",\"@id\":\"https:\\\/\\\/www.encontrabelohorizonte.com.br\\\/sobre#listItem\",\"name\":\"In\\u00edcio\"}},{\"@type\":\"ListItem\",\"@id\":\"https:\\\/\\\/www.encontrabelohorizonte.com.br\\\/sobre\\\/belo-horizonte-recebe-conexao-cnm\\\/#listItem\",\"position\":3,\"name\":\"Belo Horizonte recebe Conex\\u00e3o CNM\",\"previousItem\":{\"@type\":\"ListItem\",\"@id\":\"https:\\\/\\\/www.encontrabelohorizonte.com.br\\\/sobre\\\/noticias\\\/#listItem\",\"name\":\"Not\\u00edcias Belo Horizonte\"}}]},{\"@type\":\"Organization\",\"@id\":\"https:\\\/\\\/www.encontrabelohorizonte.com.br\\\/sobre\\\/#organization\",\"name\":\"Encontra Belo Horizonte\",\"description\":\"Not\\u00edcias, eventos, informa\\u00e7\\u00f5es e dicas da cidade de Belo Horizonte e regi\\u00e3o\",\"url\":\"https:\\\/\\\/www.encontrabelohorizonte.com.br\\\/sobre\\\/\"},{\"@type\":\"Person\",\"@id\":\"https:\\\/\\\/www.encontrabelohorizonte.com.br\\\/sobre\\\/author\\\/ebelohorizonte\\\/#author\",\"url\":\"https:\\\/\\\/www.encontrabelohorizonte.com.br\\\/sobre\\\/author\\\/ebelohorizonte\\\/\",\"name\":\"Encontra Belo Horizonte\",\"image\":{\"@type\":\"ImageObject\",\"@id\":\"https:\\\/\\\/www.encontrabelohorizonte.com.br\\\/sobre\\\/belo-horizonte-recebe-conexao-cnm\\\/#authorImage\",\"url\":\"https:\\\/\\\/secure.gravatar.com\\\/avatar\\\/507340682b8270222e1f208e23198b6ae7e2c6a1033ae84e99bc6bce4f82a387?s=96&d=mm&r=g\",\"width\":96,\"height\":96,\"caption\":\"Encontra Belo Horizonte\"}},{\"@type\":\"WebPage\",\"@id\":\"https:\\\/\\\/www.encontrabelohorizonte.com.br\\\/sobre\\\/belo-horizonte-recebe-conexao-cnm\\\/#webpage\",\"url\":\"https:\\\/\\\/www.encontrabelohorizonte.com.br\\\/sobre\\\/belo-horizonte-recebe-conexao-cnm\\\/\",\"name\":\"Belo Horizonte recebe Conex\\u00e3o CNM | Encontra Belo Horizonte\",\"description\":\"Belo Horizonte recebe Conex\\u00e3o CNM \\u2013 Qualifica: um evento transformador para a educa\\u00e7\\u00e3o municipal.\",\"inLanguage\":\"pt-BR\",\"isPartOf\":{\"@id\":\"https:\\\/\\\/www.encontrabelohorizonte.com.br\\\/sobre\\\/#website\"},\"breadcrumb\":{\"@id\":\"https:\\\/\\\/www.encontrabelohorizonte.com.br\\\/sobre\\\/belo-horizonte-recebe-conexao-cnm\\\/#breadcrumblist\"},\"author\":{\"@id\":\"https:\\\/\\\/www.encontrabelohorizonte.com.br\\\/sobre\\\/author\\\/ebelohorizonte\\\/#author\"},\"creator\":{\"@id\":\"https:\\\/\\\/www.encontrabelohorizonte.com.br\\\/sobre\\\/author\\\/ebelohorizonte\\\/#author\"},\"image\":{\"@type\":\"ImageObject\",\"url\":\"https:\\\/\\\/www.encontrabelohorizonte.com.br\\\/sobre\\\/wp-content\\\/uploads\\\/belo-horizonte-recebe-conexao-cnm.webp\",\"@id\":\"https:\\\/\\\/www.encontrabelohorizonte.com.br\\\/sobre\\\/belo-horizonte-recebe-conexao-cnm\\\/#mainImage\",\"width\":280,\"height\":280,\"caption\":\"Conex\\u00e3o CNM\"},\"primaryImageOfPage\":{\"@id\":\"https:\\\/\\\/www.encontrabelohorizonte.com.br\\\/sobre\\\/belo-horizonte-recebe-conexao-cnm\\\/#mainImage\"},\"datePublished\":\"2026-08-20T20:59:12-03:00\",\"dateModified\":\"2026-08-20T20:59:12-03:00\"},{\"@type\":\"WebSite\",\"@id\":\"https:\\\/\\\/www.encontrabelohorizonte.com.br\\\/sobre\\\/#website\",\"url\":\"https:\\\/\\\/www.encontrabelohorizonte.com.br\\\/sobre\\\/\",\"name\":\"Encontra Belo Horizonte\",\"description\":\"Not\\u00edcias, eventos, informa\\u00e7\\u00f5es e dicas da cidade de Belo Horizonte e regi\\u00e3o\",\"inLanguage\":\"pt-BR\",\"publisher\":{\"@id\":\"https:\\\/\\\/www.encontrabelohorizonte.com.br\\\/sobre\\\/#organization\"}}]}\n\t\t<\/script>\n\t\t<!-- All in One SEO -->\n\n","aioseo_head_json":{"title":"Belo Horizonte recebe Conex\u00e3o CNM | Encontra Belo Horizonte","description":"Belo Horizonte recebe Conex\u00e3o CNM \u2013 Qualifica: um evento transformador para a educa\u00e7\u00e3o municipal.","canonical_url":"https:\/\/www.encontrabelohorizonte.com.br\/sobre\/belo-horizonte-recebe-conexao-cnm\/","robots":"max-image-preview:large","keywords":"","webmasterTools":{"miscellaneous":""},"schema":{"@context":"https:\/\/schema.org","@graph":[{"@type":"Article","@id":"https:\/\/www.encontrabelohorizonte.com.br\/sobre\/belo-horizonte-recebe-conexao-cnm\/#article","name":"Belo Horizonte recebe Conex\u00e3o CNM | Encontra Belo Horizonte","headline":"Belo Horizonte recebe Conex\u00e3o CNM","author":{"@id":"https:\/\/www.encontrabelohorizonte.com.br\/sobre\/author\/ebelohorizonte\/#author"},"publisher":{"@id":"https:\/\/www.encontrabelohorizonte.com.br\/sobre\/#organization"},"image":{"@type":"ImageObject","url":"https:\/\/www.encontrabelohorizonte.com.br\/sobre\/wp-content\/uploads\/belo-horizonte-recebe-conexao-cnm.webp","width":280,"height":280,"caption":"Conex\u00e3o CNM"},"datePublished":"2026-08-20T20:59:12-03:00","dateModified":"2026-08-20T20:59:12-03:00","inLanguage":"pt-BR","mainEntityOfPage":{"@id":"https:\/\/www.encontrabelohorizonte.com.br\/sobre\/belo-horizonte-recebe-conexao-cnm\/#webpage"},"isPartOf":{"@id":"https:\/\/www.encontrabelohorizonte.com.br\/sobre\/belo-horizonte-recebe-conexao-cnm\/#webpage"},"articleSection":"Not\u00edcias Belo Horizonte"},{"@type":"BreadcrumbList","@id":"https:\/\/www.encontrabelohorizonte.com.br\/sobre\/belo-horizonte-recebe-conexao-cnm\/#breadcrumblist","itemListElement":[{"@type":"ListItem","@id":"https:\/\/www.encontrabelohorizonte.com.br\/sobre#listItem","position":1,"name":"In\u00edcio","item":"https:\/\/www.encontrabelohorizonte.com.br\/sobre","nextItem":{"@type":"ListItem","@id":"https:\/\/www.encontrabelohorizonte.com.br\/sobre\/noticias\/#listItem","name":"Not\u00edcias Belo Horizonte"}},{"@type":"ListItem","@id":"https:\/\/www.encontrabelohorizonte.com.br\/sobre\/noticias\/#listItem","position":2,"name":"Not\u00edcias Belo Horizonte","item":"https:\/\/www.encontrabelohorizonte.com.br\/sobre\/noticias\/","nextItem":{"@type":"ListItem","@id":"https:\/\/www.encontrabelohorizonte.com.br\/sobre\/belo-horizonte-recebe-conexao-cnm\/#listItem","name":"Belo Horizonte recebe Conex\u00e3o CNM"},"previousItem":{"@type":"ListItem","@id":"https:\/\/www.encontrabelohorizonte.com.br\/sobre#listItem","name":"In\u00edcio"}},{"@type":"ListItem","@id":"https:\/\/www.encontrabelohorizonte.com.br\/sobre\/belo-horizonte-recebe-conexao-cnm\/#listItem","position":3,"name":"Belo Horizonte recebe Conex\u00e3o CNM","previousItem":{"@type":"ListItem","@id":"https:\/\/www.encontrabelohorizonte.com.br\/sobre\/noticias\/#listItem","name":"Not\u00edcias Belo Horizonte"}}]},{"@type":"Organization","@id":"https:\/\/www.encontrabelohorizonte.com.br\/sobre\/#organization","name":"Encontra Belo Horizonte","description":"Not\u00edcias, eventos, informa\u00e7\u00f5es e dicas da cidade de Belo Horizonte e regi\u00e3o","url":"https:\/\/www.encontrabelohorizonte.com.br\/sobre\/"},{"@type":"Person","@id":"https:\/\/www.encontrabelohorizonte.com.br\/sobre\/author\/ebelohorizonte\/#author","url":"https:\/\/www.encontrabelohorizonte.com.br\/sobre\/author\/ebelohorizonte\/","name":"Encontra Belo Horizonte","image":{"@type":"ImageObject","@id":"https:\/\/www.encontrabelohorizonte.com.br\/sobre\/belo-horizonte-recebe-conexao-cnm\/#authorImage","url":"https:\/\/secure.gravatar.com\/avatar\/507340682b8270222e1f208e23198b6ae7e2c6a1033ae84e99bc6bce4f82a387?s=96&d=mm&r=g","width":96,"height":96,"caption":"Encontra Belo Horizonte"}},{"@type":"WebPage","@id":"https:\/\/www.encontrabelohorizonte.com.br\/sobre\/belo-horizonte-recebe-conexao-cnm\/#webpage","url":"https:\/\/www.encontrabelohorizonte.com.br\/sobre\/belo-horizonte-recebe-conexao-cnm\/","name":"Belo Horizonte recebe Conex\u00e3o CNM | Encontra Belo Horizonte","description":"Belo Horizonte recebe Conex\u00e3o CNM \u2013 Qualifica: um evento transformador para a educa\u00e7\u00e3o municipal.","inLanguage":"pt-BR","isPartOf":{"@id":"https:\/\/www.encontrabelohorizonte.com.br\/sobre\/#website"},"breadcrumb":{"@id":"https:\/\/www.encontrabelohorizonte.com.br\/sobre\/belo-horizonte-recebe-conexao-cnm\/#breadcrumblist"},"author":{"@id":"https:\/\/www.encontrabelohorizonte.com.br\/sobre\/author\/ebelohorizonte\/#author"},"creator":{"@id":"https:\/\/www.encontrabelohorizonte.com.br\/sobre\/author\/ebelohorizonte\/#author"},"image":{"@type":"ImageObject","url":"https:\/\/www.encontrabelohorizonte.com.br\/sobre\/wp-content\/uploads\/belo-horizonte-recebe-conexao-cnm.webp","@id":"https:\/\/www.encontrabelohorizonte.com.br\/sobre\/belo-horizonte-recebe-conexao-cnm\/#mainImage","width":280,"height":280,"caption":"Conex\u00e3o CNM"},"primaryImageOfPage":{"@id":"https:\/\/www.encontrabelohorizonte.com.br\/sobre\/belo-horizonte-recebe-conexao-cnm\/#mainImage"},"datePublished":"2026-08-20T20:59:12-03:00","dateModified":"2026-08-20T20:59:12-03:00"},{"@type":"WebSite","@id":"https:\/\/www.encontrabelohorizonte.com.br\/sobre\/#website","url":"https:\/\/www.encontrabelohorizonte.com.br\/sobre\/","name":"Encontra Belo Horizonte","description":"Not\u00edcias, eventos, informa\u00e7\u00f5es e dicas da cidade de Belo Horizonte e regi\u00e3o","inLanguage":"pt-BR","publisher":{"@id":"https:\/\/www.encontrabelohorizonte.com.br\/sobre\/#organization"}}]},"og:locale":"pt_BR","og:site_name":"Encontra Belo Horizonte | Not\u00edcias, eventos, informa\u00e7\u00f5es e dicas da cidade de Belo Horizonte e regi\u00e3o","og:type":"article","og:title":"Belo Horizonte recebe Conex\u00e3o CNM | Encontra Belo Horizonte","og:description":"Belo Horizonte recebe Conex\u00e3o CNM \u2013 Qualifica: um evento transformador para a educa\u00e7\u00e3o municipal.","og:url":"https:\/\/www.encontrabelohorizonte.com.br\/sobre\/belo-horizonte-recebe-conexao-cnm\/","article:published_time":"2026-08-20T23:59:12+00:00","article:modified_time":"2026-08-20T23:59:12+00:00","twitter:card":"summary","twitter:title":"Belo Horizonte recebe Conex\u00e3o CNM | Encontra Belo Horizonte","twitter:description":"Belo Horizonte recebe Conex\u00e3o CNM \u2013 Qualifica: um evento transformador para a educa\u00e7\u00e3o municipal."},"aioseo_meta_data":{"post_id":"4677","title":null,"description":null,"keywords":null,"keyphrases":null,"primary_term":null,"canonical_url":null,"og_title":null,"og_description":null,"og_object_type":"default","og_image_type":"default","og_image_url":null,"og_image_width":null,"og_image_height":null,"og_image_custom_url":null,"og_image_custom_fields":null,"og_video":null,"og_custom_url":null,"og_article_section":null,"og_article_tags":null,"twitter_use_og":false,"twitter_card":"default","twitter_image_type":"default","twitter_image_url":null,"twitter_image_custom_url":null,"twitter_image_custom_fields":null,"twitter_title":null,"twitter_description":null,"schema":{"blockGraphs":[],"customGraphs":[],"default":{"data":{"Article":[],"Course":[],"Dataset":[],"FAQPage":[],"Movie":[],"Person":[],"Product":[],"ProductReview":[],"Car":[],"Recipe":[],"Service":[],"SoftwareApplication":[],"WebPage":[]},"graphName":"Article","isEnabled":true},"graphs":[]},"schema_type":"default","schema_type_options":null,"pillar_content":false,"robots_default":true,"robots_noindex":false,"robots_noarchive":false,"robots_nosnippet":false,"robots_nofollow":false,"robots_noimageindex":false,"robots_noodp":false,"robots_notranslate":false,"robots_max_snippet":null,"robots_max_videopreview":null,"robots_max_imagepreview":"large","priority":null,"frequency":null,"local_seo":null,"breadcrumb_settings":null,"limit_modified_date":false,"ai":null,"created":"2026-08-20 23:59:12","updated":"2026-08-21 00:14:52","focus_keyword":null,"additional_keywords":null,"truseo_locale":null,"seo_analyzer_scan_date":null},"aioseo_breadcrumb":"<div class=\"aioseo-breadcrumbs\"><span class=\"aioseo-breadcrumb\">\n\t\t\t<a href=\"https:\/\/www.encontrabelohorizonte.com.br\/sobre\" title=\"In\u00edcio\">In\u00edcio<\/a>\n\t\t<\/span><span class=\"aioseo-breadcrumb-separator\">&raquo;<\/span><span class=\"aioseo-breadcrumb\">\n\t\t\t<a href=\"https:\/\/www.encontrabelohorizonte.com.br\/sobre\/noticias\/\" title=\"Not\u00edcias Belo Horizonte\">Not\u00edcias Belo Horizonte<\/a>\n\t\t<\/span><span class=\"aioseo-breadcrumb-separator\">&raquo;<\/span><span class=\"aioseo-breadcrumb\">\n\t\t\tBelo Horizonte recebe Conex\u00e3o CNM\n\t\t<\/span><\/div>","aioseo_breadcrumb_json":[{"label":"In\u00edcio","link":"https:\/\/www.encontrabelohorizonte.com.br\/sobre"},{"label":"Not\u00edcias Belo Horizonte","link":"https:\/\/www.encontrabelohorizonte.com.br\/sobre\/noticias\/"},{"label":"Belo Horizonte recebe Conex\u00e3o CNM","link":"https:\/\/www.encontrabelohorizonte.com.br\/sobre\/belo-horizonte-recebe-conexao-cnm\/"}],"_links":{"self":[{"href":"https:\/\/www.encontrabelohorizonte.com.br\/sobre\/wp-json\/wp\/v2\/posts\/4677","targetHints":{"allow":["GET"]}}],"collection":[{"href":"https:\/\/www.encontrabelohorizonte.com.br\/sobre\/wp-json\/wp\/v2\/posts"}],"about":[{"href":"https:\/\/www.encontrabelohorizonte.com.br\/sobre\/wp-json\/wp\/v2\/types\/post"}],"author":[{"embeddable":true,"href":"https:\/\/www.encontrabelohorizonte.com.br\/sobre\/wp-json\/wp\/v2\/users\/1"}],"replies":[{"embeddable":true,"href":"https:\/\/www.encontrabelohorizonte.com.br\/sobre\/wp-json\/wp\/v2\/comments?post=4677"}],"version-history":[{"count":0,"href":"https:\/\/www.encontrabelohorizonte.com.br\/sobre\/wp-json\/wp\/v2\/posts\/4677\/revisions"}],"wp:featuredmedia":[{"embeddable":true,"href":"https:\/\/www.encontrabelohorizonte.com.br\/sobre\/wp-json\/wp\/v2\/media\/4676"}],"wp:attachment":[{"href":"https:\/\/www.encontrabelohorizonte.com.br\/sobre\/wp-json\/wp\/v2\/media?parent=4677"}],"wp:term":[{"taxonomy":"category","embeddable":true,"href":"https:\/\/www.encontrabelohorizonte.com.br\/sobre\/wp-json\/wp\/v2\/categories?post=4677"},{"taxonomy":"post_tag","embeddable":true,"href":"https:\/\/www.encontrabelohorizonte.com.br\/sobre\/wp-json\/wp\/v2\/tags?post=4677"}],"curies":[{"name":"wp","href":"https:\/\/api.w.org\/{rel}","templated":true}]}}