{"id":4683,"date":"2026-08-21T05:49:26","date_gmt":"2026-08-21T08:49:26","guid":{"rendered":"https:\/\/www.encontrabelohorizonte.com.br\/sobre\/belo-horizonte-tera-semana-de-ceu-aberto-e-sem-previsao-de-chuva\/"},"modified":"2026-08-21T05:49:26","modified_gmt":"2026-08-21T08:49:26","slug":"belo-horizonte-tera-semana-de-ceu-aberto-e-sem-previsao-de-chuva","status":"publish","type":"post","link":"https:\/\/www.encontrabelohorizonte.com.br\/sobre\/belo-horizonte-tera-semana-de-ceu-aberto-e-sem-previsao-de-chuva\/","title":{"rendered":"Belo Horizonte ter\u00e1 semana de c\u00e9u aberto e sem previs\u00e3o de chuva"},"content":{"rendered":"<div class=\"2e083cf0b19e2c11948dc6ac054ba979\" data-index=\"1\" style=\"float: none; margin:0px;\">\n<!-- Anuncio display - global -->\r\n<ins class=\"adsbygoogle\"\r\n     style=\"display:block\"\r\n     data-ad-client=\"ca-pub-8585364105181520\"\r\n     data-ad-slot=\"8789329856\"\r\n     data-ad-format=\"auto\"\r\n     data-full-width-responsive=\"true\"><\/ins>\r\n<script>\r\n     (adsbygoogle = window.adsbygoogle || []).push({});\r\n<\/script>\n<\/div>\n<h2>Previs\u00e3o do Tempo para Belo Horizonte<\/h2>\n<p>A capital mineira, Belo Horizonte, est\u00e1 se preparando para uma semana de intensa ilumina\u00e7\u00e3o solar e temperaturas amenas, sem previs\u00f5es de chuvas. Durante o intervalo entre os dias 17 e 23 de agosto, a cidade ter\u00e1 dias ensolarados que permitem que os moradores e visitantes desfrutem do clima ao ar livre. As condi\u00e7\u00f5es clim\u00e1ticas incluem varia\u00e7\u00f5es de temperatura que v\u00e3o desde m\u00ednimas de 15\u00b0C at\u00e9 m\u00e1ximas de 33\u00b0C em determinados dias.<\/p>\n<h2>Temperaturas da Semana<\/h2>\n<p>A tabela a seguir apresenta a expectativa para as temperaturas em Belo Horizonte nos pr\u00f3ximos dias:<\/p>\n<table>\n<tr>\n<th>Dia<\/th>\n<th>M\u00ednima (\u00b0C)<\/th>\n<th>M\u00e1xima (\u00b0C)<\/th>\n<\/tr>\n<tr>\n<td>Segunda-feira, 17<\/td>\n<td>17<\/td>\n<td>29<\/td>\n<\/tr>\n<tr>\n<td>Ter\u00e7a-feira, 18<\/td>\n<td>15<\/td>\n<td>28<\/td>\n<\/tr>\n<tr>\n<td>Quarta-feira, 19<\/td>\n<td>15<\/td>\n<td>32<\/td>\n<\/tr>\n<tr>\n<td>Quinta-feira, 20<\/td>\n<td>16<\/td>\n<td>32<\/td>\n<\/tr>\n<tr>\n<td>Sexta-feira, 21<\/td>\n<td>16<\/td>\n<td>33<\/td>\n<\/tr>\n<tr>\n<td>S\u00e1bado, 22<\/td>\n<td>19<\/td>\n<td>32<\/td>\n<\/tr>\n<tr>\n<td>Domingo, 23<\/td>\n<td>18<\/td>\n<td>29<\/td>\n<\/tr>\n<\/table>\n<h2>Cuidados com a Radia\u00e7\u00e3o UV<\/h2>\n<p>Em rela\u00e7\u00e3o \u00e0 radia\u00e7\u00e3o UV, as primeiras metade da semana apresentar\u00e1 \u00edndices elevados. De segunda a quinta-feira, a medi\u00e7\u00e3o ultrapassar\u00e1 os 10, o que acende um alerta sobre a import\u00e2ncia da prote\u00e7\u00e3o solar. \u00c9 fundamental que a popula\u00e7\u00e3o adote medidas preventivas para evitar danos \u00e0 pele e \u00e0 sa\u00fade. Recomenda-se o uso de protetor solar, chap\u00e9us e roupas adequadas que protejam a pele e reduzam a exposi\u00e7\u00e3o ao sol.<\/p>\n<p><img decoding=\"async\" src=\"https:\/\/www.encontrabelohorizonte.com.br\/sobre\/wp-content\/uploads\/belo-horizonte-tera-semana-de-ceu-aberto-e-sem-previsao-de-chuva.webp\" alt=\"semana de c\u00e9u aberto\" loading=\"lazy\" \/><\/p>\n<h2>Dicas para Dias de Calor<\/h2>\n<p>Com as temperaturas subindo, aqui est\u00e3o algumas orienta\u00e7\u00f5es para enfrentar os dias quentes:<\/p>\n<ul>\n<li><strong>Hidrata\u00e7\u00e3o:<\/strong> Mantenha-se bem hidratado bebendo bastante \u00e1gua ao longo do dia.<\/li>\n<li><strong>Evite Exposi\u00e7\u00e3o Direta;<\/strong> Procure sombra durante as horas de maior intensidade solar, geralmente entre as 10h e as 16h.<\/li>\n<li><strong>Use Roupas Leves:<\/strong> Opte por roupas de tecidos leves e frescos que permitam a circula\u00e7\u00e3o de ar.<\/li>\n<li><strong>Fa\u00e7a Pausas:<\/strong> Se estiver realizando atividades f\u00edsicas, fa\u00e7a pausas frequentes para descansar e se reidratar.<\/li>\n<\/ul>\n<h2>Impacto da Umidade no Conforto<\/h2>\n<p>A umidade do ar em Belo Horizonte durante essa semana dever\u00e1 oscilar, atingindo n\u00edveis baixos, especialmente na sexta-feira, que pode chegar a apenas 19%. Esse n\u00edvel reduzido pode gerar desconforto e problemas respirat\u00f3rios. Portanto, \u00e9 aconselh\u00e1vel que as pessoas fa\u00e7am uso de umidificadores em ambientes internos, se poss\u00edvel, e estejam cientes dos efeitos de um ar excessivamente seco.<\/p>\n<h2>Preparando-se para a Semana<\/h2>\n<p>Antecipe-se para a semana planejando atividades ao ar livre, se o clima for favor\u00e1vel. Com a aus\u00eancia de chuvas, \u00e9 uma \u00f3tima oportunidade para fazer caminhadas, piqueniques ou apenas aproveitar a cidade. Contudo, n\u00e3o se esque\u00e7a de levar sempre \u00e1gua e protetor solar, garantindo sua sa\u00fade e bem-estar.<\/p>\n<h2>Atividades ao Ar Livre<\/h2>\n<p>Os dias claros s\u00e3o ideais para explorar as belezas de Belo Horizonte. Aqui est\u00e3o algumas sugest\u00f5es de atividades:<\/p>\n<ul>\n<li><strong>Passeios no Parque das Mangabeiras:<\/strong> Desfrute de caminhadas em meio \u00e0 natureza.<\/li>\n<li><strong>Visitas ao Mercado Central:<\/strong> Experimente a gastronomia local e compre produtos t\u00edpicos.<\/li>\n<li><strong>Caminhadas pela Pampulha:<\/strong> Aproveite as ciclovias e a vista para o lago.<\/li>\n<\/ul>\n<h2>Import\u00e2ncia da Hidrata\u00e7\u00e3o<\/h2>\n<p>Durante essa semana quente, o foco na hidrata\u00e7\u00e3o n\u00e3o pode ser negligenciado. As altas temperaturas, combinadas com a baixa umidade, podem aumentar o risco de desidrata\u00e7\u00e3o. Portanto, tenha sempre uma garrafinha de \u00e1gua \u00e0 m\u00e3o e procure ingerir alimentos com alto teor de \u00e1gua, como frutas e vegetais.<\/p>\n<h2>Noites em Belo Horizonte<\/h2>\n<p>As noites em Belo Horizonte tendem a ser agrad\u00e1veis, com temperaturas mais amenas em compara\u00e7\u00e3o aos dias quentes. As m\u00ednimas, que poder\u00e3o oscilar entre 15\u00b0C a 19\u00b0C, criam uma atmosfera ideal para sair e desfrutar das op\u00e7\u00f5es culturais e de entretenimento da cidade.<\/p>\n<h2>Mudan\u00e7as no Clima ao Longo do Ano<\/h2>\n<p>\u00c9 importante lembrar que o clima pode variar significativamente ao longo do ano em Belo Horizonte, com per\u00edodos de chuva e calor intenso. O fen\u00f4meno El Ni\u00f1o, que est\u00e1 previsto para ganhar for\u00e7a nos pr\u00f3ximos meses, pode influenciar a previs\u00e3o clim\u00e1tica, trazendo impactos que devem ser monitorados por todos.<\/p>\n\n<div style=\"font-size: 0px; height: 0px; line-height: 0px; margin: 0; padding: 0; clear: both;\"><\/div>","protected":false},"excerpt":{"rendered":"<p>Belo Horizonte ter\u00e1 semana sem chuva, com temperaturas entre 15\u00b0C e 33\u00b0C.<\/p>\n","protected":false},"author":1,"featured_media":4682,"comment_status":"closed","ping_status":"closed","sticky":false,"template":"","format":"standard","meta":{"footnotes":""},"categories":[6],"tags":[],"class_list":["post-4683","post","type-post","status-publish","format-standard","has-post-thumbnail","hentry","category-noticias","has_thumb"],"aioseo_notices":[],"aioseo_head":"\n\t\t<!-- All in One SEO 5.0.0.1 - aioseo.com -->\n\t<meta name=\"description\" content=\"Belo Horizonte ter\u00e1 semana sem chuva, com temperaturas entre 15\u00b0C e 33\u00b0C.\" \/>\n\t<meta name=\"robots\" content=\"max-image-preview:large\" \/>\n\t<meta name=\"author\" content=\"Encontra Belo Horizonte\"\/>\n\t<link rel=\"canonical\" href=\"https:\/\/www.encontrabelohorizonte.com.br\/sobre\/belo-horizonte-tera-semana-de-ceu-aberto-e-sem-previsao-de-chuva\/\" \/>\n\t<meta name=\"generator\" content=\"All in One SEO (AIOSEO) 5.0.0.1\" \/>\n\t\t<meta property=\"og:locale\" content=\"pt_BR\" \/>\n\t\t<meta property=\"og:site_name\" content=\"Encontra Belo Horizonte | Not\u00edcias, eventos, informa\u00e7\u00f5es e dicas da cidade de Belo Horizonte e regi\u00e3o\" \/>\n\t\t<meta property=\"og:type\" content=\"article\" \/>\n\t\t<meta property=\"og:title\" content=\"Belo Horizonte ter\u00e1 semana de c\u00e9u aberto e sem previs\u00e3o de chuva | Encontra Belo Horizonte\" \/>\n\t\t<meta property=\"og:description\" content=\"Belo Horizonte ter\u00e1 semana sem chuva, com temperaturas entre 15\u00b0C e 33\u00b0C.\" \/>\n\t\t<meta property=\"og:url\" content=\"https:\/\/www.encontrabelohorizonte.com.br\/sobre\/belo-horizonte-tera-semana-de-ceu-aberto-e-sem-previsao-de-chuva\/\" \/>\n\t\t<meta property=\"article:published_time\" content=\"2026-08-21T08:49:26+00:00\" \/>\n\t\t<meta property=\"article:modified_time\" content=\"2026-08-21T08:49:26+00:00\" \/>\n\t\t<meta name=\"twitter:card\" content=\"summary\" \/>\n\t\t<meta name=\"twitter:title\" content=\"Belo Horizonte ter\u00e1 semana de c\u00e9u aberto e sem previs\u00e3o de chuva | Encontra Belo Horizonte\" \/>\n\t\t<meta name=\"twitter:description\" content=\"Belo Horizonte ter\u00e1 semana sem chuva, com temperaturas entre 15\u00b0C e 33\u00b0C.\" \/>\n\t\t<script type=\"application\/ld+json\" class=\"aioseo-schema\">\n\t\t\t{\"@context\":\"https:\\\/\\\/schema.org\",\"@graph\":[{\"@type\":\"Article\",\"@id\":\"https:\\\/\\\/www.encontrabelohorizonte.com.br\\\/sobre\\\/belo-horizonte-tera-semana-de-ceu-aberto-e-sem-previsao-de-chuva\\\/#article\",\"name\":\"Belo Horizonte ter\\u00e1 semana de c\\u00e9u aberto e sem previs\\u00e3o de chuva | Encontra Belo Horizonte\",\"headline\":\"Belo Horizonte ter\\u00e1 semana de c\\u00e9u aberto e sem previs\\u00e3o de chuva\",\"author\":{\"@id\":\"https:\\\/\\\/www.encontrabelohorizonte.com.br\\\/sobre\\\/author\\\/ebelohorizonte\\\/#author\"},\"publisher\":{\"@id\":\"https:\\\/\\\/www.encontrabelohorizonte.com.br\\\/sobre\\\/#organization\"},\"image\":{\"@type\":\"ImageObject\",\"url\":\"https:\\\/\\\/www.encontrabelohorizonte.com.br\\\/sobre\\\/wp-content\\\/uploads\\\/belo-horizonte-tera-semana-de-ceu-aberto-e-sem-previsao-de-chuva.webp\",\"width\":280,\"height\":280,\"caption\":\"semana de c\\u00e9u aberto\"},\"datePublished\":\"2026-08-21T05:49:26-03:00\",\"dateModified\":\"2026-08-21T05:49:26-03:00\",\"inLanguage\":\"pt-BR\",\"mainEntityOfPage\":{\"@id\":\"https:\\\/\\\/www.encontrabelohorizonte.com.br\\\/sobre\\\/belo-horizonte-tera-semana-de-ceu-aberto-e-sem-previsao-de-chuva\\\/#webpage\"},\"isPartOf\":{\"@id\":\"https:\\\/\\\/www.encontrabelohorizonte.com.br\\\/sobre\\\/belo-horizonte-tera-semana-de-ceu-aberto-e-sem-previsao-de-chuva\\\/#webpage\"},\"articleSection\":\"Not\\u00edcias Belo Horizonte\"},{\"@type\":\"BreadcrumbList\",\"@id\":\"https:\\\/\\\/www.encontrabelohorizonte.com.br\\\/sobre\\\/belo-horizonte-tera-semana-de-ceu-aberto-e-sem-previsao-de-chuva\\\/#breadcrumblist\",\"itemListElement\":[{\"@type\":\"ListItem\",\"@id\":\"https:\\\/\\\/www.encontrabelohorizonte.com.br\\\/sobre#listItem\",\"position\":1,\"name\":\"In\\u00edcio\",\"item\":\"https:\\\/\\\/www.encontrabelohorizonte.com.br\\\/sobre\",\"nextItem\":{\"@type\":\"ListItem\",\"@id\":\"https:\\\/\\\/www.encontrabelohorizonte.com.br\\\/sobre\\\/noticias\\\/#listItem\",\"name\":\"Not\\u00edcias Belo Horizonte\"}},{\"@type\":\"ListItem\",\"@id\":\"https:\\\/\\\/www.encontrabelohorizonte.com.br\\\/sobre\\\/noticias\\\/#listItem\",\"position\":2,\"name\":\"Not\\u00edcias Belo Horizonte\",\"item\":\"https:\\\/\\\/www.encontrabelohorizonte.com.br\\\/sobre\\\/noticias\\\/\",\"nextItem\":{\"@type\":\"ListItem\",\"@id\":\"https:\\\/\\\/www.encontrabelohorizonte.com.br\\\/sobre\\\/belo-horizonte-tera-semana-de-ceu-aberto-e-sem-previsao-de-chuva\\\/#listItem\",\"name\":\"Belo Horizonte ter\\u00e1 semana de c\\u00e9u aberto e sem previs\\u00e3o de chuva\"},\"previousItem\":{\"@type\":\"ListItem\",\"@id\":\"https:\\\/\\\/www.encontrabelohorizonte.com.br\\\/sobre#listItem\",\"name\":\"In\\u00edcio\"}},{\"@type\":\"ListItem\",\"@id\":\"https:\\\/\\\/www.encontrabelohorizonte.com.br\\\/sobre\\\/belo-horizonte-tera-semana-de-ceu-aberto-e-sem-previsao-de-chuva\\\/#listItem\",\"position\":3,\"name\":\"Belo Horizonte ter\\u00e1 semana de c\\u00e9u aberto e sem previs\\u00e3o de chuva\",\"previousItem\":{\"@type\":\"ListItem\",\"@id\":\"https:\\\/\\\/www.encontrabelohorizonte.com.br\\\/sobre\\\/noticias\\\/#listItem\",\"name\":\"Not\\u00edcias Belo Horizonte\"}}]},{\"@type\":\"Organization\",\"@id\":\"https:\\\/\\\/www.encontrabelohorizonte.com.br\\\/sobre\\\/#organization\",\"name\":\"Encontra Belo Horizonte\",\"description\":\"Not\\u00edcias, eventos, informa\\u00e7\\u00f5es e dicas da cidade de Belo Horizonte e regi\\u00e3o\",\"url\":\"https:\\\/\\\/www.encontrabelohorizonte.com.br\\\/sobre\\\/\"},{\"@type\":\"Person\",\"@id\":\"https:\\\/\\\/www.encontrabelohorizonte.com.br\\\/sobre\\\/author\\\/ebelohorizonte\\\/#author\",\"url\":\"https:\\\/\\\/www.encontrabelohorizonte.com.br\\\/sobre\\\/author\\\/ebelohorizonte\\\/\",\"name\":\"Encontra Belo Horizonte\",\"image\":{\"@type\":\"ImageObject\",\"@id\":\"https:\\\/\\\/www.encontrabelohorizonte.com.br\\\/sobre\\\/belo-horizonte-tera-semana-de-ceu-aberto-e-sem-previsao-de-chuva\\\/#authorImage\",\"url\":\"https:\\\/\\\/secure.gravatar.com\\\/avatar\\\/507340682b8270222e1f208e23198b6ae7e2c6a1033ae84e99bc6bce4f82a387?s=96&d=mm&r=g\",\"width\":96,\"height\":96,\"caption\":\"Encontra Belo Horizonte\"}},{\"@type\":\"WebPage\",\"@id\":\"https:\\\/\\\/www.encontrabelohorizonte.com.br\\\/sobre\\\/belo-horizonte-tera-semana-de-ceu-aberto-e-sem-previsao-de-chuva\\\/#webpage\",\"url\":\"https:\\\/\\\/www.encontrabelohorizonte.com.br\\\/sobre\\\/belo-horizonte-tera-semana-de-ceu-aberto-e-sem-previsao-de-chuva\\\/\",\"name\":\"Belo Horizonte ter\\u00e1 semana de c\\u00e9u aberto e sem previs\\u00e3o de chuva | Encontra Belo Horizonte\",\"description\":\"Belo Horizonte ter\\u00e1 semana sem chuva, com temperaturas entre 15\\u00b0C e 33\\u00b0C.\",\"inLanguage\":\"pt-BR\",\"isPartOf\":{\"@id\":\"https:\\\/\\\/www.encontrabelohorizonte.com.br\\\/sobre\\\/#website\"},\"breadcrumb\":{\"@id\":\"https:\\\/\\\/www.encontrabelohorizonte.com.br\\\/sobre\\\/belo-horizonte-tera-semana-de-ceu-aberto-e-sem-previsao-de-chuva\\\/#breadcrumblist\"},\"author\":{\"@id\":\"https:\\\/\\\/www.encontrabelohorizonte.com.br\\\/sobre\\\/author\\\/ebelohorizonte\\\/#author\"},\"creator\":{\"@id\":\"https:\\\/\\\/www.encontrabelohorizonte.com.br\\\/sobre\\\/author\\\/ebelohorizonte\\\/#author\"},\"image\":{\"@type\":\"ImageObject\",\"url\":\"https:\\\/\\\/www.encontrabelohorizonte.com.br\\\/sobre\\\/wp-content\\\/uploads\\\/belo-horizonte-tera-semana-de-ceu-aberto-e-sem-previsao-de-chuva.webp\",\"@id\":\"https:\\\/\\\/www.encontrabelohorizonte.com.br\\\/sobre\\\/belo-horizonte-tera-semana-de-ceu-aberto-e-sem-previsao-de-chuva\\\/#mainImage\",\"width\":280,\"height\":280,\"caption\":\"semana de c\\u00e9u aberto\"},\"primaryImageOfPage\":{\"@id\":\"https:\\\/\\\/www.encontrabelohorizonte.com.br\\\/sobre\\\/belo-horizonte-tera-semana-de-ceu-aberto-e-sem-previsao-de-chuva\\\/#mainImage\"},\"datePublished\":\"2026-08-21T05:49:26-03:00\",\"dateModified\":\"2026-08-21T05:49:26-03:00\"},{\"@type\":\"WebSite\",\"@id\":\"https:\\\/\\\/www.encontrabelohorizonte.com.br\\\/sobre\\\/#website\",\"url\":\"https:\\\/\\\/www.encontrabelohorizonte.com.br\\\/sobre\\\/\",\"name\":\"Encontra Belo Horizonte\",\"description\":\"Not\\u00edcias, eventos, informa\\u00e7\\u00f5es e dicas da cidade de Belo Horizonte e regi\\u00e3o\",\"inLanguage\":\"pt-BR\",\"publisher\":{\"@id\":\"https:\\\/\\\/www.encontrabelohorizonte.com.br\\\/sobre\\\/#organization\"}}]}\n\t\t<\/script>\n\t\t<!-- All in One SEO -->\n\n","aioseo_head_json":{"title":"Belo Horizonte ter\u00e1 semana de c\u00e9u aberto e sem previs\u00e3o de chuva | Encontra Belo Horizonte","description":"Belo Horizonte ter\u00e1 semana sem chuva, com temperaturas entre 15\u00b0C e 33\u00b0C.","canonical_url":"https:\/\/www.encontrabelohorizonte.com.br\/sobre\/belo-horizonte-tera-semana-de-ceu-aberto-e-sem-previsao-de-chuva\/","robots":"max-image-preview:large","keywords":"","webmasterTools":{"miscellaneous":""},"schema":{"@context":"https:\/\/schema.org","@graph":[{"@type":"Article","@id":"https:\/\/www.encontrabelohorizonte.com.br\/sobre\/belo-horizonte-tera-semana-de-ceu-aberto-e-sem-previsao-de-chuva\/#article","name":"Belo Horizonte ter\u00e1 semana de c\u00e9u aberto e sem previs\u00e3o de chuva | Encontra Belo Horizonte","headline":"Belo Horizonte ter\u00e1 semana de c\u00e9u aberto e sem previs\u00e3o de chuva","author":{"@id":"https:\/\/www.encontrabelohorizonte.com.br\/sobre\/author\/ebelohorizonte\/#author"},"publisher":{"@id":"https:\/\/www.encontrabelohorizonte.com.br\/sobre\/#organization"},"image":{"@type":"ImageObject","url":"https:\/\/www.encontrabelohorizonte.com.br\/sobre\/wp-content\/uploads\/belo-horizonte-tera-semana-de-ceu-aberto-e-sem-previsao-de-chuva.webp","width":280,"height":280,"caption":"semana de c\u00e9u aberto"},"datePublished":"2026-08-21T05:49:26-03:00","dateModified":"2026-08-21T05:49:26-03:00","inLanguage":"pt-BR","mainEntityOfPage":{"@id":"https:\/\/www.encontrabelohorizonte.com.br\/sobre\/belo-horizonte-tera-semana-de-ceu-aberto-e-sem-previsao-de-chuva\/#webpage"},"isPartOf":{"@id":"https:\/\/www.encontrabelohorizonte.com.br\/sobre\/belo-horizonte-tera-semana-de-ceu-aberto-e-sem-previsao-de-chuva\/#webpage"},"articleSection":"Not\u00edcias Belo Horizonte"},{"@type":"BreadcrumbList","@id":"https:\/\/www.encontrabelohorizonte.com.br\/sobre\/belo-horizonte-tera-semana-de-ceu-aberto-e-sem-previsao-de-chuva\/#breadcrumblist","itemListElement":[{"@type":"ListItem","@id":"https:\/\/www.encontrabelohorizonte.com.br\/sobre#listItem","position":1,"name":"In\u00edcio","item":"https:\/\/www.encontrabelohorizonte.com.br\/sobre","nextItem":{"@type":"ListItem","@id":"https:\/\/www.encontrabelohorizonte.com.br\/sobre\/noticias\/#listItem","name":"Not\u00edcias Belo Horizonte"}},{"@type":"ListItem","@id":"https:\/\/www.encontrabelohorizonte.com.br\/sobre\/noticias\/#listItem","position":2,"name":"Not\u00edcias Belo Horizonte","item":"https:\/\/www.encontrabelohorizonte.com.br\/sobre\/noticias\/","nextItem":{"@type":"ListItem","@id":"https:\/\/www.encontrabelohorizonte.com.br\/sobre\/belo-horizonte-tera-semana-de-ceu-aberto-e-sem-previsao-de-chuva\/#listItem","name":"Belo Horizonte ter\u00e1 semana de c\u00e9u aberto e sem previs\u00e3o de chuva"},"previousItem":{"@type":"ListItem","@id":"https:\/\/www.encontrabelohorizonte.com.br\/sobre#listItem","name":"In\u00edcio"}},{"@type":"ListItem","@id":"https:\/\/www.encontrabelohorizonte.com.br\/sobre\/belo-horizonte-tera-semana-de-ceu-aberto-e-sem-previsao-de-chuva\/#listItem","position":3,"name":"Belo Horizonte ter\u00e1 semana de c\u00e9u aberto e sem previs\u00e3o de chuva","previousItem":{"@type":"ListItem","@id":"https:\/\/www.encontrabelohorizonte.com.br\/sobre\/noticias\/#listItem","name":"Not\u00edcias Belo Horizonte"}}]},{"@type":"Organization","@id":"https:\/\/www.encontrabelohorizonte.com.br\/sobre\/#organization","name":"Encontra Belo Horizonte","description":"Not\u00edcias, eventos, informa\u00e7\u00f5es e dicas da cidade de Belo Horizonte e regi\u00e3o","url":"https:\/\/www.encontrabelohorizonte.com.br\/sobre\/"},{"@type":"Person","@id":"https:\/\/www.encontrabelohorizonte.com.br\/sobre\/author\/ebelohorizonte\/#author","url":"https:\/\/www.encontrabelohorizonte.com.br\/sobre\/author\/ebelohorizonte\/","name":"Encontra Belo Horizonte","image":{"@type":"ImageObject","@id":"https:\/\/www.encontrabelohorizonte.com.br\/sobre\/belo-horizonte-tera-semana-de-ceu-aberto-e-sem-previsao-de-chuva\/#authorImage","url":"https:\/\/secure.gravatar.com\/avatar\/507340682b8270222e1f208e23198b6ae7e2c6a1033ae84e99bc6bce4f82a387?s=96&d=mm&r=g","width":96,"height":96,"caption":"Encontra Belo Horizonte"}},{"@type":"WebPage","@id":"https:\/\/www.encontrabelohorizonte.com.br\/sobre\/belo-horizonte-tera-semana-de-ceu-aberto-e-sem-previsao-de-chuva\/#webpage","url":"https:\/\/www.encontrabelohorizonte.com.br\/sobre\/belo-horizonte-tera-semana-de-ceu-aberto-e-sem-previsao-de-chuva\/","name":"Belo Horizonte ter\u00e1 semana de c\u00e9u aberto e sem previs\u00e3o de chuva | Encontra Belo Horizonte","description":"Belo Horizonte ter\u00e1 semana sem chuva, com temperaturas entre 15\u00b0C e 33\u00b0C.","inLanguage":"pt-BR","isPartOf":{"@id":"https:\/\/www.encontrabelohorizonte.com.br\/sobre\/#website"},"breadcrumb":{"@id":"https:\/\/www.encontrabelohorizonte.com.br\/sobre\/belo-horizonte-tera-semana-de-ceu-aberto-e-sem-previsao-de-chuva\/#breadcrumblist"},"author":{"@id":"https:\/\/www.encontrabelohorizonte.com.br\/sobre\/author\/ebelohorizonte\/#author"},"creator":{"@id":"https:\/\/www.encontrabelohorizonte.com.br\/sobre\/author\/ebelohorizonte\/#author"},"image":{"@type":"ImageObject","url":"https:\/\/www.encontrabelohorizonte.com.br\/sobre\/wp-content\/uploads\/belo-horizonte-tera-semana-de-ceu-aberto-e-sem-previsao-de-chuva.webp","@id":"https:\/\/www.encontrabelohorizonte.com.br\/sobre\/belo-horizonte-tera-semana-de-ceu-aberto-e-sem-previsao-de-chuva\/#mainImage","width":280,"height":280,"caption":"semana de c\u00e9u aberto"},"primaryImageOfPage":{"@id":"https:\/\/www.encontrabelohorizonte.com.br\/sobre\/belo-horizonte-tera-semana-de-ceu-aberto-e-sem-previsao-de-chuva\/#mainImage"},"datePublished":"2026-08-21T05:49:26-03:00","dateModified":"2026-08-21T05:49:26-03:00"},{"@type":"WebSite","@id":"https:\/\/www.encontrabelohorizonte.com.br\/sobre\/#website","url":"https:\/\/www.encontrabelohorizonte.com.br\/sobre\/","name":"Encontra Belo Horizonte","description":"Not\u00edcias, eventos, informa\u00e7\u00f5es e dicas da cidade de Belo Horizonte e regi\u00e3o","inLanguage":"pt-BR","publisher":{"@id":"https:\/\/www.encontrabelohorizonte.com.br\/sobre\/#organization"}}]},"og:locale":"pt_BR","og:site_name":"Encontra Belo Horizonte | Not\u00edcias, eventos, informa\u00e7\u00f5es e dicas da cidade de Belo Horizonte e regi\u00e3o","og:type":"article","og:title":"Belo Horizonte ter\u00e1 semana de c\u00e9u aberto e sem previs\u00e3o de chuva | Encontra Belo Horizonte","og:description":"Belo Horizonte ter\u00e1 semana sem chuva, com temperaturas entre 15\u00b0C e 33\u00b0C.","og:url":"https:\/\/www.encontrabelohorizonte.com.br\/sobre\/belo-horizonte-tera-semana-de-ceu-aberto-e-sem-previsao-de-chuva\/","article:published_time":"2026-08-21T08:49:26+00:00","article:modified_time":"2026-08-21T08:49:26+00:00","twitter:card":"summary","twitter:title":"Belo Horizonte ter\u00e1 semana de c\u00e9u aberto e sem previs\u00e3o de chuva | Encontra Belo Horizonte","twitter:description":"Belo Horizonte ter\u00e1 semana sem chuva, com temperaturas entre 15\u00b0C e 33\u00b0C."},"aioseo_meta_data":{"post_id":"4683","title":null,"description":null,"keywords":null,"keyphrases":null,"primary_term":null,"canonical_url":null,"og_title":null,"og_description":null,"og_object_type":"default","og_image_type":"default","og_image_url":null,"og_image_width":null,"og_image_height":null,"og_image_custom_url":null,"og_image_custom_fields":null,"og_video":null,"og_custom_url":null,"og_article_section":null,"og_article_tags":null,"twitter_use_og":false,"twitter_card":"default","twitter_image_type":"default","twitter_image_url":null,"twitter_image_custom_url":null,"twitter_image_custom_fields":null,"twitter_title":null,"twitter_description":null,"schema":{"blockGraphs":[],"customGraphs":[],"default":{"data":{"Article":[],"Course":[],"Dataset":[],"FAQPage":[],"Movie":[],"Person":[],"Product":[],"ProductReview":[],"Car":[],"Recipe":[],"Service":[],"SoftwareApplication":[],"WebPage":[]},"graphName":"Article","isEnabled":true},"graphs":[]},"schema_type":"default","schema_type_options":null,"pillar_content":false,"robots_default":true,"robots_noindex":false,"robots_noarchive":false,"robots_nosnippet":false,"robots_nofollow":false,"robots_noimageindex":false,"robots_noodp":false,"robots_notranslate":false,"robots_max_snippet":null,"robots_max_videopreview":null,"robots_max_imagepreview":"large","priority":null,"frequency":null,"local_seo":null,"breadcrumb_settings":null,"limit_modified_date":false,"ai":null,"created":"2026-08-21 08:49:26","updated":"2026-08-21 09:55:33","focus_keyword":null,"additional_keywords":null,"truseo_locale":null,"seo_analyzer_scan_date":null},"aioseo_breadcrumb":"<div class=\"aioseo-breadcrumbs\"><span class=\"aioseo-breadcrumb\">\n\t\t\t<a href=\"https:\/\/www.encontrabelohorizonte.com.br\/sobre\" title=\"In\u00edcio\">In\u00edcio<\/a>\n\t\t<\/span><span class=\"aioseo-breadcrumb-separator\">&raquo;<\/span><span class=\"aioseo-breadcrumb\">\n\t\t\t<a href=\"https:\/\/www.encontrabelohorizonte.com.br\/sobre\/noticias\/\" title=\"Not\u00edcias Belo Horizonte\">Not\u00edcias Belo Horizonte<\/a>\n\t\t<\/span><span class=\"aioseo-breadcrumb-separator\">&raquo;<\/span><span class=\"aioseo-breadcrumb\">\n\t\t\tBelo Horizonte ter\u00e1 semana de c\u00e9u aberto e sem previs\u00e3o de chuva\n\t\t<\/span><\/div>","aioseo_breadcrumb_json":[{"label":"In\u00edcio","link":"https:\/\/www.encontrabelohorizonte.com.br\/sobre"},{"label":"Not\u00edcias Belo Horizonte","link":"https:\/\/www.encontrabelohorizonte.com.br\/sobre\/noticias\/"},{"label":"Belo Horizonte ter\u00e1 semana de c\u00e9u aberto e sem previs\u00e3o de chuva","link":"https:\/\/www.encontrabelohorizonte.com.br\/sobre\/belo-horizonte-tera-semana-de-ceu-aberto-e-sem-previsao-de-chuva\/"}],"_links":{"self":[{"href":"https:\/\/www.encontrabelohorizonte.com.br\/sobre\/wp-json\/wp\/v2\/posts\/4683","targetHints":{"allow":["GET"]}}],"collection":[{"href":"https:\/\/www.encontrabelohorizonte.com.br\/sobre\/wp-json\/wp\/v2\/posts"}],"about":[{"href":"https:\/\/www.encontrabelohorizonte.com.br\/sobre\/wp-json\/wp\/v2\/types\/post"}],"author":[{"embeddable":true,"href":"https:\/\/www.encontrabelohorizonte.com.br\/sobre\/wp-json\/wp\/v2\/users\/1"}],"replies":[{"embeddable":true,"href":"https:\/\/www.encontrabelohorizonte.com.br\/sobre\/wp-json\/wp\/v2\/comments?post=4683"}],"version-history":[{"count":0,"href":"https:\/\/www.encontrabelohorizonte.com.br\/sobre\/wp-json\/wp\/v2\/posts\/4683\/revisions"}],"wp:featuredmedia":[{"embeddable":true,"href":"https:\/\/www.encontrabelohorizonte.com.br\/sobre\/wp-json\/wp\/v2\/media\/4682"}],"wp:attachment":[{"href":"https:\/\/www.encontrabelohorizonte.com.br\/sobre\/wp-json\/wp\/v2\/media?parent=4683"}],"wp:term":[{"taxonomy":"category","embeddable":true,"href":"https:\/\/www.encontrabelohorizonte.com.br\/sobre\/wp-json\/wp\/v2\/categories?post=4683"},{"taxonomy":"post_tag","embeddable":true,"href":"https:\/\/www.encontrabelohorizonte.com.br\/sobre\/wp-json\/wp\/v2\/tags?post=4683"}],"curies":[{"name":"wp","href":"https:\/\/api.w.org\/{rel}","templated":true}]}}