{"id":4685,"date":"2026-08-22T05:46:40","date_gmt":"2026-08-22T08:46:40","guid":{"rendered":"https:\/\/www.encontrabelohorizonte.com.br\/sobre\/camara-de-bh-pode-concluir-nesta-sexta-votacao-de-projeto-que-preve-verticalizar-bairros-tradicionais-e-mudar-a-cara-do-centro\/"},"modified":"2026-08-22T05:46:40","modified_gmt":"2026-08-22T08:46:40","slug":"camara-de-bh-pode-concluir-nesta-sexta-votacao-de-projeto-que-preve-verticalizar-bairros-tradicionais-e-mudar-a-cara-do-centro","status":"publish","type":"post","link":"https:\/\/www.encontrabelohorizonte.com.br\/sobre\/camara-de-bh-pode-concluir-nesta-sexta-votacao-de-projeto-que-preve-verticalizar-bairros-tradicionais-e-mudar-a-cara-do-centro\/","title":{"rendered":"C\u00e2mara de BH pode concluir nesta sexta vota\u00e7\u00e3o de projeto que prev\u00ea verticalizar bairros tradicionais e mudar &#8216;a cara&#8217; do Centro"},"content":{"rendered":"<div class=\"2e083cf0b19e2c11948dc6ac054ba979\" data-index=\"1\" style=\"float: none; margin:0px;\">\n<!-- Anuncio display - global -->\r\n<ins class=\"adsbygoogle\"\r\n     style=\"display:block\"\r\n     data-ad-client=\"ca-pub-8585364105181520\"\r\n     data-ad-slot=\"8789329856\"\r\n     data-ad-format=\"auto\"\r\n     data-full-width-responsive=\"true\"><\/ins>\r\n<script>\r\n     (adsbygoogle = window.adsbygoogle || []).push({});\r\n<\/script>\n<\/div>\n<h2>O que \u00e9 o Projeto de Verticaliza\u00e7\u00e3o?<\/h2>\n<p>O <strong>Projeto de Verticaliza\u00e7\u00e3o<\/strong> em Belo Horizonte, reconhecido oficialmente como PL 574\/2025, \u00e9 uma iniciativa da c\u00e2mara municipal que visa alterar as normas de constru\u00e7\u00e3o na regi\u00e3o central e em diversos bairros tradicionais da cidade. O objetivo principal do projeto \u00e9 incentivar reformas e novas constru\u00e7\u00f5es, promovendo a <strong>verticaliza\u00e7\u00e3o<\/strong> de \u00e1reas que atualmente caracterizam-se por uma predomin\u00e2ncia de edif\u00edcios de baixo e m\u00e9dio porte, como Carlos Prates, Bonfim, Lagoinha e Floresta.<\/p>\n<h2>Incentivos para Constru\u00e7\u00e3o e Reforma<\/h2>\n<p>Uma das caracter\u00edsticas mais relevantes do PL 574\/2025 \u00e9 a cria\u00e7\u00e3o de incentivos financeiros que visam estimular a revitaliza\u00e7\u00e3o de im\u00f3veis subutilizados ou abandonados. O projeto introduz conceitos como a <strong>Unidade de Regenera\u00e7\u00e3o<\/strong>, onde cr\u00e9ditos construtivos podem ser gerados. Al\u00e9m disso, o projeto flexibiliza as regras de distanciamento, permitindo uma maior densidade de constru\u00e7\u00f5es em determinados terrenos. Os incentivos incluem tamb\u00e9m isen\u00e7\u00f5es fiscais relacionadas ao IPTU e ITBI para incentivar o investimento e atra\u00e7\u00e3o de desenvolvedores para a \u00e1rea central.<\/p>\n<h2>Impactos na Estrutura Urbana de BH<\/h2>\n<p>A verticaliza\u00e7\u00e3o pode ter diversos impactos sobre a infraestrutura urbana da capital mineira. Em primeiro lugar, espera-se uma maior ocupa\u00e7\u00e3o do Centro, que pode resultar em melhorias na mobilidade urbana. No entanto, tal mudan\u00e7a necessita de avalia\u00e7\u00e3o cuidadosa em rela\u00e7\u00e3o ao <strong>tr\u00e2nsito<\/strong> e ao <strong>microclima<\/strong> local para evitar sobrecargas nas vias e mudan\u00e7as clim\u00e1ticas em \u00e1reas urbanas j\u00e1 consolidadas.<\/p>\n<p><img decoding=\"async\" src=\"https:\/\/www.encontrabelohorizonte.com.br\/sobre\/wp-content\/uploads\/camara-de-bh-pode-concluir-nesta-sexta-votacao-de-projeto-que-preve-verticalizar-bairros-tradicionai.webp\" alt=\"verticaliza\u00e7\u00e3o em Belo Horizonte\" loading=\"lazy\" \/><\/p>\n<h2>O Papel da C\u00e2mara Municipal na Vota\u00e7\u00e3o<\/h2>\n<p>A C\u00e2mara Municipal de Belo Horizonte desempenha um papel crucial na avalia\u00e7\u00e3o e vota\u00e7\u00e3o proposta do PL 574\/2025. Para que o projeto seja aprovado, ele necessita do apoio de 28 votos, correspondendo a dois ter\u00e7os dos vereadores. Durante seu tr\u00e2mite, o projeto j\u00e1 recebeu diversas emendas dos vereadores, visando abordar temas relevantes como a prote\u00e7\u00e3o de <strong>im\u00f3veis hist\u00f3ricos<\/strong> e a preven\u00e7\u00e3o de gentrifica\u00e7\u00e3o.<\/p>\n<h2>A Rea\u00e7\u00e3o de Moradores e Especialistas<\/h2>\n<p>A proposta de verticaliza\u00e7\u00e3o provoca rea\u00e7\u00f5es divergentes entre os moradores e especialistas em urbanismo. Enquanto parte da popula\u00e7\u00e3o local e profissionais consideram que a verticaliza\u00e7\u00e3o trar\u00e1 melhorias econ\u00f4micas e sociais, outros expressam preocupa\u00e7\u00f5es quanto \u00e0 preserva\u00e7\u00e3o da identidade dos bairros, refletindo um receio de que a verticaliza\u00e7\u00e3o possa contribuir para a exclus\u00e3o social.<\/p>\n<h2>Riscos de Gentrifica\u00e7\u00e3o em Bairros Tradicionais<\/h2>\n<p>Um dos riscos mais mencionados em rela\u00e7\u00e3o ao projeto \u00e9 a <strong>gentrifica\u00e7\u00e3o<\/strong>. Este fen\u00f4meno ocorre quando a valoriza\u00e7\u00e3o imobili\u00e1ria altera o perfil demogr\u00e1fico e social de uma comunidade, frequentemente expulsando moradores de baixa renda. Especialistas apontam a necessidade de estudos mais aprofundados sobre o impacto do PL 574\/2025, para que as iniciativas de urbaniza\u00e7\u00e3o n\u00e3o marginem as popula\u00e7\u00f5es tradicionais.<\/p>\n<h2>Benef\u00edcios Econ\u00f4micos Potenciais<\/h2>\n<p>Por outro lado, os defensores do projeto alegam que a verticaliza\u00e7\u00e3o pode gerar benef\u00edcios econ\u00f4micos significativos. O influxo de novos projetos pode n\u00e3o apenas aumentar a receita tribut\u00e1ria da cidade, mas tamb\u00e9m atrair novos neg\u00f3cios, revitalizando o com\u00e9rcio local e melhorando a din\u00e2mica social da regi\u00e3o. Com a implementa\u00e7\u00e3o de uma estrat\u00e9gia de revitaliza\u00e7\u00e3o eficiente, espera-se que a centraliza\u00e7\u00e3o de servi\u00e7os e moradias possa trazer mais vida e seguran\u00e7a ao Centro de Belo Horizonte.<\/p>\n<h2>O Futuro do Centro de Belo Horizonte<\/h2>\n<p>O futuro do Centro de Belo Horizonte, sob a luz do PL 574\/2025, parece promissor, mas tamb\u00e9m repleto de desafios. A implementa\u00e7\u00e3o bem-sucedida do projeto necessita de um planejamento meticuloso que considere todos os aspectos urbanos, ambientais e sociais. A ideia \u00e9 garantir que a transforma\u00e7\u00e3o do espa\u00e7o urbano n\u00e3o sacrifique a hist\u00f3ria e cultura da cidade.<\/p>\n<h2>Como a Verticaliza\u00e7\u00e3o Pode Atra\u00edr Novos Investimentos<\/h2>\n<p>A verticaliza\u00e7\u00e3o \u00e9 uma estrat\u00e9gia que, se devidamente aplicada, pode atrair novos investimentos para o setor imobili\u00e1rio e com\u00e9rcio de Belo Horizonte. Sendo assim, a expectativa \u00e9 que a cidade se torne um polo atrativo para empreendedores, especialmente nas \u00e1reas tratadas pelo projeto, favorecendo o desenvolvimento econ\u00f4mico e a gera\u00e7\u00e3o de empregos.<\/p>\n<h2>Pr\u00f3ximos Passos ap\u00f3s a Vota\u00e7\u00e3o<\/h2>\n<p>Ap\u00f3s a vota\u00e7\u00e3o, caso o projeto seja aprovado, a proposta seguir\u00e1 para a san\u00e7\u00e3o do prefeito local. A implementa\u00e7\u00e3o efetiva das novas regras exigir\u00e1 um acompanhamento cont\u00ednuo das autoridades municipais, garantindo que os objetivos iniciais de revitaliza\u00e7\u00e3o e urbaniza\u00e7\u00e3o sejam alcan\u00e7ados de forma equilibrada e justa. Assim, ser\u00e1 necess\u00e1rio continuar monitorando os impactos da verticaliza\u00e7\u00e3o sobre a comunidade e a infraestrutura urbana.<\/p>\n\n<div style=\"font-size: 0px; height: 0px; line-height: 0px; margin: 0; padding: 0; clear: both;\"><\/div>","protected":false},"excerpt":{"rendered":"<p>Verticaliza\u00e7\u00e3o em Belo Horizonte: tudo sobre a vota\u00e7\u00e3o do projeto da C\u00e2mara Municipal.<\/p>\n","protected":false},"author":1,"featured_media":4684,"comment_status":"closed","ping_status":"closed","sticky":false,"template":"","format":"standard","meta":{"footnotes":""},"categories":[36],"tags":[],"class_list":["post-4685","post","type-post","status-publish","format-standard","has-post-thumbnail","hentry","category-construcao","has_thumb"],"aioseo_notices":[],"aioseo_head":"\n\t\t<!-- All in One SEO 5.0.0.1 - aioseo.com -->\n\t<meta name=\"description\" content=\"Verticaliza\u00e7\u00e3o em Belo Horizonte: tudo sobre a vota\u00e7\u00e3o do projeto da C\u00e2mara Municipal.\" \/>\n\t<meta name=\"robots\" content=\"max-image-preview:large\" \/>\n\t<meta name=\"author\" content=\"Encontra Belo Horizonte\"\/>\n\t<link rel=\"canonical\" href=\"https:\/\/www.encontrabelohorizonte.com.br\/sobre\/camara-de-bh-pode-concluir-nesta-sexta-votacao-de-projeto-que-preve-verticalizar-bairros-tradicionais-e-mudar-a-cara-do-centro\/\" \/>\n\t<meta name=\"generator\" content=\"All in One SEO (AIOSEO) 5.0.0.1\" \/>\n\t\t<meta property=\"og:locale\" content=\"pt_BR\" \/>\n\t\t<meta property=\"og:site_name\" content=\"Encontra Belo Horizonte | Not\u00edcias, eventos, informa\u00e7\u00f5es e dicas da cidade de Belo Horizonte e regi\u00e3o\" \/>\n\t\t<meta property=\"og:type\" content=\"article\" \/>\n\t\t<meta property=\"og:title\" content=\"C\u00e2mara de BH pode concluir nesta sexta vota\u00e7\u00e3o de projeto que prev\u00ea verticalizar bairros tradicionais e mudar \u2018a cara\u2019 do Centro | Encontra Belo Horizonte\" \/>\n\t\t<meta property=\"og:description\" content=\"Verticaliza\u00e7\u00e3o em Belo Horizonte: tudo sobre a vota\u00e7\u00e3o do projeto da C\u00e2mara Municipal.\" \/>\n\t\t<meta property=\"og:url\" content=\"https:\/\/www.encontrabelohorizonte.com.br\/sobre\/camara-de-bh-pode-concluir-nesta-sexta-votacao-de-projeto-que-preve-verticalizar-bairros-tradicionais-e-mudar-a-cara-do-centro\/\" \/>\n\t\t<meta property=\"article:published_time\" content=\"2026-08-22T08:46:40+00:00\" \/>\n\t\t<meta property=\"article:modified_time\" content=\"2026-08-22T08:46:40+00:00\" \/>\n\t\t<meta name=\"twitter:card\" content=\"summary\" \/>\n\t\t<meta name=\"twitter:title\" content=\"C\u00e2mara de BH pode concluir nesta sexta vota\u00e7\u00e3o de projeto que prev\u00ea verticalizar bairros tradicionais e mudar \u2018a cara\u2019 do Centro | Encontra Belo Horizonte\" \/>\n\t\t<meta name=\"twitter:description\" content=\"Verticaliza\u00e7\u00e3o em Belo Horizonte: tudo sobre a vota\u00e7\u00e3o do projeto da C\u00e2mara Municipal.\" \/>\n\t\t<script type=\"application\/ld+json\" class=\"aioseo-schema\">\n\t\t\t{\"@context\":\"https:\\\/\\\/schema.org\",\"@graph\":[{\"@type\":\"Article\",\"@id\":\"https:\\\/\\\/www.encontrabelohorizonte.com.br\\\/sobre\\\/camara-de-bh-pode-concluir-nesta-sexta-votacao-de-projeto-que-preve-verticalizar-bairros-tradicionais-e-mudar-a-cara-do-centro\\\/#article\",\"name\":\"C\\u00e2mara de BH pode concluir nesta sexta vota\\u00e7\\u00e3o de projeto que prev\\u00ea verticalizar bairros tradicionais e mudar \\u2018a cara\\u2019 do Centro | Encontra Belo Horizonte\",\"headline\":\"C\\u00e2mara de BH pode concluir nesta sexta vota\\u00e7\\u00e3o de projeto que prev\\u00ea verticalizar bairros tradicionais e mudar &#8216;a cara&#8217; do Centro\",\"author\":{\"@id\":\"https:\\\/\\\/www.encontrabelohorizonte.com.br\\\/sobre\\\/author\\\/ebelohorizonte\\\/#author\"},\"publisher\":{\"@id\":\"https:\\\/\\\/www.encontrabelohorizonte.com.br\\\/sobre\\\/#organization\"},\"image\":{\"@type\":\"ImageObject\",\"url\":\"https:\\\/\\\/www.encontrabelohorizonte.com.br\\\/sobre\\\/wp-content\\\/uploads\\\/camara-de-bh-pode-concluir-nesta-sexta-votacao-de-projeto-que-preve-verticalizar-bairros-tradicionai.webp\",\"width\":280,\"height\":280,\"caption\":\"verticaliza\\u00e7\\u00e3o em Belo Horizonte\"},\"datePublished\":\"2026-08-22T05:46:40-03:00\",\"dateModified\":\"2026-08-22T05:46:40-03:00\",\"inLanguage\":\"pt-BR\",\"mainEntityOfPage\":{\"@id\":\"https:\\\/\\\/www.encontrabelohorizonte.com.br\\\/sobre\\\/camara-de-bh-pode-concluir-nesta-sexta-votacao-de-projeto-que-preve-verticalizar-bairros-tradicionais-e-mudar-a-cara-do-centro\\\/#webpage\"},\"isPartOf\":{\"@id\":\"https:\\\/\\\/www.encontrabelohorizonte.com.br\\\/sobre\\\/camara-de-bh-pode-concluir-nesta-sexta-votacao-de-projeto-que-preve-verticalizar-bairros-tradicionais-e-mudar-a-cara-do-centro\\\/#webpage\"},\"articleSection\":\"Constru\\u00e7\\u00e3o Belo Horizonte\"},{\"@type\":\"BreadcrumbList\",\"@id\":\"https:\\\/\\\/www.encontrabelohorizonte.com.br\\\/sobre\\\/camara-de-bh-pode-concluir-nesta-sexta-votacao-de-projeto-que-preve-verticalizar-bairros-tradicionais-e-mudar-a-cara-do-centro\\\/#breadcrumblist\",\"itemListElement\":[{\"@type\":\"ListItem\",\"@id\":\"https:\\\/\\\/www.encontrabelohorizonte.com.br\\\/sobre#listItem\",\"position\":1,\"name\":\"In\\u00edcio\",\"item\":\"https:\\\/\\\/www.encontrabelohorizonte.com.br\\\/sobre\",\"nextItem\":{\"@type\":\"ListItem\",\"@id\":\"https:\\\/\\\/www.encontrabelohorizonte.com.br\\\/sobre\\\/construcao\\\/#listItem\",\"name\":\"Constru\\u00e7\\u00e3o Belo Horizonte\"}},{\"@type\":\"ListItem\",\"@id\":\"https:\\\/\\\/www.encontrabelohorizonte.com.br\\\/sobre\\\/construcao\\\/#listItem\",\"position\":2,\"name\":\"Constru\\u00e7\\u00e3o Belo Horizonte\",\"item\":\"https:\\\/\\\/www.encontrabelohorizonte.com.br\\\/sobre\\\/construcao\\\/\",\"nextItem\":{\"@type\":\"ListItem\",\"@id\":\"https:\\\/\\\/www.encontrabelohorizonte.com.br\\\/sobre\\\/camara-de-bh-pode-concluir-nesta-sexta-votacao-de-projeto-que-preve-verticalizar-bairros-tradicionais-e-mudar-a-cara-do-centro\\\/#listItem\",\"name\":\"C\\u00e2mara de BH pode concluir nesta sexta vota\\u00e7\\u00e3o de projeto que prev\\u00ea verticalizar bairros tradicionais e mudar &#8216;a cara&#8217; do Centro\"},\"previousItem\":{\"@type\":\"ListItem\",\"@id\":\"https:\\\/\\\/www.encontrabelohorizonte.com.br\\\/sobre#listItem\",\"name\":\"In\\u00edcio\"}},{\"@type\":\"ListItem\",\"@id\":\"https:\\\/\\\/www.encontrabelohorizonte.com.br\\\/sobre\\\/camara-de-bh-pode-concluir-nesta-sexta-votacao-de-projeto-que-preve-verticalizar-bairros-tradicionais-e-mudar-a-cara-do-centro\\\/#listItem\",\"position\":3,\"name\":\"C\\u00e2mara de BH pode concluir nesta sexta vota\\u00e7\\u00e3o de projeto que prev\\u00ea verticalizar bairros tradicionais e mudar &#8216;a cara&#8217; do Centro\",\"previousItem\":{\"@type\":\"ListItem\",\"@id\":\"https:\\\/\\\/www.encontrabelohorizonte.com.br\\\/sobre\\\/construcao\\\/#listItem\",\"name\":\"Constru\\u00e7\\u00e3o Belo Horizonte\"}}]},{\"@type\":\"Organization\",\"@id\":\"https:\\\/\\\/www.encontrabelohorizonte.com.br\\\/sobre\\\/#organization\",\"name\":\"Encontra Belo Horizonte\",\"description\":\"Not\\u00edcias, eventos, informa\\u00e7\\u00f5es e dicas da cidade de Belo Horizonte e regi\\u00e3o\",\"url\":\"https:\\\/\\\/www.encontrabelohorizonte.com.br\\\/sobre\\\/\"},{\"@type\":\"Person\",\"@id\":\"https:\\\/\\\/www.encontrabelohorizonte.com.br\\\/sobre\\\/author\\\/ebelohorizonte\\\/#author\",\"url\":\"https:\\\/\\\/www.encontrabelohorizonte.com.br\\\/sobre\\\/author\\\/ebelohorizonte\\\/\",\"name\":\"Encontra Belo Horizonte\",\"image\":{\"@type\":\"ImageObject\",\"@id\":\"https:\\\/\\\/www.encontrabelohorizonte.com.br\\\/sobre\\\/camara-de-bh-pode-concluir-nesta-sexta-votacao-de-projeto-que-preve-verticalizar-bairros-tradicionais-e-mudar-a-cara-do-centro\\\/#authorImage\",\"url\":\"https:\\\/\\\/secure.gravatar.com\\\/avatar\\\/507340682b8270222e1f208e23198b6ae7e2c6a1033ae84e99bc6bce4f82a387?s=96&d=mm&r=g\",\"width\":96,\"height\":96,\"caption\":\"Encontra Belo Horizonte\"}},{\"@type\":\"WebPage\",\"@id\":\"https:\\\/\\\/www.encontrabelohorizonte.com.br\\\/sobre\\\/camara-de-bh-pode-concluir-nesta-sexta-votacao-de-projeto-que-preve-verticalizar-bairros-tradicionais-e-mudar-a-cara-do-centro\\\/#webpage\",\"url\":\"https:\\\/\\\/www.encontrabelohorizonte.com.br\\\/sobre\\\/camara-de-bh-pode-concluir-nesta-sexta-votacao-de-projeto-que-preve-verticalizar-bairros-tradicionais-e-mudar-a-cara-do-centro\\\/\",\"name\":\"C\\u00e2mara de BH pode concluir nesta sexta vota\\u00e7\\u00e3o de projeto que prev\\u00ea verticalizar bairros tradicionais e mudar \\u2018a cara\\u2019 do Centro | Encontra Belo Horizonte\",\"description\":\"Verticaliza\\u00e7\\u00e3o em Belo Horizonte: tudo sobre a vota\\u00e7\\u00e3o do projeto da C\\u00e2mara Municipal.\",\"inLanguage\":\"pt-BR\",\"isPartOf\":{\"@id\":\"https:\\\/\\\/www.encontrabelohorizonte.com.br\\\/sobre\\\/#website\"},\"breadcrumb\":{\"@id\":\"https:\\\/\\\/www.encontrabelohorizonte.com.br\\\/sobre\\\/camara-de-bh-pode-concluir-nesta-sexta-votacao-de-projeto-que-preve-verticalizar-bairros-tradicionais-e-mudar-a-cara-do-centro\\\/#breadcrumblist\"},\"author\":{\"@id\":\"https:\\\/\\\/www.encontrabelohorizonte.com.br\\\/sobre\\\/author\\\/ebelohorizonte\\\/#author\"},\"creator\":{\"@id\":\"https:\\\/\\\/www.encontrabelohorizonte.com.br\\\/sobre\\\/author\\\/ebelohorizonte\\\/#author\"},\"image\":{\"@type\":\"ImageObject\",\"url\":\"https:\\\/\\\/www.encontrabelohorizonte.com.br\\\/sobre\\\/wp-content\\\/uploads\\\/camara-de-bh-pode-concluir-nesta-sexta-votacao-de-projeto-que-preve-verticalizar-bairros-tradicionai.webp\",\"@id\":\"https:\\\/\\\/www.encontrabelohorizonte.com.br\\\/sobre\\\/camara-de-bh-pode-concluir-nesta-sexta-votacao-de-projeto-que-preve-verticalizar-bairros-tradicionais-e-mudar-a-cara-do-centro\\\/#mainImage\",\"width\":280,\"height\":280,\"caption\":\"verticaliza\\u00e7\\u00e3o em Belo Horizonte\"},\"primaryImageOfPage\":{\"@id\":\"https:\\\/\\\/www.encontrabelohorizonte.com.br\\\/sobre\\\/camara-de-bh-pode-concluir-nesta-sexta-votacao-de-projeto-que-preve-verticalizar-bairros-tradicionais-e-mudar-a-cara-do-centro\\\/#mainImage\"},\"datePublished\":\"2026-08-22T05:46:40-03:00\",\"dateModified\":\"2026-08-22T05:46:40-03:00\"},{\"@type\":\"WebSite\",\"@id\":\"https:\\\/\\\/www.encontrabelohorizonte.com.br\\\/sobre\\\/#website\",\"url\":\"https:\\\/\\\/www.encontrabelohorizonte.com.br\\\/sobre\\\/\",\"name\":\"Encontra Belo Horizonte\",\"description\":\"Not\\u00edcias, eventos, informa\\u00e7\\u00f5es e dicas da cidade de Belo Horizonte e regi\\u00e3o\",\"inLanguage\":\"pt-BR\",\"publisher\":{\"@id\":\"https:\\\/\\\/www.encontrabelohorizonte.com.br\\\/sobre\\\/#organization\"}}]}\n\t\t<\/script>\n\t\t<!-- All in One SEO -->\n\n","aioseo_head_json":{"title":"C\u00e2mara de BH pode concluir nesta sexta vota\u00e7\u00e3o de projeto que prev\u00ea verticalizar bairros tradicionais e mudar \u2018a cara\u2019 do Centro | Encontra Belo Horizonte","description":"Verticaliza\u00e7\u00e3o em Belo Horizonte: tudo sobre a vota\u00e7\u00e3o do projeto da C\u00e2mara Municipal.","canonical_url":"https:\/\/www.encontrabelohorizonte.com.br\/sobre\/camara-de-bh-pode-concluir-nesta-sexta-votacao-de-projeto-que-preve-verticalizar-bairros-tradicionais-e-mudar-a-cara-do-centro\/","robots":"max-image-preview:large","keywords":"","webmasterTools":{"miscellaneous":""},"schema":{"@context":"https:\/\/schema.org","@graph":[{"@type":"Article","@id":"https:\/\/www.encontrabelohorizonte.com.br\/sobre\/camara-de-bh-pode-concluir-nesta-sexta-votacao-de-projeto-que-preve-verticalizar-bairros-tradicionais-e-mudar-a-cara-do-centro\/#article","name":"C\u00e2mara de BH pode concluir nesta sexta vota\u00e7\u00e3o de projeto que prev\u00ea verticalizar bairros tradicionais e mudar \u2018a cara\u2019 do Centro | Encontra Belo Horizonte","headline":"C\u00e2mara de BH pode concluir nesta sexta vota\u00e7\u00e3o de projeto que prev\u00ea verticalizar bairros tradicionais e mudar &#8216;a cara&#8217; do Centro","author":{"@id":"https:\/\/www.encontrabelohorizonte.com.br\/sobre\/author\/ebelohorizonte\/#author"},"publisher":{"@id":"https:\/\/www.encontrabelohorizonte.com.br\/sobre\/#organization"},"image":{"@type":"ImageObject","url":"https:\/\/www.encontrabelohorizonte.com.br\/sobre\/wp-content\/uploads\/camara-de-bh-pode-concluir-nesta-sexta-votacao-de-projeto-que-preve-verticalizar-bairros-tradicionai.webp","width":280,"height":280,"caption":"verticaliza\u00e7\u00e3o em Belo Horizonte"},"datePublished":"2026-08-22T05:46:40-03:00","dateModified":"2026-08-22T05:46:40-03:00","inLanguage":"pt-BR","mainEntityOfPage":{"@id":"https:\/\/www.encontrabelohorizonte.com.br\/sobre\/camara-de-bh-pode-concluir-nesta-sexta-votacao-de-projeto-que-preve-verticalizar-bairros-tradicionais-e-mudar-a-cara-do-centro\/#webpage"},"isPartOf":{"@id":"https:\/\/www.encontrabelohorizonte.com.br\/sobre\/camara-de-bh-pode-concluir-nesta-sexta-votacao-de-projeto-que-preve-verticalizar-bairros-tradicionais-e-mudar-a-cara-do-centro\/#webpage"},"articleSection":"Constru\u00e7\u00e3o Belo Horizonte"},{"@type":"BreadcrumbList","@id":"https:\/\/www.encontrabelohorizonte.com.br\/sobre\/camara-de-bh-pode-concluir-nesta-sexta-votacao-de-projeto-que-preve-verticalizar-bairros-tradicionais-e-mudar-a-cara-do-centro\/#breadcrumblist","itemListElement":[{"@type":"ListItem","@id":"https:\/\/www.encontrabelohorizonte.com.br\/sobre#listItem","position":1,"name":"In\u00edcio","item":"https:\/\/www.encontrabelohorizonte.com.br\/sobre","nextItem":{"@type":"ListItem","@id":"https:\/\/www.encontrabelohorizonte.com.br\/sobre\/construcao\/#listItem","name":"Constru\u00e7\u00e3o Belo Horizonte"}},{"@type":"ListItem","@id":"https:\/\/www.encontrabelohorizonte.com.br\/sobre\/construcao\/#listItem","position":2,"name":"Constru\u00e7\u00e3o Belo Horizonte","item":"https:\/\/www.encontrabelohorizonte.com.br\/sobre\/construcao\/","nextItem":{"@type":"ListItem","@id":"https:\/\/www.encontrabelohorizonte.com.br\/sobre\/camara-de-bh-pode-concluir-nesta-sexta-votacao-de-projeto-que-preve-verticalizar-bairros-tradicionais-e-mudar-a-cara-do-centro\/#listItem","name":"C\u00e2mara de BH pode concluir nesta sexta vota\u00e7\u00e3o de projeto que prev\u00ea verticalizar bairros tradicionais e mudar &#8216;a cara&#8217; do Centro"},"previousItem":{"@type":"ListItem","@id":"https:\/\/www.encontrabelohorizonte.com.br\/sobre#listItem","name":"In\u00edcio"}},{"@type":"ListItem","@id":"https:\/\/www.encontrabelohorizonte.com.br\/sobre\/camara-de-bh-pode-concluir-nesta-sexta-votacao-de-projeto-que-preve-verticalizar-bairros-tradicionais-e-mudar-a-cara-do-centro\/#listItem","position":3,"name":"C\u00e2mara de BH pode concluir nesta sexta vota\u00e7\u00e3o de projeto que prev\u00ea verticalizar bairros tradicionais e mudar &#8216;a cara&#8217; do Centro","previousItem":{"@type":"ListItem","@id":"https:\/\/www.encontrabelohorizonte.com.br\/sobre\/construcao\/#listItem","name":"Constru\u00e7\u00e3o Belo Horizonte"}}]},{"@type":"Organization","@id":"https:\/\/www.encontrabelohorizonte.com.br\/sobre\/#organization","name":"Encontra Belo Horizonte","description":"Not\u00edcias, eventos, informa\u00e7\u00f5es e dicas da cidade de Belo Horizonte e regi\u00e3o","url":"https:\/\/www.encontrabelohorizonte.com.br\/sobre\/"},{"@type":"Person","@id":"https:\/\/www.encontrabelohorizonte.com.br\/sobre\/author\/ebelohorizonte\/#author","url":"https:\/\/www.encontrabelohorizonte.com.br\/sobre\/author\/ebelohorizonte\/","name":"Encontra Belo Horizonte","image":{"@type":"ImageObject","@id":"https:\/\/www.encontrabelohorizonte.com.br\/sobre\/camara-de-bh-pode-concluir-nesta-sexta-votacao-de-projeto-que-preve-verticalizar-bairros-tradicionais-e-mudar-a-cara-do-centro\/#authorImage","url":"https:\/\/secure.gravatar.com\/avatar\/507340682b8270222e1f208e23198b6ae7e2c6a1033ae84e99bc6bce4f82a387?s=96&d=mm&r=g","width":96,"height":96,"caption":"Encontra Belo Horizonte"}},{"@type":"WebPage","@id":"https:\/\/www.encontrabelohorizonte.com.br\/sobre\/camara-de-bh-pode-concluir-nesta-sexta-votacao-de-projeto-que-preve-verticalizar-bairros-tradicionais-e-mudar-a-cara-do-centro\/#webpage","url":"https:\/\/www.encontrabelohorizonte.com.br\/sobre\/camara-de-bh-pode-concluir-nesta-sexta-votacao-de-projeto-que-preve-verticalizar-bairros-tradicionais-e-mudar-a-cara-do-centro\/","name":"C\u00e2mara de BH pode concluir nesta sexta vota\u00e7\u00e3o de projeto que prev\u00ea verticalizar bairros tradicionais e mudar \u2018a cara\u2019 do Centro | Encontra Belo Horizonte","description":"Verticaliza\u00e7\u00e3o em Belo Horizonte: tudo sobre a vota\u00e7\u00e3o do projeto da C\u00e2mara Municipal.","inLanguage":"pt-BR","isPartOf":{"@id":"https:\/\/www.encontrabelohorizonte.com.br\/sobre\/#website"},"breadcrumb":{"@id":"https:\/\/www.encontrabelohorizonte.com.br\/sobre\/camara-de-bh-pode-concluir-nesta-sexta-votacao-de-projeto-que-preve-verticalizar-bairros-tradicionais-e-mudar-a-cara-do-centro\/#breadcrumblist"},"author":{"@id":"https:\/\/www.encontrabelohorizonte.com.br\/sobre\/author\/ebelohorizonte\/#author"},"creator":{"@id":"https:\/\/www.encontrabelohorizonte.com.br\/sobre\/author\/ebelohorizonte\/#author"},"image":{"@type":"ImageObject","url":"https:\/\/www.encontrabelohorizonte.com.br\/sobre\/wp-content\/uploads\/camara-de-bh-pode-concluir-nesta-sexta-votacao-de-projeto-que-preve-verticalizar-bairros-tradicionai.webp","@id":"https:\/\/www.encontrabelohorizonte.com.br\/sobre\/camara-de-bh-pode-concluir-nesta-sexta-votacao-de-projeto-que-preve-verticalizar-bairros-tradicionais-e-mudar-a-cara-do-centro\/#mainImage","width":280,"height":280,"caption":"verticaliza\u00e7\u00e3o em Belo Horizonte"},"primaryImageOfPage":{"@id":"https:\/\/www.encontrabelohorizonte.com.br\/sobre\/camara-de-bh-pode-concluir-nesta-sexta-votacao-de-projeto-que-preve-verticalizar-bairros-tradicionais-e-mudar-a-cara-do-centro\/#mainImage"},"datePublished":"2026-08-22T05:46:40-03:00","dateModified":"2026-08-22T05:46:40-03:00"},{"@type":"WebSite","@id":"https:\/\/www.encontrabelohorizonte.com.br\/sobre\/#website","url":"https:\/\/www.encontrabelohorizonte.com.br\/sobre\/","name":"Encontra Belo Horizonte","description":"Not\u00edcias, eventos, informa\u00e7\u00f5es e dicas da cidade de Belo Horizonte e regi\u00e3o","inLanguage":"pt-BR","publisher":{"@id":"https:\/\/www.encontrabelohorizonte.com.br\/sobre\/#organization"}}]},"og:locale":"pt_BR","og:site_name":"Encontra Belo Horizonte | Not\u00edcias, eventos, informa\u00e7\u00f5es e dicas da cidade de Belo Horizonte e regi\u00e3o","og:type":"article","og:title":"C\u00e2mara de BH pode concluir nesta sexta vota\u00e7\u00e3o de projeto que prev\u00ea verticalizar bairros tradicionais e mudar \u2018a cara\u2019 do Centro | Encontra Belo Horizonte","og:description":"Verticaliza\u00e7\u00e3o em Belo Horizonte: tudo sobre a vota\u00e7\u00e3o do projeto da C\u00e2mara Municipal.","og:url":"https:\/\/www.encontrabelohorizonte.com.br\/sobre\/camara-de-bh-pode-concluir-nesta-sexta-votacao-de-projeto-que-preve-verticalizar-bairros-tradicionais-e-mudar-a-cara-do-centro\/","article:published_time":"2026-08-22T08:46:40+00:00","article:modified_time":"2026-08-22T08:46:40+00:00","twitter:card":"summary","twitter:title":"C\u00e2mara de BH pode concluir nesta sexta vota\u00e7\u00e3o de projeto que prev\u00ea verticalizar bairros tradicionais e mudar \u2018a cara\u2019 do Centro | Encontra Belo Horizonte","twitter:description":"Verticaliza\u00e7\u00e3o em Belo Horizonte: tudo sobre a vota\u00e7\u00e3o do projeto da C\u00e2mara Municipal."},"aioseo_meta_data":{"post_id":"4685","title":null,"description":null,"keywords":null,"keyphrases":null,"primary_term":null,"canonical_url":null,"og_title":null,"og_description":null,"og_object_type":"default","og_image_type":"default","og_image_url":null,"og_image_width":null,"og_image_height":null,"og_image_custom_url":null,"og_image_custom_fields":null,"og_video":null,"og_custom_url":null,"og_article_section":null,"og_article_tags":null,"twitter_use_og":false,"twitter_card":"default","twitter_image_type":"default","twitter_image_url":null,"twitter_image_custom_url":null,"twitter_image_custom_fields":null,"twitter_title":null,"twitter_description":null,"schema":{"blockGraphs":[],"customGraphs":[],"default":{"data":{"Article":[],"Course":[],"Dataset":[],"FAQPage":[],"Movie":[],"Person":[],"Product":[],"ProductReview":[],"Car":[],"Recipe":[],"Service":[],"SoftwareApplication":[],"WebPage":[]},"graphName":"Article","isEnabled":true},"graphs":[]},"schema_type":"default","schema_type_options":null,"pillar_content":false,"robots_default":true,"robots_noindex":false,"robots_noarchive":false,"robots_nosnippet":false,"robots_nofollow":false,"robots_noimageindex":false,"robots_noodp":false,"robots_notranslate":false,"robots_max_snippet":null,"robots_max_videopreview":null,"robots_max_imagepreview":"large","priority":null,"frequency":null,"local_seo":null,"breadcrumb_settings":null,"limit_modified_date":false,"ai":null,"created":"2026-08-22 08:46:40","updated":"2026-08-22 09:43:37","focus_keyword":null,"additional_keywords":null,"truseo_locale":null,"seo_analyzer_scan_date":null},"aioseo_breadcrumb":"<div class=\"aioseo-breadcrumbs\"><span class=\"aioseo-breadcrumb\">\n\t\t\t<a href=\"https:\/\/www.encontrabelohorizonte.com.br\/sobre\" title=\"In\u00edcio\">In\u00edcio<\/a>\n\t\t<\/span><span class=\"aioseo-breadcrumb-separator\">&raquo;<\/span><span class=\"aioseo-breadcrumb\">\n\t\t\t<a href=\"https:\/\/www.encontrabelohorizonte.com.br\/sobre\/construcao\/\" title=\"Constru\u00e7\u00e3o Belo Horizonte\">Constru\u00e7\u00e3o Belo Horizonte<\/a>\n\t\t<\/span><span class=\"aioseo-breadcrumb-separator\">&raquo;<\/span><span class=\"aioseo-breadcrumb\">\n\t\t\tC\u00e2mara de BH pode concluir nesta sexta vota\u00e7\u00e3o de projeto que prev\u00ea verticalizar bairros tradicionais e mudar \u2018a cara\u2019 do Centro\n\t\t<\/span><\/div>","aioseo_breadcrumb_json":[{"label":"In\u00edcio","link":"https:\/\/www.encontrabelohorizonte.com.br\/sobre"},{"label":"Constru\u00e7\u00e3o Belo Horizonte","link":"https:\/\/www.encontrabelohorizonte.com.br\/sobre\/construcao\/"},{"label":"C\u00e2mara de BH pode concluir nesta sexta vota\u00e7\u00e3o de projeto que prev\u00ea verticalizar bairros tradicionais e mudar &#8216;a cara&#8217; do Centro","link":"https:\/\/www.encontrabelohorizonte.com.br\/sobre\/camara-de-bh-pode-concluir-nesta-sexta-votacao-de-projeto-que-preve-verticalizar-bairros-tradicionais-e-mudar-a-cara-do-centro\/"}],"_links":{"self":[{"href":"https:\/\/www.encontrabelohorizonte.com.br\/sobre\/wp-json\/wp\/v2\/posts\/4685","targetHints":{"allow":["GET"]}}],"collection":[{"href":"https:\/\/www.encontrabelohorizonte.com.br\/sobre\/wp-json\/wp\/v2\/posts"}],"about":[{"href":"https:\/\/www.encontrabelohorizonte.com.br\/sobre\/wp-json\/wp\/v2\/types\/post"}],"author":[{"embeddable":true,"href":"https:\/\/www.encontrabelohorizonte.com.br\/sobre\/wp-json\/wp\/v2\/users\/1"}],"replies":[{"embeddable":true,"href":"https:\/\/www.encontrabelohorizonte.com.br\/sobre\/wp-json\/wp\/v2\/comments?post=4685"}],"version-history":[{"count":0,"href":"https:\/\/www.encontrabelohorizonte.com.br\/sobre\/wp-json\/wp\/v2\/posts\/4685\/revisions"}],"wp:featuredmedia":[{"embeddable":true,"href":"https:\/\/www.encontrabelohorizonte.com.br\/sobre\/wp-json\/wp\/v2\/media\/4684"}],"wp:attachment":[{"href":"https:\/\/www.encontrabelohorizonte.com.br\/sobre\/wp-json\/wp\/v2\/media?parent=4685"}],"wp:term":[{"taxonomy":"category","embeddable":true,"href":"https:\/\/www.encontrabelohorizonte.com.br\/sobre\/wp-json\/wp\/v2\/categories?post=4685"},{"taxonomy":"post_tag","embeddable":true,"href":"https:\/\/www.encontrabelohorizonte.com.br\/sobre\/wp-json\/wp\/v2\/tags?post=4685"}],"curies":[{"name":"wp","href":"https:\/\/api.w.org\/{rel}","templated":true}]}}