{"id":4689,"date":"2026-08-22T05:49:00","date_gmt":"2026-08-22T08:49:00","guid":{"rendered":"https:\/\/www.encontrabelohorizonte.com.br\/sobre\/lula-faz-campanha-em-belo-horizonte-e-critica-flavio-bolsonaro\/"},"modified":"2026-08-22T05:49:00","modified_gmt":"2026-08-22T08:49:00","slug":"lula-faz-campanha-em-belo-horizonte-e-critica-flavio-bolsonaro","status":"publish","type":"post","link":"https:\/\/www.encontrabelohorizonte.com.br\/sobre\/lula-faz-campanha-em-belo-horizonte-e-critica-flavio-bolsonaro\/","title":{"rendered":"Lula faz campanha em Belo Horizonte e critica Fl\u00e1vio Bolsonaro"},"content":{"rendered":"<div class=\"2e083cf0b19e2c11948dc6ac054ba979\" data-index=\"1\" style=\"float: none; margin:0px;\">\n<!-- Anuncio display - global -->\r\n<ins class=\"adsbygoogle\"\r\n     style=\"display:block\"\r\n     data-ad-client=\"ca-pub-8585364105181520\"\r\n     data-ad-slot=\"8789329856\"\r\n     data-ad-format=\"auto\"\r\n     data-full-width-responsive=\"true\"><\/ins>\r\n<script>\r\n     (adsbygoogle = window.adsbygoogle || []).push({});\r\n<\/script>\n<\/div>\n<h2>Pra\u00e7a da Esta\u00e7\u00e3o: O Palco das Grandes Mobiliza\u00e7\u00f5es<\/h2>\n<p>A Pra\u00e7a da Esta\u00e7\u00e3o, localizada no cora\u00e7\u00e3o de Belo Horizonte, se destaca como um local emblem\u00e1tico para a realiza\u00e7\u00e3o de eventos pol\u00edticos, especialmente as campanhas eleitorais. Recentemente, o presidente e candidato \u00e0 reelei\u00e7\u00e3o, <strong>Luiz In\u00e1cio Lula da Silva<\/strong>, optou por este espa\u00e7o para iniciar sua candidatura ao governo de Minas Gerais. O local, que j\u00e1 foi palco de grandes mobiliza\u00e7\u00f5es em anos anteriores, como a de 2022, reuniu uma multid\u00e3o de apoiadores e militantes, criando uma atmosfera vibrante e de esperan\u00e7a entre os presentes.<\/p>\n<h2>A Ret\u00f3rica de Lula nas Campanhas<\/h2>\n<p>Durante seu com\u00edcio na Pra\u00e7a da Esta\u00e7\u00e3o, Lula utilizou uma ret\u00f3rica familiar e acess\u00edvel, repleta de hist\u00f3rias que ressoam com seus apoiadores. Ele se lembrou dos tempos em que era sindicalista, evocando as lutas e conquistas do passado. Essa abordagem n\u00e3o s\u00f3 desperta nostalgia, mas tamb\u00e9m reafirma seu compromisso com a classe trabalhadora e os princ\u00edpios que fundamentam o Partido dos Trabalhadores (PT).<\/p>\n<h2>Impacto das Hist\u00f3rias Pessoais na Pol\u00edtica<\/h2>\n<p>Contar hist\u00f3rias pessoais desempenha um papel crucial na pol\u00edtica. Ao relatar suas experi\u00eancias anteriores, especialmente como sindicalista, Lula fortalece sua conex\u00e3o emocional com o p\u00fablico. Essas narrativas n\u00e3o apenas humanizam o candidato, mas tamb\u00e9m o posicionam como algu\u00e9m que compreende as dificuldades enfrentadas pela popula\u00e7\u00e3o. Essa estrat\u00e9gia \u00e9 eficaz n\u00e3o apenas em Belo Horizonte, mas em toda a trajet\u00f3ria pol\u00edtica de Lula, permitindo que ele se destaque em meio \u00e0 concorr\u00eancia.<\/p>\n<p><img decoding=\"async\" src=\"https:\/\/www.encontrabelohorizonte.com.br\/sobre\/wp-content\/uploads\/lula-faz-campanha-em-belo-horizonte-e-critica-flavio-bolsonaro.webp\" alt=\"campanha de Lula em Belo Horizonte\" loading=\"lazy\" \/><\/p>\n<h2>Fl\u00e1vio Bolsonaro e a Cr\u00edtica Na Campanha<\/h2>\n<p>Embora n\u00e3o tenha mencionado <strong>Fl\u00e1vio Bolsonaro<\/strong> diretamente, Lula n\u00e3o hesitou em criticar o ex-presidente e suas pol\u00edticas. Suas falas insinuaram um contraste claro entre sua proposta de governo e as diretrizes do advers\u00e1rio. Ao desviar de um ataque pessoal e focar nas pol\u00edticas e nas consequ\u00eancias, Lula tenta se posicionar como uma alternativa vi\u00e1vel frente ao que considera como erros do passado recente.<\/p>\n<h2>A Import\u00e2ncia do Apoio Popular para Lula<\/h2>\n<p>O apoio da popula\u00e7\u00e3o \u00e9 essencial para qualquer candidato, e Lula sabe disso. O evento em Belo Horizonte foi uma demonstra\u00e7\u00e3o clara de sua popularidade entre os militantes e simpatizantes. Mobiliza\u00e7\u00f5es como essa n\u00e3o apenas aumentam a moral, mas tamb\u00e9m servem como term\u00f4metro para a aceita\u00e7\u00e3o das ideias do candidato. Fortalecer la\u00e7os com a base eleitoral \u00e9 uma prioridade, especialmente em um momento pol\u00edtico t\u00e3o polarizado.<\/p>\n<h2>Expectativas para a Reelei\u00e7\u00e3o de Lula<\/h2>\n<p>Com as elei\u00e7\u00f5es se aproximando, Lula precisa garantir que sua mensagem chegue a uma audi\u00eancia maior. As expectativas para sua reelei\u00e7\u00e3o s\u00e3o altas, mas tamb\u00e9m recheadas de desafios. O ex-presidente se v\u00ea em uma corrida onde a oposi\u00e7\u00e3o est\u00e1 forte e bem organizada. Portanto, cada com\u00edcio e cada discurso conta, formando um quadro que pode determinar seu futuro pol\u00edtico.<\/p>\n<h2>O Papel dos Militantes nas Campanhas<\/h2>\n<p>Os militantes foram uma presen\u00e7a marcante no evento de Belo Horizonte. Eles desempenham um papel fundamental em campanhas, n\u00e3o apenas como apoiadores, mas como mobilizadores. Sua paix\u00e3o e dedica\u00e7\u00e3o s\u00e3o contagiantes e ajudam a criar uma atmosfera din\u00e2mica que pode influenciar a percep\u00e7\u00e3o p\u00fablica. Al\u00e9m disso, a presen\u00e7a ativa dos militantes nas redes sociais e comunidades locais amplifica ainda mais a mensagem de Lula.<\/p>\n<h2>Hist\u00f3ria do PT em Minas Gerais<\/h2>\n<p>O Partido dos Trabalhadores possui uma rica hist\u00f3ria em Minas Gerais, marcada por vit\u00f3rias emocionantes e desafios significativos. O estado sempre foi um campo de batalha eleitoral chave, onde a presen\u00e7a do PT tem sido forte. Rememorar essas conquistas \u00e9 essencial para engajar os eleitores e refor\u00e7ar a confian\u00e7a no partido.<\/p>\n<h2>Perspectivas Pol\u00edticas em Minas Gerais<\/h2>\n<p>As perspectivas pol\u00edticas em Minas Gerais s\u00e3o bastante din\u00e2micas e podem mudar rapidamente. A atua\u00e7\u00e3o de Lula e de outros candidatos nesta regi\u00e3o ser\u00e1 decisiva para o desenrolar do cen\u00e1rio pol\u00edtico. O potencial de alian\u00e7as e a evolu\u00e7\u00e3o das prefer\u00eancias eleitorais devem ser acompanhados de perto, pois influenciam diretamente o resultado das elei\u00e7\u00f5es.<\/p>\n<h2>Efeito das Mobiliza\u00e7\u00f5es em Belo Horizonte<\/h2>\n<p>A mobiliza\u00e7\u00e3o em Belo Horizonte teve um impacto significativo tanto emocional quanto estrat\u00e9gico. Criar um forte la\u00e7o com os cidad\u00e3os locais n\u00e3o s\u00f3 solidifica a base de apoio de Lula, mas tamb\u00e9m envia uma mensagem clara para outros eleitores em potencial. Um evento bem-sucedido, como o realizado na Pra\u00e7a da Esta\u00e7\u00e3o, tem o poder de energizar a campanha e atrair novos apoiadores, fundamentais para a reelei\u00e7\u00e3o.<\/p>\n\n<div style=\"font-size: 0px; height: 0px; line-height: 0px; margin: 0; padding: 0; clear: both;\"><\/div>","protected":false},"excerpt":{"rendered":"<p>Lula critica Fl\u00e1vio Bolsonaro em sua campanha em Belo Horizonte.<\/p>\n","protected":false},"author":1,"featured_media":4688,"comment_status":"closed","ping_status":"closed","sticky":false,"template":"","format":"standard","meta":{"footnotes":""},"categories":[6],"tags":[],"class_list":["post-4689","post","type-post","status-publish","format-standard","has-post-thumbnail","hentry","category-noticias","has_thumb"],"aioseo_notices":[],"aioseo_head":"\n\t\t<!-- All in One SEO 5.0.0.1 - aioseo.com -->\n\t<meta name=\"description\" content=\"Lula critica Fl\u00e1vio Bolsonaro em sua campanha em Belo Horizonte.\" \/>\n\t<meta name=\"robots\" content=\"max-image-preview:large\" \/>\n\t<meta name=\"author\" content=\"Encontra Belo Horizonte\"\/>\n\t<link rel=\"canonical\" href=\"https:\/\/www.encontrabelohorizonte.com.br\/sobre\/lula-faz-campanha-em-belo-horizonte-e-critica-flavio-bolsonaro\/\" \/>\n\t<meta name=\"generator\" content=\"All in One SEO (AIOSEO) 5.0.0.1\" \/>\n\t\t<meta property=\"og:locale\" content=\"pt_BR\" \/>\n\t\t<meta property=\"og:site_name\" content=\"Encontra Belo Horizonte | Not\u00edcias, eventos, informa\u00e7\u00f5es e dicas da cidade de Belo Horizonte e regi\u00e3o\" \/>\n\t\t<meta property=\"og:type\" content=\"article\" \/>\n\t\t<meta property=\"og:title\" content=\"Lula faz campanha em Belo Horizonte e critica Fl\u00e1vio Bolsonaro | Encontra Belo Horizonte\" \/>\n\t\t<meta property=\"og:description\" content=\"Lula critica Fl\u00e1vio Bolsonaro em sua campanha em Belo Horizonte.\" \/>\n\t\t<meta property=\"og:url\" content=\"https:\/\/www.encontrabelohorizonte.com.br\/sobre\/lula-faz-campanha-em-belo-horizonte-e-critica-flavio-bolsonaro\/\" \/>\n\t\t<meta property=\"article:published_time\" content=\"2026-08-22T08:49:00+00:00\" \/>\n\t\t<meta property=\"article:modified_time\" content=\"2026-08-22T08:49:00+00:00\" \/>\n\t\t<meta name=\"twitter:card\" content=\"summary\" \/>\n\t\t<meta name=\"twitter:title\" content=\"Lula faz campanha em Belo Horizonte e critica Fl\u00e1vio Bolsonaro | Encontra Belo Horizonte\" \/>\n\t\t<meta name=\"twitter:description\" content=\"Lula critica Fl\u00e1vio Bolsonaro em sua campanha em Belo Horizonte.\" \/>\n\t\t<script type=\"application\/ld+json\" class=\"aioseo-schema\">\n\t\t\t{\"@context\":\"https:\\\/\\\/schema.org\",\"@graph\":[{\"@type\":\"Article\",\"@id\":\"https:\\\/\\\/www.encontrabelohorizonte.com.br\\\/sobre\\\/lula-faz-campanha-em-belo-horizonte-e-critica-flavio-bolsonaro\\\/#article\",\"name\":\"Lula faz campanha em Belo Horizonte e critica Fl\\u00e1vio Bolsonaro | Encontra Belo Horizonte\",\"headline\":\"Lula faz campanha em Belo Horizonte e critica Fl\\u00e1vio Bolsonaro\",\"author\":{\"@id\":\"https:\\\/\\\/www.encontrabelohorizonte.com.br\\\/sobre\\\/author\\\/ebelohorizonte\\\/#author\"},\"publisher\":{\"@id\":\"https:\\\/\\\/www.encontrabelohorizonte.com.br\\\/sobre\\\/#organization\"},\"image\":{\"@type\":\"ImageObject\",\"url\":\"https:\\\/\\\/www.encontrabelohorizonte.com.br\\\/sobre\\\/wp-content\\\/uploads\\\/lula-faz-campanha-em-belo-horizonte-e-critica-flavio-bolsonaro.webp\",\"width\":280,\"height\":280,\"caption\":\"campanha de Lula em Belo Horizonte\"},\"datePublished\":\"2026-08-22T05:49:00-03:00\",\"dateModified\":\"2026-08-22T05:49:00-03:00\",\"inLanguage\":\"pt-BR\",\"mainEntityOfPage\":{\"@id\":\"https:\\\/\\\/www.encontrabelohorizonte.com.br\\\/sobre\\\/lula-faz-campanha-em-belo-horizonte-e-critica-flavio-bolsonaro\\\/#webpage\"},\"isPartOf\":{\"@id\":\"https:\\\/\\\/www.encontrabelohorizonte.com.br\\\/sobre\\\/lula-faz-campanha-em-belo-horizonte-e-critica-flavio-bolsonaro\\\/#webpage\"},\"articleSection\":\"Not\\u00edcias Belo Horizonte\"},{\"@type\":\"BreadcrumbList\",\"@id\":\"https:\\\/\\\/www.encontrabelohorizonte.com.br\\\/sobre\\\/lula-faz-campanha-em-belo-horizonte-e-critica-flavio-bolsonaro\\\/#breadcrumblist\",\"itemListElement\":[{\"@type\":\"ListItem\",\"@id\":\"https:\\\/\\\/www.encontrabelohorizonte.com.br\\\/sobre#listItem\",\"position\":1,\"name\":\"In\\u00edcio\",\"item\":\"https:\\\/\\\/www.encontrabelohorizonte.com.br\\\/sobre\",\"nextItem\":{\"@type\":\"ListItem\",\"@id\":\"https:\\\/\\\/www.encontrabelohorizonte.com.br\\\/sobre\\\/noticias\\\/#listItem\",\"name\":\"Not\\u00edcias Belo Horizonte\"}},{\"@type\":\"ListItem\",\"@id\":\"https:\\\/\\\/www.encontrabelohorizonte.com.br\\\/sobre\\\/noticias\\\/#listItem\",\"position\":2,\"name\":\"Not\\u00edcias Belo Horizonte\",\"item\":\"https:\\\/\\\/www.encontrabelohorizonte.com.br\\\/sobre\\\/noticias\\\/\",\"nextItem\":{\"@type\":\"ListItem\",\"@id\":\"https:\\\/\\\/www.encontrabelohorizonte.com.br\\\/sobre\\\/lula-faz-campanha-em-belo-horizonte-e-critica-flavio-bolsonaro\\\/#listItem\",\"name\":\"Lula faz campanha em Belo Horizonte e critica Fl\\u00e1vio Bolsonaro\"},\"previousItem\":{\"@type\":\"ListItem\",\"@id\":\"https:\\\/\\\/www.encontrabelohorizonte.com.br\\\/sobre#listItem\",\"name\":\"In\\u00edcio\"}},{\"@type\":\"ListItem\",\"@id\":\"https:\\\/\\\/www.encontrabelohorizonte.com.br\\\/sobre\\\/lula-faz-campanha-em-belo-horizonte-e-critica-flavio-bolsonaro\\\/#listItem\",\"position\":3,\"name\":\"Lula faz campanha em Belo Horizonte e critica Fl\\u00e1vio Bolsonaro\",\"previousItem\":{\"@type\":\"ListItem\",\"@id\":\"https:\\\/\\\/www.encontrabelohorizonte.com.br\\\/sobre\\\/noticias\\\/#listItem\",\"name\":\"Not\\u00edcias Belo Horizonte\"}}]},{\"@type\":\"Organization\",\"@id\":\"https:\\\/\\\/www.encontrabelohorizonte.com.br\\\/sobre\\\/#organization\",\"name\":\"Encontra Belo Horizonte\",\"description\":\"Not\\u00edcias, eventos, informa\\u00e7\\u00f5es e dicas da cidade de Belo Horizonte e regi\\u00e3o\",\"url\":\"https:\\\/\\\/www.encontrabelohorizonte.com.br\\\/sobre\\\/\"},{\"@type\":\"Person\",\"@id\":\"https:\\\/\\\/www.encontrabelohorizonte.com.br\\\/sobre\\\/author\\\/ebelohorizonte\\\/#author\",\"url\":\"https:\\\/\\\/www.encontrabelohorizonte.com.br\\\/sobre\\\/author\\\/ebelohorizonte\\\/\",\"name\":\"Encontra Belo Horizonte\",\"image\":{\"@type\":\"ImageObject\",\"@id\":\"https:\\\/\\\/www.encontrabelohorizonte.com.br\\\/sobre\\\/lula-faz-campanha-em-belo-horizonte-e-critica-flavio-bolsonaro\\\/#authorImage\",\"url\":\"https:\\\/\\\/secure.gravatar.com\\\/avatar\\\/507340682b8270222e1f208e23198b6ae7e2c6a1033ae84e99bc6bce4f82a387?s=96&d=mm&r=g\",\"width\":96,\"height\":96,\"caption\":\"Encontra Belo Horizonte\"}},{\"@type\":\"WebPage\",\"@id\":\"https:\\\/\\\/www.encontrabelohorizonte.com.br\\\/sobre\\\/lula-faz-campanha-em-belo-horizonte-e-critica-flavio-bolsonaro\\\/#webpage\",\"url\":\"https:\\\/\\\/www.encontrabelohorizonte.com.br\\\/sobre\\\/lula-faz-campanha-em-belo-horizonte-e-critica-flavio-bolsonaro\\\/\",\"name\":\"Lula faz campanha em Belo Horizonte e critica Fl\\u00e1vio Bolsonaro | Encontra Belo Horizonte\",\"description\":\"Lula critica Fl\\u00e1vio Bolsonaro em sua campanha em Belo Horizonte.\",\"inLanguage\":\"pt-BR\",\"isPartOf\":{\"@id\":\"https:\\\/\\\/www.encontrabelohorizonte.com.br\\\/sobre\\\/#website\"},\"breadcrumb\":{\"@id\":\"https:\\\/\\\/www.encontrabelohorizonte.com.br\\\/sobre\\\/lula-faz-campanha-em-belo-horizonte-e-critica-flavio-bolsonaro\\\/#breadcrumblist\"},\"author\":{\"@id\":\"https:\\\/\\\/www.encontrabelohorizonte.com.br\\\/sobre\\\/author\\\/ebelohorizonte\\\/#author\"},\"creator\":{\"@id\":\"https:\\\/\\\/www.encontrabelohorizonte.com.br\\\/sobre\\\/author\\\/ebelohorizonte\\\/#author\"},\"image\":{\"@type\":\"ImageObject\",\"url\":\"https:\\\/\\\/www.encontrabelohorizonte.com.br\\\/sobre\\\/wp-content\\\/uploads\\\/lula-faz-campanha-em-belo-horizonte-e-critica-flavio-bolsonaro.webp\",\"@id\":\"https:\\\/\\\/www.encontrabelohorizonte.com.br\\\/sobre\\\/lula-faz-campanha-em-belo-horizonte-e-critica-flavio-bolsonaro\\\/#mainImage\",\"width\":280,\"height\":280,\"caption\":\"campanha de Lula em Belo Horizonte\"},\"primaryImageOfPage\":{\"@id\":\"https:\\\/\\\/www.encontrabelohorizonte.com.br\\\/sobre\\\/lula-faz-campanha-em-belo-horizonte-e-critica-flavio-bolsonaro\\\/#mainImage\"},\"datePublished\":\"2026-08-22T05:49:00-03:00\",\"dateModified\":\"2026-08-22T05:49:00-03:00\"},{\"@type\":\"WebSite\",\"@id\":\"https:\\\/\\\/www.encontrabelohorizonte.com.br\\\/sobre\\\/#website\",\"url\":\"https:\\\/\\\/www.encontrabelohorizonte.com.br\\\/sobre\\\/\",\"name\":\"Encontra Belo Horizonte\",\"description\":\"Not\\u00edcias, eventos, informa\\u00e7\\u00f5es e dicas da cidade de Belo Horizonte e regi\\u00e3o\",\"inLanguage\":\"pt-BR\",\"publisher\":{\"@id\":\"https:\\\/\\\/www.encontrabelohorizonte.com.br\\\/sobre\\\/#organization\"}}]}\n\t\t<\/script>\n\t\t<!-- All in One SEO -->\n\n","aioseo_head_json":{"title":"Lula faz campanha em Belo Horizonte e critica Fl\u00e1vio Bolsonaro | Encontra Belo Horizonte","description":"Lula critica Fl\u00e1vio Bolsonaro em sua campanha em Belo Horizonte.","canonical_url":"https:\/\/www.encontrabelohorizonte.com.br\/sobre\/lula-faz-campanha-em-belo-horizonte-e-critica-flavio-bolsonaro\/","robots":"max-image-preview:large","keywords":"","webmasterTools":{"miscellaneous":""},"schema":{"@context":"https:\/\/schema.org","@graph":[{"@type":"Article","@id":"https:\/\/www.encontrabelohorizonte.com.br\/sobre\/lula-faz-campanha-em-belo-horizonte-e-critica-flavio-bolsonaro\/#article","name":"Lula faz campanha em Belo Horizonte e critica Fl\u00e1vio Bolsonaro | Encontra Belo Horizonte","headline":"Lula faz campanha em Belo Horizonte e critica Fl\u00e1vio Bolsonaro","author":{"@id":"https:\/\/www.encontrabelohorizonte.com.br\/sobre\/author\/ebelohorizonte\/#author"},"publisher":{"@id":"https:\/\/www.encontrabelohorizonte.com.br\/sobre\/#organization"},"image":{"@type":"ImageObject","url":"https:\/\/www.encontrabelohorizonte.com.br\/sobre\/wp-content\/uploads\/lula-faz-campanha-em-belo-horizonte-e-critica-flavio-bolsonaro.webp","width":280,"height":280,"caption":"campanha de Lula em Belo Horizonte"},"datePublished":"2026-08-22T05:49:00-03:00","dateModified":"2026-08-22T05:49:00-03:00","inLanguage":"pt-BR","mainEntityOfPage":{"@id":"https:\/\/www.encontrabelohorizonte.com.br\/sobre\/lula-faz-campanha-em-belo-horizonte-e-critica-flavio-bolsonaro\/#webpage"},"isPartOf":{"@id":"https:\/\/www.encontrabelohorizonte.com.br\/sobre\/lula-faz-campanha-em-belo-horizonte-e-critica-flavio-bolsonaro\/#webpage"},"articleSection":"Not\u00edcias Belo Horizonte"},{"@type":"BreadcrumbList","@id":"https:\/\/www.encontrabelohorizonte.com.br\/sobre\/lula-faz-campanha-em-belo-horizonte-e-critica-flavio-bolsonaro\/#breadcrumblist","itemListElement":[{"@type":"ListItem","@id":"https:\/\/www.encontrabelohorizonte.com.br\/sobre#listItem","position":1,"name":"In\u00edcio","item":"https:\/\/www.encontrabelohorizonte.com.br\/sobre","nextItem":{"@type":"ListItem","@id":"https:\/\/www.encontrabelohorizonte.com.br\/sobre\/noticias\/#listItem","name":"Not\u00edcias Belo Horizonte"}},{"@type":"ListItem","@id":"https:\/\/www.encontrabelohorizonte.com.br\/sobre\/noticias\/#listItem","position":2,"name":"Not\u00edcias Belo Horizonte","item":"https:\/\/www.encontrabelohorizonte.com.br\/sobre\/noticias\/","nextItem":{"@type":"ListItem","@id":"https:\/\/www.encontrabelohorizonte.com.br\/sobre\/lula-faz-campanha-em-belo-horizonte-e-critica-flavio-bolsonaro\/#listItem","name":"Lula faz campanha em Belo Horizonte e critica Fl\u00e1vio Bolsonaro"},"previousItem":{"@type":"ListItem","@id":"https:\/\/www.encontrabelohorizonte.com.br\/sobre#listItem","name":"In\u00edcio"}},{"@type":"ListItem","@id":"https:\/\/www.encontrabelohorizonte.com.br\/sobre\/lula-faz-campanha-em-belo-horizonte-e-critica-flavio-bolsonaro\/#listItem","position":3,"name":"Lula faz campanha em Belo Horizonte e critica Fl\u00e1vio Bolsonaro","previousItem":{"@type":"ListItem","@id":"https:\/\/www.encontrabelohorizonte.com.br\/sobre\/noticias\/#listItem","name":"Not\u00edcias Belo Horizonte"}}]},{"@type":"Organization","@id":"https:\/\/www.encontrabelohorizonte.com.br\/sobre\/#organization","name":"Encontra Belo Horizonte","description":"Not\u00edcias, eventos, informa\u00e7\u00f5es e dicas da cidade de Belo Horizonte e regi\u00e3o","url":"https:\/\/www.encontrabelohorizonte.com.br\/sobre\/"},{"@type":"Person","@id":"https:\/\/www.encontrabelohorizonte.com.br\/sobre\/author\/ebelohorizonte\/#author","url":"https:\/\/www.encontrabelohorizonte.com.br\/sobre\/author\/ebelohorizonte\/","name":"Encontra Belo Horizonte","image":{"@type":"ImageObject","@id":"https:\/\/www.encontrabelohorizonte.com.br\/sobre\/lula-faz-campanha-em-belo-horizonte-e-critica-flavio-bolsonaro\/#authorImage","url":"https:\/\/secure.gravatar.com\/avatar\/507340682b8270222e1f208e23198b6ae7e2c6a1033ae84e99bc6bce4f82a387?s=96&d=mm&r=g","width":96,"height":96,"caption":"Encontra Belo Horizonte"}},{"@type":"WebPage","@id":"https:\/\/www.encontrabelohorizonte.com.br\/sobre\/lula-faz-campanha-em-belo-horizonte-e-critica-flavio-bolsonaro\/#webpage","url":"https:\/\/www.encontrabelohorizonte.com.br\/sobre\/lula-faz-campanha-em-belo-horizonte-e-critica-flavio-bolsonaro\/","name":"Lula faz campanha em Belo Horizonte e critica Fl\u00e1vio Bolsonaro | Encontra Belo Horizonte","description":"Lula critica Fl\u00e1vio Bolsonaro em sua campanha em Belo Horizonte.","inLanguage":"pt-BR","isPartOf":{"@id":"https:\/\/www.encontrabelohorizonte.com.br\/sobre\/#website"},"breadcrumb":{"@id":"https:\/\/www.encontrabelohorizonte.com.br\/sobre\/lula-faz-campanha-em-belo-horizonte-e-critica-flavio-bolsonaro\/#breadcrumblist"},"author":{"@id":"https:\/\/www.encontrabelohorizonte.com.br\/sobre\/author\/ebelohorizonte\/#author"},"creator":{"@id":"https:\/\/www.encontrabelohorizonte.com.br\/sobre\/author\/ebelohorizonte\/#author"},"image":{"@type":"ImageObject","url":"https:\/\/www.encontrabelohorizonte.com.br\/sobre\/wp-content\/uploads\/lula-faz-campanha-em-belo-horizonte-e-critica-flavio-bolsonaro.webp","@id":"https:\/\/www.encontrabelohorizonte.com.br\/sobre\/lula-faz-campanha-em-belo-horizonte-e-critica-flavio-bolsonaro\/#mainImage","width":280,"height":280,"caption":"campanha de Lula em Belo Horizonte"},"primaryImageOfPage":{"@id":"https:\/\/www.encontrabelohorizonte.com.br\/sobre\/lula-faz-campanha-em-belo-horizonte-e-critica-flavio-bolsonaro\/#mainImage"},"datePublished":"2026-08-22T05:49:00-03:00","dateModified":"2026-08-22T05:49:00-03:00"},{"@type":"WebSite","@id":"https:\/\/www.encontrabelohorizonte.com.br\/sobre\/#website","url":"https:\/\/www.encontrabelohorizonte.com.br\/sobre\/","name":"Encontra Belo Horizonte","description":"Not\u00edcias, eventos, informa\u00e7\u00f5es e dicas da cidade de Belo Horizonte e regi\u00e3o","inLanguage":"pt-BR","publisher":{"@id":"https:\/\/www.encontrabelohorizonte.com.br\/sobre\/#organization"}}]},"og:locale":"pt_BR","og:site_name":"Encontra Belo Horizonte | Not\u00edcias, eventos, informa\u00e7\u00f5es e dicas da cidade de Belo Horizonte e regi\u00e3o","og:type":"article","og:title":"Lula faz campanha em Belo Horizonte e critica Fl\u00e1vio Bolsonaro | Encontra Belo Horizonte","og:description":"Lula critica Fl\u00e1vio Bolsonaro em sua campanha em Belo Horizonte.","og:url":"https:\/\/www.encontrabelohorizonte.com.br\/sobre\/lula-faz-campanha-em-belo-horizonte-e-critica-flavio-bolsonaro\/","article:published_time":"2026-08-22T08:49:00+00:00","article:modified_time":"2026-08-22T08:49:00+00:00","twitter:card":"summary","twitter:title":"Lula faz campanha em Belo Horizonte e critica Fl\u00e1vio Bolsonaro | Encontra Belo Horizonte","twitter:description":"Lula critica Fl\u00e1vio Bolsonaro em sua campanha em Belo Horizonte."},"aioseo_meta_data":{"post_id":"4689","title":null,"description":null,"keywords":null,"keyphrases":null,"primary_term":null,"canonical_url":null,"og_title":null,"og_description":null,"og_object_type":"default","og_image_type":"default","og_image_url":null,"og_image_width":null,"og_image_height":null,"og_image_custom_url":null,"og_image_custom_fields":null,"og_video":null,"og_custom_url":null,"og_article_section":null,"og_article_tags":null,"twitter_use_og":false,"twitter_card":"default","twitter_image_type":"default","twitter_image_url":null,"twitter_image_custom_url":null,"twitter_image_custom_fields":null,"twitter_title":null,"twitter_description":null,"schema":{"blockGraphs":[],"customGraphs":[],"default":{"data":{"Article":[],"Course":[],"Dataset":[],"FAQPage":[],"Movie":[],"Person":[],"Product":[],"ProductReview":[],"Car":[],"Recipe":[],"Service":[],"SoftwareApplication":[],"WebPage":[]},"graphName":"Article","isEnabled":true},"graphs":[]},"schema_type":"default","schema_type_options":null,"pillar_content":false,"robots_default":true,"robots_noindex":false,"robots_noarchive":false,"robots_nosnippet":false,"robots_nofollow":false,"robots_noimageindex":false,"robots_noodp":false,"robots_notranslate":false,"robots_max_snippet":null,"robots_max_videopreview":null,"robots_max_imagepreview":"large","priority":null,"frequency":null,"local_seo":null,"breadcrumb_settings":null,"limit_modified_date":false,"ai":null,"created":"2026-08-22 08:49:00","updated":"2026-08-22 09:43:37","focus_keyword":null,"additional_keywords":null,"truseo_locale":null,"seo_analyzer_scan_date":null},"aioseo_breadcrumb":"<div class=\"aioseo-breadcrumbs\"><span class=\"aioseo-breadcrumb\">\n\t\t\t<a href=\"https:\/\/www.encontrabelohorizonte.com.br\/sobre\" title=\"In\u00edcio\">In\u00edcio<\/a>\n\t\t<\/span><span class=\"aioseo-breadcrumb-separator\">&raquo;<\/span><span class=\"aioseo-breadcrumb\">\n\t\t\t<a href=\"https:\/\/www.encontrabelohorizonte.com.br\/sobre\/noticias\/\" title=\"Not\u00edcias Belo Horizonte\">Not\u00edcias Belo Horizonte<\/a>\n\t\t<\/span><span class=\"aioseo-breadcrumb-separator\">&raquo;<\/span><span class=\"aioseo-breadcrumb\">\n\t\t\tLula faz campanha em Belo Horizonte e critica Fl\u00e1vio Bolsonaro\n\t\t<\/span><\/div>","aioseo_breadcrumb_json":[{"label":"In\u00edcio","link":"https:\/\/www.encontrabelohorizonte.com.br\/sobre"},{"label":"Not\u00edcias Belo Horizonte","link":"https:\/\/www.encontrabelohorizonte.com.br\/sobre\/noticias\/"},{"label":"Lula faz campanha em Belo Horizonte e critica Fl\u00e1vio Bolsonaro","link":"https:\/\/www.encontrabelohorizonte.com.br\/sobre\/lula-faz-campanha-em-belo-horizonte-e-critica-flavio-bolsonaro\/"}],"_links":{"self":[{"href":"https:\/\/www.encontrabelohorizonte.com.br\/sobre\/wp-json\/wp\/v2\/posts\/4689","targetHints":{"allow":["GET"]}}],"collection":[{"href":"https:\/\/www.encontrabelohorizonte.com.br\/sobre\/wp-json\/wp\/v2\/posts"}],"about":[{"href":"https:\/\/www.encontrabelohorizonte.com.br\/sobre\/wp-json\/wp\/v2\/types\/post"}],"author":[{"embeddable":true,"href":"https:\/\/www.encontrabelohorizonte.com.br\/sobre\/wp-json\/wp\/v2\/users\/1"}],"replies":[{"embeddable":true,"href":"https:\/\/www.encontrabelohorizonte.com.br\/sobre\/wp-json\/wp\/v2\/comments?post=4689"}],"version-history":[{"count":0,"href":"https:\/\/www.encontrabelohorizonte.com.br\/sobre\/wp-json\/wp\/v2\/posts\/4689\/revisions"}],"wp:featuredmedia":[{"embeddable":true,"href":"https:\/\/www.encontrabelohorizonte.com.br\/sobre\/wp-json\/wp\/v2\/media\/4688"}],"wp:attachment":[{"href":"https:\/\/www.encontrabelohorizonte.com.br\/sobre\/wp-json\/wp\/v2\/media?parent=4689"}],"wp:term":[{"taxonomy":"category","embeddable":true,"href":"https:\/\/www.encontrabelohorizonte.com.br\/sobre\/wp-json\/wp\/v2\/categories?post=4689"},{"taxonomy":"post_tag","embeddable":true,"href":"https:\/\/www.encontrabelohorizonte.com.br\/sobre\/wp-json\/wp\/v2\/tags?post=4689"}],"curies":[{"name":"wp","href":"https:\/\/api.w.org\/{rel}","templated":true}]}}