{"id":4723,"date":"2026-08-27T21:14:02","date_gmt":"2026-08-28T00:14:02","guid":{"rendered":"https:\/\/www.encontrabelohorizonte.com.br\/sobre\/numero-de-pessoas-em-situacao-de-rua-cresceu-36-em-5-anos-em-bh\/"},"modified":"2026-08-27T21:14:02","modified_gmt":"2026-08-28T00:14:02","slug":"numero-de-pessoas-em-situacao-de-rua-cresceu-36-em-5-anos-em-bh","status":"publish","type":"post","link":"https:\/\/www.encontrabelohorizonte.com.br\/sobre\/numero-de-pessoas-em-situacao-de-rua-cresceu-36-em-5-anos-em-bh\/","title":{"rendered":"N\u00famero de pessoas em situa\u00e7\u00e3o de rua cresceu 36% em 5 anos em BH"},"content":{"rendered":"<div class=\"2e083cf0b19e2c11948dc6ac054ba979\" data-index=\"1\" style=\"float: none; margin:0px;\">\n<!-- Anuncio display - global -->\r\n<ins class=\"adsbygoogle\"\r\n     style=\"display:block\"\r\n     data-ad-client=\"ca-pub-8585364105181520\"\r\n     data-ad-slot=\"8789329856\"\r\n     data-ad-format=\"auto\"\r\n     data-full-width-responsive=\"true\"><\/ins>\r\n<script>\r\n     (adsbygoogle = window.adsbygoogle || []).push({});\r\n<\/script>\n<\/div>\n<h2>Dados alarmantes sobre a popula\u00e7\u00e3o em situa\u00e7\u00e3o de rua em BH<\/h2>\n<p>Recentemente, foi revelado que h\u00e1 uma quantidade preocupante de indiv\u00edduos em situa\u00e7\u00e3o de rua na cidade de Belo Horizonte. Dados coletados ao longo dos \u00faltimos cinco anos indicam que 16.115 pessoas afirmaram n\u00e3o ter um lar, o que representa um aumento de 36% em compara\u00e7\u00e3o ao levantamento anterior de cinco anos, que constatou 11.858 afetados. Este crescimento significativo aponta para um problema que n\u00e3o \u00e9 apenas local, mas que reflete uma crise social mais ampla.<\/p>\n<h2>A rede de acolhimento tempor\u00e1rio e suas limita\u00e7\u00f5es<\/h2>\n<p>Atualmente, a infraestrutura de acolhimento tempor\u00e1rio na capital mineira \u00e9 bastante limitada, oferecendo apenas 1.200 vagas para um n\u00famero crescente de pessoas necessitadas. Esse total revela que menos de 8% da demanda \u00e9 atendida, gerando uma disparidade alarmante entre a oferta e a necessidade real. Apesar dos esfor\u00e7os das autoridades, a rede ainda se mostra insuficiente para lidar com o aumento cont\u00ednuo dessa popula\u00e7\u00e3o vulner\u00e1vel.<\/p>\n<h2>O que a prefeitura est\u00e1 fazendo para enfrentar a crise<\/h2>\n<p>Consciente do aumento na demanda por servi\u00e7os, a Prefeitura de Belo Horizonte implementou medidas para tentar mitigar essa situa\u00e7\u00e3o. Este ano, foram inauguradas duas novas unidades de acolhimento, uma destinada a migrantes e outra voltada para fam\u00edlias. Essas inaugura\u00e7\u00f5es, embora necess\u00e1rias, ainda n\u00e3o s\u00e3o suficientes para atender \u00e0 demanda crescente. A diretora de Pol\u00edticas para a Popula\u00e7\u00e3o em Situa\u00e7\u00e3o de Rua, Alice Brand\u00e3o, afirma a import\u00e2ncia de se adaptar \u00e0s novas necessidades que surgem, como o aumento de fam\u00edlias unidas enfrentando a falta de moradia e recursos.<\/p>\n<p><img decoding=\"async\" src=\"https:\/\/www.encontrabelohorizonte.com.br\/sobre\/wp-content\/uploads\/numero-de-pessoas-em-situacao-de-rua-cresceu-36-em-5-anos-em-bh.webp\" alt=\"popula\u00e7\u00e3o em situa\u00e7\u00e3o de rua\" loading=\"lazy\" \/><\/p>\n<h2>Especialistas apontam os fatores que contribuem para o aumento<\/h2>\n<p>Segundo especialistas, a alta no n\u00famero de pessoas sem casa \u00e9 consequ\u00eancia de problemas estruturais profundos, como a escassez de habita\u00e7\u00e3o apropriada e a dificuldade de acesso a emprego. O professor Andr\u00e9 Luiz Freitas Dias, do Observat\u00f3rio Brasileiro de Pol\u00edticas P\u00fablicas, explica que a solu\u00e7\u00e3o para essa crise deve ir al\u00e9m do acolhimento, envolvendo pol\u00edticas habitacionais robustas que possibilitem o retorno dessas pessoas \u00e0 sociedade de forma digna.<\/p>\n<h2>A import\u00e2ncia de pol\u00edticas habitacionais efetivas<\/h2>\n<p>A falta de pol\u00edticas habitacionais efetivas \u00e9 um dos principais culpados pelo crescimento da popula\u00e7\u00e3o em situa\u00e7\u00e3o de rua. A constru\u00e7\u00e3o de habita\u00e7\u00f5es a pre\u00e7os acess\u00edveis, junto com programas de assist\u00eancia que contemplem o trabalho e a educa\u00e7\u00e3o, \u00e9 crucial para reverter esse quadro. Especialistas afirmam que pa\u00edses que conseguem reduzir a vulnerabilidade investem de maneira coordenada em pol\u00edticas que respeitam os direitos humanos e garantem moradias dignas.<\/p>\n<h2>Desafios enfrentados pelas pessoas nas ruas<\/h2>\n<p>Al\u00e9m da falta de abrigo, as pessoas em situa\u00e7\u00e3o de rua vivenciam desafios imensos diariamente. A inseguran\u00e7a no ambiente urbano provoca medo constante, e muitos dos que vivem nessas condi\u00e7\u00f5es lutam contra a viol\u00eancia e a exclus\u00e3o social. A escassez de locais que oferecem suporte, como abrigos, agrava ainda mais a situa\u00e7\u00e3o, com muitos se vendo obrigados a recorrer a m\u00e9todos arriscados para garantir sua sobreviv\u00eancia.<\/p>\n<h2>Depoimentos que revelam a realidade das v\u00edtimas<\/h2>\n<p>A hist\u00f3ria de vida de pessoas em situa\u00e7\u00e3o de rua frequentemente revela um panorama desolador. Gilmar Rodrigues Salom\u00e3o, de 46 anos, compartilha que sua descida \u00e0 rua come\u00e7ou ap\u00f3s a morte de seus pais. &#8220;Dormir em cima de um papel\u00e3o \u00e9 extremamente dif\u00edcil. Essa n\u00e3o \u00e9 uma condi\u00e7\u00e3o que ningu\u00e9m deseja\u201d, desabafa ele, expressando o desejo de encontrar um abrigo que ofere\u00e7a uma chance de recome\u00e7o. Outro relato \u00e9 de Ros\u00e2ngela Gomes Nascimento, que vive com medo por causa de amea\u00e7as constantes e epis\u00f3dios de agress\u00e3o. \u201cAs pessoas reagem de formas diferentes. Algumas ajudam, outras nos fazem mal\u201d, comenta ela, refletindo sobre a falta de seguran\u00e7a no cotidiano.<\/p>\n<h2>Compara\u00e7\u00e3o com outras cidades e suas solu\u00e7\u00f5es<\/h2>\n<p>Outras cidades no Brasil e no exterior t\u00eam adotado abordagens mais efetivas para lidar com a popula\u00e7\u00e3o em situa\u00e7\u00e3o de rua. Medidas como acomoda\u00e7\u00e3o tempor\u00e1ria, programas de reintegra\u00e7\u00e3o e fornecimento de refei\u00e7\u00f5es e assist\u00eancia m\u00e9dica t\u00eam se mostrado eficientes em alguns lugares. No entanto, \u00e9 essencial que Belo Horizonte observe essas experi\u00eancias e implemente mudan\u00e7as que atendam \u00e0s necessidades reais de sua popula\u00e7\u00e3o.<\/p>\n<h2>O papel das entidades na assist\u00eancia<\/h2>\n<p>Organiza\u00e7\u00f5es da sociedade civil desempenham um papel crucial no apoio \u00e0 popula\u00e7\u00e3o em situa\u00e7\u00e3o de rua. As entidades que atuam nesse campo costumam reivindicar mais pol\u00edticas eficazes e articuladas com o poder p\u00fablico. Claudenice Rodrigues Lopes, coordenadora da Pastoral de Rua da Arquidiocese de Belo Horizonte, enfatiza a necessidade de a\u00e7\u00f5es que n\u00e3o apenas atendam \u00e0 urg\u00eancia, mas que tamb\u00e9m ofere\u00e7am real possibilidade de sa\u00edda da situa\u00e7\u00e3o de vulnerabilidade.<\/p>\n<h2>O futuro da popula\u00e7\u00e3o em situa\u00e7\u00e3o de rua em Belo Horizonte<\/h2>\n<p>O futuro da popula\u00e7\u00e3o em situa\u00e7\u00e3o de rua em Belo Horizonte depende fundamentalmente da implementa\u00e7\u00e3o de pol\u00edticas eficazes e da vontade pol\u00edtica de lidar com a raiz do problema. \u00c9 necess\u00e1rio um compromisso coletivo entre governo, sociedade civil e comunidade para criar um ambiente que n\u00e3o s\u00f3 acolha, mas que tamb\u00e9m reabilite e reintegre as pessoas afetadas, visando \u00e0 constru\u00e7\u00e3o de uma cidade mais justa e igualit\u00e1ria.<\/p>\n\n<div style=\"font-size: 0px; height: 0px; line-height: 0px; margin: 0; padding: 0; clear: both;\"><\/div>","protected":false},"excerpt":{"rendered":"<p>Popula\u00e7\u00e3o em situa\u00e7\u00e3o de rua em BH cresceu 36% nos \u00faltimos cinco anos.<\/p>\n","protected":false},"author":1,"featured_media":4722,"comment_status":"closed","ping_status":"closed","sticky":false,"template":"","format":"standard","meta":{"footnotes":""},"categories":[4],"tags":[],"class_list":["post-4723","post","type-post","status-publish","format-standard","has-post-thumbnail","hentry","category-empregos","has_thumb"],"aioseo_notices":[],"aioseo_head":"\n\t\t<!-- All in One SEO 5.0.0.1 - aioseo.com -->\n\t<meta name=\"description\" content=\"Popula\u00e7\u00e3o em situa\u00e7\u00e3o de rua em BH cresceu 36% nos \u00faltimos cinco anos.\" \/>\n\t<meta name=\"robots\" content=\"max-image-preview:large\" \/>\n\t<meta name=\"author\" content=\"Encontra Belo Horizonte\"\/>\n\t<link rel=\"canonical\" href=\"https:\/\/www.encontrabelohorizonte.com.br\/sobre\/numero-de-pessoas-em-situacao-de-rua-cresceu-36-em-5-anos-em-bh\/\" \/>\n\t<meta name=\"generator\" content=\"All in One SEO (AIOSEO) 5.0.0.1\" \/>\n\t\t<meta property=\"og:locale\" content=\"pt_BR\" \/>\n\t\t<meta property=\"og:site_name\" content=\"Encontra Belo Horizonte | Not\u00edcias, eventos, informa\u00e7\u00f5es e dicas da cidade de Belo Horizonte e regi\u00e3o\" \/>\n\t\t<meta property=\"og:type\" content=\"article\" \/>\n\t\t<meta property=\"og:title\" content=\"N\u00famero de pessoas em situa\u00e7\u00e3o de rua cresceu 36% em 5 anos em BH | Encontra Belo Horizonte\" \/>\n\t\t<meta property=\"og:description\" content=\"Popula\u00e7\u00e3o em situa\u00e7\u00e3o de rua em BH cresceu 36% nos \u00faltimos cinco anos.\" \/>\n\t\t<meta property=\"og:url\" content=\"https:\/\/www.encontrabelohorizonte.com.br\/sobre\/numero-de-pessoas-em-situacao-de-rua-cresceu-36-em-5-anos-em-bh\/\" \/>\n\t\t<meta property=\"article:published_time\" content=\"2026-08-28T00:14:02+00:00\" \/>\n\t\t<meta property=\"article:modified_time\" content=\"2026-08-28T00:14:02+00:00\" \/>\n\t\t<meta name=\"twitter:card\" content=\"summary\" \/>\n\t\t<meta name=\"twitter:title\" content=\"N\u00famero de pessoas em situa\u00e7\u00e3o de rua cresceu 36% em 5 anos em BH | Encontra Belo Horizonte\" \/>\n\t\t<meta name=\"twitter:description\" content=\"Popula\u00e7\u00e3o em situa\u00e7\u00e3o de rua em BH cresceu 36% nos \u00faltimos cinco anos.\" \/>\n\t\t<script type=\"application\/ld+json\" class=\"aioseo-schema\">\n\t\t\t{\"@context\":\"https:\\\/\\\/schema.org\",\"@graph\":[{\"@type\":\"Article\",\"@id\":\"https:\\\/\\\/www.encontrabelohorizonte.com.br\\\/sobre\\\/numero-de-pessoas-em-situacao-de-rua-cresceu-36-em-5-anos-em-bh\\\/#article\",\"name\":\"N\\u00famero de pessoas em situa\\u00e7\\u00e3o de rua cresceu 36% em 5 anos em BH | Encontra Belo Horizonte\",\"headline\":\"N\\u00famero de pessoas em situa\\u00e7\\u00e3o de rua cresceu 36% em 5 anos em BH\",\"author\":{\"@id\":\"https:\\\/\\\/www.encontrabelohorizonte.com.br\\\/sobre\\\/author\\\/ebelohorizonte\\\/#author\"},\"publisher\":{\"@id\":\"https:\\\/\\\/www.encontrabelohorizonte.com.br\\\/sobre\\\/#organization\"},\"image\":{\"@type\":\"ImageObject\",\"url\":\"https:\\\/\\\/www.encontrabelohorizonte.com.br\\\/sobre\\\/wp-content\\\/uploads\\\/numero-de-pessoas-em-situacao-de-rua-cresceu-36-em-5-anos-em-bh.webp\",\"width\":280,\"height\":280,\"caption\":\"popula\\u00e7\\u00e3o em situa\\u00e7\\u00e3o de rua\"},\"datePublished\":\"2026-08-27T21:14:02-03:00\",\"dateModified\":\"2026-08-27T21:14:02-03:00\",\"inLanguage\":\"pt-BR\",\"mainEntityOfPage\":{\"@id\":\"https:\\\/\\\/www.encontrabelohorizonte.com.br\\\/sobre\\\/numero-de-pessoas-em-situacao-de-rua-cresceu-36-em-5-anos-em-bh\\\/#webpage\"},\"isPartOf\":{\"@id\":\"https:\\\/\\\/www.encontrabelohorizonte.com.br\\\/sobre\\\/numero-de-pessoas-em-situacao-de-rua-cresceu-36-em-5-anos-em-bh\\\/#webpage\"},\"articleSection\":\"Empregos Belo Horizonte\"},{\"@type\":\"BreadcrumbList\",\"@id\":\"https:\\\/\\\/www.encontrabelohorizonte.com.br\\\/sobre\\\/numero-de-pessoas-em-situacao-de-rua-cresceu-36-em-5-anos-em-bh\\\/#breadcrumblist\",\"itemListElement\":[{\"@type\":\"ListItem\",\"@id\":\"https:\\\/\\\/www.encontrabelohorizonte.com.br\\\/sobre#listItem\",\"position\":1,\"name\":\"In\\u00edcio\",\"item\":\"https:\\\/\\\/www.encontrabelohorizonte.com.br\\\/sobre\",\"nextItem\":{\"@type\":\"ListItem\",\"@id\":\"https:\\\/\\\/www.encontrabelohorizonte.com.br\\\/sobre\\\/empregos\\\/#listItem\",\"name\":\"Empregos Belo Horizonte\"}},{\"@type\":\"ListItem\",\"@id\":\"https:\\\/\\\/www.encontrabelohorizonte.com.br\\\/sobre\\\/empregos\\\/#listItem\",\"position\":2,\"name\":\"Empregos Belo Horizonte\",\"item\":\"https:\\\/\\\/www.encontrabelohorizonte.com.br\\\/sobre\\\/empregos\\\/\",\"nextItem\":{\"@type\":\"ListItem\",\"@id\":\"https:\\\/\\\/www.encontrabelohorizonte.com.br\\\/sobre\\\/numero-de-pessoas-em-situacao-de-rua-cresceu-36-em-5-anos-em-bh\\\/#listItem\",\"name\":\"N\\u00famero de pessoas em situa\\u00e7\\u00e3o de rua cresceu 36% em 5 anos em BH\"},\"previousItem\":{\"@type\":\"ListItem\",\"@id\":\"https:\\\/\\\/www.encontrabelohorizonte.com.br\\\/sobre#listItem\",\"name\":\"In\\u00edcio\"}},{\"@type\":\"ListItem\",\"@id\":\"https:\\\/\\\/www.encontrabelohorizonte.com.br\\\/sobre\\\/numero-de-pessoas-em-situacao-de-rua-cresceu-36-em-5-anos-em-bh\\\/#listItem\",\"position\":3,\"name\":\"N\\u00famero de pessoas em situa\\u00e7\\u00e3o de rua cresceu 36% em 5 anos em BH\",\"previousItem\":{\"@type\":\"ListItem\",\"@id\":\"https:\\\/\\\/www.encontrabelohorizonte.com.br\\\/sobre\\\/empregos\\\/#listItem\",\"name\":\"Empregos Belo Horizonte\"}}]},{\"@type\":\"Organization\",\"@id\":\"https:\\\/\\\/www.encontrabelohorizonte.com.br\\\/sobre\\\/#organization\",\"name\":\"Encontra Belo Horizonte\",\"description\":\"Not\\u00edcias, eventos, informa\\u00e7\\u00f5es e dicas da cidade de Belo Horizonte e regi\\u00e3o\",\"url\":\"https:\\\/\\\/www.encontrabelohorizonte.com.br\\\/sobre\\\/\"},{\"@type\":\"Person\",\"@id\":\"https:\\\/\\\/www.encontrabelohorizonte.com.br\\\/sobre\\\/author\\\/ebelohorizonte\\\/#author\",\"url\":\"https:\\\/\\\/www.encontrabelohorizonte.com.br\\\/sobre\\\/author\\\/ebelohorizonte\\\/\",\"name\":\"Encontra Belo Horizonte\",\"image\":{\"@type\":\"ImageObject\",\"@id\":\"https:\\\/\\\/www.encontrabelohorizonte.com.br\\\/sobre\\\/numero-de-pessoas-em-situacao-de-rua-cresceu-36-em-5-anos-em-bh\\\/#authorImage\",\"url\":\"https:\\\/\\\/secure.gravatar.com\\\/avatar\\\/507340682b8270222e1f208e23198b6ae7e2c6a1033ae84e99bc6bce4f82a387?s=96&d=mm&r=g\",\"width\":96,\"height\":96,\"caption\":\"Encontra Belo Horizonte\"}},{\"@type\":\"WebPage\",\"@id\":\"https:\\\/\\\/www.encontrabelohorizonte.com.br\\\/sobre\\\/numero-de-pessoas-em-situacao-de-rua-cresceu-36-em-5-anos-em-bh\\\/#webpage\",\"url\":\"https:\\\/\\\/www.encontrabelohorizonte.com.br\\\/sobre\\\/numero-de-pessoas-em-situacao-de-rua-cresceu-36-em-5-anos-em-bh\\\/\",\"name\":\"N\\u00famero de pessoas em situa\\u00e7\\u00e3o de rua cresceu 36% em 5 anos em BH | Encontra Belo Horizonte\",\"description\":\"Popula\\u00e7\\u00e3o em situa\\u00e7\\u00e3o de rua em BH cresceu 36% nos \\u00faltimos cinco anos.\",\"inLanguage\":\"pt-BR\",\"isPartOf\":{\"@id\":\"https:\\\/\\\/www.encontrabelohorizonte.com.br\\\/sobre\\\/#website\"},\"breadcrumb\":{\"@id\":\"https:\\\/\\\/www.encontrabelohorizonte.com.br\\\/sobre\\\/numero-de-pessoas-em-situacao-de-rua-cresceu-36-em-5-anos-em-bh\\\/#breadcrumblist\"},\"author\":{\"@id\":\"https:\\\/\\\/www.encontrabelohorizonte.com.br\\\/sobre\\\/author\\\/ebelohorizonte\\\/#author\"},\"creator\":{\"@id\":\"https:\\\/\\\/www.encontrabelohorizonte.com.br\\\/sobre\\\/author\\\/ebelohorizonte\\\/#author\"},\"image\":{\"@type\":\"ImageObject\",\"url\":\"https:\\\/\\\/www.encontrabelohorizonte.com.br\\\/sobre\\\/wp-content\\\/uploads\\\/numero-de-pessoas-em-situacao-de-rua-cresceu-36-em-5-anos-em-bh.webp\",\"@id\":\"https:\\\/\\\/www.encontrabelohorizonte.com.br\\\/sobre\\\/numero-de-pessoas-em-situacao-de-rua-cresceu-36-em-5-anos-em-bh\\\/#mainImage\",\"width\":280,\"height\":280,\"caption\":\"popula\\u00e7\\u00e3o em situa\\u00e7\\u00e3o de rua\"},\"primaryImageOfPage\":{\"@id\":\"https:\\\/\\\/www.encontrabelohorizonte.com.br\\\/sobre\\\/numero-de-pessoas-em-situacao-de-rua-cresceu-36-em-5-anos-em-bh\\\/#mainImage\"},\"datePublished\":\"2026-08-27T21:14:02-03:00\",\"dateModified\":\"2026-08-27T21:14:02-03:00\"},{\"@type\":\"WebSite\",\"@id\":\"https:\\\/\\\/www.encontrabelohorizonte.com.br\\\/sobre\\\/#website\",\"url\":\"https:\\\/\\\/www.encontrabelohorizonte.com.br\\\/sobre\\\/\",\"name\":\"Encontra Belo Horizonte\",\"description\":\"Not\\u00edcias, eventos, informa\\u00e7\\u00f5es e dicas da cidade de Belo Horizonte e regi\\u00e3o\",\"inLanguage\":\"pt-BR\",\"publisher\":{\"@id\":\"https:\\\/\\\/www.encontrabelohorizonte.com.br\\\/sobre\\\/#organization\"}}]}\n\t\t<\/script>\n\t\t<!-- All in One SEO -->\n\n","aioseo_head_json":{"title":"N\u00famero de pessoas em situa\u00e7\u00e3o de rua cresceu 36% em 5 anos em BH | Encontra Belo Horizonte","description":"Popula\u00e7\u00e3o em situa\u00e7\u00e3o de rua em BH cresceu 36% nos \u00faltimos cinco anos.","canonical_url":"https:\/\/www.encontrabelohorizonte.com.br\/sobre\/numero-de-pessoas-em-situacao-de-rua-cresceu-36-em-5-anos-em-bh\/","robots":"max-image-preview:large","keywords":"","webmasterTools":{"miscellaneous":""},"schema":{"@context":"https:\/\/schema.org","@graph":[{"@type":"Article","@id":"https:\/\/www.encontrabelohorizonte.com.br\/sobre\/numero-de-pessoas-em-situacao-de-rua-cresceu-36-em-5-anos-em-bh\/#article","name":"N\u00famero de pessoas em situa\u00e7\u00e3o de rua cresceu 36% em 5 anos em BH | Encontra Belo Horizonte","headline":"N\u00famero de pessoas em situa\u00e7\u00e3o de rua cresceu 36% em 5 anos em BH","author":{"@id":"https:\/\/www.encontrabelohorizonte.com.br\/sobre\/author\/ebelohorizonte\/#author"},"publisher":{"@id":"https:\/\/www.encontrabelohorizonte.com.br\/sobre\/#organization"},"image":{"@type":"ImageObject","url":"https:\/\/www.encontrabelohorizonte.com.br\/sobre\/wp-content\/uploads\/numero-de-pessoas-em-situacao-de-rua-cresceu-36-em-5-anos-em-bh.webp","width":280,"height":280,"caption":"popula\u00e7\u00e3o em situa\u00e7\u00e3o de rua"},"datePublished":"2026-08-27T21:14:02-03:00","dateModified":"2026-08-27T21:14:02-03:00","inLanguage":"pt-BR","mainEntityOfPage":{"@id":"https:\/\/www.encontrabelohorizonte.com.br\/sobre\/numero-de-pessoas-em-situacao-de-rua-cresceu-36-em-5-anos-em-bh\/#webpage"},"isPartOf":{"@id":"https:\/\/www.encontrabelohorizonte.com.br\/sobre\/numero-de-pessoas-em-situacao-de-rua-cresceu-36-em-5-anos-em-bh\/#webpage"},"articleSection":"Empregos Belo Horizonte"},{"@type":"BreadcrumbList","@id":"https:\/\/www.encontrabelohorizonte.com.br\/sobre\/numero-de-pessoas-em-situacao-de-rua-cresceu-36-em-5-anos-em-bh\/#breadcrumblist","itemListElement":[{"@type":"ListItem","@id":"https:\/\/www.encontrabelohorizonte.com.br\/sobre#listItem","position":1,"name":"In\u00edcio","item":"https:\/\/www.encontrabelohorizonte.com.br\/sobre","nextItem":{"@type":"ListItem","@id":"https:\/\/www.encontrabelohorizonte.com.br\/sobre\/empregos\/#listItem","name":"Empregos Belo Horizonte"}},{"@type":"ListItem","@id":"https:\/\/www.encontrabelohorizonte.com.br\/sobre\/empregos\/#listItem","position":2,"name":"Empregos Belo Horizonte","item":"https:\/\/www.encontrabelohorizonte.com.br\/sobre\/empregos\/","nextItem":{"@type":"ListItem","@id":"https:\/\/www.encontrabelohorizonte.com.br\/sobre\/numero-de-pessoas-em-situacao-de-rua-cresceu-36-em-5-anos-em-bh\/#listItem","name":"N\u00famero de pessoas em situa\u00e7\u00e3o de rua cresceu 36% em 5 anos em BH"},"previousItem":{"@type":"ListItem","@id":"https:\/\/www.encontrabelohorizonte.com.br\/sobre#listItem","name":"In\u00edcio"}},{"@type":"ListItem","@id":"https:\/\/www.encontrabelohorizonte.com.br\/sobre\/numero-de-pessoas-em-situacao-de-rua-cresceu-36-em-5-anos-em-bh\/#listItem","position":3,"name":"N\u00famero de pessoas em situa\u00e7\u00e3o de rua cresceu 36% em 5 anos em BH","previousItem":{"@type":"ListItem","@id":"https:\/\/www.encontrabelohorizonte.com.br\/sobre\/empregos\/#listItem","name":"Empregos Belo Horizonte"}}]},{"@type":"Organization","@id":"https:\/\/www.encontrabelohorizonte.com.br\/sobre\/#organization","name":"Encontra Belo Horizonte","description":"Not\u00edcias, eventos, informa\u00e7\u00f5es e dicas da cidade de Belo Horizonte e regi\u00e3o","url":"https:\/\/www.encontrabelohorizonte.com.br\/sobre\/"},{"@type":"Person","@id":"https:\/\/www.encontrabelohorizonte.com.br\/sobre\/author\/ebelohorizonte\/#author","url":"https:\/\/www.encontrabelohorizonte.com.br\/sobre\/author\/ebelohorizonte\/","name":"Encontra Belo Horizonte","image":{"@type":"ImageObject","@id":"https:\/\/www.encontrabelohorizonte.com.br\/sobre\/numero-de-pessoas-em-situacao-de-rua-cresceu-36-em-5-anos-em-bh\/#authorImage","url":"https:\/\/secure.gravatar.com\/avatar\/507340682b8270222e1f208e23198b6ae7e2c6a1033ae84e99bc6bce4f82a387?s=96&d=mm&r=g","width":96,"height":96,"caption":"Encontra Belo Horizonte"}},{"@type":"WebPage","@id":"https:\/\/www.encontrabelohorizonte.com.br\/sobre\/numero-de-pessoas-em-situacao-de-rua-cresceu-36-em-5-anos-em-bh\/#webpage","url":"https:\/\/www.encontrabelohorizonte.com.br\/sobre\/numero-de-pessoas-em-situacao-de-rua-cresceu-36-em-5-anos-em-bh\/","name":"N\u00famero de pessoas em situa\u00e7\u00e3o de rua cresceu 36% em 5 anos em BH | Encontra Belo Horizonte","description":"Popula\u00e7\u00e3o em situa\u00e7\u00e3o de rua em BH cresceu 36% nos \u00faltimos cinco anos.","inLanguage":"pt-BR","isPartOf":{"@id":"https:\/\/www.encontrabelohorizonte.com.br\/sobre\/#website"},"breadcrumb":{"@id":"https:\/\/www.encontrabelohorizonte.com.br\/sobre\/numero-de-pessoas-em-situacao-de-rua-cresceu-36-em-5-anos-em-bh\/#breadcrumblist"},"author":{"@id":"https:\/\/www.encontrabelohorizonte.com.br\/sobre\/author\/ebelohorizonte\/#author"},"creator":{"@id":"https:\/\/www.encontrabelohorizonte.com.br\/sobre\/author\/ebelohorizonte\/#author"},"image":{"@type":"ImageObject","url":"https:\/\/www.encontrabelohorizonte.com.br\/sobre\/wp-content\/uploads\/numero-de-pessoas-em-situacao-de-rua-cresceu-36-em-5-anos-em-bh.webp","@id":"https:\/\/www.encontrabelohorizonte.com.br\/sobre\/numero-de-pessoas-em-situacao-de-rua-cresceu-36-em-5-anos-em-bh\/#mainImage","width":280,"height":280,"caption":"popula\u00e7\u00e3o em situa\u00e7\u00e3o de rua"},"primaryImageOfPage":{"@id":"https:\/\/www.encontrabelohorizonte.com.br\/sobre\/numero-de-pessoas-em-situacao-de-rua-cresceu-36-em-5-anos-em-bh\/#mainImage"},"datePublished":"2026-08-27T21:14:02-03:00","dateModified":"2026-08-27T21:14:02-03:00"},{"@type":"WebSite","@id":"https:\/\/www.encontrabelohorizonte.com.br\/sobre\/#website","url":"https:\/\/www.encontrabelohorizonte.com.br\/sobre\/","name":"Encontra Belo Horizonte","description":"Not\u00edcias, eventos, informa\u00e7\u00f5es e dicas da cidade de Belo Horizonte e regi\u00e3o","inLanguage":"pt-BR","publisher":{"@id":"https:\/\/www.encontrabelohorizonte.com.br\/sobre\/#organization"}}]},"og:locale":"pt_BR","og:site_name":"Encontra Belo Horizonte | Not\u00edcias, eventos, informa\u00e7\u00f5es e dicas da cidade de Belo Horizonte e regi\u00e3o","og:type":"article","og:title":"N\u00famero de pessoas em situa\u00e7\u00e3o de rua cresceu 36% em 5 anos em BH | Encontra Belo Horizonte","og:description":"Popula\u00e7\u00e3o em situa\u00e7\u00e3o de rua em BH cresceu 36% nos \u00faltimos cinco anos.","og:url":"https:\/\/www.encontrabelohorizonte.com.br\/sobre\/numero-de-pessoas-em-situacao-de-rua-cresceu-36-em-5-anos-em-bh\/","article:published_time":"2026-08-28T00:14:02+00:00","article:modified_time":"2026-08-28T00:14:02+00:00","twitter:card":"summary","twitter:title":"N\u00famero de pessoas em situa\u00e7\u00e3o de rua cresceu 36% em 5 anos em BH | Encontra Belo Horizonte","twitter:description":"Popula\u00e7\u00e3o em situa\u00e7\u00e3o de rua em BH cresceu 36% nos \u00faltimos cinco anos."},"aioseo_meta_data":{"post_id":"4723","title":null,"description":null,"keywords":null,"keyphrases":null,"primary_term":null,"canonical_url":null,"og_title":null,"og_description":null,"og_object_type":"default","og_image_type":"default","og_image_url":null,"og_image_width":null,"og_image_height":null,"og_image_custom_url":null,"og_image_custom_fields":null,"og_video":null,"og_custom_url":null,"og_article_section":null,"og_article_tags":null,"twitter_use_og":false,"twitter_card":"default","twitter_image_type":"default","twitter_image_url":null,"twitter_image_custom_url":null,"twitter_image_custom_fields":null,"twitter_title":null,"twitter_description":null,"schema":{"blockGraphs":[],"customGraphs":[],"default":{"data":{"Article":[],"Course":[],"Dataset":[],"FAQPage":[],"Movie":[],"Person":[],"Product":[],"ProductReview":[],"Car":[],"Recipe":[],"Service":[],"SoftwareApplication":[],"WebPage":[]},"graphName":"Article","isEnabled":true},"graphs":[]},"schema_type":"default","schema_type_options":null,"pillar_content":false,"robots_default":true,"robots_noindex":false,"robots_noarchive":false,"robots_nosnippet":false,"robots_nofollow":false,"robots_noimageindex":false,"robots_noodp":false,"robots_notranslate":false,"robots_max_snippet":null,"robots_max_videopreview":null,"robots_max_imagepreview":"large","priority":null,"frequency":null,"local_seo":null,"breadcrumb_settings":null,"limit_modified_date":false,"ai":null,"created":"2026-08-28 00:14:02","updated":"2026-08-28 01:18:23","focus_keyword":null,"additional_keywords":null,"truseo_locale":null,"seo_analyzer_scan_date":null},"aioseo_breadcrumb":"<div class=\"aioseo-breadcrumbs\"><span class=\"aioseo-breadcrumb\">\n\t\t\t<a href=\"https:\/\/www.encontrabelohorizonte.com.br\/sobre\" title=\"In\u00edcio\">In\u00edcio<\/a>\n\t\t<\/span><span class=\"aioseo-breadcrumb-separator\">&raquo;<\/span><span class=\"aioseo-breadcrumb\">\n\t\t\t<a href=\"https:\/\/www.encontrabelohorizonte.com.br\/sobre\/empregos\/\" title=\"Empregos Belo Horizonte\">Empregos Belo Horizonte<\/a>\n\t\t<\/span><span class=\"aioseo-breadcrumb-separator\">&raquo;<\/span><span class=\"aioseo-breadcrumb\">\n\t\t\tN\u00famero de pessoas em situa\u00e7\u00e3o de rua cresceu 36% em 5 anos em BH\n\t\t<\/span><\/div>","aioseo_breadcrumb_json":[{"label":"In\u00edcio","link":"https:\/\/www.encontrabelohorizonte.com.br\/sobre"},{"label":"Empregos Belo Horizonte","link":"https:\/\/www.encontrabelohorizonte.com.br\/sobre\/empregos\/"},{"label":"N\u00famero de pessoas em situa\u00e7\u00e3o de rua cresceu 36% em 5 anos em BH","link":"https:\/\/www.encontrabelohorizonte.com.br\/sobre\/numero-de-pessoas-em-situacao-de-rua-cresceu-36-em-5-anos-em-bh\/"}],"_links":{"self":[{"href":"https:\/\/www.encontrabelohorizonte.com.br\/sobre\/wp-json\/wp\/v2\/posts\/4723","targetHints":{"allow":["GET"]}}],"collection":[{"href":"https:\/\/www.encontrabelohorizonte.com.br\/sobre\/wp-json\/wp\/v2\/posts"}],"about":[{"href":"https:\/\/www.encontrabelohorizonte.com.br\/sobre\/wp-json\/wp\/v2\/types\/post"}],"author":[{"embeddable":true,"href":"https:\/\/www.encontrabelohorizonte.com.br\/sobre\/wp-json\/wp\/v2\/users\/1"}],"replies":[{"embeddable":true,"href":"https:\/\/www.encontrabelohorizonte.com.br\/sobre\/wp-json\/wp\/v2\/comments?post=4723"}],"version-history":[{"count":0,"href":"https:\/\/www.encontrabelohorizonte.com.br\/sobre\/wp-json\/wp\/v2\/posts\/4723\/revisions"}],"wp:featuredmedia":[{"embeddable":true,"href":"https:\/\/www.encontrabelohorizonte.com.br\/sobre\/wp-json\/wp\/v2\/media\/4722"}],"wp:attachment":[{"href":"https:\/\/www.encontrabelohorizonte.com.br\/sobre\/wp-json\/wp\/v2\/media?parent=4723"}],"wp:term":[{"taxonomy":"category","embeddable":true,"href":"https:\/\/www.encontrabelohorizonte.com.br\/sobre\/wp-json\/wp\/v2\/categories?post=4723"},{"taxonomy":"post_tag","embeddable":true,"href":"https:\/\/www.encontrabelohorizonte.com.br\/sobre\/wp-json\/wp\/v2\/tags?post=4723"}],"curies":[{"name":"wp","href":"https:\/\/api.w.org\/{rel}","templated":true}]}}