{"id":4751,"date":"2026-08-30T06:28:26","date_gmt":"2026-08-30T09:28:26","guid":{"rendered":"https:\/\/www.encontrabelohorizonte.com.br\/sobre\/ato-de-lula-em-belo-horizonte-tem-manifestacao-de-petistas-insatisfeitos\/"},"modified":"2026-08-30T06:28:26","modified_gmt":"2026-08-30T09:28:26","slug":"ato-de-lula-em-belo-horizonte-tem-manifestacao-de-petistas-insatisfeitos","status":"publish","type":"post","link":"https:\/\/www.encontrabelohorizonte.com.br\/sobre\/ato-de-lula-em-belo-horizonte-tem-manifestacao-de-petistas-insatisfeitos\/","title":{"rendered":"Ato de Lula em Belo Horizonte tem manifesta\u00e7\u00e3o de petistas insatisfeitos"},"content":{"rendered":"<div class=\"2e083cf0b19e2c11948dc6ac054ba979\" data-index=\"1\" style=\"float: none; margin:0px;\">\n<!-- Anuncio display - global -->\r\n<ins class=\"adsbygoogle\"\r\n     style=\"display:block\"\r\n     data-ad-client=\"ca-pub-8585364105181520\"\r\n     data-ad-slot=\"8789329856\"\r\n     data-ad-format=\"auto\"\r\n     data-full-width-responsive=\"true\"><\/ins>\r\n<script>\r\n     (adsbygoogle = window.adsbygoogle || []).push({});\r\n<\/script>\n<\/div>\n<h2>Ato de Lula em Belo Horizonte<\/h2>\n<p>No \u00faltimo s\u00e1bado, dia 29, o presidente Luiz In\u00e1cio Lula da Silva participou de um evento direcionado ao p\u00fablico feminino na cidade de Belo Horizonte, em Minas Gerais. O ato atraiu n\u00e3o apenas mulheres interessadas em suas propostas, mas tamb\u00e9m um grupo de militantes do PT que expressaram sua insatisfa\u00e7\u00e3o.<\/p>\n<p>A manifesta\u00e7\u00e3o foi marcada pela presen\u00e7a de um protesto, onde a ala descontentes do partido levantou uma faixa que dizia: &#8220;As mulheres da base do PT-MG n\u00e3o aceitam ser tratadas como laranja&#8221;. Isso indica um descontentamento com a forma como os recursos de campanha est\u00e3o sendo divididos dentro do partido.<\/p>\n<h2>Manifesta\u00e7\u00e3o petista em destaque<\/h2>\n<p>Os manifestantes que se reuniram no ato expressaram suas preocupa\u00e7\u00f5es em rela\u00e7\u00e3o \u00e0 gest\u00e3o interna do PT, destacando a luta por uma distribui\u00e7\u00e3o mais justa dos recursos entre as campanhas. A insatisfa\u00e7\u00e3o gerou um clima de tens\u00e3o, refletindo descontentamentos que n\u00e3o foram abordados diretamente pelo presidente durante sua fala, mas que ajudam a mostrar as divis\u00f5es internas do partido.<\/p>\n<p><img decoding=\"async\" src=\"https:\/\/www.encontrabelohorizonte.com.br\/sobre\/wp-content\/uploads\/ato-de-lula-em-belo-horizonte-tem-manifestacao-de-petistas-insatisfeitos.webp\" alt=\"Ato de Lula em Belo Horizonte\" loading=\"lazy\" \/><\/p>\n<h2>Divis\u00e3o de recursos de campanha<\/h2>\n<p>A ala insatisfeita n\u00e3o se limitou a protestar; tamb\u00e9m elaboraram um manifesto que foi assinado por 13 deputados federais e estaduais ligados ao PT. Neste documento, eles afirmam que &#8220;destinar recursos \u00ednfimos e irris\u00f3rios configura a mais grave instrumentaliza\u00e7\u00e3o da mulher na pol\u00edtica&#8221;. Essa cr\u00edtica reflete uma preocupa\u00e7\u00e3o mais ampla sobre como a import\u00e2ncia das mulheres no \u00e2mbito eleitoral est\u00e1 sendo tratada dentro do contexto atual das campanhas.<\/p>\n<h2>Cr\u00edticas internas no PT<\/h2>\n<p>As cr\u00edticas dos militantes evidenciam um desafio interno significativo para o partido, que precisa lidar com as expectativas de suas bases enquanto ainda busca aten\u00e7\u00e3o e recursos em uma corrida eleitoral acirrada. A falta de reconhecimento do protesto por parte de Lula durante seu discurso foi um ponto de disc\u00f3rdia, mostrando a complexidade da governan\u00e7a dentro de um partido que luta para se manter unido frente a desafios externos e internos.<\/p>\n<h2>O papel das mulheres na pol\u00edtica<\/h2>\n<p>No evento, Lula tamb\u00e9m teve a oportunidade de refor\u00e7ar a import\u00e2ncia da luta das mulheres por direitos iguais e condi\u00e7\u00f5es adequadas de trabalho. Ele fez uma promessa aos presentes de que uma proposta para acabar com a jornada de trabalho de seis dias, mantendo um dia de descanso, seria aprovada em breve. Ele defendeu que isso permitiria que homens e mulheres tivessem mais tempo para se dedicarem \u00e0s suas vidas pessoais e familiares.<\/p>\n<h2>Lula e a gest\u00e3o atual do partido<\/h2>\n<p>Durante seu discurso, o presidente n\u00e3o deixou de destacar a import\u00e2ncia de seu apoio \u00e0s mulheres na pol\u00edtica, reafirmando que sempre lutar\u00e1 por quest\u00f5es que beneficiam este grupo. Ele compartilhava o palanque com figuras pol\u00edticas importantes, como Mar\u00edlia Campos, candidata ao senado, e v\u00e1rias aliados estrat\u00e9gicas, al\u00e9m de compartilhar elogios \u00e0 primeira-dama, Janja. Lula atribuiu a ela parte de sua energia revitalizada para concorrer mais uma vez \u00e0 presid\u00eancia.<\/p>\n<h2>Ala insatisfeita e protesto<\/h2>\n<p>A disposi\u00e7\u00e3o da ala insatisfeita dentro do PT em se manifestar publicamente no evento reflete uma divis\u00e3o importante que precisa ser abordada pelas lideran\u00e7as do partido. Essa insatisfa\u00e7\u00e3o pode ser um fator que influencie o resultado nas pr\u00f3ximas elei\u00e7\u00f5es, caso n\u00e3o seja resolvida a contento.<\/p>\n<h2>Promessas de Lula para as mulheres<\/h2>\n<p>Al\u00e9m de abordar a jornada de trabalho, Lula fez diversas promessas voltadas para iniciativas que beneficiassem as mulheres e facilitar a participa\u00e7\u00e3o delas no cen\u00e1rio pol\u00edtico. Ele reiterou que, enquanto existirem causas justas para lutar, se manteria sempre ativo e com energia, uma declara\u00e7\u00e3o que pareceu ressoar bem entre seus apoiadores.<\/p>\n<h2>Rea\u00e7\u00e3o do governo \u00e0s cr\u00edticas<\/h2>\n<p>A rea\u00e7\u00e3o do governo \u00e0s cr\u00edticas internas do partido se mostrar\u00e1 essencial nos pr\u00f3ximos dias, especialmente sabendo que h\u00e1 um movimento crescente entre os grupos de base que demandam mais voz e representa\u00e7\u00e3o. A forma como Lula conduzir essa situa\u00e7\u00e3o poder\u00e1 determinar a uni\u00e3o do partido e a mobiliza\u00e7\u00e3o necess\u00e1ria para o sucesso nas elei\u00e7\u00f5es.<\/p>\n<h2>Candidaturas em foco no evento<\/h2>\n<p>No evento em Belo Horizonte, al\u00e9m de Lula, participaram diversas candidatas ao senado, como Manuela d\u2019\u00c1vila (PSOL-RS) e Soraya Thronicke (PSB-MS). A presen\u00e7a de outras figuras femininas no palco sinaliza um esfor\u00e7o do partido para incluir mais mulheres em cargos de lideran\u00e7a e reverter a imagem de descaso com a representatividade feminina.<\/p>\n<p>Esses eventos mostram uma clara inten\u00e7\u00e3o de Lula e do PT em se reaproximar de sua base, principalmente em um momento onde as cr\u00edticas internas podiam se agravar se n\u00e3o fossem bem geridas. A efetividade dessas promessas e movimentos nos pr\u00f3ximos dias ser\u00e1 um passo crucial para a recupera\u00e7\u00e3o da confian\u00e7a na lideran\u00e7a do partido por parte dos militantes insatisfeitos.<\/p>\n\n<div style=\"font-size: 0px; height: 0px; line-height: 0px; margin: 0; padding: 0; clear: both;\"><\/div>","protected":false},"excerpt":{"rendered":"<p>Lula em Belo Horizonte atrai protestos de petistas insatisfeitos com divis\u00e3o de recursos de campanha.<\/p>\n","protected":false},"author":1,"featured_media":4750,"comment_status":"closed","ping_status":"closed","sticky":false,"template":"","format":"standard","meta":{"footnotes":""},"categories":[6],"tags":[],"class_list":["post-4751","post","type-post","status-publish","format-standard","has-post-thumbnail","hentry","category-noticias","has_thumb"],"aioseo_notices":[],"aioseo_head":"\n\t\t<!-- All in One SEO 5.0.0.1 - aioseo.com -->\n\t<meta name=\"description\" content=\"Lula em Belo Horizonte atrai protestos de petistas insatisfeitos com divis\u00e3o de recursos de campanha.\" \/>\n\t<meta name=\"robots\" content=\"max-image-preview:large\" \/>\n\t<meta name=\"author\" content=\"Encontra Belo Horizonte\"\/>\n\t<link rel=\"canonical\" href=\"https:\/\/www.encontrabelohorizonte.com.br\/sobre\/ato-de-lula-em-belo-horizonte-tem-manifestacao-de-petistas-insatisfeitos\/\" \/>\n\t<meta name=\"generator\" content=\"All in One SEO (AIOSEO) 5.0.0.1\" \/>\n\t\t<meta property=\"og:locale\" content=\"pt_BR\" \/>\n\t\t<meta property=\"og:site_name\" content=\"Encontra Belo Horizonte | Not\u00edcias, eventos, informa\u00e7\u00f5es e dicas da cidade de Belo Horizonte e regi\u00e3o\" \/>\n\t\t<meta property=\"og:type\" content=\"article\" \/>\n\t\t<meta property=\"og:title\" content=\"Ato de Lula em Belo Horizonte tem manifesta\u00e7\u00e3o de petistas insatisfeitos | Encontra Belo Horizonte\" \/>\n\t\t<meta property=\"og:description\" content=\"Lula em Belo Horizonte atrai protestos de petistas insatisfeitos com divis\u00e3o de recursos de campanha.\" \/>\n\t\t<meta property=\"og:url\" content=\"https:\/\/www.encontrabelohorizonte.com.br\/sobre\/ato-de-lula-em-belo-horizonte-tem-manifestacao-de-petistas-insatisfeitos\/\" \/>\n\t\t<meta property=\"article:published_time\" content=\"2026-08-30T09:28:26+00:00\" \/>\n\t\t<meta property=\"article:modified_time\" content=\"2026-08-30T09:28:26+00:00\" \/>\n\t\t<meta name=\"twitter:card\" content=\"summary\" \/>\n\t\t<meta name=\"twitter:title\" content=\"Ato de Lula em Belo Horizonte tem manifesta\u00e7\u00e3o de petistas insatisfeitos | Encontra Belo Horizonte\" \/>\n\t\t<meta name=\"twitter:description\" content=\"Lula em Belo Horizonte atrai protestos de petistas insatisfeitos com divis\u00e3o de recursos de campanha.\" \/>\n\t\t<script type=\"application\/ld+json\" class=\"aioseo-schema\">\n\t\t\t{\"@context\":\"https:\\\/\\\/schema.org\",\"@graph\":[{\"@type\":\"Article\",\"@id\":\"https:\\\/\\\/www.encontrabelohorizonte.com.br\\\/sobre\\\/ato-de-lula-em-belo-horizonte-tem-manifestacao-de-petistas-insatisfeitos\\\/#article\",\"name\":\"Ato de Lula em Belo Horizonte tem manifesta\\u00e7\\u00e3o de petistas insatisfeitos | Encontra Belo Horizonte\",\"headline\":\"Ato de Lula em Belo Horizonte tem manifesta\\u00e7\\u00e3o de petistas insatisfeitos\",\"author\":{\"@id\":\"https:\\\/\\\/www.encontrabelohorizonte.com.br\\\/sobre\\\/author\\\/ebelohorizonte\\\/#author\"},\"publisher\":{\"@id\":\"https:\\\/\\\/www.encontrabelohorizonte.com.br\\\/sobre\\\/#organization\"},\"image\":{\"@type\":\"ImageObject\",\"url\":\"https:\\\/\\\/www.encontrabelohorizonte.com.br\\\/sobre\\\/wp-content\\\/uploads\\\/ato-de-lula-em-belo-horizonte-tem-manifestacao-de-petistas-insatisfeitos.webp\",\"width\":280,\"height\":280,\"caption\":\"Ato de Lula em Belo Horizonte\"},\"datePublished\":\"2026-08-30T06:28:26-03:00\",\"dateModified\":\"2026-08-30T06:28:26-03:00\",\"inLanguage\":\"pt-BR\",\"mainEntityOfPage\":{\"@id\":\"https:\\\/\\\/www.encontrabelohorizonte.com.br\\\/sobre\\\/ato-de-lula-em-belo-horizonte-tem-manifestacao-de-petistas-insatisfeitos\\\/#webpage\"},\"isPartOf\":{\"@id\":\"https:\\\/\\\/www.encontrabelohorizonte.com.br\\\/sobre\\\/ato-de-lula-em-belo-horizonte-tem-manifestacao-de-petistas-insatisfeitos\\\/#webpage\"},\"articleSection\":\"Not\\u00edcias Belo Horizonte\"},{\"@type\":\"BreadcrumbList\",\"@id\":\"https:\\\/\\\/www.encontrabelohorizonte.com.br\\\/sobre\\\/ato-de-lula-em-belo-horizonte-tem-manifestacao-de-petistas-insatisfeitos\\\/#breadcrumblist\",\"itemListElement\":[{\"@type\":\"ListItem\",\"@id\":\"https:\\\/\\\/www.encontrabelohorizonte.com.br\\\/sobre#listItem\",\"position\":1,\"name\":\"In\\u00edcio\",\"item\":\"https:\\\/\\\/www.encontrabelohorizonte.com.br\\\/sobre\",\"nextItem\":{\"@type\":\"ListItem\",\"@id\":\"https:\\\/\\\/www.encontrabelohorizonte.com.br\\\/sobre\\\/noticias\\\/#listItem\",\"name\":\"Not\\u00edcias Belo Horizonte\"}},{\"@type\":\"ListItem\",\"@id\":\"https:\\\/\\\/www.encontrabelohorizonte.com.br\\\/sobre\\\/noticias\\\/#listItem\",\"position\":2,\"name\":\"Not\\u00edcias Belo Horizonte\",\"item\":\"https:\\\/\\\/www.encontrabelohorizonte.com.br\\\/sobre\\\/noticias\\\/\",\"nextItem\":{\"@type\":\"ListItem\",\"@id\":\"https:\\\/\\\/www.encontrabelohorizonte.com.br\\\/sobre\\\/ato-de-lula-em-belo-horizonte-tem-manifestacao-de-petistas-insatisfeitos\\\/#listItem\",\"name\":\"Ato de Lula em Belo Horizonte tem manifesta\\u00e7\\u00e3o de petistas insatisfeitos\"},\"previousItem\":{\"@type\":\"ListItem\",\"@id\":\"https:\\\/\\\/www.encontrabelohorizonte.com.br\\\/sobre#listItem\",\"name\":\"In\\u00edcio\"}},{\"@type\":\"ListItem\",\"@id\":\"https:\\\/\\\/www.encontrabelohorizonte.com.br\\\/sobre\\\/ato-de-lula-em-belo-horizonte-tem-manifestacao-de-petistas-insatisfeitos\\\/#listItem\",\"position\":3,\"name\":\"Ato de Lula em Belo Horizonte tem manifesta\\u00e7\\u00e3o de petistas insatisfeitos\",\"previousItem\":{\"@type\":\"ListItem\",\"@id\":\"https:\\\/\\\/www.encontrabelohorizonte.com.br\\\/sobre\\\/noticias\\\/#listItem\",\"name\":\"Not\\u00edcias Belo Horizonte\"}}]},{\"@type\":\"Organization\",\"@id\":\"https:\\\/\\\/www.encontrabelohorizonte.com.br\\\/sobre\\\/#organization\",\"name\":\"Encontra Belo Horizonte\",\"description\":\"Not\\u00edcias, eventos, informa\\u00e7\\u00f5es e dicas da cidade de Belo Horizonte e regi\\u00e3o\",\"url\":\"https:\\\/\\\/www.encontrabelohorizonte.com.br\\\/sobre\\\/\"},{\"@type\":\"Person\",\"@id\":\"https:\\\/\\\/www.encontrabelohorizonte.com.br\\\/sobre\\\/author\\\/ebelohorizonte\\\/#author\",\"url\":\"https:\\\/\\\/www.encontrabelohorizonte.com.br\\\/sobre\\\/author\\\/ebelohorizonte\\\/\",\"name\":\"Encontra Belo Horizonte\",\"image\":{\"@type\":\"ImageObject\",\"@id\":\"https:\\\/\\\/www.encontrabelohorizonte.com.br\\\/sobre\\\/ato-de-lula-em-belo-horizonte-tem-manifestacao-de-petistas-insatisfeitos\\\/#authorImage\",\"url\":\"https:\\\/\\\/secure.gravatar.com\\\/avatar\\\/507340682b8270222e1f208e23198b6ae7e2c6a1033ae84e99bc6bce4f82a387?s=96&d=mm&r=g\",\"width\":96,\"height\":96,\"caption\":\"Encontra Belo Horizonte\"}},{\"@type\":\"WebPage\",\"@id\":\"https:\\\/\\\/www.encontrabelohorizonte.com.br\\\/sobre\\\/ato-de-lula-em-belo-horizonte-tem-manifestacao-de-petistas-insatisfeitos\\\/#webpage\",\"url\":\"https:\\\/\\\/www.encontrabelohorizonte.com.br\\\/sobre\\\/ato-de-lula-em-belo-horizonte-tem-manifestacao-de-petistas-insatisfeitos\\\/\",\"name\":\"Ato de Lula em Belo Horizonte tem manifesta\\u00e7\\u00e3o de petistas insatisfeitos | Encontra Belo Horizonte\",\"description\":\"Lula em Belo Horizonte atrai protestos de petistas insatisfeitos com divis\\u00e3o de recursos de campanha.\",\"inLanguage\":\"pt-BR\",\"isPartOf\":{\"@id\":\"https:\\\/\\\/www.encontrabelohorizonte.com.br\\\/sobre\\\/#website\"},\"breadcrumb\":{\"@id\":\"https:\\\/\\\/www.encontrabelohorizonte.com.br\\\/sobre\\\/ato-de-lula-em-belo-horizonte-tem-manifestacao-de-petistas-insatisfeitos\\\/#breadcrumblist\"},\"author\":{\"@id\":\"https:\\\/\\\/www.encontrabelohorizonte.com.br\\\/sobre\\\/author\\\/ebelohorizonte\\\/#author\"},\"creator\":{\"@id\":\"https:\\\/\\\/www.encontrabelohorizonte.com.br\\\/sobre\\\/author\\\/ebelohorizonte\\\/#author\"},\"image\":{\"@type\":\"ImageObject\",\"url\":\"https:\\\/\\\/www.encontrabelohorizonte.com.br\\\/sobre\\\/wp-content\\\/uploads\\\/ato-de-lula-em-belo-horizonte-tem-manifestacao-de-petistas-insatisfeitos.webp\",\"@id\":\"https:\\\/\\\/www.encontrabelohorizonte.com.br\\\/sobre\\\/ato-de-lula-em-belo-horizonte-tem-manifestacao-de-petistas-insatisfeitos\\\/#mainImage\",\"width\":280,\"height\":280,\"caption\":\"Ato de Lula em Belo Horizonte\"},\"primaryImageOfPage\":{\"@id\":\"https:\\\/\\\/www.encontrabelohorizonte.com.br\\\/sobre\\\/ato-de-lula-em-belo-horizonte-tem-manifestacao-de-petistas-insatisfeitos\\\/#mainImage\"},\"datePublished\":\"2026-08-30T06:28:26-03:00\",\"dateModified\":\"2026-08-30T06:28:26-03:00\"},{\"@type\":\"WebSite\",\"@id\":\"https:\\\/\\\/www.encontrabelohorizonte.com.br\\\/sobre\\\/#website\",\"url\":\"https:\\\/\\\/www.encontrabelohorizonte.com.br\\\/sobre\\\/\",\"name\":\"Encontra Belo Horizonte\",\"description\":\"Not\\u00edcias, eventos, informa\\u00e7\\u00f5es e dicas da cidade de Belo Horizonte e regi\\u00e3o\",\"inLanguage\":\"pt-BR\",\"publisher\":{\"@id\":\"https:\\\/\\\/www.encontrabelohorizonte.com.br\\\/sobre\\\/#organization\"}}]}\n\t\t<\/script>\n\t\t<!-- All in One SEO -->\n\n","aioseo_head_json":{"title":"Ato de Lula em Belo Horizonte tem manifesta\u00e7\u00e3o de petistas insatisfeitos | Encontra Belo Horizonte","description":"Lula em Belo Horizonte atrai protestos de petistas insatisfeitos com divis\u00e3o de recursos de campanha.","canonical_url":"https:\/\/www.encontrabelohorizonte.com.br\/sobre\/ato-de-lula-em-belo-horizonte-tem-manifestacao-de-petistas-insatisfeitos\/","robots":"max-image-preview:large","keywords":"","webmasterTools":{"miscellaneous":""},"schema":{"@context":"https:\/\/schema.org","@graph":[{"@type":"Article","@id":"https:\/\/www.encontrabelohorizonte.com.br\/sobre\/ato-de-lula-em-belo-horizonte-tem-manifestacao-de-petistas-insatisfeitos\/#article","name":"Ato de Lula em Belo Horizonte tem manifesta\u00e7\u00e3o de petistas insatisfeitos | Encontra Belo Horizonte","headline":"Ato de Lula em Belo Horizonte tem manifesta\u00e7\u00e3o de petistas insatisfeitos","author":{"@id":"https:\/\/www.encontrabelohorizonte.com.br\/sobre\/author\/ebelohorizonte\/#author"},"publisher":{"@id":"https:\/\/www.encontrabelohorizonte.com.br\/sobre\/#organization"},"image":{"@type":"ImageObject","url":"https:\/\/www.encontrabelohorizonte.com.br\/sobre\/wp-content\/uploads\/ato-de-lula-em-belo-horizonte-tem-manifestacao-de-petistas-insatisfeitos.webp","width":280,"height":280,"caption":"Ato de Lula em Belo Horizonte"},"datePublished":"2026-08-30T06:28:26-03:00","dateModified":"2026-08-30T06:28:26-03:00","inLanguage":"pt-BR","mainEntityOfPage":{"@id":"https:\/\/www.encontrabelohorizonte.com.br\/sobre\/ato-de-lula-em-belo-horizonte-tem-manifestacao-de-petistas-insatisfeitos\/#webpage"},"isPartOf":{"@id":"https:\/\/www.encontrabelohorizonte.com.br\/sobre\/ato-de-lula-em-belo-horizonte-tem-manifestacao-de-petistas-insatisfeitos\/#webpage"},"articleSection":"Not\u00edcias Belo Horizonte"},{"@type":"BreadcrumbList","@id":"https:\/\/www.encontrabelohorizonte.com.br\/sobre\/ato-de-lula-em-belo-horizonte-tem-manifestacao-de-petistas-insatisfeitos\/#breadcrumblist","itemListElement":[{"@type":"ListItem","@id":"https:\/\/www.encontrabelohorizonte.com.br\/sobre#listItem","position":1,"name":"In\u00edcio","item":"https:\/\/www.encontrabelohorizonte.com.br\/sobre","nextItem":{"@type":"ListItem","@id":"https:\/\/www.encontrabelohorizonte.com.br\/sobre\/noticias\/#listItem","name":"Not\u00edcias Belo Horizonte"}},{"@type":"ListItem","@id":"https:\/\/www.encontrabelohorizonte.com.br\/sobre\/noticias\/#listItem","position":2,"name":"Not\u00edcias Belo Horizonte","item":"https:\/\/www.encontrabelohorizonte.com.br\/sobre\/noticias\/","nextItem":{"@type":"ListItem","@id":"https:\/\/www.encontrabelohorizonte.com.br\/sobre\/ato-de-lula-em-belo-horizonte-tem-manifestacao-de-petistas-insatisfeitos\/#listItem","name":"Ato de Lula em Belo Horizonte tem manifesta\u00e7\u00e3o de petistas insatisfeitos"},"previousItem":{"@type":"ListItem","@id":"https:\/\/www.encontrabelohorizonte.com.br\/sobre#listItem","name":"In\u00edcio"}},{"@type":"ListItem","@id":"https:\/\/www.encontrabelohorizonte.com.br\/sobre\/ato-de-lula-em-belo-horizonte-tem-manifestacao-de-petistas-insatisfeitos\/#listItem","position":3,"name":"Ato de Lula em Belo Horizonte tem manifesta\u00e7\u00e3o de petistas insatisfeitos","previousItem":{"@type":"ListItem","@id":"https:\/\/www.encontrabelohorizonte.com.br\/sobre\/noticias\/#listItem","name":"Not\u00edcias Belo Horizonte"}}]},{"@type":"Organization","@id":"https:\/\/www.encontrabelohorizonte.com.br\/sobre\/#organization","name":"Encontra Belo Horizonte","description":"Not\u00edcias, eventos, informa\u00e7\u00f5es e dicas da cidade de Belo Horizonte e regi\u00e3o","url":"https:\/\/www.encontrabelohorizonte.com.br\/sobre\/"},{"@type":"Person","@id":"https:\/\/www.encontrabelohorizonte.com.br\/sobre\/author\/ebelohorizonte\/#author","url":"https:\/\/www.encontrabelohorizonte.com.br\/sobre\/author\/ebelohorizonte\/","name":"Encontra Belo Horizonte","image":{"@type":"ImageObject","@id":"https:\/\/www.encontrabelohorizonte.com.br\/sobre\/ato-de-lula-em-belo-horizonte-tem-manifestacao-de-petistas-insatisfeitos\/#authorImage","url":"https:\/\/secure.gravatar.com\/avatar\/507340682b8270222e1f208e23198b6ae7e2c6a1033ae84e99bc6bce4f82a387?s=96&d=mm&r=g","width":96,"height":96,"caption":"Encontra Belo Horizonte"}},{"@type":"WebPage","@id":"https:\/\/www.encontrabelohorizonte.com.br\/sobre\/ato-de-lula-em-belo-horizonte-tem-manifestacao-de-petistas-insatisfeitos\/#webpage","url":"https:\/\/www.encontrabelohorizonte.com.br\/sobre\/ato-de-lula-em-belo-horizonte-tem-manifestacao-de-petistas-insatisfeitos\/","name":"Ato de Lula em Belo Horizonte tem manifesta\u00e7\u00e3o de petistas insatisfeitos | Encontra Belo Horizonte","description":"Lula em Belo Horizonte atrai protestos de petistas insatisfeitos com divis\u00e3o de recursos de campanha.","inLanguage":"pt-BR","isPartOf":{"@id":"https:\/\/www.encontrabelohorizonte.com.br\/sobre\/#website"},"breadcrumb":{"@id":"https:\/\/www.encontrabelohorizonte.com.br\/sobre\/ato-de-lula-em-belo-horizonte-tem-manifestacao-de-petistas-insatisfeitos\/#breadcrumblist"},"author":{"@id":"https:\/\/www.encontrabelohorizonte.com.br\/sobre\/author\/ebelohorizonte\/#author"},"creator":{"@id":"https:\/\/www.encontrabelohorizonte.com.br\/sobre\/author\/ebelohorizonte\/#author"},"image":{"@type":"ImageObject","url":"https:\/\/www.encontrabelohorizonte.com.br\/sobre\/wp-content\/uploads\/ato-de-lula-em-belo-horizonte-tem-manifestacao-de-petistas-insatisfeitos.webp","@id":"https:\/\/www.encontrabelohorizonte.com.br\/sobre\/ato-de-lula-em-belo-horizonte-tem-manifestacao-de-petistas-insatisfeitos\/#mainImage","width":280,"height":280,"caption":"Ato de Lula em Belo Horizonte"},"primaryImageOfPage":{"@id":"https:\/\/www.encontrabelohorizonte.com.br\/sobre\/ato-de-lula-em-belo-horizonte-tem-manifestacao-de-petistas-insatisfeitos\/#mainImage"},"datePublished":"2026-08-30T06:28:26-03:00","dateModified":"2026-08-30T06:28:26-03:00"},{"@type":"WebSite","@id":"https:\/\/www.encontrabelohorizonte.com.br\/sobre\/#website","url":"https:\/\/www.encontrabelohorizonte.com.br\/sobre\/","name":"Encontra Belo Horizonte","description":"Not\u00edcias, eventos, informa\u00e7\u00f5es e dicas da cidade de Belo Horizonte e regi\u00e3o","inLanguage":"pt-BR","publisher":{"@id":"https:\/\/www.encontrabelohorizonte.com.br\/sobre\/#organization"}}]},"og:locale":"pt_BR","og:site_name":"Encontra Belo Horizonte | Not\u00edcias, eventos, informa\u00e7\u00f5es e dicas da cidade de Belo Horizonte e regi\u00e3o","og:type":"article","og:title":"Ato de Lula em Belo Horizonte tem manifesta\u00e7\u00e3o de petistas insatisfeitos | Encontra Belo Horizonte","og:description":"Lula em Belo Horizonte atrai protestos de petistas insatisfeitos com divis\u00e3o de recursos de campanha.","og:url":"https:\/\/www.encontrabelohorizonte.com.br\/sobre\/ato-de-lula-em-belo-horizonte-tem-manifestacao-de-petistas-insatisfeitos\/","article:published_time":"2026-08-30T09:28:26+00:00","article:modified_time":"2026-08-30T09:28:26+00:00","twitter:card":"summary","twitter:title":"Ato de Lula em Belo Horizonte tem manifesta\u00e7\u00e3o de petistas insatisfeitos | Encontra Belo Horizonte","twitter:description":"Lula em Belo Horizonte atrai protestos de petistas insatisfeitos com divis\u00e3o de recursos de campanha."},"aioseo_meta_data":{"post_id":"4751","title":null,"description":null,"keywords":null,"keyphrases":null,"primary_term":null,"canonical_url":null,"og_title":null,"og_description":null,"og_object_type":"default","og_image_type":"default","og_image_url":null,"og_image_width":null,"og_image_height":null,"og_image_custom_url":null,"og_image_custom_fields":null,"og_video":null,"og_custom_url":null,"og_article_section":null,"og_article_tags":null,"twitter_use_og":false,"twitter_card":"default","twitter_image_type":"default","twitter_image_url":null,"twitter_image_custom_url":null,"twitter_image_custom_fields":null,"twitter_title":null,"twitter_description":null,"schema":{"blockGraphs":[],"customGraphs":[],"default":{"data":{"Article":[],"Course":[],"Dataset":[],"FAQPage":[],"Movie":[],"Person":[],"Product":[],"ProductReview":[],"Car":[],"Recipe":[],"Service":[],"SoftwareApplication":[],"WebPage":[]},"graphName":"Article","isEnabled":true},"graphs":[]},"schema_type":"default","schema_type_options":null,"pillar_content":false,"robots_default":true,"robots_noindex":false,"robots_noarchive":false,"robots_nosnippet":false,"robots_nofollow":false,"robots_noimageindex":false,"robots_noodp":false,"robots_notranslate":false,"robots_max_snippet":null,"robots_max_videopreview":null,"robots_max_imagepreview":"large","priority":null,"frequency":null,"local_seo":null,"breadcrumb_settings":null,"limit_modified_date":false,"ai":null,"created":"2026-08-30 09:28:26","updated":"2026-08-30 10:15:25","focus_keyword":null,"additional_keywords":null,"truseo_locale":null,"seo_analyzer_scan_date":null},"aioseo_breadcrumb":"<div class=\"aioseo-breadcrumbs\"><span class=\"aioseo-breadcrumb\">\n\t\t\t<a href=\"https:\/\/www.encontrabelohorizonte.com.br\/sobre\" title=\"In\u00edcio\">In\u00edcio<\/a>\n\t\t<\/span><span class=\"aioseo-breadcrumb-separator\">&raquo;<\/span><span class=\"aioseo-breadcrumb\">\n\t\t\t<a href=\"https:\/\/www.encontrabelohorizonte.com.br\/sobre\/noticias\/\" title=\"Not\u00edcias Belo Horizonte\">Not\u00edcias Belo Horizonte<\/a>\n\t\t<\/span><span class=\"aioseo-breadcrumb-separator\">&raquo;<\/span><span class=\"aioseo-breadcrumb\">\n\t\t\tAto de Lula em Belo Horizonte tem manifesta\u00e7\u00e3o de petistas insatisfeitos\n\t\t<\/span><\/div>","aioseo_breadcrumb_json":[{"label":"In\u00edcio","link":"https:\/\/www.encontrabelohorizonte.com.br\/sobre"},{"label":"Not\u00edcias Belo Horizonte","link":"https:\/\/www.encontrabelohorizonte.com.br\/sobre\/noticias\/"},{"label":"Ato de Lula em Belo Horizonte tem manifesta\u00e7\u00e3o de petistas insatisfeitos","link":"https:\/\/www.encontrabelohorizonte.com.br\/sobre\/ato-de-lula-em-belo-horizonte-tem-manifestacao-de-petistas-insatisfeitos\/"}],"_links":{"self":[{"href":"https:\/\/www.encontrabelohorizonte.com.br\/sobre\/wp-json\/wp\/v2\/posts\/4751","targetHints":{"allow":["GET"]}}],"collection":[{"href":"https:\/\/www.encontrabelohorizonte.com.br\/sobre\/wp-json\/wp\/v2\/posts"}],"about":[{"href":"https:\/\/www.encontrabelohorizonte.com.br\/sobre\/wp-json\/wp\/v2\/types\/post"}],"author":[{"embeddable":true,"href":"https:\/\/www.encontrabelohorizonte.com.br\/sobre\/wp-json\/wp\/v2\/users\/1"}],"replies":[{"embeddable":true,"href":"https:\/\/www.encontrabelohorizonte.com.br\/sobre\/wp-json\/wp\/v2\/comments?post=4751"}],"version-history":[{"count":0,"href":"https:\/\/www.encontrabelohorizonte.com.br\/sobre\/wp-json\/wp\/v2\/posts\/4751\/revisions"}],"wp:featuredmedia":[{"embeddable":true,"href":"https:\/\/www.encontrabelohorizonte.com.br\/sobre\/wp-json\/wp\/v2\/media\/4750"}],"wp:attachment":[{"href":"https:\/\/www.encontrabelohorizonte.com.br\/sobre\/wp-json\/wp\/v2\/media?parent=4751"}],"wp:term":[{"taxonomy":"category","embeddable":true,"href":"https:\/\/www.encontrabelohorizonte.com.br\/sobre\/wp-json\/wp\/v2\/categories?post=4751"},{"taxonomy":"post_tag","embeddable":true,"href":"https:\/\/www.encontrabelohorizonte.com.br\/sobre\/wp-json\/wp\/v2\/tags?post=4751"}],"curies":[{"name":"wp","href":"https:\/\/api.w.org\/{rel}","templated":true}]}}