{"id":4765,"date":"2026-08-31T05:48:35","date_gmt":"2026-08-31T08:48:35","guid":{"rendered":"https:\/\/www.encontrabelohorizonte.com.br\/sobre\/lula-faz-comicio-no-centro-de-bh-na-noite-desta-sexta-21-8\/"},"modified":"2026-08-31T05:48:35","modified_gmt":"2026-08-31T08:48:35","slug":"lula-faz-comicio-no-centro-de-bh-na-noite-desta-sexta-21-8","status":"publish","type":"post","link":"https:\/\/www.encontrabelohorizonte.com.br\/sobre\/lula-faz-comicio-no-centro-de-bh-na-noite-desta-sexta-21-8\/","title":{"rendered":"Lula faz com\u00edcio no Centro de BH na noite desta sexta (21\/8)"},"content":{"rendered":"<div class=\"2e083cf0b19e2c11948dc6ac054ba979\" data-index=\"1\" style=\"float: none; margin:0px;\">\n<!-- Anuncio display - global -->\r\n<ins class=\"adsbygoogle\"\r\n     style=\"display:block\"\r\n     data-ad-client=\"ca-pub-8585364105181520\"\r\n     data-ad-slot=\"8789329856\"\r\n     data-ad-format=\"auto\"\r\n     data-full-width-responsive=\"true\"><\/ins>\r\n<script>\r\n     (adsbygoogle = window.adsbygoogle || []).push({});\r\n<\/script>\n<\/div>\n<h2>Expectativas para o com\u00edcio de Lula em BH<\/h2>\n<p>O evento programado para a pr\u00f3xima sexta-feira (21\/8) em Belo Horizonte promete ser um grande marco na campanha de reelei\u00e7\u00e3o do presidente Luiz In\u00e1cio Lula da Silva. Com uma multid\u00e3o esperada, a Pra\u00e7a da Esta\u00e7\u00e3o ser\u00e1 o cen\u00e1rio onde Lula se reunir\u00e1 com Patrus Ananias e outros aliados pol\u00edticos. Essa reuni\u00e3o n\u00e3o apenas destaca a presen\u00e7a do presidente, mas tamb\u00e9m reflete a necessidade de unir for\u00e7as na busca pelo fortalecimento da candidatura petista em Minas Gerais.<\/p>\n<p>As expectativas s\u00e3o altas, tanto entre apoiadores quanto na oposi\u00e7\u00e3o. O ato deve servir como um term\u00f4metro para avaliar a popularidade de Lula e suas propostas para o futuro. Este evento se destaca n\u00e3o apenas pela presen\u00e7a do presidente, mas tamb\u00e9m pela significativa influ\u00eancia de Patrus Ananias na pol\u00edtica local e nacional.<\/p>\n<h2>A import\u00e2ncia de Patrus Ananias no evento<\/h2>\n<p>Patrus Ananias, ex-ministro e hist\u00f3rico l\u00edder do PT em Minas Gerais, desempenha um papel crucial neste com\u00edcio. Sua candidatura ao governo do estado \u00e9 vista como uma tentativa estrat\u00e9gica para fortalecer a base do partido em uma elei\u00e7\u00e3o que promete ser acirrada. A presen\u00e7a dele ao lado de Lula destaca a unidade do Partido dos Trabalhadores, especialmente em um momento em que as alian\u00e7as pol\u00edticas s\u00e3o cada vez mais essenciais para o sucesso nas urnas.<\/p>\n<p><img decoding=\"async\" src=\"https:\/\/www.encontrabelohorizonte.com.br\/sobre\/wp-content\/uploads\/lula-faz-comicio-no-centro-de-bh-na-noite-desta-sexta-21-8.webp\" alt=\"Lula far\u00e1 com\u00edcio em BH\" loading=\"lazy\" \/><\/p>\n<p>Patrus traz consigo uma vasta experi\u00eancia pol\u00edtica e um hist\u00f3rico de servi\u00e7o p\u00fablico, o que pode atrair eleitores indecisos que ainda buscam alternativas \u00e0s candidaturas rivais. Sua intera\u00e7\u00e3o e alinhamento com Lula durante o evento podem galvanizar a milit\u00e2ncia e motivar a base eleitoral do partido.<\/p>\n<h2>Medidas de seguran\u00e7a para o com\u00edcio<\/h2>\n<p>A seguran\u00e7a para o com\u00edcio foi cuidadosamente planejada, visando garantir a integridade dos participantes e a ordem do evento. O acesso \u00e0 Pra\u00e7a da Esta\u00e7\u00e3o ser\u00e1 controlado atrav\u00e9s de detetores de metais, com abertura dos port\u00f5es prevista para \u00e0s 17h. Tal medida tem o objetivo de prevenir quaisquer incidentes que possam ocorrer durante o evento, proporcionando um ambiente seguro para os apoiadores.<\/p>\n<p>Al\u00e9m disso, a presen\u00e7a de efetivos de seguran\u00e7a e autoridades locais garantir\u00e1 que a log\u00edstica do evento funcione de maneira fluida, minimizando riscos e imprevistos. Dessa forma, os organizadores esperam que o foco do p\u00fablico permane\u00e7a nas propostas e discursos que ser\u00e3o apresentados, ao inv\u00e9s de poss\u00edveis tumultos.<\/p>\n<h2>Como Lula se conecta com a juventude<\/h2>\n<p>A estrat\u00e9gia de Lula para se conectar com os jovens \u00e9 uma das chaves do seu plano de reelei\u00e7\u00e3o. Nos \u00faltimos anos, Lula tem falado sobre quest\u00f5es que afetam diretamente essa faixa et\u00e1ria, como emprego, educa\u00e7\u00e3o e igualdade social. O com\u00edcio em Belo Horizonte oferece uma plataforma para Lula apresentar suas pol\u00edticas e planos que visam atender as demandas dos jovens brasileiros.<\/p>\n<p>Com redes sociais desempenhando um papel vital na comunica\u00e7\u00e3o atual, Lula tem utilizado esses meios para se aproximar da juventude, compartilhando mensagens que refletem seus ideais e propostas. Essa conex\u00e3o \u00e9 fundamental, pois os jovens t\u00eam o potencial de influenciar a vota\u00e7\u00e3o e, portanto, a dire\u00e7\u00e3o do futuro do pa\u00eds.<\/p>\n<h2>Repercuss\u00e3o na imprensa local<\/h2>\n<p>A repercuss\u00e3o do com\u00edcio na imprensa local tem sido intensa, com diversos ve\u00edculos de comunica\u00e7\u00e3o trazendo informa\u00e7\u00f5es sobre a vinda de Lula a Belo Horizonte. As an\u00e1lises sobre os impactos que sua presen\u00e7a pode causar na corrida eleitoral est\u00e3o em alta. A cobertura inclui n\u00e3o apenas o evento em si, mas tamb\u00e9m as entrevistas e os posicionamentos de outros candidatos que veem em sua visita um momento para testar suas pr\u00f3prias estrat\u00e9gias.<\/p>\n<p>A forma como os meios de comunica\u00e7\u00e3o cobrem o com\u00edcio pode influenciar a percep\u00e7\u00e3o p\u00fablica e, consequentemente, o resultado das elei\u00e7\u00f5es. Espera-se que haja uma an\u00e1lise cr\u00edtica sobre n\u00e3o apenas os discursos e propostas de Lula, mas tamb\u00e9m sobre suas poss\u00edveis repercuss\u00f5es e os desdobramentos na pol\u00edtica mineira.<\/p>\n<h2>An\u00e1lise das alian\u00e7as pol\u00edticas em Minas<\/h2>\n<p>A situa\u00e7\u00e3o pol\u00edtica em Minas Gerais \u00e9 complexa, com v\u00e1rias alian\u00e7as se formando e se desfazendo \u00e0 medida que as elei\u00e7\u00f5es se aproximam. A candidatura de Patrus Ananias \u00e9 um reflexo dessa din\u00e2mica, onde a necessidade de unir for\u00e7as \u00e9 evidente diante da concorr\u00eancia acirrada. O apoio a ele por parte de Lula pode ser um fator determinante para a consolida\u00e7\u00e3o da base petista no estado.<\/p>\n<p>No entanto, h\u00e1 desafios significativos. A fragmenta\u00e7\u00e3o da centro-esquerda em Minas, com partidos como o MDB e PDT lan\u00e7ando suas pr\u00f3prias candidaturas, representa um obst\u00e1culo a ser superado. A habilidade de Lula e Patrus em atrair eleitores de outras legendas ser\u00e1 testada nos dias seguintes ao com\u00edcio.<\/p>\n<h2>A agenda pol\u00edtica de Lula<\/h2>\n<p>A agenda pol\u00edtica de Luiz In\u00e1cio Lula da Silva est\u00e1 focada em temas relevantes para o pa\u00eds, como a melhoria da economia, a gera\u00e7\u00e3o de empregos e a implementa\u00e7\u00e3o de pol\u00edticas sociais. Durante o com\u00edcio, ele deve destacar seus planos para o futuro e as mudan\u00e7as que pretende realizar em um poss\u00edvel novo mandato. Essa apresenta\u00e7\u00e3o ajudar\u00e1 a refor\u00e7ar sua imagem como um l\u00edder que prioriza as necessidades do povo brasileiro.<\/p>\n<p>Junto a isso, Lula tamb\u00e9m deve abordar as conquistas de seu governo anterior, buscando legitimar sua candidatura e reafirmar sua posi\u00e7\u00e3o como um candidato que se importa com o bem-estar dos cidad\u00e3os. A forma como ele comunica sua agenda pode ser decisiva para solidificar seu apoio entre os eleitores.<\/p>\n<h2>Impacto do com\u00edcio na corrida eleitoral<\/h2>\n<p>O com\u00edcio em Belo Horizonte tem o potencial de impactar significativamente a corrida eleitoral no estado. A presen\u00e7a de Lula e o engajamento com Patrus Ananias podem ampliar a visibilidade da candidatura petista, atraindo n\u00e3o apenas apoiadores j\u00e1 convencidos, mas tamb\u00e9m eleitores indecisos que buscam uma alternativa \u00e0s op\u00e7\u00f5es rivais.<\/p>\n<p>A mobiliza\u00e7\u00e3o de militantes e simpatizantes durante o evento pode gerar uma onda de entusiasmo que reverberar\u00e1 nas redes sociais, contribuindo para a constru\u00e7\u00e3o de uma imagem positiva do candidato e de sua chapa. Al\u00e9m disso, o impacto do com\u00edcio pode se estender para outras regi\u00f5es do estado, potencialmente influenciando as decis\u00f5es de voto em \u00e1reas importantes.<\/p>\n<h2>Protestos e manifestos no dia do evento<\/h2>\n<p>Como ocorre em ambientes pol\u00edticos polarizados, a expectativa \u00e9 de que o com\u00edcio n\u00e3o esteja livre de protestos e manifesta\u00e7\u00f5es contr\u00e1rias. Grupos da oposi\u00e7\u00e3o podem se organizar para expressar sua insatisfa\u00e7\u00e3o de modo vis\u00edvel. Isso deve ser gerenciado pelas for\u00e7as de seguran\u00e7a, a fim de evitar que tais manifesta\u00e7\u00f5es se transformem em tumultos.<\/p>\n<p>A forma como o com\u00edcio lida com essas situa\u00e7\u00f5es pode ser um ponto cr\u00edtico para a percep\u00e7\u00e3o p\u00fablica sobre o candidato e seu partido. A capacidade de Lula de manter o foco na mensagem positiva do evento, mesmo diante de protestos, ser\u00e1 uma demonstra\u00e7\u00e3o de lideran\u00e7a e resili\u00eancia.<\/p>\n<h2>O papel de Belo Horizonte nas elei\u00e7\u00f5es de 2026<\/h2>\n<p>Belo Horizonte, como capital de Minas Gerais, desempenha um papel vital nas elei\u00e7\u00f5es. A cidade \u00e9 um centro econ\u00f4mico e pol\u00edtico, e suas decis\u00f5es podem influenciar todo o estado. Portanto, a visita de Lula \u00e9 um reconhecimento da import\u00e2ncia estrat\u00e9gica da cidade na corrida eleitoral.<\/p>\n<p>A intera\u00e7\u00e3o direta com os cidad\u00e3os e a mobiliza\u00e7\u00e3o em eventos como este com\u00edcio s\u00e3o fundamentais para captar o sentimento popular e ajustar as estrat\u00e9gias pol\u00edticas conforme necess\u00e1rio. Com isso, n\u00e3o apenas o resultado eleitoral em Minas \u00e9 afetado, mas tamb\u00e9m a posi\u00e7\u00e3o nacional de Lula e seu partido nas futuras elei\u00e7\u00f5es.<\/p>\n\n<div style=\"font-size: 0px; height: 0px; line-height: 0px; margin: 0; padding: 0; clear: both;\"><\/div>","protected":false},"excerpt":{"rendered":"<p>Lula far\u00e1 com\u00edcio em BH, um evento que promete agitar a pol\u00edtica local.<\/p>\n","protected":false},"author":1,"featured_media":4764,"comment_status":"closed","ping_status":"closed","sticky":false,"template":"","format":"standard","meta":{"footnotes":""},"categories":[6],"tags":[],"class_list":["post-4765","post","type-post","status-publish","format-standard","has-post-thumbnail","hentry","category-noticias","has_thumb"],"aioseo_notices":[],"aioseo_head":"\n\t\t<!-- All in One SEO 5.0.0.1 - aioseo.com -->\n\t<meta name=\"description\" content=\"Lula far\u00e1 com\u00edcio em BH, um evento que promete agitar a pol\u00edtica local.\" \/>\n\t<meta name=\"robots\" content=\"max-image-preview:large\" \/>\n\t<meta name=\"author\" content=\"Encontra Belo Horizonte\"\/>\n\t<link rel=\"canonical\" href=\"https:\/\/www.encontrabelohorizonte.com.br\/sobre\/lula-faz-comicio-no-centro-de-bh-na-noite-desta-sexta-21-8\/\" \/>\n\t<meta name=\"generator\" content=\"All in One SEO (AIOSEO) 5.0.0.1\" \/>\n\t\t<meta property=\"og:locale\" content=\"pt_BR\" \/>\n\t\t<meta property=\"og:site_name\" content=\"Encontra Belo Horizonte | Not\u00edcias, eventos, informa\u00e7\u00f5es e dicas da cidade de Belo Horizonte e regi\u00e3o\" \/>\n\t\t<meta property=\"og:type\" content=\"article\" \/>\n\t\t<meta property=\"og:title\" content=\"Lula faz com\u00edcio no Centro de BH na noite desta sexta (21\/8) | Encontra Belo Horizonte\" \/>\n\t\t<meta property=\"og:description\" content=\"Lula far\u00e1 com\u00edcio em BH, um evento que promete agitar a pol\u00edtica local.\" \/>\n\t\t<meta property=\"og:url\" content=\"https:\/\/www.encontrabelohorizonte.com.br\/sobre\/lula-faz-comicio-no-centro-de-bh-na-noite-desta-sexta-21-8\/\" \/>\n\t\t<meta property=\"article:published_time\" content=\"2026-08-31T08:48:35+00:00\" \/>\n\t\t<meta property=\"article:modified_time\" content=\"2026-08-31T08:48:35+00:00\" \/>\n\t\t<meta name=\"twitter:card\" content=\"summary\" \/>\n\t\t<meta name=\"twitter:title\" content=\"Lula faz com\u00edcio no Centro de BH na noite desta sexta (21\/8) | Encontra Belo Horizonte\" \/>\n\t\t<meta name=\"twitter:description\" content=\"Lula far\u00e1 com\u00edcio em BH, um evento que promete agitar a pol\u00edtica local.\" \/>\n\t\t<script type=\"application\/ld+json\" class=\"aioseo-schema\">\n\t\t\t{\"@context\":\"https:\\\/\\\/schema.org\",\"@graph\":[{\"@type\":\"Article\",\"@id\":\"https:\\\/\\\/www.encontrabelohorizonte.com.br\\\/sobre\\\/lula-faz-comicio-no-centro-de-bh-na-noite-desta-sexta-21-8\\\/#article\",\"name\":\"Lula faz com\\u00edcio no Centro de BH na noite desta sexta (21\\\/8) | Encontra Belo Horizonte\",\"headline\":\"Lula faz com\\u00edcio no Centro de BH na noite desta sexta (21\\\/8)\",\"author\":{\"@id\":\"https:\\\/\\\/www.encontrabelohorizonte.com.br\\\/sobre\\\/author\\\/ebelohorizonte\\\/#author\"},\"publisher\":{\"@id\":\"https:\\\/\\\/www.encontrabelohorizonte.com.br\\\/sobre\\\/#organization\"},\"image\":{\"@type\":\"ImageObject\",\"url\":\"https:\\\/\\\/www.encontrabelohorizonte.com.br\\\/sobre\\\/wp-content\\\/uploads\\\/lula-faz-comicio-no-centro-de-bh-na-noite-desta-sexta-21-8.webp\",\"width\":280,\"height\":280,\"caption\":\"Lula far\\u00e1 com\\u00edcio em BH\"},\"datePublished\":\"2026-08-31T05:48:35-03:00\",\"dateModified\":\"2026-08-31T05:48:35-03:00\",\"inLanguage\":\"pt-BR\",\"mainEntityOfPage\":{\"@id\":\"https:\\\/\\\/www.encontrabelohorizonte.com.br\\\/sobre\\\/lula-faz-comicio-no-centro-de-bh-na-noite-desta-sexta-21-8\\\/#webpage\"},\"isPartOf\":{\"@id\":\"https:\\\/\\\/www.encontrabelohorizonte.com.br\\\/sobre\\\/lula-faz-comicio-no-centro-de-bh-na-noite-desta-sexta-21-8\\\/#webpage\"},\"articleSection\":\"Not\\u00edcias Belo Horizonte\"},{\"@type\":\"BreadcrumbList\",\"@id\":\"https:\\\/\\\/www.encontrabelohorizonte.com.br\\\/sobre\\\/lula-faz-comicio-no-centro-de-bh-na-noite-desta-sexta-21-8\\\/#breadcrumblist\",\"itemListElement\":[{\"@type\":\"ListItem\",\"@id\":\"https:\\\/\\\/www.encontrabelohorizonte.com.br\\\/sobre#listItem\",\"position\":1,\"name\":\"In\\u00edcio\",\"item\":\"https:\\\/\\\/www.encontrabelohorizonte.com.br\\\/sobre\",\"nextItem\":{\"@type\":\"ListItem\",\"@id\":\"https:\\\/\\\/www.encontrabelohorizonte.com.br\\\/sobre\\\/noticias\\\/#listItem\",\"name\":\"Not\\u00edcias Belo Horizonte\"}},{\"@type\":\"ListItem\",\"@id\":\"https:\\\/\\\/www.encontrabelohorizonte.com.br\\\/sobre\\\/noticias\\\/#listItem\",\"position\":2,\"name\":\"Not\\u00edcias Belo Horizonte\",\"item\":\"https:\\\/\\\/www.encontrabelohorizonte.com.br\\\/sobre\\\/noticias\\\/\",\"nextItem\":{\"@type\":\"ListItem\",\"@id\":\"https:\\\/\\\/www.encontrabelohorizonte.com.br\\\/sobre\\\/lula-faz-comicio-no-centro-de-bh-na-noite-desta-sexta-21-8\\\/#listItem\",\"name\":\"Lula faz com\\u00edcio no Centro de BH na noite desta sexta (21\\\/8)\"},\"previousItem\":{\"@type\":\"ListItem\",\"@id\":\"https:\\\/\\\/www.encontrabelohorizonte.com.br\\\/sobre#listItem\",\"name\":\"In\\u00edcio\"}},{\"@type\":\"ListItem\",\"@id\":\"https:\\\/\\\/www.encontrabelohorizonte.com.br\\\/sobre\\\/lula-faz-comicio-no-centro-de-bh-na-noite-desta-sexta-21-8\\\/#listItem\",\"position\":3,\"name\":\"Lula faz com\\u00edcio no Centro de BH na noite desta sexta (21\\\/8)\",\"previousItem\":{\"@type\":\"ListItem\",\"@id\":\"https:\\\/\\\/www.encontrabelohorizonte.com.br\\\/sobre\\\/noticias\\\/#listItem\",\"name\":\"Not\\u00edcias Belo Horizonte\"}}]},{\"@type\":\"Organization\",\"@id\":\"https:\\\/\\\/www.encontrabelohorizonte.com.br\\\/sobre\\\/#organization\",\"name\":\"Encontra Belo Horizonte\",\"description\":\"Not\\u00edcias, eventos, informa\\u00e7\\u00f5es e dicas da cidade de Belo Horizonte e regi\\u00e3o\",\"url\":\"https:\\\/\\\/www.encontrabelohorizonte.com.br\\\/sobre\\\/\"},{\"@type\":\"Person\",\"@id\":\"https:\\\/\\\/www.encontrabelohorizonte.com.br\\\/sobre\\\/author\\\/ebelohorizonte\\\/#author\",\"url\":\"https:\\\/\\\/www.encontrabelohorizonte.com.br\\\/sobre\\\/author\\\/ebelohorizonte\\\/\",\"name\":\"Encontra Belo Horizonte\",\"image\":{\"@type\":\"ImageObject\",\"@id\":\"https:\\\/\\\/www.encontrabelohorizonte.com.br\\\/sobre\\\/lula-faz-comicio-no-centro-de-bh-na-noite-desta-sexta-21-8\\\/#authorImage\",\"url\":\"https:\\\/\\\/secure.gravatar.com\\\/avatar\\\/507340682b8270222e1f208e23198b6ae7e2c6a1033ae84e99bc6bce4f82a387?s=96&d=mm&r=g\",\"width\":96,\"height\":96,\"caption\":\"Encontra Belo Horizonte\"}},{\"@type\":\"WebPage\",\"@id\":\"https:\\\/\\\/www.encontrabelohorizonte.com.br\\\/sobre\\\/lula-faz-comicio-no-centro-de-bh-na-noite-desta-sexta-21-8\\\/#webpage\",\"url\":\"https:\\\/\\\/www.encontrabelohorizonte.com.br\\\/sobre\\\/lula-faz-comicio-no-centro-de-bh-na-noite-desta-sexta-21-8\\\/\",\"name\":\"Lula faz com\\u00edcio no Centro de BH na noite desta sexta (21\\\/8) | Encontra Belo Horizonte\",\"description\":\"Lula far\\u00e1 com\\u00edcio em BH, um evento que promete agitar a pol\\u00edtica local.\",\"inLanguage\":\"pt-BR\",\"isPartOf\":{\"@id\":\"https:\\\/\\\/www.encontrabelohorizonte.com.br\\\/sobre\\\/#website\"},\"breadcrumb\":{\"@id\":\"https:\\\/\\\/www.encontrabelohorizonte.com.br\\\/sobre\\\/lula-faz-comicio-no-centro-de-bh-na-noite-desta-sexta-21-8\\\/#breadcrumblist\"},\"author\":{\"@id\":\"https:\\\/\\\/www.encontrabelohorizonte.com.br\\\/sobre\\\/author\\\/ebelohorizonte\\\/#author\"},\"creator\":{\"@id\":\"https:\\\/\\\/www.encontrabelohorizonte.com.br\\\/sobre\\\/author\\\/ebelohorizonte\\\/#author\"},\"image\":{\"@type\":\"ImageObject\",\"url\":\"https:\\\/\\\/www.encontrabelohorizonte.com.br\\\/sobre\\\/wp-content\\\/uploads\\\/lula-faz-comicio-no-centro-de-bh-na-noite-desta-sexta-21-8.webp\",\"@id\":\"https:\\\/\\\/www.encontrabelohorizonte.com.br\\\/sobre\\\/lula-faz-comicio-no-centro-de-bh-na-noite-desta-sexta-21-8\\\/#mainImage\",\"width\":280,\"height\":280,\"caption\":\"Lula far\\u00e1 com\\u00edcio em BH\"},\"primaryImageOfPage\":{\"@id\":\"https:\\\/\\\/www.encontrabelohorizonte.com.br\\\/sobre\\\/lula-faz-comicio-no-centro-de-bh-na-noite-desta-sexta-21-8\\\/#mainImage\"},\"datePublished\":\"2026-08-31T05:48:35-03:00\",\"dateModified\":\"2026-08-31T05:48:35-03:00\"},{\"@type\":\"WebSite\",\"@id\":\"https:\\\/\\\/www.encontrabelohorizonte.com.br\\\/sobre\\\/#website\",\"url\":\"https:\\\/\\\/www.encontrabelohorizonte.com.br\\\/sobre\\\/\",\"name\":\"Encontra Belo Horizonte\",\"description\":\"Not\\u00edcias, eventos, informa\\u00e7\\u00f5es e dicas da cidade de Belo Horizonte e regi\\u00e3o\",\"inLanguage\":\"pt-BR\",\"publisher\":{\"@id\":\"https:\\\/\\\/www.encontrabelohorizonte.com.br\\\/sobre\\\/#organization\"}}]}\n\t\t<\/script>\n\t\t<!-- All in One SEO -->\n\n","aioseo_head_json":{"title":"Lula faz com\u00edcio no Centro de BH na noite desta sexta (21\/8) | Encontra Belo Horizonte","description":"Lula far\u00e1 com\u00edcio em BH, um evento que promete agitar a pol\u00edtica local.","canonical_url":"https:\/\/www.encontrabelohorizonte.com.br\/sobre\/lula-faz-comicio-no-centro-de-bh-na-noite-desta-sexta-21-8\/","robots":"max-image-preview:large","keywords":"","webmasterTools":{"miscellaneous":""},"schema":{"@context":"https:\/\/schema.org","@graph":[{"@type":"Article","@id":"https:\/\/www.encontrabelohorizonte.com.br\/sobre\/lula-faz-comicio-no-centro-de-bh-na-noite-desta-sexta-21-8\/#article","name":"Lula faz com\u00edcio no Centro de BH na noite desta sexta (21\/8) | Encontra Belo Horizonte","headline":"Lula faz com\u00edcio no Centro de BH na noite desta sexta (21\/8)","author":{"@id":"https:\/\/www.encontrabelohorizonte.com.br\/sobre\/author\/ebelohorizonte\/#author"},"publisher":{"@id":"https:\/\/www.encontrabelohorizonte.com.br\/sobre\/#organization"},"image":{"@type":"ImageObject","url":"https:\/\/www.encontrabelohorizonte.com.br\/sobre\/wp-content\/uploads\/lula-faz-comicio-no-centro-de-bh-na-noite-desta-sexta-21-8.webp","width":280,"height":280,"caption":"Lula far\u00e1 com\u00edcio em BH"},"datePublished":"2026-08-31T05:48:35-03:00","dateModified":"2026-08-31T05:48:35-03:00","inLanguage":"pt-BR","mainEntityOfPage":{"@id":"https:\/\/www.encontrabelohorizonte.com.br\/sobre\/lula-faz-comicio-no-centro-de-bh-na-noite-desta-sexta-21-8\/#webpage"},"isPartOf":{"@id":"https:\/\/www.encontrabelohorizonte.com.br\/sobre\/lula-faz-comicio-no-centro-de-bh-na-noite-desta-sexta-21-8\/#webpage"},"articleSection":"Not\u00edcias Belo Horizonte"},{"@type":"BreadcrumbList","@id":"https:\/\/www.encontrabelohorizonte.com.br\/sobre\/lula-faz-comicio-no-centro-de-bh-na-noite-desta-sexta-21-8\/#breadcrumblist","itemListElement":[{"@type":"ListItem","@id":"https:\/\/www.encontrabelohorizonte.com.br\/sobre#listItem","position":1,"name":"In\u00edcio","item":"https:\/\/www.encontrabelohorizonte.com.br\/sobre","nextItem":{"@type":"ListItem","@id":"https:\/\/www.encontrabelohorizonte.com.br\/sobre\/noticias\/#listItem","name":"Not\u00edcias Belo Horizonte"}},{"@type":"ListItem","@id":"https:\/\/www.encontrabelohorizonte.com.br\/sobre\/noticias\/#listItem","position":2,"name":"Not\u00edcias Belo Horizonte","item":"https:\/\/www.encontrabelohorizonte.com.br\/sobre\/noticias\/","nextItem":{"@type":"ListItem","@id":"https:\/\/www.encontrabelohorizonte.com.br\/sobre\/lula-faz-comicio-no-centro-de-bh-na-noite-desta-sexta-21-8\/#listItem","name":"Lula faz com\u00edcio no Centro de BH na noite desta sexta (21\/8)"},"previousItem":{"@type":"ListItem","@id":"https:\/\/www.encontrabelohorizonte.com.br\/sobre#listItem","name":"In\u00edcio"}},{"@type":"ListItem","@id":"https:\/\/www.encontrabelohorizonte.com.br\/sobre\/lula-faz-comicio-no-centro-de-bh-na-noite-desta-sexta-21-8\/#listItem","position":3,"name":"Lula faz com\u00edcio no Centro de BH na noite desta sexta (21\/8)","previousItem":{"@type":"ListItem","@id":"https:\/\/www.encontrabelohorizonte.com.br\/sobre\/noticias\/#listItem","name":"Not\u00edcias Belo Horizonte"}}]},{"@type":"Organization","@id":"https:\/\/www.encontrabelohorizonte.com.br\/sobre\/#organization","name":"Encontra Belo Horizonte","description":"Not\u00edcias, eventos, informa\u00e7\u00f5es e dicas da cidade de Belo Horizonte e regi\u00e3o","url":"https:\/\/www.encontrabelohorizonte.com.br\/sobre\/"},{"@type":"Person","@id":"https:\/\/www.encontrabelohorizonte.com.br\/sobre\/author\/ebelohorizonte\/#author","url":"https:\/\/www.encontrabelohorizonte.com.br\/sobre\/author\/ebelohorizonte\/","name":"Encontra Belo Horizonte","image":{"@type":"ImageObject","@id":"https:\/\/www.encontrabelohorizonte.com.br\/sobre\/lula-faz-comicio-no-centro-de-bh-na-noite-desta-sexta-21-8\/#authorImage","url":"https:\/\/secure.gravatar.com\/avatar\/507340682b8270222e1f208e23198b6ae7e2c6a1033ae84e99bc6bce4f82a387?s=96&d=mm&r=g","width":96,"height":96,"caption":"Encontra Belo Horizonte"}},{"@type":"WebPage","@id":"https:\/\/www.encontrabelohorizonte.com.br\/sobre\/lula-faz-comicio-no-centro-de-bh-na-noite-desta-sexta-21-8\/#webpage","url":"https:\/\/www.encontrabelohorizonte.com.br\/sobre\/lula-faz-comicio-no-centro-de-bh-na-noite-desta-sexta-21-8\/","name":"Lula faz com\u00edcio no Centro de BH na noite desta sexta (21\/8) | Encontra Belo Horizonte","description":"Lula far\u00e1 com\u00edcio em BH, um evento que promete agitar a pol\u00edtica local.","inLanguage":"pt-BR","isPartOf":{"@id":"https:\/\/www.encontrabelohorizonte.com.br\/sobre\/#website"},"breadcrumb":{"@id":"https:\/\/www.encontrabelohorizonte.com.br\/sobre\/lula-faz-comicio-no-centro-de-bh-na-noite-desta-sexta-21-8\/#breadcrumblist"},"author":{"@id":"https:\/\/www.encontrabelohorizonte.com.br\/sobre\/author\/ebelohorizonte\/#author"},"creator":{"@id":"https:\/\/www.encontrabelohorizonte.com.br\/sobre\/author\/ebelohorizonte\/#author"},"image":{"@type":"ImageObject","url":"https:\/\/www.encontrabelohorizonte.com.br\/sobre\/wp-content\/uploads\/lula-faz-comicio-no-centro-de-bh-na-noite-desta-sexta-21-8.webp","@id":"https:\/\/www.encontrabelohorizonte.com.br\/sobre\/lula-faz-comicio-no-centro-de-bh-na-noite-desta-sexta-21-8\/#mainImage","width":280,"height":280,"caption":"Lula far\u00e1 com\u00edcio em BH"},"primaryImageOfPage":{"@id":"https:\/\/www.encontrabelohorizonte.com.br\/sobre\/lula-faz-comicio-no-centro-de-bh-na-noite-desta-sexta-21-8\/#mainImage"},"datePublished":"2026-08-31T05:48:35-03:00","dateModified":"2026-08-31T05:48:35-03:00"},{"@type":"WebSite","@id":"https:\/\/www.encontrabelohorizonte.com.br\/sobre\/#website","url":"https:\/\/www.encontrabelohorizonte.com.br\/sobre\/","name":"Encontra Belo Horizonte","description":"Not\u00edcias, eventos, informa\u00e7\u00f5es e dicas da cidade de Belo Horizonte e regi\u00e3o","inLanguage":"pt-BR","publisher":{"@id":"https:\/\/www.encontrabelohorizonte.com.br\/sobre\/#organization"}}]},"og:locale":"pt_BR","og:site_name":"Encontra Belo Horizonte | Not\u00edcias, eventos, informa\u00e7\u00f5es e dicas da cidade de Belo Horizonte e regi\u00e3o","og:type":"article","og:title":"Lula faz com\u00edcio no Centro de BH na noite desta sexta (21\/8) | Encontra Belo Horizonte","og:description":"Lula far\u00e1 com\u00edcio em BH, um evento que promete agitar a pol\u00edtica local.","og:url":"https:\/\/www.encontrabelohorizonte.com.br\/sobre\/lula-faz-comicio-no-centro-de-bh-na-noite-desta-sexta-21-8\/","article:published_time":"2026-08-31T08:48:35+00:00","article:modified_time":"2026-08-31T08:48:35+00:00","twitter:card":"summary","twitter:title":"Lula faz com\u00edcio no Centro de BH na noite desta sexta (21\/8) | Encontra Belo Horizonte","twitter:description":"Lula far\u00e1 com\u00edcio em BH, um evento que promete agitar a pol\u00edtica local."},"aioseo_meta_data":{"post_id":"4765","title":null,"description":null,"keywords":null,"keyphrases":null,"primary_term":null,"canonical_url":null,"og_title":null,"og_description":null,"og_object_type":"default","og_image_type":"default","og_image_url":null,"og_image_width":null,"og_image_height":null,"og_image_custom_url":null,"og_image_custom_fields":null,"og_video":null,"og_custom_url":null,"og_article_section":null,"og_article_tags":null,"twitter_use_og":false,"twitter_card":"default","twitter_image_type":"default","twitter_image_url":null,"twitter_image_custom_url":null,"twitter_image_custom_fields":null,"twitter_title":null,"twitter_description":null,"schema":{"blockGraphs":[],"customGraphs":[],"default":{"data":{"Article":[],"Course":[],"Dataset":[],"FAQPage":[],"Movie":[],"Person":[],"Product":[],"ProductReview":[],"Car":[],"Recipe":[],"Service":[],"SoftwareApplication":[],"WebPage":[]},"graphName":"Article","isEnabled":true},"graphs":[]},"schema_type":"default","schema_type_options":null,"pillar_content":false,"robots_default":true,"robots_noindex":false,"robots_noarchive":false,"robots_nosnippet":false,"robots_nofollow":false,"robots_noimageindex":false,"robots_noodp":false,"robots_notranslate":false,"robots_max_snippet":null,"robots_max_videopreview":null,"robots_max_imagepreview":"large","priority":null,"frequency":null,"local_seo":null,"breadcrumb_settings":null,"limit_modified_date":false,"ai":null,"created":"2026-08-31 08:48:35","updated":"2026-08-31 10:25:36","focus_keyword":null,"additional_keywords":null,"truseo_locale":null,"seo_analyzer_scan_date":null},"aioseo_breadcrumb":"<div class=\"aioseo-breadcrumbs\"><span class=\"aioseo-breadcrumb\">\n\t\t\t<a href=\"https:\/\/www.encontrabelohorizonte.com.br\/sobre\" title=\"In\u00edcio\">In\u00edcio<\/a>\n\t\t<\/span><span class=\"aioseo-breadcrumb-separator\">&raquo;<\/span><span class=\"aioseo-breadcrumb\">\n\t\t\t<a href=\"https:\/\/www.encontrabelohorizonte.com.br\/sobre\/noticias\/\" title=\"Not\u00edcias Belo Horizonte\">Not\u00edcias Belo Horizonte<\/a>\n\t\t<\/span><span class=\"aioseo-breadcrumb-separator\">&raquo;<\/span><span class=\"aioseo-breadcrumb\">\n\t\t\tLula faz com\u00edcio no Centro de BH na noite desta sexta (21\/8)\n\t\t<\/span><\/div>","aioseo_breadcrumb_json":[{"label":"In\u00edcio","link":"https:\/\/www.encontrabelohorizonte.com.br\/sobre"},{"label":"Not\u00edcias Belo Horizonte","link":"https:\/\/www.encontrabelohorizonte.com.br\/sobre\/noticias\/"},{"label":"Lula faz com\u00edcio no Centro de BH na noite desta sexta (21\/8)","link":"https:\/\/www.encontrabelohorizonte.com.br\/sobre\/lula-faz-comicio-no-centro-de-bh-na-noite-desta-sexta-21-8\/"}],"_links":{"self":[{"href":"https:\/\/www.encontrabelohorizonte.com.br\/sobre\/wp-json\/wp\/v2\/posts\/4765","targetHints":{"allow":["GET"]}}],"collection":[{"href":"https:\/\/www.encontrabelohorizonte.com.br\/sobre\/wp-json\/wp\/v2\/posts"}],"about":[{"href":"https:\/\/www.encontrabelohorizonte.com.br\/sobre\/wp-json\/wp\/v2\/types\/post"}],"author":[{"embeddable":true,"href":"https:\/\/www.encontrabelohorizonte.com.br\/sobre\/wp-json\/wp\/v2\/users\/1"}],"replies":[{"embeddable":true,"href":"https:\/\/www.encontrabelohorizonte.com.br\/sobre\/wp-json\/wp\/v2\/comments?post=4765"}],"version-history":[{"count":0,"href":"https:\/\/www.encontrabelohorizonte.com.br\/sobre\/wp-json\/wp\/v2\/posts\/4765\/revisions"}],"wp:featuredmedia":[{"embeddable":true,"href":"https:\/\/www.encontrabelohorizonte.com.br\/sobre\/wp-json\/wp\/v2\/media\/4764"}],"wp:attachment":[{"href":"https:\/\/www.encontrabelohorizonte.com.br\/sobre\/wp-json\/wp\/v2\/media?parent=4765"}],"wp:term":[{"taxonomy":"category","embeddable":true,"href":"https:\/\/www.encontrabelohorizonte.com.br\/sobre\/wp-json\/wp\/v2\/categories?post=4765"},{"taxonomy":"post_tag","embeddable":true,"href":"https:\/\/www.encontrabelohorizonte.com.br\/sobre\/wp-json\/wp\/v2\/tags?post=4765"}],"curies":[{"name":"wp","href":"https:\/\/api.w.org\/{rel}","templated":true}]}}