{"id":4773,"date":"2026-08-31T20:49:40","date_gmt":"2026-08-31T23:49:40","guid":{"rendered":"https:\/\/www.encontrabelohorizonte.com.br\/sobre\/camara-de-bh-aprova-projeto-que-favorece-verticalizacao-do-centro-e-de-bairros-tradicionais\/"},"modified":"2026-08-31T20:49:40","modified_gmt":"2026-08-31T23:49:40","slug":"camara-de-bh-aprova-projeto-que-favorece-verticalizacao-do-centro-e-de-bairros-tradicionais","status":"publish","type":"post","link":"https:\/\/www.encontrabelohorizonte.com.br\/sobre\/camara-de-bh-aprova-projeto-que-favorece-verticalizacao-do-centro-e-de-bairros-tradicionais\/","title":{"rendered":"C\u00e2mara de BH aprova projeto que favorece verticaliza\u00e7\u00e3o do Centro e de bairros tradicionais"},"content":{"rendered":"<div class=\"2e083cf0b19e2c11948dc6ac054ba979\" data-index=\"1\" style=\"float: none; margin:0px;\">\n<!-- Anuncio display - global -->\r\n<ins class=\"adsbygoogle\"\r\n     style=\"display:block\"\r\n     data-ad-client=\"ca-pub-8585364105181520\"\r\n     data-ad-slot=\"8789329856\"\r\n     data-ad-format=\"auto\"\r\n     data-full-width-responsive=\"true\"><\/ins>\r\n<script>\r\n     (adsbygoogle = window.adsbygoogle || []).push({});\r\n<\/script>\n<\/div>\n<h2>O que \u00e9 a verticaliza\u00e7\u00e3o do Centro?<\/h2>\n<p>A verticaliza\u00e7\u00e3o do Centro de Belo Horizonte refere-se ao projeto que visa aumentar o n\u00famero de constru\u00e7\u00f5es verticais nessa regi\u00e3o, ultrapassando os padr\u00f5es de desenvolvimento habitualmente aplicados a im\u00f3veis e edifica\u00e7\u00f5es locais. Este movimento \u00e9 parte de uma estrat\u00e9gia planejada pela prefeitura, que busca revitalizar \u00e1reas urbanas e incentivar a reocupa\u00e7\u00e3o do espa\u00e7o urbano, especialmente em \u00e1reas que possuem grande potencial de valoriza\u00e7\u00e3o e infraestrutura adequada.<\/p>\n<h2>Impactos econ\u00f4micos esperados com o projeto<\/h2>\n<p>Os impactos econ\u00f4micos da verticaliza\u00e7\u00e3o s\u00e3o esperados em v\u00e1rias frentes. Primeiramente, a constru\u00e7\u00e3o civil deve sentir um impulso significativo, com um aumento no n\u00famero de obras e reformas, gerando empregos e movimentando a economia local. Al\u00e9m disso:<\/p>\n<ul>\n<li><strong>Valoriza\u00e7\u00e3o Imobili\u00e1ria:<\/strong> A verticaliza\u00e7\u00e3o pode levar a uma valoriza\u00e7\u00e3o dos im\u00f3veis na regi\u00e3o, beneficiando propriet\u00e1rios e investidores.<\/li>\n<li><strong>Incentivos \u00e0 Economia Local:<\/strong> O aumento na popula\u00e7\u00e3o da \u00e1rea pode impulsionar o com\u00e9rcio local e servi\u00e7os, criando um ciclo de crescimento econ\u00f4mico.<\/li>\n<li><strong>Receitas Fiscais:<\/strong> A prefeitura poder\u00e1 aumentar a arrecada\u00e7\u00e3o com impostos relacionados \u00e0 constru\u00e7\u00e3o e \u00e0 propriedade.<\/li>\n<\/ul>\n<h2>Impostos e incentivos para a constru\u00e7\u00e3o<\/h2>\n<p>O projeto de verticaliza\u00e7\u00e3o traz uma s\u00e9rie de incentivos fiscais, como isen\u00e7\u00f5es do Imposto Predial e Territorial Urbano (IPTU) e do Imposto sobre a Transmiss\u00e3o de Bens Im\u00f3veis (ITBI). Estas medidas visam atrair investidores para reformar im\u00f3veis ociosos e construir novas edifica\u00e7\u00f5es.<\/p>\n<p><img decoding=\"async\" src=\"https:\/\/www.encontrabelohorizonte.com.br\/sobre\/wp-content\/uploads\/camara-de-bh-aprova-projeto-que-favorece-verticalizacao-do-centro-e-de-bairros-tradicionais.webp\" alt=\"verticaliza\u00e7\u00e3o do Centro de BH\" loading=\"lazy\" \/><\/p>\n<p>Al\u00e9m das isen\u00e7\u00f5es, a proposta tamb\u00e9m oferece:<\/p>\n<ul>\n<li><strong>Taxas Reduzidas:<\/strong> Taxas de constru\u00e7\u00e3o e licenciamento mais acess\u00edveis para novos projetos.<\/li>\n<li><strong>Facilita\u00e7\u00e3o de Processos:<\/strong> Acelera\u00e7\u00e3o dos tr\u00e2mites burocr\u00e1ticos para obten\u00e7\u00e3o de alvar\u00e1s e licen\u00e7as.<\/li>\n<\/ul>\n<h2>Reformas de im\u00f3veis ociosos: como funcionar\u00e1?<\/h2>\n<p>Um aspecto central deste projeto \u00e9 a reintegra\u00e7\u00e3o de im\u00f3veis hist\u00f3ricos e ociosos ao circuito urbano. Para isso, a verticaliza\u00e7\u00e3o inclui:<\/p>\n<ul>\n<li><strong>Retrofit:<\/strong> A adapta\u00e7\u00e3o e moderniza\u00e7\u00e3o de edif\u00edcios antigos, preservando a arquitetura hist\u00f3rica, mas atualizando as instala\u00e7\u00f5es e fun\u00e7\u00f5es.<\/li>\n<li><strong>Incentivo \u00e0 Habita\u00e7\u00e3o Social:<\/strong> Destina\u00e7\u00e3o de parte das reformas para a constru\u00e7\u00e3o de habita\u00e7\u00e3o de interesse social, garantindo moradia acess\u00edvel para a popula\u00e7\u00e3o de baixa renda.<\/li>\n<\/ul>\n<h2>Debate p\u00fablico: vozes a favor e contra<\/h2>\n<p>A verticaliza\u00e7\u00e3o do Centro de BH gerou um intenso debate entre diferentes atores sociais. Defensores apontam os benef\u00edcios econ\u00f4micos e sociais, enquanto os cr\u00edticos levantam preocupa\u00e7\u00f5es sobre os impactos na preserva\u00e7\u00e3o do patrim\u00f4nio hist\u00f3rico e na qualidade de vida dos moradores.<\/p>\n<p>Entre os defensores, muitos vereadores afirmam que o projeto \u00e9 vital para revitalizar uma \u00e1rea que tem enfrentado abandono e degrada\u00e7\u00e3o. Por outro lado, opositores argumentam que deveria haver mais di\u00e1logo com a popula\u00e7\u00e3o afetada e que as mudan\u00e7as podem trazer danos irrevers\u00edveis \u00e0 paisagem urban\u00edstica da cidade.<\/p>\n<h2>A import\u00e2ncia da habita\u00e7\u00e3o de interesse social<\/h2>\n<p>A constru\u00e7\u00e3o de habita\u00e7\u00f5es de interesse social \u00e9 um dos pilares do projeto de verticaliza\u00e7\u00e3o. Esse aspecto \u00e9 crucial para garantir que a revitaliza\u00e7\u00e3o do Centro n\u00e3o resulte apenas em guetos de luxo, mas em um ambiente urbano inclusivo. Esta abordagem \u00e9 essencial para:<\/p>\n<ul>\n<li><strong>Equidade Social:<\/strong> Garantir que pessoas de diferentes classes sociais possam viver na mesma \u00e1rea, promovendo a diversidade.<\/li>\n<li><strong>Combate \u00e0 Especula\u00e7\u00e3o Imobili\u00e1ria:<\/strong> Evitar que o aumento de im\u00f3veis verticais torne a regi\u00e3o inacess\u00edvel para os moradores tradicionais.<\/li>\n<\/ul>\n<h2>Flexibiliza\u00e7\u00e3o de normas urban\u00edsticas<\/h2>\n<p>Para que o projeto ganhe corpo, a flexibiliza\u00e7\u00e3o de normas urban\u00edsticas \u00e9 necess\u00e1ria. Isso inclui:<\/p>\n<ul>\n<li><strong>Redu\u00e7\u00e3o de Setbacks:<\/strong> Permiss\u00f5es para constru\u00e7\u00f5es m\u00e1s pr\u00f3ximas das ruas, aumentando a \u00e1rea \u00fatil dos empreendimentos.<\/li>\n<li><strong>Altura de Edifica\u00e7\u00f5es:<\/strong> Novas diretrizes para a constru\u00e7\u00e3o de pr\u00e9dios mais altos, maximizando o uso do espa\u00e7o urbano.<\/li>\n<\/ul>\n<h2>An\u00e1lise do voto: quem apoiou e quem se op\u00f4s?<\/h2>\n<p>A recente aprova\u00e7\u00e3o do projeto passou por vota\u00e7\u00e3o na C\u00e2mara Municipal de Belo Horizonte, resultando em 32 votos a favor e 5 contra. O apoio veio principalmente da base aliada ao governo municipal, que v\u00ea o projeto como uma oportunidade de revitaliza\u00e7\u00e3o e crescimento econ\u00f4mico.<\/p>\n<p>No entanto, a oposi\u00e7\u00e3o criticou a falta de di\u00e1logo e a necessidade de avalia\u00e7\u00f5es mais aprofundadas sobre os impactos sociais e ambientais da verticaliza\u00e7\u00e3o. A vereadora Luiza Dulci manifestou preocupa\u00e7\u00e3o com a &#8220;ren\u00fancia fiscal&#8221; que a proposta pode representar.<\/p>\n<h2>Pr\u00f3ximos passos ap\u00f3s a aprova\u00e7\u00e3o<\/h2>\n<p>Ap\u00f3s a aprova\u00e7\u00e3o na C\u00e2mara, o projeto segue para a an\u00e1lise e san\u00e7\u00e3o do prefeito \u00c1lvaro Dami\u00e3o. Se sancionado, ser\u00e3o estabelecidos prazos e diretrizes para sua implementa\u00e7\u00e3o. As pr\u00f3ximas etapas incluem:<\/p>\n<ul>\n<li><strong>Mobiliza\u00e7\u00e3o de Recursos:<\/strong> Forma\u00e7\u00e3o de um fundo espec\u00edfico para financiar as obras de habita\u00e7\u00e3o social.<\/li>\n<li><strong>In\u00edcio de Obras:<\/strong> Acompanhamento da execu\u00e7\u00e3o das reformas e constru\u00e7\u00f5es autorizadas.<\/li>\n<\/ul>\n<h2>O futuro do Centro de BH ap\u00f3s a verticaliza\u00e7\u00e3o<\/h2>\n<p>O futuro da regi\u00e3o central de Belo Horizonte pode passar por uma transforma\u00e7\u00e3o significativa com a verticaliza\u00e7\u00e3o, reduzindo a urbaniza\u00e7\u00e3o horizontal e promovendo a ocupa\u00e7\u00e3o de espa\u00e7os vazios. A expectativa \u00e9 de uma \u00e1rea revitalizada, onde novos neg\u00f3cios e moradias coexistem, formando um ambiente urbano din\u00e2mico e acess\u00edvel. No entanto, a realiza\u00e7\u00e3o e a aceita\u00e7\u00e3o dessa transforma\u00e7\u00e3o depender\u00e3o da aten\u00e7\u00e3o \u00e0s necessidades comunit\u00e1rias e da preserva\u00e7\u00e3o dos valores culturais da cidade.<\/p>\n\n<div style=\"font-size: 0px; height: 0px; line-height: 0px; margin: 0; padding: 0; clear: both;\"><\/div>","protected":false},"excerpt":{"rendered":"<p>Verticaliza\u00e7\u00e3o do Centro em Belo Horizonte promete transformar a cidade.<\/p>\n","protected":false},"author":1,"featured_media":4772,"comment_status":"closed","ping_status":"closed","sticky":false,"template":"","format":"standard","meta":{"footnotes":""},"categories":[36],"tags":[],"class_list":["post-4773","post","type-post","status-publish","format-standard","has-post-thumbnail","hentry","category-construcao","has_thumb"],"aioseo_notices":[],"aioseo_head":"\n\t\t<!-- All in One SEO 5.0.0.1 - aioseo.com -->\n\t<meta name=\"description\" content=\"Verticaliza\u00e7\u00e3o do Centro em Belo Horizonte promete transformar a cidade.\" \/>\n\t<meta name=\"robots\" content=\"max-image-preview:large\" \/>\n\t<meta name=\"author\" content=\"Encontra Belo Horizonte\"\/>\n\t<link rel=\"canonical\" href=\"https:\/\/www.encontrabelohorizonte.com.br\/sobre\/camara-de-bh-aprova-projeto-que-favorece-verticalizacao-do-centro-e-de-bairros-tradicionais\/\" \/>\n\t<meta name=\"generator\" content=\"All in One SEO (AIOSEO) 5.0.0.1\" \/>\n\t\t<meta property=\"og:locale\" content=\"pt_BR\" \/>\n\t\t<meta property=\"og:site_name\" content=\"Encontra Belo Horizonte | Not\u00edcias, eventos, informa\u00e7\u00f5es e dicas da cidade de Belo Horizonte e regi\u00e3o\" \/>\n\t\t<meta property=\"og:type\" content=\"article\" \/>\n\t\t<meta property=\"og:title\" content=\"C\u00e2mara de BH aprova projeto que favorece verticaliza\u00e7\u00e3o do Centro e de bairros tradicionais | Encontra Belo Horizonte\" \/>\n\t\t<meta property=\"og:description\" content=\"Verticaliza\u00e7\u00e3o do Centro em Belo Horizonte promete transformar a cidade.\" \/>\n\t\t<meta property=\"og:url\" content=\"https:\/\/www.encontrabelohorizonte.com.br\/sobre\/camara-de-bh-aprova-projeto-que-favorece-verticalizacao-do-centro-e-de-bairros-tradicionais\/\" \/>\n\t\t<meta property=\"article:published_time\" content=\"2026-08-31T23:49:40+00:00\" \/>\n\t\t<meta property=\"article:modified_time\" content=\"2026-08-31T23:49:40+00:00\" \/>\n\t\t<meta name=\"twitter:card\" content=\"summary\" \/>\n\t\t<meta name=\"twitter:title\" content=\"C\u00e2mara de BH aprova projeto que favorece verticaliza\u00e7\u00e3o do Centro e de bairros tradicionais | Encontra Belo Horizonte\" \/>\n\t\t<meta name=\"twitter:description\" content=\"Verticaliza\u00e7\u00e3o do Centro em Belo Horizonte promete transformar a cidade.\" \/>\n\t\t<script type=\"application\/ld+json\" class=\"aioseo-schema\">\n\t\t\t{\"@context\":\"https:\\\/\\\/schema.org\",\"@graph\":[{\"@type\":\"Article\",\"@id\":\"https:\\\/\\\/www.encontrabelohorizonte.com.br\\\/sobre\\\/camara-de-bh-aprova-projeto-que-favorece-verticalizacao-do-centro-e-de-bairros-tradicionais\\\/#article\",\"name\":\"C\\u00e2mara de BH aprova projeto que favorece verticaliza\\u00e7\\u00e3o do Centro e de bairros tradicionais | Encontra Belo Horizonte\",\"headline\":\"C\\u00e2mara de BH aprova projeto que favorece verticaliza\\u00e7\\u00e3o do Centro e de bairros tradicionais\",\"author\":{\"@id\":\"https:\\\/\\\/www.encontrabelohorizonte.com.br\\\/sobre\\\/author\\\/ebelohorizonte\\\/#author\"},\"publisher\":{\"@id\":\"https:\\\/\\\/www.encontrabelohorizonte.com.br\\\/sobre\\\/#organization\"},\"image\":{\"@type\":\"ImageObject\",\"url\":\"https:\\\/\\\/www.encontrabelohorizonte.com.br\\\/sobre\\\/wp-content\\\/uploads\\\/camara-de-bh-aprova-projeto-que-favorece-verticalizacao-do-centro-e-de-bairros-tradicionais.webp\",\"width\":280,\"height\":280,\"caption\":\"verticaliza\\u00e7\\u00e3o do Centro de BH\"},\"datePublished\":\"2026-08-31T20:49:40-03:00\",\"dateModified\":\"2026-08-31T20:49:40-03:00\",\"inLanguage\":\"pt-BR\",\"mainEntityOfPage\":{\"@id\":\"https:\\\/\\\/www.encontrabelohorizonte.com.br\\\/sobre\\\/camara-de-bh-aprova-projeto-que-favorece-verticalizacao-do-centro-e-de-bairros-tradicionais\\\/#webpage\"},\"isPartOf\":{\"@id\":\"https:\\\/\\\/www.encontrabelohorizonte.com.br\\\/sobre\\\/camara-de-bh-aprova-projeto-que-favorece-verticalizacao-do-centro-e-de-bairros-tradicionais\\\/#webpage\"},\"articleSection\":\"Constru\\u00e7\\u00e3o Belo Horizonte\"},{\"@type\":\"BreadcrumbList\",\"@id\":\"https:\\\/\\\/www.encontrabelohorizonte.com.br\\\/sobre\\\/camara-de-bh-aprova-projeto-que-favorece-verticalizacao-do-centro-e-de-bairros-tradicionais\\\/#breadcrumblist\",\"itemListElement\":[{\"@type\":\"ListItem\",\"@id\":\"https:\\\/\\\/www.encontrabelohorizonte.com.br\\\/sobre#listItem\",\"position\":1,\"name\":\"In\\u00edcio\",\"item\":\"https:\\\/\\\/www.encontrabelohorizonte.com.br\\\/sobre\",\"nextItem\":{\"@type\":\"ListItem\",\"@id\":\"https:\\\/\\\/www.encontrabelohorizonte.com.br\\\/sobre\\\/construcao\\\/#listItem\",\"name\":\"Constru\\u00e7\\u00e3o Belo Horizonte\"}},{\"@type\":\"ListItem\",\"@id\":\"https:\\\/\\\/www.encontrabelohorizonte.com.br\\\/sobre\\\/construcao\\\/#listItem\",\"position\":2,\"name\":\"Constru\\u00e7\\u00e3o Belo Horizonte\",\"item\":\"https:\\\/\\\/www.encontrabelohorizonte.com.br\\\/sobre\\\/construcao\\\/\",\"nextItem\":{\"@type\":\"ListItem\",\"@id\":\"https:\\\/\\\/www.encontrabelohorizonte.com.br\\\/sobre\\\/camara-de-bh-aprova-projeto-que-favorece-verticalizacao-do-centro-e-de-bairros-tradicionais\\\/#listItem\",\"name\":\"C\\u00e2mara de BH aprova projeto que favorece verticaliza\\u00e7\\u00e3o do Centro e de bairros tradicionais\"},\"previousItem\":{\"@type\":\"ListItem\",\"@id\":\"https:\\\/\\\/www.encontrabelohorizonte.com.br\\\/sobre#listItem\",\"name\":\"In\\u00edcio\"}},{\"@type\":\"ListItem\",\"@id\":\"https:\\\/\\\/www.encontrabelohorizonte.com.br\\\/sobre\\\/camara-de-bh-aprova-projeto-que-favorece-verticalizacao-do-centro-e-de-bairros-tradicionais\\\/#listItem\",\"position\":3,\"name\":\"C\\u00e2mara de BH aprova projeto que favorece verticaliza\\u00e7\\u00e3o do Centro e de bairros tradicionais\",\"previousItem\":{\"@type\":\"ListItem\",\"@id\":\"https:\\\/\\\/www.encontrabelohorizonte.com.br\\\/sobre\\\/construcao\\\/#listItem\",\"name\":\"Constru\\u00e7\\u00e3o Belo Horizonte\"}}]},{\"@type\":\"Organization\",\"@id\":\"https:\\\/\\\/www.encontrabelohorizonte.com.br\\\/sobre\\\/#organization\",\"name\":\"Encontra Belo Horizonte\",\"description\":\"Not\\u00edcias, eventos, informa\\u00e7\\u00f5es e dicas da cidade de Belo Horizonte e regi\\u00e3o\",\"url\":\"https:\\\/\\\/www.encontrabelohorizonte.com.br\\\/sobre\\\/\"},{\"@type\":\"Person\",\"@id\":\"https:\\\/\\\/www.encontrabelohorizonte.com.br\\\/sobre\\\/author\\\/ebelohorizonte\\\/#author\",\"url\":\"https:\\\/\\\/www.encontrabelohorizonte.com.br\\\/sobre\\\/author\\\/ebelohorizonte\\\/\",\"name\":\"Encontra Belo Horizonte\",\"image\":{\"@type\":\"ImageObject\",\"@id\":\"https:\\\/\\\/www.encontrabelohorizonte.com.br\\\/sobre\\\/camara-de-bh-aprova-projeto-que-favorece-verticalizacao-do-centro-e-de-bairros-tradicionais\\\/#authorImage\",\"url\":\"https:\\\/\\\/secure.gravatar.com\\\/avatar\\\/507340682b8270222e1f208e23198b6ae7e2c6a1033ae84e99bc6bce4f82a387?s=96&d=mm&r=g\",\"width\":96,\"height\":96,\"caption\":\"Encontra Belo Horizonte\"}},{\"@type\":\"WebPage\",\"@id\":\"https:\\\/\\\/www.encontrabelohorizonte.com.br\\\/sobre\\\/camara-de-bh-aprova-projeto-que-favorece-verticalizacao-do-centro-e-de-bairros-tradicionais\\\/#webpage\",\"url\":\"https:\\\/\\\/www.encontrabelohorizonte.com.br\\\/sobre\\\/camara-de-bh-aprova-projeto-que-favorece-verticalizacao-do-centro-e-de-bairros-tradicionais\\\/\",\"name\":\"C\\u00e2mara de BH aprova projeto que favorece verticaliza\\u00e7\\u00e3o do Centro e de bairros tradicionais | Encontra Belo Horizonte\",\"description\":\"Verticaliza\\u00e7\\u00e3o do Centro em Belo Horizonte promete transformar a cidade.\",\"inLanguage\":\"pt-BR\",\"isPartOf\":{\"@id\":\"https:\\\/\\\/www.encontrabelohorizonte.com.br\\\/sobre\\\/#website\"},\"breadcrumb\":{\"@id\":\"https:\\\/\\\/www.encontrabelohorizonte.com.br\\\/sobre\\\/camara-de-bh-aprova-projeto-que-favorece-verticalizacao-do-centro-e-de-bairros-tradicionais\\\/#breadcrumblist\"},\"author\":{\"@id\":\"https:\\\/\\\/www.encontrabelohorizonte.com.br\\\/sobre\\\/author\\\/ebelohorizonte\\\/#author\"},\"creator\":{\"@id\":\"https:\\\/\\\/www.encontrabelohorizonte.com.br\\\/sobre\\\/author\\\/ebelohorizonte\\\/#author\"},\"image\":{\"@type\":\"ImageObject\",\"url\":\"https:\\\/\\\/www.encontrabelohorizonte.com.br\\\/sobre\\\/wp-content\\\/uploads\\\/camara-de-bh-aprova-projeto-que-favorece-verticalizacao-do-centro-e-de-bairros-tradicionais.webp\",\"@id\":\"https:\\\/\\\/www.encontrabelohorizonte.com.br\\\/sobre\\\/camara-de-bh-aprova-projeto-que-favorece-verticalizacao-do-centro-e-de-bairros-tradicionais\\\/#mainImage\",\"width\":280,\"height\":280,\"caption\":\"verticaliza\\u00e7\\u00e3o do Centro de BH\"},\"primaryImageOfPage\":{\"@id\":\"https:\\\/\\\/www.encontrabelohorizonte.com.br\\\/sobre\\\/camara-de-bh-aprova-projeto-que-favorece-verticalizacao-do-centro-e-de-bairros-tradicionais\\\/#mainImage\"},\"datePublished\":\"2026-08-31T20:49:40-03:00\",\"dateModified\":\"2026-08-31T20:49:40-03:00\"},{\"@type\":\"WebSite\",\"@id\":\"https:\\\/\\\/www.encontrabelohorizonte.com.br\\\/sobre\\\/#website\",\"url\":\"https:\\\/\\\/www.encontrabelohorizonte.com.br\\\/sobre\\\/\",\"name\":\"Encontra Belo Horizonte\",\"description\":\"Not\\u00edcias, eventos, informa\\u00e7\\u00f5es e dicas da cidade de Belo Horizonte e regi\\u00e3o\",\"inLanguage\":\"pt-BR\",\"publisher\":{\"@id\":\"https:\\\/\\\/www.encontrabelohorizonte.com.br\\\/sobre\\\/#organization\"}}]}\n\t\t<\/script>\n\t\t<!-- All in One SEO -->\n\n","aioseo_head_json":{"title":"C\u00e2mara de BH aprova projeto que favorece verticaliza\u00e7\u00e3o do Centro e de bairros tradicionais | Encontra Belo Horizonte","description":"Verticaliza\u00e7\u00e3o do Centro em Belo Horizonte promete transformar a cidade.","canonical_url":"https:\/\/www.encontrabelohorizonte.com.br\/sobre\/camara-de-bh-aprova-projeto-que-favorece-verticalizacao-do-centro-e-de-bairros-tradicionais\/","robots":"max-image-preview:large","keywords":"","webmasterTools":{"miscellaneous":""},"schema":{"@context":"https:\/\/schema.org","@graph":[{"@type":"Article","@id":"https:\/\/www.encontrabelohorizonte.com.br\/sobre\/camara-de-bh-aprova-projeto-que-favorece-verticalizacao-do-centro-e-de-bairros-tradicionais\/#article","name":"C\u00e2mara de BH aprova projeto que favorece verticaliza\u00e7\u00e3o do Centro e de bairros tradicionais | Encontra Belo Horizonte","headline":"C\u00e2mara de BH aprova projeto que favorece verticaliza\u00e7\u00e3o do Centro e de bairros tradicionais","author":{"@id":"https:\/\/www.encontrabelohorizonte.com.br\/sobre\/author\/ebelohorizonte\/#author"},"publisher":{"@id":"https:\/\/www.encontrabelohorizonte.com.br\/sobre\/#organization"},"image":{"@type":"ImageObject","url":"https:\/\/www.encontrabelohorizonte.com.br\/sobre\/wp-content\/uploads\/camara-de-bh-aprova-projeto-que-favorece-verticalizacao-do-centro-e-de-bairros-tradicionais.webp","width":280,"height":280,"caption":"verticaliza\u00e7\u00e3o do Centro de BH"},"datePublished":"2026-08-31T20:49:40-03:00","dateModified":"2026-08-31T20:49:40-03:00","inLanguage":"pt-BR","mainEntityOfPage":{"@id":"https:\/\/www.encontrabelohorizonte.com.br\/sobre\/camara-de-bh-aprova-projeto-que-favorece-verticalizacao-do-centro-e-de-bairros-tradicionais\/#webpage"},"isPartOf":{"@id":"https:\/\/www.encontrabelohorizonte.com.br\/sobre\/camara-de-bh-aprova-projeto-que-favorece-verticalizacao-do-centro-e-de-bairros-tradicionais\/#webpage"},"articleSection":"Constru\u00e7\u00e3o Belo Horizonte"},{"@type":"BreadcrumbList","@id":"https:\/\/www.encontrabelohorizonte.com.br\/sobre\/camara-de-bh-aprova-projeto-que-favorece-verticalizacao-do-centro-e-de-bairros-tradicionais\/#breadcrumblist","itemListElement":[{"@type":"ListItem","@id":"https:\/\/www.encontrabelohorizonte.com.br\/sobre#listItem","position":1,"name":"In\u00edcio","item":"https:\/\/www.encontrabelohorizonte.com.br\/sobre","nextItem":{"@type":"ListItem","@id":"https:\/\/www.encontrabelohorizonte.com.br\/sobre\/construcao\/#listItem","name":"Constru\u00e7\u00e3o Belo Horizonte"}},{"@type":"ListItem","@id":"https:\/\/www.encontrabelohorizonte.com.br\/sobre\/construcao\/#listItem","position":2,"name":"Constru\u00e7\u00e3o Belo Horizonte","item":"https:\/\/www.encontrabelohorizonte.com.br\/sobre\/construcao\/","nextItem":{"@type":"ListItem","@id":"https:\/\/www.encontrabelohorizonte.com.br\/sobre\/camara-de-bh-aprova-projeto-que-favorece-verticalizacao-do-centro-e-de-bairros-tradicionais\/#listItem","name":"C\u00e2mara de BH aprova projeto que favorece verticaliza\u00e7\u00e3o do Centro e de bairros tradicionais"},"previousItem":{"@type":"ListItem","@id":"https:\/\/www.encontrabelohorizonte.com.br\/sobre#listItem","name":"In\u00edcio"}},{"@type":"ListItem","@id":"https:\/\/www.encontrabelohorizonte.com.br\/sobre\/camara-de-bh-aprova-projeto-que-favorece-verticalizacao-do-centro-e-de-bairros-tradicionais\/#listItem","position":3,"name":"C\u00e2mara de BH aprova projeto que favorece verticaliza\u00e7\u00e3o do Centro e de bairros tradicionais","previousItem":{"@type":"ListItem","@id":"https:\/\/www.encontrabelohorizonte.com.br\/sobre\/construcao\/#listItem","name":"Constru\u00e7\u00e3o Belo Horizonte"}}]},{"@type":"Organization","@id":"https:\/\/www.encontrabelohorizonte.com.br\/sobre\/#organization","name":"Encontra Belo Horizonte","description":"Not\u00edcias, eventos, informa\u00e7\u00f5es e dicas da cidade de Belo Horizonte e regi\u00e3o","url":"https:\/\/www.encontrabelohorizonte.com.br\/sobre\/"},{"@type":"Person","@id":"https:\/\/www.encontrabelohorizonte.com.br\/sobre\/author\/ebelohorizonte\/#author","url":"https:\/\/www.encontrabelohorizonte.com.br\/sobre\/author\/ebelohorizonte\/","name":"Encontra Belo Horizonte","image":{"@type":"ImageObject","@id":"https:\/\/www.encontrabelohorizonte.com.br\/sobre\/camara-de-bh-aprova-projeto-que-favorece-verticalizacao-do-centro-e-de-bairros-tradicionais\/#authorImage","url":"https:\/\/secure.gravatar.com\/avatar\/507340682b8270222e1f208e23198b6ae7e2c6a1033ae84e99bc6bce4f82a387?s=96&d=mm&r=g","width":96,"height":96,"caption":"Encontra Belo Horizonte"}},{"@type":"WebPage","@id":"https:\/\/www.encontrabelohorizonte.com.br\/sobre\/camara-de-bh-aprova-projeto-que-favorece-verticalizacao-do-centro-e-de-bairros-tradicionais\/#webpage","url":"https:\/\/www.encontrabelohorizonte.com.br\/sobre\/camara-de-bh-aprova-projeto-que-favorece-verticalizacao-do-centro-e-de-bairros-tradicionais\/","name":"C\u00e2mara de BH aprova projeto que favorece verticaliza\u00e7\u00e3o do Centro e de bairros tradicionais | Encontra Belo Horizonte","description":"Verticaliza\u00e7\u00e3o do Centro em Belo Horizonte promete transformar a cidade.","inLanguage":"pt-BR","isPartOf":{"@id":"https:\/\/www.encontrabelohorizonte.com.br\/sobre\/#website"},"breadcrumb":{"@id":"https:\/\/www.encontrabelohorizonte.com.br\/sobre\/camara-de-bh-aprova-projeto-que-favorece-verticalizacao-do-centro-e-de-bairros-tradicionais\/#breadcrumblist"},"author":{"@id":"https:\/\/www.encontrabelohorizonte.com.br\/sobre\/author\/ebelohorizonte\/#author"},"creator":{"@id":"https:\/\/www.encontrabelohorizonte.com.br\/sobre\/author\/ebelohorizonte\/#author"},"image":{"@type":"ImageObject","url":"https:\/\/www.encontrabelohorizonte.com.br\/sobre\/wp-content\/uploads\/camara-de-bh-aprova-projeto-que-favorece-verticalizacao-do-centro-e-de-bairros-tradicionais.webp","@id":"https:\/\/www.encontrabelohorizonte.com.br\/sobre\/camara-de-bh-aprova-projeto-que-favorece-verticalizacao-do-centro-e-de-bairros-tradicionais\/#mainImage","width":280,"height":280,"caption":"verticaliza\u00e7\u00e3o do Centro de BH"},"primaryImageOfPage":{"@id":"https:\/\/www.encontrabelohorizonte.com.br\/sobre\/camara-de-bh-aprova-projeto-que-favorece-verticalizacao-do-centro-e-de-bairros-tradicionais\/#mainImage"},"datePublished":"2026-08-31T20:49:40-03:00","dateModified":"2026-08-31T20:49:40-03:00"},{"@type":"WebSite","@id":"https:\/\/www.encontrabelohorizonte.com.br\/sobre\/#website","url":"https:\/\/www.encontrabelohorizonte.com.br\/sobre\/","name":"Encontra Belo Horizonte","description":"Not\u00edcias, eventos, informa\u00e7\u00f5es e dicas da cidade de Belo Horizonte e regi\u00e3o","inLanguage":"pt-BR","publisher":{"@id":"https:\/\/www.encontrabelohorizonte.com.br\/sobre\/#organization"}}]},"og:locale":"pt_BR","og:site_name":"Encontra Belo Horizonte | Not\u00edcias, eventos, informa\u00e7\u00f5es e dicas da cidade de Belo Horizonte e regi\u00e3o","og:type":"article","og:title":"C\u00e2mara de BH aprova projeto que favorece verticaliza\u00e7\u00e3o do Centro e de bairros tradicionais | Encontra Belo Horizonte","og:description":"Verticaliza\u00e7\u00e3o do Centro em Belo Horizonte promete transformar a cidade.","og:url":"https:\/\/www.encontrabelohorizonte.com.br\/sobre\/camara-de-bh-aprova-projeto-que-favorece-verticalizacao-do-centro-e-de-bairros-tradicionais\/","article:published_time":"2026-08-31T23:49:40+00:00","article:modified_time":"2026-08-31T23:49:40+00:00","twitter:card":"summary","twitter:title":"C\u00e2mara de BH aprova projeto que favorece verticaliza\u00e7\u00e3o do Centro e de bairros tradicionais | Encontra Belo Horizonte","twitter:description":"Verticaliza\u00e7\u00e3o do Centro em Belo Horizonte promete transformar a cidade."},"aioseo_meta_data":{"post_id":"4773","title":null,"description":null,"keywords":null,"keyphrases":null,"primary_term":null,"canonical_url":null,"og_title":null,"og_description":null,"og_object_type":"default","og_image_type":"default","og_image_url":null,"og_image_width":null,"og_image_height":null,"og_image_custom_url":null,"og_image_custom_fields":null,"og_video":null,"og_custom_url":null,"og_article_section":null,"og_article_tags":null,"twitter_use_og":false,"twitter_card":"default","twitter_image_type":"default","twitter_image_url":null,"twitter_image_custom_url":null,"twitter_image_custom_fields":null,"twitter_title":null,"twitter_description":null,"schema":{"blockGraphs":[],"customGraphs":[],"default":{"data":{"Article":[],"Course":[],"Dataset":[],"FAQPage":[],"Movie":[],"Person":[],"Product":[],"ProductReview":[],"Car":[],"Recipe":[],"Service":[],"SoftwareApplication":[],"WebPage":[]},"graphName":"Article","isEnabled":true},"graphs":[]},"schema_type":"default","schema_type_options":null,"pillar_content":false,"robots_default":true,"robots_noindex":false,"robots_noarchive":false,"robots_nosnippet":false,"robots_nofollow":false,"robots_noimageindex":false,"robots_noodp":false,"robots_notranslate":false,"robots_max_snippet":null,"robots_max_videopreview":null,"robots_max_imagepreview":"large","priority":null,"frequency":null,"local_seo":null,"breadcrumb_settings":null,"limit_modified_date":false,"ai":null,"created":"2026-08-31 23:49:40","updated":"2026-09-01 00:31:36","focus_keyword":null,"additional_keywords":null,"truseo_locale":null,"seo_analyzer_scan_date":null},"aioseo_breadcrumb":"<div class=\"aioseo-breadcrumbs\"><span class=\"aioseo-breadcrumb\">\n\t\t\t<a href=\"https:\/\/www.encontrabelohorizonte.com.br\/sobre\" title=\"In\u00edcio\">In\u00edcio<\/a>\n\t\t<\/span><span class=\"aioseo-breadcrumb-separator\">&raquo;<\/span><span class=\"aioseo-breadcrumb\">\n\t\t\t<a href=\"https:\/\/www.encontrabelohorizonte.com.br\/sobre\/construcao\/\" title=\"Constru\u00e7\u00e3o Belo Horizonte\">Constru\u00e7\u00e3o Belo Horizonte<\/a>\n\t\t<\/span><span class=\"aioseo-breadcrumb-separator\">&raquo;<\/span><span class=\"aioseo-breadcrumb\">\n\t\t\tC\u00e2mara de BH aprova projeto que favorece verticaliza\u00e7\u00e3o do Centro e de bairros tradicionais\n\t\t<\/span><\/div>","aioseo_breadcrumb_json":[{"label":"In\u00edcio","link":"https:\/\/www.encontrabelohorizonte.com.br\/sobre"},{"label":"Constru\u00e7\u00e3o Belo Horizonte","link":"https:\/\/www.encontrabelohorizonte.com.br\/sobre\/construcao\/"},{"label":"C\u00e2mara de BH aprova projeto que favorece verticaliza\u00e7\u00e3o do Centro e de bairros tradicionais","link":"https:\/\/www.encontrabelohorizonte.com.br\/sobre\/camara-de-bh-aprova-projeto-que-favorece-verticalizacao-do-centro-e-de-bairros-tradicionais\/"}],"_links":{"self":[{"href":"https:\/\/www.encontrabelohorizonte.com.br\/sobre\/wp-json\/wp\/v2\/posts\/4773","targetHints":{"allow":["GET"]}}],"collection":[{"href":"https:\/\/www.encontrabelohorizonte.com.br\/sobre\/wp-json\/wp\/v2\/posts"}],"about":[{"href":"https:\/\/www.encontrabelohorizonte.com.br\/sobre\/wp-json\/wp\/v2\/types\/post"}],"author":[{"embeddable":true,"href":"https:\/\/www.encontrabelohorizonte.com.br\/sobre\/wp-json\/wp\/v2\/users\/1"}],"replies":[{"embeddable":true,"href":"https:\/\/www.encontrabelohorizonte.com.br\/sobre\/wp-json\/wp\/v2\/comments?post=4773"}],"version-history":[{"count":0,"href":"https:\/\/www.encontrabelohorizonte.com.br\/sobre\/wp-json\/wp\/v2\/posts\/4773\/revisions"}],"wp:featuredmedia":[{"embeddable":true,"href":"https:\/\/www.encontrabelohorizonte.com.br\/sobre\/wp-json\/wp\/v2\/media\/4772"}],"wp:attachment":[{"href":"https:\/\/www.encontrabelohorizonte.com.br\/sobre\/wp-json\/wp\/v2\/media?parent=4773"}],"wp:term":[{"taxonomy":"category","embeddable":true,"href":"https:\/\/www.encontrabelohorizonte.com.br\/sobre\/wp-json\/wp\/v2\/categories?post=4773"},{"taxonomy":"post_tag","embeddable":true,"href":"https:\/\/www.encontrabelohorizonte.com.br\/sobre\/wp-json\/wp\/v2\/tags?post=4773"}],"curies":[{"name":"wp","href":"https:\/\/api.w.org\/{rel}","templated":true}]}}