{"id":4777,"date":"2026-09-01T05:47:47","date_gmt":"2026-09-01T08:47:47","guid":{"rendered":"https:\/\/www.encontrabelohorizonte.com.br\/sobre\/ao-vivo-lula-participa-de-ato-de-campanha-em-bh\/"},"modified":"2026-09-01T05:47:47","modified_gmt":"2026-09-01T08:47:47","slug":"ao-vivo-lula-participa-de-ato-de-campanha-em-bh","status":"publish","type":"post","link":"https:\/\/www.encontrabelohorizonte.com.br\/sobre\/ao-vivo-lula-participa-de-ato-de-campanha-em-bh\/","title":{"rendered":"Ao vivo: Lula participa de ato de campanha em BH"},"content":{"rendered":"<div class=\"2e083cf0b19e2c11948dc6ac054ba979\" data-index=\"1\" style=\"float: none; margin:0px;\">\n<!-- Anuncio display - global -->\r\n<ins class=\"adsbygoogle\"\r\n     style=\"display:block\"\r\n     data-ad-client=\"ca-pub-8585364105181520\"\r\n     data-ad-slot=\"8789329856\"\r\n     data-ad-format=\"auto\"\r\n     data-full-width-responsive=\"true\"><\/ins>\r\n<script>\r\n     (adsbygoogle = window.adsbygoogle || []).push({});\r\n<\/script>\n<\/div>\n<h2>A Import\u00e2ncia da Presen\u00e7a de Lula em Campanhas<\/h2>\n<p>O envolvimento de Luiz In\u00e1cio Lula da Silva em eventos de campanha \u00e9 um fator essencial para mobilizar e energizar a base de apoio do Partido dos Trabalhadores (PT). Sua figura carism\u00e1tica e experi\u00eancia pol\u00edtica servem como um ponto de uni\u00e3o entre os eleitores, especialmente em momentos cruciais como as elei\u00e7\u00f5es. Sua presen\u00e7a possa conectar os apoiadores a um senso de prop\u00f3sito e hist\u00f3ria, fazendo com que os eleitores se sintam motivados a participar ativamente no processo eleitoral.<\/p>\n<h2>O Que Esperar do Encontro Nacional Mulheres com Lula<\/h2>\n<p>O &#8220;Encontro Nacional Mulheres com Lula&#8221; \u00e9 um evento focado na promo\u00e7\u00e3o de temas relevantes para as mulheres na pol\u00edtica e na sociedade. Durante este evento, espera-se uma s\u00e9rie de discuss\u00f5es sobre pol\u00edticas p\u00fablicas voltadas para este p\u00fablico e a representa\u00e7\u00e3o feminina em cargos de lideran\u00e7a. Al\u00e9m disso, Lula provavelmente aproveitar\u00e1 a oportunidade para apresentar propostas que visem minimizar as desigualdades de g\u00eanero, refor\u00e7ando um compromisso que atrai uma base de eleitores fundamentais para sua campanha.<\/p>\n<h2>A Participa\u00e7\u00e3o de Janja e Suas Implica\u00e7\u00f5es<\/h2>\n<p>A presen\u00e7a da primeira-dama, Janja, no evento \u00e9 significativa, pois traz uma dimens\u00e3o pessoal e acess\u00edvel \u00e0 plataforma de Lula. Em um cen\u00e1rio onde a imagem e a conex\u00e3o emocional desempenham pap\u00e9is cruciais, Janja pode ajudar a humanizar a candidatura de Lula e apelar para quest\u00f5es sociais e familiares que ressoam com muitos eleitores. Al\u00e9m disso, sua participa\u00e7\u00e3o evidenciar\u00e1 o compromisso da campanha em visibilizar e dialogar sobre as quest\u00f5es que afetam diretamente as mulheres.<\/p>\n<p><img decoding=\"async\" src=\"https:\/\/www.encontrabelohorizonte.com.br\/sobre\/wp-content\/uploads\/ao-vivo-lula-participa-de-ato-de-campanha-em-bh.webp\" alt=\"Lula participa de ato de campanha em BH\" loading=\"lazy\" \/><\/p>\n<h2>A Relev\u00e2ncia de Belo Horizonte na Pol\u00edtica Atual<\/h2>\n<p>Belo Horizonte, como capital de Minas Gerais, desempenha um papel estrat\u00e9gico nas elei\u00e7\u00f5es brasileiras. A cidade \u00e9 um dos centros urbanos mais importantes do pa\u00eds, com uma significativa diversidade de eleitores. O apoio que Lula busca consolidar aqui poder\u00e1 ser decisivo para sua reelei\u00e7\u00e3o, dado que Minas \u00e9 um estado com uma popula\u00e7\u00e3o numerosa e influente. Consequentemente, o ato em Belo Horizonte poder\u00e1 mobilizar n\u00e3o apenas os eleitores locais, mas tamb\u00e9m influenciar a din\u00e2mica pol\u00edtica em n\u00edveis nacional e regional.<\/p>\n<h2>Ato de Campanha: O Que Isso Significa para Eleitores?<\/h2>\n<p>Para os eleitores, o ato de campanha n\u00e3o \u00e9 apenas um evento social; \u00e9 um sinal de comprometimento e a express\u00e3o das inten\u00e7\u00f5es do candidato. Campanhas que envolvem encontros como o de Lula atraem aten\u00e7\u00e3o da m\u00eddia e t\u00eam o potencial de fortalecer a imagem p\u00fablica do candidato. \u00c9 uma chance para os eleitores ouvirem diretamente suas propostas e vis\u00f5es, al\u00e9m de terem a oportunidade de interagir com outros apoiadores e cri\u00e1-los uma rede de conex\u00f5es pol\u00edticas.<\/p>\n<h2>Desdobramentos de A\u00e7\u00f5es Focadas em Mulheres na Pol\u00edtica<\/h2>\n<p>As a\u00e7\u00f5es voltadas para a participa\u00e7\u00e3o feminina na pol\u00edtica s\u00e3o vitais para garantir uma representa\u00e7\u00e3o igualit\u00e1ria. Eventos como o Encontro Nacional Mulheres com Lula n\u00e3o apenas destacam quest\u00f5es femininas, mas tamb\u00e9m almejam incentivar mais mulheres a se envolverem na pol\u00edtica. Isso pode gerar um efeito cascata, resultando em mais candidaturas femininas e uma maior presen\u00e7a de mulheres em posi\u00e7\u00f5es de decis\u00e3o, o que \u00e9 fundamental para uma democracia saud\u00e1vel e representativa.<\/p>\n<h2>Quem S\u00e3o os Participantes Importantes do Evento?<\/h2>\n<p>No evento, al\u00e9m de Lula e Janja, figuras como Patrus Ananias, candidato a governador de Minas Gerais, e Mar\u00edlia Campos, candidata ao Senado, estar\u00e3o presentes. A participa\u00e7\u00e3o de l\u00edderes pol\u00edticos locais \u00e9 crucial, pois fortalece a mensagem de uni\u00e3o e apoio m\u00fatuo entre os candidatos do PT. Al\u00e9m disso, a presen\u00e7a de \u00c1urea Carolina, candidata do PSOL ao Senado, demonstra a inten\u00e7\u00e3o de construir alian\u00e7as e um di\u00e1logo aberto entre diferentes segmentos da esquerda.<\/p>\n<h2>Como Este Ato Pode Impactar as Elei\u00e7\u00f5es de 2026?<\/h2>\n<p>O impacto desse ato pode ser significativo nas elei\u00e7\u00f5es de 2026. A mobiliza\u00e7\u00e3o de eleitores em torno de quest\u00f5es sociais e de g\u00eanero pode levar a uma maior conscientiza\u00e7\u00e3o pol\u00edtica e a um engajamento mais profundo. Com uma estrat\u00e9gia focada em ouvir e atender as necessidades das mulheres, Lula pode ampliar sua base de apoio, especialmente em um cen\u00e1rio onde a equidade de g\u00eanero continua sendo uma quest\u00e3o vital. As a\u00e7\u00f5es e promessas feitas neste contexto ter\u00e3o um papel central na constru\u00e7\u00e3o da narrativa eleitoral para os pr\u00f3ximos meses.<\/p>\n<h2>Expectativas do P\u00fablico para o Discurso de Lula<\/h2>\n<p>O p\u00fablico espera que o discurso de Lula seja inspirador e reforce sua agenda de inclus\u00e3o e justi\u00e7a social. \u00c9 prov\u00e1vel que ele aborde temas como a import\u00e2ncia da representa\u00e7\u00e3o feminina na pol\u00edtica, as pol\u00edticas sociais que favorecem as mulheres e as a\u00e7\u00f5es necess\u00e1rias para enfrentar a desigualdade. A emo\u00e7\u00e3o e a autenticidade s\u00e3o aspectos que os eleitores valorizam, e espera-se que Lula consiga comunicar isso efetivamente durante o evento.<\/p>\n<h2>A Mobiliza\u00e7\u00e3o Pol\u00edtica das Mulheres no PT<\/h2>\n<p>O Partido dos Trabalhadores tem se esfor\u00e7ado para mobilizar mulheres e garantir que suas vozes sejam ouvidas. Atrav\u00e9s de eventos como o Encontro Nacional Mulheres com Lula, o partido busca incentivar a participa\u00e7\u00e3o ativa das mulheres na pol\u00edtica, oferecendo um espa\u00e7o para di\u00e1logo e a constru\u00e7\u00e3o de propostas coletivas. Essa mobiliza\u00e7\u00e3o \u00e9 crucial para fortalecer a base de apoiadoras, aumentando assim a diversidade e a representatividade no cen\u00e1rio pol\u00edtico.<\/p>\n\n<div style=\"font-size: 0px; height: 0px; line-height: 0px; margin: 0; padding: 0; clear: both;\"><\/div>","protected":false},"excerpt":{"rendered":"<p>Ao vivo, Lula compartilhar\u00e1 seus planos de campanha em BH, junto de Janja, focando nas mulheres.<\/p>\n","protected":false},"author":1,"featured_media":4776,"comment_status":"closed","ping_status":"closed","sticky":false,"template":"","format":"standard","meta":{"footnotes":""},"categories":[6],"tags":[],"class_list":["post-4777","post","type-post","status-publish","format-standard","has-post-thumbnail","hentry","category-noticias","has_thumb"],"aioseo_notices":[],"aioseo_head":"\n\t\t<!-- All in One SEO 5.0.0.1 - aioseo.com -->\n\t<meta name=\"description\" content=\"Ao vivo, Lula compartilhar\u00e1 seus planos de campanha em BH, junto de Janja, focando nas mulheres.\" \/>\n\t<meta name=\"robots\" content=\"max-image-preview:large\" \/>\n\t<meta name=\"author\" content=\"Encontra Belo Horizonte\"\/>\n\t<link rel=\"canonical\" href=\"https:\/\/www.encontrabelohorizonte.com.br\/sobre\/ao-vivo-lula-participa-de-ato-de-campanha-em-bh\/\" \/>\n\t<meta name=\"generator\" content=\"All in One SEO (AIOSEO) 5.0.0.1\" \/>\n\t\t<meta property=\"og:locale\" content=\"pt_BR\" \/>\n\t\t<meta property=\"og:site_name\" content=\"Encontra Belo Horizonte | Not\u00edcias, eventos, informa\u00e7\u00f5es e dicas da cidade de Belo Horizonte e regi\u00e3o\" \/>\n\t\t<meta property=\"og:type\" content=\"article\" \/>\n\t\t<meta property=\"og:title\" content=\"Ao vivo: Lula participa de ato de campanha em BH | Encontra Belo Horizonte\" \/>\n\t\t<meta property=\"og:description\" content=\"Ao vivo, Lula compartilhar\u00e1 seus planos de campanha em BH, junto de Janja, focando nas mulheres.\" \/>\n\t\t<meta property=\"og:url\" content=\"https:\/\/www.encontrabelohorizonte.com.br\/sobre\/ao-vivo-lula-participa-de-ato-de-campanha-em-bh\/\" \/>\n\t\t<meta property=\"article:published_time\" content=\"2026-09-01T08:47:47+00:00\" \/>\n\t\t<meta property=\"article:modified_time\" content=\"2026-09-01T08:47:47+00:00\" \/>\n\t\t<meta name=\"twitter:card\" content=\"summary\" \/>\n\t\t<meta name=\"twitter:title\" content=\"Ao vivo: Lula participa de ato de campanha em BH | Encontra Belo Horizonte\" \/>\n\t\t<meta name=\"twitter:description\" content=\"Ao vivo, Lula compartilhar\u00e1 seus planos de campanha em BH, junto de Janja, focando nas mulheres.\" \/>\n\t\t<script type=\"application\/ld+json\" class=\"aioseo-schema\">\n\t\t\t{\"@context\":\"https:\\\/\\\/schema.org\",\"@graph\":[{\"@type\":\"Article\",\"@id\":\"https:\\\/\\\/www.encontrabelohorizonte.com.br\\\/sobre\\\/ao-vivo-lula-participa-de-ato-de-campanha-em-bh\\\/#article\",\"name\":\"Ao vivo: Lula participa de ato de campanha em BH | Encontra Belo Horizonte\",\"headline\":\"Ao vivo: Lula participa de ato de campanha em BH\",\"author\":{\"@id\":\"https:\\\/\\\/www.encontrabelohorizonte.com.br\\\/sobre\\\/author\\\/ebelohorizonte\\\/#author\"},\"publisher\":{\"@id\":\"https:\\\/\\\/www.encontrabelohorizonte.com.br\\\/sobre\\\/#organization\"},\"image\":{\"@type\":\"ImageObject\",\"url\":\"https:\\\/\\\/www.encontrabelohorizonte.com.br\\\/sobre\\\/wp-content\\\/uploads\\\/ao-vivo-lula-participa-de-ato-de-campanha-em-bh.webp\",\"width\":280,\"height\":280,\"caption\":\"Lula participa de ato de campanha em BH\"},\"datePublished\":\"2026-09-01T05:47:47-03:00\",\"dateModified\":\"2026-09-01T05:47:47-03:00\",\"inLanguage\":\"pt-BR\",\"mainEntityOfPage\":{\"@id\":\"https:\\\/\\\/www.encontrabelohorizonte.com.br\\\/sobre\\\/ao-vivo-lula-participa-de-ato-de-campanha-em-bh\\\/#webpage\"},\"isPartOf\":{\"@id\":\"https:\\\/\\\/www.encontrabelohorizonte.com.br\\\/sobre\\\/ao-vivo-lula-participa-de-ato-de-campanha-em-bh\\\/#webpage\"},\"articleSection\":\"Not\\u00edcias Belo Horizonte\"},{\"@type\":\"BreadcrumbList\",\"@id\":\"https:\\\/\\\/www.encontrabelohorizonte.com.br\\\/sobre\\\/ao-vivo-lula-participa-de-ato-de-campanha-em-bh\\\/#breadcrumblist\",\"itemListElement\":[{\"@type\":\"ListItem\",\"@id\":\"https:\\\/\\\/www.encontrabelohorizonte.com.br\\\/sobre#listItem\",\"position\":1,\"name\":\"In\\u00edcio\",\"item\":\"https:\\\/\\\/www.encontrabelohorizonte.com.br\\\/sobre\",\"nextItem\":{\"@type\":\"ListItem\",\"@id\":\"https:\\\/\\\/www.encontrabelohorizonte.com.br\\\/sobre\\\/noticias\\\/#listItem\",\"name\":\"Not\\u00edcias Belo Horizonte\"}},{\"@type\":\"ListItem\",\"@id\":\"https:\\\/\\\/www.encontrabelohorizonte.com.br\\\/sobre\\\/noticias\\\/#listItem\",\"position\":2,\"name\":\"Not\\u00edcias Belo Horizonte\",\"item\":\"https:\\\/\\\/www.encontrabelohorizonte.com.br\\\/sobre\\\/noticias\\\/\",\"nextItem\":{\"@type\":\"ListItem\",\"@id\":\"https:\\\/\\\/www.encontrabelohorizonte.com.br\\\/sobre\\\/ao-vivo-lula-participa-de-ato-de-campanha-em-bh\\\/#listItem\",\"name\":\"Ao vivo: Lula participa de ato de campanha em BH\"},\"previousItem\":{\"@type\":\"ListItem\",\"@id\":\"https:\\\/\\\/www.encontrabelohorizonte.com.br\\\/sobre#listItem\",\"name\":\"In\\u00edcio\"}},{\"@type\":\"ListItem\",\"@id\":\"https:\\\/\\\/www.encontrabelohorizonte.com.br\\\/sobre\\\/ao-vivo-lula-participa-de-ato-de-campanha-em-bh\\\/#listItem\",\"position\":3,\"name\":\"Ao vivo: Lula participa de ato de campanha em BH\",\"previousItem\":{\"@type\":\"ListItem\",\"@id\":\"https:\\\/\\\/www.encontrabelohorizonte.com.br\\\/sobre\\\/noticias\\\/#listItem\",\"name\":\"Not\\u00edcias Belo Horizonte\"}}]},{\"@type\":\"Organization\",\"@id\":\"https:\\\/\\\/www.encontrabelohorizonte.com.br\\\/sobre\\\/#organization\",\"name\":\"Encontra Belo Horizonte\",\"description\":\"Not\\u00edcias, eventos, informa\\u00e7\\u00f5es e dicas da cidade de Belo Horizonte e regi\\u00e3o\",\"url\":\"https:\\\/\\\/www.encontrabelohorizonte.com.br\\\/sobre\\\/\"},{\"@type\":\"Person\",\"@id\":\"https:\\\/\\\/www.encontrabelohorizonte.com.br\\\/sobre\\\/author\\\/ebelohorizonte\\\/#author\",\"url\":\"https:\\\/\\\/www.encontrabelohorizonte.com.br\\\/sobre\\\/author\\\/ebelohorizonte\\\/\",\"name\":\"Encontra Belo Horizonte\",\"image\":{\"@type\":\"ImageObject\",\"@id\":\"https:\\\/\\\/www.encontrabelohorizonte.com.br\\\/sobre\\\/ao-vivo-lula-participa-de-ato-de-campanha-em-bh\\\/#authorImage\",\"url\":\"https:\\\/\\\/secure.gravatar.com\\\/avatar\\\/507340682b8270222e1f208e23198b6ae7e2c6a1033ae84e99bc6bce4f82a387?s=96&d=mm&r=g\",\"width\":96,\"height\":96,\"caption\":\"Encontra Belo Horizonte\"}},{\"@type\":\"WebPage\",\"@id\":\"https:\\\/\\\/www.encontrabelohorizonte.com.br\\\/sobre\\\/ao-vivo-lula-participa-de-ato-de-campanha-em-bh\\\/#webpage\",\"url\":\"https:\\\/\\\/www.encontrabelohorizonte.com.br\\\/sobre\\\/ao-vivo-lula-participa-de-ato-de-campanha-em-bh\\\/\",\"name\":\"Ao vivo: Lula participa de ato de campanha em BH | Encontra Belo Horizonte\",\"description\":\"Ao vivo, Lula compartilhar\\u00e1 seus planos de campanha em BH, junto de Janja, focando nas mulheres.\",\"inLanguage\":\"pt-BR\",\"isPartOf\":{\"@id\":\"https:\\\/\\\/www.encontrabelohorizonte.com.br\\\/sobre\\\/#website\"},\"breadcrumb\":{\"@id\":\"https:\\\/\\\/www.encontrabelohorizonte.com.br\\\/sobre\\\/ao-vivo-lula-participa-de-ato-de-campanha-em-bh\\\/#breadcrumblist\"},\"author\":{\"@id\":\"https:\\\/\\\/www.encontrabelohorizonte.com.br\\\/sobre\\\/author\\\/ebelohorizonte\\\/#author\"},\"creator\":{\"@id\":\"https:\\\/\\\/www.encontrabelohorizonte.com.br\\\/sobre\\\/author\\\/ebelohorizonte\\\/#author\"},\"image\":{\"@type\":\"ImageObject\",\"url\":\"https:\\\/\\\/www.encontrabelohorizonte.com.br\\\/sobre\\\/wp-content\\\/uploads\\\/ao-vivo-lula-participa-de-ato-de-campanha-em-bh.webp\",\"@id\":\"https:\\\/\\\/www.encontrabelohorizonte.com.br\\\/sobre\\\/ao-vivo-lula-participa-de-ato-de-campanha-em-bh\\\/#mainImage\",\"width\":280,\"height\":280,\"caption\":\"Lula participa de ato de campanha em BH\"},\"primaryImageOfPage\":{\"@id\":\"https:\\\/\\\/www.encontrabelohorizonte.com.br\\\/sobre\\\/ao-vivo-lula-participa-de-ato-de-campanha-em-bh\\\/#mainImage\"},\"datePublished\":\"2026-09-01T05:47:47-03:00\",\"dateModified\":\"2026-09-01T05:47:47-03:00\"},{\"@type\":\"WebSite\",\"@id\":\"https:\\\/\\\/www.encontrabelohorizonte.com.br\\\/sobre\\\/#website\",\"url\":\"https:\\\/\\\/www.encontrabelohorizonte.com.br\\\/sobre\\\/\",\"name\":\"Encontra Belo Horizonte\",\"description\":\"Not\\u00edcias, eventos, informa\\u00e7\\u00f5es e dicas da cidade de Belo Horizonte e regi\\u00e3o\",\"inLanguage\":\"pt-BR\",\"publisher\":{\"@id\":\"https:\\\/\\\/www.encontrabelohorizonte.com.br\\\/sobre\\\/#organization\"}}]}\n\t\t<\/script>\n\t\t<!-- All in One SEO -->\n\n","aioseo_head_json":{"title":"Ao vivo: Lula participa de ato de campanha em BH | Encontra Belo Horizonte","description":"Ao vivo, Lula compartilhar\u00e1 seus planos de campanha em BH, junto de Janja, focando nas mulheres.","canonical_url":"https:\/\/www.encontrabelohorizonte.com.br\/sobre\/ao-vivo-lula-participa-de-ato-de-campanha-em-bh\/","robots":"max-image-preview:large","keywords":"","webmasterTools":{"miscellaneous":""},"schema":{"@context":"https:\/\/schema.org","@graph":[{"@type":"Article","@id":"https:\/\/www.encontrabelohorizonte.com.br\/sobre\/ao-vivo-lula-participa-de-ato-de-campanha-em-bh\/#article","name":"Ao vivo: Lula participa de ato de campanha em BH | Encontra Belo Horizonte","headline":"Ao vivo: Lula participa de ato de campanha em BH","author":{"@id":"https:\/\/www.encontrabelohorizonte.com.br\/sobre\/author\/ebelohorizonte\/#author"},"publisher":{"@id":"https:\/\/www.encontrabelohorizonte.com.br\/sobre\/#organization"},"image":{"@type":"ImageObject","url":"https:\/\/www.encontrabelohorizonte.com.br\/sobre\/wp-content\/uploads\/ao-vivo-lula-participa-de-ato-de-campanha-em-bh.webp","width":280,"height":280,"caption":"Lula participa de ato de campanha em BH"},"datePublished":"2026-09-01T05:47:47-03:00","dateModified":"2026-09-01T05:47:47-03:00","inLanguage":"pt-BR","mainEntityOfPage":{"@id":"https:\/\/www.encontrabelohorizonte.com.br\/sobre\/ao-vivo-lula-participa-de-ato-de-campanha-em-bh\/#webpage"},"isPartOf":{"@id":"https:\/\/www.encontrabelohorizonte.com.br\/sobre\/ao-vivo-lula-participa-de-ato-de-campanha-em-bh\/#webpage"},"articleSection":"Not\u00edcias Belo Horizonte"},{"@type":"BreadcrumbList","@id":"https:\/\/www.encontrabelohorizonte.com.br\/sobre\/ao-vivo-lula-participa-de-ato-de-campanha-em-bh\/#breadcrumblist","itemListElement":[{"@type":"ListItem","@id":"https:\/\/www.encontrabelohorizonte.com.br\/sobre#listItem","position":1,"name":"In\u00edcio","item":"https:\/\/www.encontrabelohorizonte.com.br\/sobre","nextItem":{"@type":"ListItem","@id":"https:\/\/www.encontrabelohorizonte.com.br\/sobre\/noticias\/#listItem","name":"Not\u00edcias Belo Horizonte"}},{"@type":"ListItem","@id":"https:\/\/www.encontrabelohorizonte.com.br\/sobre\/noticias\/#listItem","position":2,"name":"Not\u00edcias Belo Horizonte","item":"https:\/\/www.encontrabelohorizonte.com.br\/sobre\/noticias\/","nextItem":{"@type":"ListItem","@id":"https:\/\/www.encontrabelohorizonte.com.br\/sobre\/ao-vivo-lula-participa-de-ato-de-campanha-em-bh\/#listItem","name":"Ao vivo: Lula participa de ato de campanha em BH"},"previousItem":{"@type":"ListItem","@id":"https:\/\/www.encontrabelohorizonte.com.br\/sobre#listItem","name":"In\u00edcio"}},{"@type":"ListItem","@id":"https:\/\/www.encontrabelohorizonte.com.br\/sobre\/ao-vivo-lula-participa-de-ato-de-campanha-em-bh\/#listItem","position":3,"name":"Ao vivo: Lula participa de ato de campanha em BH","previousItem":{"@type":"ListItem","@id":"https:\/\/www.encontrabelohorizonte.com.br\/sobre\/noticias\/#listItem","name":"Not\u00edcias Belo Horizonte"}}]},{"@type":"Organization","@id":"https:\/\/www.encontrabelohorizonte.com.br\/sobre\/#organization","name":"Encontra Belo Horizonte","description":"Not\u00edcias, eventos, informa\u00e7\u00f5es e dicas da cidade de Belo Horizonte e regi\u00e3o","url":"https:\/\/www.encontrabelohorizonte.com.br\/sobre\/"},{"@type":"Person","@id":"https:\/\/www.encontrabelohorizonte.com.br\/sobre\/author\/ebelohorizonte\/#author","url":"https:\/\/www.encontrabelohorizonte.com.br\/sobre\/author\/ebelohorizonte\/","name":"Encontra Belo Horizonte","image":{"@type":"ImageObject","@id":"https:\/\/www.encontrabelohorizonte.com.br\/sobre\/ao-vivo-lula-participa-de-ato-de-campanha-em-bh\/#authorImage","url":"https:\/\/secure.gravatar.com\/avatar\/507340682b8270222e1f208e23198b6ae7e2c6a1033ae84e99bc6bce4f82a387?s=96&d=mm&r=g","width":96,"height":96,"caption":"Encontra Belo Horizonte"}},{"@type":"WebPage","@id":"https:\/\/www.encontrabelohorizonte.com.br\/sobre\/ao-vivo-lula-participa-de-ato-de-campanha-em-bh\/#webpage","url":"https:\/\/www.encontrabelohorizonte.com.br\/sobre\/ao-vivo-lula-participa-de-ato-de-campanha-em-bh\/","name":"Ao vivo: Lula participa de ato de campanha em BH | Encontra Belo Horizonte","description":"Ao vivo, Lula compartilhar\u00e1 seus planos de campanha em BH, junto de Janja, focando nas mulheres.","inLanguage":"pt-BR","isPartOf":{"@id":"https:\/\/www.encontrabelohorizonte.com.br\/sobre\/#website"},"breadcrumb":{"@id":"https:\/\/www.encontrabelohorizonte.com.br\/sobre\/ao-vivo-lula-participa-de-ato-de-campanha-em-bh\/#breadcrumblist"},"author":{"@id":"https:\/\/www.encontrabelohorizonte.com.br\/sobre\/author\/ebelohorizonte\/#author"},"creator":{"@id":"https:\/\/www.encontrabelohorizonte.com.br\/sobre\/author\/ebelohorizonte\/#author"},"image":{"@type":"ImageObject","url":"https:\/\/www.encontrabelohorizonte.com.br\/sobre\/wp-content\/uploads\/ao-vivo-lula-participa-de-ato-de-campanha-em-bh.webp","@id":"https:\/\/www.encontrabelohorizonte.com.br\/sobre\/ao-vivo-lula-participa-de-ato-de-campanha-em-bh\/#mainImage","width":280,"height":280,"caption":"Lula participa de ato de campanha em BH"},"primaryImageOfPage":{"@id":"https:\/\/www.encontrabelohorizonte.com.br\/sobre\/ao-vivo-lula-participa-de-ato-de-campanha-em-bh\/#mainImage"},"datePublished":"2026-09-01T05:47:47-03:00","dateModified":"2026-09-01T05:47:47-03:00"},{"@type":"WebSite","@id":"https:\/\/www.encontrabelohorizonte.com.br\/sobre\/#website","url":"https:\/\/www.encontrabelohorizonte.com.br\/sobre\/","name":"Encontra Belo Horizonte","description":"Not\u00edcias, eventos, informa\u00e7\u00f5es e dicas da cidade de Belo Horizonte e regi\u00e3o","inLanguage":"pt-BR","publisher":{"@id":"https:\/\/www.encontrabelohorizonte.com.br\/sobre\/#organization"}}]},"og:locale":"pt_BR","og:site_name":"Encontra Belo Horizonte | Not\u00edcias, eventos, informa\u00e7\u00f5es e dicas da cidade de Belo Horizonte e regi\u00e3o","og:type":"article","og:title":"Ao vivo: Lula participa de ato de campanha em BH | Encontra Belo Horizonte","og:description":"Ao vivo, Lula compartilhar\u00e1 seus planos de campanha em BH, junto de Janja, focando nas mulheres.","og:url":"https:\/\/www.encontrabelohorizonte.com.br\/sobre\/ao-vivo-lula-participa-de-ato-de-campanha-em-bh\/","article:published_time":"2026-09-01T08:47:47+00:00","article:modified_time":"2026-09-01T08:47:47+00:00","twitter:card":"summary","twitter:title":"Ao vivo: Lula participa de ato de campanha em BH | Encontra Belo Horizonte","twitter:description":"Ao vivo, Lula compartilhar\u00e1 seus planos de campanha em BH, junto de Janja, focando nas mulheres."},"aioseo_meta_data":{"post_id":"4777","title":null,"description":null,"keywords":null,"keyphrases":null,"primary_term":null,"canonical_url":null,"og_title":null,"og_description":null,"og_object_type":"default","og_image_type":"default","og_image_url":null,"og_image_width":null,"og_image_height":null,"og_image_custom_url":null,"og_image_custom_fields":null,"og_video":null,"og_custom_url":null,"og_article_section":null,"og_article_tags":null,"twitter_use_og":false,"twitter_card":"default","twitter_image_type":"default","twitter_image_url":null,"twitter_image_custom_url":null,"twitter_image_custom_fields":null,"twitter_title":null,"twitter_description":null,"schema":{"blockGraphs":[],"customGraphs":[],"default":{"data":{"Article":[],"Course":[],"Dataset":[],"FAQPage":[],"Movie":[],"Person":[],"Product":[],"ProductReview":[],"Car":[],"Recipe":[],"Service":[],"SoftwareApplication":[],"WebPage":[]},"graphName":"Article","isEnabled":true},"graphs":[]},"schema_type":"default","schema_type_options":null,"pillar_content":false,"robots_default":true,"robots_noindex":false,"robots_noarchive":false,"robots_nosnippet":false,"robots_nofollow":false,"robots_noimageindex":false,"robots_noodp":false,"robots_notranslate":false,"robots_max_snippet":null,"robots_max_videopreview":null,"robots_max_imagepreview":"large","priority":null,"frequency":null,"local_seo":null,"breadcrumb_settings":null,"limit_modified_date":false,"ai":null,"created":"2026-09-01 08:47:47","updated":"2026-09-01 09:22:01","focus_keyword":null,"additional_keywords":null,"truseo_locale":null,"seo_analyzer_scan_date":null},"aioseo_breadcrumb":"<div class=\"aioseo-breadcrumbs\"><span class=\"aioseo-breadcrumb\">\n\t\t\t<a href=\"https:\/\/www.encontrabelohorizonte.com.br\/sobre\" title=\"In\u00edcio\">In\u00edcio<\/a>\n\t\t<\/span><span class=\"aioseo-breadcrumb-separator\">&raquo;<\/span><span class=\"aioseo-breadcrumb\">\n\t\t\t<a href=\"https:\/\/www.encontrabelohorizonte.com.br\/sobre\/noticias\/\" title=\"Not\u00edcias Belo Horizonte\">Not\u00edcias Belo Horizonte<\/a>\n\t\t<\/span><span class=\"aioseo-breadcrumb-separator\">&raquo;<\/span><span class=\"aioseo-breadcrumb\">\n\t\t\tAo vivo: Lula participa de ato de campanha em BH\n\t\t<\/span><\/div>","aioseo_breadcrumb_json":[{"label":"In\u00edcio","link":"https:\/\/www.encontrabelohorizonte.com.br\/sobre"},{"label":"Not\u00edcias Belo Horizonte","link":"https:\/\/www.encontrabelohorizonte.com.br\/sobre\/noticias\/"},{"label":"Ao vivo: Lula participa de ato de campanha em BH","link":"https:\/\/www.encontrabelohorizonte.com.br\/sobre\/ao-vivo-lula-participa-de-ato-de-campanha-em-bh\/"}],"_links":{"self":[{"href":"https:\/\/www.encontrabelohorizonte.com.br\/sobre\/wp-json\/wp\/v2\/posts\/4777","targetHints":{"allow":["GET"]}}],"collection":[{"href":"https:\/\/www.encontrabelohorizonte.com.br\/sobre\/wp-json\/wp\/v2\/posts"}],"about":[{"href":"https:\/\/www.encontrabelohorizonte.com.br\/sobre\/wp-json\/wp\/v2\/types\/post"}],"author":[{"embeddable":true,"href":"https:\/\/www.encontrabelohorizonte.com.br\/sobre\/wp-json\/wp\/v2\/users\/1"}],"replies":[{"embeddable":true,"href":"https:\/\/www.encontrabelohorizonte.com.br\/sobre\/wp-json\/wp\/v2\/comments?post=4777"}],"version-history":[{"count":0,"href":"https:\/\/www.encontrabelohorizonte.com.br\/sobre\/wp-json\/wp\/v2\/posts\/4777\/revisions"}],"wp:featuredmedia":[{"embeddable":true,"href":"https:\/\/www.encontrabelohorizonte.com.br\/sobre\/wp-json\/wp\/v2\/media\/4776"}],"wp:attachment":[{"href":"https:\/\/www.encontrabelohorizonte.com.br\/sobre\/wp-json\/wp\/v2\/media?parent=4777"}],"wp:term":[{"taxonomy":"category","embeddable":true,"href":"https:\/\/www.encontrabelohorizonte.com.br\/sobre\/wp-json\/wp\/v2\/categories?post=4777"},{"taxonomy":"post_tag","embeddable":true,"href":"https:\/\/www.encontrabelohorizonte.com.br\/sobre\/wp-json\/wp\/v2\/tags?post=4777"}],"curies":[{"name":"wp","href":"https:\/\/api.w.org\/{rel}","templated":true}]}}