{"id":4795,"date":"2026-09-02T20:49:57","date_gmt":"2026-09-02T23:49:57","guid":{"rendered":"https:\/\/www.encontrabelohorizonte.com.br\/sobre\/virada-cultural-de-bh-tera-alceu-valenca-jorge-aragao-e-mais-de-200-atracoes\/"},"modified":"2026-09-02T20:49:57","modified_gmt":"2026-09-02T23:49:57","slug":"virada-cultural-de-bh-tera-alceu-valenca-jorge-aragao-e-mais-de-200-atracoes","status":"publish","type":"post","link":"https:\/\/www.encontrabelohorizonte.com.br\/sobre\/virada-cultural-de-bh-tera-alceu-valenca-jorge-aragao-e-mais-de-200-atracoes\/","title":{"rendered":"Virada Cultural de BH ter\u00e1 Alceu Valen\u00e7a, Jorge Arag\u00e3o e mais de 200 atra\u00e7\u00f5es"},"content":{"rendered":"<div class=\"2e083cf0b19e2c11948dc6ac054ba979\" data-index=\"1\" style=\"float: none; margin:0px;\">\n<!-- Anuncio display - global -->\r\n<ins class=\"adsbygoogle\"\r\n     style=\"display:block\"\r\n     data-ad-client=\"ca-pub-8585364105181520\"\r\n     data-ad-slot=\"8789329856\"\r\n     data-ad-format=\"auto\"\r\n     data-full-width-responsive=\"true\"><\/ins>\r\n<script>\r\n     (adsbygoogle = window.adsbygoogle || []).push({});\r\n<\/script>\n<\/div>\n<h2>O Que Esperar da Virada Cultural de BH<\/h2>\n<p>A Virada Cultural de Belo Horizonte, que ocorrer\u00e1 nos dias 29 e 30 de agosto, promete ser um evento impactante e vibrante. Com o tema &#8220;Cidade em Movimento&#8221;, esta ser\u00e1 a 11\u00aa edi\u00e7\u00e3o e est\u00e1 preparada para transformar o hipercentro da capital mineira em um grande palco de cultura vivenciada. A programa\u00e7\u00e3o \u00e9 gratuita e se estende por 24 horas, oferecendo uma vasta gama de atra\u00e7\u00f5es que refletem a rica diversidade cultural da cidade.<\/p>\n<h2>Atra\u00e7\u00f5es Principais: Alceu Valen\u00e7a e Jorge Arag\u00e3o<\/h2>\n<p>Entre as principais estrelas da Virada est\u00e3o o renomado Alceu Valen\u00e7a e o carism\u00e1tico Jorge Arag\u00e3o. Esses artistas, que s\u00e3o ic\u00f4nicos em suas respectivas vertentes musicais, prometem trazer performances memor\u00e1veis, atraindo amantes da m\u00fasica de todos os estilos. Al\u00e9m desses grandes nomes, a programa\u00e7\u00e3o homenagear\u00e1 lendas da m\u00fasica brasileira e mineira, incluindo refer\u00eancias como o Clube da Esquina e Clara Nunes.<\/p>\n<h2>Programa\u00e7\u00e3o 24 Horas: Atra\u00e7\u00f5es por Toda a Cidade<\/h2>\n<p>A Virada tem como objetivo criar uma experi\u00eancia cont\u00ednua e imersiva, com mais de 200 atra\u00e7\u00f5es programadas em diversos pontos da cidade. O evento abranger\u00e1 diferentes linguagens art\u00edsticas, como m\u00fasica, dan\u00e7a, teatro, circo, literatura, audiovisual e a\u00e7\u00f5es culturais de rua. A proposta \u00e9 integrar os cidad\u00e3os e visitantes em um intenso interc\u00e2mbio cultural e art\u00edstico.<\/p>\n<p><img decoding=\"async\" src=\"https:\/\/www.encontrabelohorizonte.com.br\/sobre\/wp-content\/uploads\/virada-cultural-de-bh-tera-alceu-valenca-jorge-aragao-e-mais-de-200-atracoes.webp\" alt=\"Virada Cultural de BH\" loading=\"lazy\" \/><\/p>\n<h2>Espa\u00e7os Tradicionais e Novos Cen\u00e1rios<\/h2>\n<p>Os tradicionais palcos da cidade, como Pra\u00e7a da Esta\u00e7\u00e3o e Parque Municipal, voltar\u00e3o a ser o centro das atividades, mas desta vez com uma amplia\u00e7\u00e3o de sua utiliza\u00e7\u00e3o. Novos espa\u00e7os tamb\u00e9m ser\u00e3o incorporados \u00e0 programa\u00e7\u00e3o, permitindo uma aproxima\u00e7\u00e3o maior entre artistas e p\u00fablicos distintos. Isso inclui o Teatro Francisco Nunes, um espa\u00e7o cultural emblem\u00e1tico que enriquecer\u00e1 a experi\u00eancia da Virada.<\/p>\n<h2>Gastronomia: Feira Hippie Durante Todo o Evento<\/h2>\n<p>A gastronomia \u00e9 outra grande atra\u00e7\u00e3o da Virada Cultural, pois a tradicional Feira Hippie funcionar\u00e1 em hor\u00e1rios especiais. Pela primeira vez, durante as 24 horas do evento, os food trucks e barracas de comidas estar\u00e3o ativos, oferecendo uma variedade de pratos t\u00edpicos e op\u00e7\u00f5es de comidas de todas as partes do Brasil e do mundo, contribuindo para uma rica experi\u00eancia gastron\u00f4mica.<\/p>\n<h2>Homenagens a \u00cdcones da M\u00fasica Mineira<\/h2>\n<p>O evento tamb\u00e9m far\u00e1 tributos a figuras not\u00e1veis da m\u00fasica de Minas Gerais. Vander Lee, um dos maiores compositores do estado, ser\u00e1 homenageado em uma edi\u00e7\u00e3o especial que celebra sua obra, enquanto o Clube da Esquina ter\u00e1 uma programa\u00e7\u00e3o dedicada a relembrar a import\u00e2ncia deste movimento musical hist\u00f3rico. Clara Nunes e Moacir Santos tamb\u00e9m ter\u00e3o seu espa\u00e7o na celebra\u00e7\u00e3o, promovendo um di\u00e1logo entre gera\u00e7\u00f5es e estilos musicais.<\/p>\n<h2>Destaques do Palco 360\u00ba no Espa\u00e7o Amazonas<\/h2>\n<p>Uma das novidades dessa edi\u00e7\u00e3o ser\u00e1 o Espa\u00e7o Amazonas, que contar\u00e1 com um palco em formato 360\u00ba. Essa configura\u00e7\u00e3o inovadora prop\u00f5e uma nova intera\u00e7\u00e3o entre os artistas e o p\u00fablico, permitindo uma experi\u00eancia mais imersiva. O samba ter\u00e1 um espa\u00e7o central nesse palco, ressaltando sua import\u00e2ncia como patrim\u00f4nio cultural de Belo Horizonte.<\/p>\n<h2>Participa\u00e7\u00e3o do P\u00fablico e Artistas Locais<\/h2>\n<p>A Virada Cultural de BH tamb\u00e9m se destaca por valorizar a participa\u00e7\u00e3o de artistas locais. Mais de 90 projetos foram selecionados atrav\u00e9s de chamamento p\u00fablico, oferecendo a oportunidade para novos talentos se apresentarem e interagirem com o p\u00fablico. Essa iniciativa visa fomentar a cultura local e proporcionar um espa\u00e7o para a revela\u00e7\u00e3o de novos artistas.<\/p>\n<h2>Diversidade Cultural e Linguagens Art\u00edsticas<\/h2>\n<p>Com uma programa\u00e7\u00e3o diversificada, a Virada busca contemplar uma variedade de express\u00f5es art\u00edsticas. Al\u00e9m da m\u00fasica ao vivo, o p\u00fablico poder\u00e1 aproveitar apresenta\u00e7\u00f5es de teatro, dan\u00e7a, exposi\u00e7\u00f5es art\u00edsticas e performances interativas. O evento tem o intuito de estimular o di\u00e1logo cultural entre diferentes segmentos e estimular novas experi\u00eancias aos participantes.<\/p>\n<h2>Import\u00e2ncia da Cultura em Momentos de Crise<\/h2>\n<p>A Virada Cultural de BH n\u00e3o \u00e9 apenas um evento de entretenimento; \u00e9 uma manifesta\u00e7\u00e3o da resili\u00eancia e da for\u00e7a da cultura em tempos desafiadores. Em per\u00edodos de incerteza, a arte e a cultura oferecem um espa\u00e7o de reflex\u00e3o, descontra\u00e7\u00e3o e conex\u00e3o entre as pessoas, reafirmando o papel vital que estas express\u00f5es t\u00eam na vida social e comunit\u00e1ria.<\/p>\n\n<div style=\"font-size: 0px; height: 0px; line-height: 0px; margin: 0; padding: 0; clear: both;\"><\/div>","protected":false},"excerpt":{"rendered":"<p>Virada Cultural de BH traz mais de 200 atra\u00e7\u00f5es culturais imperd\u00edveis.<\/p>\n","protected":false},"author":1,"featured_media":4794,"comment_status":"closed","ping_status":"closed","sticky":false,"template":"","format":"standard","meta":{"footnotes":""},"categories":[9],"tags":[],"class_list":["post-4795","post","type-post","status-publish","format-standard","has-post-thumbnail","hentry","category-shows","has_thumb"],"aioseo_notices":[],"aioseo_head":"\n\t\t<!-- All in One SEO 5.0.0.1 - aioseo.com -->\n\t<meta name=\"description\" content=\"Virada Cultural de BH traz mais de 200 atra\u00e7\u00f5es culturais imperd\u00edveis.\" \/>\n\t<meta name=\"robots\" content=\"max-image-preview:large\" \/>\n\t<meta name=\"author\" content=\"Encontra Belo Horizonte\"\/>\n\t<link rel=\"canonical\" href=\"https:\/\/www.encontrabelohorizonte.com.br\/sobre\/virada-cultural-de-bh-tera-alceu-valenca-jorge-aragao-e-mais-de-200-atracoes\/\" \/>\n\t<meta name=\"generator\" content=\"All in One SEO (AIOSEO) 5.0.0.1\" \/>\n\t\t<meta property=\"og:locale\" content=\"pt_BR\" \/>\n\t\t<meta property=\"og:site_name\" content=\"Encontra Belo Horizonte | Not\u00edcias, eventos, informa\u00e7\u00f5es e dicas da cidade de Belo Horizonte e regi\u00e3o\" \/>\n\t\t<meta property=\"og:type\" content=\"article\" \/>\n\t\t<meta property=\"og:title\" content=\"Virada Cultural de BH ter\u00e1 Alceu Valen\u00e7a, Jorge Arag\u00e3o e mais de 200 atra\u00e7\u00f5es | Encontra Belo Horizonte\" \/>\n\t\t<meta property=\"og:description\" content=\"Virada Cultural de BH traz mais de 200 atra\u00e7\u00f5es culturais imperd\u00edveis.\" \/>\n\t\t<meta property=\"og:url\" content=\"https:\/\/www.encontrabelohorizonte.com.br\/sobre\/virada-cultural-de-bh-tera-alceu-valenca-jorge-aragao-e-mais-de-200-atracoes\/\" \/>\n\t\t<meta property=\"article:published_time\" content=\"2026-09-02T23:49:57+00:00\" \/>\n\t\t<meta property=\"article:modified_time\" content=\"2026-09-02T23:49:57+00:00\" \/>\n\t\t<meta name=\"twitter:card\" content=\"summary\" \/>\n\t\t<meta name=\"twitter:title\" content=\"Virada Cultural de BH ter\u00e1 Alceu Valen\u00e7a, Jorge Arag\u00e3o e mais de 200 atra\u00e7\u00f5es | Encontra Belo Horizonte\" \/>\n\t\t<meta name=\"twitter:description\" content=\"Virada Cultural de BH traz mais de 200 atra\u00e7\u00f5es culturais imperd\u00edveis.\" \/>\n\t\t<script type=\"application\/ld+json\" class=\"aioseo-schema\">\n\t\t\t{\"@context\":\"https:\\\/\\\/schema.org\",\"@graph\":[{\"@type\":\"Article\",\"@id\":\"https:\\\/\\\/www.encontrabelohorizonte.com.br\\\/sobre\\\/virada-cultural-de-bh-tera-alceu-valenca-jorge-aragao-e-mais-de-200-atracoes\\\/#article\",\"name\":\"Virada Cultural de BH ter\\u00e1 Alceu Valen\\u00e7a, Jorge Arag\\u00e3o e mais de 200 atra\\u00e7\\u00f5es | Encontra Belo Horizonte\",\"headline\":\"Virada Cultural de BH ter\\u00e1 Alceu Valen\\u00e7a, Jorge Arag\\u00e3o e mais de 200 atra\\u00e7\\u00f5es\",\"author\":{\"@id\":\"https:\\\/\\\/www.encontrabelohorizonte.com.br\\\/sobre\\\/author\\\/ebelohorizonte\\\/#author\"},\"publisher\":{\"@id\":\"https:\\\/\\\/www.encontrabelohorizonte.com.br\\\/sobre\\\/#organization\"},\"image\":{\"@type\":\"ImageObject\",\"url\":\"https:\\\/\\\/www.encontrabelohorizonte.com.br\\\/sobre\\\/wp-content\\\/uploads\\\/virada-cultural-de-bh-tera-alceu-valenca-jorge-aragao-e-mais-de-200-atracoes.webp\",\"width\":280,\"height\":280,\"caption\":\"Virada Cultural de BH\"},\"datePublished\":\"2026-09-02T20:49:57-03:00\",\"dateModified\":\"2026-09-02T20:49:57-03:00\",\"inLanguage\":\"pt-BR\",\"mainEntityOfPage\":{\"@id\":\"https:\\\/\\\/www.encontrabelohorizonte.com.br\\\/sobre\\\/virada-cultural-de-bh-tera-alceu-valenca-jorge-aragao-e-mais-de-200-atracoes\\\/#webpage\"},\"isPartOf\":{\"@id\":\"https:\\\/\\\/www.encontrabelohorizonte.com.br\\\/sobre\\\/virada-cultural-de-bh-tera-alceu-valenca-jorge-aragao-e-mais-de-200-atracoes\\\/#webpage\"},\"articleSection\":\"Shows Belo Horizonte\"},{\"@type\":\"BreadcrumbList\",\"@id\":\"https:\\\/\\\/www.encontrabelohorizonte.com.br\\\/sobre\\\/virada-cultural-de-bh-tera-alceu-valenca-jorge-aragao-e-mais-de-200-atracoes\\\/#breadcrumblist\",\"itemListElement\":[{\"@type\":\"ListItem\",\"@id\":\"https:\\\/\\\/www.encontrabelohorizonte.com.br\\\/sobre#listItem\",\"position\":1,\"name\":\"In\\u00edcio\",\"item\":\"https:\\\/\\\/www.encontrabelohorizonte.com.br\\\/sobre\",\"nextItem\":{\"@type\":\"ListItem\",\"@id\":\"https:\\\/\\\/www.encontrabelohorizonte.com.br\\\/sobre\\\/shows\\\/#listItem\",\"name\":\"Shows Belo Horizonte\"}},{\"@type\":\"ListItem\",\"@id\":\"https:\\\/\\\/www.encontrabelohorizonte.com.br\\\/sobre\\\/shows\\\/#listItem\",\"position\":2,\"name\":\"Shows Belo Horizonte\",\"item\":\"https:\\\/\\\/www.encontrabelohorizonte.com.br\\\/sobre\\\/shows\\\/\",\"nextItem\":{\"@type\":\"ListItem\",\"@id\":\"https:\\\/\\\/www.encontrabelohorizonte.com.br\\\/sobre\\\/virada-cultural-de-bh-tera-alceu-valenca-jorge-aragao-e-mais-de-200-atracoes\\\/#listItem\",\"name\":\"Virada Cultural de BH ter\\u00e1 Alceu Valen\\u00e7a, Jorge Arag\\u00e3o e mais de 200 atra\\u00e7\\u00f5es\"},\"previousItem\":{\"@type\":\"ListItem\",\"@id\":\"https:\\\/\\\/www.encontrabelohorizonte.com.br\\\/sobre#listItem\",\"name\":\"In\\u00edcio\"}},{\"@type\":\"ListItem\",\"@id\":\"https:\\\/\\\/www.encontrabelohorizonte.com.br\\\/sobre\\\/virada-cultural-de-bh-tera-alceu-valenca-jorge-aragao-e-mais-de-200-atracoes\\\/#listItem\",\"position\":3,\"name\":\"Virada Cultural de BH ter\\u00e1 Alceu Valen\\u00e7a, Jorge Arag\\u00e3o e mais de 200 atra\\u00e7\\u00f5es\",\"previousItem\":{\"@type\":\"ListItem\",\"@id\":\"https:\\\/\\\/www.encontrabelohorizonte.com.br\\\/sobre\\\/shows\\\/#listItem\",\"name\":\"Shows Belo Horizonte\"}}]},{\"@type\":\"Organization\",\"@id\":\"https:\\\/\\\/www.encontrabelohorizonte.com.br\\\/sobre\\\/#organization\",\"name\":\"Encontra Belo Horizonte\",\"description\":\"Not\\u00edcias, eventos, informa\\u00e7\\u00f5es e dicas da cidade de Belo Horizonte e regi\\u00e3o\",\"url\":\"https:\\\/\\\/www.encontrabelohorizonte.com.br\\\/sobre\\\/\"},{\"@type\":\"Person\",\"@id\":\"https:\\\/\\\/www.encontrabelohorizonte.com.br\\\/sobre\\\/author\\\/ebelohorizonte\\\/#author\",\"url\":\"https:\\\/\\\/www.encontrabelohorizonte.com.br\\\/sobre\\\/author\\\/ebelohorizonte\\\/\",\"name\":\"Encontra Belo Horizonte\",\"image\":{\"@type\":\"ImageObject\",\"@id\":\"https:\\\/\\\/www.encontrabelohorizonte.com.br\\\/sobre\\\/virada-cultural-de-bh-tera-alceu-valenca-jorge-aragao-e-mais-de-200-atracoes\\\/#authorImage\",\"url\":\"https:\\\/\\\/secure.gravatar.com\\\/avatar\\\/507340682b8270222e1f208e23198b6ae7e2c6a1033ae84e99bc6bce4f82a387?s=96&d=mm&r=g\",\"width\":96,\"height\":96,\"caption\":\"Encontra Belo Horizonte\"}},{\"@type\":\"WebPage\",\"@id\":\"https:\\\/\\\/www.encontrabelohorizonte.com.br\\\/sobre\\\/virada-cultural-de-bh-tera-alceu-valenca-jorge-aragao-e-mais-de-200-atracoes\\\/#webpage\",\"url\":\"https:\\\/\\\/www.encontrabelohorizonte.com.br\\\/sobre\\\/virada-cultural-de-bh-tera-alceu-valenca-jorge-aragao-e-mais-de-200-atracoes\\\/\",\"name\":\"Virada Cultural de BH ter\\u00e1 Alceu Valen\\u00e7a, Jorge Arag\\u00e3o e mais de 200 atra\\u00e7\\u00f5es | Encontra Belo Horizonte\",\"description\":\"Virada Cultural de BH traz mais de 200 atra\\u00e7\\u00f5es culturais imperd\\u00edveis.\",\"inLanguage\":\"pt-BR\",\"isPartOf\":{\"@id\":\"https:\\\/\\\/www.encontrabelohorizonte.com.br\\\/sobre\\\/#website\"},\"breadcrumb\":{\"@id\":\"https:\\\/\\\/www.encontrabelohorizonte.com.br\\\/sobre\\\/virada-cultural-de-bh-tera-alceu-valenca-jorge-aragao-e-mais-de-200-atracoes\\\/#breadcrumblist\"},\"author\":{\"@id\":\"https:\\\/\\\/www.encontrabelohorizonte.com.br\\\/sobre\\\/author\\\/ebelohorizonte\\\/#author\"},\"creator\":{\"@id\":\"https:\\\/\\\/www.encontrabelohorizonte.com.br\\\/sobre\\\/author\\\/ebelohorizonte\\\/#author\"},\"image\":{\"@type\":\"ImageObject\",\"url\":\"https:\\\/\\\/www.encontrabelohorizonte.com.br\\\/sobre\\\/wp-content\\\/uploads\\\/virada-cultural-de-bh-tera-alceu-valenca-jorge-aragao-e-mais-de-200-atracoes.webp\",\"@id\":\"https:\\\/\\\/www.encontrabelohorizonte.com.br\\\/sobre\\\/virada-cultural-de-bh-tera-alceu-valenca-jorge-aragao-e-mais-de-200-atracoes\\\/#mainImage\",\"width\":280,\"height\":280,\"caption\":\"Virada Cultural de BH\"},\"primaryImageOfPage\":{\"@id\":\"https:\\\/\\\/www.encontrabelohorizonte.com.br\\\/sobre\\\/virada-cultural-de-bh-tera-alceu-valenca-jorge-aragao-e-mais-de-200-atracoes\\\/#mainImage\"},\"datePublished\":\"2026-09-02T20:49:57-03:00\",\"dateModified\":\"2026-09-02T20:49:57-03:00\"},{\"@type\":\"WebSite\",\"@id\":\"https:\\\/\\\/www.encontrabelohorizonte.com.br\\\/sobre\\\/#website\",\"url\":\"https:\\\/\\\/www.encontrabelohorizonte.com.br\\\/sobre\\\/\",\"name\":\"Encontra Belo Horizonte\",\"description\":\"Not\\u00edcias, eventos, informa\\u00e7\\u00f5es e dicas da cidade de Belo Horizonte e regi\\u00e3o\",\"inLanguage\":\"pt-BR\",\"publisher\":{\"@id\":\"https:\\\/\\\/www.encontrabelohorizonte.com.br\\\/sobre\\\/#organization\"}}]}\n\t\t<\/script>\n\t\t<!-- All in One SEO -->\n\n","aioseo_head_json":{"title":"Virada Cultural de BH ter\u00e1 Alceu Valen\u00e7a, Jorge Arag\u00e3o e mais de 200 atra\u00e7\u00f5es | Encontra Belo Horizonte","description":"Virada Cultural de BH traz mais de 200 atra\u00e7\u00f5es culturais imperd\u00edveis.","canonical_url":"https:\/\/www.encontrabelohorizonte.com.br\/sobre\/virada-cultural-de-bh-tera-alceu-valenca-jorge-aragao-e-mais-de-200-atracoes\/","robots":"max-image-preview:large","keywords":"","webmasterTools":{"miscellaneous":""},"schema":{"@context":"https:\/\/schema.org","@graph":[{"@type":"Article","@id":"https:\/\/www.encontrabelohorizonte.com.br\/sobre\/virada-cultural-de-bh-tera-alceu-valenca-jorge-aragao-e-mais-de-200-atracoes\/#article","name":"Virada Cultural de BH ter\u00e1 Alceu Valen\u00e7a, Jorge Arag\u00e3o e mais de 200 atra\u00e7\u00f5es | Encontra Belo Horizonte","headline":"Virada Cultural de BH ter\u00e1 Alceu Valen\u00e7a, Jorge Arag\u00e3o e mais de 200 atra\u00e7\u00f5es","author":{"@id":"https:\/\/www.encontrabelohorizonte.com.br\/sobre\/author\/ebelohorizonte\/#author"},"publisher":{"@id":"https:\/\/www.encontrabelohorizonte.com.br\/sobre\/#organization"},"image":{"@type":"ImageObject","url":"https:\/\/www.encontrabelohorizonte.com.br\/sobre\/wp-content\/uploads\/virada-cultural-de-bh-tera-alceu-valenca-jorge-aragao-e-mais-de-200-atracoes.webp","width":280,"height":280,"caption":"Virada Cultural de BH"},"datePublished":"2026-09-02T20:49:57-03:00","dateModified":"2026-09-02T20:49:57-03:00","inLanguage":"pt-BR","mainEntityOfPage":{"@id":"https:\/\/www.encontrabelohorizonte.com.br\/sobre\/virada-cultural-de-bh-tera-alceu-valenca-jorge-aragao-e-mais-de-200-atracoes\/#webpage"},"isPartOf":{"@id":"https:\/\/www.encontrabelohorizonte.com.br\/sobre\/virada-cultural-de-bh-tera-alceu-valenca-jorge-aragao-e-mais-de-200-atracoes\/#webpage"},"articleSection":"Shows Belo Horizonte"},{"@type":"BreadcrumbList","@id":"https:\/\/www.encontrabelohorizonte.com.br\/sobre\/virada-cultural-de-bh-tera-alceu-valenca-jorge-aragao-e-mais-de-200-atracoes\/#breadcrumblist","itemListElement":[{"@type":"ListItem","@id":"https:\/\/www.encontrabelohorizonte.com.br\/sobre#listItem","position":1,"name":"In\u00edcio","item":"https:\/\/www.encontrabelohorizonte.com.br\/sobre","nextItem":{"@type":"ListItem","@id":"https:\/\/www.encontrabelohorizonte.com.br\/sobre\/shows\/#listItem","name":"Shows Belo Horizonte"}},{"@type":"ListItem","@id":"https:\/\/www.encontrabelohorizonte.com.br\/sobre\/shows\/#listItem","position":2,"name":"Shows Belo Horizonte","item":"https:\/\/www.encontrabelohorizonte.com.br\/sobre\/shows\/","nextItem":{"@type":"ListItem","@id":"https:\/\/www.encontrabelohorizonte.com.br\/sobre\/virada-cultural-de-bh-tera-alceu-valenca-jorge-aragao-e-mais-de-200-atracoes\/#listItem","name":"Virada Cultural de BH ter\u00e1 Alceu Valen\u00e7a, Jorge Arag\u00e3o e mais de 200 atra\u00e7\u00f5es"},"previousItem":{"@type":"ListItem","@id":"https:\/\/www.encontrabelohorizonte.com.br\/sobre#listItem","name":"In\u00edcio"}},{"@type":"ListItem","@id":"https:\/\/www.encontrabelohorizonte.com.br\/sobre\/virada-cultural-de-bh-tera-alceu-valenca-jorge-aragao-e-mais-de-200-atracoes\/#listItem","position":3,"name":"Virada Cultural de BH ter\u00e1 Alceu Valen\u00e7a, Jorge Arag\u00e3o e mais de 200 atra\u00e7\u00f5es","previousItem":{"@type":"ListItem","@id":"https:\/\/www.encontrabelohorizonte.com.br\/sobre\/shows\/#listItem","name":"Shows Belo Horizonte"}}]},{"@type":"Organization","@id":"https:\/\/www.encontrabelohorizonte.com.br\/sobre\/#organization","name":"Encontra Belo Horizonte","description":"Not\u00edcias, eventos, informa\u00e7\u00f5es e dicas da cidade de Belo Horizonte e regi\u00e3o","url":"https:\/\/www.encontrabelohorizonte.com.br\/sobre\/"},{"@type":"Person","@id":"https:\/\/www.encontrabelohorizonte.com.br\/sobre\/author\/ebelohorizonte\/#author","url":"https:\/\/www.encontrabelohorizonte.com.br\/sobre\/author\/ebelohorizonte\/","name":"Encontra Belo Horizonte","image":{"@type":"ImageObject","@id":"https:\/\/www.encontrabelohorizonte.com.br\/sobre\/virada-cultural-de-bh-tera-alceu-valenca-jorge-aragao-e-mais-de-200-atracoes\/#authorImage","url":"https:\/\/secure.gravatar.com\/avatar\/507340682b8270222e1f208e23198b6ae7e2c6a1033ae84e99bc6bce4f82a387?s=96&d=mm&r=g","width":96,"height":96,"caption":"Encontra Belo Horizonte"}},{"@type":"WebPage","@id":"https:\/\/www.encontrabelohorizonte.com.br\/sobre\/virada-cultural-de-bh-tera-alceu-valenca-jorge-aragao-e-mais-de-200-atracoes\/#webpage","url":"https:\/\/www.encontrabelohorizonte.com.br\/sobre\/virada-cultural-de-bh-tera-alceu-valenca-jorge-aragao-e-mais-de-200-atracoes\/","name":"Virada Cultural de BH ter\u00e1 Alceu Valen\u00e7a, Jorge Arag\u00e3o e mais de 200 atra\u00e7\u00f5es | Encontra Belo Horizonte","description":"Virada Cultural de BH traz mais de 200 atra\u00e7\u00f5es culturais imperd\u00edveis.","inLanguage":"pt-BR","isPartOf":{"@id":"https:\/\/www.encontrabelohorizonte.com.br\/sobre\/#website"},"breadcrumb":{"@id":"https:\/\/www.encontrabelohorizonte.com.br\/sobre\/virada-cultural-de-bh-tera-alceu-valenca-jorge-aragao-e-mais-de-200-atracoes\/#breadcrumblist"},"author":{"@id":"https:\/\/www.encontrabelohorizonte.com.br\/sobre\/author\/ebelohorizonte\/#author"},"creator":{"@id":"https:\/\/www.encontrabelohorizonte.com.br\/sobre\/author\/ebelohorizonte\/#author"},"image":{"@type":"ImageObject","url":"https:\/\/www.encontrabelohorizonte.com.br\/sobre\/wp-content\/uploads\/virada-cultural-de-bh-tera-alceu-valenca-jorge-aragao-e-mais-de-200-atracoes.webp","@id":"https:\/\/www.encontrabelohorizonte.com.br\/sobre\/virada-cultural-de-bh-tera-alceu-valenca-jorge-aragao-e-mais-de-200-atracoes\/#mainImage","width":280,"height":280,"caption":"Virada Cultural de BH"},"primaryImageOfPage":{"@id":"https:\/\/www.encontrabelohorizonte.com.br\/sobre\/virada-cultural-de-bh-tera-alceu-valenca-jorge-aragao-e-mais-de-200-atracoes\/#mainImage"},"datePublished":"2026-09-02T20:49:57-03:00","dateModified":"2026-09-02T20:49:57-03:00"},{"@type":"WebSite","@id":"https:\/\/www.encontrabelohorizonte.com.br\/sobre\/#website","url":"https:\/\/www.encontrabelohorizonte.com.br\/sobre\/","name":"Encontra Belo Horizonte","description":"Not\u00edcias, eventos, informa\u00e7\u00f5es e dicas da cidade de Belo Horizonte e regi\u00e3o","inLanguage":"pt-BR","publisher":{"@id":"https:\/\/www.encontrabelohorizonte.com.br\/sobre\/#organization"}}]},"og:locale":"pt_BR","og:site_name":"Encontra Belo Horizonte | Not\u00edcias, eventos, informa\u00e7\u00f5es e dicas da cidade de Belo Horizonte e regi\u00e3o","og:type":"article","og:title":"Virada Cultural de BH ter\u00e1 Alceu Valen\u00e7a, Jorge Arag\u00e3o e mais de 200 atra\u00e7\u00f5es | Encontra Belo Horizonte","og:description":"Virada Cultural de BH traz mais de 200 atra\u00e7\u00f5es culturais imperd\u00edveis.","og:url":"https:\/\/www.encontrabelohorizonte.com.br\/sobre\/virada-cultural-de-bh-tera-alceu-valenca-jorge-aragao-e-mais-de-200-atracoes\/","article:published_time":"2026-09-02T23:49:57+00:00","article:modified_time":"2026-09-02T23:49:57+00:00","twitter:card":"summary","twitter:title":"Virada Cultural de BH ter\u00e1 Alceu Valen\u00e7a, Jorge Arag\u00e3o e mais de 200 atra\u00e7\u00f5es | Encontra Belo Horizonte","twitter:description":"Virada Cultural de BH traz mais de 200 atra\u00e7\u00f5es culturais imperd\u00edveis."},"aioseo_meta_data":{"post_id":"4795","title":null,"description":null,"keywords":null,"keyphrases":null,"primary_term":null,"canonical_url":null,"og_title":null,"og_description":null,"og_object_type":"default","og_image_type":"default","og_image_url":null,"og_image_width":null,"og_image_height":null,"og_image_custom_url":null,"og_image_custom_fields":null,"og_video":null,"og_custom_url":null,"og_article_section":null,"og_article_tags":null,"twitter_use_og":false,"twitter_card":"default","twitter_image_type":"default","twitter_image_url":null,"twitter_image_custom_url":null,"twitter_image_custom_fields":null,"twitter_title":null,"twitter_description":null,"schema":{"blockGraphs":[],"customGraphs":[],"default":{"data":{"Article":[],"Course":[],"Dataset":[],"FAQPage":[],"Movie":[],"Person":[],"Product":[],"ProductReview":[],"Car":[],"Recipe":[],"Service":[],"SoftwareApplication":[],"WebPage":[]},"graphName":"Article","isEnabled":true},"graphs":[]},"schema_type":"default","schema_type_options":null,"pillar_content":false,"robots_default":true,"robots_noindex":false,"robots_noarchive":false,"robots_nosnippet":false,"robots_nofollow":false,"robots_noimageindex":false,"robots_noodp":false,"robots_notranslate":false,"robots_max_snippet":null,"robots_max_videopreview":null,"robots_max_imagepreview":"large","priority":null,"frequency":null,"local_seo":null,"breadcrumb_settings":null,"limit_modified_date":false,"ai":null,"created":"2026-09-02 23:49:57","updated":"2026-09-03 00:07:39","focus_keyword":null,"additional_keywords":null,"truseo_locale":null,"seo_analyzer_scan_date":null},"aioseo_breadcrumb":"<div class=\"aioseo-breadcrumbs\"><span class=\"aioseo-breadcrumb\">\n\t\t\t<a href=\"https:\/\/www.encontrabelohorizonte.com.br\/sobre\" title=\"In\u00edcio\">In\u00edcio<\/a>\n\t\t<\/span><span class=\"aioseo-breadcrumb-separator\">&raquo;<\/span><span class=\"aioseo-breadcrumb\">\n\t\t\t<a href=\"https:\/\/www.encontrabelohorizonte.com.br\/sobre\/shows\/\" title=\"Shows Belo Horizonte\">Shows Belo Horizonte<\/a>\n\t\t<\/span><span class=\"aioseo-breadcrumb-separator\">&raquo;<\/span><span class=\"aioseo-breadcrumb\">\n\t\t\tVirada Cultural de BH ter\u00e1 Alceu Valen\u00e7a, Jorge Arag\u00e3o e mais de 200 atra\u00e7\u00f5es\n\t\t<\/span><\/div>","aioseo_breadcrumb_json":[{"label":"In\u00edcio","link":"https:\/\/www.encontrabelohorizonte.com.br\/sobre"},{"label":"Shows Belo Horizonte","link":"https:\/\/www.encontrabelohorizonte.com.br\/sobre\/shows\/"},{"label":"Virada Cultural de BH ter\u00e1 Alceu Valen\u00e7a, Jorge Arag\u00e3o e mais de 200 atra\u00e7\u00f5es","link":"https:\/\/www.encontrabelohorizonte.com.br\/sobre\/virada-cultural-de-bh-tera-alceu-valenca-jorge-aragao-e-mais-de-200-atracoes\/"}],"_links":{"self":[{"href":"https:\/\/www.encontrabelohorizonte.com.br\/sobre\/wp-json\/wp\/v2\/posts\/4795","targetHints":{"allow":["GET"]}}],"collection":[{"href":"https:\/\/www.encontrabelohorizonte.com.br\/sobre\/wp-json\/wp\/v2\/posts"}],"about":[{"href":"https:\/\/www.encontrabelohorizonte.com.br\/sobre\/wp-json\/wp\/v2\/types\/post"}],"author":[{"embeddable":true,"href":"https:\/\/www.encontrabelohorizonte.com.br\/sobre\/wp-json\/wp\/v2\/users\/1"}],"replies":[{"embeddable":true,"href":"https:\/\/www.encontrabelohorizonte.com.br\/sobre\/wp-json\/wp\/v2\/comments?post=4795"}],"version-history":[{"count":0,"href":"https:\/\/www.encontrabelohorizonte.com.br\/sobre\/wp-json\/wp\/v2\/posts\/4795\/revisions"}],"wp:featuredmedia":[{"embeddable":true,"href":"https:\/\/www.encontrabelohorizonte.com.br\/sobre\/wp-json\/wp\/v2\/media\/4794"}],"wp:attachment":[{"href":"https:\/\/www.encontrabelohorizonte.com.br\/sobre\/wp-json\/wp\/v2\/media?parent=4795"}],"wp:term":[{"taxonomy":"category","embeddable":true,"href":"https:\/\/www.encontrabelohorizonte.com.br\/sobre\/wp-json\/wp\/v2\/categories?post=4795"},{"taxonomy":"post_tag","embeddable":true,"href":"https:\/\/www.encontrabelohorizonte.com.br\/sobre\/wp-json\/wp\/v2\/tags?post=4795"}],"curies":[{"name":"wp","href":"https:\/\/api.w.org\/{rel}","templated":true}]}}