{"id":4799,"date":"2026-09-03T05:47:42","date_gmt":"2026-09-03T08:47:42","guid":{"rendered":"https:\/\/www.encontrabelohorizonte.com.br\/sobre\/ao-vivo-lula-participa-do-lancamento-de-patrus-ao-governo-de-minas\/"},"modified":"2026-09-03T05:47:42","modified_gmt":"2026-09-03T08:47:42","slug":"ao-vivo-lula-participa-do-lancamento-de-patrus-ao-governo-de-minas","status":"publish","type":"post","link":"https:\/\/www.encontrabelohorizonte.com.br\/sobre\/ao-vivo-lula-participa-do-lancamento-de-patrus-ao-governo-de-minas\/","title":{"rendered":"Ao vivo: Lula participa do lan\u00e7amento de Patrus ao governo de Minas"},"content":{"rendered":"<div class=\"2e083cf0b19e2c11948dc6ac054ba979\" data-index=\"1\" style=\"float: none; margin:0px;\">\n<!-- Anuncio display - global -->\r\n<ins class=\"adsbygoogle\"\r\n     style=\"display:block\"\r\n     data-ad-client=\"ca-pub-8585364105181520\"\r\n     data-ad-slot=\"8789329856\"\r\n     data-ad-format=\"auto\"\r\n     data-full-width-responsive=\"true\"><\/ins>\r\n<script>\r\n     (adsbygoogle = window.adsbygoogle || []).push({});\r\n<\/script>\n<\/div>\n<h2>Lula e a Import\u00e2ncia do Evento<\/h2>\n<p>A participa\u00e7\u00e3o do presidente Luiz In\u00e1cio Lula da Silva na campanha de Patrus Ananias ao governo de Minas Gerais, marcada para esta sexta-feira (21 de agosto de 2026), possui grande relev\u00e2ncia para o cen\u00e1rio pol\u00edtico. O evento acontece na Pra\u00e7a da Esta\u00e7\u00e3o, um lugar hist\u00f3rico e simb\u00f3lico da cidade de Belo Horizonte, que, al\u00e9m de abrigar uma multid\u00e3o de apoiadores, traz um forte simbolismo de apoio \u00e0 candidatura do PT nesta fase eleitoral.<\/p>\n<h2>Contexto Pol\u00edtico de Minas Gerais<\/h2>\n<p>A atual situa\u00e7\u00e3o pol\u00edtica em Minas Gerais \u00e9 caracterizada por um cen\u00e1rio complexo, onde as alian\u00e7as e disputas eleitorais t\u00eam refletido a polariza\u00e7\u00e3o nacional. Neste contexto, a elei\u00e7\u00e3o para o governo \u00e9 vista como estrat\u00e9gica para o Partido dos Trabalhadores, que busca reafirmar sua presen\u00e7a no estado. As elei\u00e7\u00f5es estaduais t\u00eam sido um term\u00f4metro das tend\u00eancias pol\u00edticas, sendo que Minas \u00e9 um dos estados com mais deputados federais e, portanto, vital para qualquer partido com ambi\u00e7\u00f5es nacionais.<\/p>\n<h2>Patrus Ananias: O Candidato do PT<\/h2>\n<p>Patrus Ananias, ex-ministro e figura emblem\u00e1tica do PT, traz consigo uma bagagem pol\u00edtica significativa. Ele \u00e9 reconhecido por suas a\u00e7\u00f5es em prol da justi\u00e7a social e pela gest\u00e3o p\u00fablica voltada para os menos favorecidos. Sua candidatura se fundamenta na proposta de resgatar valores que, segundo ele, foram perdidos nos \u00faltimos anos. O apoio de Lula \u00e9 crucial para seu projeto, pois agrega visibilidade e refor\u00e7a sua imagem como o candidato ideal para liderar Minas Gerais.<\/p>\n<p><img decoding=\"async\" src=\"https:\/\/www.encontrabelohorizonte.com.br\/sobre\/wp-content\/uploads\/ao-vivo-lula-participa-do-lancamento-de-patrus-ao-governo-de-minas.webp\" alt=\"lan\u00e7amento de Patrus ao governo de Minas\" loading=\"lazy\" \/><\/p>\n<h2>Expectativas para a Campanha<\/h2>\n<p>As expectativas para a campanha de Patrus Ananias s\u00e3o altas, especialmente com a presen\u00e7a de Lula em eventos como este. Espera-se que a condu\u00e7\u00e3o da campanha seja centrada em temas como a recupera\u00e7\u00e3o econ\u00f4mica do estado, a sa\u00fade p\u00fablica e a educa\u00e7\u00e3o, \u00e1reas cr\u00edticas para a popula\u00e7\u00e3o mineira. Al\u00e9m disso, o carisma de Lula pode atrair eleitores indecisos, beneficiando Patrus na busca por votos.<\/p>\n<h2>A Participa\u00e7\u00e3o de Lula em Minas Gerais<\/h2>\n<p>Com sua presen\u00e7a, Lula n\u00e3o apenas refor\u00e7a seu apoio a Patrus, mas tamb\u00e9m estabelece uma conex\u00e3o emocional com o eleitorado, lembrando momentos de forte apoio popular durante seus mandatos. A expectativa \u00e9 que ele aborde temas que ressoam com os desafios enfrentados por Minas, buscando convenc\u00ea-los de que sua administra\u00e7\u00e3o sob a lideran\u00e7a do PT \u00e9 a solu\u00e7\u00e3o desejada.<\/p>\n<h2>Rea\u00e7\u00e3o do P\u00fablico ao Evento<\/h2>\n<p>A rea\u00e7\u00e3o do p\u00fablico \u00e9 uma das maiores preocupa\u00e7\u00f5es dos organizadores. Espera-se que a Pra\u00e7a da Esta\u00e7\u00e3o seja palco de uma grande mobiliza\u00e7\u00e3o, refletindo a for\u00e7a do PT na regi\u00e3o. A presen\u00e7a maci\u00e7a de apoiadores e simpatizantes \u00e9 considerada essencial para transmitir uma imagem de robustez e foco nas pr\u00f3ximas elei\u00e7\u00f5es.<\/p>\n<h2>An\u00e1lise das Perspectivas Eleitorais<\/h2>\n<p>As perspectivas eleitorais para Patrus, ap\u00f3s a mobiliza\u00e7\u00e3o de Lula, apresentam-se otimistas. Especialistas avaliam que essa \u00e9 uma oportunidade para revitalizar a imagem do partido em Minas, que enfrenta concorr\u00eancia acirrada com outros candidatos. O impacto nas pesquisas de inten\u00e7\u00e3o de voto ser\u00e1 um indicador vital da efic\u00e1cia desta estrat\u00e9gia.<\/p>\n<h2>O Papel do PT nas Elei\u00e7\u00f5es de 2026<\/h2>\n<p>O PT, historicamente forte em Minas Gerais, busca resgatar sua influ\u00eancia nas pr\u00f3ximas elei\u00e7\u00f5es. As capitais e cidades do interior s\u00e3o alvos centrais dos esfor\u00e7os da campanha, com a meta de conquistar a confian\u00e7a dos eleitores novamente. A presen\u00e7a de Lula \u00e9 uma pe\u00e7a chave nessa estrat\u00e9gia, funcionando como um elo com as bases do partido.<\/p>\n<h2>Cobertura da M\u00eddia sobre o Evento<\/h2>\n<p>A cobertura da m\u00eddia em rela\u00e7\u00e3o ao lan\u00e7amento da campanha \u00e9 intensa, com foco nas implica\u00e7\u00f5es pol\u00edticas da visita de Lula. Os meios de comunica\u00e7\u00e3o t\u00eam enfatizado a import\u00e2ncia do evento, moldando as narrativas em torno da candidatura de Patrus e do impacto que a presen\u00e7a de Lula poder\u00e1 ter na opini\u00e3o p\u00fablica e nas pr\u00f3ximas vota\u00e7\u00f5es.<\/p>\n<h2>Pr\u00f3ximos Passos na Campanha de Patrus<\/h2>\n<p>Ap\u00f3s o evento de hoje, a campanha dever\u00e1 intensificar suas atividades nas ruas, com um cronograma de a\u00e7\u00f5es que inclui visitas a v\u00e1rias regi\u00f5es do estado, encontros com eleitores e debates. O engajamento digital tamb\u00e9m ser\u00e1 uma frente importante, considerando as novas din\u00e2micas de intera\u00e7\u00e3o atrav\u00e9s das redes sociais.<\/p>\n\n<div style=\"font-size: 0px; height: 0px; line-height: 0px; margin: 0; padding: 0; clear: both;\"><\/div>","protected":false},"excerpt":{"rendered":"<p>Ao vivo: Lula participa do lan\u00e7amento da campanha de Patrus Ananias ao governo de Minas Gerais.<\/p>\n","protected":false},"author":1,"featured_media":4798,"comment_status":"closed","ping_status":"closed","sticky":false,"template":"","format":"standard","meta":{"footnotes":""},"categories":[6],"tags":[],"class_list":["post-4799","post","type-post","status-publish","format-standard","has-post-thumbnail","hentry","category-noticias","has_thumb"],"aioseo_notices":[],"aioseo_head":"\n\t\t<!-- All in One SEO 5.0.0.1 - aioseo.com -->\n\t<meta name=\"description\" content=\"Ao vivo: Lula participa do lan\u00e7amento da campanha de Patrus Ananias ao governo de Minas Gerais.\" \/>\n\t<meta name=\"robots\" content=\"max-image-preview:large\" \/>\n\t<meta name=\"author\" content=\"Encontra Belo Horizonte\"\/>\n\t<link rel=\"canonical\" href=\"https:\/\/www.encontrabelohorizonte.com.br\/sobre\/ao-vivo-lula-participa-do-lancamento-de-patrus-ao-governo-de-minas\/\" \/>\n\t<meta name=\"generator\" content=\"All in One SEO (AIOSEO) 5.0.0.1\" \/>\n\t\t<meta property=\"og:locale\" content=\"pt_BR\" \/>\n\t\t<meta property=\"og:site_name\" content=\"Encontra Belo Horizonte | Not\u00edcias, eventos, informa\u00e7\u00f5es e dicas da cidade de Belo Horizonte e regi\u00e3o\" \/>\n\t\t<meta property=\"og:type\" content=\"article\" \/>\n\t\t<meta property=\"og:title\" content=\"Ao vivo: Lula participa do lan\u00e7amento de Patrus ao governo de Minas | Encontra Belo Horizonte\" \/>\n\t\t<meta property=\"og:description\" content=\"Ao vivo: Lula participa do lan\u00e7amento da campanha de Patrus Ananias ao governo de Minas Gerais.\" \/>\n\t\t<meta property=\"og:url\" content=\"https:\/\/www.encontrabelohorizonte.com.br\/sobre\/ao-vivo-lula-participa-do-lancamento-de-patrus-ao-governo-de-minas\/\" \/>\n\t\t<meta property=\"article:published_time\" content=\"2026-09-03T08:47:42+00:00\" \/>\n\t\t<meta property=\"article:modified_time\" content=\"2026-09-03T08:47:42+00:00\" \/>\n\t\t<meta name=\"twitter:card\" content=\"summary\" \/>\n\t\t<meta name=\"twitter:title\" content=\"Ao vivo: Lula participa do lan\u00e7amento de Patrus ao governo de Minas | Encontra Belo Horizonte\" \/>\n\t\t<meta name=\"twitter:description\" content=\"Ao vivo: Lula participa do lan\u00e7amento da campanha de Patrus Ananias ao governo de Minas Gerais.\" \/>\n\t\t<script type=\"application\/ld+json\" class=\"aioseo-schema\">\n\t\t\t{\"@context\":\"https:\\\/\\\/schema.org\",\"@graph\":[{\"@type\":\"Article\",\"@id\":\"https:\\\/\\\/www.encontrabelohorizonte.com.br\\\/sobre\\\/ao-vivo-lula-participa-do-lancamento-de-patrus-ao-governo-de-minas\\\/#article\",\"name\":\"Ao vivo: Lula participa do lan\\u00e7amento de Patrus ao governo de Minas | Encontra Belo Horizonte\",\"headline\":\"Ao vivo: Lula participa do lan\\u00e7amento de Patrus ao governo de Minas\",\"author\":{\"@id\":\"https:\\\/\\\/www.encontrabelohorizonte.com.br\\\/sobre\\\/author\\\/ebelohorizonte\\\/#author\"},\"publisher\":{\"@id\":\"https:\\\/\\\/www.encontrabelohorizonte.com.br\\\/sobre\\\/#organization\"},\"image\":{\"@type\":\"ImageObject\",\"url\":\"https:\\\/\\\/www.encontrabelohorizonte.com.br\\\/sobre\\\/wp-content\\\/uploads\\\/ao-vivo-lula-participa-do-lancamento-de-patrus-ao-governo-de-minas.webp\",\"width\":280,\"height\":280,\"caption\":\"lan\\u00e7amento de Patrus ao governo de Minas\"},\"datePublished\":\"2026-09-03T05:47:42-03:00\",\"dateModified\":\"2026-09-03T05:47:42-03:00\",\"inLanguage\":\"pt-BR\",\"mainEntityOfPage\":{\"@id\":\"https:\\\/\\\/www.encontrabelohorizonte.com.br\\\/sobre\\\/ao-vivo-lula-participa-do-lancamento-de-patrus-ao-governo-de-minas\\\/#webpage\"},\"isPartOf\":{\"@id\":\"https:\\\/\\\/www.encontrabelohorizonte.com.br\\\/sobre\\\/ao-vivo-lula-participa-do-lancamento-de-patrus-ao-governo-de-minas\\\/#webpage\"},\"articleSection\":\"Not\\u00edcias Belo Horizonte\"},{\"@type\":\"BreadcrumbList\",\"@id\":\"https:\\\/\\\/www.encontrabelohorizonte.com.br\\\/sobre\\\/ao-vivo-lula-participa-do-lancamento-de-patrus-ao-governo-de-minas\\\/#breadcrumblist\",\"itemListElement\":[{\"@type\":\"ListItem\",\"@id\":\"https:\\\/\\\/www.encontrabelohorizonte.com.br\\\/sobre#listItem\",\"position\":1,\"name\":\"In\\u00edcio\",\"item\":\"https:\\\/\\\/www.encontrabelohorizonte.com.br\\\/sobre\",\"nextItem\":{\"@type\":\"ListItem\",\"@id\":\"https:\\\/\\\/www.encontrabelohorizonte.com.br\\\/sobre\\\/noticias\\\/#listItem\",\"name\":\"Not\\u00edcias Belo Horizonte\"}},{\"@type\":\"ListItem\",\"@id\":\"https:\\\/\\\/www.encontrabelohorizonte.com.br\\\/sobre\\\/noticias\\\/#listItem\",\"position\":2,\"name\":\"Not\\u00edcias Belo Horizonte\",\"item\":\"https:\\\/\\\/www.encontrabelohorizonte.com.br\\\/sobre\\\/noticias\\\/\",\"nextItem\":{\"@type\":\"ListItem\",\"@id\":\"https:\\\/\\\/www.encontrabelohorizonte.com.br\\\/sobre\\\/ao-vivo-lula-participa-do-lancamento-de-patrus-ao-governo-de-minas\\\/#listItem\",\"name\":\"Ao vivo: Lula participa do lan\\u00e7amento de Patrus ao governo de Minas\"},\"previousItem\":{\"@type\":\"ListItem\",\"@id\":\"https:\\\/\\\/www.encontrabelohorizonte.com.br\\\/sobre#listItem\",\"name\":\"In\\u00edcio\"}},{\"@type\":\"ListItem\",\"@id\":\"https:\\\/\\\/www.encontrabelohorizonte.com.br\\\/sobre\\\/ao-vivo-lula-participa-do-lancamento-de-patrus-ao-governo-de-minas\\\/#listItem\",\"position\":3,\"name\":\"Ao vivo: Lula participa do lan\\u00e7amento de Patrus ao governo de Minas\",\"previousItem\":{\"@type\":\"ListItem\",\"@id\":\"https:\\\/\\\/www.encontrabelohorizonte.com.br\\\/sobre\\\/noticias\\\/#listItem\",\"name\":\"Not\\u00edcias Belo Horizonte\"}}]},{\"@type\":\"Organization\",\"@id\":\"https:\\\/\\\/www.encontrabelohorizonte.com.br\\\/sobre\\\/#organization\",\"name\":\"Encontra Belo Horizonte\",\"description\":\"Not\\u00edcias, eventos, informa\\u00e7\\u00f5es e dicas da cidade de Belo Horizonte e regi\\u00e3o\",\"url\":\"https:\\\/\\\/www.encontrabelohorizonte.com.br\\\/sobre\\\/\"},{\"@type\":\"Person\",\"@id\":\"https:\\\/\\\/www.encontrabelohorizonte.com.br\\\/sobre\\\/author\\\/ebelohorizonte\\\/#author\",\"url\":\"https:\\\/\\\/www.encontrabelohorizonte.com.br\\\/sobre\\\/author\\\/ebelohorizonte\\\/\",\"name\":\"Encontra Belo Horizonte\",\"image\":{\"@type\":\"ImageObject\",\"@id\":\"https:\\\/\\\/www.encontrabelohorizonte.com.br\\\/sobre\\\/ao-vivo-lula-participa-do-lancamento-de-patrus-ao-governo-de-minas\\\/#authorImage\",\"url\":\"https:\\\/\\\/secure.gravatar.com\\\/avatar\\\/507340682b8270222e1f208e23198b6ae7e2c6a1033ae84e99bc6bce4f82a387?s=96&d=mm&r=g\",\"width\":96,\"height\":96,\"caption\":\"Encontra Belo Horizonte\"}},{\"@type\":\"WebPage\",\"@id\":\"https:\\\/\\\/www.encontrabelohorizonte.com.br\\\/sobre\\\/ao-vivo-lula-participa-do-lancamento-de-patrus-ao-governo-de-minas\\\/#webpage\",\"url\":\"https:\\\/\\\/www.encontrabelohorizonte.com.br\\\/sobre\\\/ao-vivo-lula-participa-do-lancamento-de-patrus-ao-governo-de-minas\\\/\",\"name\":\"Ao vivo: Lula participa do lan\\u00e7amento de Patrus ao governo de Minas | Encontra Belo Horizonte\",\"description\":\"Ao vivo: Lula participa do lan\\u00e7amento da campanha de Patrus Ananias ao governo de Minas Gerais.\",\"inLanguage\":\"pt-BR\",\"isPartOf\":{\"@id\":\"https:\\\/\\\/www.encontrabelohorizonte.com.br\\\/sobre\\\/#website\"},\"breadcrumb\":{\"@id\":\"https:\\\/\\\/www.encontrabelohorizonte.com.br\\\/sobre\\\/ao-vivo-lula-participa-do-lancamento-de-patrus-ao-governo-de-minas\\\/#breadcrumblist\"},\"author\":{\"@id\":\"https:\\\/\\\/www.encontrabelohorizonte.com.br\\\/sobre\\\/author\\\/ebelohorizonte\\\/#author\"},\"creator\":{\"@id\":\"https:\\\/\\\/www.encontrabelohorizonte.com.br\\\/sobre\\\/author\\\/ebelohorizonte\\\/#author\"},\"image\":{\"@type\":\"ImageObject\",\"url\":\"https:\\\/\\\/www.encontrabelohorizonte.com.br\\\/sobre\\\/wp-content\\\/uploads\\\/ao-vivo-lula-participa-do-lancamento-de-patrus-ao-governo-de-minas.webp\",\"@id\":\"https:\\\/\\\/www.encontrabelohorizonte.com.br\\\/sobre\\\/ao-vivo-lula-participa-do-lancamento-de-patrus-ao-governo-de-minas\\\/#mainImage\",\"width\":280,\"height\":280,\"caption\":\"lan\\u00e7amento de Patrus ao governo de Minas\"},\"primaryImageOfPage\":{\"@id\":\"https:\\\/\\\/www.encontrabelohorizonte.com.br\\\/sobre\\\/ao-vivo-lula-participa-do-lancamento-de-patrus-ao-governo-de-minas\\\/#mainImage\"},\"datePublished\":\"2026-09-03T05:47:42-03:00\",\"dateModified\":\"2026-09-03T05:47:42-03:00\"},{\"@type\":\"WebSite\",\"@id\":\"https:\\\/\\\/www.encontrabelohorizonte.com.br\\\/sobre\\\/#website\",\"url\":\"https:\\\/\\\/www.encontrabelohorizonte.com.br\\\/sobre\\\/\",\"name\":\"Encontra Belo Horizonte\",\"description\":\"Not\\u00edcias, eventos, informa\\u00e7\\u00f5es e dicas da cidade de Belo Horizonte e regi\\u00e3o\",\"inLanguage\":\"pt-BR\",\"publisher\":{\"@id\":\"https:\\\/\\\/www.encontrabelohorizonte.com.br\\\/sobre\\\/#organization\"}}]}\n\t\t<\/script>\n\t\t<!-- All in One SEO -->\n\n","aioseo_head_json":{"title":"Ao vivo: Lula participa do lan\u00e7amento de Patrus ao governo de Minas | Encontra Belo Horizonte","description":"Ao vivo: Lula participa do lan\u00e7amento da campanha de Patrus Ananias ao governo de Minas Gerais.","canonical_url":"https:\/\/www.encontrabelohorizonte.com.br\/sobre\/ao-vivo-lula-participa-do-lancamento-de-patrus-ao-governo-de-minas\/","robots":"max-image-preview:large","keywords":"","webmasterTools":{"miscellaneous":""},"schema":{"@context":"https:\/\/schema.org","@graph":[{"@type":"Article","@id":"https:\/\/www.encontrabelohorizonte.com.br\/sobre\/ao-vivo-lula-participa-do-lancamento-de-patrus-ao-governo-de-minas\/#article","name":"Ao vivo: Lula participa do lan\u00e7amento de Patrus ao governo de Minas | Encontra Belo Horizonte","headline":"Ao vivo: Lula participa do lan\u00e7amento de Patrus ao governo de Minas","author":{"@id":"https:\/\/www.encontrabelohorizonte.com.br\/sobre\/author\/ebelohorizonte\/#author"},"publisher":{"@id":"https:\/\/www.encontrabelohorizonte.com.br\/sobre\/#organization"},"image":{"@type":"ImageObject","url":"https:\/\/www.encontrabelohorizonte.com.br\/sobre\/wp-content\/uploads\/ao-vivo-lula-participa-do-lancamento-de-patrus-ao-governo-de-minas.webp","width":280,"height":280,"caption":"lan\u00e7amento de Patrus ao governo de Minas"},"datePublished":"2026-09-03T05:47:42-03:00","dateModified":"2026-09-03T05:47:42-03:00","inLanguage":"pt-BR","mainEntityOfPage":{"@id":"https:\/\/www.encontrabelohorizonte.com.br\/sobre\/ao-vivo-lula-participa-do-lancamento-de-patrus-ao-governo-de-minas\/#webpage"},"isPartOf":{"@id":"https:\/\/www.encontrabelohorizonte.com.br\/sobre\/ao-vivo-lula-participa-do-lancamento-de-patrus-ao-governo-de-minas\/#webpage"},"articleSection":"Not\u00edcias Belo Horizonte"},{"@type":"BreadcrumbList","@id":"https:\/\/www.encontrabelohorizonte.com.br\/sobre\/ao-vivo-lula-participa-do-lancamento-de-patrus-ao-governo-de-minas\/#breadcrumblist","itemListElement":[{"@type":"ListItem","@id":"https:\/\/www.encontrabelohorizonte.com.br\/sobre#listItem","position":1,"name":"In\u00edcio","item":"https:\/\/www.encontrabelohorizonte.com.br\/sobre","nextItem":{"@type":"ListItem","@id":"https:\/\/www.encontrabelohorizonte.com.br\/sobre\/noticias\/#listItem","name":"Not\u00edcias Belo Horizonte"}},{"@type":"ListItem","@id":"https:\/\/www.encontrabelohorizonte.com.br\/sobre\/noticias\/#listItem","position":2,"name":"Not\u00edcias Belo Horizonte","item":"https:\/\/www.encontrabelohorizonte.com.br\/sobre\/noticias\/","nextItem":{"@type":"ListItem","@id":"https:\/\/www.encontrabelohorizonte.com.br\/sobre\/ao-vivo-lula-participa-do-lancamento-de-patrus-ao-governo-de-minas\/#listItem","name":"Ao vivo: Lula participa do lan\u00e7amento de Patrus ao governo de Minas"},"previousItem":{"@type":"ListItem","@id":"https:\/\/www.encontrabelohorizonte.com.br\/sobre#listItem","name":"In\u00edcio"}},{"@type":"ListItem","@id":"https:\/\/www.encontrabelohorizonte.com.br\/sobre\/ao-vivo-lula-participa-do-lancamento-de-patrus-ao-governo-de-minas\/#listItem","position":3,"name":"Ao vivo: Lula participa do lan\u00e7amento de Patrus ao governo de Minas","previousItem":{"@type":"ListItem","@id":"https:\/\/www.encontrabelohorizonte.com.br\/sobre\/noticias\/#listItem","name":"Not\u00edcias Belo Horizonte"}}]},{"@type":"Organization","@id":"https:\/\/www.encontrabelohorizonte.com.br\/sobre\/#organization","name":"Encontra Belo Horizonte","description":"Not\u00edcias, eventos, informa\u00e7\u00f5es e dicas da cidade de Belo Horizonte e regi\u00e3o","url":"https:\/\/www.encontrabelohorizonte.com.br\/sobre\/"},{"@type":"Person","@id":"https:\/\/www.encontrabelohorizonte.com.br\/sobre\/author\/ebelohorizonte\/#author","url":"https:\/\/www.encontrabelohorizonte.com.br\/sobre\/author\/ebelohorizonte\/","name":"Encontra Belo Horizonte","image":{"@type":"ImageObject","@id":"https:\/\/www.encontrabelohorizonte.com.br\/sobre\/ao-vivo-lula-participa-do-lancamento-de-patrus-ao-governo-de-minas\/#authorImage","url":"https:\/\/secure.gravatar.com\/avatar\/507340682b8270222e1f208e23198b6ae7e2c6a1033ae84e99bc6bce4f82a387?s=96&d=mm&r=g","width":96,"height":96,"caption":"Encontra Belo Horizonte"}},{"@type":"WebPage","@id":"https:\/\/www.encontrabelohorizonte.com.br\/sobre\/ao-vivo-lula-participa-do-lancamento-de-patrus-ao-governo-de-minas\/#webpage","url":"https:\/\/www.encontrabelohorizonte.com.br\/sobre\/ao-vivo-lula-participa-do-lancamento-de-patrus-ao-governo-de-minas\/","name":"Ao vivo: Lula participa do lan\u00e7amento de Patrus ao governo de Minas | Encontra Belo Horizonte","description":"Ao vivo: Lula participa do lan\u00e7amento da campanha de Patrus Ananias ao governo de Minas Gerais.","inLanguage":"pt-BR","isPartOf":{"@id":"https:\/\/www.encontrabelohorizonte.com.br\/sobre\/#website"},"breadcrumb":{"@id":"https:\/\/www.encontrabelohorizonte.com.br\/sobre\/ao-vivo-lula-participa-do-lancamento-de-patrus-ao-governo-de-minas\/#breadcrumblist"},"author":{"@id":"https:\/\/www.encontrabelohorizonte.com.br\/sobre\/author\/ebelohorizonte\/#author"},"creator":{"@id":"https:\/\/www.encontrabelohorizonte.com.br\/sobre\/author\/ebelohorizonte\/#author"},"image":{"@type":"ImageObject","url":"https:\/\/www.encontrabelohorizonte.com.br\/sobre\/wp-content\/uploads\/ao-vivo-lula-participa-do-lancamento-de-patrus-ao-governo-de-minas.webp","@id":"https:\/\/www.encontrabelohorizonte.com.br\/sobre\/ao-vivo-lula-participa-do-lancamento-de-patrus-ao-governo-de-minas\/#mainImage","width":280,"height":280,"caption":"lan\u00e7amento de Patrus ao governo de Minas"},"primaryImageOfPage":{"@id":"https:\/\/www.encontrabelohorizonte.com.br\/sobre\/ao-vivo-lula-participa-do-lancamento-de-patrus-ao-governo-de-minas\/#mainImage"},"datePublished":"2026-09-03T05:47:42-03:00","dateModified":"2026-09-03T05:47:42-03:00"},{"@type":"WebSite","@id":"https:\/\/www.encontrabelohorizonte.com.br\/sobre\/#website","url":"https:\/\/www.encontrabelohorizonte.com.br\/sobre\/","name":"Encontra Belo Horizonte","description":"Not\u00edcias, eventos, informa\u00e7\u00f5es e dicas da cidade de Belo Horizonte e regi\u00e3o","inLanguage":"pt-BR","publisher":{"@id":"https:\/\/www.encontrabelohorizonte.com.br\/sobre\/#organization"}}]},"og:locale":"pt_BR","og:site_name":"Encontra Belo Horizonte | Not\u00edcias, eventos, informa\u00e7\u00f5es e dicas da cidade de Belo Horizonte e regi\u00e3o","og:type":"article","og:title":"Ao vivo: Lula participa do lan\u00e7amento de Patrus ao governo de Minas | Encontra Belo Horizonte","og:description":"Ao vivo: Lula participa do lan\u00e7amento da campanha de Patrus Ananias ao governo de Minas Gerais.","og:url":"https:\/\/www.encontrabelohorizonte.com.br\/sobre\/ao-vivo-lula-participa-do-lancamento-de-patrus-ao-governo-de-minas\/","article:published_time":"2026-09-03T08:47:42+00:00","article:modified_time":"2026-09-03T08:47:42+00:00","twitter:card":"summary","twitter:title":"Ao vivo: Lula participa do lan\u00e7amento de Patrus ao governo de Minas | Encontra Belo Horizonte","twitter:description":"Ao vivo: Lula participa do lan\u00e7amento da campanha de Patrus Ananias ao governo de Minas Gerais."},"aioseo_meta_data":{"post_id":"4799","title":null,"description":null,"keywords":null,"keyphrases":null,"primary_term":null,"canonical_url":null,"og_title":null,"og_description":null,"og_object_type":"default","og_image_type":"default","og_image_url":null,"og_image_width":null,"og_image_height":null,"og_image_custom_url":null,"og_image_custom_fields":null,"og_video":null,"og_custom_url":null,"og_article_section":null,"og_article_tags":null,"twitter_use_og":false,"twitter_card":"default","twitter_image_type":"default","twitter_image_url":null,"twitter_image_custom_url":null,"twitter_image_custom_fields":null,"twitter_title":null,"twitter_description":null,"schema":{"blockGraphs":[],"customGraphs":[],"default":{"data":{"Article":[],"Course":[],"Dataset":[],"FAQPage":[],"Movie":[],"Person":[],"Product":[],"ProductReview":[],"Car":[],"Recipe":[],"Service":[],"SoftwareApplication":[],"WebPage":[]},"graphName":"Article","isEnabled":true},"graphs":[]},"schema_type":"default","schema_type_options":null,"pillar_content":false,"robots_default":true,"robots_noindex":false,"robots_noarchive":false,"robots_nosnippet":false,"robots_nofollow":false,"robots_noimageindex":false,"robots_noodp":false,"robots_notranslate":false,"robots_max_snippet":null,"robots_max_videopreview":null,"robots_max_imagepreview":"large","priority":null,"frequency":null,"local_seo":null,"breadcrumb_settings":null,"limit_modified_date":false,"ai":null,"created":"2026-09-03 08:47:42","updated":"2026-09-03 09:46:32","focus_keyword":null,"additional_keywords":null,"truseo_locale":null,"seo_analyzer_scan_date":null},"aioseo_breadcrumb":"<div class=\"aioseo-breadcrumbs\"><span class=\"aioseo-breadcrumb\">\n\t\t\t<a href=\"https:\/\/www.encontrabelohorizonte.com.br\/sobre\" title=\"In\u00edcio\">In\u00edcio<\/a>\n\t\t<\/span><span class=\"aioseo-breadcrumb-separator\">&raquo;<\/span><span class=\"aioseo-breadcrumb\">\n\t\t\t<a href=\"https:\/\/www.encontrabelohorizonte.com.br\/sobre\/noticias\/\" title=\"Not\u00edcias Belo Horizonte\">Not\u00edcias Belo Horizonte<\/a>\n\t\t<\/span><span class=\"aioseo-breadcrumb-separator\">&raquo;<\/span><span class=\"aioseo-breadcrumb\">\n\t\t\tAo vivo: Lula participa do lan\u00e7amento de Patrus ao governo de Minas\n\t\t<\/span><\/div>","aioseo_breadcrumb_json":[{"label":"In\u00edcio","link":"https:\/\/www.encontrabelohorizonte.com.br\/sobre"},{"label":"Not\u00edcias Belo Horizonte","link":"https:\/\/www.encontrabelohorizonte.com.br\/sobre\/noticias\/"},{"label":"Ao vivo: Lula participa do lan\u00e7amento de Patrus ao governo de Minas","link":"https:\/\/www.encontrabelohorizonte.com.br\/sobre\/ao-vivo-lula-participa-do-lancamento-de-patrus-ao-governo-de-minas\/"}],"_links":{"self":[{"href":"https:\/\/www.encontrabelohorizonte.com.br\/sobre\/wp-json\/wp\/v2\/posts\/4799","targetHints":{"allow":["GET"]}}],"collection":[{"href":"https:\/\/www.encontrabelohorizonte.com.br\/sobre\/wp-json\/wp\/v2\/posts"}],"about":[{"href":"https:\/\/www.encontrabelohorizonte.com.br\/sobre\/wp-json\/wp\/v2\/types\/post"}],"author":[{"embeddable":true,"href":"https:\/\/www.encontrabelohorizonte.com.br\/sobre\/wp-json\/wp\/v2\/users\/1"}],"replies":[{"embeddable":true,"href":"https:\/\/www.encontrabelohorizonte.com.br\/sobre\/wp-json\/wp\/v2\/comments?post=4799"}],"version-history":[{"count":0,"href":"https:\/\/www.encontrabelohorizonte.com.br\/sobre\/wp-json\/wp\/v2\/posts\/4799\/revisions"}],"wp:featuredmedia":[{"embeddable":true,"href":"https:\/\/www.encontrabelohorizonte.com.br\/sobre\/wp-json\/wp\/v2\/media\/4798"}],"wp:attachment":[{"href":"https:\/\/www.encontrabelohorizonte.com.br\/sobre\/wp-json\/wp\/v2\/media?parent=4799"}],"wp:term":[{"taxonomy":"category","embeddable":true,"href":"https:\/\/www.encontrabelohorizonte.com.br\/sobre\/wp-json\/wp\/v2\/categories?post=4799"},{"taxonomy":"post_tag","embeddable":true,"href":"https:\/\/www.encontrabelohorizonte.com.br\/sobre\/wp-json\/wp\/v2\/tags?post=4799"}],"curies":[{"name":"wp","href":"https:\/\/api.w.org\/{rel}","templated":true}]}}