{"id":4801,"date":"2026-09-03T21:28:33","date_gmt":"2026-09-04T00:28:33","guid":{"rendered":"https:\/\/www.encontrabelohorizonte.com.br\/sobre\/mercado-central-celebra-97-anos-com-festa-gratuita-em-bh\/"},"modified":"2026-09-03T21:28:33","modified_gmt":"2026-09-04T00:28:33","slug":"mercado-central-celebra-97-anos-com-festa-gratuita-em-bh","status":"publish","type":"post","link":"https:\/\/www.encontrabelohorizonte.com.br\/sobre\/mercado-central-celebra-97-anos-com-festa-gratuita-em-bh\/","title":{"rendered":"Mercado Central celebra 97 anos com festa gratuita em BH"},"content":{"rendered":"<div class=\"2e083cf0b19e2c11948dc6ac054ba979\" data-index=\"1\" style=\"float: none; margin:0px;\">\n<!-- Anuncio display - global -->\r\n<ins class=\"adsbygoogle\"\r\n     style=\"display:block\"\r\n     data-ad-client=\"ca-pub-8585364105181520\"\r\n     data-ad-slot=\"8789329856\"\r\n     data-ad-format=\"auto\"\r\n     data-full-width-responsive=\"true\"><\/ins>\r\n<script>\r\n     (adsbygoogle = window.adsbygoogle || []).push({});\r\n<\/script>\n<\/div>\n<h2>Causas Comuns do Erro Just a Moment<\/h2>\n<p>O erro <strong>Just a Moment<\/strong> \u00e9 frequentemente encontrado pelos usu\u00e1rios ao navegar na internet, e v\u00e1rias raz\u00f5es podem levar a esse problema. Aqui est\u00e3o algumas das causas mais comuns:<\/p>\n<ul>\n<li><strong>Problemas de Conex\u00e3o:<\/strong> Interrup\u00e7\u00f5es na conex\u00e3o de internet, como Wi-Fi inst\u00e1vel ou falhas no roteador, s\u00e3o causas recorrentes deste erro.<\/li>\n<li><strong>Cache do Navegador:<\/strong> Dados armazenados no cache do navegador podem ficar corrompidos, impedindo que as p\u00e1ginas sejam carregadas corretamente.<\/li>\n<li><strong>Extens\u00f5es de Navegador:<\/strong> Algumas extens\u00f5es podem interferir no carregamento de p\u00e1ginas, causando atrasos e erros.<\/li>\n<li><strong>Configura\u00e7\u00f5es do Firewall:<\/strong> Filtros e regras de seguran\u00e7a aplicados pelo firewall podem bloquear a comunica\u00e7\u00e3o do navegador com certos sites.<\/li>\n<li><strong>Atualiza\u00e7\u00f5es Pendentes:<\/strong> Navegadores desatualizados podem apresentar incompatibilidades com sites modernos, gerando esse tipo de erro.<\/li>\n<\/ul>\n<h2>Impacto na Experi\u00eancia do Usu\u00e1rio<\/h2>\n<p>Encontrar o erro <strong>Just a Moment<\/strong> pode ser frustrante e prejudicial \u00e0 experi\u00eancia do usu\u00e1rio de v\u00e1rias maneiras:<\/p>\n<ul>\n<li><strong>Interrup\u00e7\u00e3o do Fluxo de Navega\u00e7\u00e3o:<\/strong> A mensagem \u00e9 uma pausa indesejada que impede a navega\u00e7\u00e3o eficiente.<\/li>\n<li><strong>Perda de Tempo:<\/strong> Usu\u00e1rios podem desperdi\u00e7ar minutos esperando que a p\u00e1gina carregue, afetando a produtividade.<\/li>\n<li><strong>Imprecis\u00e3o de Informa\u00e7\u00f5es:<\/strong> O acesso a dados e conte\u00fados importantes pode ser comprometido, especialmente em ambientes de trabalho.<\/li>\n<li><strong>Reputa\u00e7\u00e3o do Site:<\/strong> Quando os usu\u00e1rios enfrentam repetidamente esse erro, pode impactar negativamente a percep\u00e7\u00e3o sobre o site visitado.<\/li>\n<\/ul>\n<h2>Como Diagnosticar Problemas de Conex\u00e3o<\/h2>\n<p>Para resolver o erro <strong>Just a Moment<\/strong>, \u00e9 fundamental identificar a origem do problema. Veja como diagnosticar:<\/p>\n<p><img decoding=\"async\" src=\"https:\/\/www.encontrabelohorizonte.com.br\/sobre\/wp-content\/uploads\/mercado-central-celebra-97-anos-com-festa-gratuita-em-bh.webp\" alt=\"Just a Moment\" loading=\"lazy\" \/><\/p>\n<ul>\n<li><strong>Testar a Conex\u00e3o de Internet:<\/strong> Use outros dispositivos para verificar se a conex\u00e3o geral est\u00e1 funcionando.<\/li>\n<li><strong>Reiniciar o Roteador:<\/strong> Muitas vezes, uma simples reinicializa\u00e7\u00e3o do roteador resolve problemas tempor\u00e1rios de conectividade.<\/li>\n<li><strong>Verificar O Status do Servidor:<\/strong> Algumas vezes, o problema pode estar no servidor do site. Utilize ferramentas online para conferir se o site est\u00e1 fora do ar.<\/li>\n<li><strong>Limpar o Cache do Navegador:<\/strong> A limpeza peri\u00f3dica do cache pode resolver erros relacionados a dados antigos.<\/li>\n<\/ul>\n<h2>Solu\u00e7\u00f5es R\u00e1pidas para Just a Moment<\/h2>\n<p>Se voc\u00ea se deparou com o erro <strong>Just a Moment<\/strong>, aqui est\u00e3o algumas solu\u00e7\u00f5es r\u00e1pidas:<\/p>\n<ul>\n<li><strong>Atualizar a P\u00e1gina:<\/strong> \u00c0s vezes, simplesmente atualizar a p\u00e1gina ajuda a resolver o problema.<\/li>\n<li><strong>Alterar o Navegador:<\/strong> Tentar acessar o site em um navegador diferente pode resolver incompatibilidades.<\/li>\n<li><strong>Desativar Extens\u00f5es:<\/strong> Pause todas as extens\u00f5es do navegador para identificar se alguma delas est\u00e1 causando o erro.<\/li>\n<li><strong>Verificar Configura\u00e7\u00f5es do Firewall:<\/strong> Olhe se o seu firewall est\u00e1 bloqueando a comunica\u00e7\u00e3o com websites espec\u00edficos.<\/li>\n<\/ul>\n<h2>Quando Procurar Ajuda T\u00e9cnica<\/h2>\n<p>Se as solu\u00e7\u00f5es r\u00e1pidas n\u00e3o resolverem, pode ser necess\u00e1rio buscar suporte t\u00e9cnico. Considere isso quando:<\/p>\n<ul>\n<li><strong>Problemas Persistentes:<\/strong> A mensagem de erro continua aparecendo ap\u00f3s v\u00e1rias tentativas de resolu\u00e7\u00e3o.<\/li>\n<li><strong>Acesso a Servi\u00e7os Cr\u00edticos:<\/strong> Para ambientes profissionais, onde o tempo \u00e9 crucial.<\/li>\n<li><strong>Verifica\u00e7\u00e3o Completa do Sistema:<\/strong> Quando suspeitar que h\u00e1 problemas maiores no seu computador ou rede.<\/li>\n<\/ul>\n<h2>O Papel da Sua Conex\u00e3o Internet<\/h2>\n<p>A qualidade da sua conex\u00e3o de internet \u00e9 vital para evitar o erro <strong>Just a Moment<\/strong>. Veja alguns fatores que influenciam:<\/p>\n<ul>\n<li><strong>Velocidade da Internet:<\/strong> Conex\u00f5es lentas podem causar atrasos e erros no carregamento de p\u00e1ginas.<\/li>\n<li><strong>Estabilidade da Conex\u00e3o:<\/strong> Interrup\u00e7\u00f5es frequentes podem resultar em problemas de carregamento.<\/li>\n<li><strong>Tipo de Conex\u00e3o:<\/strong> Conex\u00f5es via cabo geralmente oferecem maior estabilidade comparadas a Wi-Fi.<\/li>\n<\/ul>\n<h2>Preven\u00e7\u00e3o de Erros Comuns de Navega\u00e7\u00e3o<\/h2>\n<p>Adotar boas pr\u00e1ticas pode ajudar a prevenir o erro <strong>Just a Moment<\/strong>. Considere as seguintes dicas:<\/p>\n<ul>\n<li><strong>Atualiza\u00e7\u00f5es Regulares:<\/strong> Manter o navegador e sistemas atualizados \u00e9 fundamental para a compatibilidade.<\/li>\n<li><strong>Limpeza de Dados:<\/strong> Limpe cache e cookies regularmente para evitar problemas de carregamento.<\/li>\n<li><strong>Monitore Conex\u00f5es:<\/strong> Verifique a sa\u00fade da sua conex\u00e3o com frequ\u00eancia.<\/li>\n<\/ul>\n<h2>A Import\u00e2ncia de Atualiza\u00e7\u00f5es de Navegador<\/h2>\n<p>Mant\u00ea-lo sempre atualizado traz benef\u00edcios significativos:<\/p>\n<ul>\n<li><strong>Seguran\u00e7a:<\/strong> Atualiza\u00e7\u00f5es frequentemente corrigem vulnerabilidades.<\/li>\n<li><strong>Compatibilidade:<\/strong> Navegadores atualizados lidam melhor com sites modernos.<\/li>\n<li><strong>Desempenho:<\/strong> Vers\u00f5es recentes costumam ter desempenho aprimorado e menos bugs.<\/li>\n<\/ul>\n<h2>Alternativas ao Uso de Navegadores Padr\u00e3o<\/h2>\n<p>Se o problema persistir, considere explorar outras op\u00e7\u00f5es de navegadores:<\/p>\n<ul>\n<li><strong>Mozilla Firefox:<\/strong> Um navegador leve que pode oferecer uma experi\u00eancia aprimorada.<\/li>\n<li><strong>Microsoft Edge:<\/strong> Conhecido por sua integra\u00e7\u00e3o com Windows e bom desempenho.<\/li>\n<li><strong>Opera:<\/strong> Oferece recursos inovadores e uma interface intuitiva.<\/li>\n<\/ul>\n<h2>Ferramentas \u00dateis para Diagnosticar Problemas<\/h2>\n<p>Diversas ferramentas podem auxiliar na detec\u00e7\u00e3o e resolu\u00e7\u00e3o de problemas de conex\u00e3o:<\/p>\n<ul>\n<li><strong>Ping:<\/strong> Um comando simples para verificar a lat\u00eancia da conex\u00e3o.<\/li>\n<li><strong>Tracert:<\/strong> Ajuda a identificar onde pode estar ocorrendo a falha na comunica\u00e7\u00e3o.<\/li>\n<li><strong>Speedtest:<\/strong> Mede a velocidade da sua conex\u00e3o de internet.<\/li>\n<\/ul>\n\n<div style=\"font-size: 0px; height: 0px; line-height: 0px; margin: 0; padding: 0; clear: both;\"><\/div>","protected":false},"excerpt":{"rendered":"<p>Just a Moment \u00e9 um erro comum que muitos usu\u00e1rios enfrentam. Descubra como resolv\u00ea-lo!<\/p>\n","protected":false},"author":1,"featured_media":4800,"comment_status":"closed","ping_status":"closed","sticky":false,"template":"","format":"standard","meta":{"footnotes":""},"categories":[37],"tags":[],"class_list":["post-4801","post","type-post","status-publish","format-standard","has-post-thumbnail","hentry","category-cultura","has_thumb"],"aioseo_notices":[],"aioseo_head":"\n\t\t<!-- All in One SEO 5.0.0.1 - aioseo.com -->\n\t<meta name=\"description\" content=\"Just a Moment \u00e9 um erro comum que muitos usu\u00e1rios enfrentam. Descubra como resolv\u00ea-lo!\" \/>\n\t<meta name=\"robots\" content=\"max-image-preview:large\" \/>\n\t<meta name=\"author\" content=\"Encontra Belo Horizonte\"\/>\n\t<link rel=\"canonical\" href=\"https:\/\/www.encontrabelohorizonte.com.br\/sobre\/mercado-central-celebra-97-anos-com-festa-gratuita-em-bh\/\" \/>\n\t<meta name=\"generator\" content=\"All in One SEO (AIOSEO) 5.0.0.1\" \/>\n\t\t<meta property=\"og:locale\" content=\"pt_BR\" \/>\n\t\t<meta property=\"og:site_name\" content=\"Encontra Belo Horizonte | Not\u00edcias, eventos, informa\u00e7\u00f5es e dicas da cidade de Belo Horizonte e regi\u00e3o\" \/>\n\t\t<meta property=\"og:type\" content=\"article\" \/>\n\t\t<meta property=\"og:title\" content=\"Mercado Central celebra 97 anos com festa gratuita em BH | Encontra Belo Horizonte\" \/>\n\t\t<meta property=\"og:description\" content=\"Just a Moment \u00e9 um erro comum que muitos usu\u00e1rios enfrentam. Descubra como resolv\u00ea-lo!\" \/>\n\t\t<meta property=\"og:url\" content=\"https:\/\/www.encontrabelohorizonte.com.br\/sobre\/mercado-central-celebra-97-anos-com-festa-gratuita-em-bh\/\" \/>\n\t\t<meta property=\"article:published_time\" content=\"2026-09-04T00:28:33+00:00\" \/>\n\t\t<meta property=\"article:modified_time\" content=\"2026-09-04T00:28:33+00:00\" \/>\n\t\t<meta name=\"twitter:card\" content=\"summary\" \/>\n\t\t<meta name=\"twitter:title\" content=\"Mercado Central celebra 97 anos com festa gratuita em BH | Encontra Belo Horizonte\" \/>\n\t\t<meta name=\"twitter:description\" content=\"Just a Moment \u00e9 um erro comum que muitos usu\u00e1rios enfrentam. Descubra como resolv\u00ea-lo!\" \/>\n\t\t<script type=\"application\/ld+json\" class=\"aioseo-schema\">\n\t\t\t{\"@context\":\"https:\\\/\\\/schema.org\",\"@graph\":[{\"@type\":\"Article\",\"@id\":\"https:\\\/\\\/www.encontrabelohorizonte.com.br\\\/sobre\\\/mercado-central-celebra-97-anos-com-festa-gratuita-em-bh\\\/#article\",\"name\":\"Mercado Central celebra 97 anos com festa gratuita em BH | Encontra Belo Horizonte\",\"headline\":\"Mercado Central celebra 97 anos com festa gratuita em BH\",\"author\":{\"@id\":\"https:\\\/\\\/www.encontrabelohorizonte.com.br\\\/sobre\\\/author\\\/ebelohorizonte\\\/#author\"},\"publisher\":{\"@id\":\"https:\\\/\\\/www.encontrabelohorizonte.com.br\\\/sobre\\\/#organization\"},\"image\":{\"@type\":\"ImageObject\",\"url\":\"https:\\\/\\\/www.encontrabelohorizonte.com.br\\\/sobre\\\/wp-content\\\/uploads\\\/mercado-central-celebra-97-anos-com-festa-gratuita-em-bh.webp\",\"width\":280,\"height\":280,\"caption\":\"Just a Moment\"},\"datePublished\":\"2026-09-03T21:28:33-03:00\",\"dateModified\":\"2026-09-03T21:28:33-03:00\",\"inLanguage\":\"pt-BR\",\"mainEntityOfPage\":{\"@id\":\"https:\\\/\\\/www.encontrabelohorizonte.com.br\\\/sobre\\\/mercado-central-celebra-97-anos-com-festa-gratuita-em-bh\\\/#webpage\"},\"isPartOf\":{\"@id\":\"https:\\\/\\\/www.encontrabelohorizonte.com.br\\\/sobre\\\/mercado-central-celebra-97-anos-com-festa-gratuita-em-bh\\\/#webpage\"},\"articleSection\":\"Cultura Belo Horizonte\"},{\"@type\":\"BreadcrumbList\",\"@id\":\"https:\\\/\\\/www.encontrabelohorizonte.com.br\\\/sobre\\\/mercado-central-celebra-97-anos-com-festa-gratuita-em-bh\\\/#breadcrumblist\",\"itemListElement\":[{\"@type\":\"ListItem\",\"@id\":\"https:\\\/\\\/www.encontrabelohorizonte.com.br\\\/sobre#listItem\",\"position\":1,\"name\":\"In\\u00edcio\",\"item\":\"https:\\\/\\\/www.encontrabelohorizonte.com.br\\\/sobre\",\"nextItem\":{\"@type\":\"ListItem\",\"@id\":\"https:\\\/\\\/www.encontrabelohorizonte.com.br\\\/sobre\\\/cultura\\\/#listItem\",\"name\":\"Cultura Belo Horizonte\"}},{\"@type\":\"ListItem\",\"@id\":\"https:\\\/\\\/www.encontrabelohorizonte.com.br\\\/sobre\\\/cultura\\\/#listItem\",\"position\":2,\"name\":\"Cultura Belo Horizonte\",\"item\":\"https:\\\/\\\/www.encontrabelohorizonte.com.br\\\/sobre\\\/cultura\\\/\",\"nextItem\":{\"@type\":\"ListItem\",\"@id\":\"https:\\\/\\\/www.encontrabelohorizonte.com.br\\\/sobre\\\/mercado-central-celebra-97-anos-com-festa-gratuita-em-bh\\\/#listItem\",\"name\":\"Mercado Central celebra 97 anos com festa gratuita em BH\"},\"previousItem\":{\"@type\":\"ListItem\",\"@id\":\"https:\\\/\\\/www.encontrabelohorizonte.com.br\\\/sobre#listItem\",\"name\":\"In\\u00edcio\"}},{\"@type\":\"ListItem\",\"@id\":\"https:\\\/\\\/www.encontrabelohorizonte.com.br\\\/sobre\\\/mercado-central-celebra-97-anos-com-festa-gratuita-em-bh\\\/#listItem\",\"position\":3,\"name\":\"Mercado Central celebra 97 anos com festa gratuita em BH\",\"previousItem\":{\"@type\":\"ListItem\",\"@id\":\"https:\\\/\\\/www.encontrabelohorizonte.com.br\\\/sobre\\\/cultura\\\/#listItem\",\"name\":\"Cultura Belo Horizonte\"}}]},{\"@type\":\"Organization\",\"@id\":\"https:\\\/\\\/www.encontrabelohorizonte.com.br\\\/sobre\\\/#organization\",\"name\":\"Encontra Belo Horizonte\",\"description\":\"Not\\u00edcias, eventos, informa\\u00e7\\u00f5es e dicas da cidade de Belo Horizonte e regi\\u00e3o\",\"url\":\"https:\\\/\\\/www.encontrabelohorizonte.com.br\\\/sobre\\\/\"},{\"@type\":\"Person\",\"@id\":\"https:\\\/\\\/www.encontrabelohorizonte.com.br\\\/sobre\\\/author\\\/ebelohorizonte\\\/#author\",\"url\":\"https:\\\/\\\/www.encontrabelohorizonte.com.br\\\/sobre\\\/author\\\/ebelohorizonte\\\/\",\"name\":\"Encontra Belo Horizonte\",\"image\":{\"@type\":\"ImageObject\",\"@id\":\"https:\\\/\\\/www.encontrabelohorizonte.com.br\\\/sobre\\\/mercado-central-celebra-97-anos-com-festa-gratuita-em-bh\\\/#authorImage\",\"url\":\"https:\\\/\\\/secure.gravatar.com\\\/avatar\\\/507340682b8270222e1f208e23198b6ae7e2c6a1033ae84e99bc6bce4f82a387?s=96&d=mm&r=g\",\"width\":96,\"height\":96,\"caption\":\"Encontra Belo Horizonte\"}},{\"@type\":\"WebPage\",\"@id\":\"https:\\\/\\\/www.encontrabelohorizonte.com.br\\\/sobre\\\/mercado-central-celebra-97-anos-com-festa-gratuita-em-bh\\\/#webpage\",\"url\":\"https:\\\/\\\/www.encontrabelohorizonte.com.br\\\/sobre\\\/mercado-central-celebra-97-anos-com-festa-gratuita-em-bh\\\/\",\"name\":\"Mercado Central celebra 97 anos com festa gratuita em BH | Encontra Belo Horizonte\",\"description\":\"Just a Moment \\u00e9 um erro comum que muitos usu\\u00e1rios enfrentam. Descubra como resolv\\u00ea-lo!\",\"inLanguage\":\"pt-BR\",\"isPartOf\":{\"@id\":\"https:\\\/\\\/www.encontrabelohorizonte.com.br\\\/sobre\\\/#website\"},\"breadcrumb\":{\"@id\":\"https:\\\/\\\/www.encontrabelohorizonte.com.br\\\/sobre\\\/mercado-central-celebra-97-anos-com-festa-gratuita-em-bh\\\/#breadcrumblist\"},\"author\":{\"@id\":\"https:\\\/\\\/www.encontrabelohorizonte.com.br\\\/sobre\\\/author\\\/ebelohorizonte\\\/#author\"},\"creator\":{\"@id\":\"https:\\\/\\\/www.encontrabelohorizonte.com.br\\\/sobre\\\/author\\\/ebelohorizonte\\\/#author\"},\"image\":{\"@type\":\"ImageObject\",\"url\":\"https:\\\/\\\/www.encontrabelohorizonte.com.br\\\/sobre\\\/wp-content\\\/uploads\\\/mercado-central-celebra-97-anos-com-festa-gratuita-em-bh.webp\",\"@id\":\"https:\\\/\\\/www.encontrabelohorizonte.com.br\\\/sobre\\\/mercado-central-celebra-97-anos-com-festa-gratuita-em-bh\\\/#mainImage\",\"width\":280,\"height\":280,\"caption\":\"Just a Moment\"},\"primaryImageOfPage\":{\"@id\":\"https:\\\/\\\/www.encontrabelohorizonte.com.br\\\/sobre\\\/mercado-central-celebra-97-anos-com-festa-gratuita-em-bh\\\/#mainImage\"},\"datePublished\":\"2026-09-03T21:28:33-03:00\",\"dateModified\":\"2026-09-03T21:28:33-03:00\"},{\"@type\":\"WebSite\",\"@id\":\"https:\\\/\\\/www.encontrabelohorizonte.com.br\\\/sobre\\\/#website\",\"url\":\"https:\\\/\\\/www.encontrabelohorizonte.com.br\\\/sobre\\\/\",\"name\":\"Encontra Belo Horizonte\",\"description\":\"Not\\u00edcias, eventos, informa\\u00e7\\u00f5es e dicas da cidade de Belo Horizonte e regi\\u00e3o\",\"inLanguage\":\"pt-BR\",\"publisher\":{\"@id\":\"https:\\\/\\\/www.encontrabelohorizonte.com.br\\\/sobre\\\/#organization\"}}]}\n\t\t<\/script>\n\t\t<!-- All in One SEO -->\n\n","aioseo_head_json":{"title":"Mercado Central celebra 97 anos com festa gratuita em BH | Encontra Belo Horizonte","description":"Just a Moment \u00e9 um erro comum que muitos usu\u00e1rios enfrentam. Descubra como resolv\u00ea-lo!","canonical_url":"https:\/\/www.encontrabelohorizonte.com.br\/sobre\/mercado-central-celebra-97-anos-com-festa-gratuita-em-bh\/","robots":"max-image-preview:large","keywords":"","webmasterTools":{"miscellaneous":""},"schema":{"@context":"https:\/\/schema.org","@graph":[{"@type":"Article","@id":"https:\/\/www.encontrabelohorizonte.com.br\/sobre\/mercado-central-celebra-97-anos-com-festa-gratuita-em-bh\/#article","name":"Mercado Central celebra 97 anos com festa gratuita em BH | Encontra Belo Horizonte","headline":"Mercado Central celebra 97 anos com festa gratuita em BH","author":{"@id":"https:\/\/www.encontrabelohorizonte.com.br\/sobre\/author\/ebelohorizonte\/#author"},"publisher":{"@id":"https:\/\/www.encontrabelohorizonte.com.br\/sobre\/#organization"},"image":{"@type":"ImageObject","url":"https:\/\/www.encontrabelohorizonte.com.br\/sobre\/wp-content\/uploads\/mercado-central-celebra-97-anos-com-festa-gratuita-em-bh.webp","width":280,"height":280,"caption":"Just a Moment"},"datePublished":"2026-09-03T21:28:33-03:00","dateModified":"2026-09-03T21:28:33-03:00","inLanguage":"pt-BR","mainEntityOfPage":{"@id":"https:\/\/www.encontrabelohorizonte.com.br\/sobre\/mercado-central-celebra-97-anos-com-festa-gratuita-em-bh\/#webpage"},"isPartOf":{"@id":"https:\/\/www.encontrabelohorizonte.com.br\/sobre\/mercado-central-celebra-97-anos-com-festa-gratuita-em-bh\/#webpage"},"articleSection":"Cultura Belo Horizonte"},{"@type":"BreadcrumbList","@id":"https:\/\/www.encontrabelohorizonte.com.br\/sobre\/mercado-central-celebra-97-anos-com-festa-gratuita-em-bh\/#breadcrumblist","itemListElement":[{"@type":"ListItem","@id":"https:\/\/www.encontrabelohorizonte.com.br\/sobre#listItem","position":1,"name":"In\u00edcio","item":"https:\/\/www.encontrabelohorizonte.com.br\/sobre","nextItem":{"@type":"ListItem","@id":"https:\/\/www.encontrabelohorizonte.com.br\/sobre\/cultura\/#listItem","name":"Cultura Belo Horizonte"}},{"@type":"ListItem","@id":"https:\/\/www.encontrabelohorizonte.com.br\/sobre\/cultura\/#listItem","position":2,"name":"Cultura Belo Horizonte","item":"https:\/\/www.encontrabelohorizonte.com.br\/sobre\/cultura\/","nextItem":{"@type":"ListItem","@id":"https:\/\/www.encontrabelohorizonte.com.br\/sobre\/mercado-central-celebra-97-anos-com-festa-gratuita-em-bh\/#listItem","name":"Mercado Central celebra 97 anos com festa gratuita em BH"},"previousItem":{"@type":"ListItem","@id":"https:\/\/www.encontrabelohorizonte.com.br\/sobre#listItem","name":"In\u00edcio"}},{"@type":"ListItem","@id":"https:\/\/www.encontrabelohorizonte.com.br\/sobre\/mercado-central-celebra-97-anos-com-festa-gratuita-em-bh\/#listItem","position":3,"name":"Mercado Central celebra 97 anos com festa gratuita em BH","previousItem":{"@type":"ListItem","@id":"https:\/\/www.encontrabelohorizonte.com.br\/sobre\/cultura\/#listItem","name":"Cultura Belo Horizonte"}}]},{"@type":"Organization","@id":"https:\/\/www.encontrabelohorizonte.com.br\/sobre\/#organization","name":"Encontra Belo Horizonte","description":"Not\u00edcias, eventos, informa\u00e7\u00f5es e dicas da cidade de Belo Horizonte e regi\u00e3o","url":"https:\/\/www.encontrabelohorizonte.com.br\/sobre\/"},{"@type":"Person","@id":"https:\/\/www.encontrabelohorizonte.com.br\/sobre\/author\/ebelohorizonte\/#author","url":"https:\/\/www.encontrabelohorizonte.com.br\/sobre\/author\/ebelohorizonte\/","name":"Encontra Belo Horizonte","image":{"@type":"ImageObject","@id":"https:\/\/www.encontrabelohorizonte.com.br\/sobre\/mercado-central-celebra-97-anos-com-festa-gratuita-em-bh\/#authorImage","url":"https:\/\/secure.gravatar.com\/avatar\/507340682b8270222e1f208e23198b6ae7e2c6a1033ae84e99bc6bce4f82a387?s=96&d=mm&r=g","width":96,"height":96,"caption":"Encontra Belo Horizonte"}},{"@type":"WebPage","@id":"https:\/\/www.encontrabelohorizonte.com.br\/sobre\/mercado-central-celebra-97-anos-com-festa-gratuita-em-bh\/#webpage","url":"https:\/\/www.encontrabelohorizonte.com.br\/sobre\/mercado-central-celebra-97-anos-com-festa-gratuita-em-bh\/","name":"Mercado Central celebra 97 anos com festa gratuita em BH | Encontra Belo Horizonte","description":"Just a Moment \u00e9 um erro comum que muitos usu\u00e1rios enfrentam. Descubra como resolv\u00ea-lo!","inLanguage":"pt-BR","isPartOf":{"@id":"https:\/\/www.encontrabelohorizonte.com.br\/sobre\/#website"},"breadcrumb":{"@id":"https:\/\/www.encontrabelohorizonte.com.br\/sobre\/mercado-central-celebra-97-anos-com-festa-gratuita-em-bh\/#breadcrumblist"},"author":{"@id":"https:\/\/www.encontrabelohorizonte.com.br\/sobre\/author\/ebelohorizonte\/#author"},"creator":{"@id":"https:\/\/www.encontrabelohorizonte.com.br\/sobre\/author\/ebelohorizonte\/#author"},"image":{"@type":"ImageObject","url":"https:\/\/www.encontrabelohorizonte.com.br\/sobre\/wp-content\/uploads\/mercado-central-celebra-97-anos-com-festa-gratuita-em-bh.webp","@id":"https:\/\/www.encontrabelohorizonte.com.br\/sobre\/mercado-central-celebra-97-anos-com-festa-gratuita-em-bh\/#mainImage","width":280,"height":280,"caption":"Just a Moment"},"primaryImageOfPage":{"@id":"https:\/\/www.encontrabelohorizonte.com.br\/sobre\/mercado-central-celebra-97-anos-com-festa-gratuita-em-bh\/#mainImage"},"datePublished":"2026-09-03T21:28:33-03:00","dateModified":"2026-09-03T21:28:33-03:00"},{"@type":"WebSite","@id":"https:\/\/www.encontrabelohorizonte.com.br\/sobre\/#website","url":"https:\/\/www.encontrabelohorizonte.com.br\/sobre\/","name":"Encontra Belo Horizonte","description":"Not\u00edcias, eventos, informa\u00e7\u00f5es e dicas da cidade de Belo Horizonte e regi\u00e3o","inLanguage":"pt-BR","publisher":{"@id":"https:\/\/www.encontrabelohorizonte.com.br\/sobre\/#organization"}}]},"og:locale":"pt_BR","og:site_name":"Encontra Belo Horizonte | Not\u00edcias, eventos, informa\u00e7\u00f5es e dicas da cidade de Belo Horizonte e regi\u00e3o","og:type":"article","og:title":"Mercado Central celebra 97 anos com festa gratuita em BH | Encontra Belo Horizonte","og:description":"Just a Moment \u00e9 um erro comum que muitos usu\u00e1rios enfrentam. Descubra como resolv\u00ea-lo!","og:url":"https:\/\/www.encontrabelohorizonte.com.br\/sobre\/mercado-central-celebra-97-anos-com-festa-gratuita-em-bh\/","article:published_time":"2026-09-04T00:28:33+00:00","article:modified_time":"2026-09-04T00:28:33+00:00","twitter:card":"summary","twitter:title":"Mercado Central celebra 97 anos com festa gratuita em BH | Encontra Belo Horizonte","twitter:description":"Just a Moment \u00e9 um erro comum que muitos usu\u00e1rios enfrentam. Descubra como resolv\u00ea-lo!"},"aioseo_meta_data":{"post_id":"4801","title":null,"description":null,"keywords":null,"keyphrases":null,"primary_term":null,"canonical_url":null,"og_title":null,"og_description":null,"og_object_type":"default","og_image_type":"default","og_image_url":null,"og_image_width":null,"og_image_height":null,"og_image_custom_url":null,"og_image_custom_fields":null,"og_video":null,"og_custom_url":null,"og_article_section":null,"og_article_tags":null,"twitter_use_og":false,"twitter_card":"default","twitter_image_type":"default","twitter_image_url":null,"twitter_image_custom_url":null,"twitter_image_custom_fields":null,"twitter_title":null,"twitter_description":null,"schema":{"blockGraphs":[],"customGraphs":[],"default":{"data":{"Article":[],"Course":[],"Dataset":[],"FAQPage":[],"Movie":[],"Person":[],"Product":[],"ProductReview":[],"Car":[],"Recipe":[],"Service":[],"SoftwareApplication":[],"WebPage":[]},"graphName":"Article","isEnabled":true},"graphs":[]},"schema_type":"default","schema_type_options":null,"pillar_content":false,"robots_default":true,"robots_noindex":false,"robots_noarchive":false,"robots_nosnippet":false,"robots_nofollow":false,"robots_noimageindex":false,"robots_noodp":false,"robots_notranslate":false,"robots_max_snippet":null,"robots_max_videopreview":null,"robots_max_imagepreview":"large","priority":null,"frequency":null,"local_seo":null,"breadcrumb_settings":null,"limit_modified_date":false,"ai":null,"created":"2026-09-04 00:28:33","updated":"2026-09-04 01:05:59","focus_keyword":null,"additional_keywords":null,"truseo_locale":null,"seo_analyzer_scan_date":null},"aioseo_breadcrumb":"<div class=\"aioseo-breadcrumbs\"><span class=\"aioseo-breadcrumb\">\n\t\t\t<a href=\"https:\/\/www.encontrabelohorizonte.com.br\/sobre\" title=\"In\u00edcio\">In\u00edcio<\/a>\n\t\t<\/span><span class=\"aioseo-breadcrumb-separator\">&raquo;<\/span><span class=\"aioseo-breadcrumb\">\n\t\t\t<a href=\"https:\/\/www.encontrabelohorizonte.com.br\/sobre\/cultura\/\" title=\"Cultura Belo Horizonte\">Cultura Belo Horizonte<\/a>\n\t\t<\/span><span class=\"aioseo-breadcrumb-separator\">&raquo;<\/span><span class=\"aioseo-breadcrumb\">\n\t\t\tMercado Central celebra 97 anos com festa gratuita em BH\n\t\t<\/span><\/div>","aioseo_breadcrumb_json":[{"label":"In\u00edcio","link":"https:\/\/www.encontrabelohorizonte.com.br\/sobre"},{"label":"Cultura Belo Horizonte","link":"https:\/\/www.encontrabelohorizonte.com.br\/sobre\/cultura\/"},{"label":"Mercado Central celebra 97 anos com festa gratuita em BH","link":"https:\/\/www.encontrabelohorizonte.com.br\/sobre\/mercado-central-celebra-97-anos-com-festa-gratuita-em-bh\/"}],"_links":{"self":[{"href":"https:\/\/www.encontrabelohorizonte.com.br\/sobre\/wp-json\/wp\/v2\/posts\/4801","targetHints":{"allow":["GET"]}}],"collection":[{"href":"https:\/\/www.encontrabelohorizonte.com.br\/sobre\/wp-json\/wp\/v2\/posts"}],"about":[{"href":"https:\/\/www.encontrabelohorizonte.com.br\/sobre\/wp-json\/wp\/v2\/types\/post"}],"author":[{"embeddable":true,"href":"https:\/\/www.encontrabelohorizonte.com.br\/sobre\/wp-json\/wp\/v2\/users\/1"}],"replies":[{"embeddable":true,"href":"https:\/\/www.encontrabelohorizonte.com.br\/sobre\/wp-json\/wp\/v2\/comments?post=4801"}],"version-history":[{"count":0,"href":"https:\/\/www.encontrabelohorizonte.com.br\/sobre\/wp-json\/wp\/v2\/posts\/4801\/revisions"}],"wp:featuredmedia":[{"embeddable":true,"href":"https:\/\/www.encontrabelohorizonte.com.br\/sobre\/wp-json\/wp\/v2\/media\/4800"}],"wp:attachment":[{"href":"https:\/\/www.encontrabelohorizonte.com.br\/sobre\/wp-json\/wp\/v2\/media?parent=4801"}],"wp:term":[{"taxonomy":"category","embeddable":true,"href":"https:\/\/www.encontrabelohorizonte.com.br\/sobre\/wp-json\/wp\/v2\/categories?post=4801"},{"taxonomy":"post_tag","embeddable":true,"href":"https:\/\/www.encontrabelohorizonte.com.br\/sobre\/wp-json\/wp\/v2\/tags?post=4801"}],"curies":[{"name":"wp","href":"https:\/\/api.w.org\/{rel}","templated":true}]}}