{"id":4803,"date":"2026-09-03T21:29:36","date_gmt":"2026-09-04T00:29:36","guid":{"rendered":"https:\/\/www.encontrabelohorizonte.com.br\/sobre\/reclamacoes-de-falta-de-agua-disparam-em-bh-e-arsae\/"},"modified":"2026-09-03T21:29:36","modified_gmt":"2026-09-04T00:29:36","slug":"reclamacoes-de-falta-de-agua-disparam-em-bh-e-arsae","status":"publish","type":"post","link":"https:\/\/www.encontrabelohorizonte.com.br\/sobre\/reclamacoes-de-falta-de-agua-disparam-em-bh-e-arsae\/","title":{"rendered":"Reclama\u00e7\u00f5es de falta de \u00e1gua disparam em BH, e Arsae"},"content":{"rendered":"<div class=\"2e083cf0b19e2c11948dc6ac054ba979\" data-index=\"1\" style=\"float: none; margin:0px;\">\n<!-- Anuncio display - global -->\r\n<ins class=\"adsbygoogle\"\r\n     style=\"display:block\"\r\n     data-ad-client=\"ca-pub-8585364105181520\"\r\n     data-ad-slot=\"8789329856\"\r\n     data-ad-format=\"auto\"\r\n     data-full-width-responsive=\"true\"><\/ins>\r\n<script>\r\n     (adsbygoogle = window.adsbygoogle || []).push({});\r\n<\/script>\n<\/div>\n<h2>Crescimento das reclama\u00e7\u00f5es por falta de \u00e1gua em BH<\/h2>\n<p>Nos \u00faltimos dias, as queixas sobre a falta de \u00e1gua em Belo Horizonte e sua regi\u00e3o metropolitana tiveram um crescimento significativo. A Ag\u00eancia Reguladora de Saneamento e Energia de Minas Gerais (Arsae-MG) relatou que a m\u00e9dia di\u00e1ria de reclama\u00e7\u00f5es quase triplicou a partir da \u00faltima segunda-feira (28). Isso representa um aumento alarmante de insatisfa\u00e7\u00e3o entre a popula\u00e7\u00e3o que, em algumas \u00e1reas, est\u00e1 enfrentando a falta de \u00e1gua por at\u00e9 dez dias consecutivos.<\/p>\n<h2>Fazendo frente \u00e0 crise: a\u00e7\u00f5es da Arsae-MG<\/h2>\n<p>Com a situa\u00e7\u00e3o se deteriorando, a Arsae-MG iniciou uma s\u00e9rie de fiscaliza\u00e7\u00f5es nos bairros mais afetados, como Independ\u00eancia e Lindeia. Na quarta-feira (2), os fiscais estiveram em campo para medir a press\u00e3o nos hidr\u00f4metros e coletar informa\u00e7\u00f5es sobre os problemas enfrentados pelos residentes. Os dados ser\u00e3o compilados e enviados para a Copasa, a companhia respons\u00e1vel pelo abastecimento de \u00e1gua, na esperan\u00e7a de que medidas imediatas sejam tomadas para reverter o quadro.<\/p>\n<h2>Impactos da falta de \u00e1gua na rotina dos moradores<\/h2>\n<p>A aus\u00eancia de \u00e1gua pot\u00e1vel trouxe transtornos significativos \u00e0 rotina dos moradores. As pessoas est\u00e3o tendo que mudar suas rotinas di\u00e1rias, lidando com limita\u00e7\u00f5es severas na higiene pessoal e nas atividades dom\u00e9sticas. O desespero levou muitos a depender de gal\u00f5es de \u00e1gua ou caminh\u00f5es-pipa, incorrendo em despesas adicionais e desgaste emocional.<\/p>\n<p><img decoding=\"async\" src=\"https:\/\/www.encontrabelohorizonte.com.br\/sobre\/wp-content\/uploads\/reclamacoes-de-falta-de-agua-disparam-em-bh-e-arsae.webp\" alt=\"falta de \u00e1gua Belo Horizonte\" loading=\"lazy\" \/><\/p>\n<h2>Relatos de consumidores sem \u00e1gua h\u00e1 dias<\/h2>\n<p>As hist\u00f3rias de moradores que enfrentam essa crise s\u00e3o alarmantes. Um residente do bairro Nova Su\u00ed\u00e7a informou que o condom\u00ednio teve que contratar caminh\u00f5es de \u00e1gua, resultando em gastos de at\u00e9 R$ 2.600 ao longo de dez dias. &#8220;Ficamos sem \u00e1gua em casa, e \u00e9 frustrante ter que arcar com esse custo extra&#8221;, desabafou um morador. Outros, como Daniela de C\u00e1ssia, relataram que est\u00e3o economizando at\u00e9 mesmo na \u00e1gua que bebem devido \u00e0 escassez.<\/p>\n<h2>Fiscaliza\u00e7\u00e3o intensificada em bairros como Independ\u00eancia<\/h2>\n<p>A presen\u00e7a de fiscais da Arsae-MG nos bairros com maior n\u00famero de reclama\u00e7\u00f5es ilustra o esfor\u00e7o da ag\u00eancia para monitorar a situa\u00e7\u00e3o. Eles realizam medi\u00e7\u00f5es da press\u00e3o da \u00e1gua nos hidr\u00f4metros a fim de identificar falhas e poss\u00edveis irregularidades no servi\u00e7o prestado pela Copasa. Essa a\u00e7\u00e3o objetiva garantir que os servi\u00e7os de abastecimento sejam melhorados e restabelecidos rapidamente.<\/p>\n<h2>Copasa se pronuncia sobre a normaliza\u00e7\u00e3o do abastecimento<\/h2>\n<p>Em resposta \u00e0s cr\u00edticas, a Copasa declarou que a situa\u00e7\u00e3o do abastecimento na regi\u00e3o Oeste de BH est\u00e1 se normalizando. A empresa afirmou que a previs\u00e3o \u00e9 que o sistema se recupere completamente at\u00e9 quinta-feira (3). No entanto, muitos moradores permanecem c\u00e9ticos, dado o tempo prolongado sem \u00e1gua em suas casas.<\/p>\n<h2>Despesas inesperadas decorrentes da falta de \u00e1gua<\/h2>\n<p>A necessidade de adquirir \u00e1gua pot\u00e1vel atrav\u00e9s de caminh\u00f5es-pipa ou gal\u00f5es resultou em um impacto financeiro significativo para os moradores afetados. Essas despesas inesperadas t\u00eam gerado um fardo adicional em um momento j\u00e1 desafiador, deixando muitos em uma posi\u00e7\u00e3o financeira prec\u00e1ria.<\/p>\n<h2>Quest\u00f5es de sa\u00fade associadas \u00e0 falta de abastecimento<\/h2>\n<p>A interrup\u00e7\u00e3o do fornecimento de \u00e1gua n\u00e3o \u00e9 apenas uma quest\u00e3o de conforto, mas tamb\u00e9m levanta preocupa\u00e7\u00f5es s\u00e9rias de sa\u00fade. A falta de \u00e1gua pot\u00e1vel pode levar ao aumento da propaga\u00e7\u00e3o de doen\u00e7as, al\u00e9m de impactar diretamente a sa\u00fade f\u00edsica e mental dos moradores. As implica\u00e7\u00f5es de n\u00e3o poder manter h\u00e1bitos b\u00e1sicos de higiene s\u00e3o preocupantes, especialmente em um ambiente urbano.<\/p>\n<h2>Poss\u00edveis causas da interrup\u00e7\u00e3o no fornecimento<\/h2>\n<p>As causas por tr\u00e1s dessa crise h\u00eddrica em Belo Horizonte podem ser variadas. Entre os fatores considerados est\u00e3o a infra-estrutura envelhecida, falhas no sistema de distribui\u00e7\u00e3o e a crescente demanda por \u00e1gua devido ao aumento populacional. A escassez de \u00e1gua pot\u00e1vel \u00e9 um problema recorrente em v\u00e1rias cidades brasileiras e, em BH, a situa\u00e7\u00e3o atual demonstrou a necessidade urgente de melhorias no sistema.<\/p>\n<h2>Pr\u00f3ximos passos para resolver a crise h\u00eddrica<\/h2>\n<p>Para mitigar a crise, v\u00e1rias a\u00e7\u00f5es s\u00e3o necess\u00e1rias. A colabora\u00e7\u00e3o entre a Arsae-MG e a Copasa deve ser aprimorada, com foco na solu\u00e7\u00e3o r\u00e1pida de problemas detectados. Al\u00e9m disso, \u00e9 imprescind\u00edvel um planejamento de longo prazo que inclua investimentos em infra-estrutura, capacita\u00e7\u00e3o das equipes e campanhas de conscientiza\u00e7\u00e3o para a popula\u00e7\u00e3o sobre maneiras de economizar \u00e1gua. A transpar\u00eancia nas comunica\u00e7\u00f5es tamb\u00e9m \u00e9 fundamental para restaurar a confian\u00e7a da comunidade nos servi\u00e7os de abastecimento.<\/p>\n\n<div style=\"font-size: 0px; height: 0px; line-height: 0px; margin: 0; padding: 0; clear: both;\"><\/div>","protected":false},"excerpt":{"rendered":"<p>Falta de \u00e1gua em Belo Horizonte gera preju\u00edzos e reclama\u00e7\u00f5es crescentes.<\/p>\n","protected":false},"author":1,"featured_media":4802,"comment_status":"closed","ping_status":"closed","sticky":false,"template":"","format":"standard","meta":{"footnotes":""},"categories":[6],"tags":[],"class_list":["post-4803","post","type-post","status-publish","format-standard","has-post-thumbnail","hentry","category-noticias","has_thumb"],"aioseo_notices":[],"aioseo_head":"\n\t\t<!-- All in One SEO 5.0.0.1 - aioseo.com -->\n\t<meta name=\"description\" content=\"Falta de \u00e1gua em Belo Horizonte gera preju\u00edzos e reclama\u00e7\u00f5es crescentes.\" \/>\n\t<meta name=\"robots\" content=\"max-image-preview:large\" \/>\n\t<meta name=\"author\" content=\"Encontra Belo Horizonte\"\/>\n\t<link rel=\"canonical\" href=\"https:\/\/www.encontrabelohorizonte.com.br\/sobre\/reclamacoes-de-falta-de-agua-disparam-em-bh-e-arsae\/\" \/>\n\t<meta name=\"generator\" content=\"All in One SEO (AIOSEO) 5.0.0.1\" \/>\n\t\t<meta property=\"og:locale\" content=\"pt_BR\" \/>\n\t\t<meta property=\"og:site_name\" content=\"Encontra Belo Horizonte | Not\u00edcias, eventos, informa\u00e7\u00f5es e dicas da cidade de Belo Horizonte e regi\u00e3o\" \/>\n\t\t<meta property=\"og:type\" content=\"article\" \/>\n\t\t<meta property=\"og:title\" content=\"Reclama\u00e7\u00f5es de falta de \u00e1gua disparam em BH, e Arsae | Encontra Belo Horizonte\" \/>\n\t\t<meta property=\"og:description\" content=\"Falta de \u00e1gua em Belo Horizonte gera preju\u00edzos e reclama\u00e7\u00f5es crescentes.\" \/>\n\t\t<meta property=\"og:url\" content=\"https:\/\/www.encontrabelohorizonte.com.br\/sobre\/reclamacoes-de-falta-de-agua-disparam-em-bh-e-arsae\/\" \/>\n\t\t<meta property=\"article:published_time\" content=\"2026-09-04T00:29:36+00:00\" \/>\n\t\t<meta property=\"article:modified_time\" content=\"2026-09-04T00:29:36+00:00\" \/>\n\t\t<meta name=\"twitter:card\" content=\"summary\" \/>\n\t\t<meta name=\"twitter:title\" content=\"Reclama\u00e7\u00f5es de falta de \u00e1gua disparam em BH, e Arsae | Encontra Belo Horizonte\" \/>\n\t\t<meta name=\"twitter:description\" content=\"Falta de \u00e1gua em Belo Horizonte gera preju\u00edzos e reclama\u00e7\u00f5es crescentes.\" \/>\n\t\t<script type=\"application\/ld+json\" class=\"aioseo-schema\">\n\t\t\t{\"@context\":\"https:\\\/\\\/schema.org\",\"@graph\":[{\"@type\":\"Article\",\"@id\":\"https:\\\/\\\/www.encontrabelohorizonte.com.br\\\/sobre\\\/reclamacoes-de-falta-de-agua-disparam-em-bh-e-arsae\\\/#article\",\"name\":\"Reclama\\u00e7\\u00f5es de falta de \\u00e1gua disparam em BH, e Arsae | Encontra Belo Horizonte\",\"headline\":\"Reclama\\u00e7\\u00f5es de falta de \\u00e1gua disparam em BH, e Arsae\",\"author\":{\"@id\":\"https:\\\/\\\/www.encontrabelohorizonte.com.br\\\/sobre\\\/author\\\/ebelohorizonte\\\/#author\"},\"publisher\":{\"@id\":\"https:\\\/\\\/www.encontrabelohorizonte.com.br\\\/sobre\\\/#organization\"},\"image\":{\"@type\":\"ImageObject\",\"url\":\"https:\\\/\\\/www.encontrabelohorizonte.com.br\\\/sobre\\\/wp-content\\\/uploads\\\/reclamacoes-de-falta-de-agua-disparam-em-bh-e-arsae.webp\",\"width\":280,\"height\":280,\"caption\":\"falta de \\u00e1gua Belo Horizonte\"},\"datePublished\":\"2026-09-03T21:29:36-03:00\",\"dateModified\":\"2026-09-03T21:29:36-03:00\",\"inLanguage\":\"pt-BR\",\"mainEntityOfPage\":{\"@id\":\"https:\\\/\\\/www.encontrabelohorizonte.com.br\\\/sobre\\\/reclamacoes-de-falta-de-agua-disparam-em-bh-e-arsae\\\/#webpage\"},\"isPartOf\":{\"@id\":\"https:\\\/\\\/www.encontrabelohorizonte.com.br\\\/sobre\\\/reclamacoes-de-falta-de-agua-disparam-em-bh-e-arsae\\\/#webpage\"},\"articleSection\":\"Not\\u00edcias Belo Horizonte\"},{\"@type\":\"BreadcrumbList\",\"@id\":\"https:\\\/\\\/www.encontrabelohorizonte.com.br\\\/sobre\\\/reclamacoes-de-falta-de-agua-disparam-em-bh-e-arsae\\\/#breadcrumblist\",\"itemListElement\":[{\"@type\":\"ListItem\",\"@id\":\"https:\\\/\\\/www.encontrabelohorizonte.com.br\\\/sobre#listItem\",\"position\":1,\"name\":\"In\\u00edcio\",\"item\":\"https:\\\/\\\/www.encontrabelohorizonte.com.br\\\/sobre\",\"nextItem\":{\"@type\":\"ListItem\",\"@id\":\"https:\\\/\\\/www.encontrabelohorizonte.com.br\\\/sobre\\\/noticias\\\/#listItem\",\"name\":\"Not\\u00edcias Belo Horizonte\"}},{\"@type\":\"ListItem\",\"@id\":\"https:\\\/\\\/www.encontrabelohorizonte.com.br\\\/sobre\\\/noticias\\\/#listItem\",\"position\":2,\"name\":\"Not\\u00edcias Belo Horizonte\",\"item\":\"https:\\\/\\\/www.encontrabelohorizonte.com.br\\\/sobre\\\/noticias\\\/\",\"nextItem\":{\"@type\":\"ListItem\",\"@id\":\"https:\\\/\\\/www.encontrabelohorizonte.com.br\\\/sobre\\\/reclamacoes-de-falta-de-agua-disparam-em-bh-e-arsae\\\/#listItem\",\"name\":\"Reclama\\u00e7\\u00f5es de falta de \\u00e1gua disparam em BH, e Arsae\"},\"previousItem\":{\"@type\":\"ListItem\",\"@id\":\"https:\\\/\\\/www.encontrabelohorizonte.com.br\\\/sobre#listItem\",\"name\":\"In\\u00edcio\"}},{\"@type\":\"ListItem\",\"@id\":\"https:\\\/\\\/www.encontrabelohorizonte.com.br\\\/sobre\\\/reclamacoes-de-falta-de-agua-disparam-em-bh-e-arsae\\\/#listItem\",\"position\":3,\"name\":\"Reclama\\u00e7\\u00f5es de falta de \\u00e1gua disparam em BH, e Arsae\",\"previousItem\":{\"@type\":\"ListItem\",\"@id\":\"https:\\\/\\\/www.encontrabelohorizonte.com.br\\\/sobre\\\/noticias\\\/#listItem\",\"name\":\"Not\\u00edcias Belo Horizonte\"}}]},{\"@type\":\"Organization\",\"@id\":\"https:\\\/\\\/www.encontrabelohorizonte.com.br\\\/sobre\\\/#organization\",\"name\":\"Encontra Belo Horizonte\",\"description\":\"Not\\u00edcias, eventos, informa\\u00e7\\u00f5es e dicas da cidade de Belo Horizonte e regi\\u00e3o\",\"url\":\"https:\\\/\\\/www.encontrabelohorizonte.com.br\\\/sobre\\\/\"},{\"@type\":\"Person\",\"@id\":\"https:\\\/\\\/www.encontrabelohorizonte.com.br\\\/sobre\\\/author\\\/ebelohorizonte\\\/#author\",\"url\":\"https:\\\/\\\/www.encontrabelohorizonte.com.br\\\/sobre\\\/author\\\/ebelohorizonte\\\/\",\"name\":\"Encontra Belo Horizonte\",\"image\":{\"@type\":\"ImageObject\",\"@id\":\"https:\\\/\\\/www.encontrabelohorizonte.com.br\\\/sobre\\\/reclamacoes-de-falta-de-agua-disparam-em-bh-e-arsae\\\/#authorImage\",\"url\":\"https:\\\/\\\/secure.gravatar.com\\\/avatar\\\/507340682b8270222e1f208e23198b6ae7e2c6a1033ae84e99bc6bce4f82a387?s=96&d=mm&r=g\",\"width\":96,\"height\":96,\"caption\":\"Encontra Belo Horizonte\"}},{\"@type\":\"WebPage\",\"@id\":\"https:\\\/\\\/www.encontrabelohorizonte.com.br\\\/sobre\\\/reclamacoes-de-falta-de-agua-disparam-em-bh-e-arsae\\\/#webpage\",\"url\":\"https:\\\/\\\/www.encontrabelohorizonte.com.br\\\/sobre\\\/reclamacoes-de-falta-de-agua-disparam-em-bh-e-arsae\\\/\",\"name\":\"Reclama\\u00e7\\u00f5es de falta de \\u00e1gua disparam em BH, e Arsae | Encontra Belo Horizonte\",\"description\":\"Falta de \\u00e1gua em Belo Horizonte gera preju\\u00edzos e reclama\\u00e7\\u00f5es crescentes.\",\"inLanguage\":\"pt-BR\",\"isPartOf\":{\"@id\":\"https:\\\/\\\/www.encontrabelohorizonte.com.br\\\/sobre\\\/#website\"},\"breadcrumb\":{\"@id\":\"https:\\\/\\\/www.encontrabelohorizonte.com.br\\\/sobre\\\/reclamacoes-de-falta-de-agua-disparam-em-bh-e-arsae\\\/#breadcrumblist\"},\"author\":{\"@id\":\"https:\\\/\\\/www.encontrabelohorizonte.com.br\\\/sobre\\\/author\\\/ebelohorizonte\\\/#author\"},\"creator\":{\"@id\":\"https:\\\/\\\/www.encontrabelohorizonte.com.br\\\/sobre\\\/author\\\/ebelohorizonte\\\/#author\"},\"image\":{\"@type\":\"ImageObject\",\"url\":\"https:\\\/\\\/www.encontrabelohorizonte.com.br\\\/sobre\\\/wp-content\\\/uploads\\\/reclamacoes-de-falta-de-agua-disparam-em-bh-e-arsae.webp\",\"@id\":\"https:\\\/\\\/www.encontrabelohorizonte.com.br\\\/sobre\\\/reclamacoes-de-falta-de-agua-disparam-em-bh-e-arsae\\\/#mainImage\",\"width\":280,\"height\":280,\"caption\":\"falta de \\u00e1gua Belo Horizonte\"},\"primaryImageOfPage\":{\"@id\":\"https:\\\/\\\/www.encontrabelohorizonte.com.br\\\/sobre\\\/reclamacoes-de-falta-de-agua-disparam-em-bh-e-arsae\\\/#mainImage\"},\"datePublished\":\"2026-09-03T21:29:36-03:00\",\"dateModified\":\"2026-09-03T21:29:36-03:00\"},{\"@type\":\"WebSite\",\"@id\":\"https:\\\/\\\/www.encontrabelohorizonte.com.br\\\/sobre\\\/#website\",\"url\":\"https:\\\/\\\/www.encontrabelohorizonte.com.br\\\/sobre\\\/\",\"name\":\"Encontra Belo Horizonte\",\"description\":\"Not\\u00edcias, eventos, informa\\u00e7\\u00f5es e dicas da cidade de Belo Horizonte e regi\\u00e3o\",\"inLanguage\":\"pt-BR\",\"publisher\":{\"@id\":\"https:\\\/\\\/www.encontrabelohorizonte.com.br\\\/sobre\\\/#organization\"}}]}\n\t\t<\/script>\n\t\t<!-- All in One SEO -->\n\n","aioseo_head_json":{"title":"Reclama\u00e7\u00f5es de falta de \u00e1gua disparam em BH, e Arsae | Encontra Belo Horizonte","description":"Falta de \u00e1gua em Belo Horizonte gera preju\u00edzos e reclama\u00e7\u00f5es crescentes.","canonical_url":"https:\/\/www.encontrabelohorizonte.com.br\/sobre\/reclamacoes-de-falta-de-agua-disparam-em-bh-e-arsae\/","robots":"max-image-preview:large","keywords":"","webmasterTools":{"miscellaneous":""},"schema":{"@context":"https:\/\/schema.org","@graph":[{"@type":"Article","@id":"https:\/\/www.encontrabelohorizonte.com.br\/sobre\/reclamacoes-de-falta-de-agua-disparam-em-bh-e-arsae\/#article","name":"Reclama\u00e7\u00f5es de falta de \u00e1gua disparam em BH, e Arsae | Encontra Belo Horizonte","headline":"Reclama\u00e7\u00f5es de falta de \u00e1gua disparam em BH, e Arsae","author":{"@id":"https:\/\/www.encontrabelohorizonte.com.br\/sobre\/author\/ebelohorizonte\/#author"},"publisher":{"@id":"https:\/\/www.encontrabelohorizonte.com.br\/sobre\/#organization"},"image":{"@type":"ImageObject","url":"https:\/\/www.encontrabelohorizonte.com.br\/sobre\/wp-content\/uploads\/reclamacoes-de-falta-de-agua-disparam-em-bh-e-arsae.webp","width":280,"height":280,"caption":"falta de \u00e1gua Belo Horizonte"},"datePublished":"2026-09-03T21:29:36-03:00","dateModified":"2026-09-03T21:29:36-03:00","inLanguage":"pt-BR","mainEntityOfPage":{"@id":"https:\/\/www.encontrabelohorizonte.com.br\/sobre\/reclamacoes-de-falta-de-agua-disparam-em-bh-e-arsae\/#webpage"},"isPartOf":{"@id":"https:\/\/www.encontrabelohorizonte.com.br\/sobre\/reclamacoes-de-falta-de-agua-disparam-em-bh-e-arsae\/#webpage"},"articleSection":"Not\u00edcias Belo Horizonte"},{"@type":"BreadcrumbList","@id":"https:\/\/www.encontrabelohorizonte.com.br\/sobre\/reclamacoes-de-falta-de-agua-disparam-em-bh-e-arsae\/#breadcrumblist","itemListElement":[{"@type":"ListItem","@id":"https:\/\/www.encontrabelohorizonte.com.br\/sobre#listItem","position":1,"name":"In\u00edcio","item":"https:\/\/www.encontrabelohorizonte.com.br\/sobre","nextItem":{"@type":"ListItem","@id":"https:\/\/www.encontrabelohorizonte.com.br\/sobre\/noticias\/#listItem","name":"Not\u00edcias Belo Horizonte"}},{"@type":"ListItem","@id":"https:\/\/www.encontrabelohorizonte.com.br\/sobre\/noticias\/#listItem","position":2,"name":"Not\u00edcias Belo Horizonte","item":"https:\/\/www.encontrabelohorizonte.com.br\/sobre\/noticias\/","nextItem":{"@type":"ListItem","@id":"https:\/\/www.encontrabelohorizonte.com.br\/sobre\/reclamacoes-de-falta-de-agua-disparam-em-bh-e-arsae\/#listItem","name":"Reclama\u00e7\u00f5es de falta de \u00e1gua disparam em BH, e Arsae"},"previousItem":{"@type":"ListItem","@id":"https:\/\/www.encontrabelohorizonte.com.br\/sobre#listItem","name":"In\u00edcio"}},{"@type":"ListItem","@id":"https:\/\/www.encontrabelohorizonte.com.br\/sobre\/reclamacoes-de-falta-de-agua-disparam-em-bh-e-arsae\/#listItem","position":3,"name":"Reclama\u00e7\u00f5es de falta de \u00e1gua disparam em BH, e Arsae","previousItem":{"@type":"ListItem","@id":"https:\/\/www.encontrabelohorizonte.com.br\/sobre\/noticias\/#listItem","name":"Not\u00edcias Belo Horizonte"}}]},{"@type":"Organization","@id":"https:\/\/www.encontrabelohorizonte.com.br\/sobre\/#organization","name":"Encontra Belo Horizonte","description":"Not\u00edcias, eventos, informa\u00e7\u00f5es e dicas da cidade de Belo Horizonte e regi\u00e3o","url":"https:\/\/www.encontrabelohorizonte.com.br\/sobre\/"},{"@type":"Person","@id":"https:\/\/www.encontrabelohorizonte.com.br\/sobre\/author\/ebelohorizonte\/#author","url":"https:\/\/www.encontrabelohorizonte.com.br\/sobre\/author\/ebelohorizonte\/","name":"Encontra Belo Horizonte","image":{"@type":"ImageObject","@id":"https:\/\/www.encontrabelohorizonte.com.br\/sobre\/reclamacoes-de-falta-de-agua-disparam-em-bh-e-arsae\/#authorImage","url":"https:\/\/secure.gravatar.com\/avatar\/507340682b8270222e1f208e23198b6ae7e2c6a1033ae84e99bc6bce4f82a387?s=96&d=mm&r=g","width":96,"height":96,"caption":"Encontra Belo Horizonte"}},{"@type":"WebPage","@id":"https:\/\/www.encontrabelohorizonte.com.br\/sobre\/reclamacoes-de-falta-de-agua-disparam-em-bh-e-arsae\/#webpage","url":"https:\/\/www.encontrabelohorizonte.com.br\/sobre\/reclamacoes-de-falta-de-agua-disparam-em-bh-e-arsae\/","name":"Reclama\u00e7\u00f5es de falta de \u00e1gua disparam em BH, e Arsae | Encontra Belo Horizonte","description":"Falta de \u00e1gua em Belo Horizonte gera preju\u00edzos e reclama\u00e7\u00f5es crescentes.","inLanguage":"pt-BR","isPartOf":{"@id":"https:\/\/www.encontrabelohorizonte.com.br\/sobre\/#website"},"breadcrumb":{"@id":"https:\/\/www.encontrabelohorizonte.com.br\/sobre\/reclamacoes-de-falta-de-agua-disparam-em-bh-e-arsae\/#breadcrumblist"},"author":{"@id":"https:\/\/www.encontrabelohorizonte.com.br\/sobre\/author\/ebelohorizonte\/#author"},"creator":{"@id":"https:\/\/www.encontrabelohorizonte.com.br\/sobre\/author\/ebelohorizonte\/#author"},"image":{"@type":"ImageObject","url":"https:\/\/www.encontrabelohorizonte.com.br\/sobre\/wp-content\/uploads\/reclamacoes-de-falta-de-agua-disparam-em-bh-e-arsae.webp","@id":"https:\/\/www.encontrabelohorizonte.com.br\/sobre\/reclamacoes-de-falta-de-agua-disparam-em-bh-e-arsae\/#mainImage","width":280,"height":280,"caption":"falta de \u00e1gua Belo Horizonte"},"primaryImageOfPage":{"@id":"https:\/\/www.encontrabelohorizonte.com.br\/sobre\/reclamacoes-de-falta-de-agua-disparam-em-bh-e-arsae\/#mainImage"},"datePublished":"2026-09-03T21:29:36-03:00","dateModified":"2026-09-03T21:29:36-03:00"},{"@type":"WebSite","@id":"https:\/\/www.encontrabelohorizonte.com.br\/sobre\/#website","url":"https:\/\/www.encontrabelohorizonte.com.br\/sobre\/","name":"Encontra Belo Horizonte","description":"Not\u00edcias, eventos, informa\u00e7\u00f5es e dicas da cidade de Belo Horizonte e regi\u00e3o","inLanguage":"pt-BR","publisher":{"@id":"https:\/\/www.encontrabelohorizonte.com.br\/sobre\/#organization"}}]},"og:locale":"pt_BR","og:site_name":"Encontra Belo Horizonte | Not\u00edcias, eventos, informa\u00e7\u00f5es e dicas da cidade de Belo Horizonte e regi\u00e3o","og:type":"article","og:title":"Reclama\u00e7\u00f5es de falta de \u00e1gua disparam em BH, e Arsae | Encontra Belo Horizonte","og:description":"Falta de \u00e1gua em Belo Horizonte gera preju\u00edzos e reclama\u00e7\u00f5es crescentes.","og:url":"https:\/\/www.encontrabelohorizonte.com.br\/sobre\/reclamacoes-de-falta-de-agua-disparam-em-bh-e-arsae\/","article:published_time":"2026-09-04T00:29:36+00:00","article:modified_time":"2026-09-04T00:29:36+00:00","twitter:card":"summary","twitter:title":"Reclama\u00e7\u00f5es de falta de \u00e1gua disparam em BH, e Arsae | Encontra Belo Horizonte","twitter:description":"Falta de \u00e1gua em Belo Horizonte gera preju\u00edzos e reclama\u00e7\u00f5es crescentes."},"aioseo_meta_data":{"post_id":"4803","title":null,"description":null,"keywords":null,"keyphrases":null,"primary_term":null,"canonical_url":null,"og_title":null,"og_description":null,"og_object_type":"default","og_image_type":"default","og_image_url":null,"og_image_width":null,"og_image_height":null,"og_image_custom_url":null,"og_image_custom_fields":null,"og_video":null,"og_custom_url":null,"og_article_section":null,"og_article_tags":null,"twitter_use_og":false,"twitter_card":"default","twitter_image_type":"default","twitter_image_url":null,"twitter_image_custom_url":null,"twitter_image_custom_fields":null,"twitter_title":null,"twitter_description":null,"schema":{"blockGraphs":[],"customGraphs":[],"default":{"data":{"Article":[],"Course":[],"Dataset":[],"FAQPage":[],"Movie":[],"Person":[],"Product":[],"ProductReview":[],"Car":[],"Recipe":[],"Service":[],"SoftwareApplication":[],"WebPage":[]},"graphName":"Article","isEnabled":true},"graphs":[]},"schema_type":"default","schema_type_options":null,"pillar_content":false,"robots_default":true,"robots_noindex":false,"robots_noarchive":false,"robots_nosnippet":false,"robots_nofollow":false,"robots_noimageindex":false,"robots_noodp":false,"robots_notranslate":false,"robots_max_snippet":null,"robots_max_videopreview":null,"robots_max_imagepreview":"large","priority":null,"frequency":null,"local_seo":null,"breadcrumb_settings":null,"limit_modified_date":false,"ai":null,"created":"2026-09-04 00:29:36","updated":"2026-09-04 01:05:59","focus_keyword":null,"additional_keywords":null,"truseo_locale":null,"seo_analyzer_scan_date":null},"aioseo_breadcrumb":"<div class=\"aioseo-breadcrumbs\"><span class=\"aioseo-breadcrumb\">\n\t\t\t<a href=\"https:\/\/www.encontrabelohorizonte.com.br\/sobre\" title=\"In\u00edcio\">In\u00edcio<\/a>\n\t\t<\/span><span class=\"aioseo-breadcrumb-separator\">&raquo;<\/span><span class=\"aioseo-breadcrumb\">\n\t\t\t<a href=\"https:\/\/www.encontrabelohorizonte.com.br\/sobre\/noticias\/\" title=\"Not\u00edcias Belo Horizonte\">Not\u00edcias Belo Horizonte<\/a>\n\t\t<\/span><span class=\"aioseo-breadcrumb-separator\">&raquo;<\/span><span class=\"aioseo-breadcrumb\">\n\t\t\tReclama\u00e7\u00f5es de falta de \u00e1gua disparam em BH, e Arsae\n\t\t<\/span><\/div>","aioseo_breadcrumb_json":[{"label":"In\u00edcio","link":"https:\/\/www.encontrabelohorizonte.com.br\/sobre"},{"label":"Not\u00edcias Belo Horizonte","link":"https:\/\/www.encontrabelohorizonte.com.br\/sobre\/noticias\/"},{"label":"Reclama\u00e7\u00f5es de falta de \u00e1gua disparam em BH, e Arsae","link":"https:\/\/www.encontrabelohorizonte.com.br\/sobre\/reclamacoes-de-falta-de-agua-disparam-em-bh-e-arsae\/"}],"_links":{"self":[{"href":"https:\/\/www.encontrabelohorizonte.com.br\/sobre\/wp-json\/wp\/v2\/posts\/4803","targetHints":{"allow":["GET"]}}],"collection":[{"href":"https:\/\/www.encontrabelohorizonte.com.br\/sobre\/wp-json\/wp\/v2\/posts"}],"about":[{"href":"https:\/\/www.encontrabelohorizonte.com.br\/sobre\/wp-json\/wp\/v2\/types\/post"}],"author":[{"embeddable":true,"href":"https:\/\/www.encontrabelohorizonte.com.br\/sobre\/wp-json\/wp\/v2\/users\/1"}],"replies":[{"embeddable":true,"href":"https:\/\/www.encontrabelohorizonte.com.br\/sobre\/wp-json\/wp\/v2\/comments?post=4803"}],"version-history":[{"count":0,"href":"https:\/\/www.encontrabelohorizonte.com.br\/sobre\/wp-json\/wp\/v2\/posts\/4803\/revisions"}],"wp:featuredmedia":[{"embeddable":true,"href":"https:\/\/www.encontrabelohorizonte.com.br\/sobre\/wp-json\/wp\/v2\/media\/4802"}],"wp:attachment":[{"href":"https:\/\/www.encontrabelohorizonte.com.br\/sobre\/wp-json\/wp\/v2\/media?parent=4803"}],"wp:term":[{"taxonomy":"category","embeddable":true,"href":"https:\/\/www.encontrabelohorizonte.com.br\/sobre\/wp-json\/wp\/v2\/categories?post=4803"},{"taxonomy":"post_tag","embeddable":true,"href":"https:\/\/www.encontrabelohorizonte.com.br\/sobre\/wp-json\/wp\/v2\/tags?post=4803"}],"curies":[{"name":"wp","href":"https:\/\/api.w.org\/{rel}","templated":true}]}}