{"id":4805,"date":"2026-09-03T21:30:54","date_gmt":"2026-09-04T00:30:54","guid":{"rendered":"https:\/\/www.encontrabelohorizonte.com.br\/sobre\/apos-dias-de-falta-dagua-regiao-oeste-de-bh-tera-nova-intervencao-no-abastecimento-nesta-sexta\/"},"modified":"2026-09-03T21:30:54","modified_gmt":"2026-09-04T00:30:54","slug":"apos-dias-de-falta-dagua-regiao-oeste-de-bh-tera-nova-intervencao-no-abastecimento-nesta-sexta","status":"publish","type":"post","link":"https:\/\/www.encontrabelohorizonte.com.br\/sobre\/apos-dias-de-falta-dagua-regiao-oeste-de-bh-tera-nova-intervencao-no-abastecimento-nesta-sexta\/","title":{"rendered":"Ap\u00f3s dias de falta d&#8217;\u00e1gua, Regi\u00e3o Oeste de BH ter\u00e1 nova interven\u00e7\u00e3o no abastecimento nesta sexta"},"content":{"rendered":"<div class=\"2e083cf0b19e2c11948dc6ac054ba979\" data-index=\"1\" style=\"float: none; margin:0px;\">\n<!-- Anuncio display - global -->\r\n<ins class=\"adsbygoogle\"\r\n     style=\"display:block\"\r\n     data-ad-client=\"ca-pub-8585364105181520\"\r\n     data-ad-slot=\"8789329856\"\r\n     data-ad-format=\"auto\"\r\n     data-full-width-responsive=\"true\"><\/ins>\r\n<script>\r\n     (adsbygoogle = window.adsbygoogle || []).push({});\r\n<\/script>\n<\/div>\n<h2>Interrup\u00e7\u00f5es no Abastecimento de \u00c1gua na Regi\u00e3o Oeste de Belo Horizonte<\/h2>\n<p>A Copasa est\u00e1 programando uma nova suspens\u00e3o no fornecimento de \u00e1gua para a Regi\u00e3o Oeste de Belo Horizonte nesta sexta-feira, dia 4 de setembro, conforme informado oficialmente pela empresa. A interrup\u00e7\u00e3o ser\u00e1 realizada das 8h \u00e0s 18h e est\u00e1 voltada para a interliga\u00e7\u00e3o de uma nova adutora.<\/p>\n<h2>Consequ\u00eancias da Falta d&#8217;\u00c1gua<\/h2>\n<p>Esse corte vem em resposta a uma s\u00e9rie de reclama\u00e7\u00f5es dos residentes da \u00e1rea, que j\u00e1 enfrentam problemas de abastecimento h\u00e1 quase duas semanas. A falta de \u00e1gua tem gerado descontentamento entre a popula\u00e7\u00e3o, afetando n\u00e3o apenas os lares, mas tamb\u00e9m escolas e com\u00e9rcios locais. Muitos estabelecimentos sentiram o impacto, sendo necess\u00e1rio recorrer \u00e0 compra de \u00e1gua em gal\u00f5es.<\/p>\n<h2>Nova Adutora e Seu Impacto<\/h2>\n<p>A nova tubula\u00e7\u00e3o foi constru\u00edda ap\u00f3s um incidente em 19 de agosto, quando uma adutora se rompeu no bairro Nova Granada. Essa ruptura causou danos \u00e0 estrutura de um im\u00f3vel e afetou o abastecimento de 33 bairros da capital. A interven\u00e7\u00e3o atual visa solucionar as intermit\u00eancias no abastecimento, proporcionando maior efici\u00eancia no fornecimento de \u00e1gua.<\/p>\n<p><img decoding=\"async\" src=\"https:\/\/www.encontrabelohorizonte.com.br\/sobre\/wp-content\/uploads\/apos-dias-de-falta-d-agua-regiao-oeste-de-bh-tera-nova-intervencao-no-abastecimento-nesta-sexta.webp\" alt=\"interrup\u00e7\u00e3o no abastecimento de \u00e1gua\" loading=\"lazy\" \/><\/p>\n<h2>Informa\u00e7\u00f5es sobre o Abastecimento<\/h2>\n<p>Com a interven\u00e7\u00e3o, a Copasa se comprometeu a abastecer previamente os reservat\u00f3rios que atendem a regi\u00e3o. A empresa enfatizou que resid\u00eancias equipadas com caixas d&#8217;\u00e1gua adequadas podem n\u00e3o perceber os efeitos da interrup\u00e7\u00e3o, contanto que os moradores utilizem a \u00e1gua de forma consciente.<\/p>\n<h2>Reclama\u00e7\u00f5es Crescentes de Moradores<\/h2>\n<p>Durante as \u00faltimas semanas, as reclama\u00e7\u00f5es na Ag\u00eancia Reguladora de Saneamento e Energia de Minas Gerais (Arsae-MG) aumentaram consideravelmente, com um crescimento de 176% nas queixas relacionadas \u00e0 falta de \u00e1gua entre o fim de agosto e o in\u00edcio de setembro. A m\u00e9dia di\u00e1ria de reclama\u00e7\u00f5es saltou de 1,15 para 3,17 registros.<\/p>\n<h2>A\u00e7\u00f5es da Copasa Durante a Interrup\u00e7\u00e3o<\/h2>\n<p>Para mitigar os efeitos da falta de abastecimento, a Copasa anunciou que mais de 30 caminh\u00f5es-pipa estar\u00e3o dispon\u00edveis durante a interrup\u00e7\u00e3o no abastecimento. A prioridade no fornecimento de \u00e1gua vai para hospitais, unidades de sa\u00fade, e escolas, de forma a atender as emerg\u00eancias e necessidades de sa\u00fade da comunidade.<\/p>\n<h2>Uso Consciente da \u00c1gua em Tempos de Crise<\/h2>\n<p>\u00c9 essencial que os moradores adotem comportamentos de uso consciente da \u00e1gua, especialmente em per\u00edodos de crise como este. O uso respons\u00e1vel pode ajudar a garantir que todos os moradores tenham acesso ao recurso, minimizando o impacto da interrup\u00e7\u00e3o.<\/p>\n<h2>Prioridade no Abastecimento: Sa\u00fade e Educa\u00e7\u00e3o<\/h2>\n<p>Como mencionado anteriormente, a Copasa direcionar\u00e1 os caminh\u00f5es-pipa prioritariamente para institui\u00e7\u00f5es de sa\u00fade e de ensino, considerando a import\u00e2ncia vital do abastecimento nessas \u00e1reas. Essa estrat\u00e9gia visa atender as urg\u00eancias e proporcionar a continuidade nas atividades educacionais e de sa\u00fade durante a interrup\u00e7\u00e3o.<\/p>\n<h2>Hist\u00f3rico de Problemas de Abastecimento<\/h2>\n<p>A regi\u00e3o j\u00e1 enfrentou diversos desafios relacionados \u00e0 interrup\u00e7\u00e3o no abastecimento de \u00e1gua, especialmente ap\u00f3s o rompimento da adutora. Hist\u00f3rias de desabastecimento e falta de press\u00e3o nas tubula\u00e7\u00f5es s\u00e3o recorrentes e revelam a necessidade de obras de infraestrutura para garantir um servi\u00e7o mais est\u00e1vel.<\/p>\n<h2>Expectativas para a Normaliza\u00e7\u00e3o do Servi\u00e7o<\/h2>\n<p>Quanto \u00e0 normaliza\u00e7\u00e3o do fornecimento de \u00e1gua na Regi\u00e3o Oeste, a Copasa espera que, com a conclus\u00e3o das interven\u00e7\u00f5es, a capacidade total do sistema de abastecimento seja restabelecida, oferecendo aos moradores um fornecimento mais confi\u00e1vel e consistente a partir de agora.<\/p>\n<p>Essa situa\u00e7\u00e3o ressalta a import\u00e2ncia de melhorias na infraestrutura h\u00eddrica da cidade e a necessidade de planejamento urbano que considere o crescimento populacional e as demandas por recursos b\u00e1sicos como a \u00e1gua.<\/p>\n\n<div style=\"font-size: 0px; height: 0px; line-height: 0px; margin: 0; padding: 0; clear: both;\"><\/div>","protected":false},"excerpt":{"rendered":"<p>Interrup\u00e7\u00f5es no abastecimento de \u00e1gua em BH nesta sexta-feira, saiba mais.<\/p>\n","protected":false},"author":1,"featured_media":4804,"comment_status":"closed","ping_status":"closed","sticky":false,"template":"","format":"standard","meta":{"footnotes":""},"categories":[6],"tags":[],"class_list":["post-4805","post","type-post","status-publish","format-standard","has-post-thumbnail","hentry","category-noticias","has_thumb"],"aioseo_notices":[],"aioseo_head":"\n\t\t<!-- All in One SEO 5.0.0.1 - aioseo.com -->\n\t<meta name=\"description\" content=\"Interrup\u00e7\u00f5es no abastecimento de \u00e1gua em BH nesta sexta-feira, saiba mais.\" \/>\n\t<meta name=\"robots\" content=\"max-image-preview:large\" \/>\n\t<meta name=\"author\" content=\"Encontra Belo Horizonte\"\/>\n\t<link rel=\"canonical\" href=\"https:\/\/www.encontrabelohorizonte.com.br\/sobre\/apos-dias-de-falta-dagua-regiao-oeste-de-bh-tera-nova-intervencao-no-abastecimento-nesta-sexta\/\" \/>\n\t<meta name=\"generator\" content=\"All in One SEO (AIOSEO) 5.0.0.1\" \/>\n\t\t<meta property=\"og:locale\" content=\"pt_BR\" \/>\n\t\t<meta property=\"og:site_name\" content=\"Encontra Belo Horizonte | Not\u00edcias, eventos, informa\u00e7\u00f5es e dicas da cidade de Belo Horizonte e regi\u00e3o\" \/>\n\t\t<meta property=\"og:type\" content=\"article\" \/>\n\t\t<meta property=\"og:title\" content=\"Ap\u00f3s dias de falta d\u2019\u00e1gua, Regi\u00e3o Oeste de BH ter\u00e1 nova interven\u00e7\u00e3o no abastecimento nesta sexta | Encontra Belo Horizonte\" \/>\n\t\t<meta property=\"og:description\" content=\"Interrup\u00e7\u00f5es no abastecimento de \u00e1gua em BH nesta sexta-feira, saiba mais.\" \/>\n\t\t<meta property=\"og:url\" content=\"https:\/\/www.encontrabelohorizonte.com.br\/sobre\/apos-dias-de-falta-dagua-regiao-oeste-de-bh-tera-nova-intervencao-no-abastecimento-nesta-sexta\/\" \/>\n\t\t<meta property=\"article:published_time\" content=\"2026-09-04T00:30:54+00:00\" \/>\n\t\t<meta property=\"article:modified_time\" content=\"2026-09-04T00:30:54+00:00\" \/>\n\t\t<meta name=\"twitter:card\" content=\"summary\" \/>\n\t\t<meta name=\"twitter:title\" content=\"Ap\u00f3s dias de falta d\u2019\u00e1gua, Regi\u00e3o Oeste de BH ter\u00e1 nova interven\u00e7\u00e3o no abastecimento nesta sexta | Encontra Belo Horizonte\" \/>\n\t\t<meta name=\"twitter:description\" content=\"Interrup\u00e7\u00f5es no abastecimento de \u00e1gua em BH nesta sexta-feira, saiba mais.\" \/>\n\t\t<script type=\"application\/ld+json\" class=\"aioseo-schema\">\n\t\t\t{\"@context\":\"https:\\\/\\\/schema.org\",\"@graph\":[{\"@type\":\"Article\",\"@id\":\"https:\\\/\\\/www.encontrabelohorizonte.com.br\\\/sobre\\\/apos-dias-de-falta-dagua-regiao-oeste-de-bh-tera-nova-intervencao-no-abastecimento-nesta-sexta\\\/#article\",\"name\":\"Ap\\u00f3s dias de falta d\\u2019\\u00e1gua, Regi\\u00e3o Oeste de BH ter\\u00e1 nova interven\\u00e7\\u00e3o no abastecimento nesta sexta | Encontra Belo Horizonte\",\"headline\":\"Ap\\u00f3s dias de falta d&#8217;\\u00e1gua, Regi\\u00e3o Oeste de BH ter\\u00e1 nova interven\\u00e7\\u00e3o no abastecimento nesta sexta\",\"author\":{\"@id\":\"https:\\\/\\\/www.encontrabelohorizonte.com.br\\\/sobre\\\/author\\\/ebelohorizonte\\\/#author\"},\"publisher\":{\"@id\":\"https:\\\/\\\/www.encontrabelohorizonte.com.br\\\/sobre\\\/#organization\"},\"image\":{\"@type\":\"ImageObject\",\"url\":\"https:\\\/\\\/www.encontrabelohorizonte.com.br\\\/sobre\\\/wp-content\\\/uploads\\\/apos-dias-de-falta-d-agua-regiao-oeste-de-bh-tera-nova-intervencao-no-abastecimento-nesta-sexta.webp\",\"width\":280,\"height\":280,\"caption\":\"interrup\\u00e7\\u00e3o no abastecimento de \\u00e1gua\"},\"datePublished\":\"2026-09-03T21:30:54-03:00\",\"dateModified\":\"2026-09-03T21:30:54-03:00\",\"inLanguage\":\"pt-BR\",\"mainEntityOfPage\":{\"@id\":\"https:\\\/\\\/www.encontrabelohorizonte.com.br\\\/sobre\\\/apos-dias-de-falta-dagua-regiao-oeste-de-bh-tera-nova-intervencao-no-abastecimento-nesta-sexta\\\/#webpage\"},\"isPartOf\":{\"@id\":\"https:\\\/\\\/www.encontrabelohorizonte.com.br\\\/sobre\\\/apos-dias-de-falta-dagua-regiao-oeste-de-bh-tera-nova-intervencao-no-abastecimento-nesta-sexta\\\/#webpage\"},\"articleSection\":\"Not\\u00edcias Belo Horizonte\"},{\"@type\":\"BreadcrumbList\",\"@id\":\"https:\\\/\\\/www.encontrabelohorizonte.com.br\\\/sobre\\\/apos-dias-de-falta-dagua-regiao-oeste-de-bh-tera-nova-intervencao-no-abastecimento-nesta-sexta\\\/#breadcrumblist\",\"itemListElement\":[{\"@type\":\"ListItem\",\"@id\":\"https:\\\/\\\/www.encontrabelohorizonte.com.br\\\/sobre#listItem\",\"position\":1,\"name\":\"In\\u00edcio\",\"item\":\"https:\\\/\\\/www.encontrabelohorizonte.com.br\\\/sobre\",\"nextItem\":{\"@type\":\"ListItem\",\"@id\":\"https:\\\/\\\/www.encontrabelohorizonte.com.br\\\/sobre\\\/noticias\\\/#listItem\",\"name\":\"Not\\u00edcias Belo Horizonte\"}},{\"@type\":\"ListItem\",\"@id\":\"https:\\\/\\\/www.encontrabelohorizonte.com.br\\\/sobre\\\/noticias\\\/#listItem\",\"position\":2,\"name\":\"Not\\u00edcias Belo Horizonte\",\"item\":\"https:\\\/\\\/www.encontrabelohorizonte.com.br\\\/sobre\\\/noticias\\\/\",\"nextItem\":{\"@type\":\"ListItem\",\"@id\":\"https:\\\/\\\/www.encontrabelohorizonte.com.br\\\/sobre\\\/apos-dias-de-falta-dagua-regiao-oeste-de-bh-tera-nova-intervencao-no-abastecimento-nesta-sexta\\\/#listItem\",\"name\":\"Ap\\u00f3s dias de falta d&#8217;\\u00e1gua, Regi\\u00e3o Oeste de BH ter\\u00e1 nova interven\\u00e7\\u00e3o no abastecimento nesta sexta\"},\"previousItem\":{\"@type\":\"ListItem\",\"@id\":\"https:\\\/\\\/www.encontrabelohorizonte.com.br\\\/sobre#listItem\",\"name\":\"In\\u00edcio\"}},{\"@type\":\"ListItem\",\"@id\":\"https:\\\/\\\/www.encontrabelohorizonte.com.br\\\/sobre\\\/apos-dias-de-falta-dagua-regiao-oeste-de-bh-tera-nova-intervencao-no-abastecimento-nesta-sexta\\\/#listItem\",\"position\":3,\"name\":\"Ap\\u00f3s dias de falta d&#8217;\\u00e1gua, Regi\\u00e3o Oeste de BH ter\\u00e1 nova interven\\u00e7\\u00e3o no abastecimento nesta sexta\",\"previousItem\":{\"@type\":\"ListItem\",\"@id\":\"https:\\\/\\\/www.encontrabelohorizonte.com.br\\\/sobre\\\/noticias\\\/#listItem\",\"name\":\"Not\\u00edcias Belo Horizonte\"}}]},{\"@type\":\"Organization\",\"@id\":\"https:\\\/\\\/www.encontrabelohorizonte.com.br\\\/sobre\\\/#organization\",\"name\":\"Encontra Belo Horizonte\",\"description\":\"Not\\u00edcias, eventos, informa\\u00e7\\u00f5es e dicas da cidade de Belo Horizonte e regi\\u00e3o\",\"url\":\"https:\\\/\\\/www.encontrabelohorizonte.com.br\\\/sobre\\\/\"},{\"@type\":\"Person\",\"@id\":\"https:\\\/\\\/www.encontrabelohorizonte.com.br\\\/sobre\\\/author\\\/ebelohorizonte\\\/#author\",\"url\":\"https:\\\/\\\/www.encontrabelohorizonte.com.br\\\/sobre\\\/author\\\/ebelohorizonte\\\/\",\"name\":\"Encontra Belo Horizonte\",\"image\":{\"@type\":\"ImageObject\",\"@id\":\"https:\\\/\\\/www.encontrabelohorizonte.com.br\\\/sobre\\\/apos-dias-de-falta-dagua-regiao-oeste-de-bh-tera-nova-intervencao-no-abastecimento-nesta-sexta\\\/#authorImage\",\"url\":\"https:\\\/\\\/secure.gravatar.com\\\/avatar\\\/507340682b8270222e1f208e23198b6ae7e2c6a1033ae84e99bc6bce4f82a387?s=96&d=mm&r=g\",\"width\":96,\"height\":96,\"caption\":\"Encontra Belo Horizonte\"}},{\"@type\":\"WebPage\",\"@id\":\"https:\\\/\\\/www.encontrabelohorizonte.com.br\\\/sobre\\\/apos-dias-de-falta-dagua-regiao-oeste-de-bh-tera-nova-intervencao-no-abastecimento-nesta-sexta\\\/#webpage\",\"url\":\"https:\\\/\\\/www.encontrabelohorizonte.com.br\\\/sobre\\\/apos-dias-de-falta-dagua-regiao-oeste-de-bh-tera-nova-intervencao-no-abastecimento-nesta-sexta\\\/\",\"name\":\"Ap\\u00f3s dias de falta d\\u2019\\u00e1gua, Regi\\u00e3o Oeste de BH ter\\u00e1 nova interven\\u00e7\\u00e3o no abastecimento nesta sexta | Encontra Belo Horizonte\",\"description\":\"Interrup\\u00e7\\u00f5es no abastecimento de \\u00e1gua em BH nesta sexta-feira, saiba mais.\",\"inLanguage\":\"pt-BR\",\"isPartOf\":{\"@id\":\"https:\\\/\\\/www.encontrabelohorizonte.com.br\\\/sobre\\\/#website\"},\"breadcrumb\":{\"@id\":\"https:\\\/\\\/www.encontrabelohorizonte.com.br\\\/sobre\\\/apos-dias-de-falta-dagua-regiao-oeste-de-bh-tera-nova-intervencao-no-abastecimento-nesta-sexta\\\/#breadcrumblist\"},\"author\":{\"@id\":\"https:\\\/\\\/www.encontrabelohorizonte.com.br\\\/sobre\\\/author\\\/ebelohorizonte\\\/#author\"},\"creator\":{\"@id\":\"https:\\\/\\\/www.encontrabelohorizonte.com.br\\\/sobre\\\/author\\\/ebelohorizonte\\\/#author\"},\"image\":{\"@type\":\"ImageObject\",\"url\":\"https:\\\/\\\/www.encontrabelohorizonte.com.br\\\/sobre\\\/wp-content\\\/uploads\\\/apos-dias-de-falta-d-agua-regiao-oeste-de-bh-tera-nova-intervencao-no-abastecimento-nesta-sexta.webp\",\"@id\":\"https:\\\/\\\/www.encontrabelohorizonte.com.br\\\/sobre\\\/apos-dias-de-falta-dagua-regiao-oeste-de-bh-tera-nova-intervencao-no-abastecimento-nesta-sexta\\\/#mainImage\",\"width\":280,\"height\":280,\"caption\":\"interrup\\u00e7\\u00e3o no abastecimento de \\u00e1gua\"},\"primaryImageOfPage\":{\"@id\":\"https:\\\/\\\/www.encontrabelohorizonte.com.br\\\/sobre\\\/apos-dias-de-falta-dagua-regiao-oeste-de-bh-tera-nova-intervencao-no-abastecimento-nesta-sexta\\\/#mainImage\"},\"datePublished\":\"2026-09-03T21:30:54-03:00\",\"dateModified\":\"2026-09-03T21:30:54-03:00\"},{\"@type\":\"WebSite\",\"@id\":\"https:\\\/\\\/www.encontrabelohorizonte.com.br\\\/sobre\\\/#website\",\"url\":\"https:\\\/\\\/www.encontrabelohorizonte.com.br\\\/sobre\\\/\",\"name\":\"Encontra Belo Horizonte\",\"description\":\"Not\\u00edcias, eventos, informa\\u00e7\\u00f5es e dicas da cidade de Belo Horizonte e regi\\u00e3o\",\"inLanguage\":\"pt-BR\",\"publisher\":{\"@id\":\"https:\\\/\\\/www.encontrabelohorizonte.com.br\\\/sobre\\\/#organization\"}}]}\n\t\t<\/script>\n\t\t<!-- All in One SEO -->\n\n","aioseo_head_json":{"title":"Ap\u00f3s dias de falta d\u2019\u00e1gua, Regi\u00e3o Oeste de BH ter\u00e1 nova interven\u00e7\u00e3o no abastecimento nesta sexta | Encontra Belo Horizonte","description":"Interrup\u00e7\u00f5es no abastecimento de \u00e1gua em BH nesta sexta-feira, saiba mais.","canonical_url":"https:\/\/www.encontrabelohorizonte.com.br\/sobre\/apos-dias-de-falta-dagua-regiao-oeste-de-bh-tera-nova-intervencao-no-abastecimento-nesta-sexta\/","robots":"max-image-preview:large","keywords":"","webmasterTools":{"miscellaneous":""},"schema":{"@context":"https:\/\/schema.org","@graph":[{"@type":"Article","@id":"https:\/\/www.encontrabelohorizonte.com.br\/sobre\/apos-dias-de-falta-dagua-regiao-oeste-de-bh-tera-nova-intervencao-no-abastecimento-nesta-sexta\/#article","name":"Ap\u00f3s dias de falta d\u2019\u00e1gua, Regi\u00e3o Oeste de BH ter\u00e1 nova interven\u00e7\u00e3o no abastecimento nesta sexta | Encontra Belo Horizonte","headline":"Ap\u00f3s dias de falta d&#8217;\u00e1gua, Regi\u00e3o Oeste de BH ter\u00e1 nova interven\u00e7\u00e3o no abastecimento nesta sexta","author":{"@id":"https:\/\/www.encontrabelohorizonte.com.br\/sobre\/author\/ebelohorizonte\/#author"},"publisher":{"@id":"https:\/\/www.encontrabelohorizonte.com.br\/sobre\/#organization"},"image":{"@type":"ImageObject","url":"https:\/\/www.encontrabelohorizonte.com.br\/sobre\/wp-content\/uploads\/apos-dias-de-falta-d-agua-regiao-oeste-de-bh-tera-nova-intervencao-no-abastecimento-nesta-sexta.webp","width":280,"height":280,"caption":"interrup\u00e7\u00e3o no abastecimento de \u00e1gua"},"datePublished":"2026-09-03T21:30:54-03:00","dateModified":"2026-09-03T21:30:54-03:00","inLanguage":"pt-BR","mainEntityOfPage":{"@id":"https:\/\/www.encontrabelohorizonte.com.br\/sobre\/apos-dias-de-falta-dagua-regiao-oeste-de-bh-tera-nova-intervencao-no-abastecimento-nesta-sexta\/#webpage"},"isPartOf":{"@id":"https:\/\/www.encontrabelohorizonte.com.br\/sobre\/apos-dias-de-falta-dagua-regiao-oeste-de-bh-tera-nova-intervencao-no-abastecimento-nesta-sexta\/#webpage"},"articleSection":"Not\u00edcias Belo Horizonte"},{"@type":"BreadcrumbList","@id":"https:\/\/www.encontrabelohorizonte.com.br\/sobre\/apos-dias-de-falta-dagua-regiao-oeste-de-bh-tera-nova-intervencao-no-abastecimento-nesta-sexta\/#breadcrumblist","itemListElement":[{"@type":"ListItem","@id":"https:\/\/www.encontrabelohorizonte.com.br\/sobre#listItem","position":1,"name":"In\u00edcio","item":"https:\/\/www.encontrabelohorizonte.com.br\/sobre","nextItem":{"@type":"ListItem","@id":"https:\/\/www.encontrabelohorizonte.com.br\/sobre\/noticias\/#listItem","name":"Not\u00edcias Belo Horizonte"}},{"@type":"ListItem","@id":"https:\/\/www.encontrabelohorizonte.com.br\/sobre\/noticias\/#listItem","position":2,"name":"Not\u00edcias Belo Horizonte","item":"https:\/\/www.encontrabelohorizonte.com.br\/sobre\/noticias\/","nextItem":{"@type":"ListItem","@id":"https:\/\/www.encontrabelohorizonte.com.br\/sobre\/apos-dias-de-falta-dagua-regiao-oeste-de-bh-tera-nova-intervencao-no-abastecimento-nesta-sexta\/#listItem","name":"Ap\u00f3s dias de falta d&#8217;\u00e1gua, Regi\u00e3o Oeste de BH ter\u00e1 nova interven\u00e7\u00e3o no abastecimento nesta sexta"},"previousItem":{"@type":"ListItem","@id":"https:\/\/www.encontrabelohorizonte.com.br\/sobre#listItem","name":"In\u00edcio"}},{"@type":"ListItem","@id":"https:\/\/www.encontrabelohorizonte.com.br\/sobre\/apos-dias-de-falta-dagua-regiao-oeste-de-bh-tera-nova-intervencao-no-abastecimento-nesta-sexta\/#listItem","position":3,"name":"Ap\u00f3s dias de falta d&#8217;\u00e1gua, Regi\u00e3o Oeste de BH ter\u00e1 nova interven\u00e7\u00e3o no abastecimento nesta sexta","previousItem":{"@type":"ListItem","@id":"https:\/\/www.encontrabelohorizonte.com.br\/sobre\/noticias\/#listItem","name":"Not\u00edcias Belo Horizonte"}}]},{"@type":"Organization","@id":"https:\/\/www.encontrabelohorizonte.com.br\/sobre\/#organization","name":"Encontra Belo Horizonte","description":"Not\u00edcias, eventos, informa\u00e7\u00f5es e dicas da cidade de Belo Horizonte e regi\u00e3o","url":"https:\/\/www.encontrabelohorizonte.com.br\/sobre\/"},{"@type":"Person","@id":"https:\/\/www.encontrabelohorizonte.com.br\/sobre\/author\/ebelohorizonte\/#author","url":"https:\/\/www.encontrabelohorizonte.com.br\/sobre\/author\/ebelohorizonte\/","name":"Encontra Belo Horizonte","image":{"@type":"ImageObject","@id":"https:\/\/www.encontrabelohorizonte.com.br\/sobre\/apos-dias-de-falta-dagua-regiao-oeste-de-bh-tera-nova-intervencao-no-abastecimento-nesta-sexta\/#authorImage","url":"https:\/\/secure.gravatar.com\/avatar\/507340682b8270222e1f208e23198b6ae7e2c6a1033ae84e99bc6bce4f82a387?s=96&d=mm&r=g","width":96,"height":96,"caption":"Encontra Belo Horizonte"}},{"@type":"WebPage","@id":"https:\/\/www.encontrabelohorizonte.com.br\/sobre\/apos-dias-de-falta-dagua-regiao-oeste-de-bh-tera-nova-intervencao-no-abastecimento-nesta-sexta\/#webpage","url":"https:\/\/www.encontrabelohorizonte.com.br\/sobre\/apos-dias-de-falta-dagua-regiao-oeste-de-bh-tera-nova-intervencao-no-abastecimento-nesta-sexta\/","name":"Ap\u00f3s dias de falta d\u2019\u00e1gua, Regi\u00e3o Oeste de BH ter\u00e1 nova interven\u00e7\u00e3o no abastecimento nesta sexta | Encontra Belo Horizonte","description":"Interrup\u00e7\u00f5es no abastecimento de \u00e1gua em BH nesta sexta-feira, saiba mais.","inLanguage":"pt-BR","isPartOf":{"@id":"https:\/\/www.encontrabelohorizonte.com.br\/sobre\/#website"},"breadcrumb":{"@id":"https:\/\/www.encontrabelohorizonte.com.br\/sobre\/apos-dias-de-falta-dagua-regiao-oeste-de-bh-tera-nova-intervencao-no-abastecimento-nesta-sexta\/#breadcrumblist"},"author":{"@id":"https:\/\/www.encontrabelohorizonte.com.br\/sobre\/author\/ebelohorizonte\/#author"},"creator":{"@id":"https:\/\/www.encontrabelohorizonte.com.br\/sobre\/author\/ebelohorizonte\/#author"},"image":{"@type":"ImageObject","url":"https:\/\/www.encontrabelohorizonte.com.br\/sobre\/wp-content\/uploads\/apos-dias-de-falta-d-agua-regiao-oeste-de-bh-tera-nova-intervencao-no-abastecimento-nesta-sexta.webp","@id":"https:\/\/www.encontrabelohorizonte.com.br\/sobre\/apos-dias-de-falta-dagua-regiao-oeste-de-bh-tera-nova-intervencao-no-abastecimento-nesta-sexta\/#mainImage","width":280,"height":280,"caption":"interrup\u00e7\u00e3o no abastecimento de \u00e1gua"},"primaryImageOfPage":{"@id":"https:\/\/www.encontrabelohorizonte.com.br\/sobre\/apos-dias-de-falta-dagua-regiao-oeste-de-bh-tera-nova-intervencao-no-abastecimento-nesta-sexta\/#mainImage"},"datePublished":"2026-09-03T21:30:54-03:00","dateModified":"2026-09-03T21:30:54-03:00"},{"@type":"WebSite","@id":"https:\/\/www.encontrabelohorizonte.com.br\/sobre\/#website","url":"https:\/\/www.encontrabelohorizonte.com.br\/sobre\/","name":"Encontra Belo Horizonte","description":"Not\u00edcias, eventos, informa\u00e7\u00f5es e dicas da cidade de Belo Horizonte e regi\u00e3o","inLanguage":"pt-BR","publisher":{"@id":"https:\/\/www.encontrabelohorizonte.com.br\/sobre\/#organization"}}]},"og:locale":"pt_BR","og:site_name":"Encontra Belo Horizonte | Not\u00edcias, eventos, informa\u00e7\u00f5es e dicas da cidade de Belo Horizonte e regi\u00e3o","og:type":"article","og:title":"Ap\u00f3s dias de falta d\u2019\u00e1gua, Regi\u00e3o Oeste de BH ter\u00e1 nova interven\u00e7\u00e3o no abastecimento nesta sexta | Encontra Belo Horizonte","og:description":"Interrup\u00e7\u00f5es no abastecimento de \u00e1gua em BH nesta sexta-feira, saiba mais.","og:url":"https:\/\/www.encontrabelohorizonte.com.br\/sobre\/apos-dias-de-falta-dagua-regiao-oeste-de-bh-tera-nova-intervencao-no-abastecimento-nesta-sexta\/","article:published_time":"2026-09-04T00:30:54+00:00","article:modified_time":"2026-09-04T00:30:54+00:00","twitter:card":"summary","twitter:title":"Ap\u00f3s dias de falta d\u2019\u00e1gua, Regi\u00e3o Oeste de BH ter\u00e1 nova interven\u00e7\u00e3o no abastecimento nesta sexta | Encontra Belo Horizonte","twitter:description":"Interrup\u00e7\u00f5es no abastecimento de \u00e1gua em BH nesta sexta-feira, saiba mais."},"aioseo_meta_data":{"post_id":"4805","title":null,"description":null,"keywords":null,"keyphrases":null,"primary_term":null,"canonical_url":null,"og_title":null,"og_description":null,"og_object_type":"default","og_image_type":"default","og_image_url":null,"og_image_width":null,"og_image_height":null,"og_image_custom_url":null,"og_image_custom_fields":null,"og_video":null,"og_custom_url":null,"og_article_section":null,"og_article_tags":null,"twitter_use_og":false,"twitter_card":"default","twitter_image_type":"default","twitter_image_url":null,"twitter_image_custom_url":null,"twitter_image_custom_fields":null,"twitter_title":null,"twitter_description":null,"schema":{"blockGraphs":[],"customGraphs":[],"default":{"data":{"Article":[],"Course":[],"Dataset":[],"FAQPage":[],"Movie":[],"Person":[],"Product":[],"ProductReview":[],"Car":[],"Recipe":[],"Service":[],"SoftwareApplication":[],"WebPage":[]},"graphName":"Article","isEnabled":true},"graphs":[]},"schema_type":"default","schema_type_options":null,"pillar_content":false,"robots_default":true,"robots_noindex":false,"robots_noarchive":false,"robots_nosnippet":false,"robots_nofollow":false,"robots_noimageindex":false,"robots_noodp":false,"robots_notranslate":false,"robots_max_snippet":null,"robots_max_videopreview":null,"robots_max_imagepreview":"large","priority":null,"frequency":null,"local_seo":null,"breadcrumb_settings":null,"limit_modified_date":false,"ai":null,"created":"2026-09-04 00:30:55","updated":"2026-09-04 01:05:59","focus_keyword":null,"additional_keywords":null,"truseo_locale":null,"seo_analyzer_scan_date":null},"aioseo_breadcrumb":"<div class=\"aioseo-breadcrumbs\"><span class=\"aioseo-breadcrumb\">\n\t\t\t<a href=\"https:\/\/www.encontrabelohorizonte.com.br\/sobre\" title=\"In\u00edcio\">In\u00edcio<\/a>\n\t\t<\/span><span class=\"aioseo-breadcrumb-separator\">&raquo;<\/span><span class=\"aioseo-breadcrumb\">\n\t\t\t<a href=\"https:\/\/www.encontrabelohorizonte.com.br\/sobre\/noticias\/\" title=\"Not\u00edcias Belo Horizonte\">Not\u00edcias Belo Horizonte<\/a>\n\t\t<\/span><span class=\"aioseo-breadcrumb-separator\">&raquo;<\/span><span class=\"aioseo-breadcrumb\">\n\t\t\tAp\u00f3s dias de falta d\u2019\u00e1gua, Regi\u00e3o Oeste de BH ter\u00e1 nova interven\u00e7\u00e3o no abastecimento nesta sexta\n\t\t<\/span><\/div>","aioseo_breadcrumb_json":[{"label":"In\u00edcio","link":"https:\/\/www.encontrabelohorizonte.com.br\/sobre"},{"label":"Not\u00edcias Belo Horizonte","link":"https:\/\/www.encontrabelohorizonte.com.br\/sobre\/noticias\/"},{"label":"Ap\u00f3s dias de falta d&#8217;\u00e1gua, Regi\u00e3o Oeste de BH ter\u00e1 nova interven\u00e7\u00e3o no abastecimento nesta sexta","link":"https:\/\/www.encontrabelohorizonte.com.br\/sobre\/apos-dias-de-falta-dagua-regiao-oeste-de-bh-tera-nova-intervencao-no-abastecimento-nesta-sexta\/"}],"_links":{"self":[{"href":"https:\/\/www.encontrabelohorizonte.com.br\/sobre\/wp-json\/wp\/v2\/posts\/4805","targetHints":{"allow":["GET"]}}],"collection":[{"href":"https:\/\/www.encontrabelohorizonte.com.br\/sobre\/wp-json\/wp\/v2\/posts"}],"about":[{"href":"https:\/\/www.encontrabelohorizonte.com.br\/sobre\/wp-json\/wp\/v2\/types\/post"}],"author":[{"embeddable":true,"href":"https:\/\/www.encontrabelohorizonte.com.br\/sobre\/wp-json\/wp\/v2\/users\/1"}],"replies":[{"embeddable":true,"href":"https:\/\/www.encontrabelohorizonte.com.br\/sobre\/wp-json\/wp\/v2\/comments?post=4805"}],"version-history":[{"count":0,"href":"https:\/\/www.encontrabelohorizonte.com.br\/sobre\/wp-json\/wp\/v2\/posts\/4805\/revisions"}],"wp:featuredmedia":[{"embeddable":true,"href":"https:\/\/www.encontrabelohorizonte.com.br\/sobre\/wp-json\/wp\/v2\/media\/4804"}],"wp:attachment":[{"href":"https:\/\/www.encontrabelohorizonte.com.br\/sobre\/wp-json\/wp\/v2\/media?parent=4805"}],"wp:term":[{"taxonomy":"category","embeddable":true,"href":"https:\/\/www.encontrabelohorizonte.com.br\/sobre\/wp-json\/wp\/v2\/categories?post=4805"},{"taxonomy":"post_tag","embeddable":true,"href":"https:\/\/www.encontrabelohorizonte.com.br\/sobre\/wp-json\/wp\/v2\/tags?post=4805"}],"curies":[{"name":"wp","href":"https:\/\/api.w.org\/{rel}","templated":true}]}}