{"id":4815,"date":"2026-09-04T21:28:33","date_gmt":"2026-09-05T00:28:33","guid":{"rendered":"https:\/\/www.encontrabelohorizonte.com.br\/sobre\/metro-de-bh-tera-intervalos-maiores-entre-os-trens-nesta-semana-saiba-mais\/"},"modified":"2026-09-04T21:28:33","modified_gmt":"2026-09-05T00:28:33","slug":"metro-de-bh-tera-intervalos-maiores-entre-os-trens-nesta-semana-saiba-mais","status":"publish","type":"post","link":"https:\/\/www.encontrabelohorizonte.com.br\/sobre\/metro-de-bh-tera-intervalos-maiores-entre-os-trens-nesta-semana-saiba-mais\/","title":{"rendered":"Metr\u00f4 de BH ter\u00e1 intervalos maiores entre os trens nesta semana; saiba mais"},"content":{"rendered":"<div class=\"2e083cf0b19e2c11948dc6ac054ba979\" data-index=\"1\" style=\"float: none; margin:0px;\">\n<!-- Anuncio display - global -->\r\n<ins class=\"adsbygoogle\"\r\n     style=\"display:block\"\r\n     data-ad-client=\"ca-pub-8585364105181520\"\r\n     data-ad-slot=\"8789329856\"\r\n     data-ad-format=\"auto\"\r\n     data-full-width-responsive=\"true\"><\/ins>\r\n<script>\r\n     (adsbygoogle = window.adsbygoogle || []).push({});\r\n<\/script>\n<\/div>\n<h2>Mudan\u00e7as no Hor\u00e1rio do Metr\u00f4 de BH<\/h2>\n<p>A partir de <strong>24 de agosto de 2026<\/strong>, o metr\u00f4 de Belo Horizonte implementar\u00e1 altera\u00e7\u00f5es no hor\u00e1rio de circula\u00e7\u00e3o, especialmente ao longo da semana. A principal modifica\u00e7\u00e3o ocorre na <strong>Linha 1<\/strong>, onde o intervalo entre os trens aumentar\u00e1 para <strong>18 minutos<\/strong> a partir das <strong>20h<\/strong>.<\/p>\n<h2>Impacto nas Linhas do Metr\u00f4<\/h2>\n<p>Com os novos hor\u00e1rios, as operadoras do metr\u00f4 est\u00e3o propondo ajustes significativos na opera\u00e7\u00e3o regular do sistema. A maior detec\u00e7\u00e3o de passageiros durante o per\u00edodo noturno resultou nessa decis\u00e3o com o objetivo de melhorar a infraestrutura e o gerenciamento da linha. Os passageiros que utilizam o transporte p\u00fablico devem se preparar para esses novos tempos de espera afetando a circula\u00e7\u00e3o de passageiros.<\/p>\n<h2>Obras de Infraestrutura na Linha 1<\/h2>\n<p>As altera\u00e7\u00f5es no servi\u00e7o de metr\u00f4 s\u00e3o motivadas pela necessidade de obras de infraestrutura na <strong>Linha 1<\/strong>. Essas melhorias t\u00eam como prop\u00f3sito otimizar a seguran\u00e7a e a efic\u00e1cia do transporte. De acordo com a concession\u00e1ria <strong>Metr\u00f4 BH<\/strong>, a manuten\u00e7\u00e3o \u00e9 uma fase essencial para garantir que a linha continue a operar de forma segura e eficiente no longo prazo.<\/p>\n<p><img decoding=\"async\" src=\"https:\/\/www.encontrabelohorizonte.com.br\/sobre\/wp-content\/uploads\/metro-de-bh-tera-intervalos-maiores-entre-os-trens-nesta-semana-saiba-mais.webp\" alt=\"metr\u00f4 de BH\" loading=\"lazy\" \/><\/p>\n<h2>O que Precisamos Saber Sobre os Novos Intervalos<\/h2>\n<p>Durante a semana da mudan\u00e7a, entre as <strong>20h<\/strong> e \u00e0s <strong>23h<\/strong>, a circula\u00e7\u00e3o de trens ser\u00e1 reduzia, limitando-se a uma via nas esta\u00e7\u00f5es <strong>Carlos Prates<\/strong> e <strong>Calafate<\/strong>. Isso implica que:<\/p>\n<ul>\n<li><strong>Importante:<\/strong> Os passageiros dever\u00e3o atentar para a dire\u00e7\u00e3o corretas do trem antes de embarcar, pois n\u00e3o haver\u00e1 necessidade de baldea\u00e7\u00e3o.<\/li>\n<li>As segundas, ter\u00e7as, quartas e quintas-feiras s\u00e3o os dias em que essas mudan\u00e7as permanecer\u00e3o, com hor\u00e1rios normais a partir de <strong>23h<\/strong>.<\/li>\n<\/ul>\n<h2>Como Conferir os Hor\u00e1rios Atualizados<\/h2>\n<p>Para obter as informa\u00e7\u00f5es mais precisas sobre os hor\u00e1rios e quaisquer mudan\u00e7as adicionais, os passageiros podem consultar o <strong>site oficial do Metr\u00f4 BH<\/strong> ou baixar o aplicativo correspondente. Essas plataformas fornecem dados em tempo real e garantem que todos os usu\u00e1rios fiquem informados sobre o status dos trens e a opera\u00e7\u00e3o nas diferentes linhas.<\/p>\n<h2>Orienta\u00e7\u00f5es para os Passageiros<\/h2>\n<p>Os passageiros s\u00e3o aconselhados a:<\/p>\n<ul>\n<li><strong>Planejar suas viagens:<\/strong> Com a altera\u00e7\u00e3o dos hor\u00e1rios, \u00e9 prefer\u00edvel que os usu\u00e1rios considerem embarcar com anteced\u00eancia.<\/li>\n<li><strong>Verificar o local de embarque:<\/strong> Tenham sempre aten\u00e7\u00e3o ao conferir a dire\u00e7\u00e3o correta do trem antes de embarcarem.<\/li>\n<li><strong>Manter-se informados:<\/strong> O uso de plataformas oficiais e a ativa\u00e7\u00e3o de notifica\u00e7\u00f5es s\u00e3o recomendados para atualiza\u00e7\u00f5es em tempo real.<\/li>\n<\/ul>\n<h2>Potenciais Conflitos no Transporte<\/h2>\n<p>Os novos hor\u00e1rios podem gerar sobrecarga moment\u00e2nea na circula\u00e7\u00e3o, especialmente em hor\u00e1rios de pico. Para mitigar esses problemas, \u00e9 importante que a equipe do metr\u00f4 monitore a movimenta\u00e7\u00e3o e implemente ajustes conforme necess\u00e1rio. A comunica\u00e7\u00e3o clara e eficaz ser\u00e1 fundamental para garantir que todos os usu\u00e1rios compreendam as mudan\u00e7as e possam adaptar suas rotinas de viagem.<\/p>\n<h2>Como Funciona a Opera\u00e7\u00e3o Atual do Metr\u00f4<\/h2>\n<p>Atualmente, o metr\u00f4 de Belo Horizonte opera todos os dias das <strong>5h15<\/strong> \u00e0s <strong>23h<\/strong>. Durante as horas de pico, os trens costumam circular a cada <strong>7 minutos<\/strong> e, em hor\u00e1rios mais tranquilos, a cada <strong>15 minutos<\/strong>. Esses per\u00edodos s\u00e3o projetados para atender ao aumento da demanda de passageiros, garantindo assim um transporte eficiente.<\/p>\n<h2>A Import\u00e2ncia do Metr\u00f4 em BH<\/h2>\n<p>O metr\u00f4 \u00e9 um componente vital do sistema de transporte p\u00fablico de Belo Horizonte, oferecendo uma alternativa r\u00e1pida e acess\u00edvel para deslocamentos. Promove a redu\u00e7\u00e3o do tr\u00e2nsito nas ruas e diminui a emiss\u00e3o de poluentes. Al\u00e9m disso, o acesso facilitado a diversas regi\u00f5es da cidade \u00e9 crucial para o desenvolvimento econ\u00f4mico e a integra\u00e7\u00e3o social.<\/p>\n<h2>Atualiza\u00e7\u00f5es e Not\u00edcias sobre o Metr\u00f4<\/h2>\n<p>Para atualiza\u00e7\u00f5es cont\u00ednuas sobre as opera\u00e7\u00f5es do metr\u00f4 de Belo Horizonte, os usu\u00e1rios podem se inscrever no canal de notifica\u00e7\u00f5es do <strong>g1 Minas<\/strong> e acompanhar as redes sociais oficiais da Metr\u00f4 BH. Essas fontes n\u00e3o apenas oferecem as \u00faltimas not\u00edcias, mas tamb\u00e9m garantem um canal direto para d\u00favidas e sugest\u00f5es, o que pode contribuir para melhorar a experi\u00eancia de todos os passageiros.<\/p>\n\n<div style=\"font-size: 0px; height: 0px; line-height: 0px; margin: 0; padding: 0; clear: both;\"><\/div>","protected":false},"excerpt":{"rendered":"<p>Metr\u00f4 de BH ter\u00e1 intervalos maiores entre os trens devido a obras.<\/p>\n","protected":false},"author":1,"featured_media":4814,"comment_status":"closed","ping_status":"closed","sticky":false,"template":"","format":"standard","meta":{"footnotes":""},"categories":[6],"tags":[],"class_list":["post-4815","post","type-post","status-publish","format-standard","has-post-thumbnail","hentry","category-noticias","has_thumb"],"aioseo_notices":[],"aioseo_head":"\n\t\t<!-- All in One SEO 5.0.0.1 - aioseo.com -->\n\t<meta name=\"description\" content=\"Metr\u00f4 de BH ter\u00e1 intervalos maiores entre os trens devido a obras.\" \/>\n\t<meta name=\"robots\" content=\"max-image-preview:large\" \/>\n\t<meta name=\"author\" content=\"Encontra Belo Horizonte\"\/>\n\t<link rel=\"canonical\" href=\"https:\/\/www.encontrabelohorizonte.com.br\/sobre\/metro-de-bh-tera-intervalos-maiores-entre-os-trens-nesta-semana-saiba-mais\/\" \/>\n\t<meta name=\"generator\" content=\"All in One SEO (AIOSEO) 5.0.0.1\" \/>\n\t\t<meta property=\"og:locale\" content=\"pt_BR\" \/>\n\t\t<meta property=\"og:site_name\" content=\"Encontra Belo Horizonte | Not\u00edcias, eventos, informa\u00e7\u00f5es e dicas da cidade de Belo Horizonte e regi\u00e3o\" \/>\n\t\t<meta property=\"og:type\" content=\"article\" \/>\n\t\t<meta property=\"og:title\" content=\"Metr\u00f4 de BH ter\u00e1 intervalos maiores entre os trens nesta semana; saiba mais | Encontra Belo Horizonte\" \/>\n\t\t<meta property=\"og:description\" content=\"Metr\u00f4 de BH ter\u00e1 intervalos maiores entre os trens devido a obras.\" \/>\n\t\t<meta property=\"og:url\" content=\"https:\/\/www.encontrabelohorizonte.com.br\/sobre\/metro-de-bh-tera-intervalos-maiores-entre-os-trens-nesta-semana-saiba-mais\/\" \/>\n\t\t<meta property=\"article:published_time\" content=\"2026-09-05T00:28:33+00:00\" \/>\n\t\t<meta property=\"article:modified_time\" content=\"2026-09-05T00:28:33+00:00\" \/>\n\t\t<meta name=\"twitter:card\" content=\"summary\" \/>\n\t\t<meta name=\"twitter:title\" content=\"Metr\u00f4 de BH ter\u00e1 intervalos maiores entre os trens nesta semana; saiba mais | Encontra Belo Horizonte\" \/>\n\t\t<meta name=\"twitter:description\" content=\"Metr\u00f4 de BH ter\u00e1 intervalos maiores entre os trens devido a obras.\" \/>\n\t\t<script type=\"application\/ld+json\" class=\"aioseo-schema\">\n\t\t\t{\"@context\":\"https:\\\/\\\/schema.org\",\"@graph\":[{\"@type\":\"Article\",\"@id\":\"https:\\\/\\\/www.encontrabelohorizonte.com.br\\\/sobre\\\/metro-de-bh-tera-intervalos-maiores-entre-os-trens-nesta-semana-saiba-mais\\\/#article\",\"name\":\"Metr\\u00f4 de BH ter\\u00e1 intervalos maiores entre os trens nesta semana; saiba mais | Encontra Belo Horizonte\",\"headline\":\"Metr\\u00f4 de BH ter\\u00e1 intervalos maiores entre os trens nesta semana; saiba mais\",\"author\":{\"@id\":\"https:\\\/\\\/www.encontrabelohorizonte.com.br\\\/sobre\\\/author\\\/ebelohorizonte\\\/#author\"},\"publisher\":{\"@id\":\"https:\\\/\\\/www.encontrabelohorizonte.com.br\\\/sobre\\\/#organization\"},\"image\":{\"@type\":\"ImageObject\",\"url\":\"https:\\\/\\\/www.encontrabelohorizonte.com.br\\\/sobre\\\/wp-content\\\/uploads\\\/metro-de-bh-tera-intervalos-maiores-entre-os-trens-nesta-semana-saiba-mais.webp\",\"width\":280,\"height\":280,\"caption\":\"metr\\u00f4 de BH\"},\"datePublished\":\"2026-09-04T21:28:33-03:00\",\"dateModified\":\"2026-09-04T21:28:33-03:00\",\"inLanguage\":\"pt-BR\",\"mainEntityOfPage\":{\"@id\":\"https:\\\/\\\/www.encontrabelohorizonte.com.br\\\/sobre\\\/metro-de-bh-tera-intervalos-maiores-entre-os-trens-nesta-semana-saiba-mais\\\/#webpage\"},\"isPartOf\":{\"@id\":\"https:\\\/\\\/www.encontrabelohorizonte.com.br\\\/sobre\\\/metro-de-bh-tera-intervalos-maiores-entre-os-trens-nesta-semana-saiba-mais\\\/#webpage\"},\"articleSection\":\"Not\\u00edcias Belo Horizonte\"},{\"@type\":\"BreadcrumbList\",\"@id\":\"https:\\\/\\\/www.encontrabelohorizonte.com.br\\\/sobre\\\/metro-de-bh-tera-intervalos-maiores-entre-os-trens-nesta-semana-saiba-mais\\\/#breadcrumblist\",\"itemListElement\":[{\"@type\":\"ListItem\",\"@id\":\"https:\\\/\\\/www.encontrabelohorizonte.com.br\\\/sobre#listItem\",\"position\":1,\"name\":\"In\\u00edcio\",\"item\":\"https:\\\/\\\/www.encontrabelohorizonte.com.br\\\/sobre\",\"nextItem\":{\"@type\":\"ListItem\",\"@id\":\"https:\\\/\\\/www.encontrabelohorizonte.com.br\\\/sobre\\\/noticias\\\/#listItem\",\"name\":\"Not\\u00edcias Belo Horizonte\"}},{\"@type\":\"ListItem\",\"@id\":\"https:\\\/\\\/www.encontrabelohorizonte.com.br\\\/sobre\\\/noticias\\\/#listItem\",\"position\":2,\"name\":\"Not\\u00edcias Belo Horizonte\",\"item\":\"https:\\\/\\\/www.encontrabelohorizonte.com.br\\\/sobre\\\/noticias\\\/\",\"nextItem\":{\"@type\":\"ListItem\",\"@id\":\"https:\\\/\\\/www.encontrabelohorizonte.com.br\\\/sobre\\\/metro-de-bh-tera-intervalos-maiores-entre-os-trens-nesta-semana-saiba-mais\\\/#listItem\",\"name\":\"Metr\\u00f4 de BH ter\\u00e1 intervalos maiores entre os trens nesta semana; saiba mais\"},\"previousItem\":{\"@type\":\"ListItem\",\"@id\":\"https:\\\/\\\/www.encontrabelohorizonte.com.br\\\/sobre#listItem\",\"name\":\"In\\u00edcio\"}},{\"@type\":\"ListItem\",\"@id\":\"https:\\\/\\\/www.encontrabelohorizonte.com.br\\\/sobre\\\/metro-de-bh-tera-intervalos-maiores-entre-os-trens-nesta-semana-saiba-mais\\\/#listItem\",\"position\":3,\"name\":\"Metr\\u00f4 de BH ter\\u00e1 intervalos maiores entre os trens nesta semana; saiba mais\",\"previousItem\":{\"@type\":\"ListItem\",\"@id\":\"https:\\\/\\\/www.encontrabelohorizonte.com.br\\\/sobre\\\/noticias\\\/#listItem\",\"name\":\"Not\\u00edcias Belo Horizonte\"}}]},{\"@type\":\"Organization\",\"@id\":\"https:\\\/\\\/www.encontrabelohorizonte.com.br\\\/sobre\\\/#organization\",\"name\":\"Encontra Belo Horizonte\",\"description\":\"Not\\u00edcias, eventos, informa\\u00e7\\u00f5es e dicas da cidade de Belo Horizonte e regi\\u00e3o\",\"url\":\"https:\\\/\\\/www.encontrabelohorizonte.com.br\\\/sobre\\\/\"},{\"@type\":\"Person\",\"@id\":\"https:\\\/\\\/www.encontrabelohorizonte.com.br\\\/sobre\\\/author\\\/ebelohorizonte\\\/#author\",\"url\":\"https:\\\/\\\/www.encontrabelohorizonte.com.br\\\/sobre\\\/author\\\/ebelohorizonte\\\/\",\"name\":\"Encontra Belo Horizonte\",\"image\":{\"@type\":\"ImageObject\",\"@id\":\"https:\\\/\\\/www.encontrabelohorizonte.com.br\\\/sobre\\\/metro-de-bh-tera-intervalos-maiores-entre-os-trens-nesta-semana-saiba-mais\\\/#authorImage\",\"url\":\"https:\\\/\\\/secure.gravatar.com\\\/avatar\\\/507340682b8270222e1f208e23198b6ae7e2c6a1033ae84e99bc6bce4f82a387?s=96&d=mm&r=g\",\"width\":96,\"height\":96,\"caption\":\"Encontra Belo Horizonte\"}},{\"@type\":\"WebPage\",\"@id\":\"https:\\\/\\\/www.encontrabelohorizonte.com.br\\\/sobre\\\/metro-de-bh-tera-intervalos-maiores-entre-os-trens-nesta-semana-saiba-mais\\\/#webpage\",\"url\":\"https:\\\/\\\/www.encontrabelohorizonte.com.br\\\/sobre\\\/metro-de-bh-tera-intervalos-maiores-entre-os-trens-nesta-semana-saiba-mais\\\/\",\"name\":\"Metr\\u00f4 de BH ter\\u00e1 intervalos maiores entre os trens nesta semana; saiba mais | Encontra Belo Horizonte\",\"description\":\"Metr\\u00f4 de BH ter\\u00e1 intervalos maiores entre os trens devido a obras.\",\"inLanguage\":\"pt-BR\",\"isPartOf\":{\"@id\":\"https:\\\/\\\/www.encontrabelohorizonte.com.br\\\/sobre\\\/#website\"},\"breadcrumb\":{\"@id\":\"https:\\\/\\\/www.encontrabelohorizonte.com.br\\\/sobre\\\/metro-de-bh-tera-intervalos-maiores-entre-os-trens-nesta-semana-saiba-mais\\\/#breadcrumblist\"},\"author\":{\"@id\":\"https:\\\/\\\/www.encontrabelohorizonte.com.br\\\/sobre\\\/author\\\/ebelohorizonte\\\/#author\"},\"creator\":{\"@id\":\"https:\\\/\\\/www.encontrabelohorizonte.com.br\\\/sobre\\\/author\\\/ebelohorizonte\\\/#author\"},\"image\":{\"@type\":\"ImageObject\",\"url\":\"https:\\\/\\\/www.encontrabelohorizonte.com.br\\\/sobre\\\/wp-content\\\/uploads\\\/metro-de-bh-tera-intervalos-maiores-entre-os-trens-nesta-semana-saiba-mais.webp\",\"@id\":\"https:\\\/\\\/www.encontrabelohorizonte.com.br\\\/sobre\\\/metro-de-bh-tera-intervalos-maiores-entre-os-trens-nesta-semana-saiba-mais\\\/#mainImage\",\"width\":280,\"height\":280,\"caption\":\"metr\\u00f4 de BH\"},\"primaryImageOfPage\":{\"@id\":\"https:\\\/\\\/www.encontrabelohorizonte.com.br\\\/sobre\\\/metro-de-bh-tera-intervalos-maiores-entre-os-trens-nesta-semana-saiba-mais\\\/#mainImage\"},\"datePublished\":\"2026-09-04T21:28:33-03:00\",\"dateModified\":\"2026-09-04T21:28:33-03:00\"},{\"@type\":\"WebSite\",\"@id\":\"https:\\\/\\\/www.encontrabelohorizonte.com.br\\\/sobre\\\/#website\",\"url\":\"https:\\\/\\\/www.encontrabelohorizonte.com.br\\\/sobre\\\/\",\"name\":\"Encontra Belo Horizonte\",\"description\":\"Not\\u00edcias, eventos, informa\\u00e7\\u00f5es e dicas da cidade de Belo Horizonte e regi\\u00e3o\",\"inLanguage\":\"pt-BR\",\"publisher\":{\"@id\":\"https:\\\/\\\/www.encontrabelohorizonte.com.br\\\/sobre\\\/#organization\"}}]}\n\t\t<\/script>\n\t\t<!-- All in One SEO -->\n\n","aioseo_head_json":{"title":"Metr\u00f4 de BH ter\u00e1 intervalos maiores entre os trens nesta semana; saiba mais | Encontra Belo Horizonte","description":"Metr\u00f4 de BH ter\u00e1 intervalos maiores entre os trens devido a obras.","canonical_url":"https:\/\/www.encontrabelohorizonte.com.br\/sobre\/metro-de-bh-tera-intervalos-maiores-entre-os-trens-nesta-semana-saiba-mais\/","robots":"max-image-preview:large","keywords":"","webmasterTools":{"miscellaneous":""},"schema":{"@context":"https:\/\/schema.org","@graph":[{"@type":"Article","@id":"https:\/\/www.encontrabelohorizonte.com.br\/sobre\/metro-de-bh-tera-intervalos-maiores-entre-os-trens-nesta-semana-saiba-mais\/#article","name":"Metr\u00f4 de BH ter\u00e1 intervalos maiores entre os trens nesta semana; saiba mais | Encontra Belo Horizonte","headline":"Metr\u00f4 de BH ter\u00e1 intervalos maiores entre os trens nesta semana; saiba mais","author":{"@id":"https:\/\/www.encontrabelohorizonte.com.br\/sobre\/author\/ebelohorizonte\/#author"},"publisher":{"@id":"https:\/\/www.encontrabelohorizonte.com.br\/sobre\/#organization"},"image":{"@type":"ImageObject","url":"https:\/\/www.encontrabelohorizonte.com.br\/sobre\/wp-content\/uploads\/metro-de-bh-tera-intervalos-maiores-entre-os-trens-nesta-semana-saiba-mais.webp","width":280,"height":280,"caption":"metr\u00f4 de BH"},"datePublished":"2026-09-04T21:28:33-03:00","dateModified":"2026-09-04T21:28:33-03:00","inLanguage":"pt-BR","mainEntityOfPage":{"@id":"https:\/\/www.encontrabelohorizonte.com.br\/sobre\/metro-de-bh-tera-intervalos-maiores-entre-os-trens-nesta-semana-saiba-mais\/#webpage"},"isPartOf":{"@id":"https:\/\/www.encontrabelohorizonte.com.br\/sobre\/metro-de-bh-tera-intervalos-maiores-entre-os-trens-nesta-semana-saiba-mais\/#webpage"},"articleSection":"Not\u00edcias Belo Horizonte"},{"@type":"BreadcrumbList","@id":"https:\/\/www.encontrabelohorizonte.com.br\/sobre\/metro-de-bh-tera-intervalos-maiores-entre-os-trens-nesta-semana-saiba-mais\/#breadcrumblist","itemListElement":[{"@type":"ListItem","@id":"https:\/\/www.encontrabelohorizonte.com.br\/sobre#listItem","position":1,"name":"In\u00edcio","item":"https:\/\/www.encontrabelohorizonte.com.br\/sobre","nextItem":{"@type":"ListItem","@id":"https:\/\/www.encontrabelohorizonte.com.br\/sobre\/noticias\/#listItem","name":"Not\u00edcias Belo Horizonte"}},{"@type":"ListItem","@id":"https:\/\/www.encontrabelohorizonte.com.br\/sobre\/noticias\/#listItem","position":2,"name":"Not\u00edcias Belo Horizonte","item":"https:\/\/www.encontrabelohorizonte.com.br\/sobre\/noticias\/","nextItem":{"@type":"ListItem","@id":"https:\/\/www.encontrabelohorizonte.com.br\/sobre\/metro-de-bh-tera-intervalos-maiores-entre-os-trens-nesta-semana-saiba-mais\/#listItem","name":"Metr\u00f4 de BH ter\u00e1 intervalos maiores entre os trens nesta semana; saiba mais"},"previousItem":{"@type":"ListItem","@id":"https:\/\/www.encontrabelohorizonte.com.br\/sobre#listItem","name":"In\u00edcio"}},{"@type":"ListItem","@id":"https:\/\/www.encontrabelohorizonte.com.br\/sobre\/metro-de-bh-tera-intervalos-maiores-entre-os-trens-nesta-semana-saiba-mais\/#listItem","position":3,"name":"Metr\u00f4 de BH ter\u00e1 intervalos maiores entre os trens nesta semana; saiba mais","previousItem":{"@type":"ListItem","@id":"https:\/\/www.encontrabelohorizonte.com.br\/sobre\/noticias\/#listItem","name":"Not\u00edcias Belo Horizonte"}}]},{"@type":"Organization","@id":"https:\/\/www.encontrabelohorizonte.com.br\/sobre\/#organization","name":"Encontra Belo Horizonte","description":"Not\u00edcias, eventos, informa\u00e7\u00f5es e dicas da cidade de Belo Horizonte e regi\u00e3o","url":"https:\/\/www.encontrabelohorizonte.com.br\/sobre\/"},{"@type":"Person","@id":"https:\/\/www.encontrabelohorizonte.com.br\/sobre\/author\/ebelohorizonte\/#author","url":"https:\/\/www.encontrabelohorizonte.com.br\/sobre\/author\/ebelohorizonte\/","name":"Encontra Belo Horizonte","image":{"@type":"ImageObject","@id":"https:\/\/www.encontrabelohorizonte.com.br\/sobre\/metro-de-bh-tera-intervalos-maiores-entre-os-trens-nesta-semana-saiba-mais\/#authorImage","url":"https:\/\/secure.gravatar.com\/avatar\/507340682b8270222e1f208e23198b6ae7e2c6a1033ae84e99bc6bce4f82a387?s=96&d=mm&r=g","width":96,"height":96,"caption":"Encontra Belo Horizonte"}},{"@type":"WebPage","@id":"https:\/\/www.encontrabelohorizonte.com.br\/sobre\/metro-de-bh-tera-intervalos-maiores-entre-os-trens-nesta-semana-saiba-mais\/#webpage","url":"https:\/\/www.encontrabelohorizonte.com.br\/sobre\/metro-de-bh-tera-intervalos-maiores-entre-os-trens-nesta-semana-saiba-mais\/","name":"Metr\u00f4 de BH ter\u00e1 intervalos maiores entre os trens nesta semana; saiba mais | Encontra Belo Horizonte","description":"Metr\u00f4 de BH ter\u00e1 intervalos maiores entre os trens devido a obras.","inLanguage":"pt-BR","isPartOf":{"@id":"https:\/\/www.encontrabelohorizonte.com.br\/sobre\/#website"},"breadcrumb":{"@id":"https:\/\/www.encontrabelohorizonte.com.br\/sobre\/metro-de-bh-tera-intervalos-maiores-entre-os-trens-nesta-semana-saiba-mais\/#breadcrumblist"},"author":{"@id":"https:\/\/www.encontrabelohorizonte.com.br\/sobre\/author\/ebelohorizonte\/#author"},"creator":{"@id":"https:\/\/www.encontrabelohorizonte.com.br\/sobre\/author\/ebelohorizonte\/#author"},"image":{"@type":"ImageObject","url":"https:\/\/www.encontrabelohorizonte.com.br\/sobre\/wp-content\/uploads\/metro-de-bh-tera-intervalos-maiores-entre-os-trens-nesta-semana-saiba-mais.webp","@id":"https:\/\/www.encontrabelohorizonte.com.br\/sobre\/metro-de-bh-tera-intervalos-maiores-entre-os-trens-nesta-semana-saiba-mais\/#mainImage","width":280,"height":280,"caption":"metr\u00f4 de BH"},"primaryImageOfPage":{"@id":"https:\/\/www.encontrabelohorizonte.com.br\/sobre\/metro-de-bh-tera-intervalos-maiores-entre-os-trens-nesta-semana-saiba-mais\/#mainImage"},"datePublished":"2026-09-04T21:28:33-03:00","dateModified":"2026-09-04T21:28:33-03:00"},{"@type":"WebSite","@id":"https:\/\/www.encontrabelohorizonte.com.br\/sobre\/#website","url":"https:\/\/www.encontrabelohorizonte.com.br\/sobre\/","name":"Encontra Belo Horizonte","description":"Not\u00edcias, eventos, informa\u00e7\u00f5es e dicas da cidade de Belo Horizonte e regi\u00e3o","inLanguage":"pt-BR","publisher":{"@id":"https:\/\/www.encontrabelohorizonte.com.br\/sobre\/#organization"}}]},"og:locale":"pt_BR","og:site_name":"Encontra Belo Horizonte | Not\u00edcias, eventos, informa\u00e7\u00f5es e dicas da cidade de Belo Horizonte e regi\u00e3o","og:type":"article","og:title":"Metr\u00f4 de BH ter\u00e1 intervalos maiores entre os trens nesta semana; saiba mais | Encontra Belo Horizonte","og:description":"Metr\u00f4 de BH ter\u00e1 intervalos maiores entre os trens devido a obras.","og:url":"https:\/\/www.encontrabelohorizonte.com.br\/sobre\/metro-de-bh-tera-intervalos-maiores-entre-os-trens-nesta-semana-saiba-mais\/","article:published_time":"2026-09-05T00:28:33+00:00","article:modified_time":"2026-09-05T00:28:33+00:00","twitter:card":"summary","twitter:title":"Metr\u00f4 de BH ter\u00e1 intervalos maiores entre os trens nesta semana; saiba mais | Encontra Belo Horizonte","twitter:description":"Metr\u00f4 de BH ter\u00e1 intervalos maiores entre os trens devido a obras."},"aioseo_meta_data":{"post_id":"4815","title":null,"description":null,"keywords":null,"keyphrases":null,"primary_term":null,"canonical_url":null,"og_title":null,"og_description":null,"og_object_type":"default","og_image_type":"default","og_image_url":null,"og_image_width":null,"og_image_height":null,"og_image_custom_url":null,"og_image_custom_fields":null,"og_video":null,"og_custom_url":null,"og_article_section":null,"og_article_tags":null,"twitter_use_og":false,"twitter_card":"default","twitter_image_type":"default","twitter_image_url":null,"twitter_image_custom_url":null,"twitter_image_custom_fields":null,"twitter_title":null,"twitter_description":null,"schema":{"blockGraphs":[],"customGraphs":[],"default":{"data":{"Article":[],"Course":[],"Dataset":[],"FAQPage":[],"Movie":[],"Person":[],"Product":[],"ProductReview":[],"Car":[],"Recipe":[],"Service":[],"SoftwareApplication":[],"WebPage":[]},"graphName":"Article","isEnabled":true},"graphs":[]},"schema_type":"default","schema_type_options":null,"pillar_content":false,"robots_default":true,"robots_noindex":false,"robots_noarchive":false,"robots_nosnippet":false,"robots_nofollow":false,"robots_noimageindex":false,"robots_noodp":false,"robots_notranslate":false,"robots_max_snippet":null,"robots_max_videopreview":null,"robots_max_imagepreview":"large","priority":null,"frequency":null,"local_seo":null,"breadcrumb_settings":null,"limit_modified_date":false,"ai":null,"created":"2026-09-05 00:28:33","updated":"2026-09-05 00:33:12","focus_keyword":null,"additional_keywords":null,"truseo_locale":null,"seo_analyzer_scan_date":null},"aioseo_breadcrumb":"<div class=\"aioseo-breadcrumbs\"><span class=\"aioseo-breadcrumb\">\n\t\t\t<a href=\"https:\/\/www.encontrabelohorizonte.com.br\/sobre\" title=\"In\u00edcio\">In\u00edcio<\/a>\n\t\t<\/span><span class=\"aioseo-breadcrumb-separator\">&raquo;<\/span><span class=\"aioseo-breadcrumb\">\n\t\t\t<a href=\"https:\/\/www.encontrabelohorizonte.com.br\/sobre\/noticias\/\" title=\"Not\u00edcias Belo Horizonte\">Not\u00edcias Belo Horizonte<\/a>\n\t\t<\/span><span class=\"aioseo-breadcrumb-separator\">&raquo;<\/span><span class=\"aioseo-breadcrumb\">\n\t\t\tMetr\u00f4 de BH ter\u00e1 intervalos maiores entre os trens nesta semana; saiba mais\n\t\t<\/span><\/div>","aioseo_breadcrumb_json":[{"label":"In\u00edcio","link":"https:\/\/www.encontrabelohorizonte.com.br\/sobre"},{"label":"Not\u00edcias Belo Horizonte","link":"https:\/\/www.encontrabelohorizonte.com.br\/sobre\/noticias\/"},{"label":"Metr\u00f4 de BH ter\u00e1 intervalos maiores entre os trens nesta semana; saiba mais","link":"https:\/\/www.encontrabelohorizonte.com.br\/sobre\/metro-de-bh-tera-intervalos-maiores-entre-os-trens-nesta-semana-saiba-mais\/"}],"_links":{"self":[{"href":"https:\/\/www.encontrabelohorizonte.com.br\/sobre\/wp-json\/wp\/v2\/posts\/4815","targetHints":{"allow":["GET"]}}],"collection":[{"href":"https:\/\/www.encontrabelohorizonte.com.br\/sobre\/wp-json\/wp\/v2\/posts"}],"about":[{"href":"https:\/\/www.encontrabelohorizonte.com.br\/sobre\/wp-json\/wp\/v2\/types\/post"}],"author":[{"embeddable":true,"href":"https:\/\/www.encontrabelohorizonte.com.br\/sobre\/wp-json\/wp\/v2\/users\/1"}],"replies":[{"embeddable":true,"href":"https:\/\/www.encontrabelohorizonte.com.br\/sobre\/wp-json\/wp\/v2\/comments?post=4815"}],"version-history":[{"count":0,"href":"https:\/\/www.encontrabelohorizonte.com.br\/sobre\/wp-json\/wp\/v2\/posts\/4815\/revisions"}],"wp:featuredmedia":[{"embeddable":true,"href":"https:\/\/www.encontrabelohorizonte.com.br\/sobre\/wp-json\/wp\/v2\/media\/4814"}],"wp:attachment":[{"href":"https:\/\/www.encontrabelohorizonte.com.br\/sobre\/wp-json\/wp\/v2\/media?parent=4815"}],"wp:term":[{"taxonomy":"category","embeddable":true,"href":"https:\/\/www.encontrabelohorizonte.com.br\/sobre\/wp-json\/wp\/v2\/categories?post=4815"},{"taxonomy":"post_tag","embeddable":true,"href":"https:\/\/www.encontrabelohorizonte.com.br\/sobre\/wp-json\/wp\/v2\/tags?post=4815"}],"curies":[{"name":"wp","href":"https:\/\/api.w.org\/{rel}","templated":true}]}}