{"id":4819,"date":"2026-09-04T21:30:47","date_gmt":"2026-09-05T00:30:47","guid":{"rendered":"https:\/\/www.encontrabelohorizonte.com.br\/sobre\/quarto-minusculo-e-banheiro-precario-veja-onde-viviam-idosas-resgatadas-de-trabalho-escravo-em-bh\/"},"modified":"2026-09-04T21:30:47","modified_gmt":"2026-09-05T00:30:47","slug":"quarto-minusculo-e-banheiro-precario-veja-onde-viviam-idosas-resgatadas-de-trabalho-escravo-em-bh","status":"publish","type":"post","link":"https:\/\/www.encontrabelohorizonte.com.br\/sobre\/quarto-minusculo-e-banheiro-precario-veja-onde-viviam-idosas-resgatadas-de-trabalho-escravo-em-bh\/","title":{"rendered":"Quarto min\u00fasculo e banheiro prec\u00e1rio: veja onde viviam idosas resgatadas de trabalho escravo em BH"},"content":{"rendered":"<div class=\"2e083cf0b19e2c11948dc6ac054ba979\" data-index=\"1\" style=\"float: none; margin:0px;\">\n<!-- Anuncio display - global -->\r\n<ins class=\"adsbygoogle\"\r\n     style=\"display:block\"\r\n     data-ad-client=\"ca-pub-8585364105181520\"\r\n     data-ad-slot=\"8789329856\"\r\n     data-ad-format=\"auto\"\r\n     data-full-width-responsive=\"true\"><\/ins>\r\n<script>\r\n     (adsbygoogle = window.adsbygoogle || []).push({});\r\n<\/script>\n<\/div>\n<h2>A hist\u00f3ria de anos de explora\u00e7\u00e3o<\/h2>\n<p>Duas idosas, de 90 e 65 anos, recentemente resgatadas em condi\u00e7\u00f5es an\u00e1logas \u00e0 escravid\u00e3o dom\u00e9stica, representam uma triste realidade que perdurou por d\u00e9cadas em Belo Horizonte, Minas Gerais. Elas come\u00e7aram a trabalhar para a mesma fam\u00edlia quando eram ainda muito jovens, a mais velha com apenas 15 anos e a mais nova aos 5. Essa rela\u00e7\u00e3o empregat\u00edcia, que se arrastou por 75 e 60 anos, respectivamente, exp\u00f5e uma extensa hist\u00f3ria de explora\u00e7\u00e3o e priva\u00e7\u00e3o de direitos.<\/p>\n<p>A mais velha, por sua longevidade no servi\u00e7o, virou parte da estrutura familiar dos empregadores, onde, segundo os fiscais, trabalhou arduamente, realizando tarefas dom\u00e9sticas diariamente, mas sem qualquer reconhecimento ou remunera\u00e7\u00e3o adequada. \u00c9 uma hist\u00f3ria de subservi\u00eancia e desumaniza\u00e7\u00e3o que ecoa o resultado de d\u00e9cadas de injusti\u00e7a.<\/p>\n<h2>Condi\u00e7\u00f5es de vida prec\u00e1rias<\/h2>\n<p>O resgate dessas mulheres revelou as condi\u00e7\u00f5es extremamente prec\u00e1rias em que viviam. Elas habitavam um espa\u00e7o reduzido, onde os objetos se acumulavam e o banheiro estava em estado deplor\u00e1vel. As condi\u00e7\u00f5es de vida eram um reflexo direto do descaso e da explora\u00e7\u00e3o enfrentada durante todas essas d\u00e9cadas. Essa realidade n\u00e3o s\u00f3 representava a falta de dignidade, mas tamb\u00e9m a vulnerabilidade imposta por seus empregadores.<\/p>\n<p><img decoding=\"async\" src=\"https:\/\/www.encontrabelohorizonte.com.br\/sobre\/wp-content\/uploads\/quarto-minusculo-e-banheiro-precario-veja-onde-viviam-idosas-resgatadas-de-trabalho-escravo-em-bh.webp\" alt=\"\" loading=\"lazy\" \/><\/p>\n<p>Os relatos indicaram que a idosa de 90 anos, que trabalhava desde a adolesc\u00eancia, viveu a maior parte da sua vida nessa intoler\u00e1vel situa\u00e7\u00e3o. O ambiente n\u00e3o era prop\u00edcio nem para a sa\u00fade f\u00edsica, muito menos para o bem-estar mental. \u00c9 de se destacar o quanto as condi\u00e7\u00f5es de trabalho e de vida das empregadas dom\u00e9sticas ainda s\u00e3o negligenciadas em v\u00e1rias partes do Brasil.<\/p>\n<h2>O papel das autoridades na fiscaliza\u00e7\u00e3o<\/h2>\n<p>A fiscaliza\u00e7\u00e3o do trabalho dom\u00e9stico, nesse caso, foi realizada pela Superintend\u00eancia Regional do Trabalho, em colabora\u00e7\u00e3o com o Minist\u00e9rio P\u00fablico do Trabalho e a Pol\u00edcia Federal. Essa opera\u00e7\u00e3o revelou n\u00e3o apenas a situa\u00e7\u00e3o das idosas, mas tamb\u00e9m uma rede maior de explora\u00e7\u00e3o de trabalhadores dom\u00e9sticos em Minas Gerais.<\/p>\n<p>As autoridades foram r\u00e1pidas em agir, mas \u00e9 not\u00e1vel que essa interven\u00e7\u00e3o necess\u00e1ria s\u00f3 ocorreu ap\u00f3s den\u00fancias que expuseram a situa\u00e7\u00e3o alarmante em que essas mulheres se encontravam. Isso levanta quest\u00f5es sobre a efic\u00e1cia das pol\u00edticas existentes para proteger trabalhadores vulner\u00e1veis e a necessidade cont\u00ednua de vigil\u00e2ncia em rela\u00e7\u00e3o a abusos similares que podem estar ocorrendo fora dos holofotes.<\/p>\n<h2>Direitos trabalhistas n\u00e3o reconhecidos<\/h2>\n<p>Os direitos trabalhistas das idosas foram sistematicamente ignorados ao longo de suas vidas. De acordo com os fiscais, as mulheres n\u00e3o recebiam sal\u00e1rios, n\u00e3o possu\u00edam carteira de trabalho registrada e n\u00e3o tinham acesso a f\u00e9rias ou qualquer tipo de benef\u00edcio. Este cen\u00e1rio representa uma viola\u00e7\u00e3o grave das normativas trabalhistas que deveriam proteger todos os trabalhadores, especialmente os mais vulner\u00e1veis.<\/p>\n<p>Este caso n\u00e3o \u00e9 \u00fanico. Em Minas Gerais, mais de 630 mil trabalhadores dom\u00e9sticos atuam, e estima-se que quase 70% deles n\u00e3o tenham suas carteiras assinadas. Isso indica um problema sist\u00eamico que precisa de respostas efetivas e de pol\u00edticas robustas para garantir os direitos de todos os trabalhadores.<\/p>\n<h2>O que caracteriza o trabalho escravo<\/h2>\n<p>De acordo com a Organiza\u00e7\u00e3o Internacional do Trabalho (OIT), o trabalho escravo \u00e9 definido por diversas caracter\u00edsticas que se manifestam na explora\u00e7\u00e3o total dos trabalhadores. As idosas resgatadas se enquadram em v\u00e1rios desses crit\u00e9rios: aus\u00eancia de op\u00e7\u00f5es de sa\u00edda, condi\u00e7\u00f5es degradantes de trabalho, viola\u00e7\u00e3o de direitos trabalhistas e priva\u00e7\u00e3o de liberdade pessoal.<\/p>\n<p>A falta de um pagamento justo e a impossibilidade de se afastar das condi\u00e7\u00f5es impostas por seus empregadores confirma a situa\u00e7\u00e3o de trabalho an\u00e1logo \u00e0 escravid\u00e3o. Exemplos como esses refor\u00e7am a urg\u00eancia de conscientiza\u00e7\u00e3o sobre o trabalho dom\u00e9stico e suas caracter\u00edsticas muitas vezes ocultas.<\/p>\n<h2>A repercuss\u00e3o na sociedade<\/h2>\n<p>A repercuss\u00e3o da situa\u00e7\u00e3o das idosas na sociedade \u00e9 alarmante. A hist\u00f3ria delas ecoa em muitas outras realidades do trabalho dom\u00e9stico no Brasil, levando a uma reflex\u00e3o sobre a necessidade de mudar a percep\u00e7\u00e3o sobre este tipo de trabalho. O resgate trouxe \u00e0 tona o debate sobre os direitos dos trabalhadores e a import\u00e2ncia do reconhecimento das empregadas dom\u00e9sticas como profissionais com direitos trabalhistas completos.<\/p>\n<p>Al\u00e9m disso, a opini\u00e3o p\u00fablica se mobilizou em torno do assunto, clamando por uma resposta mais r\u00edgida das autoridades e solicitando o fortalecimento de pol\u00edticas e leis que protejam essa categoria de trabalhadores. Isso \u00e9 um passo importante para mudar a cultura de explora\u00e7\u00e3o que ainda perdura em muitos lares.<\/p>\n<h2>Programas de apoio \u00e0s v\u00edtimas<\/h2>\n<p>Ap\u00f3s o resgate, as idosas foram encaminhadas para uma rede de prote\u00e7\u00e3o que oferece apoio psicol\u00f3gico, sa\u00fade, e assist\u00eancia social. Essa rede \u00e9 vital para garantir que as v\u00edtimas de condi\u00e7\u00f5es an\u00e1logas \u00e0 escravid\u00e3o tenham acesso aos recursos necess\u00e1rios para reintegr\u00e1-las \u00e0 sociedade de forma digna.<\/p>\n<p>Os programas de acolhimento s\u00e3o fundamentais para ajudar essas mulheres a reconstru\u00edrem suas vidas, oferecendo orienta\u00e7\u00e3o e suporte para enfrentar as consequ\u00eancias emocionais e sociais da explora\u00e7\u00e3o vivida. \u00c9 crucial que essas iniciativas sejam amplamente divulgadas e recebam investimentos cont\u00ednuos para que mais v\u00edtimas possam ser atendidas.<\/p>\n<h2>Fiscaliza\u00e7\u00e3o do trabalho dom\u00e9stico<\/h2>\n<p>A fiscaliza\u00e7\u00e3o no setor de trabalho dom\u00e9stico \u00e9 uma a\u00e7\u00e3o cr\u00edtica para combater a explora\u00e7\u00e3o. Com os dados alarmantes sobre a aus\u00eancia de registros formais e a perman\u00eancia das condi\u00e7\u00f5es an\u00e1logas \u00e0 escravid\u00e3o, \u00e9 evidente que h\u00e1 uma necessidade urgente de maior controle e supervis\u00e3o por parte das autoridades.<\/p>\n<p>Esse trabalho de fiscaliza\u00e7\u00e3o deve ser constante e proativo, focando n\u00e3o s\u00f3 em den\u00fancias, mas tamb\u00e9m em campanhas educativas que orientem empregadores e trabalhadores sobre as leis e direitos existentes. Um trabalho integrada entre diferentes \u00f3rg\u00e3os p\u00fablicos e a sociedade civil \u00e9 essencial para efetivar mudan\u00e7as significativas.<\/p>\n<h2>Campanhas de conscientiza\u00e7\u00e3o<\/h2>\n<p>As campanhas de conscientiza\u00e7\u00e3o s\u00e3o um componente vital para a mudan\u00e7a de percep\u00e7\u00e3o em rela\u00e7\u00e3o ao trabalho dom\u00e9stico. Atrav\u00e9s de iniciativas educativas, \u00e9 poss\u00edvel esclarecer tanto os empregadores quanto os trabalhadores sobre os direitos e deveres que a lei imp\u00f5e.<\/p>\n<p>Essas campanhas tamb\u00e9m desempenham um papel crucial em desmistificar a imagem negativa que muitas vezes envolve o trabalho dom\u00e9stico, ressaltando a import\u00e2ncia e a dignidade do trabalho realizado por essas profissionais. Promo\u00e7\u00f5es de eventos, semin\u00e1rios e workshops podem ser ferramentas eficazes para fomentar o entendimento sobre esse tema essencial.<\/p>\n<h2>Como prevenir o trabalho escravo<\/h2>\n<p>A preven\u00e7\u00e3o do trabalho escravo requer um trabalho conjunto de todos os setores da sociedade. \u00c9 crucial que haja uma legisla\u00e7\u00e3o mais rigorosa que regulamente e fa\u00e7a valer os direitos dos trabalhadores, principalmente os mais vulner\u00e1veis.<\/p>\n<p>Al\u00e9m disso, promover a educa\u00e7\u00e3o e a conscientiza\u00e7\u00e3o sobre os direitos laborais desde a inf\u00e2ncia, al\u00e9m de aumentar a fiscaliza\u00e7\u00e3o e o rigor penal para casos de explora\u00e7\u00e3o, s\u00e3o passos importantes. Criar uma rede de apoio para trabalhadores vulner\u00e1veis e fomentar um ambiente de trabalho seguro e garantidor de direitos s\u00e3o as chaves para evitar que situa\u00e7\u00f5es como as vividas pelas idosas se repitam no futuro.<\/p>\n<p>Os casos de trabalho an\u00e1logo \u00e0 escravid\u00e3o s\u00e3o um reflexo de uma sociedade que ainda precisa evoluir muito no que diz respeito ao tratamento e \u00e0 valoriza\u00e7\u00e3o dos trabalhadores dom\u00e9sticos. A mudan\u00e7a come\u00e7a com a conscientiza\u00e7\u00e3o e a a\u00e7\u00e3o conjunta para promover um futuro mais justo e igualit\u00e1rio.<\/p>\n\n<div style=\"font-size: 0px; height: 0px; line-height: 0px; margin: 0; padding: 0; clear: both;\"><\/div>","protected":false},"excerpt":{"rendered":"<p>Idosas s\u00e3o resgatadas de condi\u00e7\u00f5es an\u00e1logas \u00e0 escravid\u00e3o em BH.<\/p>\n","protected":false},"author":1,"featured_media":4818,"comment_status":"closed","ping_status":"closed","sticky":false,"template":"","format":"standard","meta":{"footnotes":""},"categories":[4],"tags":[],"class_list":["post-4819","post","type-post","status-publish","format-standard","has-post-thumbnail","hentry","category-empregos","has_thumb"],"aioseo_notices":[],"aioseo_head":"\n\t\t<!-- All in One SEO 5.0.0.1 - aioseo.com -->\n\t<meta name=\"description\" content=\"Idosas s\u00e3o resgatadas de condi\u00e7\u00f5es an\u00e1logas \u00e0 escravid\u00e3o em BH.\" \/>\n\t<meta name=\"robots\" content=\"max-image-preview:large\" \/>\n\t<meta name=\"author\" content=\"Encontra Belo Horizonte\"\/>\n\t<link rel=\"canonical\" href=\"https:\/\/www.encontrabelohorizonte.com.br\/sobre\/quarto-minusculo-e-banheiro-precario-veja-onde-viviam-idosas-resgatadas-de-trabalho-escravo-em-bh\/\" \/>\n\t<meta name=\"generator\" content=\"All in One SEO (AIOSEO) 5.0.0.1\" \/>\n\t\t<meta property=\"og:locale\" content=\"pt_BR\" \/>\n\t\t<meta property=\"og:site_name\" content=\"Encontra Belo Horizonte | Not\u00edcias, eventos, informa\u00e7\u00f5es e dicas da cidade de Belo Horizonte e regi\u00e3o\" \/>\n\t\t<meta property=\"og:type\" content=\"article\" \/>\n\t\t<meta property=\"og:title\" content=\"Quarto min\u00fasculo e banheiro prec\u00e1rio: veja onde viviam idosas resgatadas de trabalho escravo em BH | Encontra Belo Horizonte\" \/>\n\t\t<meta property=\"og:description\" content=\"Idosas s\u00e3o resgatadas de condi\u00e7\u00f5es an\u00e1logas \u00e0 escravid\u00e3o em BH.\" \/>\n\t\t<meta property=\"og:url\" content=\"https:\/\/www.encontrabelohorizonte.com.br\/sobre\/quarto-minusculo-e-banheiro-precario-veja-onde-viviam-idosas-resgatadas-de-trabalho-escravo-em-bh\/\" \/>\n\t\t<meta property=\"article:published_time\" content=\"2026-09-05T00:30:47+00:00\" \/>\n\t\t<meta property=\"article:modified_time\" content=\"2026-09-05T00:30:47+00:00\" \/>\n\t\t<meta name=\"twitter:card\" content=\"summary\" \/>\n\t\t<meta name=\"twitter:title\" content=\"Quarto min\u00fasculo e banheiro prec\u00e1rio: veja onde viviam idosas resgatadas de trabalho escravo em BH | Encontra Belo Horizonte\" \/>\n\t\t<meta name=\"twitter:description\" content=\"Idosas s\u00e3o resgatadas de condi\u00e7\u00f5es an\u00e1logas \u00e0 escravid\u00e3o em BH.\" \/>\n\t\t<script type=\"application\/ld+json\" class=\"aioseo-schema\">\n\t\t\t{\"@context\":\"https:\\\/\\\/schema.org\",\"@graph\":[{\"@type\":\"Article\",\"@id\":\"https:\\\/\\\/www.encontrabelohorizonte.com.br\\\/sobre\\\/quarto-minusculo-e-banheiro-precario-veja-onde-viviam-idosas-resgatadas-de-trabalho-escravo-em-bh\\\/#article\",\"name\":\"Quarto min\\u00fasculo e banheiro prec\\u00e1rio: veja onde viviam idosas resgatadas de trabalho escravo em BH | Encontra Belo Horizonte\",\"headline\":\"Quarto min\\u00fasculo e banheiro prec\\u00e1rio: veja onde viviam idosas resgatadas de trabalho escravo em BH\",\"author\":{\"@id\":\"https:\\\/\\\/www.encontrabelohorizonte.com.br\\\/sobre\\\/author\\\/ebelohorizonte\\\/#author\"},\"publisher\":{\"@id\":\"https:\\\/\\\/www.encontrabelohorizonte.com.br\\\/sobre\\\/#organization\"},\"image\":{\"@type\":\"ImageObject\",\"url\":\"https:\\\/\\\/www.encontrabelohorizonte.com.br\\\/sobre\\\/wp-content\\\/uploads\\\/quarto-minusculo-e-banheiro-precario-veja-onde-viviam-idosas-resgatadas-de-trabalho-escravo-em-bh.webp\",\"width\":280,\"height\":280},\"datePublished\":\"2026-09-04T21:30:47-03:00\",\"dateModified\":\"2026-09-04T21:30:47-03:00\",\"inLanguage\":\"pt-BR\",\"mainEntityOfPage\":{\"@id\":\"https:\\\/\\\/www.encontrabelohorizonte.com.br\\\/sobre\\\/quarto-minusculo-e-banheiro-precario-veja-onde-viviam-idosas-resgatadas-de-trabalho-escravo-em-bh\\\/#webpage\"},\"isPartOf\":{\"@id\":\"https:\\\/\\\/www.encontrabelohorizonte.com.br\\\/sobre\\\/quarto-minusculo-e-banheiro-precario-veja-onde-viviam-idosas-resgatadas-de-trabalho-escravo-em-bh\\\/#webpage\"},\"articleSection\":\"Empregos Belo Horizonte\"},{\"@type\":\"BreadcrumbList\",\"@id\":\"https:\\\/\\\/www.encontrabelohorizonte.com.br\\\/sobre\\\/quarto-minusculo-e-banheiro-precario-veja-onde-viviam-idosas-resgatadas-de-trabalho-escravo-em-bh\\\/#breadcrumblist\",\"itemListElement\":[{\"@type\":\"ListItem\",\"@id\":\"https:\\\/\\\/www.encontrabelohorizonte.com.br\\\/sobre#listItem\",\"position\":1,\"name\":\"In\\u00edcio\",\"item\":\"https:\\\/\\\/www.encontrabelohorizonte.com.br\\\/sobre\",\"nextItem\":{\"@type\":\"ListItem\",\"@id\":\"https:\\\/\\\/www.encontrabelohorizonte.com.br\\\/sobre\\\/empregos\\\/#listItem\",\"name\":\"Empregos Belo Horizonte\"}},{\"@type\":\"ListItem\",\"@id\":\"https:\\\/\\\/www.encontrabelohorizonte.com.br\\\/sobre\\\/empregos\\\/#listItem\",\"position\":2,\"name\":\"Empregos Belo Horizonte\",\"item\":\"https:\\\/\\\/www.encontrabelohorizonte.com.br\\\/sobre\\\/empregos\\\/\",\"nextItem\":{\"@type\":\"ListItem\",\"@id\":\"https:\\\/\\\/www.encontrabelohorizonte.com.br\\\/sobre\\\/quarto-minusculo-e-banheiro-precario-veja-onde-viviam-idosas-resgatadas-de-trabalho-escravo-em-bh\\\/#listItem\",\"name\":\"Quarto min\\u00fasculo e banheiro prec\\u00e1rio: veja onde viviam idosas resgatadas de trabalho escravo em BH\"},\"previousItem\":{\"@type\":\"ListItem\",\"@id\":\"https:\\\/\\\/www.encontrabelohorizonte.com.br\\\/sobre#listItem\",\"name\":\"In\\u00edcio\"}},{\"@type\":\"ListItem\",\"@id\":\"https:\\\/\\\/www.encontrabelohorizonte.com.br\\\/sobre\\\/quarto-minusculo-e-banheiro-precario-veja-onde-viviam-idosas-resgatadas-de-trabalho-escravo-em-bh\\\/#listItem\",\"position\":3,\"name\":\"Quarto min\\u00fasculo e banheiro prec\\u00e1rio: veja onde viviam idosas resgatadas de trabalho escravo em BH\",\"previousItem\":{\"@type\":\"ListItem\",\"@id\":\"https:\\\/\\\/www.encontrabelohorizonte.com.br\\\/sobre\\\/empregos\\\/#listItem\",\"name\":\"Empregos Belo Horizonte\"}}]},{\"@type\":\"Organization\",\"@id\":\"https:\\\/\\\/www.encontrabelohorizonte.com.br\\\/sobre\\\/#organization\",\"name\":\"Encontra Belo Horizonte\",\"description\":\"Not\\u00edcias, eventos, informa\\u00e7\\u00f5es e dicas da cidade de Belo Horizonte e regi\\u00e3o\",\"url\":\"https:\\\/\\\/www.encontrabelohorizonte.com.br\\\/sobre\\\/\"},{\"@type\":\"Person\",\"@id\":\"https:\\\/\\\/www.encontrabelohorizonte.com.br\\\/sobre\\\/author\\\/ebelohorizonte\\\/#author\",\"url\":\"https:\\\/\\\/www.encontrabelohorizonte.com.br\\\/sobre\\\/author\\\/ebelohorizonte\\\/\",\"name\":\"Encontra Belo Horizonte\",\"image\":{\"@type\":\"ImageObject\",\"@id\":\"https:\\\/\\\/www.encontrabelohorizonte.com.br\\\/sobre\\\/quarto-minusculo-e-banheiro-precario-veja-onde-viviam-idosas-resgatadas-de-trabalho-escravo-em-bh\\\/#authorImage\",\"url\":\"https:\\\/\\\/secure.gravatar.com\\\/avatar\\\/507340682b8270222e1f208e23198b6ae7e2c6a1033ae84e99bc6bce4f82a387?s=96&d=mm&r=g\",\"width\":96,\"height\":96,\"caption\":\"Encontra Belo Horizonte\"}},{\"@type\":\"WebPage\",\"@id\":\"https:\\\/\\\/www.encontrabelohorizonte.com.br\\\/sobre\\\/quarto-minusculo-e-banheiro-precario-veja-onde-viviam-idosas-resgatadas-de-trabalho-escravo-em-bh\\\/#webpage\",\"url\":\"https:\\\/\\\/www.encontrabelohorizonte.com.br\\\/sobre\\\/quarto-minusculo-e-banheiro-precario-veja-onde-viviam-idosas-resgatadas-de-trabalho-escravo-em-bh\\\/\",\"name\":\"Quarto min\\u00fasculo e banheiro prec\\u00e1rio: veja onde viviam idosas resgatadas de trabalho escravo em BH | Encontra Belo Horizonte\",\"description\":\"Idosas s\\u00e3o resgatadas de condi\\u00e7\\u00f5es an\\u00e1logas \\u00e0 escravid\\u00e3o em BH.\",\"inLanguage\":\"pt-BR\",\"isPartOf\":{\"@id\":\"https:\\\/\\\/www.encontrabelohorizonte.com.br\\\/sobre\\\/#website\"},\"breadcrumb\":{\"@id\":\"https:\\\/\\\/www.encontrabelohorizonte.com.br\\\/sobre\\\/quarto-minusculo-e-banheiro-precario-veja-onde-viviam-idosas-resgatadas-de-trabalho-escravo-em-bh\\\/#breadcrumblist\"},\"author\":{\"@id\":\"https:\\\/\\\/www.encontrabelohorizonte.com.br\\\/sobre\\\/author\\\/ebelohorizonte\\\/#author\"},\"creator\":{\"@id\":\"https:\\\/\\\/www.encontrabelohorizonte.com.br\\\/sobre\\\/author\\\/ebelohorizonte\\\/#author\"},\"image\":{\"@type\":\"ImageObject\",\"url\":\"https:\\\/\\\/www.encontrabelohorizonte.com.br\\\/sobre\\\/wp-content\\\/uploads\\\/quarto-minusculo-e-banheiro-precario-veja-onde-viviam-idosas-resgatadas-de-trabalho-escravo-em-bh.webp\",\"@id\":\"https:\\\/\\\/www.encontrabelohorizonte.com.br\\\/sobre\\\/quarto-minusculo-e-banheiro-precario-veja-onde-viviam-idosas-resgatadas-de-trabalho-escravo-em-bh\\\/#mainImage\",\"width\":280,\"height\":280},\"primaryImageOfPage\":{\"@id\":\"https:\\\/\\\/www.encontrabelohorizonte.com.br\\\/sobre\\\/quarto-minusculo-e-banheiro-precario-veja-onde-viviam-idosas-resgatadas-de-trabalho-escravo-em-bh\\\/#mainImage\"},\"datePublished\":\"2026-09-04T21:30:47-03:00\",\"dateModified\":\"2026-09-04T21:30:47-03:00\"},{\"@type\":\"WebSite\",\"@id\":\"https:\\\/\\\/www.encontrabelohorizonte.com.br\\\/sobre\\\/#website\",\"url\":\"https:\\\/\\\/www.encontrabelohorizonte.com.br\\\/sobre\\\/\",\"name\":\"Encontra Belo Horizonte\",\"description\":\"Not\\u00edcias, eventos, informa\\u00e7\\u00f5es e dicas da cidade de Belo Horizonte e regi\\u00e3o\",\"inLanguage\":\"pt-BR\",\"publisher\":{\"@id\":\"https:\\\/\\\/www.encontrabelohorizonte.com.br\\\/sobre\\\/#organization\"}}]}\n\t\t<\/script>\n\t\t<!-- All in One SEO -->\n\n","aioseo_head_json":{"title":"Quarto min\u00fasculo e banheiro prec\u00e1rio: veja onde viviam idosas resgatadas de trabalho escravo em BH | Encontra Belo Horizonte","description":"Idosas s\u00e3o resgatadas de condi\u00e7\u00f5es an\u00e1logas \u00e0 escravid\u00e3o em BH.","canonical_url":"https:\/\/www.encontrabelohorizonte.com.br\/sobre\/quarto-minusculo-e-banheiro-precario-veja-onde-viviam-idosas-resgatadas-de-trabalho-escravo-em-bh\/","robots":"max-image-preview:large","keywords":"","webmasterTools":{"miscellaneous":""},"schema":{"@context":"https:\/\/schema.org","@graph":[{"@type":"Article","@id":"https:\/\/www.encontrabelohorizonte.com.br\/sobre\/quarto-minusculo-e-banheiro-precario-veja-onde-viviam-idosas-resgatadas-de-trabalho-escravo-em-bh\/#article","name":"Quarto min\u00fasculo e banheiro prec\u00e1rio: veja onde viviam idosas resgatadas de trabalho escravo em BH | Encontra Belo Horizonte","headline":"Quarto min\u00fasculo e banheiro prec\u00e1rio: veja onde viviam idosas resgatadas de trabalho escravo em BH","author":{"@id":"https:\/\/www.encontrabelohorizonte.com.br\/sobre\/author\/ebelohorizonte\/#author"},"publisher":{"@id":"https:\/\/www.encontrabelohorizonte.com.br\/sobre\/#organization"},"image":{"@type":"ImageObject","url":"https:\/\/www.encontrabelohorizonte.com.br\/sobre\/wp-content\/uploads\/quarto-minusculo-e-banheiro-precario-veja-onde-viviam-idosas-resgatadas-de-trabalho-escravo-em-bh.webp","width":280,"height":280},"datePublished":"2026-09-04T21:30:47-03:00","dateModified":"2026-09-04T21:30:47-03:00","inLanguage":"pt-BR","mainEntityOfPage":{"@id":"https:\/\/www.encontrabelohorizonte.com.br\/sobre\/quarto-minusculo-e-banheiro-precario-veja-onde-viviam-idosas-resgatadas-de-trabalho-escravo-em-bh\/#webpage"},"isPartOf":{"@id":"https:\/\/www.encontrabelohorizonte.com.br\/sobre\/quarto-minusculo-e-banheiro-precario-veja-onde-viviam-idosas-resgatadas-de-trabalho-escravo-em-bh\/#webpage"},"articleSection":"Empregos Belo Horizonte"},{"@type":"BreadcrumbList","@id":"https:\/\/www.encontrabelohorizonte.com.br\/sobre\/quarto-minusculo-e-banheiro-precario-veja-onde-viviam-idosas-resgatadas-de-trabalho-escravo-em-bh\/#breadcrumblist","itemListElement":[{"@type":"ListItem","@id":"https:\/\/www.encontrabelohorizonte.com.br\/sobre#listItem","position":1,"name":"In\u00edcio","item":"https:\/\/www.encontrabelohorizonte.com.br\/sobre","nextItem":{"@type":"ListItem","@id":"https:\/\/www.encontrabelohorizonte.com.br\/sobre\/empregos\/#listItem","name":"Empregos Belo Horizonte"}},{"@type":"ListItem","@id":"https:\/\/www.encontrabelohorizonte.com.br\/sobre\/empregos\/#listItem","position":2,"name":"Empregos Belo Horizonte","item":"https:\/\/www.encontrabelohorizonte.com.br\/sobre\/empregos\/","nextItem":{"@type":"ListItem","@id":"https:\/\/www.encontrabelohorizonte.com.br\/sobre\/quarto-minusculo-e-banheiro-precario-veja-onde-viviam-idosas-resgatadas-de-trabalho-escravo-em-bh\/#listItem","name":"Quarto min\u00fasculo e banheiro prec\u00e1rio: veja onde viviam idosas resgatadas de trabalho escravo em BH"},"previousItem":{"@type":"ListItem","@id":"https:\/\/www.encontrabelohorizonte.com.br\/sobre#listItem","name":"In\u00edcio"}},{"@type":"ListItem","@id":"https:\/\/www.encontrabelohorizonte.com.br\/sobre\/quarto-minusculo-e-banheiro-precario-veja-onde-viviam-idosas-resgatadas-de-trabalho-escravo-em-bh\/#listItem","position":3,"name":"Quarto min\u00fasculo e banheiro prec\u00e1rio: veja onde viviam idosas resgatadas de trabalho escravo em BH","previousItem":{"@type":"ListItem","@id":"https:\/\/www.encontrabelohorizonte.com.br\/sobre\/empregos\/#listItem","name":"Empregos Belo Horizonte"}}]},{"@type":"Organization","@id":"https:\/\/www.encontrabelohorizonte.com.br\/sobre\/#organization","name":"Encontra Belo Horizonte","description":"Not\u00edcias, eventos, informa\u00e7\u00f5es e dicas da cidade de Belo Horizonte e regi\u00e3o","url":"https:\/\/www.encontrabelohorizonte.com.br\/sobre\/"},{"@type":"Person","@id":"https:\/\/www.encontrabelohorizonte.com.br\/sobre\/author\/ebelohorizonte\/#author","url":"https:\/\/www.encontrabelohorizonte.com.br\/sobre\/author\/ebelohorizonte\/","name":"Encontra Belo Horizonte","image":{"@type":"ImageObject","@id":"https:\/\/www.encontrabelohorizonte.com.br\/sobre\/quarto-minusculo-e-banheiro-precario-veja-onde-viviam-idosas-resgatadas-de-trabalho-escravo-em-bh\/#authorImage","url":"https:\/\/secure.gravatar.com\/avatar\/507340682b8270222e1f208e23198b6ae7e2c6a1033ae84e99bc6bce4f82a387?s=96&d=mm&r=g","width":96,"height":96,"caption":"Encontra Belo Horizonte"}},{"@type":"WebPage","@id":"https:\/\/www.encontrabelohorizonte.com.br\/sobre\/quarto-minusculo-e-banheiro-precario-veja-onde-viviam-idosas-resgatadas-de-trabalho-escravo-em-bh\/#webpage","url":"https:\/\/www.encontrabelohorizonte.com.br\/sobre\/quarto-minusculo-e-banheiro-precario-veja-onde-viviam-idosas-resgatadas-de-trabalho-escravo-em-bh\/","name":"Quarto min\u00fasculo e banheiro prec\u00e1rio: veja onde viviam idosas resgatadas de trabalho escravo em BH | Encontra Belo Horizonte","description":"Idosas s\u00e3o resgatadas de condi\u00e7\u00f5es an\u00e1logas \u00e0 escravid\u00e3o em BH.","inLanguage":"pt-BR","isPartOf":{"@id":"https:\/\/www.encontrabelohorizonte.com.br\/sobre\/#website"},"breadcrumb":{"@id":"https:\/\/www.encontrabelohorizonte.com.br\/sobre\/quarto-minusculo-e-banheiro-precario-veja-onde-viviam-idosas-resgatadas-de-trabalho-escravo-em-bh\/#breadcrumblist"},"author":{"@id":"https:\/\/www.encontrabelohorizonte.com.br\/sobre\/author\/ebelohorizonte\/#author"},"creator":{"@id":"https:\/\/www.encontrabelohorizonte.com.br\/sobre\/author\/ebelohorizonte\/#author"},"image":{"@type":"ImageObject","url":"https:\/\/www.encontrabelohorizonte.com.br\/sobre\/wp-content\/uploads\/quarto-minusculo-e-banheiro-precario-veja-onde-viviam-idosas-resgatadas-de-trabalho-escravo-em-bh.webp","@id":"https:\/\/www.encontrabelohorizonte.com.br\/sobre\/quarto-minusculo-e-banheiro-precario-veja-onde-viviam-idosas-resgatadas-de-trabalho-escravo-em-bh\/#mainImage","width":280,"height":280},"primaryImageOfPage":{"@id":"https:\/\/www.encontrabelohorizonte.com.br\/sobre\/quarto-minusculo-e-banheiro-precario-veja-onde-viviam-idosas-resgatadas-de-trabalho-escravo-em-bh\/#mainImage"},"datePublished":"2026-09-04T21:30:47-03:00","dateModified":"2026-09-04T21:30:47-03:00"},{"@type":"WebSite","@id":"https:\/\/www.encontrabelohorizonte.com.br\/sobre\/#website","url":"https:\/\/www.encontrabelohorizonte.com.br\/sobre\/","name":"Encontra Belo Horizonte","description":"Not\u00edcias, eventos, informa\u00e7\u00f5es e dicas da cidade de Belo Horizonte e regi\u00e3o","inLanguage":"pt-BR","publisher":{"@id":"https:\/\/www.encontrabelohorizonte.com.br\/sobre\/#organization"}}]},"og:locale":"pt_BR","og:site_name":"Encontra Belo Horizonte | Not\u00edcias, eventos, informa\u00e7\u00f5es e dicas da cidade de Belo Horizonte e regi\u00e3o","og:type":"article","og:title":"Quarto min\u00fasculo e banheiro prec\u00e1rio: veja onde viviam idosas resgatadas de trabalho escravo em BH | Encontra Belo Horizonte","og:description":"Idosas s\u00e3o resgatadas de condi\u00e7\u00f5es an\u00e1logas \u00e0 escravid\u00e3o em BH.","og:url":"https:\/\/www.encontrabelohorizonte.com.br\/sobre\/quarto-minusculo-e-banheiro-precario-veja-onde-viviam-idosas-resgatadas-de-trabalho-escravo-em-bh\/","article:published_time":"2026-09-05T00:30:47+00:00","article:modified_time":"2026-09-05T00:30:47+00:00","twitter:card":"summary","twitter:title":"Quarto min\u00fasculo e banheiro prec\u00e1rio: veja onde viviam idosas resgatadas de trabalho escravo em BH | Encontra Belo Horizonte","twitter:description":"Idosas s\u00e3o resgatadas de condi\u00e7\u00f5es an\u00e1logas \u00e0 escravid\u00e3o em BH."},"aioseo_meta_data":{"post_id":"4819","title":null,"description":null,"keywords":null,"keyphrases":null,"primary_term":null,"canonical_url":null,"og_title":null,"og_description":null,"og_object_type":"default","og_image_type":"default","og_image_url":null,"og_image_width":null,"og_image_height":null,"og_image_custom_url":null,"og_image_custom_fields":null,"og_video":null,"og_custom_url":null,"og_article_section":null,"og_article_tags":null,"twitter_use_og":false,"twitter_card":"default","twitter_image_type":"default","twitter_image_url":null,"twitter_image_custom_url":null,"twitter_image_custom_fields":null,"twitter_title":null,"twitter_description":null,"schema":{"blockGraphs":[],"customGraphs":[],"default":{"data":{"Article":[],"Course":[],"Dataset":[],"FAQPage":[],"Movie":[],"Person":[],"Product":[],"ProductReview":[],"Car":[],"Recipe":[],"Service":[],"SoftwareApplication":[],"WebPage":[]},"graphName":"Article","isEnabled":true},"graphs":[]},"schema_type":"default","schema_type_options":null,"pillar_content":false,"robots_default":true,"robots_noindex":false,"robots_noarchive":false,"robots_nosnippet":false,"robots_nofollow":false,"robots_noimageindex":false,"robots_noodp":false,"robots_notranslate":false,"robots_max_snippet":null,"robots_max_videopreview":null,"robots_max_imagepreview":"large","priority":null,"frequency":null,"local_seo":null,"breadcrumb_settings":null,"limit_modified_date":false,"ai":null,"created":"2026-09-05 00:30:48","updated":"2026-09-05 00:33:12","focus_keyword":null,"additional_keywords":null,"truseo_locale":null,"seo_analyzer_scan_date":null},"aioseo_breadcrumb":"<div class=\"aioseo-breadcrumbs\"><span class=\"aioseo-breadcrumb\">\n\t\t\t<a href=\"https:\/\/www.encontrabelohorizonte.com.br\/sobre\" title=\"In\u00edcio\">In\u00edcio<\/a>\n\t\t<\/span><span class=\"aioseo-breadcrumb-separator\">&raquo;<\/span><span class=\"aioseo-breadcrumb\">\n\t\t\t<a href=\"https:\/\/www.encontrabelohorizonte.com.br\/sobre\/empregos\/\" title=\"Empregos Belo Horizonte\">Empregos Belo Horizonte<\/a>\n\t\t<\/span><span class=\"aioseo-breadcrumb-separator\">&raquo;<\/span><span class=\"aioseo-breadcrumb\">\n\t\t\tQuarto min\u00fasculo e banheiro prec\u00e1rio: veja onde viviam idosas resgatadas de trabalho escravo em BH\n\t\t<\/span><\/div>","aioseo_breadcrumb_json":[{"label":"In\u00edcio","link":"https:\/\/www.encontrabelohorizonte.com.br\/sobre"},{"label":"Empregos Belo Horizonte","link":"https:\/\/www.encontrabelohorizonte.com.br\/sobre\/empregos\/"},{"label":"Quarto min\u00fasculo e banheiro prec\u00e1rio: veja onde viviam idosas resgatadas de trabalho escravo em BH","link":"https:\/\/www.encontrabelohorizonte.com.br\/sobre\/quarto-minusculo-e-banheiro-precario-veja-onde-viviam-idosas-resgatadas-de-trabalho-escravo-em-bh\/"}],"_links":{"self":[{"href":"https:\/\/www.encontrabelohorizonte.com.br\/sobre\/wp-json\/wp\/v2\/posts\/4819","targetHints":{"allow":["GET"]}}],"collection":[{"href":"https:\/\/www.encontrabelohorizonte.com.br\/sobre\/wp-json\/wp\/v2\/posts"}],"about":[{"href":"https:\/\/www.encontrabelohorizonte.com.br\/sobre\/wp-json\/wp\/v2\/types\/post"}],"author":[{"embeddable":true,"href":"https:\/\/www.encontrabelohorizonte.com.br\/sobre\/wp-json\/wp\/v2\/users\/1"}],"replies":[{"embeddable":true,"href":"https:\/\/www.encontrabelohorizonte.com.br\/sobre\/wp-json\/wp\/v2\/comments?post=4819"}],"version-history":[{"count":0,"href":"https:\/\/www.encontrabelohorizonte.com.br\/sobre\/wp-json\/wp\/v2\/posts\/4819\/revisions"}],"wp:featuredmedia":[{"embeddable":true,"href":"https:\/\/www.encontrabelohorizonte.com.br\/sobre\/wp-json\/wp\/v2\/media\/4818"}],"wp:attachment":[{"href":"https:\/\/www.encontrabelohorizonte.com.br\/sobre\/wp-json\/wp\/v2\/media?parent=4819"}],"wp:term":[{"taxonomy":"category","embeddable":true,"href":"https:\/\/www.encontrabelohorizonte.com.br\/sobre\/wp-json\/wp\/v2\/categories?post=4819"},{"taxonomy":"post_tag","embeddable":true,"href":"https:\/\/www.encontrabelohorizonte.com.br\/sobre\/wp-json\/wp\/v2\/tags?post=4819"}],"curies":[{"name":"wp","href":"https:\/\/api.w.org\/{rel}","templated":true}]}}