{"id":497,"date":"2012-09-03T07:00:36","date_gmt":"2012-09-03T07:00:36","guid":{"rendered":"http:\/\/www.encontrabelohorizonte.com.br\/noticias\/?p=497"},"modified":"2019-04-12T18:36:31","modified_gmt":"2019-04-12T18:36:31","slug":"movimento-antibullying-e-lancado-em-belo-horizonte","status":"publish","type":"post","link":"https:\/\/www.encontrabelohorizonte.com.br\/sobre\/movimento-antibullying-e-lancado-em-belo-horizonte\/","title":{"rendered":"Movimento Antibullying \u00e9 lan\u00e7ado em Belo Horizonte"},"content":{"rendered":"<div class=\"2e083cf0b19e2c11948dc6ac054ba979\" data-index=\"1\" style=\"float: none; margin:0px;\">\n<!-- Anuncio display - global -->\r\n<ins class=\"adsbygoogle\"\r\n     style=\"display:block\"\r\n     data-ad-client=\"ca-pub-8585364105181520\"\r\n     data-ad-slot=\"8789329856\"\r\n     data-ad-format=\"auto\"\r\n     data-full-width-responsive=\"true\"><\/ins>\r\n<script>\r\n     (adsbygoogle = window.adsbygoogle || []).push({});\r\n<\/script>\n<\/div>\n<p>O Movimento Nacional Antibullying foi lan\u00e7ado em 1\u00ba de setembro em Belo Horizonte. A a\u00e7\u00e3o busca enfrentar um problema que assusta pais e educadores.<\/p>\n<p>Uma pesquisa da Universidade Federal do estado de Minas Gerais com estudantes de 14 a 17 anos mostrou que em cada quatro jovens um havia sofrido humilha\u00e7\u00f5es e at\u00e9 agress\u00f5es pelos colegas.<\/p>\n<p>Educadores pretendem mapear o bullying em todo pa\u00eds. Al\u00e9m de uma lei federal antibullying, professores e pedagogos querem que a cria\u00e7\u00e3o de uma rede de volunt\u00e1rios com m\u00e9dicos, psic\u00f3logos e advogados que possam orientar estudantes e ainda: treinamento; para que os funcion\u00e1rios das escolas consigam identificar situa\u00e7\u00f5es de bullying.<\/p>\n<p>Os organizadores do movimento querem tratamento psicol\u00f3gico tanto para quem pratica o bullying quanto para quem sofre. Os dois s\u00e3o considerados v\u00edtimas.<\/p>\n<p><em>Fonte: G1<\/em><\/p>\n<p><em> <\/em><\/p>\n\n<div style=\"font-size: 0px; height: 0px; line-height: 0px; margin: 0; padding: 0; clear: both;\"><\/div>","protected":false},"excerpt":{"rendered":"<p>O Movimento Nacional Antibullying foi lan\u00e7ado em 1\u00ba de setembro em Belo Horizonte. A a\u00e7\u00e3o busca enfrentar um problema que assusta pais e educadores. Uma pesquisa da Universidade Federal do estado de Minas Gerais com estudantes de 14 a 17 anos mostrou que em cada quatro jovens um havia sofrido humilha\u00e7\u00f5es e at\u00e9 agress\u00f5es pelos colegas. Educadores pretendem mapear o bullying em todo pa\u00eds. Al\u00e9m de uma lei federal antibullying, professores e pedagogos querem que a cria\u00e7\u00e3o de uma rede de volunt\u00e1rios com m\u00e9dicos, psic\u00f3logos e advogados que possam orientar estudantes e ainda: treinamento; para que os funcion\u00e1rios das escolas <\/p>\n","protected":false},"author":1,"featured_media":0,"comment_status":"open","ping_status":"closed","sticky":false,"template":"","format":"standard","meta":{"footnotes":""},"categories":[6,8],"tags":[15],"class_list":["post-497","post","type-post","status-publish","format-standard","hentry","category-noticias","category-servicos","tag-belo-horizonte"],"aioseo_notices":[],"_links":{"self":[{"href":"https:\/\/www.encontrabelohorizonte.com.br\/sobre\/wp-json\/wp\/v2\/posts\/497","targetHints":{"allow":["GET"]}}],"collection":[{"href":"https:\/\/www.encontrabelohorizonte.com.br\/sobre\/wp-json\/wp\/v2\/posts"}],"about":[{"href":"https:\/\/www.encontrabelohorizonte.com.br\/sobre\/wp-json\/wp\/v2\/types\/post"}],"author":[{"embeddable":true,"href":"https:\/\/www.encontrabelohorizonte.com.br\/sobre\/wp-json\/wp\/v2\/users\/1"}],"replies":[{"embeddable":true,"href":"https:\/\/www.encontrabelohorizonte.com.br\/sobre\/wp-json\/wp\/v2\/comments?post=497"}],"version-history":[{"count":0,"href":"https:\/\/www.encontrabelohorizonte.com.br\/sobre\/wp-json\/wp\/v2\/posts\/497\/revisions"}],"wp:attachment":[{"href":"https:\/\/www.encontrabelohorizonte.com.br\/sobre\/wp-json\/wp\/v2\/media?parent=497"}],"wp:term":[{"taxonomy":"category","embeddable":true,"href":"https:\/\/www.encontrabelohorizonte.com.br\/sobre\/wp-json\/wp\/v2\/categories?post=497"},{"taxonomy":"post_tag","embeddable":true,"href":"https:\/\/www.encontrabelohorizonte.com.br\/sobre\/wp-json\/wp\/v2\/tags?post=497"}],"curies":[{"name":"wp","href":"https:\/\/api.w.org\/{rel}","templated":true}]}}