{"id":562,"date":"2012-09-24T07:00:41","date_gmt":"2012-09-24T07:00:41","guid":{"rendered":"http:\/\/www.encontrabelohorizonte.com.br\/noticias\/?p=562"},"modified":"2019-04-12T18:36:29","modified_gmt":"2019-04-12T18:36:29","slug":"belo-horizonte-envia-sete-duplas-para-disputar-o-rally-estado-de-sp","status":"publish","type":"post","link":"https:\/\/www.encontrabelohorizonte.com.br\/sobre\/belo-horizonte-envia-sete-duplas-para-disputar-o-rally-estado-de-sp\/","title":{"rendered":"Belo Horizonte envia sete duplas para disputar o Rally Estado de SP"},"content":{"rendered":"<div class=\"2e083cf0b19e2c11948dc6ac054ba979\" data-index=\"1\" style=\"float: none; margin:0px;\">\n<!-- Anuncio display - global -->\r\n<ins class=\"adsbygoogle\"\r\n     style=\"display:block\"\r\n     data-ad-client=\"ca-pub-8585364105181520\"\r\n     data-ad-slot=\"8789329856\"\r\n     data-ad-format=\"auto\"\r\n     data-full-width-responsive=\"true\"><\/ins>\r\n<script>\r\n     (adsbygoogle = window.adsbygoogle || []).push({});\r\n<\/script>\n<\/div>\n<p>O 1\u00ba Rally Estado de S\u00e3o Paulo come\u00e7ou a esquentar. Mesmo antes da largada, a rivalidade entre as equipes toma propor\u00e7\u00e3o, separando-as pelas regi\u00f5es que representam. Quem vai levar a melhor? Qual o Estado levantar\u00e1 a ta\u00e7a da competi\u00e7\u00e3o?<\/p>\n<p>Minas Gerais n\u00e3o poderia ficar de fora deste circuito de emo\u00e7\u00f5es e confirmou ontem, a participa\u00e7\u00e3o de sete duplas vindas diretamente da capital Belo Horizonte. S\u00e3o elas: F\u00e1bio Carvalho\/Cl\u00e1udio Flores, Fernando Lage\/Rafael Dal Belo, Jo\u00e3o Jos\u00e9 Mendon\u00e7a\/\u00cdcaro Cunha, Ivan Azevedo\/Alessandro Bonsucesso, Fernando Gomes\/Hugo Bubani, Renato Martins\/Breno Rezende e Wander Almeida\/Wagner de Paula.<\/p>\n<p>&#8220;A competitividade ser\u00e1 bem acirrada, pois todos os participantes t\u00eam grandes chances de vit\u00f3ria, sobretudo a turma do Sul, que est\u00e1 entre as melhores do Pa\u00eds vencendo a maioria das provas que disputa. Entretanto, tamb\u00e9m temos pilotos e navegadores experientes, que trazem no curr\u00edculo importantes t\u00edtulos nacionais. A luta pelo caneco ser\u00e1 bem emocionante&#8221;, comentou Carvalho.<br \/>\nOrganizado pela SC Racing, o 1\u00ba Rally Estado de S\u00e3o Paulo ser\u00e1 realizado entre os dias 27 de novembro e 01 de dezembro, entre S\u00e3o Pedro e a cidade de Itu, SP, percorrendo 900 quil\u00f4metros pelo interior paulista &#8211; aproximadamente 15 munic\u00edpios est\u00e3o na rota. O certame \u00e9 composto pelas categorias Super M\u00e1ster, Graduados e J\u00fanior.<\/p>\n<p>&#8220;Chances de vit\u00f3ria todo mundo tem igual, por isso, o diferencial estar\u00e1 na concentra\u00e7\u00e3o. Por ser a primeira edi\u00e7\u00e3o, o percurso e t\u00e9cnica ser\u00e3o novidades para todos. Acredito que n\u00e3o haver\u00e1 muita estrat\u00e9gia&#8230; \u00c9 analisar na hora o que est\u00e1 por vir e dar o seu melhor para obter um bom resultado, aplicando a t\u00e9cnica e o conhecimento que possu\u00edmos no esporte&#8221;, afirmou Lage.<br \/>\nMas a briga n\u00e3o ficar\u00e1 somente entre S\u00e3o Paulo e Minas Gerais. Representantes de Santa Catarina, Paran\u00e1, Mato Grosso, Bras\u00edlia e Rio de Janeiro est\u00e3o confirmados para o Rally Estado de S\u00e3o Paulo. Vale ressaltar que os catarinenses est\u00e3o em maior n\u00famero, com mais de 23 competidores, seguidos pelos paulistas, com 19.<\/p>\n<p>&#8220;Esperamos que o n\u00famero de inscritos de S\u00e3o Paulo aumente significativamente, afinal, \u00e9 uma competi\u00e7\u00e3o que acontecer\u00e1 no &#8216;quintal&#8217; da casa deles e tem como objetivo resgatar o rali no Estado, que h\u00e1 muito est\u00e1 esquecido. Chegamos com uma organiza\u00e7\u00e3o que deixar\u00e1 os competidores bem satisfeitos e com gosto de quero mais&#8221;, enfatizou o diretor geral do evento, Edson Jo\u00e3o da Costa.<\/p>\n<p>O 1\u00ba Rally Estado de S\u00e3o Paulo ter\u00e1 como sede as cidades de S\u00e3o Pedro (largada), seguindo por Rio das Pedras, Sumar\u00e9, Monte Mor, Ara\u00e7ariguama e Itu (chegada). Para recompensar os participantes ap\u00f3s esta maratona, uma grande festa ser\u00e1 oferecida no Itu Plaza Hotel.<\/p>\n<p>Programa\u00e7\u00e3o<\/p>\n<p>Dia 27\/11 e 28\/11<br \/>\nConfirma\u00e7\u00e3o de inscri\u00e7\u00e3o<\/p>\n<p>Dia 28\/11<br \/>\n\u00c0s 13h &#8211; largada promocional<br \/>\n\u00c0s 15h &#8211; pr\u00f3logo em S\u00e3o Pedro<\/p>\n<p>Dia 29\/11<br \/>\nEtapa 1 -Parte da Manh\u00e3 &#8211; S\u00e3o Pedro a Rio das Pedras<br \/>\nEtapa 2 -Parte da Tarde &#8211; Rio das Pedras a Sumar\u00e9<\/p>\n<p>Dia 30\/11<br \/>\nEtapa 3 -Parte da Manha &#8211; Sumar\u00e9 a Monte Mor<br \/>\nEtapa 4 &#8211; Parte da Tarde &#8211; Monte Mor a Itu<\/p>\n<p>Dia 01\/12<br \/>\nEtapa 5 &#8211; Parte da Manha &#8211; Itu a Ara\u00e7ariguama<br \/>\nEtapa 6 &#8211; Parte da Tarde &#8211; Ara\u00e7ariguama a Itu<br \/>\n\u00c0 noite &#8211; Premia\u00e7\u00e3o Itu Plaza Hotel<\/p>\n<p><em>Fonte: Webdi\u00e1rio<\/em><\/p>\n\n<div style=\"font-size: 0px; height: 0px; line-height: 0px; margin: 0; padding: 0; clear: both;\"><\/div>","protected":false},"excerpt":{"rendered":"<p>O 1\u00ba Rally Estado de S\u00e3o Paulo come\u00e7ou a esquentar. Mesmo antes da largada, a rivalidade entre as equipes toma propor\u00e7\u00e3o, separando-as pelas regi\u00f5es que representam. Quem vai levar a melhor? Qual o Estado levantar\u00e1 a ta\u00e7a da competi\u00e7\u00e3o? Minas Gerais n\u00e3o poderia ficar de fora deste circuito de emo\u00e7\u00f5es e confirmou ontem, a participa\u00e7\u00e3o de sete duplas vindas diretamente da capital Belo Horizonte. S\u00e3o elas: F\u00e1bio Carvalho\/Cl\u00e1udio Flores, Fernando Lage\/Rafael Dal Belo, Jo\u00e3o Jos\u00e9 Mendon\u00e7a\/\u00cdcaro Cunha, Ivan Azevedo\/Alessandro Bonsucesso, Fernando Gomes\/Hugo Bubani, Renato Martins\/Breno Rezende e Wander Almeida\/Wagner de Paula. &#8220;A competitividade ser\u00e1 bem acirrada, pois todos os participantes <\/p>\n","protected":false},"author":1,"featured_media":0,"comment_status":"open","ping_status":"closed","sticky":false,"template":"","format":"standard","meta":{"footnotes":""},"categories":[6,8],"tags":[15],"class_list":["post-562","post","type-post","status-publish","format-standard","hentry","category-noticias","category-servicos","tag-belo-horizonte"],"aioseo_notices":[],"aioseo_head":"\n\t\t<!-- All in One SEO 5.0.0.1 - aioseo.com -->\n\t<meta name=\"description\" content=\"O 1\u00ba Rally Estado de S\u00e3o Paulo come\u00e7ou a esquentar. Mesmo antes da largada, a rivalidade entre as equipes toma propor\u00e7\u00e3o, separando-as pelas regi\u00f5es que representam. Quem vai levar a melhor? Qual o Estado levantar\u00e1 a ta\u00e7a da competi\u00e7\u00e3o? Minas Gerais n\u00e3o poderia ficar de fora deste circuito de emo\u00e7\u00f5es e confirmou ontem, a participa\u00e7\u00e3o\" \/>\n\t<meta name=\"robots\" content=\"max-image-preview:large\" \/>\n\t<meta name=\"author\" content=\"Encontra Belo Horizonte\"\/>\n\t<link rel=\"canonical\" href=\"https:\/\/www.encontrabelohorizonte.com.br\/sobre\/belo-horizonte-envia-sete-duplas-para-disputar-o-rally-estado-de-sp\/\" \/>\n\t<meta name=\"generator\" content=\"All in One SEO (AIOSEO) 5.0.0.1\" \/>\n\t\t<meta property=\"og:locale\" content=\"pt_BR\" \/>\n\t\t<meta property=\"og:site_name\" content=\"Encontra Belo Horizonte | Not\u00edcias, eventos, informa\u00e7\u00f5es e dicas da cidade de Belo Horizonte e regi\u00e3o\" \/>\n\t\t<meta property=\"og:type\" content=\"article\" \/>\n\t\t<meta property=\"og:title\" content=\"Belo Horizonte envia sete duplas para disputar o Rally Estado de SP | Encontra Belo Horizonte\" \/>\n\t\t<meta property=\"og:description\" content=\"O 1\u00ba Rally Estado de S\u00e3o Paulo come\u00e7ou a esquentar. Mesmo antes da largada, a rivalidade entre as equipes toma propor\u00e7\u00e3o, separando-as pelas regi\u00f5es que representam. Quem vai levar a melhor? Qual o Estado levantar\u00e1 a ta\u00e7a da competi\u00e7\u00e3o? Minas Gerais n\u00e3o poderia ficar de fora deste circuito de emo\u00e7\u00f5es e confirmou ontem, a participa\u00e7\u00e3o\" \/>\n\t\t<meta property=\"og:url\" content=\"https:\/\/www.encontrabelohorizonte.com.br\/sobre\/belo-horizonte-envia-sete-duplas-para-disputar-o-rally-estado-de-sp\/\" \/>\n\t\t<meta property=\"article:published_time\" content=\"2012-09-24T07:00:41+00:00\" \/>\n\t\t<meta property=\"article:modified_time\" content=\"2019-04-12T18:36:29+00:00\" \/>\n\t\t<meta name=\"twitter:card\" content=\"summary\" \/>\n\t\t<meta name=\"twitter:title\" content=\"Belo Horizonte envia sete duplas para disputar o Rally Estado de SP | Encontra Belo Horizonte\" \/>\n\t\t<meta name=\"twitter:description\" content=\"O 1\u00ba Rally Estado de S\u00e3o Paulo come\u00e7ou a esquentar. Mesmo antes da largada, a rivalidade entre as equipes toma propor\u00e7\u00e3o, separando-as pelas regi\u00f5es que representam. Quem vai levar a melhor? Qual o Estado levantar\u00e1 a ta\u00e7a da competi\u00e7\u00e3o? Minas Gerais n\u00e3o poderia ficar de fora deste circuito de emo\u00e7\u00f5es e confirmou ontem, a participa\u00e7\u00e3o\" \/>\n\t\t<script type=\"application\/ld+json\" class=\"aioseo-schema\">\n\t\t\t{\"@context\":\"https:\\\/\\\/schema.org\",\"@graph\":[{\"@type\":\"Article\",\"@id\":\"https:\\\/\\\/www.encontrabelohorizonte.com.br\\\/sobre\\\/belo-horizonte-envia-sete-duplas-para-disputar-o-rally-estado-de-sp\\\/#article\",\"name\":\"Belo Horizonte envia sete duplas para disputar o Rally Estado de SP | Encontra Belo Horizonte\",\"headline\":\"Belo Horizonte envia sete duplas para disputar o Rally Estado de SP\",\"author\":{\"@id\":\"https:\\\/\\\/www.encontrabelohorizonte.com.br\\\/sobre\\\/author\\\/ebelohorizonte\\\/#author\"},\"publisher\":{\"@id\":\"https:\\\/\\\/www.encontrabelohorizonte.com.br\\\/sobre\\\/#organization\"},\"datePublished\":\"2012-09-24T07:00:41-03:00\",\"dateModified\":\"2019-04-12T18:36:29-03:00\",\"inLanguage\":\"pt-BR\",\"mainEntityOfPage\":{\"@id\":\"https:\\\/\\\/www.encontrabelohorizonte.com.br\\\/sobre\\\/belo-horizonte-envia-sete-duplas-para-disputar-o-rally-estado-de-sp\\\/#webpage\"},\"isPartOf\":{\"@id\":\"https:\\\/\\\/www.encontrabelohorizonte.com.br\\\/sobre\\\/belo-horizonte-envia-sete-duplas-para-disputar-o-rally-estado-de-sp\\\/#webpage\"},\"articleSection\":\"Not\\u00edcias Belo Horizonte, Servi\\u00e7os Belo Horizonte, Belo Horizonte\"},{\"@type\":\"BreadcrumbList\",\"@id\":\"https:\\\/\\\/www.encontrabelohorizonte.com.br\\\/sobre\\\/belo-horizonte-envia-sete-duplas-para-disputar-o-rally-estado-de-sp\\\/#breadcrumblist\",\"itemListElement\":[{\"@type\":\"ListItem\",\"@id\":\"https:\\\/\\\/www.encontrabelohorizonte.com.br\\\/sobre#listItem\",\"position\":1,\"name\":\"In\\u00edcio\",\"item\":\"https:\\\/\\\/www.encontrabelohorizonte.com.br\\\/sobre\",\"nextItem\":{\"@type\":\"ListItem\",\"@id\":\"https:\\\/\\\/www.encontrabelohorizonte.com.br\\\/sobre\\\/noticias\\\/#listItem\",\"name\":\"Not\\u00edcias Belo Horizonte\"}},{\"@type\":\"ListItem\",\"@id\":\"https:\\\/\\\/www.encontrabelohorizonte.com.br\\\/sobre\\\/noticias\\\/#listItem\",\"position\":2,\"name\":\"Not\\u00edcias Belo Horizonte\",\"item\":\"https:\\\/\\\/www.encontrabelohorizonte.com.br\\\/sobre\\\/noticias\\\/\",\"nextItem\":{\"@type\":\"ListItem\",\"@id\":\"https:\\\/\\\/www.encontrabelohorizonte.com.br\\\/sobre\\\/belo-horizonte-envia-sete-duplas-para-disputar-o-rally-estado-de-sp\\\/#listItem\",\"name\":\"Belo Horizonte envia sete duplas para disputar o Rally Estado de SP\"},\"previousItem\":{\"@type\":\"ListItem\",\"@id\":\"https:\\\/\\\/www.encontrabelohorizonte.com.br\\\/sobre#listItem\",\"name\":\"In\\u00edcio\"}},{\"@type\":\"ListItem\",\"@id\":\"https:\\\/\\\/www.encontrabelohorizonte.com.br\\\/sobre\\\/belo-horizonte-envia-sete-duplas-para-disputar-o-rally-estado-de-sp\\\/#listItem\",\"position\":3,\"name\":\"Belo Horizonte envia sete duplas para disputar o Rally Estado de SP\",\"previousItem\":{\"@type\":\"ListItem\",\"@id\":\"https:\\\/\\\/www.encontrabelohorizonte.com.br\\\/sobre\\\/noticias\\\/#listItem\",\"name\":\"Not\\u00edcias Belo Horizonte\"}}]},{\"@type\":\"Organization\",\"@id\":\"https:\\\/\\\/www.encontrabelohorizonte.com.br\\\/sobre\\\/#organization\",\"name\":\"Encontra Belo Horizonte\",\"description\":\"Not\\u00edcias, eventos, informa\\u00e7\\u00f5es e dicas da cidade de Belo Horizonte e regi\\u00e3o\",\"url\":\"https:\\\/\\\/www.encontrabelohorizonte.com.br\\\/sobre\\\/\"},{\"@type\":\"Person\",\"@id\":\"https:\\\/\\\/www.encontrabelohorizonte.com.br\\\/sobre\\\/author\\\/ebelohorizonte\\\/#author\",\"url\":\"https:\\\/\\\/www.encontrabelohorizonte.com.br\\\/sobre\\\/author\\\/ebelohorizonte\\\/\",\"name\":\"Encontra Belo Horizonte\",\"image\":{\"@type\":\"ImageObject\",\"@id\":\"https:\\\/\\\/www.encontrabelohorizonte.com.br\\\/sobre\\\/belo-horizonte-envia-sete-duplas-para-disputar-o-rally-estado-de-sp\\\/#authorImage\",\"url\":\"https:\\\/\\\/secure.gravatar.com\\\/avatar\\\/507340682b8270222e1f208e23198b6ae7e2c6a1033ae84e99bc6bce4f82a387?s=96&d=mm&r=g\",\"width\":96,\"height\":96,\"caption\":\"Encontra Belo Horizonte\"}},{\"@type\":\"WebPage\",\"@id\":\"https:\\\/\\\/www.encontrabelohorizonte.com.br\\\/sobre\\\/belo-horizonte-envia-sete-duplas-para-disputar-o-rally-estado-de-sp\\\/#webpage\",\"url\":\"https:\\\/\\\/www.encontrabelohorizonte.com.br\\\/sobre\\\/belo-horizonte-envia-sete-duplas-para-disputar-o-rally-estado-de-sp\\\/\",\"name\":\"Belo Horizonte envia sete duplas para disputar o Rally Estado de SP | Encontra Belo Horizonte\",\"description\":\"O 1\\u00ba Rally Estado de S\\u00e3o Paulo come\\u00e7ou a esquentar. Mesmo antes da largada, a rivalidade entre as equipes toma propor\\u00e7\\u00e3o, separando-as pelas regi\\u00f5es que representam. Quem vai levar a melhor? Qual o Estado levantar\\u00e1 a ta\\u00e7a da competi\\u00e7\\u00e3o? Minas Gerais n\\u00e3o poderia ficar de fora deste circuito de emo\\u00e7\\u00f5es e confirmou ontem, a participa\\u00e7\\u00e3o\",\"inLanguage\":\"pt-BR\",\"isPartOf\":{\"@id\":\"https:\\\/\\\/www.encontrabelohorizonte.com.br\\\/sobre\\\/#website\"},\"breadcrumb\":{\"@id\":\"https:\\\/\\\/www.encontrabelohorizonte.com.br\\\/sobre\\\/belo-horizonte-envia-sete-duplas-para-disputar-o-rally-estado-de-sp\\\/#breadcrumblist\"},\"author\":{\"@id\":\"https:\\\/\\\/www.encontrabelohorizonte.com.br\\\/sobre\\\/author\\\/ebelohorizonte\\\/#author\"},\"creator\":{\"@id\":\"https:\\\/\\\/www.encontrabelohorizonte.com.br\\\/sobre\\\/author\\\/ebelohorizonte\\\/#author\"},\"datePublished\":\"2012-09-24T07:00:41-03:00\",\"dateModified\":\"2019-04-12T18:36:29-03:00\"},{\"@type\":\"WebSite\",\"@id\":\"https:\\\/\\\/www.encontrabelohorizonte.com.br\\\/sobre\\\/#website\",\"url\":\"https:\\\/\\\/www.encontrabelohorizonte.com.br\\\/sobre\\\/\",\"name\":\"Encontra Belo Horizonte\",\"description\":\"Not\\u00edcias, eventos, informa\\u00e7\\u00f5es e dicas da cidade de Belo Horizonte e regi\\u00e3o\",\"inLanguage\":\"pt-BR\",\"publisher\":{\"@id\":\"https:\\\/\\\/www.encontrabelohorizonte.com.br\\\/sobre\\\/#organization\"}}]}\n\t\t<\/script>\n\t\t<!-- All in One SEO -->\n\n","aioseo_head_json":{"title":"Belo Horizonte envia sete duplas para disputar o Rally Estado de SP | Encontra Belo Horizonte","description":"O 1\u00ba Rally Estado de S\u00e3o Paulo come\u00e7ou a esquentar. Mesmo antes da largada, a rivalidade entre as equipes toma propor\u00e7\u00e3o, separando-as pelas regi\u00f5es que representam. Quem vai levar a melhor? Qual o Estado levantar\u00e1 a ta\u00e7a da competi\u00e7\u00e3o? Minas Gerais n\u00e3o poderia ficar de fora deste circuito de emo\u00e7\u00f5es e confirmou ontem, a participa\u00e7\u00e3o","canonical_url":"https:\/\/www.encontrabelohorizonte.com.br\/sobre\/belo-horizonte-envia-sete-duplas-para-disputar-o-rally-estado-de-sp\/","robots":"max-image-preview:large","keywords":"","webmasterTools":{"miscellaneous":""},"schema":{"@context":"https:\/\/schema.org","@graph":[{"@type":"Article","@id":"https:\/\/www.encontrabelohorizonte.com.br\/sobre\/belo-horizonte-envia-sete-duplas-para-disputar-o-rally-estado-de-sp\/#article","name":"Belo Horizonte envia sete duplas para disputar o Rally Estado de SP | Encontra Belo Horizonte","headline":"Belo Horizonte envia sete duplas para disputar o Rally Estado de SP","author":{"@id":"https:\/\/www.encontrabelohorizonte.com.br\/sobre\/author\/ebelohorizonte\/#author"},"publisher":{"@id":"https:\/\/www.encontrabelohorizonte.com.br\/sobre\/#organization"},"datePublished":"2012-09-24T07:00:41-03:00","dateModified":"2019-04-12T18:36:29-03:00","inLanguage":"pt-BR","mainEntityOfPage":{"@id":"https:\/\/www.encontrabelohorizonte.com.br\/sobre\/belo-horizonte-envia-sete-duplas-para-disputar-o-rally-estado-de-sp\/#webpage"},"isPartOf":{"@id":"https:\/\/www.encontrabelohorizonte.com.br\/sobre\/belo-horizonte-envia-sete-duplas-para-disputar-o-rally-estado-de-sp\/#webpage"},"articleSection":"Not\u00edcias Belo Horizonte, Servi\u00e7os Belo Horizonte, Belo Horizonte"},{"@type":"BreadcrumbList","@id":"https:\/\/www.encontrabelohorizonte.com.br\/sobre\/belo-horizonte-envia-sete-duplas-para-disputar-o-rally-estado-de-sp\/#breadcrumblist","itemListElement":[{"@type":"ListItem","@id":"https:\/\/www.encontrabelohorizonte.com.br\/sobre#listItem","position":1,"name":"In\u00edcio","item":"https:\/\/www.encontrabelohorizonte.com.br\/sobre","nextItem":{"@type":"ListItem","@id":"https:\/\/www.encontrabelohorizonte.com.br\/sobre\/noticias\/#listItem","name":"Not\u00edcias Belo Horizonte"}},{"@type":"ListItem","@id":"https:\/\/www.encontrabelohorizonte.com.br\/sobre\/noticias\/#listItem","position":2,"name":"Not\u00edcias Belo Horizonte","item":"https:\/\/www.encontrabelohorizonte.com.br\/sobre\/noticias\/","nextItem":{"@type":"ListItem","@id":"https:\/\/www.encontrabelohorizonte.com.br\/sobre\/belo-horizonte-envia-sete-duplas-para-disputar-o-rally-estado-de-sp\/#listItem","name":"Belo Horizonte envia sete duplas para disputar o Rally Estado de SP"},"previousItem":{"@type":"ListItem","@id":"https:\/\/www.encontrabelohorizonte.com.br\/sobre#listItem","name":"In\u00edcio"}},{"@type":"ListItem","@id":"https:\/\/www.encontrabelohorizonte.com.br\/sobre\/belo-horizonte-envia-sete-duplas-para-disputar-o-rally-estado-de-sp\/#listItem","position":3,"name":"Belo Horizonte envia sete duplas para disputar o Rally Estado de SP","previousItem":{"@type":"ListItem","@id":"https:\/\/www.encontrabelohorizonte.com.br\/sobre\/noticias\/#listItem","name":"Not\u00edcias Belo Horizonte"}}]},{"@type":"Organization","@id":"https:\/\/www.encontrabelohorizonte.com.br\/sobre\/#organization","name":"Encontra Belo Horizonte","description":"Not\u00edcias, eventos, informa\u00e7\u00f5es e dicas da cidade de Belo Horizonte e regi\u00e3o","url":"https:\/\/www.encontrabelohorizonte.com.br\/sobre\/"},{"@type":"Person","@id":"https:\/\/www.encontrabelohorizonte.com.br\/sobre\/author\/ebelohorizonte\/#author","url":"https:\/\/www.encontrabelohorizonte.com.br\/sobre\/author\/ebelohorizonte\/","name":"Encontra Belo Horizonte","image":{"@type":"ImageObject","@id":"https:\/\/www.encontrabelohorizonte.com.br\/sobre\/belo-horizonte-envia-sete-duplas-para-disputar-o-rally-estado-de-sp\/#authorImage","url":"https:\/\/secure.gravatar.com\/avatar\/507340682b8270222e1f208e23198b6ae7e2c6a1033ae84e99bc6bce4f82a387?s=96&d=mm&r=g","width":96,"height":96,"caption":"Encontra Belo Horizonte"}},{"@type":"WebPage","@id":"https:\/\/www.encontrabelohorizonte.com.br\/sobre\/belo-horizonte-envia-sete-duplas-para-disputar-o-rally-estado-de-sp\/#webpage","url":"https:\/\/www.encontrabelohorizonte.com.br\/sobre\/belo-horizonte-envia-sete-duplas-para-disputar-o-rally-estado-de-sp\/","name":"Belo Horizonte envia sete duplas para disputar o Rally Estado de SP | Encontra Belo Horizonte","description":"O 1\u00ba Rally Estado de S\u00e3o Paulo come\u00e7ou a esquentar. Mesmo antes da largada, a rivalidade entre as equipes toma propor\u00e7\u00e3o, separando-as pelas regi\u00f5es que representam. Quem vai levar a melhor? Qual o Estado levantar\u00e1 a ta\u00e7a da competi\u00e7\u00e3o? Minas Gerais n\u00e3o poderia ficar de fora deste circuito de emo\u00e7\u00f5es e confirmou ontem, a participa\u00e7\u00e3o","inLanguage":"pt-BR","isPartOf":{"@id":"https:\/\/www.encontrabelohorizonte.com.br\/sobre\/#website"},"breadcrumb":{"@id":"https:\/\/www.encontrabelohorizonte.com.br\/sobre\/belo-horizonte-envia-sete-duplas-para-disputar-o-rally-estado-de-sp\/#breadcrumblist"},"author":{"@id":"https:\/\/www.encontrabelohorizonte.com.br\/sobre\/author\/ebelohorizonte\/#author"},"creator":{"@id":"https:\/\/www.encontrabelohorizonte.com.br\/sobre\/author\/ebelohorizonte\/#author"},"datePublished":"2012-09-24T07:00:41-03:00","dateModified":"2019-04-12T18:36:29-03:00"},{"@type":"WebSite","@id":"https:\/\/www.encontrabelohorizonte.com.br\/sobre\/#website","url":"https:\/\/www.encontrabelohorizonte.com.br\/sobre\/","name":"Encontra Belo Horizonte","description":"Not\u00edcias, eventos, informa\u00e7\u00f5es e dicas da cidade de Belo Horizonte e regi\u00e3o","inLanguage":"pt-BR","publisher":{"@id":"https:\/\/www.encontrabelohorizonte.com.br\/sobre\/#organization"}}]},"og:locale":"pt_BR","og:site_name":"Encontra Belo Horizonte | Not\u00edcias, eventos, informa\u00e7\u00f5es e dicas da cidade de Belo Horizonte e regi\u00e3o","og:type":"article","og:title":"Belo Horizonte envia sete duplas para disputar o Rally Estado de SP | Encontra Belo Horizonte","og:description":"O 1\u00ba Rally Estado de S\u00e3o Paulo come\u00e7ou a esquentar. Mesmo antes da largada, a rivalidade entre as equipes toma propor\u00e7\u00e3o, separando-as pelas regi\u00f5es que representam. Quem vai levar a melhor? Qual o Estado levantar\u00e1 a ta\u00e7a da competi\u00e7\u00e3o? Minas Gerais n\u00e3o poderia ficar de fora deste circuito de emo\u00e7\u00f5es e confirmou ontem, a participa\u00e7\u00e3o","og:url":"https:\/\/www.encontrabelohorizonte.com.br\/sobre\/belo-horizonte-envia-sete-duplas-para-disputar-o-rally-estado-de-sp\/","article:published_time":"2012-09-24T07:00:41+00:00","article:modified_time":"2019-04-12T18:36:29+00:00","twitter:card":"summary","twitter:title":"Belo Horizonte envia sete duplas para disputar o Rally Estado de SP | Encontra Belo Horizonte","twitter:description":"O 1\u00ba Rally Estado de S\u00e3o Paulo come\u00e7ou a esquentar. Mesmo antes da largada, a rivalidade entre as equipes toma propor\u00e7\u00e3o, separando-as pelas regi\u00f5es que representam. Quem vai levar a melhor? Qual o Estado levantar\u00e1 a ta\u00e7a da competi\u00e7\u00e3o? Minas Gerais n\u00e3o poderia ficar de fora deste circuito de emo\u00e7\u00f5es e confirmou ontem, a participa\u00e7\u00e3o"},"aioseo_meta_data":{"post_id":"562","title":null,"description":null,"keywords":null,"keyphrases":null,"primary_term":null,"canonical_url":null,"og_title":null,"og_description":null,"og_object_type":"default","og_image_type":"default","og_image_url":null,"og_image_width":null,"og_image_height":null,"og_image_custom_url":null,"og_image_custom_fields":null,"og_video":null,"og_custom_url":null,"og_article_section":null,"og_article_tags":null,"twitter_use_og":false,"twitter_card":"default","twitter_image_type":"default","twitter_image_url":null,"twitter_image_custom_url":null,"twitter_image_custom_fields":null,"twitter_title":null,"twitter_description":null,"schema":{"blockGraphs":[],"customGraphs":[],"default":{"data":{"Article":[],"Course":[],"Dataset":[],"FAQPage":[],"Movie":[],"Person":[],"Product":[],"ProductReview":[],"Car":[],"Recipe":[],"Service":[],"SoftwareApplication":[],"WebPage":[]},"graphName":"Article","isEnabled":true},"graphs":[]},"schema_type":null,"schema_type_options":null,"pillar_content":false,"robots_default":true,"robots_noindex":false,"robots_noarchive":false,"robots_nosnippet":false,"robots_nofollow":false,"robots_noimageindex":false,"robots_noodp":false,"robots_notranslate":false,"robots_max_snippet":null,"robots_max_videopreview":null,"robots_max_imagepreview":"large","priority":null,"frequency":null,"local_seo":null,"breadcrumb_settings":null,"limit_modified_date":false,"ai":null,"created":"2021-10-28 05:15:15","updated":"2025-09-27 02:48:54","focus_keyword":null,"additional_keywords":null,"truseo_locale":null,"seo_analyzer_scan_date":null},"aioseo_breadcrumb":"<div class=\"aioseo-breadcrumbs\"><span class=\"aioseo-breadcrumb\">\n\t\t\t<a href=\"https:\/\/www.encontrabelohorizonte.com.br\/sobre\" title=\"In\u00edcio\">In\u00edcio<\/a>\n\t\t<\/span><span class=\"aioseo-breadcrumb-separator\">&raquo;<\/span><span class=\"aioseo-breadcrumb\">\n\t\t\t<a href=\"https:\/\/www.encontrabelohorizonte.com.br\/sobre\/noticias\/\" title=\"Not\u00edcias Belo Horizonte\">Not\u00edcias Belo Horizonte<\/a>\n\t\t<\/span><span class=\"aioseo-breadcrumb-separator\">&raquo;<\/span><span class=\"aioseo-breadcrumb\">\n\t\t\tBelo Horizonte envia sete duplas para disputar o Rally Estado de SP\n\t\t<\/span><\/div>","aioseo_breadcrumb_json":[{"label":"In\u00edcio","link":"https:\/\/www.encontrabelohorizonte.com.br\/sobre"},{"label":"Not\u00edcias Belo Horizonte","link":"https:\/\/www.encontrabelohorizonte.com.br\/sobre\/noticias\/"},{"label":"Belo Horizonte envia sete duplas para disputar o Rally Estado de SP","link":"https:\/\/www.encontrabelohorizonte.com.br\/sobre\/belo-horizonte-envia-sete-duplas-para-disputar-o-rally-estado-de-sp\/"}],"_links":{"self":[{"href":"https:\/\/www.encontrabelohorizonte.com.br\/sobre\/wp-json\/wp\/v2\/posts\/562","targetHints":{"allow":["GET"]}}],"collection":[{"href":"https:\/\/www.encontrabelohorizonte.com.br\/sobre\/wp-json\/wp\/v2\/posts"}],"about":[{"href":"https:\/\/www.encontrabelohorizonte.com.br\/sobre\/wp-json\/wp\/v2\/types\/post"}],"author":[{"embeddable":true,"href":"https:\/\/www.encontrabelohorizonte.com.br\/sobre\/wp-json\/wp\/v2\/users\/1"}],"replies":[{"embeddable":true,"href":"https:\/\/www.encontrabelohorizonte.com.br\/sobre\/wp-json\/wp\/v2\/comments?post=562"}],"version-history":[{"count":0,"href":"https:\/\/www.encontrabelohorizonte.com.br\/sobre\/wp-json\/wp\/v2\/posts\/562\/revisions"}],"wp:attachment":[{"href":"https:\/\/www.encontrabelohorizonte.com.br\/sobre\/wp-json\/wp\/v2\/media?parent=562"}],"wp:term":[{"taxonomy":"category","embeddable":true,"href":"https:\/\/www.encontrabelohorizonte.com.br\/sobre\/wp-json\/wp\/v2\/categories?post=562"},{"taxonomy":"post_tag","embeddable":true,"href":"https:\/\/www.encontrabelohorizonte.com.br\/sobre\/wp-json\/wp\/v2\/tags?post=562"}],"curies":[{"name":"wp","href":"https:\/\/api.w.org\/{rel}","templated":true}]}}