{"id":570,"date":"2012-09-26T06:00:19","date_gmt":"2012-09-26T06:00:19","guid":{"rendered":"http:\/\/www.encontrabelohorizonte.com.br\/noticias\/?p=570"},"modified":"2019-04-12T18:36:29","modified_gmt":"2019-04-12T18:36:29","slug":"padarias-da-regiao-metropolitana-de-belo-horizonte-participam-de-festival","status":"publish","type":"post","link":"https:\/\/www.encontrabelohorizonte.com.br\/sobre\/padarias-da-regiao-metropolitana-de-belo-horizonte-participam-de-festival\/","title":{"rendered":"Padarias da Regi\u00e3o Metropolitana de Belo Horizonte participam de festival"},"content":{"rendered":"<div class=\"2e083cf0b19e2c11948dc6ac054ba979\" data-index=\"1\" style=\"float: none; margin:0px;\">\n<!-- Anuncio display - global -->\r\n<ins class=\"adsbygoogle\"\r\n     style=\"display:block\"\r\n     data-ad-client=\"ca-pub-8585364105181520\"\r\n     data-ad-slot=\"8789329856\"\r\n     data-ad-format=\"auto\"\r\n     data-full-width-responsive=\"true\"><\/ins>\r\n<script>\r\n     (adsbygoogle = window.adsbygoogle || []).push({});\r\n<\/script>\n<\/div>\n<p>Cerca de 70 padarias da Regi\u00e3o Metropolitana de Belo Horizonte participam do Festival P\u00e3es e Quitandas de Minas, que vai premiar a melhor receita preparada com polvilho e queijo Minas. O evento \u00e9 uma forma de valorizar os produtos artesanais produzidos no setor de panifica\u00e7\u00e3o e confeitaria da Grande BH.<\/p>\n<p>O projeto realizado pelo Sindicato e Associa\u00e7\u00e3o Mineira da Ind\u00fastria de Panifica\u00e7\u00e3o tem como objetivo ampliar e preparar o setor para grandes eventos como a Copa das Confedera\u00e7\u00f5es e a Copa do Mundo. O festival come\u00e7ou no dia 23 de jullho e vai at\u00e9 18 de outubro, quando ser\u00e1 conhecido o produto vencedor.<\/p>\n<p>A melhor receita vai ser escolhida em duas etapas. Na primeira, s\u00e3o os clientes que julgam o sabor e a apar\u00eancia do produto, al\u00e9m da higiene e do atendimento da padaria. Depois, cinco concorrentes s\u00e3o classificados para avalia\u00e7\u00e3o de um j\u00fari t\u00e9cnico.<\/p>\n<p>Mais informa\u00e7\u00f5es no site\u00a0padariasdobrasil.com.br\/paesequitandasdeminas\/index.php.<\/p>\n<p><em>Fonte: G1<\/em><\/p>\n\n<div style=\"font-size: 0px; height: 0px; line-height: 0px; margin: 0; padding: 0; clear: both;\"><\/div>","protected":false},"excerpt":{"rendered":"<p>Cerca de 70 padarias da Regi\u00e3o Metropolitana de Belo Horizonte participam do Festival P\u00e3es e Quitandas de Minas, que vai premiar a melhor receita preparada com polvilho e queijo Minas. O evento \u00e9 uma forma de valorizar os produtos artesanais produzidos no setor de panifica\u00e7\u00e3o e confeitaria da Grande BH. O projeto realizado pelo Sindicato e Associa\u00e7\u00e3o Mineira da Ind\u00fastria de Panifica\u00e7\u00e3o tem como objetivo ampliar e preparar o setor para grandes eventos como a Copa das Confedera\u00e7\u00f5es e a Copa do Mundo. O festival come\u00e7ou no dia 23 de jullho e vai at\u00e9 18 de outubro, quando ser\u00e1 conhecido <\/p>\n","protected":false},"author":1,"featured_media":0,"comment_status":"open","ping_status":"closed","sticky":false,"template":"","format":"standard","meta":{"footnotes":""},"categories":[6],"tags":[15],"class_list":["post-570","post","type-post","status-publish","format-standard","hentry","category-noticias","tag-belo-horizonte"],"aioseo_notices":[],"aioseo_head":"\n\t\t<!-- All in One SEO 5.0.0.1 - aioseo.com -->\n\t<meta name=\"description\" content=\"Cerca de 70 padarias da Regi\u00e3o Metropolitana de Belo Horizonte participam do Festival P\u00e3es e Quitandas de Minas, que vai premiar a melhor receita preparada com polvilho e queijo Minas. O evento \u00e9 uma forma de valorizar os produtos artesanais produzidos no setor de panifica\u00e7\u00e3o e confeitaria da Grande BH. O projeto realizado pelo Sindicato\" \/>\n\t<meta name=\"robots\" content=\"max-image-preview:large\" \/>\n\t<meta name=\"author\" content=\"Encontra Belo Horizonte\"\/>\n\t<link rel=\"canonical\" href=\"https:\/\/www.encontrabelohorizonte.com.br\/sobre\/padarias-da-regiao-metropolitana-de-belo-horizonte-participam-de-festival\/\" \/>\n\t<meta name=\"generator\" content=\"All in One SEO (AIOSEO) 5.0.0.1\" \/>\n\t\t<meta property=\"og:locale\" content=\"pt_BR\" \/>\n\t\t<meta property=\"og:site_name\" content=\"Encontra Belo Horizonte | Not\u00edcias, eventos, informa\u00e7\u00f5es e dicas da cidade de Belo Horizonte e regi\u00e3o\" \/>\n\t\t<meta property=\"og:type\" content=\"article\" \/>\n\t\t<meta property=\"og:title\" content=\"Padarias da Regi\u00e3o Metropolitana de Belo Horizonte participam de festival | Encontra Belo Horizonte\" \/>\n\t\t<meta property=\"og:description\" content=\"Cerca de 70 padarias da Regi\u00e3o Metropolitana de Belo Horizonte participam do Festival P\u00e3es e Quitandas de Minas, que vai premiar a melhor receita preparada com polvilho e queijo Minas. O evento \u00e9 uma forma de valorizar os produtos artesanais produzidos no setor de panifica\u00e7\u00e3o e confeitaria da Grande BH. O projeto realizado pelo Sindicato\" \/>\n\t\t<meta property=\"og:url\" content=\"https:\/\/www.encontrabelohorizonte.com.br\/sobre\/padarias-da-regiao-metropolitana-de-belo-horizonte-participam-de-festival\/\" \/>\n\t\t<meta property=\"article:published_time\" content=\"2012-09-26T06:00:19+00:00\" \/>\n\t\t<meta property=\"article:modified_time\" content=\"2019-04-12T18:36:29+00:00\" \/>\n\t\t<meta name=\"twitter:card\" content=\"summary\" \/>\n\t\t<meta name=\"twitter:title\" content=\"Padarias da Regi\u00e3o Metropolitana de Belo Horizonte participam de festival | Encontra Belo Horizonte\" \/>\n\t\t<meta name=\"twitter:description\" content=\"Cerca de 70 padarias da Regi\u00e3o Metropolitana de Belo Horizonte participam do Festival P\u00e3es e Quitandas de Minas, que vai premiar a melhor receita preparada com polvilho e queijo Minas. O evento \u00e9 uma forma de valorizar os produtos artesanais produzidos no setor de panifica\u00e7\u00e3o e confeitaria da Grande BH. O projeto realizado pelo Sindicato\" \/>\n\t\t<script type=\"application\/ld+json\" class=\"aioseo-schema\">\n\t\t\t{\"@context\":\"https:\\\/\\\/schema.org\",\"@graph\":[{\"@type\":\"Article\",\"@id\":\"https:\\\/\\\/www.encontrabelohorizonte.com.br\\\/sobre\\\/padarias-da-regiao-metropolitana-de-belo-horizonte-participam-de-festival\\\/#article\",\"name\":\"Padarias da Regi\\u00e3o Metropolitana de Belo Horizonte participam de festival | Encontra Belo Horizonte\",\"headline\":\"Padarias da Regi\\u00e3o Metropolitana de Belo Horizonte participam de festival\",\"author\":{\"@id\":\"https:\\\/\\\/www.encontrabelohorizonte.com.br\\\/sobre\\\/author\\\/ebelohorizonte\\\/#author\"},\"publisher\":{\"@id\":\"https:\\\/\\\/www.encontrabelohorizonte.com.br\\\/sobre\\\/#organization\"},\"datePublished\":\"2012-09-26T06:00:19-03:00\",\"dateModified\":\"2019-04-12T18:36:29-03:00\",\"inLanguage\":\"pt-BR\",\"mainEntityOfPage\":{\"@id\":\"https:\\\/\\\/www.encontrabelohorizonte.com.br\\\/sobre\\\/padarias-da-regiao-metropolitana-de-belo-horizonte-participam-de-festival\\\/#webpage\"},\"isPartOf\":{\"@id\":\"https:\\\/\\\/www.encontrabelohorizonte.com.br\\\/sobre\\\/padarias-da-regiao-metropolitana-de-belo-horizonte-participam-de-festival\\\/#webpage\"},\"articleSection\":\"Not\\u00edcias Belo Horizonte, Belo Horizonte\"},{\"@type\":\"BreadcrumbList\",\"@id\":\"https:\\\/\\\/www.encontrabelohorizonte.com.br\\\/sobre\\\/padarias-da-regiao-metropolitana-de-belo-horizonte-participam-de-festival\\\/#breadcrumblist\",\"itemListElement\":[{\"@type\":\"ListItem\",\"@id\":\"https:\\\/\\\/www.encontrabelohorizonte.com.br\\\/sobre#listItem\",\"position\":1,\"name\":\"In\\u00edcio\",\"item\":\"https:\\\/\\\/www.encontrabelohorizonte.com.br\\\/sobre\",\"nextItem\":{\"@type\":\"ListItem\",\"@id\":\"https:\\\/\\\/www.encontrabelohorizonte.com.br\\\/sobre\\\/noticias\\\/#listItem\",\"name\":\"Not\\u00edcias Belo Horizonte\"}},{\"@type\":\"ListItem\",\"@id\":\"https:\\\/\\\/www.encontrabelohorizonte.com.br\\\/sobre\\\/noticias\\\/#listItem\",\"position\":2,\"name\":\"Not\\u00edcias Belo Horizonte\",\"item\":\"https:\\\/\\\/www.encontrabelohorizonte.com.br\\\/sobre\\\/noticias\\\/\",\"nextItem\":{\"@type\":\"ListItem\",\"@id\":\"https:\\\/\\\/www.encontrabelohorizonte.com.br\\\/sobre\\\/padarias-da-regiao-metropolitana-de-belo-horizonte-participam-de-festival\\\/#listItem\",\"name\":\"Padarias da Regi\\u00e3o Metropolitana de Belo Horizonte participam de festival\"},\"previousItem\":{\"@type\":\"ListItem\",\"@id\":\"https:\\\/\\\/www.encontrabelohorizonte.com.br\\\/sobre#listItem\",\"name\":\"In\\u00edcio\"}},{\"@type\":\"ListItem\",\"@id\":\"https:\\\/\\\/www.encontrabelohorizonte.com.br\\\/sobre\\\/padarias-da-regiao-metropolitana-de-belo-horizonte-participam-de-festival\\\/#listItem\",\"position\":3,\"name\":\"Padarias da Regi\\u00e3o Metropolitana de Belo Horizonte participam de festival\",\"previousItem\":{\"@type\":\"ListItem\",\"@id\":\"https:\\\/\\\/www.encontrabelohorizonte.com.br\\\/sobre\\\/noticias\\\/#listItem\",\"name\":\"Not\\u00edcias Belo Horizonte\"}}]},{\"@type\":\"Organization\",\"@id\":\"https:\\\/\\\/www.encontrabelohorizonte.com.br\\\/sobre\\\/#organization\",\"name\":\"Encontra Belo Horizonte\",\"description\":\"Not\\u00edcias, eventos, informa\\u00e7\\u00f5es e dicas da cidade de Belo Horizonte e regi\\u00e3o\",\"url\":\"https:\\\/\\\/www.encontrabelohorizonte.com.br\\\/sobre\\\/\"},{\"@type\":\"Person\",\"@id\":\"https:\\\/\\\/www.encontrabelohorizonte.com.br\\\/sobre\\\/author\\\/ebelohorizonte\\\/#author\",\"url\":\"https:\\\/\\\/www.encontrabelohorizonte.com.br\\\/sobre\\\/author\\\/ebelohorizonte\\\/\",\"name\":\"Encontra Belo Horizonte\",\"image\":{\"@type\":\"ImageObject\",\"@id\":\"https:\\\/\\\/www.encontrabelohorizonte.com.br\\\/sobre\\\/padarias-da-regiao-metropolitana-de-belo-horizonte-participam-de-festival\\\/#authorImage\",\"url\":\"https:\\\/\\\/secure.gravatar.com\\\/avatar\\\/507340682b8270222e1f208e23198b6ae7e2c6a1033ae84e99bc6bce4f82a387?s=96&d=mm&r=g\",\"width\":96,\"height\":96,\"caption\":\"Encontra Belo Horizonte\"}},{\"@type\":\"WebPage\",\"@id\":\"https:\\\/\\\/www.encontrabelohorizonte.com.br\\\/sobre\\\/padarias-da-regiao-metropolitana-de-belo-horizonte-participam-de-festival\\\/#webpage\",\"url\":\"https:\\\/\\\/www.encontrabelohorizonte.com.br\\\/sobre\\\/padarias-da-regiao-metropolitana-de-belo-horizonte-participam-de-festival\\\/\",\"name\":\"Padarias da Regi\\u00e3o Metropolitana de Belo Horizonte participam de festival | Encontra Belo Horizonte\",\"description\":\"Cerca de 70 padarias da Regi\\u00e3o Metropolitana de Belo Horizonte participam do Festival P\\u00e3es e Quitandas de Minas, que vai premiar a melhor receita preparada com polvilho e queijo Minas. O evento \\u00e9 uma forma de valorizar os produtos artesanais produzidos no setor de panifica\\u00e7\\u00e3o e confeitaria da Grande BH. O projeto realizado pelo Sindicato\",\"inLanguage\":\"pt-BR\",\"isPartOf\":{\"@id\":\"https:\\\/\\\/www.encontrabelohorizonte.com.br\\\/sobre\\\/#website\"},\"breadcrumb\":{\"@id\":\"https:\\\/\\\/www.encontrabelohorizonte.com.br\\\/sobre\\\/padarias-da-regiao-metropolitana-de-belo-horizonte-participam-de-festival\\\/#breadcrumblist\"},\"author\":{\"@id\":\"https:\\\/\\\/www.encontrabelohorizonte.com.br\\\/sobre\\\/author\\\/ebelohorizonte\\\/#author\"},\"creator\":{\"@id\":\"https:\\\/\\\/www.encontrabelohorizonte.com.br\\\/sobre\\\/author\\\/ebelohorizonte\\\/#author\"},\"datePublished\":\"2012-09-26T06:00:19-03:00\",\"dateModified\":\"2019-04-12T18:36:29-03:00\"},{\"@type\":\"WebSite\",\"@id\":\"https:\\\/\\\/www.encontrabelohorizonte.com.br\\\/sobre\\\/#website\",\"url\":\"https:\\\/\\\/www.encontrabelohorizonte.com.br\\\/sobre\\\/\",\"name\":\"Encontra Belo Horizonte\",\"description\":\"Not\\u00edcias, eventos, informa\\u00e7\\u00f5es e dicas da cidade de Belo Horizonte e regi\\u00e3o\",\"inLanguage\":\"pt-BR\",\"publisher\":{\"@id\":\"https:\\\/\\\/www.encontrabelohorizonte.com.br\\\/sobre\\\/#organization\"}}]}\n\t\t<\/script>\n\t\t<!-- All in One SEO -->\n\n","aioseo_head_json":{"title":"Padarias da Regi\u00e3o Metropolitana de Belo Horizonte participam de festival | Encontra Belo Horizonte","description":"Cerca de 70 padarias da Regi\u00e3o Metropolitana de Belo Horizonte participam do Festival P\u00e3es e Quitandas de Minas, que vai premiar a melhor receita preparada com polvilho e queijo Minas. O evento \u00e9 uma forma de valorizar os produtos artesanais produzidos no setor de panifica\u00e7\u00e3o e confeitaria da Grande BH. O projeto realizado pelo Sindicato","canonical_url":"https:\/\/www.encontrabelohorizonte.com.br\/sobre\/padarias-da-regiao-metropolitana-de-belo-horizonte-participam-de-festival\/","robots":"max-image-preview:large","keywords":"","webmasterTools":{"miscellaneous":""},"schema":{"@context":"https:\/\/schema.org","@graph":[{"@type":"Article","@id":"https:\/\/www.encontrabelohorizonte.com.br\/sobre\/padarias-da-regiao-metropolitana-de-belo-horizonte-participam-de-festival\/#article","name":"Padarias da Regi\u00e3o Metropolitana de Belo Horizonte participam de festival | Encontra Belo Horizonte","headline":"Padarias da Regi\u00e3o Metropolitana de Belo Horizonte participam de festival","author":{"@id":"https:\/\/www.encontrabelohorizonte.com.br\/sobre\/author\/ebelohorizonte\/#author"},"publisher":{"@id":"https:\/\/www.encontrabelohorizonte.com.br\/sobre\/#organization"},"datePublished":"2012-09-26T06:00:19-03:00","dateModified":"2019-04-12T18:36:29-03:00","inLanguage":"pt-BR","mainEntityOfPage":{"@id":"https:\/\/www.encontrabelohorizonte.com.br\/sobre\/padarias-da-regiao-metropolitana-de-belo-horizonte-participam-de-festival\/#webpage"},"isPartOf":{"@id":"https:\/\/www.encontrabelohorizonte.com.br\/sobre\/padarias-da-regiao-metropolitana-de-belo-horizonte-participam-de-festival\/#webpage"},"articleSection":"Not\u00edcias Belo Horizonte, Belo Horizonte"},{"@type":"BreadcrumbList","@id":"https:\/\/www.encontrabelohorizonte.com.br\/sobre\/padarias-da-regiao-metropolitana-de-belo-horizonte-participam-de-festival\/#breadcrumblist","itemListElement":[{"@type":"ListItem","@id":"https:\/\/www.encontrabelohorizonte.com.br\/sobre#listItem","position":1,"name":"In\u00edcio","item":"https:\/\/www.encontrabelohorizonte.com.br\/sobre","nextItem":{"@type":"ListItem","@id":"https:\/\/www.encontrabelohorizonte.com.br\/sobre\/noticias\/#listItem","name":"Not\u00edcias Belo Horizonte"}},{"@type":"ListItem","@id":"https:\/\/www.encontrabelohorizonte.com.br\/sobre\/noticias\/#listItem","position":2,"name":"Not\u00edcias Belo Horizonte","item":"https:\/\/www.encontrabelohorizonte.com.br\/sobre\/noticias\/","nextItem":{"@type":"ListItem","@id":"https:\/\/www.encontrabelohorizonte.com.br\/sobre\/padarias-da-regiao-metropolitana-de-belo-horizonte-participam-de-festival\/#listItem","name":"Padarias da Regi\u00e3o Metropolitana de Belo Horizonte participam de festival"},"previousItem":{"@type":"ListItem","@id":"https:\/\/www.encontrabelohorizonte.com.br\/sobre#listItem","name":"In\u00edcio"}},{"@type":"ListItem","@id":"https:\/\/www.encontrabelohorizonte.com.br\/sobre\/padarias-da-regiao-metropolitana-de-belo-horizonte-participam-de-festival\/#listItem","position":3,"name":"Padarias da Regi\u00e3o Metropolitana de Belo Horizonte participam de festival","previousItem":{"@type":"ListItem","@id":"https:\/\/www.encontrabelohorizonte.com.br\/sobre\/noticias\/#listItem","name":"Not\u00edcias Belo Horizonte"}}]},{"@type":"Organization","@id":"https:\/\/www.encontrabelohorizonte.com.br\/sobre\/#organization","name":"Encontra Belo Horizonte","description":"Not\u00edcias, eventos, informa\u00e7\u00f5es e dicas da cidade de Belo Horizonte e regi\u00e3o","url":"https:\/\/www.encontrabelohorizonte.com.br\/sobre\/"},{"@type":"Person","@id":"https:\/\/www.encontrabelohorizonte.com.br\/sobre\/author\/ebelohorizonte\/#author","url":"https:\/\/www.encontrabelohorizonte.com.br\/sobre\/author\/ebelohorizonte\/","name":"Encontra Belo Horizonte","image":{"@type":"ImageObject","@id":"https:\/\/www.encontrabelohorizonte.com.br\/sobre\/padarias-da-regiao-metropolitana-de-belo-horizonte-participam-de-festival\/#authorImage","url":"https:\/\/secure.gravatar.com\/avatar\/507340682b8270222e1f208e23198b6ae7e2c6a1033ae84e99bc6bce4f82a387?s=96&d=mm&r=g","width":96,"height":96,"caption":"Encontra Belo Horizonte"}},{"@type":"WebPage","@id":"https:\/\/www.encontrabelohorizonte.com.br\/sobre\/padarias-da-regiao-metropolitana-de-belo-horizonte-participam-de-festival\/#webpage","url":"https:\/\/www.encontrabelohorizonte.com.br\/sobre\/padarias-da-regiao-metropolitana-de-belo-horizonte-participam-de-festival\/","name":"Padarias da Regi\u00e3o Metropolitana de Belo Horizonte participam de festival | Encontra Belo Horizonte","description":"Cerca de 70 padarias da Regi\u00e3o Metropolitana de Belo Horizonte participam do Festival P\u00e3es e Quitandas de Minas, que vai premiar a melhor receita preparada com polvilho e queijo Minas. O evento \u00e9 uma forma de valorizar os produtos artesanais produzidos no setor de panifica\u00e7\u00e3o e confeitaria da Grande BH. O projeto realizado pelo Sindicato","inLanguage":"pt-BR","isPartOf":{"@id":"https:\/\/www.encontrabelohorizonte.com.br\/sobre\/#website"},"breadcrumb":{"@id":"https:\/\/www.encontrabelohorizonte.com.br\/sobre\/padarias-da-regiao-metropolitana-de-belo-horizonte-participam-de-festival\/#breadcrumblist"},"author":{"@id":"https:\/\/www.encontrabelohorizonte.com.br\/sobre\/author\/ebelohorizonte\/#author"},"creator":{"@id":"https:\/\/www.encontrabelohorizonte.com.br\/sobre\/author\/ebelohorizonte\/#author"},"datePublished":"2012-09-26T06:00:19-03:00","dateModified":"2019-04-12T18:36:29-03:00"},{"@type":"WebSite","@id":"https:\/\/www.encontrabelohorizonte.com.br\/sobre\/#website","url":"https:\/\/www.encontrabelohorizonte.com.br\/sobre\/","name":"Encontra Belo Horizonte","description":"Not\u00edcias, eventos, informa\u00e7\u00f5es e dicas da cidade de Belo Horizonte e regi\u00e3o","inLanguage":"pt-BR","publisher":{"@id":"https:\/\/www.encontrabelohorizonte.com.br\/sobre\/#organization"}}]},"og:locale":"pt_BR","og:site_name":"Encontra Belo Horizonte | Not\u00edcias, eventos, informa\u00e7\u00f5es e dicas da cidade de Belo Horizonte e regi\u00e3o","og:type":"article","og:title":"Padarias da Regi\u00e3o Metropolitana de Belo Horizonte participam de festival | Encontra Belo Horizonte","og:description":"Cerca de 70 padarias da Regi\u00e3o Metropolitana de Belo Horizonte participam do Festival P\u00e3es e Quitandas de Minas, que vai premiar a melhor receita preparada com polvilho e queijo Minas. O evento \u00e9 uma forma de valorizar os produtos artesanais produzidos no setor de panifica\u00e7\u00e3o e confeitaria da Grande BH. O projeto realizado pelo Sindicato","og:url":"https:\/\/www.encontrabelohorizonte.com.br\/sobre\/padarias-da-regiao-metropolitana-de-belo-horizonte-participam-de-festival\/","article:published_time":"2012-09-26T06:00:19+00:00","article:modified_time":"2019-04-12T18:36:29+00:00","twitter:card":"summary","twitter:title":"Padarias da Regi\u00e3o Metropolitana de Belo Horizonte participam de festival | Encontra Belo Horizonte","twitter:description":"Cerca de 70 padarias da Regi\u00e3o Metropolitana de Belo Horizonte participam do Festival P\u00e3es e Quitandas de Minas, que vai premiar a melhor receita preparada com polvilho e queijo Minas. O evento \u00e9 uma forma de valorizar os produtos artesanais produzidos no setor de panifica\u00e7\u00e3o e confeitaria da Grande BH. O projeto realizado pelo Sindicato"},"aioseo_meta_data":{"post_id":"570","title":null,"description":null,"keywords":null,"keyphrases":null,"primary_term":null,"canonical_url":null,"og_title":null,"og_description":null,"og_object_type":"default","og_image_type":"default","og_image_url":null,"og_image_width":null,"og_image_height":null,"og_image_custom_url":null,"og_image_custom_fields":null,"og_video":null,"og_custom_url":null,"og_article_section":null,"og_article_tags":null,"twitter_use_og":false,"twitter_card":"default","twitter_image_type":"default","twitter_image_url":null,"twitter_image_custom_url":null,"twitter_image_custom_fields":null,"twitter_title":null,"twitter_description":null,"schema":{"blockGraphs":[],"customGraphs":[],"default":{"data":{"Article":[],"Course":[],"Dataset":[],"FAQPage":[],"Movie":[],"Person":[],"Product":[],"ProductReview":[],"Car":[],"Recipe":[],"Service":[],"SoftwareApplication":[],"WebPage":[]},"graphName":"Article","isEnabled":true},"graphs":[]},"schema_type":null,"schema_type_options":null,"pillar_content":false,"robots_default":true,"robots_noindex":false,"robots_noarchive":false,"robots_nosnippet":false,"robots_nofollow":false,"robots_noimageindex":false,"robots_noodp":false,"robots_notranslate":false,"robots_max_snippet":null,"robots_max_videopreview":null,"robots_max_imagepreview":"large","priority":null,"frequency":null,"local_seo":null,"breadcrumb_settings":null,"limit_modified_date":false,"ai":null,"created":"2022-01-19 01:29:28","updated":"2025-09-27 02:48:54","focus_keyword":null,"additional_keywords":null,"truseo_locale":null,"seo_analyzer_scan_date":null},"aioseo_breadcrumb":"<div class=\"aioseo-breadcrumbs\"><span class=\"aioseo-breadcrumb\">\n\t\t\t<a href=\"https:\/\/www.encontrabelohorizonte.com.br\/sobre\" title=\"In\u00edcio\">In\u00edcio<\/a>\n\t\t<\/span><span class=\"aioseo-breadcrumb-separator\">&raquo;<\/span><span class=\"aioseo-breadcrumb\">\n\t\t\t<a href=\"https:\/\/www.encontrabelohorizonte.com.br\/sobre\/noticias\/\" title=\"Not\u00edcias Belo Horizonte\">Not\u00edcias Belo Horizonte<\/a>\n\t\t<\/span><span class=\"aioseo-breadcrumb-separator\">&raquo;<\/span><span class=\"aioseo-breadcrumb\">\n\t\t\tPadarias da Regi\u00e3o Metropolitana de Belo Horizonte participam de festival\n\t\t<\/span><\/div>","aioseo_breadcrumb_json":[{"label":"In\u00edcio","link":"https:\/\/www.encontrabelohorizonte.com.br\/sobre"},{"label":"Not\u00edcias Belo Horizonte","link":"https:\/\/www.encontrabelohorizonte.com.br\/sobre\/noticias\/"},{"label":"Padarias da Regi\u00e3o Metropolitana de Belo Horizonte participam de festival","link":"https:\/\/www.encontrabelohorizonte.com.br\/sobre\/padarias-da-regiao-metropolitana-de-belo-horizonte-participam-de-festival\/"}],"_links":{"self":[{"href":"https:\/\/www.encontrabelohorizonte.com.br\/sobre\/wp-json\/wp\/v2\/posts\/570","targetHints":{"allow":["GET"]}}],"collection":[{"href":"https:\/\/www.encontrabelohorizonte.com.br\/sobre\/wp-json\/wp\/v2\/posts"}],"about":[{"href":"https:\/\/www.encontrabelohorizonte.com.br\/sobre\/wp-json\/wp\/v2\/types\/post"}],"author":[{"embeddable":true,"href":"https:\/\/www.encontrabelohorizonte.com.br\/sobre\/wp-json\/wp\/v2\/users\/1"}],"replies":[{"embeddable":true,"href":"https:\/\/www.encontrabelohorizonte.com.br\/sobre\/wp-json\/wp\/v2\/comments?post=570"}],"version-history":[{"count":0,"href":"https:\/\/www.encontrabelohorizonte.com.br\/sobre\/wp-json\/wp\/v2\/posts\/570\/revisions"}],"wp:attachment":[{"href":"https:\/\/www.encontrabelohorizonte.com.br\/sobre\/wp-json\/wp\/v2\/media?parent=570"}],"wp:term":[{"taxonomy":"category","embeddable":true,"href":"https:\/\/www.encontrabelohorizonte.com.br\/sobre\/wp-json\/wp\/v2\/categories?post=570"},{"taxonomy":"post_tag","embeddable":true,"href":"https:\/\/www.encontrabelohorizonte.com.br\/sobre\/wp-json\/wp\/v2\/tags?post=570"}],"curies":[{"name":"wp","href":"https:\/\/api.w.org\/{rel}","templated":true}]}}