{"id":579,"date":"2012-09-28T06:00:41","date_gmt":"2012-09-28T06:00:41","guid":{"rendered":"http:\/\/www.encontrabelohorizonte.com.br\/noticias\/?p=579"},"modified":"2019-04-12T18:36:29","modified_gmt":"2019-04-12T18:36:29","slug":"avioes-da-gol-passam-por-reforma-em-aeroporto-de-belo-horizonte","status":"publish","type":"post","link":"https:\/\/www.encontrabelohorizonte.com.br\/sobre\/avioes-da-gol-passam-por-reforma-em-aeroporto-de-belo-horizonte\/","title":{"rendered":"Avi\u00f5es da Gol passam por reforma em aeroporto de Belo Horizonte"},"content":{"rendered":"<div class=\"2e083cf0b19e2c11948dc6ac054ba979\" data-index=\"1\" style=\"float: none; margin:0px;\">\n<!-- Anuncio display - global -->\r\n<ins class=\"adsbygoogle\"\r\n     style=\"display:block\"\r\n     data-ad-client=\"ca-pub-8585364105181520\"\r\n     data-ad-slot=\"8789329856\"\r\n     data-ad-format=\"auto\"\r\n     data-full-width-responsive=\"true\"><\/ins>\r\n<script>\r\n     (adsbygoogle = window.adsbygoogle || []).push({});\r\n<\/script>\n<\/div>\n<p>Os avi\u00f5es da Gol v\u00e3o ter as turbinas pintadas de laranja e o primeiro j\u00e1 est\u00e1 quase pronto no centro de manuten\u00e7\u00e3o da empresa do aeroporto de Confins, em\u00a0Belo Horizonte. \u00c9 nos quatro hangares, localizados em uma \u00e1rea de 120 mil m\u00b2, que \u00e9 feito o \u201cbanho de loja\u201d \u2013 as tarefas de manuten\u00e7\u00e3o estrutural das aeronaves, que s\u00e3o as mais complexas e longas, como troca de fuselagem, banheiros, assentos, freios, pneus e pintura dos avi\u00f5es.<\/p>\n<p>\u201cGrande parte (da manuten\u00e7\u00e3o estrutural), talvez mais de 95%, \u00e9 feita em Confins por conta da infraestrutura. H\u00e1 uma s\u00e9rie de restri\u00e7\u00f5es que muitas vezes inviabiliza mandar um avi\u00e3o para Congonhas\u201d, diz o gerente geral de manuten\u00e7\u00e3o do hangar da\u00a0Gol, Carlos Alberto Costa, se referindo \u00e0 outra base de manuten\u00e7\u00e3o de infraestrutura, na cidade de S\u00e3o Paulo. \u201c\u00c9 imposs\u00edvel conseguir um slot para fazer um teste na cabeceira da pista em Congonhas\u201d, diz.<\/p>\n<p>A cada um ano e meio, ou 5 mil horas de voo, os avi\u00f5es param por cerca de 11 dias para uma avalia\u00e7\u00e3o estrutural no centro. \u201cQuando voc\u00ea para um avi\u00e3o num hangar, tem acesso a \u00e1reas que geralmente n\u00e3o tem, remove assentos, ch\u00e3o, piso, banheiro\u201d, explica Costa. Muitas vezes n\u00e3o se trata de atividades complexas, mas geralmente s\u00e3o trabalhosas porque quase desmontam a aeronave.<\/p>\n<p>Com capacidade para fazer a manuten\u00e7\u00e3o de seis avi\u00f5es ao mesmo tempo, com as portas fechadas, o centro de manuten\u00e7\u00e3o de Confins deve ser ampliado. \u201cCom isso poder\u00edamos prestar servi\u00e7o para outras empresas\u201d, diz Costa.<\/p>\n<p>No total, cerca de 2.700 funcion\u00e1rios da \u00e1rea de manuten\u00e7\u00e3o da Gol realizam mais de 8 mil tarefas de manuten\u00e7\u00e3o por m\u00eas. Em Confins, 750 funcion\u00e1rios fazem a parte pesada, que exige equipamento espec\u00edfico e mais tempo, e representa 30% do n\u00famero de tarefas de manuten\u00e7\u00e3o dos avi\u00f5es da Gol. Os 70% restantes s\u00e3o mais simples e r\u00e1pidas, que acabam sendo feitas \u201cna linha\u201d, em paradas r\u00e1pidas em outros aeroportos do pa\u00eds.<\/p>\n<p><em>Fonte: G1<\/em><\/p>\n\n<div style=\"font-size: 0px; height: 0px; line-height: 0px; margin: 0; padding: 0; clear: both;\"><\/div>","protected":false},"excerpt":{"rendered":"<p>Os avi\u00f5es da Gol v\u00e3o ter as turbinas pintadas de laranja e o primeiro j\u00e1 est\u00e1 quase pronto no centro de manuten\u00e7\u00e3o da empresa do aeroporto de Confins, em\u00a0Belo Horizonte. \u00c9 nos quatro hangares, localizados em uma \u00e1rea de 120 mil m\u00b2, que \u00e9 feito o \u201cbanho de loja\u201d \u2013 as tarefas de manuten\u00e7\u00e3o estrutural das aeronaves, que s\u00e3o as mais complexas e longas, como troca de fuselagem, banheiros, assentos, freios, pneus e pintura dos avi\u00f5es. \u201cGrande parte (da manuten\u00e7\u00e3o estrutural), talvez mais de 95%, \u00e9 feita em Confins por conta da infraestrutura. H\u00e1 uma s\u00e9rie de restri\u00e7\u00f5es que muitas <\/p>\n","protected":false},"author":1,"featured_media":0,"comment_status":"open","ping_status":"closed","sticky":false,"template":"","format":"standard","meta":{"footnotes":""},"categories":[6],"tags":[15],"class_list":["post-579","post","type-post","status-publish","format-standard","hentry","category-noticias","tag-belo-horizonte"],"aioseo_notices":[],"aioseo_head":"\n\t\t<!-- All in One SEO 5.0.0.1 - aioseo.com -->\n\t<meta name=\"description\" content=\"Os avi\u00f5es da Gol v\u00e3o ter as turbinas pintadas de laranja e o primeiro j\u00e1 est\u00e1 quase pronto no centro de manuten\u00e7\u00e3o da empresa do aeroporto de Confins, em Belo Horizonte. \u00c9 nos quatro hangares, localizados em uma \u00e1rea de 120 mil m\u00b2, que \u00e9 feito o \u201cbanho de loja\u201d \u2013 as tarefas de manuten\u00e7\u00e3o estrutural\" \/>\n\t<meta name=\"robots\" content=\"max-image-preview:large\" \/>\n\t<meta name=\"author\" content=\"Encontra Belo Horizonte\"\/>\n\t<link rel=\"canonical\" href=\"https:\/\/www.encontrabelohorizonte.com.br\/sobre\/avioes-da-gol-passam-por-reforma-em-aeroporto-de-belo-horizonte\/\" \/>\n\t<meta name=\"generator\" content=\"All in One SEO (AIOSEO) 5.0.0.1\" \/>\n\t\t<meta property=\"og:locale\" content=\"pt_BR\" \/>\n\t\t<meta property=\"og:site_name\" content=\"Encontra Belo Horizonte | Not\u00edcias, eventos, informa\u00e7\u00f5es e dicas da cidade de Belo Horizonte e regi\u00e3o\" \/>\n\t\t<meta property=\"og:type\" content=\"article\" \/>\n\t\t<meta property=\"og:title\" content=\"Avi\u00f5es da Gol passam por reforma em aeroporto de Belo Horizonte | Encontra Belo Horizonte\" \/>\n\t\t<meta property=\"og:description\" content=\"Os avi\u00f5es da Gol v\u00e3o ter as turbinas pintadas de laranja e o primeiro j\u00e1 est\u00e1 quase pronto no centro de manuten\u00e7\u00e3o da empresa do aeroporto de Confins, em Belo Horizonte. \u00c9 nos quatro hangares, localizados em uma \u00e1rea de 120 mil m\u00b2, que \u00e9 feito o \u201cbanho de loja\u201d \u2013 as tarefas de manuten\u00e7\u00e3o estrutural\" \/>\n\t\t<meta property=\"og:url\" content=\"https:\/\/www.encontrabelohorizonte.com.br\/sobre\/avioes-da-gol-passam-por-reforma-em-aeroporto-de-belo-horizonte\/\" \/>\n\t\t<meta property=\"article:published_time\" content=\"2012-09-28T06:00:41+00:00\" \/>\n\t\t<meta property=\"article:modified_time\" content=\"2019-04-12T18:36:29+00:00\" \/>\n\t\t<meta name=\"twitter:card\" content=\"summary\" \/>\n\t\t<meta name=\"twitter:title\" content=\"Avi\u00f5es da Gol passam por reforma em aeroporto de Belo Horizonte | Encontra Belo Horizonte\" \/>\n\t\t<meta name=\"twitter:description\" content=\"Os avi\u00f5es da Gol v\u00e3o ter as turbinas pintadas de laranja e o primeiro j\u00e1 est\u00e1 quase pronto no centro de manuten\u00e7\u00e3o da empresa do aeroporto de Confins, em Belo Horizonte. \u00c9 nos quatro hangares, localizados em uma \u00e1rea de 120 mil m\u00b2, que \u00e9 feito o \u201cbanho de loja\u201d \u2013 as tarefas de manuten\u00e7\u00e3o estrutural\" \/>\n\t\t<script type=\"application\/ld+json\" class=\"aioseo-schema\">\n\t\t\t{\"@context\":\"https:\\\/\\\/schema.org\",\"@graph\":[{\"@type\":\"Article\",\"@id\":\"https:\\\/\\\/www.encontrabelohorizonte.com.br\\\/sobre\\\/avioes-da-gol-passam-por-reforma-em-aeroporto-de-belo-horizonte\\\/#article\",\"name\":\"Avi\\u00f5es da Gol passam por reforma em aeroporto de Belo Horizonte | Encontra Belo Horizonte\",\"headline\":\"Avi\\u00f5es da Gol passam por reforma em aeroporto de Belo Horizonte\",\"author\":{\"@id\":\"https:\\\/\\\/www.encontrabelohorizonte.com.br\\\/sobre\\\/author\\\/ebelohorizonte\\\/#author\"},\"publisher\":{\"@id\":\"https:\\\/\\\/www.encontrabelohorizonte.com.br\\\/sobre\\\/#organization\"},\"datePublished\":\"2012-09-28T06:00:41-03:00\",\"dateModified\":\"2019-04-12T18:36:29-03:00\",\"inLanguage\":\"pt-BR\",\"mainEntityOfPage\":{\"@id\":\"https:\\\/\\\/www.encontrabelohorizonte.com.br\\\/sobre\\\/avioes-da-gol-passam-por-reforma-em-aeroporto-de-belo-horizonte\\\/#webpage\"},\"isPartOf\":{\"@id\":\"https:\\\/\\\/www.encontrabelohorizonte.com.br\\\/sobre\\\/avioes-da-gol-passam-por-reforma-em-aeroporto-de-belo-horizonte\\\/#webpage\"},\"articleSection\":\"Not\\u00edcias Belo Horizonte, Belo Horizonte\"},{\"@type\":\"BreadcrumbList\",\"@id\":\"https:\\\/\\\/www.encontrabelohorizonte.com.br\\\/sobre\\\/avioes-da-gol-passam-por-reforma-em-aeroporto-de-belo-horizonte\\\/#breadcrumblist\",\"itemListElement\":[{\"@type\":\"ListItem\",\"@id\":\"https:\\\/\\\/www.encontrabelohorizonte.com.br\\\/sobre#listItem\",\"position\":1,\"name\":\"In\\u00edcio\",\"item\":\"https:\\\/\\\/www.encontrabelohorizonte.com.br\\\/sobre\",\"nextItem\":{\"@type\":\"ListItem\",\"@id\":\"https:\\\/\\\/www.encontrabelohorizonte.com.br\\\/sobre\\\/noticias\\\/#listItem\",\"name\":\"Not\\u00edcias Belo Horizonte\"}},{\"@type\":\"ListItem\",\"@id\":\"https:\\\/\\\/www.encontrabelohorizonte.com.br\\\/sobre\\\/noticias\\\/#listItem\",\"position\":2,\"name\":\"Not\\u00edcias Belo Horizonte\",\"item\":\"https:\\\/\\\/www.encontrabelohorizonte.com.br\\\/sobre\\\/noticias\\\/\",\"nextItem\":{\"@type\":\"ListItem\",\"@id\":\"https:\\\/\\\/www.encontrabelohorizonte.com.br\\\/sobre\\\/avioes-da-gol-passam-por-reforma-em-aeroporto-de-belo-horizonte\\\/#listItem\",\"name\":\"Avi\\u00f5es da Gol passam por reforma em aeroporto de Belo Horizonte\"},\"previousItem\":{\"@type\":\"ListItem\",\"@id\":\"https:\\\/\\\/www.encontrabelohorizonte.com.br\\\/sobre#listItem\",\"name\":\"In\\u00edcio\"}},{\"@type\":\"ListItem\",\"@id\":\"https:\\\/\\\/www.encontrabelohorizonte.com.br\\\/sobre\\\/avioes-da-gol-passam-por-reforma-em-aeroporto-de-belo-horizonte\\\/#listItem\",\"position\":3,\"name\":\"Avi\\u00f5es da Gol passam por reforma em aeroporto de Belo Horizonte\",\"previousItem\":{\"@type\":\"ListItem\",\"@id\":\"https:\\\/\\\/www.encontrabelohorizonte.com.br\\\/sobre\\\/noticias\\\/#listItem\",\"name\":\"Not\\u00edcias Belo Horizonte\"}}]},{\"@type\":\"Organization\",\"@id\":\"https:\\\/\\\/www.encontrabelohorizonte.com.br\\\/sobre\\\/#organization\",\"name\":\"Encontra Belo Horizonte\",\"description\":\"Not\\u00edcias, eventos, informa\\u00e7\\u00f5es e dicas da cidade de Belo Horizonte e regi\\u00e3o\",\"url\":\"https:\\\/\\\/www.encontrabelohorizonte.com.br\\\/sobre\\\/\"},{\"@type\":\"Person\",\"@id\":\"https:\\\/\\\/www.encontrabelohorizonte.com.br\\\/sobre\\\/author\\\/ebelohorizonte\\\/#author\",\"url\":\"https:\\\/\\\/www.encontrabelohorizonte.com.br\\\/sobre\\\/author\\\/ebelohorizonte\\\/\",\"name\":\"Encontra Belo Horizonte\",\"image\":{\"@type\":\"ImageObject\",\"@id\":\"https:\\\/\\\/www.encontrabelohorizonte.com.br\\\/sobre\\\/avioes-da-gol-passam-por-reforma-em-aeroporto-de-belo-horizonte\\\/#authorImage\",\"url\":\"https:\\\/\\\/secure.gravatar.com\\\/avatar\\\/507340682b8270222e1f208e23198b6ae7e2c6a1033ae84e99bc6bce4f82a387?s=96&d=mm&r=g\",\"width\":96,\"height\":96,\"caption\":\"Encontra Belo Horizonte\"}},{\"@type\":\"WebPage\",\"@id\":\"https:\\\/\\\/www.encontrabelohorizonte.com.br\\\/sobre\\\/avioes-da-gol-passam-por-reforma-em-aeroporto-de-belo-horizonte\\\/#webpage\",\"url\":\"https:\\\/\\\/www.encontrabelohorizonte.com.br\\\/sobre\\\/avioes-da-gol-passam-por-reforma-em-aeroporto-de-belo-horizonte\\\/\",\"name\":\"Avi\\u00f5es da Gol passam por reforma em aeroporto de Belo Horizonte | Encontra Belo Horizonte\",\"description\":\"Os avi\\u00f5es da Gol v\\u00e3o ter as turbinas pintadas de laranja e o primeiro j\\u00e1 est\\u00e1 quase pronto no centro de manuten\\u00e7\\u00e3o da empresa do aeroporto de Confins, em Belo Horizonte. \\u00c9 nos quatro hangares, localizados em uma \\u00e1rea de 120 mil m\\u00b2, que \\u00e9 feito o \\u201cbanho de loja\\u201d \\u2013 as tarefas de manuten\\u00e7\\u00e3o estrutural\",\"inLanguage\":\"pt-BR\",\"isPartOf\":{\"@id\":\"https:\\\/\\\/www.encontrabelohorizonte.com.br\\\/sobre\\\/#website\"},\"breadcrumb\":{\"@id\":\"https:\\\/\\\/www.encontrabelohorizonte.com.br\\\/sobre\\\/avioes-da-gol-passam-por-reforma-em-aeroporto-de-belo-horizonte\\\/#breadcrumblist\"},\"author\":{\"@id\":\"https:\\\/\\\/www.encontrabelohorizonte.com.br\\\/sobre\\\/author\\\/ebelohorizonte\\\/#author\"},\"creator\":{\"@id\":\"https:\\\/\\\/www.encontrabelohorizonte.com.br\\\/sobre\\\/author\\\/ebelohorizonte\\\/#author\"},\"datePublished\":\"2012-09-28T06:00:41-03:00\",\"dateModified\":\"2019-04-12T18:36:29-03:00\"},{\"@type\":\"WebSite\",\"@id\":\"https:\\\/\\\/www.encontrabelohorizonte.com.br\\\/sobre\\\/#website\",\"url\":\"https:\\\/\\\/www.encontrabelohorizonte.com.br\\\/sobre\\\/\",\"name\":\"Encontra Belo Horizonte\",\"description\":\"Not\\u00edcias, eventos, informa\\u00e7\\u00f5es e dicas da cidade de Belo Horizonte e regi\\u00e3o\",\"inLanguage\":\"pt-BR\",\"publisher\":{\"@id\":\"https:\\\/\\\/www.encontrabelohorizonte.com.br\\\/sobre\\\/#organization\"}}]}\n\t\t<\/script>\n\t\t<!-- All in One SEO -->\n\n","aioseo_head_json":{"title":"Avi\u00f5es da Gol passam por reforma em aeroporto de Belo Horizonte | Encontra Belo Horizonte","description":"Os avi\u00f5es da Gol v\u00e3o ter as turbinas pintadas de laranja e o primeiro j\u00e1 est\u00e1 quase pronto no centro de manuten\u00e7\u00e3o da empresa do aeroporto de Confins, em Belo Horizonte. \u00c9 nos quatro hangares, localizados em uma \u00e1rea de 120 mil m\u00b2, que \u00e9 feito o \u201cbanho de loja\u201d \u2013 as tarefas de manuten\u00e7\u00e3o estrutural","canonical_url":"https:\/\/www.encontrabelohorizonte.com.br\/sobre\/avioes-da-gol-passam-por-reforma-em-aeroporto-de-belo-horizonte\/","robots":"max-image-preview:large","keywords":"","webmasterTools":{"miscellaneous":""},"schema":{"@context":"https:\/\/schema.org","@graph":[{"@type":"Article","@id":"https:\/\/www.encontrabelohorizonte.com.br\/sobre\/avioes-da-gol-passam-por-reforma-em-aeroporto-de-belo-horizonte\/#article","name":"Avi\u00f5es da Gol passam por reforma em aeroporto de Belo Horizonte | Encontra Belo Horizonte","headline":"Avi\u00f5es da Gol passam por reforma em aeroporto de Belo Horizonte","author":{"@id":"https:\/\/www.encontrabelohorizonte.com.br\/sobre\/author\/ebelohorizonte\/#author"},"publisher":{"@id":"https:\/\/www.encontrabelohorizonte.com.br\/sobre\/#organization"},"datePublished":"2012-09-28T06:00:41-03:00","dateModified":"2019-04-12T18:36:29-03:00","inLanguage":"pt-BR","mainEntityOfPage":{"@id":"https:\/\/www.encontrabelohorizonte.com.br\/sobre\/avioes-da-gol-passam-por-reforma-em-aeroporto-de-belo-horizonte\/#webpage"},"isPartOf":{"@id":"https:\/\/www.encontrabelohorizonte.com.br\/sobre\/avioes-da-gol-passam-por-reforma-em-aeroporto-de-belo-horizonte\/#webpage"},"articleSection":"Not\u00edcias Belo Horizonte, Belo Horizonte"},{"@type":"BreadcrumbList","@id":"https:\/\/www.encontrabelohorizonte.com.br\/sobre\/avioes-da-gol-passam-por-reforma-em-aeroporto-de-belo-horizonte\/#breadcrumblist","itemListElement":[{"@type":"ListItem","@id":"https:\/\/www.encontrabelohorizonte.com.br\/sobre#listItem","position":1,"name":"In\u00edcio","item":"https:\/\/www.encontrabelohorizonte.com.br\/sobre","nextItem":{"@type":"ListItem","@id":"https:\/\/www.encontrabelohorizonte.com.br\/sobre\/noticias\/#listItem","name":"Not\u00edcias Belo Horizonte"}},{"@type":"ListItem","@id":"https:\/\/www.encontrabelohorizonte.com.br\/sobre\/noticias\/#listItem","position":2,"name":"Not\u00edcias Belo Horizonte","item":"https:\/\/www.encontrabelohorizonte.com.br\/sobre\/noticias\/","nextItem":{"@type":"ListItem","@id":"https:\/\/www.encontrabelohorizonte.com.br\/sobre\/avioes-da-gol-passam-por-reforma-em-aeroporto-de-belo-horizonte\/#listItem","name":"Avi\u00f5es da Gol passam por reforma em aeroporto de Belo Horizonte"},"previousItem":{"@type":"ListItem","@id":"https:\/\/www.encontrabelohorizonte.com.br\/sobre#listItem","name":"In\u00edcio"}},{"@type":"ListItem","@id":"https:\/\/www.encontrabelohorizonte.com.br\/sobre\/avioes-da-gol-passam-por-reforma-em-aeroporto-de-belo-horizonte\/#listItem","position":3,"name":"Avi\u00f5es da Gol passam por reforma em aeroporto de Belo Horizonte","previousItem":{"@type":"ListItem","@id":"https:\/\/www.encontrabelohorizonte.com.br\/sobre\/noticias\/#listItem","name":"Not\u00edcias Belo Horizonte"}}]},{"@type":"Organization","@id":"https:\/\/www.encontrabelohorizonte.com.br\/sobre\/#organization","name":"Encontra Belo Horizonte","description":"Not\u00edcias, eventos, informa\u00e7\u00f5es e dicas da cidade de Belo Horizonte e regi\u00e3o","url":"https:\/\/www.encontrabelohorizonte.com.br\/sobre\/"},{"@type":"Person","@id":"https:\/\/www.encontrabelohorizonte.com.br\/sobre\/author\/ebelohorizonte\/#author","url":"https:\/\/www.encontrabelohorizonte.com.br\/sobre\/author\/ebelohorizonte\/","name":"Encontra Belo Horizonte","image":{"@type":"ImageObject","@id":"https:\/\/www.encontrabelohorizonte.com.br\/sobre\/avioes-da-gol-passam-por-reforma-em-aeroporto-de-belo-horizonte\/#authorImage","url":"https:\/\/secure.gravatar.com\/avatar\/507340682b8270222e1f208e23198b6ae7e2c6a1033ae84e99bc6bce4f82a387?s=96&d=mm&r=g","width":96,"height":96,"caption":"Encontra Belo Horizonte"}},{"@type":"WebPage","@id":"https:\/\/www.encontrabelohorizonte.com.br\/sobre\/avioes-da-gol-passam-por-reforma-em-aeroporto-de-belo-horizonte\/#webpage","url":"https:\/\/www.encontrabelohorizonte.com.br\/sobre\/avioes-da-gol-passam-por-reforma-em-aeroporto-de-belo-horizonte\/","name":"Avi\u00f5es da Gol passam por reforma em aeroporto de Belo Horizonte | Encontra Belo Horizonte","description":"Os avi\u00f5es da Gol v\u00e3o ter as turbinas pintadas de laranja e o primeiro j\u00e1 est\u00e1 quase pronto no centro de manuten\u00e7\u00e3o da empresa do aeroporto de Confins, em Belo Horizonte. \u00c9 nos quatro hangares, localizados em uma \u00e1rea de 120 mil m\u00b2, que \u00e9 feito o \u201cbanho de loja\u201d \u2013 as tarefas de manuten\u00e7\u00e3o estrutural","inLanguage":"pt-BR","isPartOf":{"@id":"https:\/\/www.encontrabelohorizonte.com.br\/sobre\/#website"},"breadcrumb":{"@id":"https:\/\/www.encontrabelohorizonte.com.br\/sobre\/avioes-da-gol-passam-por-reforma-em-aeroporto-de-belo-horizonte\/#breadcrumblist"},"author":{"@id":"https:\/\/www.encontrabelohorizonte.com.br\/sobre\/author\/ebelohorizonte\/#author"},"creator":{"@id":"https:\/\/www.encontrabelohorizonte.com.br\/sobre\/author\/ebelohorizonte\/#author"},"datePublished":"2012-09-28T06:00:41-03:00","dateModified":"2019-04-12T18:36:29-03:00"},{"@type":"WebSite","@id":"https:\/\/www.encontrabelohorizonte.com.br\/sobre\/#website","url":"https:\/\/www.encontrabelohorizonte.com.br\/sobre\/","name":"Encontra Belo Horizonte","description":"Not\u00edcias, eventos, informa\u00e7\u00f5es e dicas da cidade de Belo Horizonte e regi\u00e3o","inLanguage":"pt-BR","publisher":{"@id":"https:\/\/www.encontrabelohorizonte.com.br\/sobre\/#organization"}}]},"og:locale":"pt_BR","og:site_name":"Encontra Belo Horizonte | Not\u00edcias, eventos, informa\u00e7\u00f5es e dicas da cidade de Belo Horizonte e regi\u00e3o","og:type":"article","og:title":"Avi\u00f5es da Gol passam por reforma em aeroporto de Belo Horizonte | Encontra Belo Horizonte","og:description":"Os avi\u00f5es da Gol v\u00e3o ter as turbinas pintadas de laranja e o primeiro j\u00e1 est\u00e1 quase pronto no centro de manuten\u00e7\u00e3o da empresa do aeroporto de Confins, em Belo Horizonte. \u00c9 nos quatro hangares, localizados em uma \u00e1rea de 120 mil m\u00b2, que \u00e9 feito o \u201cbanho de loja\u201d \u2013 as tarefas de manuten\u00e7\u00e3o estrutural","og:url":"https:\/\/www.encontrabelohorizonte.com.br\/sobre\/avioes-da-gol-passam-por-reforma-em-aeroporto-de-belo-horizonte\/","article:published_time":"2012-09-28T06:00:41+00:00","article:modified_time":"2019-04-12T18:36:29+00:00","twitter:card":"summary","twitter:title":"Avi\u00f5es da Gol passam por reforma em aeroporto de Belo Horizonte | Encontra Belo Horizonte","twitter:description":"Os avi\u00f5es da Gol v\u00e3o ter as turbinas pintadas de laranja e o primeiro j\u00e1 est\u00e1 quase pronto no centro de manuten\u00e7\u00e3o da empresa do aeroporto de Confins, em Belo Horizonte. \u00c9 nos quatro hangares, localizados em uma \u00e1rea de 120 mil m\u00b2, que \u00e9 feito o \u201cbanho de loja\u201d \u2013 as tarefas de manuten\u00e7\u00e3o estrutural"},"aioseo_meta_data":{"post_id":"579","title":null,"description":null,"keywords":null,"keyphrases":null,"primary_term":null,"canonical_url":null,"og_title":null,"og_description":null,"og_object_type":"default","og_image_type":"default","og_image_url":null,"og_image_width":null,"og_image_height":null,"og_image_custom_url":null,"og_image_custom_fields":null,"og_video":null,"og_custom_url":null,"og_article_section":null,"og_article_tags":null,"twitter_use_og":false,"twitter_card":"default","twitter_image_type":"default","twitter_image_url":null,"twitter_image_custom_url":null,"twitter_image_custom_fields":null,"twitter_title":null,"twitter_description":null,"schema":{"blockGraphs":[],"customGraphs":[],"default":{"data":{"Article":[],"Course":[],"Dataset":[],"FAQPage":[],"Movie":[],"Person":[],"Product":[],"ProductReview":[],"Car":[],"Recipe":[],"Service":[],"SoftwareApplication":[],"WebPage":[]},"graphName":"Article","isEnabled":true},"graphs":[]},"schema_type":null,"schema_type_options":null,"pillar_content":false,"robots_default":true,"robots_noindex":false,"robots_noarchive":false,"robots_nosnippet":false,"robots_nofollow":false,"robots_noimageindex":false,"robots_noodp":false,"robots_notranslate":false,"robots_max_snippet":null,"robots_max_videopreview":null,"robots_max_imagepreview":"large","priority":null,"frequency":null,"local_seo":null,"breadcrumb_settings":null,"limit_modified_date":false,"ai":null,"created":"2022-01-19 01:29:28","updated":"2025-09-27 02:49:56","focus_keyword":null,"additional_keywords":null,"truseo_locale":null,"seo_analyzer_scan_date":null},"aioseo_breadcrumb":"<div class=\"aioseo-breadcrumbs\"><span class=\"aioseo-breadcrumb\">\n\t\t\t<a href=\"https:\/\/www.encontrabelohorizonte.com.br\/sobre\" title=\"In\u00edcio\">In\u00edcio<\/a>\n\t\t<\/span><span class=\"aioseo-breadcrumb-separator\">&raquo;<\/span><span class=\"aioseo-breadcrumb\">\n\t\t\t<a href=\"https:\/\/www.encontrabelohorizonte.com.br\/sobre\/noticias\/\" title=\"Not\u00edcias Belo Horizonte\">Not\u00edcias Belo Horizonte<\/a>\n\t\t<\/span><span class=\"aioseo-breadcrumb-separator\">&raquo;<\/span><span class=\"aioseo-breadcrumb\">\n\t\t\tAvi\u00f5es da Gol passam por reforma em aeroporto de Belo Horizonte\n\t\t<\/span><\/div>","aioseo_breadcrumb_json":[{"label":"In\u00edcio","link":"https:\/\/www.encontrabelohorizonte.com.br\/sobre"},{"label":"Not\u00edcias Belo Horizonte","link":"https:\/\/www.encontrabelohorizonte.com.br\/sobre\/noticias\/"},{"label":"Avi\u00f5es da Gol passam por reforma em aeroporto de Belo Horizonte","link":"https:\/\/www.encontrabelohorizonte.com.br\/sobre\/avioes-da-gol-passam-por-reforma-em-aeroporto-de-belo-horizonte\/"}],"_links":{"self":[{"href":"https:\/\/www.encontrabelohorizonte.com.br\/sobre\/wp-json\/wp\/v2\/posts\/579","targetHints":{"allow":["GET"]}}],"collection":[{"href":"https:\/\/www.encontrabelohorizonte.com.br\/sobre\/wp-json\/wp\/v2\/posts"}],"about":[{"href":"https:\/\/www.encontrabelohorizonte.com.br\/sobre\/wp-json\/wp\/v2\/types\/post"}],"author":[{"embeddable":true,"href":"https:\/\/www.encontrabelohorizonte.com.br\/sobre\/wp-json\/wp\/v2\/users\/1"}],"replies":[{"embeddable":true,"href":"https:\/\/www.encontrabelohorizonte.com.br\/sobre\/wp-json\/wp\/v2\/comments?post=579"}],"version-history":[{"count":0,"href":"https:\/\/www.encontrabelohorizonte.com.br\/sobre\/wp-json\/wp\/v2\/posts\/579\/revisions"}],"wp:attachment":[{"href":"https:\/\/www.encontrabelohorizonte.com.br\/sobre\/wp-json\/wp\/v2\/media?parent=579"}],"wp:term":[{"taxonomy":"category","embeddable":true,"href":"https:\/\/www.encontrabelohorizonte.com.br\/sobre\/wp-json\/wp\/v2\/categories?post=579"},{"taxonomy":"post_tag","embeddable":true,"href":"https:\/\/www.encontrabelohorizonte.com.br\/sobre\/wp-json\/wp\/v2\/tags?post=579"}],"curies":[{"name":"wp","href":"https:\/\/api.w.org\/{rel}","templated":true}]}}