{"id":597,"date":"2012-10-05T05:00:30","date_gmt":"2012-10-05T05:00:30","guid":{"rendered":"http:\/\/www.encontrabelohorizonte.com.br\/noticias\/?p=597"},"modified":"2019-04-12T18:36:28","modified_gmt":"2019-04-12T18:36:28","slug":"mostra-cinebh-ocupa-espacos-de-belo-horizonte-a-partir-de-18-de-outubro","status":"publish","type":"post","link":"https:\/\/www.encontrabelohorizonte.com.br\/sobre\/mostra-cinebh-ocupa-espacos-de-belo-horizonte-a-partir-de-18-de-outubro\/","title":{"rendered":"Mostra CineBH ocupa espa\u00e7os de Belo Horizonte a partir de 18 de outubro"},"content":{"rendered":"<div class=\"2e083cf0b19e2c11948dc6ac054ba979\" data-index=\"1\" style=\"float: none; margin:0px;\">\n<!-- Anuncio display - global -->\r\n<ins class=\"adsbygoogle\"\r\n     style=\"display:block\"\r\n     data-ad-client=\"ca-pub-8585364105181520\"\r\n     data-ad-slot=\"8789329856\"\r\n     data-ad-format=\"auto\"\r\n     data-full-width-responsive=\"true\"><\/ins>\r\n<script>\r\n     (adsbygoogle = window.adsbygoogle || []).push({});\r\n<\/script>\n<\/div>\n<div>Expans\u00e3o \u00e9 a palavra adequada para descrever a sexta edi\u00e7\u00e3o da Mostra Cine BH. O evento, que come\u00e7ou restrito ao circuito da Pra\u00e7a de Santa Tereza, chegar\u00e1, entre os dias 18 e 23 \u00e0s salas do Usiminas Belas Artes, Sesc Palladium, Cine Humberto Mauro e Inhotim, al\u00e9m de marcar presen\u00e7a em cinco espa\u00e7os do Circuito Cultural Pra\u00e7a da Liberdade.<\/div>\n<div><\/div>\n<div>Como de praxe, toda a programa\u00e7\u00e3o ter\u00e1 entrada franca. \u201cEstamos crescendo, mas atentos para n\u00e3o perder o conceito e o perfil. A Mostra Cine BH \u00e9 um evento de capital, que tamb\u00e9m tem o objetivo de ampliar a contextualiza\u00e7\u00e3o do mercado da coprodu\u00e7\u00e3o e do di\u00e1logo entre os pa\u00edses\u201d, destaca a coordenadora do evento, Raquel Hallak.<\/div>\n<div><\/div>\n<div>Al\u00e9m das homenagens aos 10 anos de produ\u00e7\u00e3o da Teia, com exibi\u00e7\u00e3o de filmes, cineconcerto e lan\u00e7amento de\u00a0livro, est\u00e3o previstas oito mostras tem\u00e1ticas. O destaque vai para as retrospectivas dedicadas ao cineasta mexicano Nicolas Pereda e ao diretor franc\u00eas Leos Carax.<\/div>\n<div><\/div>\n<div>\u201cCarax \u00e9 muito cultuado na Fran\u00e7a, e conseguimos montar a grade com todos os seus filmes em 35 mil\u00edmetros. A presen\u00e7a do Nicolas Pereda \u00e9 para contrapor. Esse jovem cineasta, de apenas 28 anos, fez sete filmes. Queremos estimular o di\u00e1logo entre os realizadores brasileiros com estrangeiros\u201d, diz Raquel. Pereda vir\u00e1 a\u00a0Belo Horizonte participar de debates.<\/div>\n<div><\/div>\n<div>IN\u00c9DITOS<\/p>\n<p>Cine BH exibir\u00e1 126 filmes, 25 a mais que a edi\u00e7\u00e3o do ano passado. A Mostra Contempor\u00e2nea, com curadoria de Pedro Butcher e C\u00e1ssio Starling Carlos, ser\u00e1 a primeira oportunidade de ver longas que ainda n\u00e3o chegaram ao circuito comercial. Fazem parte dela, por exemplo,\u00a0<em>A hora e a vez de Augusto Matraga<\/em>, de Vinicius Coimbra;\u00a0<em>O que se move,<\/em> de Caetano Gotardo;\u00a0<em>Em nome de Deus,<\/em> de Brillante Mendonza (Fran\u00e7a\/Filipinas), que concorreu ao Festival de Berlim; e\u00a0<em>Holy motors<\/em>, de Leos Carax. O longa chega ao Brasil depois da estreia no Festival de Cannes.<\/div>\n<div><\/div>\n<div>COPRODU\u00c7\u00c3O<\/div>\n<div>\nA Mostra Cine BH \u00e9 realizada pela Universo Produ\u00e7\u00e3o, que tamb\u00e9m organiza a Mostra de Cinema de Tiradentes e a Cineop, em Ouro Preto. A diferen\u00e7a do evento realizado na capital \u00e9 o espa\u00e7o dedicado \u00e0s negocia\u00e7\u00f5es por meio do Brasil Cine Mundi. Trata-se de um encontro que visa fomentar parcerias entre realizadores brasileiros e produtores internacionais.<\/div>\n<div><\/div>\n<div>Dez projetos de longa-metragens em fase de roteiro ou pr\u00e9-produ\u00e7\u00e3o previamente selecionados ter\u00e3o a oportunidade de buscar o apoio de institui\u00e7\u00f5es estrangeiras. Entre os convidados est\u00e3o Isabelle Huige, diretora de programa\u00e7\u00e3o da Arte France; Thierry Lenouvel, representante do fundo franc\u00eas de financiamento de Amiens; e Gudula Meinzolt, do festival su\u00ed\u00e7o Visions du R\u00e9el. Produtores e realizadores da Fran\u00e7a Alemanha, Holanda, Espanha, M\u00e9xico, Su\u00ed\u00e7a, Chile, Col\u00f4mbia, Argentina, EUA e Portugal tamb\u00e9m s\u00e3o esperados.<\/div>\n<p><em>Fonte: Uai.com.br<\/em><\/p>\n\n<div style=\"font-size: 0px; height: 0px; line-height: 0px; margin: 0; padding: 0; clear: both;\"><\/div>","protected":false},"excerpt":{"rendered":"<p>Expans\u00e3o \u00e9 a palavra adequada para descrever a sexta edi\u00e7\u00e3o da Mostra Cine BH. O evento, que come\u00e7ou restrito ao circuito da Pra\u00e7a de Santa Tereza, chegar\u00e1, entre os dias 18 e 23 \u00e0s salas do Usiminas Belas Artes, Sesc Palladium, Cine Humberto Mauro e Inhotim, al\u00e9m de marcar presen\u00e7a em cinco espa\u00e7os do Circuito Cultural Pra\u00e7a da Liberdade. Como de praxe, toda a programa\u00e7\u00e3o ter\u00e1 entrada franca. \u201cEstamos crescendo, mas atentos para n\u00e3o perder o conceito e o perfil. A Mostra Cine BH \u00e9 um evento de capital, que tamb\u00e9m tem o objetivo de ampliar a contextualiza\u00e7\u00e3o do mercado <\/p>\n","protected":false},"author":1,"featured_media":0,"comment_status":"open","ping_status":"closed","sticky":false,"template":"","format":"standard","meta":{"footnotes":""},"categories":[6],"tags":[15],"class_list":["post-597","post","type-post","status-publish","format-standard","hentry","category-noticias","tag-belo-horizonte"],"aioseo_notices":[],"aioseo_head":"\n\t\t<!-- All in One SEO 5.0.0.1 - aioseo.com -->\n\t<meta name=\"description\" content=\"Expans\u00e3o \u00e9 a palavra adequada para descrever a sexta edi\u00e7\u00e3o da Mostra Cine BH. O evento, que come\u00e7ou restrito ao circuito da Pra\u00e7a de Santa Tereza, chegar\u00e1, entre os dias 18 e 23 \u00e0s salas do Usiminas Belas Artes, Sesc Palladium, Cine Humberto Mauro e Inhotim, al\u00e9m de marcar presen\u00e7a em cinco espa\u00e7os do Circuito\" \/>\n\t<meta name=\"robots\" content=\"max-image-preview:large\" \/>\n\t<meta name=\"author\" content=\"Encontra Belo Horizonte\"\/>\n\t<link rel=\"canonical\" href=\"https:\/\/www.encontrabelohorizonte.com.br\/sobre\/mostra-cinebh-ocupa-espacos-de-belo-horizonte-a-partir-de-18-de-outubro\/\" \/>\n\t<meta name=\"generator\" content=\"All in One SEO (AIOSEO) 5.0.0.1\" \/>\n\t\t<meta property=\"og:locale\" content=\"pt_BR\" \/>\n\t\t<meta property=\"og:site_name\" content=\"Encontra Belo Horizonte | Not\u00edcias, eventos, informa\u00e7\u00f5es e dicas da cidade de Belo Horizonte e regi\u00e3o\" \/>\n\t\t<meta property=\"og:type\" content=\"article\" \/>\n\t\t<meta property=\"og:title\" content=\"Mostra CineBH ocupa espa\u00e7os de Belo Horizonte a partir de 18 de outubro | Encontra Belo Horizonte\" \/>\n\t\t<meta property=\"og:description\" content=\"Expans\u00e3o \u00e9 a palavra adequada para descrever a sexta edi\u00e7\u00e3o da Mostra Cine BH. O evento, que come\u00e7ou restrito ao circuito da Pra\u00e7a de Santa Tereza, chegar\u00e1, entre os dias 18 e 23 \u00e0s salas do Usiminas Belas Artes, Sesc Palladium, Cine Humberto Mauro e Inhotim, al\u00e9m de marcar presen\u00e7a em cinco espa\u00e7os do Circuito\" \/>\n\t\t<meta property=\"og:url\" content=\"https:\/\/www.encontrabelohorizonte.com.br\/sobre\/mostra-cinebh-ocupa-espacos-de-belo-horizonte-a-partir-de-18-de-outubro\/\" \/>\n\t\t<meta property=\"article:published_time\" content=\"2012-10-05T05:00:30+00:00\" \/>\n\t\t<meta property=\"article:modified_time\" content=\"2019-04-12T18:36:28+00:00\" \/>\n\t\t<meta name=\"twitter:card\" content=\"summary\" \/>\n\t\t<meta name=\"twitter:title\" content=\"Mostra CineBH ocupa espa\u00e7os de Belo Horizonte a partir de 18 de outubro | Encontra Belo Horizonte\" \/>\n\t\t<meta name=\"twitter:description\" content=\"Expans\u00e3o \u00e9 a palavra adequada para descrever a sexta edi\u00e7\u00e3o da Mostra Cine BH. O evento, que come\u00e7ou restrito ao circuito da Pra\u00e7a de Santa Tereza, chegar\u00e1, entre os dias 18 e 23 \u00e0s salas do Usiminas Belas Artes, Sesc Palladium, Cine Humberto Mauro e Inhotim, al\u00e9m de marcar presen\u00e7a em cinco espa\u00e7os do Circuito\" \/>\n\t\t<script type=\"application\/ld+json\" class=\"aioseo-schema\">\n\t\t\t{\"@context\":\"https:\\\/\\\/schema.org\",\"@graph\":[{\"@type\":\"Article\",\"@id\":\"https:\\\/\\\/www.encontrabelohorizonte.com.br\\\/sobre\\\/mostra-cinebh-ocupa-espacos-de-belo-horizonte-a-partir-de-18-de-outubro\\\/#article\",\"name\":\"Mostra CineBH ocupa espa\\u00e7os de Belo Horizonte a partir de 18 de outubro | Encontra Belo Horizonte\",\"headline\":\"Mostra CineBH ocupa espa\\u00e7os de Belo Horizonte a partir de 18 de outubro\",\"author\":{\"@id\":\"https:\\\/\\\/www.encontrabelohorizonte.com.br\\\/sobre\\\/author\\\/ebelohorizonte\\\/#author\"},\"publisher\":{\"@id\":\"https:\\\/\\\/www.encontrabelohorizonte.com.br\\\/sobre\\\/#organization\"},\"datePublished\":\"2012-10-05T05:00:30-03:00\",\"dateModified\":\"2019-04-12T18:36:28-03:00\",\"inLanguage\":\"pt-BR\",\"mainEntityOfPage\":{\"@id\":\"https:\\\/\\\/www.encontrabelohorizonte.com.br\\\/sobre\\\/mostra-cinebh-ocupa-espacos-de-belo-horizonte-a-partir-de-18-de-outubro\\\/#webpage\"},\"isPartOf\":{\"@id\":\"https:\\\/\\\/www.encontrabelohorizonte.com.br\\\/sobre\\\/mostra-cinebh-ocupa-espacos-de-belo-horizonte-a-partir-de-18-de-outubro\\\/#webpage\"},\"articleSection\":\"Not\\u00edcias Belo Horizonte, Belo Horizonte\"},{\"@type\":\"BreadcrumbList\",\"@id\":\"https:\\\/\\\/www.encontrabelohorizonte.com.br\\\/sobre\\\/mostra-cinebh-ocupa-espacos-de-belo-horizonte-a-partir-de-18-de-outubro\\\/#breadcrumblist\",\"itemListElement\":[{\"@type\":\"ListItem\",\"@id\":\"https:\\\/\\\/www.encontrabelohorizonte.com.br\\\/sobre#listItem\",\"position\":1,\"name\":\"In\\u00edcio\",\"item\":\"https:\\\/\\\/www.encontrabelohorizonte.com.br\\\/sobre\",\"nextItem\":{\"@type\":\"ListItem\",\"@id\":\"https:\\\/\\\/www.encontrabelohorizonte.com.br\\\/sobre\\\/noticias\\\/#listItem\",\"name\":\"Not\\u00edcias Belo Horizonte\"}},{\"@type\":\"ListItem\",\"@id\":\"https:\\\/\\\/www.encontrabelohorizonte.com.br\\\/sobre\\\/noticias\\\/#listItem\",\"position\":2,\"name\":\"Not\\u00edcias Belo Horizonte\",\"item\":\"https:\\\/\\\/www.encontrabelohorizonte.com.br\\\/sobre\\\/noticias\\\/\",\"nextItem\":{\"@type\":\"ListItem\",\"@id\":\"https:\\\/\\\/www.encontrabelohorizonte.com.br\\\/sobre\\\/mostra-cinebh-ocupa-espacos-de-belo-horizonte-a-partir-de-18-de-outubro\\\/#listItem\",\"name\":\"Mostra CineBH ocupa espa\\u00e7os de Belo Horizonte a partir de 18 de outubro\"},\"previousItem\":{\"@type\":\"ListItem\",\"@id\":\"https:\\\/\\\/www.encontrabelohorizonte.com.br\\\/sobre#listItem\",\"name\":\"In\\u00edcio\"}},{\"@type\":\"ListItem\",\"@id\":\"https:\\\/\\\/www.encontrabelohorizonte.com.br\\\/sobre\\\/mostra-cinebh-ocupa-espacos-de-belo-horizonte-a-partir-de-18-de-outubro\\\/#listItem\",\"position\":3,\"name\":\"Mostra CineBH ocupa espa\\u00e7os de Belo Horizonte a partir de 18 de outubro\",\"previousItem\":{\"@type\":\"ListItem\",\"@id\":\"https:\\\/\\\/www.encontrabelohorizonte.com.br\\\/sobre\\\/noticias\\\/#listItem\",\"name\":\"Not\\u00edcias Belo Horizonte\"}}]},{\"@type\":\"Organization\",\"@id\":\"https:\\\/\\\/www.encontrabelohorizonte.com.br\\\/sobre\\\/#organization\",\"name\":\"Encontra Belo Horizonte\",\"description\":\"Not\\u00edcias, eventos, informa\\u00e7\\u00f5es e dicas da cidade de Belo Horizonte e regi\\u00e3o\",\"url\":\"https:\\\/\\\/www.encontrabelohorizonte.com.br\\\/sobre\\\/\"},{\"@type\":\"Person\",\"@id\":\"https:\\\/\\\/www.encontrabelohorizonte.com.br\\\/sobre\\\/author\\\/ebelohorizonte\\\/#author\",\"url\":\"https:\\\/\\\/www.encontrabelohorizonte.com.br\\\/sobre\\\/author\\\/ebelohorizonte\\\/\",\"name\":\"Encontra Belo Horizonte\",\"image\":{\"@type\":\"ImageObject\",\"@id\":\"https:\\\/\\\/www.encontrabelohorizonte.com.br\\\/sobre\\\/mostra-cinebh-ocupa-espacos-de-belo-horizonte-a-partir-de-18-de-outubro\\\/#authorImage\",\"url\":\"https:\\\/\\\/secure.gravatar.com\\\/avatar\\\/507340682b8270222e1f208e23198b6ae7e2c6a1033ae84e99bc6bce4f82a387?s=96&d=mm&r=g\",\"width\":96,\"height\":96,\"caption\":\"Encontra Belo Horizonte\"}},{\"@type\":\"WebPage\",\"@id\":\"https:\\\/\\\/www.encontrabelohorizonte.com.br\\\/sobre\\\/mostra-cinebh-ocupa-espacos-de-belo-horizonte-a-partir-de-18-de-outubro\\\/#webpage\",\"url\":\"https:\\\/\\\/www.encontrabelohorizonte.com.br\\\/sobre\\\/mostra-cinebh-ocupa-espacos-de-belo-horizonte-a-partir-de-18-de-outubro\\\/\",\"name\":\"Mostra CineBH ocupa espa\\u00e7os de Belo Horizonte a partir de 18 de outubro | Encontra Belo Horizonte\",\"description\":\"Expans\\u00e3o \\u00e9 a palavra adequada para descrever a sexta edi\\u00e7\\u00e3o da Mostra Cine BH. O evento, que come\\u00e7ou restrito ao circuito da Pra\\u00e7a de Santa Tereza, chegar\\u00e1, entre os dias 18 e 23 \\u00e0s salas do Usiminas Belas Artes, Sesc Palladium, Cine Humberto Mauro e Inhotim, al\\u00e9m de marcar presen\\u00e7a em cinco espa\\u00e7os do Circuito\",\"inLanguage\":\"pt-BR\",\"isPartOf\":{\"@id\":\"https:\\\/\\\/www.encontrabelohorizonte.com.br\\\/sobre\\\/#website\"},\"breadcrumb\":{\"@id\":\"https:\\\/\\\/www.encontrabelohorizonte.com.br\\\/sobre\\\/mostra-cinebh-ocupa-espacos-de-belo-horizonte-a-partir-de-18-de-outubro\\\/#breadcrumblist\"},\"author\":{\"@id\":\"https:\\\/\\\/www.encontrabelohorizonte.com.br\\\/sobre\\\/author\\\/ebelohorizonte\\\/#author\"},\"creator\":{\"@id\":\"https:\\\/\\\/www.encontrabelohorizonte.com.br\\\/sobre\\\/author\\\/ebelohorizonte\\\/#author\"},\"datePublished\":\"2012-10-05T05:00:30-03:00\",\"dateModified\":\"2019-04-12T18:36:28-03:00\"},{\"@type\":\"WebSite\",\"@id\":\"https:\\\/\\\/www.encontrabelohorizonte.com.br\\\/sobre\\\/#website\",\"url\":\"https:\\\/\\\/www.encontrabelohorizonte.com.br\\\/sobre\\\/\",\"name\":\"Encontra Belo Horizonte\",\"description\":\"Not\\u00edcias, eventos, informa\\u00e7\\u00f5es e dicas da cidade de Belo Horizonte e regi\\u00e3o\",\"inLanguage\":\"pt-BR\",\"publisher\":{\"@id\":\"https:\\\/\\\/www.encontrabelohorizonte.com.br\\\/sobre\\\/#organization\"}}]}\n\t\t<\/script>\n\t\t<!-- All in One SEO -->\n\n","aioseo_head_json":{"title":"Mostra CineBH ocupa espa\u00e7os de Belo Horizonte a partir de 18 de outubro | Encontra Belo Horizonte","description":"Expans\u00e3o \u00e9 a palavra adequada para descrever a sexta edi\u00e7\u00e3o da Mostra Cine BH. O evento, que come\u00e7ou restrito ao circuito da Pra\u00e7a de Santa Tereza, chegar\u00e1, entre os dias 18 e 23 \u00e0s salas do Usiminas Belas Artes, Sesc Palladium, Cine Humberto Mauro e Inhotim, al\u00e9m de marcar presen\u00e7a em cinco espa\u00e7os do Circuito","canonical_url":"https:\/\/www.encontrabelohorizonte.com.br\/sobre\/mostra-cinebh-ocupa-espacos-de-belo-horizonte-a-partir-de-18-de-outubro\/","robots":"max-image-preview:large","keywords":"","webmasterTools":{"miscellaneous":""},"schema":{"@context":"https:\/\/schema.org","@graph":[{"@type":"Article","@id":"https:\/\/www.encontrabelohorizonte.com.br\/sobre\/mostra-cinebh-ocupa-espacos-de-belo-horizonte-a-partir-de-18-de-outubro\/#article","name":"Mostra CineBH ocupa espa\u00e7os de Belo Horizonte a partir de 18 de outubro | Encontra Belo Horizonte","headline":"Mostra CineBH ocupa espa\u00e7os de Belo Horizonte a partir de 18 de outubro","author":{"@id":"https:\/\/www.encontrabelohorizonte.com.br\/sobre\/author\/ebelohorizonte\/#author"},"publisher":{"@id":"https:\/\/www.encontrabelohorizonte.com.br\/sobre\/#organization"},"datePublished":"2012-10-05T05:00:30-03:00","dateModified":"2019-04-12T18:36:28-03:00","inLanguage":"pt-BR","mainEntityOfPage":{"@id":"https:\/\/www.encontrabelohorizonte.com.br\/sobre\/mostra-cinebh-ocupa-espacos-de-belo-horizonte-a-partir-de-18-de-outubro\/#webpage"},"isPartOf":{"@id":"https:\/\/www.encontrabelohorizonte.com.br\/sobre\/mostra-cinebh-ocupa-espacos-de-belo-horizonte-a-partir-de-18-de-outubro\/#webpage"},"articleSection":"Not\u00edcias Belo Horizonte, Belo Horizonte"},{"@type":"BreadcrumbList","@id":"https:\/\/www.encontrabelohorizonte.com.br\/sobre\/mostra-cinebh-ocupa-espacos-de-belo-horizonte-a-partir-de-18-de-outubro\/#breadcrumblist","itemListElement":[{"@type":"ListItem","@id":"https:\/\/www.encontrabelohorizonte.com.br\/sobre#listItem","position":1,"name":"In\u00edcio","item":"https:\/\/www.encontrabelohorizonte.com.br\/sobre","nextItem":{"@type":"ListItem","@id":"https:\/\/www.encontrabelohorizonte.com.br\/sobre\/noticias\/#listItem","name":"Not\u00edcias Belo Horizonte"}},{"@type":"ListItem","@id":"https:\/\/www.encontrabelohorizonte.com.br\/sobre\/noticias\/#listItem","position":2,"name":"Not\u00edcias Belo Horizonte","item":"https:\/\/www.encontrabelohorizonte.com.br\/sobre\/noticias\/","nextItem":{"@type":"ListItem","@id":"https:\/\/www.encontrabelohorizonte.com.br\/sobre\/mostra-cinebh-ocupa-espacos-de-belo-horizonte-a-partir-de-18-de-outubro\/#listItem","name":"Mostra CineBH ocupa espa\u00e7os de Belo Horizonte a partir de 18 de outubro"},"previousItem":{"@type":"ListItem","@id":"https:\/\/www.encontrabelohorizonte.com.br\/sobre#listItem","name":"In\u00edcio"}},{"@type":"ListItem","@id":"https:\/\/www.encontrabelohorizonte.com.br\/sobre\/mostra-cinebh-ocupa-espacos-de-belo-horizonte-a-partir-de-18-de-outubro\/#listItem","position":3,"name":"Mostra CineBH ocupa espa\u00e7os de Belo Horizonte a partir de 18 de outubro","previousItem":{"@type":"ListItem","@id":"https:\/\/www.encontrabelohorizonte.com.br\/sobre\/noticias\/#listItem","name":"Not\u00edcias Belo Horizonte"}}]},{"@type":"Organization","@id":"https:\/\/www.encontrabelohorizonte.com.br\/sobre\/#organization","name":"Encontra Belo Horizonte","description":"Not\u00edcias, eventos, informa\u00e7\u00f5es e dicas da cidade de Belo Horizonte e regi\u00e3o","url":"https:\/\/www.encontrabelohorizonte.com.br\/sobre\/"},{"@type":"Person","@id":"https:\/\/www.encontrabelohorizonte.com.br\/sobre\/author\/ebelohorizonte\/#author","url":"https:\/\/www.encontrabelohorizonte.com.br\/sobre\/author\/ebelohorizonte\/","name":"Encontra Belo Horizonte","image":{"@type":"ImageObject","@id":"https:\/\/www.encontrabelohorizonte.com.br\/sobre\/mostra-cinebh-ocupa-espacos-de-belo-horizonte-a-partir-de-18-de-outubro\/#authorImage","url":"https:\/\/secure.gravatar.com\/avatar\/507340682b8270222e1f208e23198b6ae7e2c6a1033ae84e99bc6bce4f82a387?s=96&d=mm&r=g","width":96,"height":96,"caption":"Encontra Belo Horizonte"}},{"@type":"WebPage","@id":"https:\/\/www.encontrabelohorizonte.com.br\/sobre\/mostra-cinebh-ocupa-espacos-de-belo-horizonte-a-partir-de-18-de-outubro\/#webpage","url":"https:\/\/www.encontrabelohorizonte.com.br\/sobre\/mostra-cinebh-ocupa-espacos-de-belo-horizonte-a-partir-de-18-de-outubro\/","name":"Mostra CineBH ocupa espa\u00e7os de Belo Horizonte a partir de 18 de outubro | Encontra Belo Horizonte","description":"Expans\u00e3o \u00e9 a palavra adequada para descrever a sexta edi\u00e7\u00e3o da Mostra Cine BH. O evento, que come\u00e7ou restrito ao circuito da Pra\u00e7a de Santa Tereza, chegar\u00e1, entre os dias 18 e 23 \u00e0s salas do Usiminas Belas Artes, Sesc Palladium, Cine Humberto Mauro e Inhotim, al\u00e9m de marcar presen\u00e7a em cinco espa\u00e7os do Circuito","inLanguage":"pt-BR","isPartOf":{"@id":"https:\/\/www.encontrabelohorizonte.com.br\/sobre\/#website"},"breadcrumb":{"@id":"https:\/\/www.encontrabelohorizonte.com.br\/sobre\/mostra-cinebh-ocupa-espacos-de-belo-horizonte-a-partir-de-18-de-outubro\/#breadcrumblist"},"author":{"@id":"https:\/\/www.encontrabelohorizonte.com.br\/sobre\/author\/ebelohorizonte\/#author"},"creator":{"@id":"https:\/\/www.encontrabelohorizonte.com.br\/sobre\/author\/ebelohorizonte\/#author"},"datePublished":"2012-10-05T05:00:30-03:00","dateModified":"2019-04-12T18:36:28-03:00"},{"@type":"WebSite","@id":"https:\/\/www.encontrabelohorizonte.com.br\/sobre\/#website","url":"https:\/\/www.encontrabelohorizonte.com.br\/sobre\/","name":"Encontra Belo Horizonte","description":"Not\u00edcias, eventos, informa\u00e7\u00f5es e dicas da cidade de Belo Horizonte e regi\u00e3o","inLanguage":"pt-BR","publisher":{"@id":"https:\/\/www.encontrabelohorizonte.com.br\/sobre\/#organization"}}]},"og:locale":"pt_BR","og:site_name":"Encontra Belo Horizonte | Not\u00edcias, eventos, informa\u00e7\u00f5es e dicas da cidade de Belo Horizonte e regi\u00e3o","og:type":"article","og:title":"Mostra CineBH ocupa espa\u00e7os de Belo Horizonte a partir de 18 de outubro | Encontra Belo Horizonte","og:description":"Expans\u00e3o \u00e9 a palavra adequada para descrever a sexta edi\u00e7\u00e3o da Mostra Cine BH. O evento, que come\u00e7ou restrito ao circuito da Pra\u00e7a de Santa Tereza, chegar\u00e1, entre os dias 18 e 23 \u00e0s salas do Usiminas Belas Artes, Sesc Palladium, Cine Humberto Mauro e Inhotim, al\u00e9m de marcar presen\u00e7a em cinco espa\u00e7os do Circuito","og:url":"https:\/\/www.encontrabelohorizonte.com.br\/sobre\/mostra-cinebh-ocupa-espacos-de-belo-horizonte-a-partir-de-18-de-outubro\/","article:published_time":"2012-10-05T05:00:30+00:00","article:modified_time":"2019-04-12T18:36:28+00:00","twitter:card":"summary","twitter:title":"Mostra CineBH ocupa espa\u00e7os de Belo Horizonte a partir de 18 de outubro | Encontra Belo Horizonte","twitter:description":"Expans\u00e3o \u00e9 a palavra adequada para descrever a sexta edi\u00e7\u00e3o da Mostra Cine BH. O evento, que come\u00e7ou restrito ao circuito da Pra\u00e7a de Santa Tereza, chegar\u00e1, entre os dias 18 e 23 \u00e0s salas do Usiminas Belas Artes, Sesc Palladium, Cine Humberto Mauro e Inhotim, al\u00e9m de marcar presen\u00e7a em cinco espa\u00e7os do Circuito"},"aioseo_meta_data":{"post_id":"597","title":null,"description":null,"keywords":null,"keyphrases":null,"primary_term":null,"canonical_url":null,"og_title":null,"og_description":null,"og_object_type":"default","og_image_type":"default","og_image_url":null,"og_image_width":null,"og_image_height":null,"og_image_custom_url":null,"og_image_custom_fields":null,"og_video":null,"og_custom_url":null,"og_article_section":null,"og_article_tags":null,"twitter_use_og":false,"twitter_card":"default","twitter_image_type":"default","twitter_image_url":null,"twitter_image_custom_url":null,"twitter_image_custom_fields":null,"twitter_title":null,"twitter_description":null,"schema":{"blockGraphs":[],"customGraphs":[],"default":{"data":{"Article":[],"Course":[],"Dataset":[],"FAQPage":[],"Movie":[],"Person":[],"Product":[],"ProductReview":[],"Car":[],"Recipe":[],"Service":[],"SoftwareApplication":[],"WebPage":[]},"graphName":"Article","isEnabled":true},"graphs":[]},"schema_type":null,"schema_type_options":null,"pillar_content":false,"robots_default":true,"robots_noindex":false,"robots_noarchive":false,"robots_nosnippet":false,"robots_nofollow":false,"robots_noimageindex":false,"robots_noodp":false,"robots_notranslate":false,"robots_max_snippet":null,"robots_max_videopreview":null,"robots_max_imagepreview":"large","priority":null,"frequency":null,"local_seo":null,"breadcrumb_settings":null,"limit_modified_date":false,"ai":null,"created":"2022-01-19 01:29:28","updated":"2025-09-27 02:49:56","focus_keyword":null,"additional_keywords":null,"truseo_locale":null,"seo_analyzer_scan_date":null},"aioseo_breadcrumb":"<div class=\"aioseo-breadcrumbs\"><span class=\"aioseo-breadcrumb\">\n\t\t\t<a href=\"https:\/\/www.encontrabelohorizonte.com.br\/sobre\" title=\"In\u00edcio\">In\u00edcio<\/a>\n\t\t<\/span><span class=\"aioseo-breadcrumb-separator\">&raquo;<\/span><span class=\"aioseo-breadcrumb\">\n\t\t\t<a href=\"https:\/\/www.encontrabelohorizonte.com.br\/sobre\/noticias\/\" title=\"Not\u00edcias Belo Horizonte\">Not\u00edcias Belo Horizonte<\/a>\n\t\t<\/span><span class=\"aioseo-breadcrumb-separator\">&raquo;<\/span><span class=\"aioseo-breadcrumb\">\n\t\t\tMostra CineBH ocupa espa\u00e7os de Belo Horizonte a partir de 18 de outubro\n\t\t<\/span><\/div>","aioseo_breadcrumb_json":[{"label":"In\u00edcio","link":"https:\/\/www.encontrabelohorizonte.com.br\/sobre"},{"label":"Not\u00edcias Belo Horizonte","link":"https:\/\/www.encontrabelohorizonte.com.br\/sobre\/noticias\/"},{"label":"Mostra CineBH ocupa espa\u00e7os de Belo Horizonte a partir de 18 de outubro","link":"https:\/\/www.encontrabelohorizonte.com.br\/sobre\/mostra-cinebh-ocupa-espacos-de-belo-horizonte-a-partir-de-18-de-outubro\/"}],"_links":{"self":[{"href":"https:\/\/www.encontrabelohorizonte.com.br\/sobre\/wp-json\/wp\/v2\/posts\/597","targetHints":{"allow":["GET"]}}],"collection":[{"href":"https:\/\/www.encontrabelohorizonte.com.br\/sobre\/wp-json\/wp\/v2\/posts"}],"about":[{"href":"https:\/\/www.encontrabelohorizonte.com.br\/sobre\/wp-json\/wp\/v2\/types\/post"}],"author":[{"embeddable":true,"href":"https:\/\/www.encontrabelohorizonte.com.br\/sobre\/wp-json\/wp\/v2\/users\/1"}],"replies":[{"embeddable":true,"href":"https:\/\/www.encontrabelohorizonte.com.br\/sobre\/wp-json\/wp\/v2\/comments?post=597"}],"version-history":[{"count":0,"href":"https:\/\/www.encontrabelohorizonte.com.br\/sobre\/wp-json\/wp\/v2\/posts\/597\/revisions"}],"wp:attachment":[{"href":"https:\/\/www.encontrabelohorizonte.com.br\/sobre\/wp-json\/wp\/v2\/media?parent=597"}],"wp:term":[{"taxonomy":"category","embeddable":true,"href":"https:\/\/www.encontrabelohorizonte.com.br\/sobre\/wp-json\/wp\/v2\/categories?post=597"},{"taxonomy":"post_tag","embeddable":true,"href":"https:\/\/www.encontrabelohorizonte.com.br\/sobre\/wp-json\/wp\/v2\/tags?post=597"}],"curies":[{"name":"wp","href":"https:\/\/api.w.org\/{rel}","templated":true}]}}