{"id":631,"date":"2012-10-16T05:00:44","date_gmt":"2012-10-16T05:00:44","guid":{"rendered":"http:\/\/www.encontrabelohorizonte.com.br\/noticias\/?p=631"},"modified":"2019-04-12T18:36:27","modified_gmt":"2019-04-12T18:36:27","slug":"marisa-monte-fara-show-extra-em-belo-horizonte","status":"publish","type":"post","link":"https:\/\/www.encontrabelohorizonte.com.br\/sobre\/marisa-monte-fara-show-extra-em-belo-horizonte\/","title":{"rendered":"Marisa Monte far\u00e1 show extra em Belo Horizonte"},"content":{"rendered":"<div class=\"2e083cf0b19e2c11948dc6ac054ba979\" data-index=\"1\" style=\"float: none; margin:0px;\">\n<!-- Anuncio display - global -->\r\n<ins class=\"adsbygoogle\"\r\n     style=\"display:block\"\r\n     data-ad-client=\"ca-pub-8585364105181520\"\r\n     data-ad-slot=\"8789329856\"\r\n     data-ad-format=\"auto\"\r\n     data-full-width-responsive=\"true\"><\/ins>\r\n<script>\r\n     (adsbygoogle = window.adsbygoogle || []).push({});\r\n<\/script>\n<\/div>\n<p>Marisa Monte trar\u00e1 para a capital mineira a s\u00e9tima turn\u00ea da carreira, &#8220;Verdade, uma ilus\u00e3o&#8221;, com shows de 22 a 25 de novembro, no Pal\u00e1cio das Artes. Diante da intensa procura, a produ\u00e7\u00e3o anunciou uma sess\u00e3o extra no dia 25 \u00e0s 20h.<\/p>\n<p>O \u00faltimo \u00e1lbum da artista, &#8216;O que voc\u00ea quer saber de verdade&#8217;, ser\u00e1 apresentado aos f\u00e3s mineiros e durante o espet\u00e1culo, o p\u00fablico poder\u00e1 apreciar can\u00e7\u00f5es como Descal\u00e7o no parque, escrita por Jorge Ben Jor, O que voc\u00ea quer de verdade e Verdade, uma ilus\u00e3o. Frutos de parcerias antigas com Arnaldo Antunes e Carlinhos Brown, as m\u00fasicas Arrepio, Depois e Amar algu\u00e9m se misturaram aos trabalhos mais recentes da cantora, assim como Ilusi\u00f3n, composta com Julieta Venegas.<\/p>\n<p>Al\u00e9m das m\u00fasicas do novo disco, Marisa Monte cantar\u00e1 can\u00e7\u00f5es de v\u00e1rios momentos de sua carreira, pois est\u00e1 completando 25 anos de estrada. Tamb\u00e9m haver\u00e1 algumas can\u00e7\u00f5es exclusivas do repert\u00f3rio do show, as quais a artista nunca gravou, e que agora est\u00e1 cantando somente ao vivo. Um exemplo disso \u00e9 E.C.T, composi\u00e7\u00e3o de Marisa Monte com Nando Reis e Carlinhos Brown, famosa na voz de C\u00e1ssia Eller.<\/p>\n<p>O espet\u00e1culo possui uma afinada rela\u00e7\u00e3o entre sons e imagens. Obras de 15 artistas pl\u00e1sticos foram selecionadas por Marisa e pela curadora Luisa Duarte para serem projetados no palco.<\/p>\n<p><strong>Servi\u00e7o:<\/strong><\/p>\n<p><strong><\/strong>Marisa Monte \u2013 Verdade uma ilus\u00e3o<br \/>\nSESS\u00c3O EXTRA: 25 de novembro, \u00e0s 20h.<br \/>\nVenda de ingressos sess\u00e3o extra: A abertura da bilheteria ser\u00e1 neste s\u00e1bado (13).<\/p>\n<p>Datas: de 22 a 24 de novembro<br \/>\nHor\u00e1rio: \u00e0s 21h<br \/>\nLocal: Pal\u00e1cio das Artes \u2013 Av. Afonso Pena, 1537 \u2013 Centro \/ BH<br \/>\nIngressos:<br \/>\nPlateia I \u2013 R$280 (inteira) \/ R$140 (meia)<br \/>\nPlateia II \u2013 R$260 (inteira) \/ R$130 (meia)<br \/>\nPlateia Superior \u2013 R$220 (inteira) \/ R$110 (meia)<br \/>\nVendas de ingressos: bilheteria do Pal\u00e1cio das Artes<br \/>\nInforma\u00e7\u00f5es: (31) 3236-7400<\/p>\n<p><em>Fonte: O Tempo<\/em><\/p>\n\n<div style=\"font-size: 0px; height: 0px; line-height: 0px; margin: 0; padding: 0; clear: both;\"><\/div>","protected":false},"excerpt":{"rendered":"<p>Marisa Monte trar\u00e1 para a capital mineira a s\u00e9tima turn\u00ea da carreira, &#8220;Verdade, uma ilus\u00e3o&#8221;, com shows de 22 a 25 de novembro, no Pal\u00e1cio das Artes. Diante da intensa procura, a produ\u00e7\u00e3o anunciou uma sess\u00e3o extra no dia 25 \u00e0s 20h. O \u00faltimo \u00e1lbum da artista, &#8216;O que voc\u00ea quer saber de verdade&#8217;, ser\u00e1 apresentado aos f\u00e3s mineiros e durante o espet\u00e1culo, o p\u00fablico poder\u00e1 apreciar can\u00e7\u00f5es como Descal\u00e7o no parque, escrita por Jorge Ben Jor, O que voc\u00ea quer de verdade e Verdade, uma ilus\u00e3o. Frutos de parcerias antigas com Arnaldo Antunes e Carlinhos Brown, as m\u00fasicas Arrepio, <\/p>\n","protected":false},"author":1,"featured_media":0,"comment_status":"open","ping_status":"closed","sticky":false,"template":"","format":"standard","meta":{"footnotes":""},"categories":[6,8,9],"tags":[15],"class_list":["post-631","post","type-post","status-publish","format-standard","hentry","category-noticias","category-servicos","category-shows","tag-belo-horizonte"],"aioseo_notices":[],"aioseo_head":"\n\t\t<!-- All in One SEO 5.0.0.1 - aioseo.com -->\n\t<meta name=\"description\" content=\"Marisa Monte trar\u00e1 para a capital mineira a s\u00e9tima turn\u00ea da carreira, &quot;Verdade, uma ilus\u00e3o&quot;, com shows de 22 a 25 de novembro, no Pal\u00e1cio das Artes. Diante da intensa procura, a produ\u00e7\u00e3o anunciou uma sess\u00e3o extra no dia 25 \u00e0s 20h. O \u00faltimo \u00e1lbum da artista, &#039;O que voc\u00ea quer saber de verdade&#039;, ser\u00e1\" \/>\n\t<meta name=\"robots\" content=\"max-image-preview:large\" \/>\n\t<meta name=\"author\" content=\"Encontra Belo Horizonte\"\/>\n\t<link rel=\"canonical\" href=\"https:\/\/www.encontrabelohorizonte.com.br\/sobre\/marisa-monte-fara-show-extra-em-belo-horizonte\/\" \/>\n\t<meta name=\"generator\" content=\"All in One SEO (AIOSEO) 5.0.0.1\" \/>\n\t\t<meta property=\"og:locale\" content=\"pt_BR\" \/>\n\t\t<meta property=\"og:site_name\" content=\"Encontra Belo Horizonte | Not\u00edcias, eventos, informa\u00e7\u00f5es e dicas da cidade de Belo Horizonte e regi\u00e3o\" \/>\n\t\t<meta property=\"og:type\" content=\"article\" \/>\n\t\t<meta property=\"og:title\" content=\"Marisa Monte far\u00e1 show extra em Belo Horizonte | Encontra Belo Horizonte\" \/>\n\t\t<meta property=\"og:description\" content=\"Marisa Monte trar\u00e1 para a capital mineira a s\u00e9tima turn\u00ea da carreira, &quot;Verdade, uma ilus\u00e3o&quot;, com shows de 22 a 25 de novembro, no Pal\u00e1cio das Artes. Diante da intensa procura, a produ\u00e7\u00e3o anunciou uma sess\u00e3o extra no dia 25 \u00e0s 20h. O \u00faltimo \u00e1lbum da artista, &#039;O que voc\u00ea quer saber de verdade&#039;, ser\u00e1\" \/>\n\t\t<meta property=\"og:url\" content=\"https:\/\/www.encontrabelohorizonte.com.br\/sobre\/marisa-monte-fara-show-extra-em-belo-horizonte\/\" \/>\n\t\t<meta property=\"article:published_time\" content=\"2012-10-16T05:00:44+00:00\" \/>\n\t\t<meta property=\"article:modified_time\" content=\"2019-04-12T18:36:27+00:00\" \/>\n\t\t<meta name=\"twitter:card\" content=\"summary\" \/>\n\t\t<meta name=\"twitter:title\" content=\"Marisa Monte far\u00e1 show extra em Belo Horizonte | Encontra Belo Horizonte\" \/>\n\t\t<meta name=\"twitter:description\" content=\"Marisa Monte trar\u00e1 para a capital mineira a s\u00e9tima turn\u00ea da carreira, &quot;Verdade, uma ilus\u00e3o&quot;, com shows de 22 a 25 de novembro, no Pal\u00e1cio das Artes. Diante da intensa procura, a produ\u00e7\u00e3o anunciou uma sess\u00e3o extra no dia 25 \u00e0s 20h. O \u00faltimo \u00e1lbum da artista, &#039;O que voc\u00ea quer saber de verdade&#039;, ser\u00e1\" \/>\n\t\t<script type=\"application\/ld+json\" class=\"aioseo-schema\">\n\t\t\t{\"@context\":\"https:\\\/\\\/schema.org\",\"@graph\":[{\"@type\":\"Article\",\"@id\":\"https:\\\/\\\/www.encontrabelohorizonte.com.br\\\/sobre\\\/marisa-monte-fara-show-extra-em-belo-horizonte\\\/#article\",\"name\":\"Marisa Monte far\\u00e1 show extra em Belo Horizonte | Encontra Belo Horizonte\",\"headline\":\"Marisa Monte far\\u00e1 show extra em Belo Horizonte\",\"author\":{\"@id\":\"https:\\\/\\\/www.encontrabelohorizonte.com.br\\\/sobre\\\/author\\\/ebelohorizonte\\\/#author\"},\"publisher\":{\"@id\":\"https:\\\/\\\/www.encontrabelohorizonte.com.br\\\/sobre\\\/#organization\"},\"datePublished\":\"2012-10-16T05:00:44-03:00\",\"dateModified\":\"2019-04-12T18:36:27-03:00\",\"inLanguage\":\"pt-BR\",\"mainEntityOfPage\":{\"@id\":\"https:\\\/\\\/www.encontrabelohorizonte.com.br\\\/sobre\\\/marisa-monte-fara-show-extra-em-belo-horizonte\\\/#webpage\"},\"isPartOf\":{\"@id\":\"https:\\\/\\\/www.encontrabelohorizonte.com.br\\\/sobre\\\/marisa-monte-fara-show-extra-em-belo-horizonte\\\/#webpage\"},\"articleSection\":\"Not\\u00edcias Belo Horizonte, Servi\\u00e7os Belo Horizonte, Shows Belo Horizonte, Belo Horizonte\"},{\"@type\":\"BreadcrumbList\",\"@id\":\"https:\\\/\\\/www.encontrabelohorizonte.com.br\\\/sobre\\\/marisa-monte-fara-show-extra-em-belo-horizonte\\\/#breadcrumblist\",\"itemListElement\":[{\"@type\":\"ListItem\",\"@id\":\"https:\\\/\\\/www.encontrabelohorizonte.com.br\\\/sobre#listItem\",\"position\":1,\"name\":\"In\\u00edcio\",\"item\":\"https:\\\/\\\/www.encontrabelohorizonte.com.br\\\/sobre\",\"nextItem\":{\"@type\":\"ListItem\",\"@id\":\"https:\\\/\\\/www.encontrabelohorizonte.com.br\\\/sobre\\\/noticias\\\/#listItem\",\"name\":\"Not\\u00edcias Belo Horizonte\"}},{\"@type\":\"ListItem\",\"@id\":\"https:\\\/\\\/www.encontrabelohorizonte.com.br\\\/sobre\\\/noticias\\\/#listItem\",\"position\":2,\"name\":\"Not\\u00edcias Belo Horizonte\",\"item\":\"https:\\\/\\\/www.encontrabelohorizonte.com.br\\\/sobre\\\/noticias\\\/\",\"nextItem\":{\"@type\":\"ListItem\",\"@id\":\"https:\\\/\\\/www.encontrabelohorizonte.com.br\\\/sobre\\\/marisa-monte-fara-show-extra-em-belo-horizonte\\\/#listItem\",\"name\":\"Marisa Monte far\\u00e1 show extra em Belo Horizonte\"},\"previousItem\":{\"@type\":\"ListItem\",\"@id\":\"https:\\\/\\\/www.encontrabelohorizonte.com.br\\\/sobre#listItem\",\"name\":\"In\\u00edcio\"}},{\"@type\":\"ListItem\",\"@id\":\"https:\\\/\\\/www.encontrabelohorizonte.com.br\\\/sobre\\\/marisa-monte-fara-show-extra-em-belo-horizonte\\\/#listItem\",\"position\":3,\"name\":\"Marisa Monte far\\u00e1 show extra em Belo Horizonte\",\"previousItem\":{\"@type\":\"ListItem\",\"@id\":\"https:\\\/\\\/www.encontrabelohorizonte.com.br\\\/sobre\\\/noticias\\\/#listItem\",\"name\":\"Not\\u00edcias Belo Horizonte\"}}]},{\"@type\":\"Organization\",\"@id\":\"https:\\\/\\\/www.encontrabelohorizonte.com.br\\\/sobre\\\/#organization\",\"name\":\"Encontra Belo Horizonte\",\"description\":\"Not\\u00edcias, eventos, informa\\u00e7\\u00f5es e dicas da cidade de Belo Horizonte e regi\\u00e3o\",\"url\":\"https:\\\/\\\/www.encontrabelohorizonte.com.br\\\/sobre\\\/\"},{\"@type\":\"Person\",\"@id\":\"https:\\\/\\\/www.encontrabelohorizonte.com.br\\\/sobre\\\/author\\\/ebelohorizonte\\\/#author\",\"url\":\"https:\\\/\\\/www.encontrabelohorizonte.com.br\\\/sobre\\\/author\\\/ebelohorizonte\\\/\",\"name\":\"Encontra Belo Horizonte\",\"image\":{\"@type\":\"ImageObject\",\"@id\":\"https:\\\/\\\/www.encontrabelohorizonte.com.br\\\/sobre\\\/marisa-monte-fara-show-extra-em-belo-horizonte\\\/#authorImage\",\"url\":\"https:\\\/\\\/secure.gravatar.com\\\/avatar\\\/507340682b8270222e1f208e23198b6ae7e2c6a1033ae84e99bc6bce4f82a387?s=96&d=mm&r=g\",\"width\":96,\"height\":96,\"caption\":\"Encontra Belo Horizonte\"}},{\"@type\":\"WebPage\",\"@id\":\"https:\\\/\\\/www.encontrabelohorizonte.com.br\\\/sobre\\\/marisa-monte-fara-show-extra-em-belo-horizonte\\\/#webpage\",\"url\":\"https:\\\/\\\/www.encontrabelohorizonte.com.br\\\/sobre\\\/marisa-monte-fara-show-extra-em-belo-horizonte\\\/\",\"name\":\"Marisa Monte far\\u00e1 show extra em Belo Horizonte | Encontra Belo Horizonte\",\"description\":\"Marisa Monte trar\\u00e1 para a capital mineira a s\\u00e9tima turn\\u00ea da carreira, \\\"Verdade, uma ilus\\u00e3o\\\", com shows de 22 a 25 de novembro, no Pal\\u00e1cio das Artes. Diante da intensa procura, a produ\\u00e7\\u00e3o anunciou uma sess\\u00e3o extra no dia 25 \\u00e0s 20h. O \\u00faltimo \\u00e1lbum da artista, 'O que voc\\u00ea quer saber de verdade', ser\\u00e1\",\"inLanguage\":\"pt-BR\",\"isPartOf\":{\"@id\":\"https:\\\/\\\/www.encontrabelohorizonte.com.br\\\/sobre\\\/#website\"},\"breadcrumb\":{\"@id\":\"https:\\\/\\\/www.encontrabelohorizonte.com.br\\\/sobre\\\/marisa-monte-fara-show-extra-em-belo-horizonte\\\/#breadcrumblist\"},\"author\":{\"@id\":\"https:\\\/\\\/www.encontrabelohorizonte.com.br\\\/sobre\\\/author\\\/ebelohorizonte\\\/#author\"},\"creator\":{\"@id\":\"https:\\\/\\\/www.encontrabelohorizonte.com.br\\\/sobre\\\/author\\\/ebelohorizonte\\\/#author\"},\"datePublished\":\"2012-10-16T05:00:44-03:00\",\"dateModified\":\"2019-04-12T18:36:27-03:00\"},{\"@type\":\"WebSite\",\"@id\":\"https:\\\/\\\/www.encontrabelohorizonte.com.br\\\/sobre\\\/#website\",\"url\":\"https:\\\/\\\/www.encontrabelohorizonte.com.br\\\/sobre\\\/\",\"name\":\"Encontra Belo Horizonte\",\"description\":\"Not\\u00edcias, eventos, informa\\u00e7\\u00f5es e dicas da cidade de Belo Horizonte e regi\\u00e3o\",\"inLanguage\":\"pt-BR\",\"publisher\":{\"@id\":\"https:\\\/\\\/www.encontrabelohorizonte.com.br\\\/sobre\\\/#organization\"}}]}\n\t\t<\/script>\n\t\t<!-- All in One SEO -->\n\n","aioseo_head_json":{"title":"Marisa Monte far\u00e1 show extra em Belo Horizonte | Encontra Belo Horizonte","description":"Marisa Monte trar\u00e1 para a capital mineira a s\u00e9tima turn\u00ea da carreira, \"Verdade, uma ilus\u00e3o\", com shows de 22 a 25 de novembro, no Pal\u00e1cio das Artes. Diante da intensa procura, a produ\u00e7\u00e3o anunciou uma sess\u00e3o extra no dia 25 \u00e0s 20h. O \u00faltimo \u00e1lbum da artista, 'O que voc\u00ea quer saber de verdade', ser\u00e1","canonical_url":"https:\/\/www.encontrabelohorizonte.com.br\/sobre\/marisa-monte-fara-show-extra-em-belo-horizonte\/","robots":"max-image-preview:large","keywords":"","webmasterTools":{"miscellaneous":""},"schema":{"@context":"https:\/\/schema.org","@graph":[{"@type":"Article","@id":"https:\/\/www.encontrabelohorizonte.com.br\/sobre\/marisa-monte-fara-show-extra-em-belo-horizonte\/#article","name":"Marisa Monte far\u00e1 show extra em Belo Horizonte | Encontra Belo Horizonte","headline":"Marisa Monte far\u00e1 show extra em Belo Horizonte","author":{"@id":"https:\/\/www.encontrabelohorizonte.com.br\/sobre\/author\/ebelohorizonte\/#author"},"publisher":{"@id":"https:\/\/www.encontrabelohorizonte.com.br\/sobre\/#organization"},"datePublished":"2012-10-16T05:00:44-03:00","dateModified":"2019-04-12T18:36:27-03:00","inLanguage":"pt-BR","mainEntityOfPage":{"@id":"https:\/\/www.encontrabelohorizonte.com.br\/sobre\/marisa-monte-fara-show-extra-em-belo-horizonte\/#webpage"},"isPartOf":{"@id":"https:\/\/www.encontrabelohorizonte.com.br\/sobre\/marisa-monte-fara-show-extra-em-belo-horizonte\/#webpage"},"articleSection":"Not\u00edcias Belo Horizonte, Servi\u00e7os Belo Horizonte, Shows Belo Horizonte, Belo Horizonte"},{"@type":"BreadcrumbList","@id":"https:\/\/www.encontrabelohorizonte.com.br\/sobre\/marisa-monte-fara-show-extra-em-belo-horizonte\/#breadcrumblist","itemListElement":[{"@type":"ListItem","@id":"https:\/\/www.encontrabelohorizonte.com.br\/sobre#listItem","position":1,"name":"In\u00edcio","item":"https:\/\/www.encontrabelohorizonte.com.br\/sobre","nextItem":{"@type":"ListItem","@id":"https:\/\/www.encontrabelohorizonte.com.br\/sobre\/noticias\/#listItem","name":"Not\u00edcias Belo Horizonte"}},{"@type":"ListItem","@id":"https:\/\/www.encontrabelohorizonte.com.br\/sobre\/noticias\/#listItem","position":2,"name":"Not\u00edcias Belo Horizonte","item":"https:\/\/www.encontrabelohorizonte.com.br\/sobre\/noticias\/","nextItem":{"@type":"ListItem","@id":"https:\/\/www.encontrabelohorizonte.com.br\/sobre\/marisa-monte-fara-show-extra-em-belo-horizonte\/#listItem","name":"Marisa Monte far\u00e1 show extra em Belo Horizonte"},"previousItem":{"@type":"ListItem","@id":"https:\/\/www.encontrabelohorizonte.com.br\/sobre#listItem","name":"In\u00edcio"}},{"@type":"ListItem","@id":"https:\/\/www.encontrabelohorizonte.com.br\/sobre\/marisa-monte-fara-show-extra-em-belo-horizonte\/#listItem","position":3,"name":"Marisa Monte far\u00e1 show extra em Belo Horizonte","previousItem":{"@type":"ListItem","@id":"https:\/\/www.encontrabelohorizonte.com.br\/sobre\/noticias\/#listItem","name":"Not\u00edcias Belo Horizonte"}}]},{"@type":"Organization","@id":"https:\/\/www.encontrabelohorizonte.com.br\/sobre\/#organization","name":"Encontra Belo Horizonte","description":"Not\u00edcias, eventos, informa\u00e7\u00f5es e dicas da cidade de Belo Horizonte e regi\u00e3o","url":"https:\/\/www.encontrabelohorizonte.com.br\/sobre\/"},{"@type":"Person","@id":"https:\/\/www.encontrabelohorizonte.com.br\/sobre\/author\/ebelohorizonte\/#author","url":"https:\/\/www.encontrabelohorizonte.com.br\/sobre\/author\/ebelohorizonte\/","name":"Encontra Belo Horizonte","image":{"@type":"ImageObject","@id":"https:\/\/www.encontrabelohorizonte.com.br\/sobre\/marisa-monte-fara-show-extra-em-belo-horizonte\/#authorImage","url":"https:\/\/secure.gravatar.com\/avatar\/507340682b8270222e1f208e23198b6ae7e2c6a1033ae84e99bc6bce4f82a387?s=96&d=mm&r=g","width":96,"height":96,"caption":"Encontra Belo Horizonte"}},{"@type":"WebPage","@id":"https:\/\/www.encontrabelohorizonte.com.br\/sobre\/marisa-monte-fara-show-extra-em-belo-horizonte\/#webpage","url":"https:\/\/www.encontrabelohorizonte.com.br\/sobre\/marisa-monte-fara-show-extra-em-belo-horizonte\/","name":"Marisa Monte far\u00e1 show extra em Belo Horizonte | Encontra Belo Horizonte","description":"Marisa Monte trar\u00e1 para a capital mineira a s\u00e9tima turn\u00ea da carreira, \"Verdade, uma ilus\u00e3o\", com shows de 22 a 25 de novembro, no Pal\u00e1cio das Artes. Diante da intensa procura, a produ\u00e7\u00e3o anunciou uma sess\u00e3o extra no dia 25 \u00e0s 20h. O \u00faltimo \u00e1lbum da artista, 'O que voc\u00ea quer saber de verdade', ser\u00e1","inLanguage":"pt-BR","isPartOf":{"@id":"https:\/\/www.encontrabelohorizonte.com.br\/sobre\/#website"},"breadcrumb":{"@id":"https:\/\/www.encontrabelohorizonte.com.br\/sobre\/marisa-monte-fara-show-extra-em-belo-horizonte\/#breadcrumblist"},"author":{"@id":"https:\/\/www.encontrabelohorizonte.com.br\/sobre\/author\/ebelohorizonte\/#author"},"creator":{"@id":"https:\/\/www.encontrabelohorizonte.com.br\/sobre\/author\/ebelohorizonte\/#author"},"datePublished":"2012-10-16T05:00:44-03:00","dateModified":"2019-04-12T18:36:27-03:00"},{"@type":"WebSite","@id":"https:\/\/www.encontrabelohorizonte.com.br\/sobre\/#website","url":"https:\/\/www.encontrabelohorizonte.com.br\/sobre\/","name":"Encontra Belo Horizonte","description":"Not\u00edcias, eventos, informa\u00e7\u00f5es e dicas da cidade de Belo Horizonte e regi\u00e3o","inLanguage":"pt-BR","publisher":{"@id":"https:\/\/www.encontrabelohorizonte.com.br\/sobre\/#organization"}}]},"og:locale":"pt_BR","og:site_name":"Encontra Belo Horizonte | Not\u00edcias, eventos, informa\u00e7\u00f5es e dicas da cidade de Belo Horizonte e regi\u00e3o","og:type":"article","og:title":"Marisa Monte far\u00e1 show extra em Belo Horizonte | Encontra Belo Horizonte","og:description":"Marisa Monte trar\u00e1 para a capital mineira a s\u00e9tima turn\u00ea da carreira, &quot;Verdade, uma ilus\u00e3o&quot;, com shows de 22 a 25 de novembro, no Pal\u00e1cio das Artes. Diante da intensa procura, a produ\u00e7\u00e3o anunciou uma sess\u00e3o extra no dia 25 \u00e0s 20h. O \u00faltimo \u00e1lbum da artista, 'O que voc\u00ea quer saber de verdade', ser\u00e1","og:url":"https:\/\/www.encontrabelohorizonte.com.br\/sobre\/marisa-monte-fara-show-extra-em-belo-horizonte\/","article:published_time":"2012-10-16T05:00:44+00:00","article:modified_time":"2019-04-12T18:36:27+00:00","twitter:card":"summary","twitter:title":"Marisa Monte far\u00e1 show extra em Belo Horizonte | Encontra Belo Horizonte","twitter:description":"Marisa Monte trar\u00e1 para a capital mineira a s\u00e9tima turn\u00ea da carreira, &quot;Verdade, uma ilus\u00e3o&quot;, com shows de 22 a 25 de novembro, no Pal\u00e1cio das Artes. Diante da intensa procura, a produ\u00e7\u00e3o anunciou uma sess\u00e3o extra no dia 25 \u00e0s 20h. O \u00faltimo \u00e1lbum da artista, 'O que voc\u00ea quer saber de verdade', ser\u00e1"},"aioseo_meta_data":{"post_id":"631","title":null,"description":null,"keywords":null,"keyphrases":null,"primary_term":null,"canonical_url":null,"og_title":null,"og_description":null,"og_object_type":"default","og_image_type":"default","og_image_url":null,"og_image_width":null,"og_image_height":null,"og_image_custom_url":null,"og_image_custom_fields":null,"og_video":null,"og_custom_url":null,"og_article_section":null,"og_article_tags":null,"twitter_use_og":false,"twitter_card":"default","twitter_image_type":"default","twitter_image_url":null,"twitter_image_custom_url":null,"twitter_image_custom_fields":null,"twitter_title":null,"twitter_description":null,"schema":{"blockGraphs":[],"customGraphs":[],"default":{"data":{"Article":[],"Course":[],"Dataset":[],"FAQPage":[],"Movie":[],"Person":[],"Product":[],"ProductReview":[],"Car":[],"Recipe":[],"Service":[],"SoftwareApplication":[],"WebPage":[]},"graphName":"Article","isEnabled":true},"graphs":[]},"schema_type":null,"schema_type_options":null,"pillar_content":false,"robots_default":true,"robots_noindex":false,"robots_noarchive":false,"robots_nosnippet":false,"robots_nofollow":false,"robots_noimageindex":false,"robots_noodp":false,"robots_notranslate":false,"robots_max_snippet":null,"robots_max_videopreview":null,"robots_max_imagepreview":"large","priority":null,"frequency":null,"local_seo":null,"breadcrumb_settings":null,"limit_modified_date":false,"ai":null,"created":"2022-01-19 01:29:28","updated":"2025-09-27 03:19:33","focus_keyword":null,"additional_keywords":null,"truseo_locale":null,"seo_analyzer_scan_date":null},"aioseo_breadcrumb":"<div class=\"aioseo-breadcrumbs\"><span class=\"aioseo-breadcrumb\">\n\t\t\t<a href=\"https:\/\/www.encontrabelohorizonte.com.br\/sobre\" title=\"In\u00edcio\">In\u00edcio<\/a>\n\t\t<\/span><span class=\"aioseo-breadcrumb-separator\">&raquo;<\/span><span class=\"aioseo-breadcrumb\">\n\t\t\t<a href=\"https:\/\/www.encontrabelohorizonte.com.br\/sobre\/noticias\/\" title=\"Not\u00edcias Belo Horizonte\">Not\u00edcias Belo Horizonte<\/a>\n\t\t<\/span><span class=\"aioseo-breadcrumb-separator\">&raquo;<\/span><span class=\"aioseo-breadcrumb\">\n\t\t\tMarisa Monte far\u00e1 show extra em Belo Horizonte\n\t\t<\/span><\/div>","aioseo_breadcrumb_json":[{"label":"In\u00edcio","link":"https:\/\/www.encontrabelohorizonte.com.br\/sobre"},{"label":"Not\u00edcias Belo Horizonte","link":"https:\/\/www.encontrabelohorizonte.com.br\/sobre\/noticias\/"},{"label":"Marisa Monte far\u00e1 show extra em Belo Horizonte","link":"https:\/\/www.encontrabelohorizonte.com.br\/sobre\/marisa-monte-fara-show-extra-em-belo-horizonte\/"}],"_links":{"self":[{"href":"https:\/\/www.encontrabelohorizonte.com.br\/sobre\/wp-json\/wp\/v2\/posts\/631","targetHints":{"allow":["GET"]}}],"collection":[{"href":"https:\/\/www.encontrabelohorizonte.com.br\/sobre\/wp-json\/wp\/v2\/posts"}],"about":[{"href":"https:\/\/www.encontrabelohorizonte.com.br\/sobre\/wp-json\/wp\/v2\/types\/post"}],"author":[{"embeddable":true,"href":"https:\/\/www.encontrabelohorizonte.com.br\/sobre\/wp-json\/wp\/v2\/users\/1"}],"replies":[{"embeddable":true,"href":"https:\/\/www.encontrabelohorizonte.com.br\/sobre\/wp-json\/wp\/v2\/comments?post=631"}],"version-history":[{"count":0,"href":"https:\/\/www.encontrabelohorizonte.com.br\/sobre\/wp-json\/wp\/v2\/posts\/631\/revisions"}],"wp:attachment":[{"href":"https:\/\/www.encontrabelohorizonte.com.br\/sobre\/wp-json\/wp\/v2\/media?parent=631"}],"wp:term":[{"taxonomy":"category","embeddable":true,"href":"https:\/\/www.encontrabelohorizonte.com.br\/sobre\/wp-json\/wp\/v2\/categories?post=631"},{"taxonomy":"post_tag","embeddable":true,"href":"https:\/\/www.encontrabelohorizonte.com.br\/sobre\/wp-json\/wp\/v2\/tags?post=631"}],"curies":[{"name":"wp","href":"https:\/\/api.w.org\/{rel}","templated":true}]}}