{"id":698,"date":"2012-11-13T05:00:55","date_gmt":"2012-11-13T05:00:55","guid":{"rendered":"http:\/\/www.encontrabelohorizonte.com.br\/noticias\/?p=698"},"modified":"2019-04-12T18:36:07","modified_gmt":"2019-04-12T18:36:07","slug":"ativistas-do-femen-protestam-em-loja-de-roupas-femininas-em-belo-horizonte","status":"publish","type":"post","link":"https:\/\/www.encontrabelohorizonte.com.br\/sobre\/ativistas-do-femen-protestam-em-loja-de-roupas-femininas-em-belo-horizonte\/","title":{"rendered":"Ativistas do Femen protestam em loja de roupas femininas em Belo Horizonte"},"content":{"rendered":"<div class=\"2e083cf0b19e2c11948dc6ac054ba979\" data-index=\"1\" style=\"float: none; margin:0px;\">\n<!-- Anuncio display - global -->\r\n<ins class=\"adsbygoogle\"\r\n     style=\"display:block\"\r\n     data-ad-client=\"ca-pub-8585364105181520\"\r\n     data-ad-slot=\"8789329856\"\r\n     data-ad-format=\"auto\"\r\n     data-full-width-responsive=\"true\"><\/ins>\r\n<script>\r\n     (adsbygoogle = window.adsbygoogle || []).push({});\r\n<\/script>\n<\/div>\n<p>Tr\u00eas ativistas do grupo Femen Brazil protestaram na tarde de domingo (11) em uma loja da marca Marisa, de roupas femininas, no centro de Belo Horizonte. Uma quarta integrante do grupo fez as fotos, que j\u00e1 est\u00e3o publicadas no site do movimento. Foi o segundo protesto do Femen Brazil na capital mineira, desta vez contra comerciais da marca que o grupo considerou &#8220;sexistas&#8221;.<\/p>\n<p>De shortinhos e topless, com a frase &#8220;Amo meu corpo&#8221; pintada sobre os seios e a barriga, e empunhando cartazes contra a &#8220;ditadura da beleza&#8221;, as tr\u00eas mulheres derrubaram manequins e roupas pelo ch\u00e3o da loja. O protesto come\u00e7ou \u00e0s 14h30 e durou cerca de cinco minutos.<\/p>\n<p>Segundo Ananda Cronos, 24, uma das ativistas do grupo, &#8220;as funcion\u00e1rias ficaram meio assustadas, foram para o fundo da loja&#8221; e o seguran\u00e7a ficou &#8220;desnorteado&#8221;. &#8220;N\u00e3o sabia se botava a gente pra fora, mas nos agrediu verbalmente, chamou de vadia e outras palavras de baixo cal\u00e3o. Um homem tr\u00eas vezes maior que a gente, que teve todo um treinamento, n\u00e3o consegue lidar com uma mulher nua&#8221;. Os seguran\u00e7as n\u00e3o usaram viol\u00eancia contra as mulheres.<\/p>\n<p>Sara Winter, a l\u00edder do movimento, diz que o objetivo do protesto era criticar comerciais da marca, que o grupo considera &#8220;sexistas&#8221;. &#8220;Nossa inten\u00e7\u00e3o era demonstrar que n\u00e3o concorda que a loja propague o sexismo e limite o ser humano a ser o que a sociedade imp\u00f5e a n\u00f3s mulheres, a sermos produtos, sempre lindas e magras. Realmente n\u00e3o concordamos que mulher tem que fazer regime pro ver\u00e3o&#8221;.<\/p>\n<p>Segundo Sara, assim que o seguran\u00e7a fechou as portas, as ativistas sa\u00edram &#8220;rapidinho&#8221;, para n\u00e3o correrem o risco de serem presas. &#8220;N\u00e3o fazia sentido protestar ali s\u00f3 pras funcion\u00e1rias&#8221;.<\/p>\n<p>Ela estava acompanha de Anna Steel, 18, de Nova Lima, e Sabrina Sande, 21, de Ibirit\u00e9, que tamb\u00e9m fizeram topless. Ananda Cronos, de 24 anos, de Belo Horizonte, tirou as fotos do evento. As tr\u00eas mineiras se juntaram ao grupo neste ano.<\/p>\n<p>Ontem (12), Sara e Anna estiveram na cidade do Rio de Janeiro, onde dar\u00e3o palestra sobre como usar o corpo como arma de protesto. Elas tamb\u00e9m pretendem protestar na capital fluminense, mas ainda n\u00e3o definiram contra o qu\u00ea.<\/p>\n<p>A rede Marisa enviou nota em que diz que &#8220;respeita o direito de livre manifesta\u00e7\u00e3o, mas repudia atos violentos que coloquem em risco seus clientes e colaboradores&#8221;.<\/p>\n<p>Sobre o motivo para os protestos, a rede diz que est\u00e1 &#8220;sempre aberta ao di\u00e1logo&#8221; e que &#8220;tem muito orgulho de ter acompanhado a evolu\u00e7\u00e3o da mulher na sociedade&#8221;. &#8220;H\u00e1 mais de 60 anos no mercado, a companhia est\u00e1 presente em todos os estados brasileiros e mais de 70% de seus colaboradores s\u00e3o do sexo feminino&#8221;, conclui a nota.<\/p>\n<p>Apesar de ter sido questionada a respeito, a rede n\u00e3o comentou declara\u00e7\u00f5es das ativistas de que foram agredidas verbalmente, com palavras de baixo cal\u00e3o emitidas por seguran\u00e7as da loja.<\/p>\n<p><em>Fonte: G1<\/em><\/p>\n\n<div style=\"font-size: 0px; height: 0px; line-height: 0px; margin: 0; padding: 0; clear: both;\"><\/div>","protected":false},"excerpt":{"rendered":"<p>Tr\u00eas ativistas do grupo Femen Brazil protestaram na tarde de domingo (11) em uma loja da marca Marisa, de roupas femininas, no centro de Belo Horizonte. Uma quarta integrante do grupo fez as fotos, que j\u00e1 est\u00e3o publicadas no site do movimento. Foi o segundo protesto do Femen Brazil na capital mineira, desta vez contra comerciais da marca que o grupo considerou &#8220;sexistas&#8221;. De shortinhos e topless, com a frase &#8220;Amo meu corpo&#8221; pintada sobre os seios e a barriga, e empunhando cartazes contra a &#8220;ditadura da beleza&#8221;, as tr\u00eas mulheres derrubaram manequins e roupas pelo ch\u00e3o da loja. O <\/p>\n","protected":false},"author":1,"featured_media":0,"comment_status":"open","ping_status":"closed","sticky":false,"template":"","format":"standard","meta":{"footnotes":""},"categories":[6],"tags":[15],"class_list":["post-698","post","type-post","status-publish","format-standard","hentry","category-noticias","tag-belo-horizonte"],"aioseo_notices":[],"aioseo_head":"\n\t\t<!-- All in One SEO 5.0.0.1 - aioseo.com -->\n\t<meta name=\"description\" content=\"Tr\u00eas ativistas do grupo Femen Brazil protestaram na tarde de domingo (11) em uma loja da marca Marisa, de roupas femininas, no centro de Belo Horizonte. Uma quarta integrante do grupo fez as fotos, que j\u00e1 est\u00e3o publicadas no site do movimento. Foi o segundo protesto do Femen Brazil na capital mineira, desta vez contra\" \/>\n\t<meta name=\"robots\" content=\"max-image-preview:large\" \/>\n\t<meta name=\"author\" content=\"Encontra Belo Horizonte\"\/>\n\t<link rel=\"canonical\" href=\"https:\/\/www.encontrabelohorizonte.com.br\/sobre\/ativistas-do-femen-protestam-em-loja-de-roupas-femininas-em-belo-horizonte\/\" \/>\n\t<meta name=\"generator\" content=\"All in One SEO (AIOSEO) 5.0.0.1\" \/>\n\t\t<meta property=\"og:locale\" content=\"pt_BR\" \/>\n\t\t<meta property=\"og:site_name\" content=\"Encontra Belo Horizonte | Not\u00edcias, eventos, informa\u00e7\u00f5es e dicas da cidade de Belo Horizonte e regi\u00e3o\" \/>\n\t\t<meta property=\"og:type\" content=\"article\" \/>\n\t\t<meta property=\"og:title\" content=\"Ativistas do Femen protestam em loja de roupas femininas em Belo Horizonte | Encontra Belo Horizonte\" \/>\n\t\t<meta property=\"og:description\" content=\"Tr\u00eas ativistas do grupo Femen Brazil protestaram na tarde de domingo (11) em uma loja da marca Marisa, de roupas femininas, no centro de Belo Horizonte. Uma quarta integrante do grupo fez as fotos, que j\u00e1 est\u00e3o publicadas no site do movimento. Foi o segundo protesto do Femen Brazil na capital mineira, desta vez contra\" \/>\n\t\t<meta property=\"og:url\" content=\"https:\/\/www.encontrabelohorizonte.com.br\/sobre\/ativistas-do-femen-protestam-em-loja-de-roupas-femininas-em-belo-horizonte\/\" \/>\n\t\t<meta property=\"article:published_time\" content=\"2012-11-13T05:00:55+00:00\" \/>\n\t\t<meta property=\"article:modified_time\" content=\"2019-04-12T18:36:07+00:00\" \/>\n\t\t<meta name=\"twitter:card\" content=\"summary\" \/>\n\t\t<meta name=\"twitter:title\" content=\"Ativistas do Femen protestam em loja de roupas femininas em Belo Horizonte | Encontra Belo Horizonte\" \/>\n\t\t<meta name=\"twitter:description\" content=\"Tr\u00eas ativistas do grupo Femen Brazil protestaram na tarde de domingo (11) em uma loja da marca Marisa, de roupas femininas, no centro de Belo Horizonte. Uma quarta integrante do grupo fez as fotos, que j\u00e1 est\u00e3o publicadas no site do movimento. Foi o segundo protesto do Femen Brazil na capital mineira, desta vez contra\" \/>\n\t\t<script type=\"application\/ld+json\" class=\"aioseo-schema\">\n\t\t\t{\"@context\":\"https:\\\/\\\/schema.org\",\"@graph\":[{\"@type\":\"Article\",\"@id\":\"https:\\\/\\\/www.encontrabelohorizonte.com.br\\\/sobre\\\/ativistas-do-femen-protestam-em-loja-de-roupas-femininas-em-belo-horizonte\\\/#article\",\"name\":\"Ativistas do Femen protestam em loja de roupas femininas em Belo Horizonte | Encontra Belo Horizonte\",\"headline\":\"Ativistas do Femen protestam em loja de roupas femininas em Belo Horizonte\",\"author\":{\"@id\":\"https:\\\/\\\/www.encontrabelohorizonte.com.br\\\/sobre\\\/author\\\/ebelohorizonte\\\/#author\"},\"publisher\":{\"@id\":\"https:\\\/\\\/www.encontrabelohorizonte.com.br\\\/sobre\\\/#organization\"},\"datePublished\":\"2012-11-13T05:00:55-02:00\",\"dateModified\":\"2019-04-12T18:36:07-03:00\",\"inLanguage\":\"pt-BR\",\"mainEntityOfPage\":{\"@id\":\"https:\\\/\\\/www.encontrabelohorizonte.com.br\\\/sobre\\\/ativistas-do-femen-protestam-em-loja-de-roupas-femininas-em-belo-horizonte\\\/#webpage\"},\"isPartOf\":{\"@id\":\"https:\\\/\\\/www.encontrabelohorizonte.com.br\\\/sobre\\\/ativistas-do-femen-protestam-em-loja-de-roupas-femininas-em-belo-horizonte\\\/#webpage\"},\"articleSection\":\"Not\\u00edcias Belo Horizonte, Belo Horizonte\"},{\"@type\":\"BreadcrumbList\",\"@id\":\"https:\\\/\\\/www.encontrabelohorizonte.com.br\\\/sobre\\\/ativistas-do-femen-protestam-em-loja-de-roupas-femininas-em-belo-horizonte\\\/#breadcrumblist\",\"itemListElement\":[{\"@type\":\"ListItem\",\"@id\":\"https:\\\/\\\/www.encontrabelohorizonte.com.br\\\/sobre#listItem\",\"position\":1,\"name\":\"In\\u00edcio\",\"item\":\"https:\\\/\\\/www.encontrabelohorizonte.com.br\\\/sobre\",\"nextItem\":{\"@type\":\"ListItem\",\"@id\":\"https:\\\/\\\/www.encontrabelohorizonte.com.br\\\/sobre\\\/noticias\\\/#listItem\",\"name\":\"Not\\u00edcias Belo Horizonte\"}},{\"@type\":\"ListItem\",\"@id\":\"https:\\\/\\\/www.encontrabelohorizonte.com.br\\\/sobre\\\/noticias\\\/#listItem\",\"position\":2,\"name\":\"Not\\u00edcias Belo Horizonte\",\"item\":\"https:\\\/\\\/www.encontrabelohorizonte.com.br\\\/sobre\\\/noticias\\\/\",\"nextItem\":{\"@type\":\"ListItem\",\"@id\":\"https:\\\/\\\/www.encontrabelohorizonte.com.br\\\/sobre\\\/ativistas-do-femen-protestam-em-loja-de-roupas-femininas-em-belo-horizonte\\\/#listItem\",\"name\":\"Ativistas do Femen protestam em loja de roupas femininas em Belo Horizonte\"},\"previousItem\":{\"@type\":\"ListItem\",\"@id\":\"https:\\\/\\\/www.encontrabelohorizonte.com.br\\\/sobre#listItem\",\"name\":\"In\\u00edcio\"}},{\"@type\":\"ListItem\",\"@id\":\"https:\\\/\\\/www.encontrabelohorizonte.com.br\\\/sobre\\\/ativistas-do-femen-protestam-em-loja-de-roupas-femininas-em-belo-horizonte\\\/#listItem\",\"position\":3,\"name\":\"Ativistas do Femen protestam em loja de roupas femininas em Belo Horizonte\",\"previousItem\":{\"@type\":\"ListItem\",\"@id\":\"https:\\\/\\\/www.encontrabelohorizonte.com.br\\\/sobre\\\/noticias\\\/#listItem\",\"name\":\"Not\\u00edcias Belo Horizonte\"}}]},{\"@type\":\"Organization\",\"@id\":\"https:\\\/\\\/www.encontrabelohorizonte.com.br\\\/sobre\\\/#organization\",\"name\":\"Encontra Belo Horizonte\",\"description\":\"Not\\u00edcias, eventos, informa\\u00e7\\u00f5es e dicas da cidade de Belo Horizonte e regi\\u00e3o\",\"url\":\"https:\\\/\\\/www.encontrabelohorizonte.com.br\\\/sobre\\\/\"},{\"@type\":\"Person\",\"@id\":\"https:\\\/\\\/www.encontrabelohorizonte.com.br\\\/sobre\\\/author\\\/ebelohorizonte\\\/#author\",\"url\":\"https:\\\/\\\/www.encontrabelohorizonte.com.br\\\/sobre\\\/author\\\/ebelohorizonte\\\/\",\"name\":\"Encontra Belo Horizonte\",\"image\":{\"@type\":\"ImageObject\",\"@id\":\"https:\\\/\\\/www.encontrabelohorizonte.com.br\\\/sobre\\\/ativistas-do-femen-protestam-em-loja-de-roupas-femininas-em-belo-horizonte\\\/#authorImage\",\"url\":\"https:\\\/\\\/secure.gravatar.com\\\/avatar\\\/507340682b8270222e1f208e23198b6ae7e2c6a1033ae84e99bc6bce4f82a387?s=96&d=mm&r=g\",\"width\":96,\"height\":96,\"caption\":\"Encontra Belo Horizonte\"}},{\"@type\":\"WebPage\",\"@id\":\"https:\\\/\\\/www.encontrabelohorizonte.com.br\\\/sobre\\\/ativistas-do-femen-protestam-em-loja-de-roupas-femininas-em-belo-horizonte\\\/#webpage\",\"url\":\"https:\\\/\\\/www.encontrabelohorizonte.com.br\\\/sobre\\\/ativistas-do-femen-protestam-em-loja-de-roupas-femininas-em-belo-horizonte\\\/\",\"name\":\"Ativistas do Femen protestam em loja de roupas femininas em Belo Horizonte | Encontra Belo Horizonte\",\"description\":\"Tr\\u00eas ativistas do grupo Femen Brazil protestaram na tarde de domingo (11) em uma loja da marca Marisa, de roupas femininas, no centro de Belo Horizonte. Uma quarta integrante do grupo fez as fotos, que j\\u00e1 est\\u00e3o publicadas no site do movimento. Foi o segundo protesto do Femen Brazil na capital mineira, desta vez contra\",\"inLanguage\":\"pt-BR\",\"isPartOf\":{\"@id\":\"https:\\\/\\\/www.encontrabelohorizonte.com.br\\\/sobre\\\/#website\"},\"breadcrumb\":{\"@id\":\"https:\\\/\\\/www.encontrabelohorizonte.com.br\\\/sobre\\\/ativistas-do-femen-protestam-em-loja-de-roupas-femininas-em-belo-horizonte\\\/#breadcrumblist\"},\"author\":{\"@id\":\"https:\\\/\\\/www.encontrabelohorizonte.com.br\\\/sobre\\\/author\\\/ebelohorizonte\\\/#author\"},\"creator\":{\"@id\":\"https:\\\/\\\/www.encontrabelohorizonte.com.br\\\/sobre\\\/author\\\/ebelohorizonte\\\/#author\"},\"datePublished\":\"2012-11-13T05:00:55-02:00\",\"dateModified\":\"2019-04-12T18:36:07-03:00\"},{\"@type\":\"WebSite\",\"@id\":\"https:\\\/\\\/www.encontrabelohorizonte.com.br\\\/sobre\\\/#website\",\"url\":\"https:\\\/\\\/www.encontrabelohorizonte.com.br\\\/sobre\\\/\",\"name\":\"Encontra Belo Horizonte\",\"description\":\"Not\\u00edcias, eventos, informa\\u00e7\\u00f5es e dicas da cidade de Belo Horizonte e regi\\u00e3o\",\"inLanguage\":\"pt-BR\",\"publisher\":{\"@id\":\"https:\\\/\\\/www.encontrabelohorizonte.com.br\\\/sobre\\\/#organization\"}}]}\n\t\t<\/script>\n\t\t<!-- All in One SEO -->\n\n","aioseo_head_json":{"title":"Ativistas do Femen protestam em loja de roupas femininas em Belo Horizonte | Encontra Belo Horizonte","description":"Tr\u00eas ativistas do grupo Femen Brazil protestaram na tarde de domingo (11) em uma loja da marca Marisa, de roupas femininas, no centro de Belo Horizonte. Uma quarta integrante do grupo fez as fotos, que j\u00e1 est\u00e3o publicadas no site do movimento. Foi o segundo protesto do Femen Brazil na capital mineira, desta vez contra","canonical_url":"https:\/\/www.encontrabelohorizonte.com.br\/sobre\/ativistas-do-femen-protestam-em-loja-de-roupas-femininas-em-belo-horizonte\/","robots":"max-image-preview:large","keywords":"","webmasterTools":{"miscellaneous":""},"schema":{"@context":"https:\/\/schema.org","@graph":[{"@type":"Article","@id":"https:\/\/www.encontrabelohorizonte.com.br\/sobre\/ativistas-do-femen-protestam-em-loja-de-roupas-femininas-em-belo-horizonte\/#article","name":"Ativistas do Femen protestam em loja de roupas femininas em Belo Horizonte | Encontra Belo Horizonte","headline":"Ativistas do Femen protestam em loja de roupas femininas em Belo Horizonte","author":{"@id":"https:\/\/www.encontrabelohorizonte.com.br\/sobre\/author\/ebelohorizonte\/#author"},"publisher":{"@id":"https:\/\/www.encontrabelohorizonte.com.br\/sobre\/#organization"},"datePublished":"2012-11-13T05:00:55-02:00","dateModified":"2019-04-12T18:36:07-03:00","inLanguage":"pt-BR","mainEntityOfPage":{"@id":"https:\/\/www.encontrabelohorizonte.com.br\/sobre\/ativistas-do-femen-protestam-em-loja-de-roupas-femininas-em-belo-horizonte\/#webpage"},"isPartOf":{"@id":"https:\/\/www.encontrabelohorizonte.com.br\/sobre\/ativistas-do-femen-protestam-em-loja-de-roupas-femininas-em-belo-horizonte\/#webpage"},"articleSection":"Not\u00edcias Belo Horizonte, Belo Horizonte"},{"@type":"BreadcrumbList","@id":"https:\/\/www.encontrabelohorizonte.com.br\/sobre\/ativistas-do-femen-protestam-em-loja-de-roupas-femininas-em-belo-horizonte\/#breadcrumblist","itemListElement":[{"@type":"ListItem","@id":"https:\/\/www.encontrabelohorizonte.com.br\/sobre#listItem","position":1,"name":"In\u00edcio","item":"https:\/\/www.encontrabelohorizonte.com.br\/sobre","nextItem":{"@type":"ListItem","@id":"https:\/\/www.encontrabelohorizonte.com.br\/sobre\/noticias\/#listItem","name":"Not\u00edcias Belo Horizonte"}},{"@type":"ListItem","@id":"https:\/\/www.encontrabelohorizonte.com.br\/sobre\/noticias\/#listItem","position":2,"name":"Not\u00edcias Belo Horizonte","item":"https:\/\/www.encontrabelohorizonte.com.br\/sobre\/noticias\/","nextItem":{"@type":"ListItem","@id":"https:\/\/www.encontrabelohorizonte.com.br\/sobre\/ativistas-do-femen-protestam-em-loja-de-roupas-femininas-em-belo-horizonte\/#listItem","name":"Ativistas do Femen protestam em loja de roupas femininas em Belo Horizonte"},"previousItem":{"@type":"ListItem","@id":"https:\/\/www.encontrabelohorizonte.com.br\/sobre#listItem","name":"In\u00edcio"}},{"@type":"ListItem","@id":"https:\/\/www.encontrabelohorizonte.com.br\/sobre\/ativistas-do-femen-protestam-em-loja-de-roupas-femininas-em-belo-horizonte\/#listItem","position":3,"name":"Ativistas do Femen protestam em loja de roupas femininas em Belo Horizonte","previousItem":{"@type":"ListItem","@id":"https:\/\/www.encontrabelohorizonte.com.br\/sobre\/noticias\/#listItem","name":"Not\u00edcias Belo Horizonte"}}]},{"@type":"Organization","@id":"https:\/\/www.encontrabelohorizonte.com.br\/sobre\/#organization","name":"Encontra Belo Horizonte","description":"Not\u00edcias, eventos, informa\u00e7\u00f5es e dicas da cidade de Belo Horizonte e regi\u00e3o","url":"https:\/\/www.encontrabelohorizonte.com.br\/sobre\/"},{"@type":"Person","@id":"https:\/\/www.encontrabelohorizonte.com.br\/sobre\/author\/ebelohorizonte\/#author","url":"https:\/\/www.encontrabelohorizonte.com.br\/sobre\/author\/ebelohorizonte\/","name":"Encontra Belo Horizonte","image":{"@type":"ImageObject","@id":"https:\/\/www.encontrabelohorizonte.com.br\/sobre\/ativistas-do-femen-protestam-em-loja-de-roupas-femininas-em-belo-horizonte\/#authorImage","url":"https:\/\/secure.gravatar.com\/avatar\/507340682b8270222e1f208e23198b6ae7e2c6a1033ae84e99bc6bce4f82a387?s=96&d=mm&r=g","width":96,"height":96,"caption":"Encontra Belo Horizonte"}},{"@type":"WebPage","@id":"https:\/\/www.encontrabelohorizonte.com.br\/sobre\/ativistas-do-femen-protestam-em-loja-de-roupas-femininas-em-belo-horizonte\/#webpage","url":"https:\/\/www.encontrabelohorizonte.com.br\/sobre\/ativistas-do-femen-protestam-em-loja-de-roupas-femininas-em-belo-horizonte\/","name":"Ativistas do Femen protestam em loja de roupas femininas em Belo Horizonte | Encontra Belo Horizonte","description":"Tr\u00eas ativistas do grupo Femen Brazil protestaram na tarde de domingo (11) em uma loja da marca Marisa, de roupas femininas, no centro de Belo Horizonte. Uma quarta integrante do grupo fez as fotos, que j\u00e1 est\u00e3o publicadas no site do movimento. Foi o segundo protesto do Femen Brazil na capital mineira, desta vez contra","inLanguage":"pt-BR","isPartOf":{"@id":"https:\/\/www.encontrabelohorizonte.com.br\/sobre\/#website"},"breadcrumb":{"@id":"https:\/\/www.encontrabelohorizonte.com.br\/sobre\/ativistas-do-femen-protestam-em-loja-de-roupas-femininas-em-belo-horizonte\/#breadcrumblist"},"author":{"@id":"https:\/\/www.encontrabelohorizonte.com.br\/sobre\/author\/ebelohorizonte\/#author"},"creator":{"@id":"https:\/\/www.encontrabelohorizonte.com.br\/sobre\/author\/ebelohorizonte\/#author"},"datePublished":"2012-11-13T05:00:55-02:00","dateModified":"2019-04-12T18:36:07-03:00"},{"@type":"WebSite","@id":"https:\/\/www.encontrabelohorizonte.com.br\/sobre\/#website","url":"https:\/\/www.encontrabelohorizonte.com.br\/sobre\/","name":"Encontra Belo Horizonte","description":"Not\u00edcias, eventos, informa\u00e7\u00f5es e dicas da cidade de Belo Horizonte e regi\u00e3o","inLanguage":"pt-BR","publisher":{"@id":"https:\/\/www.encontrabelohorizonte.com.br\/sobre\/#organization"}}]},"og:locale":"pt_BR","og:site_name":"Encontra Belo Horizonte | Not\u00edcias, eventos, informa\u00e7\u00f5es e dicas da cidade de Belo Horizonte e regi\u00e3o","og:type":"article","og:title":"Ativistas do Femen protestam em loja de roupas femininas em Belo Horizonte | Encontra Belo Horizonte","og:description":"Tr\u00eas ativistas do grupo Femen Brazil protestaram na tarde de domingo (11) em uma loja da marca Marisa, de roupas femininas, no centro de Belo Horizonte. Uma quarta integrante do grupo fez as fotos, que j\u00e1 est\u00e3o publicadas no site do movimento. Foi o segundo protesto do Femen Brazil na capital mineira, desta vez contra","og:url":"https:\/\/www.encontrabelohorizonte.com.br\/sobre\/ativistas-do-femen-protestam-em-loja-de-roupas-femininas-em-belo-horizonte\/","article:published_time":"2012-11-13T05:00:55+00:00","article:modified_time":"2019-04-12T18:36:07+00:00","twitter:card":"summary","twitter:title":"Ativistas do Femen protestam em loja de roupas femininas em Belo Horizonte | Encontra Belo Horizonte","twitter:description":"Tr\u00eas ativistas do grupo Femen Brazil protestaram na tarde de domingo (11) em uma loja da marca Marisa, de roupas femininas, no centro de Belo Horizonte. Uma quarta integrante do grupo fez as fotos, que j\u00e1 est\u00e3o publicadas no site do movimento. Foi o segundo protesto do Femen Brazil na capital mineira, desta vez contra"},"aioseo_meta_data":{"post_id":"698","title":null,"description":null,"keywords":null,"keyphrases":null,"primary_term":null,"canonical_url":null,"og_title":null,"og_description":null,"og_object_type":"default","og_image_type":"default","og_image_url":null,"og_image_width":null,"og_image_height":null,"og_image_custom_url":null,"og_image_custom_fields":null,"og_video":null,"og_custom_url":null,"og_article_section":null,"og_article_tags":null,"twitter_use_og":false,"twitter_card":"default","twitter_image_type":"default","twitter_image_url":null,"twitter_image_custom_url":null,"twitter_image_custom_fields":null,"twitter_title":null,"twitter_description":null,"schema":{"blockGraphs":[],"customGraphs":[],"default":{"data":{"Article":[],"Course":[],"Dataset":[],"FAQPage":[],"Movie":[],"Person":[],"Product":[],"ProductReview":[],"Car":[],"Recipe":[],"Service":[],"SoftwareApplication":[],"WebPage":[]},"graphName":"Article","isEnabled":true},"graphs":[]},"schema_type":null,"schema_type_options":null,"pillar_content":false,"robots_default":true,"robots_noindex":false,"robots_noarchive":false,"robots_nosnippet":false,"robots_nofollow":false,"robots_noimageindex":false,"robots_noodp":false,"robots_notranslate":false,"robots_max_snippet":null,"robots_max_videopreview":null,"robots_max_imagepreview":"large","priority":null,"frequency":null,"local_seo":null,"breadcrumb_settings":null,"limit_modified_date":false,"ai":null,"created":"2022-01-15 03:35:12","updated":"2025-09-27 03:51:00","focus_keyword":null,"additional_keywords":null,"truseo_locale":null,"seo_analyzer_scan_date":null},"aioseo_breadcrumb":"<div class=\"aioseo-breadcrumbs\"><span class=\"aioseo-breadcrumb\">\n\t\t\t<a href=\"https:\/\/www.encontrabelohorizonte.com.br\/sobre\" title=\"In\u00edcio\">In\u00edcio<\/a>\n\t\t<\/span><span class=\"aioseo-breadcrumb-separator\">&raquo;<\/span><span class=\"aioseo-breadcrumb\">\n\t\t\t<a href=\"https:\/\/www.encontrabelohorizonte.com.br\/sobre\/noticias\/\" title=\"Not\u00edcias Belo Horizonte\">Not\u00edcias Belo Horizonte<\/a>\n\t\t<\/span><span class=\"aioseo-breadcrumb-separator\">&raquo;<\/span><span class=\"aioseo-breadcrumb\">\n\t\t\tAtivistas do Femen protestam em loja de roupas femininas em Belo Horizonte\n\t\t<\/span><\/div>","aioseo_breadcrumb_json":[{"label":"In\u00edcio","link":"https:\/\/www.encontrabelohorizonte.com.br\/sobre"},{"label":"Not\u00edcias Belo Horizonte","link":"https:\/\/www.encontrabelohorizonte.com.br\/sobre\/noticias\/"},{"label":"Ativistas do Femen protestam em loja de roupas femininas em Belo Horizonte","link":"https:\/\/www.encontrabelohorizonte.com.br\/sobre\/ativistas-do-femen-protestam-em-loja-de-roupas-femininas-em-belo-horizonte\/"}],"_links":{"self":[{"href":"https:\/\/www.encontrabelohorizonte.com.br\/sobre\/wp-json\/wp\/v2\/posts\/698","targetHints":{"allow":["GET"]}}],"collection":[{"href":"https:\/\/www.encontrabelohorizonte.com.br\/sobre\/wp-json\/wp\/v2\/posts"}],"about":[{"href":"https:\/\/www.encontrabelohorizonte.com.br\/sobre\/wp-json\/wp\/v2\/types\/post"}],"author":[{"embeddable":true,"href":"https:\/\/www.encontrabelohorizonte.com.br\/sobre\/wp-json\/wp\/v2\/users\/1"}],"replies":[{"embeddable":true,"href":"https:\/\/www.encontrabelohorizonte.com.br\/sobre\/wp-json\/wp\/v2\/comments?post=698"}],"version-history":[{"count":0,"href":"https:\/\/www.encontrabelohorizonte.com.br\/sobre\/wp-json\/wp\/v2\/posts\/698\/revisions"}],"wp:attachment":[{"href":"https:\/\/www.encontrabelohorizonte.com.br\/sobre\/wp-json\/wp\/v2\/media?parent=698"}],"wp:term":[{"taxonomy":"category","embeddable":true,"href":"https:\/\/www.encontrabelohorizonte.com.br\/sobre\/wp-json\/wp\/v2\/categories?post=698"},{"taxonomy":"post_tag","embeddable":true,"href":"https:\/\/www.encontrabelohorizonte.com.br\/sobre\/wp-json\/wp\/v2\/tags?post=698"}],"curies":[{"name":"wp","href":"https:\/\/api.w.org\/{rel}","templated":true}]}}