{"id":74,"date":"2012-02-13T14:29:38","date_gmt":"2012-02-13T14:29:38","guid":{"rendered":"http:\/\/www.encontrabelohorizonte.com.br\/noticias\/?p=74"},"modified":"2019-04-12T18:36:58","modified_gmt":"2019-04-12T18:36:58","slug":"passageiros-devem-ficar-atentos-aos-embarques-durante-o-carnaval-em-belo-horizonte","status":"publish","type":"post","link":"https:\/\/www.encontrabelohorizonte.com.br\/sobre\/passageiros-devem-ficar-atentos-aos-embarques-durante-o-carnaval-em-belo-horizonte\/","title":{"rendered":"Passageiros devem ficar atentos aos embarques durante o carnaval em Belo Horizonte"},"content":{"rendered":"<div class=\"2e083cf0b19e2c11948dc6ac054ba979\" data-index=\"1\" style=\"float: none; margin:0px;\">\n<!-- Anuncio display - global -->\r\n<ins class=\"adsbygoogle\"\r\n     style=\"display:block\"\r\n     data-ad-client=\"ca-pub-8585364105181520\"\r\n     data-ad-slot=\"8789329856\"\r\n     data-ad-format=\"auto\"\r\n     data-full-width-responsive=\"true\"><\/ins>\r\n<script>\r\n     (adsbygoogle = window.adsbygoogle || []).push({});\r\n<\/script>\n<\/div>\n<p>Os mineiros que pretendem viajar de \u00f4nibus neste carnaval devem ficar atentos, a partir desta segunda-feira (13), com os embarques que n\u00e3o ser\u00e3o todos realizados pelo Terminal Rodovi\u00e1rio Governador Israel Pinheiro. At\u00e9 o dia 27, deste m\u00eas, algumas viagens ser\u00e3o feitas pela Esta\u00e7\u00e3o S\u00e3o Gabriel.<\/p>\n<p>A opera\u00e7\u00e3o Rodovi\u00e1ria Carnaval vai garantir mais conforto aos passageiros e reduzir o tr\u00e2nsito na Regi\u00e3o Central da Cidade Belo Horizonte. Os \u00f4nibus que v\u00e3o para o Nordeste, Esp\u00edrito Santo, Bras\u00edlia,\u00a0S\u00e3o Jo\u00e3o da Barra e\u00a0Campos dos Goytacazes, no Rio de Janeiro v\u00e3o sair da esta\u00e7\u00e3o. As passagens para esses destinos podem ser compradas no Terminal Rodovi\u00e1rio e no S\u00e3o Gabriel.<\/p>\n<p>Fonte: <em>G1<\/em><\/p>\n\n<div style=\"font-size: 0px; height: 0px; line-height: 0px; margin: 0; padding: 0; clear: both;\"><\/div>","protected":false},"excerpt":{"rendered":"<p>Os mineiros que pretendem viajar de \u00f4nibus neste carnaval devem ficar atentos, a partir desta segunda-feira (13), com os embarques que n\u00e3o ser\u00e3o todos realizados pelo Terminal Rodovi\u00e1rio Governador Israel Pinheiro. At\u00e9 o dia 27, deste m\u00eas, algumas viagens ser\u00e3o feitas pela Esta\u00e7\u00e3o S\u00e3o Gabriel. A opera\u00e7\u00e3o Rodovi\u00e1ria Carnaval vai garantir mais conforto aos passageiros e reduzir o tr\u00e2nsito na Regi\u00e3o Central da Cidade Belo Horizonte. Os \u00f4nibus que v\u00e3o para o Nordeste, Esp\u00edrito Santo, Bras\u00edlia,\u00a0S\u00e3o Jo\u00e3o da Barra e\u00a0Campos dos Goytacazes, no Rio de Janeiro v\u00e3o sair da esta\u00e7\u00e3o. As passagens para esses destinos podem ser compradas no Terminal <\/p>\n","protected":false},"author":1,"featured_media":0,"comment_status":"open","ping_status":"closed","sticky":false,"template":"","format":"standard","meta":{"footnotes":""},"categories":[6],"tags":[15],"class_list":["post-74","post","type-post","status-publish","format-standard","hentry","category-noticias","tag-belo-horizonte"],"aioseo_notices":[],"_links":{"self":[{"href":"https:\/\/www.encontrabelohorizonte.com.br\/sobre\/wp-json\/wp\/v2\/posts\/74","targetHints":{"allow":["GET"]}}],"collection":[{"href":"https:\/\/www.encontrabelohorizonte.com.br\/sobre\/wp-json\/wp\/v2\/posts"}],"about":[{"href":"https:\/\/www.encontrabelohorizonte.com.br\/sobre\/wp-json\/wp\/v2\/types\/post"}],"author":[{"embeddable":true,"href":"https:\/\/www.encontrabelohorizonte.com.br\/sobre\/wp-json\/wp\/v2\/users\/1"}],"replies":[{"embeddable":true,"href":"https:\/\/www.encontrabelohorizonte.com.br\/sobre\/wp-json\/wp\/v2\/comments?post=74"}],"version-history":[{"count":0,"href":"https:\/\/www.encontrabelohorizonte.com.br\/sobre\/wp-json\/wp\/v2\/posts\/74\/revisions"}],"wp:attachment":[{"href":"https:\/\/www.encontrabelohorizonte.com.br\/sobre\/wp-json\/wp\/v2\/media?parent=74"}],"wp:term":[{"taxonomy":"category","embeddable":true,"href":"https:\/\/www.encontrabelohorizonte.com.br\/sobre\/wp-json\/wp\/v2\/categories?post=74"},{"taxonomy":"post_tag","embeddable":true,"href":"https:\/\/www.encontrabelohorizonte.com.br\/sobre\/wp-json\/wp\/v2\/tags?post=74"}],"curies":[{"name":"wp","href":"https:\/\/api.w.org\/{rel}","templated":true}]}}