{"id":752,"date":"2012-11-28T16:48:28","date_gmt":"2012-11-28T16:48:28","guid":{"rendered":"http:\/\/www.encontrabelohorizonte.com.br\/noticias\/?p=752"},"modified":"2019-04-12T18:36:05","modified_gmt":"2019-04-12T18:36:05","slug":"defesa-civil-emite-alerta-de-chuvas-fortes-em-belo-horizonte","status":"publish","type":"post","link":"https:\/\/www.encontrabelohorizonte.com.br\/sobre\/defesa-civil-emite-alerta-de-chuvas-fortes-em-belo-horizonte\/","title":{"rendered":"Defesa Civil emite alerta de chuvas fortes em Belo Horizonte"},"content":{"rendered":"<div class=\"2e083cf0b19e2c11948dc6ac054ba979\" data-index=\"1\" style=\"float: none; margin:0px;\">\n<!-- Anuncio display - global -->\r\n<ins class=\"adsbygoogle\"\r\n     style=\"display:block\"\r\n     data-ad-client=\"ca-pub-8585364105181520\"\r\n     data-ad-slot=\"8789329856\"\r\n     data-ad-format=\"auto\"\r\n     data-full-width-responsive=\"true\"><\/ins>\r\n<script>\r\n     (adsbygoogle = window.adsbygoogle || []).push({});\r\n<\/script>\n<\/div>\n<p>A Coordenadoria Municipal de Defesa Civil (Comdec) emitiu um alerta de pancada de chuvas de moderada \u00e0 forte at\u00e9 \u00e0s 8h desta quarta-feira (28). De acordo com o Centro Meteorol\u00f3gico da Companhia Energ\u00e9tica de Minas Gerais (Cemig), a frente fria que est\u00e1 sobre o estado h\u00e1 cerca de quatro dias continua atuando na capital at\u00e9 a noite de quarta, mas depois enfraquece dando lugar ao sol. Ainda segundo a Cemig, no m\u00eas de novembro j\u00e1 choveu 55% acima do esperado em Belo Horizonte.<\/p>\n<p>O alerta da Defesa Civil \u00e9, tamb\u00e9m, para raios e rajadas de vento, que podem ultrapassar os 50km\/h. A recomenda\u00e7\u00e3o \u00e9 que a popula\u00e7\u00e3o evite \u00e1reas de inunda\u00e7\u00e3o e n\u00e3o trafegue em ruas sujeitas a alagamentos localizados. \u00c1reas de encostas e morros devem receber aten\u00e7\u00e3o especial, pois o solo est\u00e1 encharcado devido \u00e0s chuvas dos \u00faltimos dias. \u00c9 importante lembrar que c\u00f3rregos e rios est\u00e3o com o n\u00edvel de \u00e1gua alterada em fun\u00e7\u00e3o das chuvas recentes, sujeitos a transbordamento, por isso, se poss\u00edvel, o melhor \u00e9 evitar estas \u00e1reas durante os momentos de chuva.<\/p>\n<p>A previs\u00e3o para esta quarta-feira (28) \u00e9 de tempo abafado. A diferen\u00e7a \u00e9 que o c\u00e9u deve abrir um pouco mais na Regi\u00e3o Metropolitana de Belo Horizonte, por causa do calor e da alta umidade, volta a possibilidade de pancadas de chuva durante a tarde e \u00e0 noite. A temperatura, de acordo com a Cemig, varia entre 19\u00b0C e 28\u00b0C durante o dia.<\/p>\n<p><em>Fonte: G1<\/em><\/p>\n\n<div style=\"font-size: 0px; height: 0px; line-height: 0px; margin: 0; padding: 0; clear: both;\"><\/div>","protected":false},"excerpt":{"rendered":"<p>A Coordenadoria Municipal de Defesa Civil (Comdec) emitiu um alerta de pancada de chuvas de moderada \u00e0 forte at\u00e9 \u00e0s 8h desta quarta-feira (28). De acordo com o Centro Meteorol\u00f3gico da Companhia Energ\u00e9tica de Minas Gerais (Cemig), a frente fria que est\u00e1 sobre o estado h\u00e1 cerca de quatro dias continua atuando na capital at\u00e9 a noite de quarta, mas depois enfraquece dando lugar ao sol. Ainda segundo a Cemig, no m\u00eas de novembro j\u00e1 choveu 55% acima do esperado em Belo Horizonte. O alerta da Defesa Civil \u00e9, tamb\u00e9m, para raios e rajadas de vento, que podem ultrapassar os <\/p>\n","protected":false},"author":1,"featured_media":0,"comment_status":"open","ping_status":"closed","sticky":false,"template":"","format":"standard","meta":{"footnotes":""},"categories":[6],"tags":[15],"class_list":["post-752","post","type-post","status-publish","format-standard","hentry","category-noticias","tag-belo-horizonte"],"aioseo_notices":[],"aioseo_head":"\n\t\t<!-- All in One SEO 5.0.0.1 - aioseo.com -->\n\t<meta name=\"description\" content=\"A Coordenadoria Municipal de Defesa Civil (Comdec) emitiu um alerta de pancada de chuvas de moderada \u00e0 forte at\u00e9 \u00e0s 8h desta quarta-feira (28). De acordo com o Centro Meteorol\u00f3gico da Companhia Energ\u00e9tica de Minas Gerais (Cemig), a frente fria que est\u00e1 sobre o estado h\u00e1 cerca de quatro dias continua atuando na capital at\u00e9\" \/>\n\t<meta name=\"robots\" content=\"max-image-preview:large\" \/>\n\t<meta name=\"author\" content=\"Encontra Belo Horizonte\"\/>\n\t<link rel=\"canonical\" href=\"https:\/\/www.encontrabelohorizonte.com.br\/sobre\/defesa-civil-emite-alerta-de-chuvas-fortes-em-belo-horizonte\/\" \/>\n\t<meta name=\"generator\" content=\"All in One SEO (AIOSEO) 5.0.0.1\" \/>\n\t\t<meta property=\"og:locale\" content=\"pt_BR\" \/>\n\t\t<meta property=\"og:site_name\" content=\"Encontra Belo Horizonte | Not\u00edcias, eventos, informa\u00e7\u00f5es e dicas da cidade de Belo Horizonte e regi\u00e3o\" \/>\n\t\t<meta property=\"og:type\" content=\"article\" \/>\n\t\t<meta property=\"og:title\" content=\"Defesa Civil emite alerta de chuvas fortes em Belo Horizonte | Encontra Belo Horizonte\" \/>\n\t\t<meta property=\"og:description\" content=\"A Coordenadoria Municipal de Defesa Civil (Comdec) emitiu um alerta de pancada de chuvas de moderada \u00e0 forte at\u00e9 \u00e0s 8h desta quarta-feira (28). De acordo com o Centro Meteorol\u00f3gico da Companhia Energ\u00e9tica de Minas Gerais (Cemig), a frente fria que est\u00e1 sobre o estado h\u00e1 cerca de quatro dias continua atuando na capital at\u00e9\" \/>\n\t\t<meta property=\"og:url\" content=\"https:\/\/www.encontrabelohorizonte.com.br\/sobre\/defesa-civil-emite-alerta-de-chuvas-fortes-em-belo-horizonte\/\" \/>\n\t\t<meta property=\"article:published_time\" content=\"2012-11-28T16:48:28+00:00\" \/>\n\t\t<meta property=\"article:modified_time\" content=\"2019-04-12T18:36:05+00:00\" \/>\n\t\t<meta name=\"twitter:card\" content=\"summary\" \/>\n\t\t<meta name=\"twitter:title\" content=\"Defesa Civil emite alerta de chuvas fortes em Belo Horizonte | Encontra Belo Horizonte\" \/>\n\t\t<meta name=\"twitter:description\" content=\"A Coordenadoria Municipal de Defesa Civil (Comdec) emitiu um alerta de pancada de chuvas de moderada \u00e0 forte at\u00e9 \u00e0s 8h desta quarta-feira (28). De acordo com o Centro Meteorol\u00f3gico da Companhia Energ\u00e9tica de Minas Gerais (Cemig), a frente fria que est\u00e1 sobre o estado h\u00e1 cerca de quatro dias continua atuando na capital at\u00e9\" \/>\n\t\t<script type=\"application\/ld+json\" class=\"aioseo-schema\">\n\t\t\t{\"@context\":\"https:\\\/\\\/schema.org\",\"@graph\":[{\"@type\":\"Article\",\"@id\":\"https:\\\/\\\/www.encontrabelohorizonte.com.br\\\/sobre\\\/defesa-civil-emite-alerta-de-chuvas-fortes-em-belo-horizonte\\\/#article\",\"name\":\"Defesa Civil emite alerta de chuvas fortes em Belo Horizonte | Encontra Belo Horizonte\",\"headline\":\"Defesa Civil emite alerta de chuvas fortes em Belo Horizonte\",\"author\":{\"@id\":\"https:\\\/\\\/www.encontrabelohorizonte.com.br\\\/sobre\\\/author\\\/ebelohorizonte\\\/#author\"},\"publisher\":{\"@id\":\"https:\\\/\\\/www.encontrabelohorizonte.com.br\\\/sobre\\\/#organization\"},\"datePublished\":\"2012-11-28T16:48:28-02:00\",\"dateModified\":\"2019-04-12T18:36:05-03:00\",\"inLanguage\":\"pt-BR\",\"mainEntityOfPage\":{\"@id\":\"https:\\\/\\\/www.encontrabelohorizonte.com.br\\\/sobre\\\/defesa-civil-emite-alerta-de-chuvas-fortes-em-belo-horizonte\\\/#webpage\"},\"isPartOf\":{\"@id\":\"https:\\\/\\\/www.encontrabelohorizonte.com.br\\\/sobre\\\/defesa-civil-emite-alerta-de-chuvas-fortes-em-belo-horizonte\\\/#webpage\"},\"articleSection\":\"Not\\u00edcias Belo Horizonte, Belo Horizonte\"},{\"@type\":\"BreadcrumbList\",\"@id\":\"https:\\\/\\\/www.encontrabelohorizonte.com.br\\\/sobre\\\/defesa-civil-emite-alerta-de-chuvas-fortes-em-belo-horizonte\\\/#breadcrumblist\",\"itemListElement\":[{\"@type\":\"ListItem\",\"@id\":\"https:\\\/\\\/www.encontrabelohorizonte.com.br\\\/sobre#listItem\",\"position\":1,\"name\":\"In\\u00edcio\",\"item\":\"https:\\\/\\\/www.encontrabelohorizonte.com.br\\\/sobre\",\"nextItem\":{\"@type\":\"ListItem\",\"@id\":\"https:\\\/\\\/www.encontrabelohorizonte.com.br\\\/sobre\\\/noticias\\\/#listItem\",\"name\":\"Not\\u00edcias Belo Horizonte\"}},{\"@type\":\"ListItem\",\"@id\":\"https:\\\/\\\/www.encontrabelohorizonte.com.br\\\/sobre\\\/noticias\\\/#listItem\",\"position\":2,\"name\":\"Not\\u00edcias Belo Horizonte\",\"item\":\"https:\\\/\\\/www.encontrabelohorizonte.com.br\\\/sobre\\\/noticias\\\/\",\"nextItem\":{\"@type\":\"ListItem\",\"@id\":\"https:\\\/\\\/www.encontrabelohorizonte.com.br\\\/sobre\\\/defesa-civil-emite-alerta-de-chuvas-fortes-em-belo-horizonte\\\/#listItem\",\"name\":\"Defesa Civil emite alerta de chuvas fortes em Belo Horizonte\"},\"previousItem\":{\"@type\":\"ListItem\",\"@id\":\"https:\\\/\\\/www.encontrabelohorizonte.com.br\\\/sobre#listItem\",\"name\":\"In\\u00edcio\"}},{\"@type\":\"ListItem\",\"@id\":\"https:\\\/\\\/www.encontrabelohorizonte.com.br\\\/sobre\\\/defesa-civil-emite-alerta-de-chuvas-fortes-em-belo-horizonte\\\/#listItem\",\"position\":3,\"name\":\"Defesa Civil emite alerta de chuvas fortes em Belo Horizonte\",\"previousItem\":{\"@type\":\"ListItem\",\"@id\":\"https:\\\/\\\/www.encontrabelohorizonte.com.br\\\/sobre\\\/noticias\\\/#listItem\",\"name\":\"Not\\u00edcias Belo Horizonte\"}}]},{\"@type\":\"Organization\",\"@id\":\"https:\\\/\\\/www.encontrabelohorizonte.com.br\\\/sobre\\\/#organization\",\"name\":\"Encontra Belo Horizonte\",\"description\":\"Not\\u00edcias, eventos, informa\\u00e7\\u00f5es e dicas da cidade de Belo Horizonte e regi\\u00e3o\",\"url\":\"https:\\\/\\\/www.encontrabelohorizonte.com.br\\\/sobre\\\/\"},{\"@type\":\"Person\",\"@id\":\"https:\\\/\\\/www.encontrabelohorizonte.com.br\\\/sobre\\\/author\\\/ebelohorizonte\\\/#author\",\"url\":\"https:\\\/\\\/www.encontrabelohorizonte.com.br\\\/sobre\\\/author\\\/ebelohorizonte\\\/\",\"name\":\"Encontra Belo Horizonte\",\"image\":{\"@type\":\"ImageObject\",\"@id\":\"https:\\\/\\\/www.encontrabelohorizonte.com.br\\\/sobre\\\/defesa-civil-emite-alerta-de-chuvas-fortes-em-belo-horizonte\\\/#authorImage\",\"url\":\"https:\\\/\\\/secure.gravatar.com\\\/avatar\\\/507340682b8270222e1f208e23198b6ae7e2c6a1033ae84e99bc6bce4f82a387?s=96&d=mm&r=g\",\"width\":96,\"height\":96,\"caption\":\"Encontra Belo Horizonte\"}},{\"@type\":\"WebPage\",\"@id\":\"https:\\\/\\\/www.encontrabelohorizonte.com.br\\\/sobre\\\/defesa-civil-emite-alerta-de-chuvas-fortes-em-belo-horizonte\\\/#webpage\",\"url\":\"https:\\\/\\\/www.encontrabelohorizonte.com.br\\\/sobre\\\/defesa-civil-emite-alerta-de-chuvas-fortes-em-belo-horizonte\\\/\",\"name\":\"Defesa Civil emite alerta de chuvas fortes em Belo Horizonte | Encontra Belo Horizonte\",\"description\":\"A Coordenadoria Municipal de Defesa Civil (Comdec) emitiu um alerta de pancada de chuvas de moderada \\u00e0 forte at\\u00e9 \\u00e0s 8h desta quarta-feira (28). De acordo com o Centro Meteorol\\u00f3gico da Companhia Energ\\u00e9tica de Minas Gerais (Cemig), a frente fria que est\\u00e1 sobre o estado h\\u00e1 cerca de quatro dias continua atuando na capital at\\u00e9\",\"inLanguage\":\"pt-BR\",\"isPartOf\":{\"@id\":\"https:\\\/\\\/www.encontrabelohorizonte.com.br\\\/sobre\\\/#website\"},\"breadcrumb\":{\"@id\":\"https:\\\/\\\/www.encontrabelohorizonte.com.br\\\/sobre\\\/defesa-civil-emite-alerta-de-chuvas-fortes-em-belo-horizonte\\\/#breadcrumblist\"},\"author\":{\"@id\":\"https:\\\/\\\/www.encontrabelohorizonte.com.br\\\/sobre\\\/author\\\/ebelohorizonte\\\/#author\"},\"creator\":{\"@id\":\"https:\\\/\\\/www.encontrabelohorizonte.com.br\\\/sobre\\\/author\\\/ebelohorizonte\\\/#author\"},\"datePublished\":\"2012-11-28T16:48:28-02:00\",\"dateModified\":\"2019-04-12T18:36:05-03:00\"},{\"@type\":\"WebSite\",\"@id\":\"https:\\\/\\\/www.encontrabelohorizonte.com.br\\\/sobre\\\/#website\",\"url\":\"https:\\\/\\\/www.encontrabelohorizonte.com.br\\\/sobre\\\/\",\"name\":\"Encontra Belo Horizonte\",\"description\":\"Not\\u00edcias, eventos, informa\\u00e7\\u00f5es e dicas da cidade de Belo Horizonte e regi\\u00e3o\",\"inLanguage\":\"pt-BR\",\"publisher\":{\"@id\":\"https:\\\/\\\/www.encontrabelohorizonte.com.br\\\/sobre\\\/#organization\"}}]}\n\t\t<\/script>\n\t\t<!-- All in One SEO -->\n\n","aioseo_head_json":{"title":"Defesa Civil emite alerta de chuvas fortes em Belo Horizonte | Encontra Belo Horizonte","description":"A Coordenadoria Municipal de Defesa Civil (Comdec) emitiu um alerta de pancada de chuvas de moderada \u00e0 forte at\u00e9 \u00e0s 8h desta quarta-feira (28). De acordo com o Centro Meteorol\u00f3gico da Companhia Energ\u00e9tica de Minas Gerais (Cemig), a frente fria que est\u00e1 sobre o estado h\u00e1 cerca de quatro dias continua atuando na capital at\u00e9","canonical_url":"https:\/\/www.encontrabelohorizonte.com.br\/sobre\/defesa-civil-emite-alerta-de-chuvas-fortes-em-belo-horizonte\/","robots":"max-image-preview:large","keywords":"","webmasterTools":{"miscellaneous":""},"schema":{"@context":"https:\/\/schema.org","@graph":[{"@type":"Article","@id":"https:\/\/www.encontrabelohorizonte.com.br\/sobre\/defesa-civil-emite-alerta-de-chuvas-fortes-em-belo-horizonte\/#article","name":"Defesa Civil emite alerta de chuvas fortes em Belo Horizonte | Encontra Belo Horizonte","headline":"Defesa Civil emite alerta de chuvas fortes em Belo Horizonte","author":{"@id":"https:\/\/www.encontrabelohorizonte.com.br\/sobre\/author\/ebelohorizonte\/#author"},"publisher":{"@id":"https:\/\/www.encontrabelohorizonte.com.br\/sobre\/#organization"},"datePublished":"2012-11-28T16:48:28-02:00","dateModified":"2019-04-12T18:36:05-03:00","inLanguage":"pt-BR","mainEntityOfPage":{"@id":"https:\/\/www.encontrabelohorizonte.com.br\/sobre\/defesa-civil-emite-alerta-de-chuvas-fortes-em-belo-horizonte\/#webpage"},"isPartOf":{"@id":"https:\/\/www.encontrabelohorizonte.com.br\/sobre\/defesa-civil-emite-alerta-de-chuvas-fortes-em-belo-horizonte\/#webpage"},"articleSection":"Not\u00edcias Belo Horizonte, Belo Horizonte"},{"@type":"BreadcrumbList","@id":"https:\/\/www.encontrabelohorizonte.com.br\/sobre\/defesa-civil-emite-alerta-de-chuvas-fortes-em-belo-horizonte\/#breadcrumblist","itemListElement":[{"@type":"ListItem","@id":"https:\/\/www.encontrabelohorizonte.com.br\/sobre#listItem","position":1,"name":"In\u00edcio","item":"https:\/\/www.encontrabelohorizonte.com.br\/sobre","nextItem":{"@type":"ListItem","@id":"https:\/\/www.encontrabelohorizonte.com.br\/sobre\/noticias\/#listItem","name":"Not\u00edcias Belo Horizonte"}},{"@type":"ListItem","@id":"https:\/\/www.encontrabelohorizonte.com.br\/sobre\/noticias\/#listItem","position":2,"name":"Not\u00edcias Belo Horizonte","item":"https:\/\/www.encontrabelohorizonte.com.br\/sobre\/noticias\/","nextItem":{"@type":"ListItem","@id":"https:\/\/www.encontrabelohorizonte.com.br\/sobre\/defesa-civil-emite-alerta-de-chuvas-fortes-em-belo-horizonte\/#listItem","name":"Defesa Civil emite alerta de chuvas fortes em Belo Horizonte"},"previousItem":{"@type":"ListItem","@id":"https:\/\/www.encontrabelohorizonte.com.br\/sobre#listItem","name":"In\u00edcio"}},{"@type":"ListItem","@id":"https:\/\/www.encontrabelohorizonte.com.br\/sobre\/defesa-civil-emite-alerta-de-chuvas-fortes-em-belo-horizonte\/#listItem","position":3,"name":"Defesa Civil emite alerta de chuvas fortes em Belo Horizonte","previousItem":{"@type":"ListItem","@id":"https:\/\/www.encontrabelohorizonte.com.br\/sobre\/noticias\/#listItem","name":"Not\u00edcias Belo Horizonte"}}]},{"@type":"Organization","@id":"https:\/\/www.encontrabelohorizonte.com.br\/sobre\/#organization","name":"Encontra Belo Horizonte","description":"Not\u00edcias, eventos, informa\u00e7\u00f5es e dicas da cidade de Belo Horizonte e regi\u00e3o","url":"https:\/\/www.encontrabelohorizonte.com.br\/sobre\/"},{"@type":"Person","@id":"https:\/\/www.encontrabelohorizonte.com.br\/sobre\/author\/ebelohorizonte\/#author","url":"https:\/\/www.encontrabelohorizonte.com.br\/sobre\/author\/ebelohorizonte\/","name":"Encontra Belo Horizonte","image":{"@type":"ImageObject","@id":"https:\/\/www.encontrabelohorizonte.com.br\/sobre\/defesa-civil-emite-alerta-de-chuvas-fortes-em-belo-horizonte\/#authorImage","url":"https:\/\/secure.gravatar.com\/avatar\/507340682b8270222e1f208e23198b6ae7e2c6a1033ae84e99bc6bce4f82a387?s=96&d=mm&r=g","width":96,"height":96,"caption":"Encontra Belo Horizonte"}},{"@type":"WebPage","@id":"https:\/\/www.encontrabelohorizonte.com.br\/sobre\/defesa-civil-emite-alerta-de-chuvas-fortes-em-belo-horizonte\/#webpage","url":"https:\/\/www.encontrabelohorizonte.com.br\/sobre\/defesa-civil-emite-alerta-de-chuvas-fortes-em-belo-horizonte\/","name":"Defesa Civil emite alerta de chuvas fortes em Belo Horizonte | Encontra Belo Horizonte","description":"A Coordenadoria Municipal de Defesa Civil (Comdec) emitiu um alerta de pancada de chuvas de moderada \u00e0 forte at\u00e9 \u00e0s 8h desta quarta-feira (28). De acordo com o Centro Meteorol\u00f3gico da Companhia Energ\u00e9tica de Minas Gerais (Cemig), a frente fria que est\u00e1 sobre o estado h\u00e1 cerca de quatro dias continua atuando na capital at\u00e9","inLanguage":"pt-BR","isPartOf":{"@id":"https:\/\/www.encontrabelohorizonte.com.br\/sobre\/#website"},"breadcrumb":{"@id":"https:\/\/www.encontrabelohorizonte.com.br\/sobre\/defesa-civil-emite-alerta-de-chuvas-fortes-em-belo-horizonte\/#breadcrumblist"},"author":{"@id":"https:\/\/www.encontrabelohorizonte.com.br\/sobre\/author\/ebelohorizonte\/#author"},"creator":{"@id":"https:\/\/www.encontrabelohorizonte.com.br\/sobre\/author\/ebelohorizonte\/#author"},"datePublished":"2012-11-28T16:48:28-02:00","dateModified":"2019-04-12T18:36:05-03:00"},{"@type":"WebSite","@id":"https:\/\/www.encontrabelohorizonte.com.br\/sobre\/#website","url":"https:\/\/www.encontrabelohorizonte.com.br\/sobre\/","name":"Encontra Belo Horizonte","description":"Not\u00edcias, eventos, informa\u00e7\u00f5es e dicas da cidade de Belo Horizonte e regi\u00e3o","inLanguage":"pt-BR","publisher":{"@id":"https:\/\/www.encontrabelohorizonte.com.br\/sobre\/#organization"}}]},"og:locale":"pt_BR","og:site_name":"Encontra Belo Horizonte | Not\u00edcias, eventos, informa\u00e7\u00f5es e dicas da cidade de Belo Horizonte e regi\u00e3o","og:type":"article","og:title":"Defesa Civil emite alerta de chuvas fortes em Belo Horizonte | Encontra Belo Horizonte","og:description":"A Coordenadoria Municipal de Defesa Civil (Comdec) emitiu um alerta de pancada de chuvas de moderada \u00e0 forte at\u00e9 \u00e0s 8h desta quarta-feira (28). De acordo com o Centro Meteorol\u00f3gico da Companhia Energ\u00e9tica de Minas Gerais (Cemig), a frente fria que est\u00e1 sobre o estado h\u00e1 cerca de quatro dias continua atuando na capital at\u00e9","og:url":"https:\/\/www.encontrabelohorizonte.com.br\/sobre\/defesa-civil-emite-alerta-de-chuvas-fortes-em-belo-horizonte\/","article:published_time":"2012-11-28T16:48:28+00:00","article:modified_time":"2019-04-12T18:36:05+00:00","twitter:card":"summary","twitter:title":"Defesa Civil emite alerta de chuvas fortes em Belo Horizonte | Encontra Belo Horizonte","twitter:description":"A Coordenadoria Municipal de Defesa Civil (Comdec) emitiu um alerta de pancada de chuvas de moderada \u00e0 forte at\u00e9 \u00e0s 8h desta quarta-feira (28). De acordo com o Centro Meteorol\u00f3gico da Companhia Energ\u00e9tica de Minas Gerais (Cemig), a frente fria que est\u00e1 sobre o estado h\u00e1 cerca de quatro dias continua atuando na capital at\u00e9"},"aioseo_meta_data":{"post_id":"752","title":null,"description":null,"keywords":null,"keyphrases":null,"primary_term":null,"canonical_url":null,"og_title":null,"og_description":null,"og_object_type":"default","og_image_type":"default","og_image_url":null,"og_image_width":null,"og_image_height":null,"og_image_custom_url":null,"og_image_custom_fields":null,"og_video":null,"og_custom_url":null,"og_article_section":null,"og_article_tags":null,"twitter_use_og":false,"twitter_card":"default","twitter_image_type":"default","twitter_image_url":null,"twitter_image_custom_url":null,"twitter_image_custom_fields":null,"twitter_title":null,"twitter_description":null,"schema":{"blockGraphs":[],"customGraphs":[],"default":{"data":{"Article":[],"Course":[],"Dataset":[],"FAQPage":[],"Movie":[],"Person":[],"Product":[],"ProductReview":[],"Car":[],"Recipe":[],"Service":[],"SoftwareApplication":[],"WebPage":[]},"graphName":"Article","isEnabled":true},"graphs":[]},"schema_type":null,"schema_type_options":null,"pillar_content":false,"robots_default":true,"robots_noindex":false,"robots_noarchive":false,"robots_nosnippet":false,"robots_nofollow":false,"robots_noimageindex":false,"robots_noodp":false,"robots_notranslate":false,"robots_max_snippet":null,"robots_max_videopreview":null,"robots_max_imagepreview":"large","priority":null,"frequency":null,"local_seo":null,"breadcrumb_settings":null,"limit_modified_date":false,"ai":null,"created":"2022-01-15 03:35:12","updated":"2025-09-27 04:06:36","focus_keyword":null,"additional_keywords":null,"truseo_locale":null,"seo_analyzer_scan_date":null},"aioseo_breadcrumb":"<div class=\"aioseo-breadcrumbs\"><span class=\"aioseo-breadcrumb\">\n\t\t\t<a href=\"https:\/\/www.encontrabelohorizonte.com.br\/sobre\" title=\"In\u00edcio\">In\u00edcio<\/a>\n\t\t<\/span><span class=\"aioseo-breadcrumb-separator\">&raquo;<\/span><span class=\"aioseo-breadcrumb\">\n\t\t\t<a href=\"https:\/\/www.encontrabelohorizonte.com.br\/sobre\/noticias\/\" title=\"Not\u00edcias Belo Horizonte\">Not\u00edcias Belo Horizonte<\/a>\n\t\t<\/span><span class=\"aioseo-breadcrumb-separator\">&raquo;<\/span><span class=\"aioseo-breadcrumb\">\n\t\t\tDefesa Civil emite alerta de chuvas fortes em Belo Horizonte\n\t\t<\/span><\/div>","aioseo_breadcrumb_json":[{"label":"In\u00edcio","link":"https:\/\/www.encontrabelohorizonte.com.br\/sobre"},{"label":"Not\u00edcias Belo Horizonte","link":"https:\/\/www.encontrabelohorizonte.com.br\/sobre\/noticias\/"},{"label":"Defesa Civil emite alerta de chuvas fortes em Belo Horizonte","link":"https:\/\/www.encontrabelohorizonte.com.br\/sobre\/defesa-civil-emite-alerta-de-chuvas-fortes-em-belo-horizonte\/"}],"_links":{"self":[{"href":"https:\/\/www.encontrabelohorizonte.com.br\/sobre\/wp-json\/wp\/v2\/posts\/752","targetHints":{"allow":["GET"]}}],"collection":[{"href":"https:\/\/www.encontrabelohorizonte.com.br\/sobre\/wp-json\/wp\/v2\/posts"}],"about":[{"href":"https:\/\/www.encontrabelohorizonte.com.br\/sobre\/wp-json\/wp\/v2\/types\/post"}],"author":[{"embeddable":true,"href":"https:\/\/www.encontrabelohorizonte.com.br\/sobre\/wp-json\/wp\/v2\/users\/1"}],"replies":[{"embeddable":true,"href":"https:\/\/www.encontrabelohorizonte.com.br\/sobre\/wp-json\/wp\/v2\/comments?post=752"}],"version-history":[{"count":0,"href":"https:\/\/www.encontrabelohorizonte.com.br\/sobre\/wp-json\/wp\/v2\/posts\/752\/revisions"}],"wp:attachment":[{"href":"https:\/\/www.encontrabelohorizonte.com.br\/sobre\/wp-json\/wp\/v2\/media?parent=752"}],"wp:term":[{"taxonomy":"category","embeddable":true,"href":"https:\/\/www.encontrabelohorizonte.com.br\/sobre\/wp-json\/wp\/v2\/categories?post=752"},{"taxonomy":"post_tag","embeddable":true,"href":"https:\/\/www.encontrabelohorizonte.com.br\/sobre\/wp-json\/wp\/v2\/tags?post=752"}],"curies":[{"name":"wp","href":"https:\/\/api.w.org\/{rel}","templated":true}]}}