{"id":777,"date":"2012-12-01T20:57:45","date_gmt":"2012-12-01T20:57:45","guid":{"rendered":"http:\/\/www.encontrabelohorizonte.com.br\/noticias\/?p=777"},"modified":"2019-04-12T18:36:04","modified_gmt":"2019-04-12T18:36:04","slug":"festival-internacional-de-corais-se-apresenta-ate-23-de-dezembro","status":"publish","type":"post","link":"https:\/\/www.encontrabelohorizonte.com.br\/sobre\/festival-internacional-de-corais-se-apresenta-ate-23-de-dezembro\/","title":{"rendered":"Festival Internacional de Corais se apresenta at\u00e9 23 de dezembro"},"content":{"rendered":"<div class=\"2e083cf0b19e2c11948dc6ac054ba979\" data-index=\"1\" style=\"float: none; margin:0px;\">\n<!-- Anuncio display - global -->\r\n<ins class=\"adsbygoogle\"\r\n     style=\"display:block\"\r\n     data-ad-client=\"ca-pub-8585364105181520\"\r\n     data-ad-slot=\"8789329856\"\r\n     data-ad-format=\"auto\"\r\n     data-full-width-responsive=\"true\"><\/ins>\r\n<script>\r\n     (adsbygoogle = window.adsbygoogle || []).push({});\r\n<\/script>\n<\/div>\n<p>Come\u00e7a neste s\u00e1bado (1), em Belo Horizonte, a segunda edi\u00e7\u00e3o natalina do Festival Internacional de Corais (FIC). As apresenta\u00e7\u00f5es proseguem at\u00e9 o dia 23 de dezembro.<\/p>\n<p>S\u00e3o 27 corais, da capital e de outras cidades, como Ita\u00fana, Betim, Matozinhos, Vespasiano e Par\u00e1 de Minas e a fluminense Saquarema.<\/p>\n<p>A primeira apresenta\u00e7\u00e3o foi no Teatro de Arena do Circuito Cultural Pra\u00e7a da Liberdae, na manh\u00e3 deste s\u00e1bado. Ao longo da programa\u00e7\u00e3o, igrejas, hospitais, parques, centros culturais e at\u00e9 o terminal rodovi\u00e1rio v\u00e3o abrigar as apresenta\u00e7\u00f5es musicais, sempre com tem\u00e1tica do Natal.<\/p>\n<p>Mais informa\u00e7\u00f5es sobre o FIC est\u00e3o no site:\u00a0festivaldecorais.com.br.<\/p>\n<p><em>Fonte: G1<\/em><\/p>\n\n<div style=\"font-size: 0px; height: 0px; line-height: 0px; margin: 0; padding: 0; clear: both;\"><\/div>","protected":false},"excerpt":{"rendered":"<p>Come\u00e7a neste s\u00e1bado (1), em Belo Horizonte, a segunda edi\u00e7\u00e3o natalina do Festival Internacional de Corais (FIC). As apresenta\u00e7\u00f5es proseguem at\u00e9 o dia 23 de dezembro. S\u00e3o 27 corais, da capital e de outras cidades, como Ita\u00fana, Betim, Matozinhos, Vespasiano e Par\u00e1 de Minas e a fluminense Saquarema. A primeira apresenta\u00e7\u00e3o foi no Teatro de Arena do Circuito Cultural Pra\u00e7a da Liberdae, na manh\u00e3 deste s\u00e1bado. Ao longo da programa\u00e7\u00e3o, igrejas, hospitais, parques, centros culturais e at\u00e9 o terminal rodovi\u00e1rio v\u00e3o abrigar as apresenta\u00e7\u00f5es musicais, sempre com tem\u00e1tica do Natal. Mais informa\u00e7\u00f5es sobre o FIC est\u00e3o no site:\u00a0festivaldecorais.com.br. Fonte: G1<\/p>\n","protected":false},"author":1,"featured_media":0,"comment_status":"open","ping_status":"closed","sticky":false,"template":"","format":"standard","meta":{"footnotes":""},"categories":[6],"tags":[15],"class_list":["post-777","post","type-post","status-publish","format-standard","hentry","category-noticias","tag-belo-horizonte"],"aioseo_notices":[],"_links":{"self":[{"href":"https:\/\/www.encontrabelohorizonte.com.br\/sobre\/wp-json\/wp\/v2\/posts\/777","targetHints":{"allow":["GET"]}}],"collection":[{"href":"https:\/\/www.encontrabelohorizonte.com.br\/sobre\/wp-json\/wp\/v2\/posts"}],"about":[{"href":"https:\/\/www.encontrabelohorizonte.com.br\/sobre\/wp-json\/wp\/v2\/types\/post"}],"author":[{"embeddable":true,"href":"https:\/\/www.encontrabelohorizonte.com.br\/sobre\/wp-json\/wp\/v2\/users\/1"}],"replies":[{"embeddable":true,"href":"https:\/\/www.encontrabelohorizonte.com.br\/sobre\/wp-json\/wp\/v2\/comments?post=777"}],"version-history":[{"count":0,"href":"https:\/\/www.encontrabelohorizonte.com.br\/sobre\/wp-json\/wp\/v2\/posts\/777\/revisions"}],"wp:attachment":[{"href":"https:\/\/www.encontrabelohorizonte.com.br\/sobre\/wp-json\/wp\/v2\/media?parent=777"}],"wp:term":[{"taxonomy":"category","embeddable":true,"href":"https:\/\/www.encontrabelohorizonte.com.br\/sobre\/wp-json\/wp\/v2\/categories?post=777"},{"taxonomy":"post_tag","embeddable":true,"href":"https:\/\/www.encontrabelohorizonte.com.br\/sobre\/wp-json\/wp\/v2\/tags?post=777"}],"curies":[{"name":"wp","href":"https:\/\/api.w.org\/{rel}","templated":true}]}}