{"id":802,"date":"2012-12-04T13:33:28","date_gmt":"2012-12-04T13:33:28","guid":{"rendered":"http:\/\/www.encontrabelohorizonte.com.br\/noticias\/?p=802"},"modified":"2019-04-12T18:36:03","modified_gmt":"2019-04-12T18:36:03","slug":"feira-nacional-de-artesanato-comeca-nesta-terca-feira-em-bh","status":"publish","type":"post","link":"https:\/\/www.encontrabelohorizonte.com.br\/sobre\/feira-nacional-de-artesanato-comeca-nesta-terca-feira-em-bh\/","title":{"rendered":"Feira Nacional de Artesanato come\u00e7a nesta ter\u00e7a-feira em BH"},"content":{"rendered":"<div class=\"2e083cf0b19e2c11948dc6ac054ba979\" data-index=\"1\" style=\"float: none; margin:0px;\">\n<!-- Anuncio display - global -->\r\n<ins class=\"adsbygoogle\"\r\n     style=\"display:block\"\r\n     data-ad-client=\"ca-pub-8585364105181520\"\r\n     data-ad-slot=\"8789329856\"\r\n     data-ad-format=\"auto\"\r\n     data-full-width-responsive=\"true\"><\/ins>\r\n<script>\r\n     (adsbygoogle = window.adsbygoogle || []).push({});\r\n<\/script>\n<\/div>\n<p>A 23\u00aa edi\u00e7\u00e3o da &#8220;Feira Nacional de Artesanato&#8221; come\u00e7a nesta ter\u00e7a-feira (4) no Expominas, no bairro Gameleira, na Regi\u00e3o Oeste de Belo Horizonte. Participam do evento cerca de sete mil expositores de todos os estados brasileiros e de outros 12 pa\u00edses.<\/p>\n<p><strong>Servi\u00e7o:<br \/>\n<\/strong>23\u00aa Feira Nacional de Artesanato<br \/>\nData: 4 a 9 de dezembro<br \/>\nLocal: Expominas \u2013 Avenida Amazonas, 6.030, Gameleira<br \/>\nVisitantes: 180 mil<br \/>\nLojistas visitantes: 10 mil<br \/>\nCompradores internacionais convidados: 25<br \/>\nItens artesanais no evento: cerca de 50 mil<br \/>\nMovimenta\u00e7\u00e3o financeira: R$ 85 milh\u00f5es em 2011<br \/>\nHor\u00e1rios:<br \/>\nTer\u00e7a-feira: das 12h \u00e0s 22h<br \/>\nQuarta-feira: das 14h \u00e0s 22h<br \/>\nQuinta-feira: das 14h \u00e0s 22h<br \/>\nSexta-feira: das 14h \u00e0s 22h<br \/>\nS\u00e1bado: das 10h \u00e0s 22h<br \/>\nDomingo: das 10h \u00e0s 21h<br \/>\nIngressos: R$ 7 \u2013 menores de 12 anos e maiores de 65 n\u00e3o pagam<\/p>\n<p><em>Fonte: G1<\/em><\/p>\n\n<div style=\"font-size: 0px; height: 0px; line-height: 0px; margin: 0; padding: 0; clear: both;\"><\/div>","protected":false},"excerpt":{"rendered":"<p>A 23\u00aa edi\u00e7\u00e3o da &#8220;Feira Nacional de Artesanato&#8221; come\u00e7a nesta ter\u00e7a-feira (4) no Expominas, no bairro Gameleira, na Regi\u00e3o Oeste de Belo Horizonte. Participam do evento cerca de sete mil expositores de todos os estados brasileiros e de outros 12 pa\u00edses. Servi\u00e7o: 23\u00aa Feira Nacional de Artesanato Data: 4 a 9 de dezembro Local: Expominas \u2013 Avenida Amazonas, 6.030, Gameleira Visitantes: 180 mil Lojistas visitantes: 10 mil Compradores internacionais convidados: 25 Itens artesanais no evento: cerca de 50 mil Movimenta\u00e7\u00e3o financeira: R$ 85 milh\u00f5es em 2011 Hor\u00e1rios: Ter\u00e7a-feira: das 12h \u00e0s 22h Quarta-feira: das 14h \u00e0s 22h Quinta-feira: das 14h <\/p>\n","protected":false},"author":1,"featured_media":0,"comment_status":"open","ping_status":"closed","sticky":false,"template":"","format":"standard","meta":{"footnotes":""},"categories":[6],"tags":[15],"class_list":["post-802","post","type-post","status-publish","format-standard","hentry","category-noticias","tag-belo-horizonte"],"aioseo_notices":[],"_links":{"self":[{"href":"https:\/\/www.encontrabelohorizonte.com.br\/sobre\/wp-json\/wp\/v2\/posts\/802","targetHints":{"allow":["GET"]}}],"collection":[{"href":"https:\/\/www.encontrabelohorizonte.com.br\/sobre\/wp-json\/wp\/v2\/posts"}],"about":[{"href":"https:\/\/www.encontrabelohorizonte.com.br\/sobre\/wp-json\/wp\/v2\/types\/post"}],"author":[{"embeddable":true,"href":"https:\/\/www.encontrabelohorizonte.com.br\/sobre\/wp-json\/wp\/v2\/users\/1"}],"replies":[{"embeddable":true,"href":"https:\/\/www.encontrabelohorizonte.com.br\/sobre\/wp-json\/wp\/v2\/comments?post=802"}],"version-history":[{"count":0,"href":"https:\/\/www.encontrabelohorizonte.com.br\/sobre\/wp-json\/wp\/v2\/posts\/802\/revisions"}],"wp:attachment":[{"href":"https:\/\/www.encontrabelohorizonte.com.br\/sobre\/wp-json\/wp\/v2\/media?parent=802"}],"wp:term":[{"taxonomy":"category","embeddable":true,"href":"https:\/\/www.encontrabelohorizonte.com.br\/sobre\/wp-json\/wp\/v2\/categories?post=802"},{"taxonomy":"post_tag","embeddable":true,"href":"https:\/\/www.encontrabelohorizonte.com.br\/sobre\/wp-json\/wp\/v2\/tags?post=802"}],"curies":[{"name":"wp","href":"https:\/\/api.w.org\/{rel}","templated":true}]}}