{"id":815,"date":"2012-12-05T14:47:03","date_gmt":"2012-12-05T14:47:03","guid":{"rendered":"http:\/\/www.encontrabelohorizonte.com.br\/noticias\/?p=815"},"modified":"2019-04-12T18:36:03","modified_gmt":"2019-04-12T18:36:03","slug":"iluminacao-de-natal-da-praca-da-liberdade-em-bh-e-inaugurada-nesta-quarta","status":"publish","type":"post","link":"https:\/\/www.encontrabelohorizonte.com.br\/sobre\/iluminacao-de-natal-da-praca-da-liberdade-em-bh-e-inaugurada-nesta-quarta\/","title":{"rendered":"Ilumina\u00e7\u00e3o de Natal da Pra\u00e7a da Liberdade em BH \u00e9 inaugurada nesta quarta"},"content":{"rendered":"<div class=\"2e083cf0b19e2c11948dc6ac054ba979\" data-index=\"1\" style=\"float: none; margin:0px;\">\n<!-- Anuncio display - global -->\r\n<ins class=\"adsbygoogle\"\r\n     style=\"display:block\"\r\n     data-ad-client=\"ca-pub-8585364105181520\"\r\n     data-ad-slot=\"8789329856\"\r\n     data-ad-format=\"auto\"\r\n     data-full-width-responsive=\"true\"><\/ins>\r\n<script>\r\n     (adsbygoogle = window.adsbygoogle || []).push({});\r\n<\/script>\n<\/div>\n<p>A tradicional ilumina\u00e7\u00e3o de Natal da Pra\u00e7a da Liberdade, na Regi\u00e3o Centro-Sul de Belo Horizonte, ser\u00e1 inaugurada nesta quarta-feira (5), mas quem passou pela regi\u00e3o na noite nesta ter\u00e7a-feira (4) j\u00e1 pode conferir como ser\u00e1 a decora\u00e7\u00e3o. T\u00e9cnicos da Companhia Energ\u00e9tica de Minas Gerais (Cemig) testaram as microl\u00e2mpadas e fizeram os \u00faltimos ajustes. Em 2012, o objetivo \u00e9 que a decora\u00e7\u00e3o possa ser apreciada de dia e de noite.<\/p>\n<p>Cerca de 600 mil \u2018luzinhas\u2019 v\u00e3o colorir a pra\u00e7a, que \u00e9 cart\u00e3o postal da capital mineira. As palmeiras ganharam ilumina\u00e7\u00e3o verde, e as \u00e1rvores do entorno foram decoradas com microl\u00e2mpadas vermelhas. Neste ano, a tem\u00e1tica vai do tradicional ao tecnol\u00f3gico, abordando, principalmente, os \u00edcones mais importantes do Natal e aspectos modernos, como luzes em movimentos.<\/p>\n<p>A inaugura\u00e7\u00e3o ser\u00e1 realizada a parir das 19h30 desta quarta-feira, com presen\u00e7a de Papai Noel e apresenta\u00e7\u00e3o de m\u00fasicas natalinas.<\/p>\n<p><em>Fonte: G1<\/em><\/p>\n\n<div style=\"font-size: 0px; height: 0px; line-height: 0px; margin: 0; padding: 0; clear: both;\"><\/div>","protected":false},"excerpt":{"rendered":"<p>A tradicional ilumina\u00e7\u00e3o de Natal da Pra\u00e7a da Liberdade, na Regi\u00e3o Centro-Sul de Belo Horizonte, ser\u00e1 inaugurada nesta quarta-feira (5), mas quem passou pela regi\u00e3o na noite nesta ter\u00e7a-feira (4) j\u00e1 pode conferir como ser\u00e1 a decora\u00e7\u00e3o. T\u00e9cnicos da Companhia Energ\u00e9tica de Minas Gerais (Cemig) testaram as microl\u00e2mpadas e fizeram os \u00faltimos ajustes. Em 2012, o objetivo \u00e9 que a decora\u00e7\u00e3o possa ser apreciada de dia e de noite. Cerca de 600 mil \u2018luzinhas\u2019 v\u00e3o colorir a pra\u00e7a, que \u00e9 cart\u00e3o postal da capital mineira. As palmeiras ganharam ilumina\u00e7\u00e3o verde, e as \u00e1rvores do entorno foram decoradas com microl\u00e2mpadas vermelhas. <\/p>\n","protected":false},"author":1,"featured_media":0,"comment_status":"open","ping_status":"closed","sticky":false,"template":"","format":"standard","meta":{"footnotes":""},"categories":[6],"tags":[15],"class_list":["post-815","post","type-post","status-publish","format-standard","hentry","category-noticias","tag-belo-horizonte"],"aioseo_notices":[],"aioseo_head":"\n\t\t<!-- All in One SEO 5.0.0.1 - aioseo.com -->\n\t<meta name=\"description\" content=\"A tradicional ilumina\u00e7\u00e3o de Natal da Pra\u00e7a da Liberdade, na Regi\u00e3o Centro-Sul de Belo Horizonte, ser\u00e1 inaugurada nesta quarta-feira (5), mas quem passou pela regi\u00e3o na noite nesta ter\u00e7a-feira (4) j\u00e1 pode conferir como ser\u00e1 a decora\u00e7\u00e3o. T\u00e9cnicos da Companhia Energ\u00e9tica de Minas Gerais (Cemig) testaram as microl\u00e2mpadas e fizeram os \u00faltimos ajustes. Em 2012,\" \/>\n\t<meta name=\"robots\" content=\"max-image-preview:large\" \/>\n\t<meta name=\"author\" content=\"Encontra Belo Horizonte\"\/>\n\t<link rel=\"canonical\" href=\"https:\/\/www.encontrabelohorizonte.com.br\/sobre\/iluminacao-de-natal-da-praca-da-liberdade-em-bh-e-inaugurada-nesta-quarta\/\" \/>\n\t<meta name=\"generator\" content=\"All in One SEO (AIOSEO) 5.0.0.1\" \/>\n\t\t<meta property=\"og:locale\" content=\"pt_BR\" \/>\n\t\t<meta property=\"og:site_name\" content=\"Encontra Belo Horizonte | Not\u00edcias, eventos, informa\u00e7\u00f5es e dicas da cidade de Belo Horizonte e regi\u00e3o\" \/>\n\t\t<meta property=\"og:type\" content=\"article\" \/>\n\t\t<meta property=\"og:title\" content=\"Ilumina\u00e7\u00e3o de Natal da Pra\u00e7a da Liberdade em BH \u00e9 inaugurada nesta quarta | Encontra Belo Horizonte\" \/>\n\t\t<meta property=\"og:description\" content=\"A tradicional ilumina\u00e7\u00e3o de Natal da Pra\u00e7a da Liberdade, na Regi\u00e3o Centro-Sul de Belo Horizonte, ser\u00e1 inaugurada nesta quarta-feira (5), mas quem passou pela regi\u00e3o na noite nesta ter\u00e7a-feira (4) j\u00e1 pode conferir como ser\u00e1 a decora\u00e7\u00e3o. T\u00e9cnicos da Companhia Energ\u00e9tica de Minas Gerais (Cemig) testaram as microl\u00e2mpadas e fizeram os \u00faltimos ajustes. Em 2012,\" \/>\n\t\t<meta property=\"og:url\" content=\"https:\/\/www.encontrabelohorizonte.com.br\/sobre\/iluminacao-de-natal-da-praca-da-liberdade-em-bh-e-inaugurada-nesta-quarta\/\" \/>\n\t\t<meta property=\"article:published_time\" content=\"2012-12-05T14:47:03+00:00\" \/>\n\t\t<meta property=\"article:modified_time\" content=\"2019-04-12T18:36:03+00:00\" \/>\n\t\t<meta name=\"twitter:card\" content=\"summary\" \/>\n\t\t<meta name=\"twitter:title\" content=\"Ilumina\u00e7\u00e3o de Natal da Pra\u00e7a da Liberdade em BH \u00e9 inaugurada nesta quarta | Encontra Belo Horizonte\" \/>\n\t\t<meta name=\"twitter:description\" content=\"A tradicional ilumina\u00e7\u00e3o de Natal da Pra\u00e7a da Liberdade, na Regi\u00e3o Centro-Sul de Belo Horizonte, ser\u00e1 inaugurada nesta quarta-feira (5), mas quem passou pela regi\u00e3o na noite nesta ter\u00e7a-feira (4) j\u00e1 pode conferir como ser\u00e1 a decora\u00e7\u00e3o. T\u00e9cnicos da Companhia Energ\u00e9tica de Minas Gerais (Cemig) testaram as microl\u00e2mpadas e fizeram os \u00faltimos ajustes. Em 2012,\" \/>\n\t\t<script type=\"application\/ld+json\" class=\"aioseo-schema\">\n\t\t\t{\"@context\":\"https:\\\/\\\/schema.org\",\"@graph\":[{\"@type\":\"Article\",\"@id\":\"https:\\\/\\\/www.encontrabelohorizonte.com.br\\\/sobre\\\/iluminacao-de-natal-da-praca-da-liberdade-em-bh-e-inaugurada-nesta-quarta\\\/#article\",\"name\":\"Ilumina\\u00e7\\u00e3o de Natal da Pra\\u00e7a da Liberdade em BH \\u00e9 inaugurada nesta quarta | Encontra Belo Horizonte\",\"headline\":\"Ilumina\\u00e7\\u00e3o de Natal da Pra\\u00e7a da Liberdade em BH \\u00e9 inaugurada nesta quarta\",\"author\":{\"@id\":\"https:\\\/\\\/www.encontrabelohorizonte.com.br\\\/sobre\\\/author\\\/ebelohorizonte\\\/#author\"},\"publisher\":{\"@id\":\"https:\\\/\\\/www.encontrabelohorizonte.com.br\\\/sobre\\\/#organization\"},\"datePublished\":\"2012-12-05T14:47:03-02:00\",\"dateModified\":\"2019-04-12T18:36:03-03:00\",\"inLanguage\":\"pt-BR\",\"mainEntityOfPage\":{\"@id\":\"https:\\\/\\\/www.encontrabelohorizonte.com.br\\\/sobre\\\/iluminacao-de-natal-da-praca-da-liberdade-em-bh-e-inaugurada-nesta-quarta\\\/#webpage\"},\"isPartOf\":{\"@id\":\"https:\\\/\\\/www.encontrabelohorizonte.com.br\\\/sobre\\\/iluminacao-de-natal-da-praca-da-liberdade-em-bh-e-inaugurada-nesta-quarta\\\/#webpage\"},\"articleSection\":\"Not\\u00edcias Belo Horizonte, Belo Horizonte\"},{\"@type\":\"BreadcrumbList\",\"@id\":\"https:\\\/\\\/www.encontrabelohorizonte.com.br\\\/sobre\\\/iluminacao-de-natal-da-praca-da-liberdade-em-bh-e-inaugurada-nesta-quarta\\\/#breadcrumblist\",\"itemListElement\":[{\"@type\":\"ListItem\",\"@id\":\"https:\\\/\\\/www.encontrabelohorizonte.com.br\\\/sobre#listItem\",\"position\":1,\"name\":\"In\\u00edcio\",\"item\":\"https:\\\/\\\/www.encontrabelohorizonte.com.br\\\/sobre\",\"nextItem\":{\"@type\":\"ListItem\",\"@id\":\"https:\\\/\\\/www.encontrabelohorizonte.com.br\\\/sobre\\\/noticias\\\/#listItem\",\"name\":\"Not\\u00edcias Belo Horizonte\"}},{\"@type\":\"ListItem\",\"@id\":\"https:\\\/\\\/www.encontrabelohorizonte.com.br\\\/sobre\\\/noticias\\\/#listItem\",\"position\":2,\"name\":\"Not\\u00edcias Belo Horizonte\",\"item\":\"https:\\\/\\\/www.encontrabelohorizonte.com.br\\\/sobre\\\/noticias\\\/\",\"nextItem\":{\"@type\":\"ListItem\",\"@id\":\"https:\\\/\\\/www.encontrabelohorizonte.com.br\\\/sobre\\\/iluminacao-de-natal-da-praca-da-liberdade-em-bh-e-inaugurada-nesta-quarta\\\/#listItem\",\"name\":\"Ilumina\\u00e7\\u00e3o de Natal da Pra\\u00e7a da Liberdade em BH \\u00e9 inaugurada nesta quarta\"},\"previousItem\":{\"@type\":\"ListItem\",\"@id\":\"https:\\\/\\\/www.encontrabelohorizonte.com.br\\\/sobre#listItem\",\"name\":\"In\\u00edcio\"}},{\"@type\":\"ListItem\",\"@id\":\"https:\\\/\\\/www.encontrabelohorizonte.com.br\\\/sobre\\\/iluminacao-de-natal-da-praca-da-liberdade-em-bh-e-inaugurada-nesta-quarta\\\/#listItem\",\"position\":3,\"name\":\"Ilumina\\u00e7\\u00e3o de Natal da Pra\\u00e7a da Liberdade em BH \\u00e9 inaugurada nesta quarta\",\"previousItem\":{\"@type\":\"ListItem\",\"@id\":\"https:\\\/\\\/www.encontrabelohorizonte.com.br\\\/sobre\\\/noticias\\\/#listItem\",\"name\":\"Not\\u00edcias Belo Horizonte\"}}]},{\"@type\":\"Organization\",\"@id\":\"https:\\\/\\\/www.encontrabelohorizonte.com.br\\\/sobre\\\/#organization\",\"name\":\"Encontra Belo Horizonte\",\"description\":\"Not\\u00edcias, eventos, informa\\u00e7\\u00f5es e dicas da cidade de Belo Horizonte e regi\\u00e3o\",\"url\":\"https:\\\/\\\/www.encontrabelohorizonte.com.br\\\/sobre\\\/\"},{\"@type\":\"Person\",\"@id\":\"https:\\\/\\\/www.encontrabelohorizonte.com.br\\\/sobre\\\/author\\\/ebelohorizonte\\\/#author\",\"url\":\"https:\\\/\\\/www.encontrabelohorizonte.com.br\\\/sobre\\\/author\\\/ebelohorizonte\\\/\",\"name\":\"Encontra Belo Horizonte\",\"image\":{\"@type\":\"ImageObject\",\"@id\":\"https:\\\/\\\/www.encontrabelohorizonte.com.br\\\/sobre\\\/iluminacao-de-natal-da-praca-da-liberdade-em-bh-e-inaugurada-nesta-quarta\\\/#authorImage\",\"url\":\"https:\\\/\\\/secure.gravatar.com\\\/avatar\\\/507340682b8270222e1f208e23198b6ae7e2c6a1033ae84e99bc6bce4f82a387?s=96&d=mm&r=g\",\"width\":96,\"height\":96,\"caption\":\"Encontra Belo Horizonte\"}},{\"@type\":\"WebPage\",\"@id\":\"https:\\\/\\\/www.encontrabelohorizonte.com.br\\\/sobre\\\/iluminacao-de-natal-da-praca-da-liberdade-em-bh-e-inaugurada-nesta-quarta\\\/#webpage\",\"url\":\"https:\\\/\\\/www.encontrabelohorizonte.com.br\\\/sobre\\\/iluminacao-de-natal-da-praca-da-liberdade-em-bh-e-inaugurada-nesta-quarta\\\/\",\"name\":\"Ilumina\\u00e7\\u00e3o de Natal da Pra\\u00e7a da Liberdade em BH \\u00e9 inaugurada nesta quarta | Encontra Belo Horizonte\",\"description\":\"A tradicional ilumina\\u00e7\\u00e3o de Natal da Pra\\u00e7a da Liberdade, na Regi\\u00e3o Centro-Sul de Belo Horizonte, ser\\u00e1 inaugurada nesta quarta-feira (5), mas quem passou pela regi\\u00e3o na noite nesta ter\\u00e7a-feira (4) j\\u00e1 pode conferir como ser\\u00e1 a decora\\u00e7\\u00e3o. T\\u00e9cnicos da Companhia Energ\\u00e9tica de Minas Gerais (Cemig) testaram as microl\\u00e2mpadas e fizeram os \\u00faltimos ajustes. Em 2012,\",\"inLanguage\":\"pt-BR\",\"isPartOf\":{\"@id\":\"https:\\\/\\\/www.encontrabelohorizonte.com.br\\\/sobre\\\/#website\"},\"breadcrumb\":{\"@id\":\"https:\\\/\\\/www.encontrabelohorizonte.com.br\\\/sobre\\\/iluminacao-de-natal-da-praca-da-liberdade-em-bh-e-inaugurada-nesta-quarta\\\/#breadcrumblist\"},\"author\":{\"@id\":\"https:\\\/\\\/www.encontrabelohorizonte.com.br\\\/sobre\\\/author\\\/ebelohorizonte\\\/#author\"},\"creator\":{\"@id\":\"https:\\\/\\\/www.encontrabelohorizonte.com.br\\\/sobre\\\/author\\\/ebelohorizonte\\\/#author\"},\"datePublished\":\"2012-12-05T14:47:03-02:00\",\"dateModified\":\"2019-04-12T18:36:03-03:00\"},{\"@type\":\"WebSite\",\"@id\":\"https:\\\/\\\/www.encontrabelohorizonte.com.br\\\/sobre\\\/#website\",\"url\":\"https:\\\/\\\/www.encontrabelohorizonte.com.br\\\/sobre\\\/\",\"name\":\"Encontra Belo Horizonte\",\"description\":\"Not\\u00edcias, eventos, informa\\u00e7\\u00f5es e dicas da cidade de Belo Horizonte e regi\\u00e3o\",\"inLanguage\":\"pt-BR\",\"publisher\":{\"@id\":\"https:\\\/\\\/www.encontrabelohorizonte.com.br\\\/sobre\\\/#organization\"}}]}\n\t\t<\/script>\n\t\t<!-- All in One SEO -->\n\n","aioseo_head_json":{"title":"Ilumina\u00e7\u00e3o de Natal da Pra\u00e7a da Liberdade em BH \u00e9 inaugurada nesta quarta | Encontra Belo Horizonte","description":"A tradicional ilumina\u00e7\u00e3o de Natal da Pra\u00e7a da Liberdade, na Regi\u00e3o Centro-Sul de Belo Horizonte, ser\u00e1 inaugurada nesta quarta-feira (5), mas quem passou pela regi\u00e3o na noite nesta ter\u00e7a-feira (4) j\u00e1 pode conferir como ser\u00e1 a decora\u00e7\u00e3o. T\u00e9cnicos da Companhia Energ\u00e9tica de Minas Gerais (Cemig) testaram as microl\u00e2mpadas e fizeram os \u00faltimos ajustes. Em 2012,","canonical_url":"https:\/\/www.encontrabelohorizonte.com.br\/sobre\/iluminacao-de-natal-da-praca-da-liberdade-em-bh-e-inaugurada-nesta-quarta\/","robots":"max-image-preview:large","keywords":"","webmasterTools":{"miscellaneous":""},"schema":{"@context":"https:\/\/schema.org","@graph":[{"@type":"Article","@id":"https:\/\/www.encontrabelohorizonte.com.br\/sobre\/iluminacao-de-natal-da-praca-da-liberdade-em-bh-e-inaugurada-nesta-quarta\/#article","name":"Ilumina\u00e7\u00e3o de Natal da Pra\u00e7a da Liberdade em BH \u00e9 inaugurada nesta quarta | Encontra Belo Horizonte","headline":"Ilumina\u00e7\u00e3o de Natal da Pra\u00e7a da Liberdade em BH \u00e9 inaugurada nesta quarta","author":{"@id":"https:\/\/www.encontrabelohorizonte.com.br\/sobre\/author\/ebelohorizonte\/#author"},"publisher":{"@id":"https:\/\/www.encontrabelohorizonte.com.br\/sobre\/#organization"},"datePublished":"2012-12-05T14:47:03-02:00","dateModified":"2019-04-12T18:36:03-03:00","inLanguage":"pt-BR","mainEntityOfPage":{"@id":"https:\/\/www.encontrabelohorizonte.com.br\/sobre\/iluminacao-de-natal-da-praca-da-liberdade-em-bh-e-inaugurada-nesta-quarta\/#webpage"},"isPartOf":{"@id":"https:\/\/www.encontrabelohorizonte.com.br\/sobre\/iluminacao-de-natal-da-praca-da-liberdade-em-bh-e-inaugurada-nesta-quarta\/#webpage"},"articleSection":"Not\u00edcias Belo Horizonte, Belo Horizonte"},{"@type":"BreadcrumbList","@id":"https:\/\/www.encontrabelohorizonte.com.br\/sobre\/iluminacao-de-natal-da-praca-da-liberdade-em-bh-e-inaugurada-nesta-quarta\/#breadcrumblist","itemListElement":[{"@type":"ListItem","@id":"https:\/\/www.encontrabelohorizonte.com.br\/sobre#listItem","position":1,"name":"In\u00edcio","item":"https:\/\/www.encontrabelohorizonte.com.br\/sobre","nextItem":{"@type":"ListItem","@id":"https:\/\/www.encontrabelohorizonte.com.br\/sobre\/noticias\/#listItem","name":"Not\u00edcias Belo Horizonte"}},{"@type":"ListItem","@id":"https:\/\/www.encontrabelohorizonte.com.br\/sobre\/noticias\/#listItem","position":2,"name":"Not\u00edcias Belo Horizonte","item":"https:\/\/www.encontrabelohorizonte.com.br\/sobre\/noticias\/","nextItem":{"@type":"ListItem","@id":"https:\/\/www.encontrabelohorizonte.com.br\/sobre\/iluminacao-de-natal-da-praca-da-liberdade-em-bh-e-inaugurada-nesta-quarta\/#listItem","name":"Ilumina\u00e7\u00e3o de Natal da Pra\u00e7a da Liberdade em BH \u00e9 inaugurada nesta quarta"},"previousItem":{"@type":"ListItem","@id":"https:\/\/www.encontrabelohorizonte.com.br\/sobre#listItem","name":"In\u00edcio"}},{"@type":"ListItem","@id":"https:\/\/www.encontrabelohorizonte.com.br\/sobre\/iluminacao-de-natal-da-praca-da-liberdade-em-bh-e-inaugurada-nesta-quarta\/#listItem","position":3,"name":"Ilumina\u00e7\u00e3o de Natal da Pra\u00e7a da Liberdade em BH \u00e9 inaugurada nesta quarta","previousItem":{"@type":"ListItem","@id":"https:\/\/www.encontrabelohorizonte.com.br\/sobre\/noticias\/#listItem","name":"Not\u00edcias Belo Horizonte"}}]},{"@type":"Organization","@id":"https:\/\/www.encontrabelohorizonte.com.br\/sobre\/#organization","name":"Encontra Belo Horizonte","description":"Not\u00edcias, eventos, informa\u00e7\u00f5es e dicas da cidade de Belo Horizonte e regi\u00e3o","url":"https:\/\/www.encontrabelohorizonte.com.br\/sobre\/"},{"@type":"Person","@id":"https:\/\/www.encontrabelohorizonte.com.br\/sobre\/author\/ebelohorizonte\/#author","url":"https:\/\/www.encontrabelohorizonte.com.br\/sobre\/author\/ebelohorizonte\/","name":"Encontra Belo Horizonte","image":{"@type":"ImageObject","@id":"https:\/\/www.encontrabelohorizonte.com.br\/sobre\/iluminacao-de-natal-da-praca-da-liberdade-em-bh-e-inaugurada-nesta-quarta\/#authorImage","url":"https:\/\/secure.gravatar.com\/avatar\/507340682b8270222e1f208e23198b6ae7e2c6a1033ae84e99bc6bce4f82a387?s=96&d=mm&r=g","width":96,"height":96,"caption":"Encontra Belo Horizonte"}},{"@type":"WebPage","@id":"https:\/\/www.encontrabelohorizonte.com.br\/sobre\/iluminacao-de-natal-da-praca-da-liberdade-em-bh-e-inaugurada-nesta-quarta\/#webpage","url":"https:\/\/www.encontrabelohorizonte.com.br\/sobre\/iluminacao-de-natal-da-praca-da-liberdade-em-bh-e-inaugurada-nesta-quarta\/","name":"Ilumina\u00e7\u00e3o de Natal da Pra\u00e7a da Liberdade em BH \u00e9 inaugurada nesta quarta | Encontra Belo Horizonte","description":"A tradicional ilumina\u00e7\u00e3o de Natal da Pra\u00e7a da Liberdade, na Regi\u00e3o Centro-Sul de Belo Horizonte, ser\u00e1 inaugurada nesta quarta-feira (5), mas quem passou pela regi\u00e3o na noite nesta ter\u00e7a-feira (4) j\u00e1 pode conferir como ser\u00e1 a decora\u00e7\u00e3o. T\u00e9cnicos da Companhia Energ\u00e9tica de Minas Gerais (Cemig) testaram as microl\u00e2mpadas e fizeram os \u00faltimos ajustes. Em 2012,","inLanguage":"pt-BR","isPartOf":{"@id":"https:\/\/www.encontrabelohorizonte.com.br\/sobre\/#website"},"breadcrumb":{"@id":"https:\/\/www.encontrabelohorizonte.com.br\/sobre\/iluminacao-de-natal-da-praca-da-liberdade-em-bh-e-inaugurada-nesta-quarta\/#breadcrumblist"},"author":{"@id":"https:\/\/www.encontrabelohorizonte.com.br\/sobre\/author\/ebelohorizonte\/#author"},"creator":{"@id":"https:\/\/www.encontrabelohorizonte.com.br\/sobre\/author\/ebelohorizonte\/#author"},"datePublished":"2012-12-05T14:47:03-02:00","dateModified":"2019-04-12T18:36:03-03:00"},{"@type":"WebSite","@id":"https:\/\/www.encontrabelohorizonte.com.br\/sobre\/#website","url":"https:\/\/www.encontrabelohorizonte.com.br\/sobre\/","name":"Encontra Belo Horizonte","description":"Not\u00edcias, eventos, informa\u00e7\u00f5es e dicas da cidade de Belo Horizonte e regi\u00e3o","inLanguage":"pt-BR","publisher":{"@id":"https:\/\/www.encontrabelohorizonte.com.br\/sobre\/#organization"}}]},"og:locale":"pt_BR","og:site_name":"Encontra Belo Horizonte | Not\u00edcias, eventos, informa\u00e7\u00f5es e dicas da cidade de Belo Horizonte e regi\u00e3o","og:type":"article","og:title":"Ilumina\u00e7\u00e3o de Natal da Pra\u00e7a da Liberdade em BH \u00e9 inaugurada nesta quarta | Encontra Belo Horizonte","og:description":"A tradicional ilumina\u00e7\u00e3o de Natal da Pra\u00e7a da Liberdade, na Regi\u00e3o Centro-Sul de Belo Horizonte, ser\u00e1 inaugurada nesta quarta-feira (5), mas quem passou pela regi\u00e3o na noite nesta ter\u00e7a-feira (4) j\u00e1 pode conferir como ser\u00e1 a decora\u00e7\u00e3o. T\u00e9cnicos da Companhia Energ\u00e9tica de Minas Gerais (Cemig) testaram as microl\u00e2mpadas e fizeram os \u00faltimos ajustes. Em 2012,","og:url":"https:\/\/www.encontrabelohorizonte.com.br\/sobre\/iluminacao-de-natal-da-praca-da-liberdade-em-bh-e-inaugurada-nesta-quarta\/","article:published_time":"2012-12-05T14:47:03+00:00","article:modified_time":"2019-04-12T18:36:03+00:00","twitter:card":"summary","twitter:title":"Ilumina\u00e7\u00e3o de Natal da Pra\u00e7a da Liberdade em BH \u00e9 inaugurada nesta quarta | Encontra Belo Horizonte","twitter:description":"A tradicional ilumina\u00e7\u00e3o de Natal da Pra\u00e7a da Liberdade, na Regi\u00e3o Centro-Sul de Belo Horizonte, ser\u00e1 inaugurada nesta quarta-feira (5), mas quem passou pela regi\u00e3o na noite nesta ter\u00e7a-feira (4) j\u00e1 pode conferir como ser\u00e1 a decora\u00e7\u00e3o. T\u00e9cnicos da Companhia Energ\u00e9tica de Minas Gerais (Cemig) testaram as microl\u00e2mpadas e fizeram os \u00faltimos ajustes. Em 2012,"},"aioseo_meta_data":{"post_id":"815","title":null,"description":null,"keywords":null,"keyphrases":null,"primary_term":null,"canonical_url":null,"og_title":null,"og_description":null,"og_object_type":"default","og_image_type":"default","og_image_url":null,"og_image_width":null,"og_image_height":null,"og_image_custom_url":null,"og_image_custom_fields":null,"og_video":null,"og_custom_url":null,"og_article_section":null,"og_article_tags":null,"twitter_use_og":false,"twitter_card":"default","twitter_image_type":"default","twitter_image_url":null,"twitter_image_custom_url":null,"twitter_image_custom_fields":null,"twitter_title":null,"twitter_description":null,"schema":{"blockGraphs":[],"customGraphs":[],"default":{"data":{"Article":[],"Course":[],"Dataset":[],"FAQPage":[],"Movie":[],"Person":[],"Product":[],"ProductReview":[],"Car":[],"Recipe":[],"Service":[],"SoftwareApplication":[],"WebPage":[]},"graphName":"Article","isEnabled":true},"graphs":[]},"schema_type":null,"schema_type_options":null,"pillar_content":false,"robots_default":true,"robots_noindex":false,"robots_noarchive":false,"robots_nosnippet":false,"robots_nofollow":false,"robots_noimageindex":false,"robots_noodp":false,"robots_notranslate":false,"robots_max_snippet":null,"robots_max_videopreview":null,"robots_max_imagepreview":"large","priority":null,"frequency":null,"local_seo":null,"breadcrumb_settings":null,"limit_modified_date":false,"ai":null,"created":"2022-01-15 03:35:12","updated":"2025-09-27 05:06:20","focus_keyword":null,"additional_keywords":null,"truseo_locale":null,"seo_analyzer_scan_date":null},"aioseo_breadcrumb":"<div class=\"aioseo-breadcrumbs\"><span class=\"aioseo-breadcrumb\">\n\t\t\t<a href=\"https:\/\/www.encontrabelohorizonte.com.br\/sobre\" title=\"In\u00edcio\">In\u00edcio<\/a>\n\t\t<\/span><span class=\"aioseo-breadcrumb-separator\">&raquo;<\/span><span class=\"aioseo-breadcrumb\">\n\t\t\t<a href=\"https:\/\/www.encontrabelohorizonte.com.br\/sobre\/noticias\/\" title=\"Not\u00edcias Belo Horizonte\">Not\u00edcias Belo Horizonte<\/a>\n\t\t<\/span><span class=\"aioseo-breadcrumb-separator\">&raquo;<\/span><span class=\"aioseo-breadcrumb\">\n\t\t\tIlumina\u00e7\u00e3o de Natal da Pra\u00e7a da Liberdade em BH \u00e9 inaugurada nesta quarta\n\t\t<\/span><\/div>","aioseo_breadcrumb_json":[{"label":"In\u00edcio","link":"https:\/\/www.encontrabelohorizonte.com.br\/sobre"},{"label":"Not\u00edcias Belo Horizonte","link":"https:\/\/www.encontrabelohorizonte.com.br\/sobre\/noticias\/"},{"label":"Ilumina\u00e7\u00e3o de Natal da Pra\u00e7a da Liberdade em BH \u00e9 inaugurada nesta quarta","link":"https:\/\/www.encontrabelohorizonte.com.br\/sobre\/iluminacao-de-natal-da-praca-da-liberdade-em-bh-e-inaugurada-nesta-quarta\/"}],"_links":{"self":[{"href":"https:\/\/www.encontrabelohorizonte.com.br\/sobre\/wp-json\/wp\/v2\/posts\/815","targetHints":{"allow":["GET"]}}],"collection":[{"href":"https:\/\/www.encontrabelohorizonte.com.br\/sobre\/wp-json\/wp\/v2\/posts"}],"about":[{"href":"https:\/\/www.encontrabelohorizonte.com.br\/sobre\/wp-json\/wp\/v2\/types\/post"}],"author":[{"embeddable":true,"href":"https:\/\/www.encontrabelohorizonte.com.br\/sobre\/wp-json\/wp\/v2\/users\/1"}],"replies":[{"embeddable":true,"href":"https:\/\/www.encontrabelohorizonte.com.br\/sobre\/wp-json\/wp\/v2\/comments?post=815"}],"version-history":[{"count":0,"href":"https:\/\/www.encontrabelohorizonte.com.br\/sobre\/wp-json\/wp\/v2\/posts\/815\/revisions"}],"wp:attachment":[{"href":"https:\/\/www.encontrabelohorizonte.com.br\/sobre\/wp-json\/wp\/v2\/media?parent=815"}],"wp:term":[{"taxonomy":"category","embeddable":true,"href":"https:\/\/www.encontrabelohorizonte.com.br\/sobre\/wp-json\/wp\/v2\/categories?post=815"},{"taxonomy":"post_tag","embeddable":true,"href":"https:\/\/www.encontrabelohorizonte.com.br\/sobre\/wp-json\/wp\/v2\/tags?post=815"}],"curies":[{"name":"wp","href":"https:\/\/api.w.org\/{rel}","templated":true}]}}