{"id":821,"date":"2012-12-07T11:26:32","date_gmt":"2012-12-07T11:26:32","guid":{"rendered":"http:\/\/www.encontrabelohorizonte.com.br\/noticias\/?p=821"},"modified":"2019-04-12T18:36:02","modified_gmt":"2019-04-12T18:36:02","slug":"transito-vai-ser-alterado-em-vias-proximas-a-lagoa-da-pampulha-em-bh","status":"publish","type":"post","link":"https:\/\/www.encontrabelohorizonte.com.br\/sobre\/transito-vai-ser-alterado-em-vias-proximas-a-lagoa-da-pampulha-em-bh\/","title":{"rendered":"Tr\u00e2nsito vai ser alterado em vias pr\u00f3ximas \u00e0 Lagoa da Pampulha em BH"},"content":{"rendered":"<div class=\"2e083cf0b19e2c11948dc6ac054ba979\" data-index=\"1\" style=\"float: none; margin:0px;\">\n<!-- Anuncio display - global -->\r\n<ins class=\"adsbygoogle\"\r\n     style=\"display:block\"\r\n     data-ad-client=\"ca-pub-8585364105181520\"\r\n     data-ad-slot=\"8789329856\"\r\n     data-ad-format=\"auto\"\r\n     data-full-width-responsive=\"true\"><\/ins>\r\n<script>\r\n     (adsbygoogle = window.adsbygoogle || []).push({});\r\n<\/script>\n<\/div>\n<p>O tr\u00e2nsito em algumas vias pr\u00f3ximas \u00e0 Lagoa da Pampulha, em Belo Horizonte, vai ser alterado neste fim de semana para a 14\u00aa Volta Internacional da Pampulha. De acordo com a Empresa de Transportes e Tr\u00e2nsito de Belo Horizonte (BHTrans), a Avenida Otac\u00edlio Negr\u00e3o de Lima vai ser interditada em toda a extens\u00e3o, a partir das 6h deste domingo (9), e 18 linhas de \u00f4nibus v\u00e3o ter os itiner\u00e1rios mudados. A altera\u00e7\u00e3o na via vai ser realizada at\u00e9 o t\u00e9rmino do evento, previsto para as 13h.<\/p>\n<p>Neste s\u00e1bado (8), a partir das 15h, a Avenida Coronel Oscar Paschoal, entre as avenidas Otac\u00edlio Negr\u00e3o de Lima, Ant\u00f4nio Abrah\u00e3o Caram e Carlos Luz, ser\u00e1 fechada para a montagem e desmontagem da estrutura do evento, at\u00e9 as 16h deste domingo (9).<\/p>\n<p>O estacionamento nas proximidades do Iate T\u00eanis Clube, Igreja S\u00e3o Francisco de Assis, Parque Guanabara, Clube Belo Horizonte e Associa\u00e7\u00e3o Atl\u00e9tica Banco do Brasil (AABB) ser\u00e1 proibido. Os locais ser\u00e3o devidamente sinalizados.<\/p>\n<p>A Avenida dos Esportes, entre as avenidas Otac\u00edlio Negr\u00e3o e Palmeiras, neste sentido, ser\u00e1 reservada para \u00f4nibus especiais dos atletas visitantes.<\/p>\n<p>A Rua Benito Masci com Rua Palermo e a Rua Expedicion\u00e1rios Paulo de Oliveira, entre a Avenida Fleming e Rua Expedicion\u00e1rio Nilo Morais Pinheiro, tamb\u00e9m ser\u00e3o interditadas neste s\u00e1bado (8).<\/p>\n<p>No domingo (9), os acessos \u00e0 orla da lagoa ser\u00e3o fechados a partir das 6h. O tr\u00e2nsito da Barragem da Pampulha, a partir das 7h, vai ser feito em meio tr\u00e1fego para a passagem dos atletas. Ap\u00f3s a passagem, o tr\u00e1fego ser\u00e1 liberado.<\/p>\n<p>O estacionamento na Abra\u00e3o Caram, entre a portaria da Universidade Federal de Minas Gerais (UFMG) e Palmeiras, nos dois sentidos, a Avenida C, em toda sua extens\u00e3o, e na Avenida Carlos Luz, entre a Avenida C e Rua Alfredo Camaratti, ambos os sentidos, tamb\u00e9m ser\u00e1 proibido. Mais informa\u00e7\u00f5es e op\u00e7\u00f5es de desvios no site do\u00a0BHTrans.<\/p>\n<p><em>Fonte: G1<\/em><\/p>\n\n<div style=\"font-size: 0px; height: 0px; line-height: 0px; margin: 0; padding: 0; clear: both;\"><\/div>","protected":false},"excerpt":{"rendered":"<p>O tr\u00e2nsito em algumas vias pr\u00f3ximas \u00e0 Lagoa da Pampulha, em Belo Horizonte, vai ser alterado neste fim de semana para a 14\u00aa Volta Internacional da Pampulha. De acordo com a Empresa de Transportes e Tr\u00e2nsito de Belo Horizonte (BHTrans), a Avenida Otac\u00edlio Negr\u00e3o de Lima vai ser interditada em toda a extens\u00e3o, a partir das 6h deste domingo (9), e 18 linhas de \u00f4nibus v\u00e3o ter os itiner\u00e1rios mudados. A altera\u00e7\u00e3o na via vai ser realizada at\u00e9 o t\u00e9rmino do evento, previsto para as 13h. Neste s\u00e1bado (8), a partir das 15h, a Avenida Coronel Oscar Paschoal, entre as <\/p>\n","protected":false},"author":1,"featured_media":0,"comment_status":"open","ping_status":"closed","sticky":false,"template":"","format":"standard","meta":{"footnotes":""},"categories":[6],"tags":[15],"class_list":["post-821","post","type-post","status-publish","format-standard","hentry","category-noticias","tag-belo-horizonte"],"aioseo_notices":[],"aioseo_head":"\n\t\t<!-- All in One SEO 5.0.0.1 - aioseo.com -->\n\t<meta name=\"description\" content=\"O tr\u00e2nsito em algumas vias pr\u00f3ximas \u00e0 Lagoa da Pampulha, em Belo Horizonte, vai ser alterado neste fim de semana para a 14\u00aa Volta Internacional da Pampulha. De acordo com a Empresa de Transportes e Tr\u00e2nsito de Belo Horizonte (BHTrans), a Avenida Otac\u00edlio Negr\u00e3o de Lima vai ser interditada em toda a extens\u00e3o, a partir\" \/>\n\t<meta name=\"robots\" content=\"max-image-preview:large\" \/>\n\t<meta name=\"author\" content=\"Encontra Belo Horizonte\"\/>\n\t<link rel=\"canonical\" href=\"https:\/\/www.encontrabelohorizonte.com.br\/sobre\/transito-vai-ser-alterado-em-vias-proximas-a-lagoa-da-pampulha-em-bh\/\" \/>\n\t<meta name=\"generator\" content=\"All in One SEO (AIOSEO) 5.0.0.1\" \/>\n\t\t<meta property=\"og:locale\" content=\"pt_BR\" \/>\n\t\t<meta property=\"og:site_name\" content=\"Encontra Belo Horizonte | Not\u00edcias, eventos, informa\u00e7\u00f5es e dicas da cidade de Belo Horizonte e regi\u00e3o\" \/>\n\t\t<meta property=\"og:type\" content=\"article\" \/>\n\t\t<meta property=\"og:title\" content=\"Tr\u00e2nsito vai ser alterado em vias pr\u00f3ximas \u00e0 Lagoa da Pampulha em BH | Encontra Belo Horizonte\" \/>\n\t\t<meta property=\"og:description\" content=\"O tr\u00e2nsito em algumas vias pr\u00f3ximas \u00e0 Lagoa da Pampulha, em Belo Horizonte, vai ser alterado neste fim de semana para a 14\u00aa Volta Internacional da Pampulha. De acordo com a Empresa de Transportes e Tr\u00e2nsito de Belo Horizonte (BHTrans), a Avenida Otac\u00edlio Negr\u00e3o de Lima vai ser interditada em toda a extens\u00e3o, a partir\" \/>\n\t\t<meta property=\"og:url\" content=\"https:\/\/www.encontrabelohorizonte.com.br\/sobre\/transito-vai-ser-alterado-em-vias-proximas-a-lagoa-da-pampulha-em-bh\/\" \/>\n\t\t<meta property=\"article:published_time\" content=\"2012-12-07T11:26:32+00:00\" \/>\n\t\t<meta property=\"article:modified_time\" content=\"2019-04-12T18:36:02+00:00\" \/>\n\t\t<meta name=\"twitter:card\" content=\"summary\" \/>\n\t\t<meta name=\"twitter:title\" content=\"Tr\u00e2nsito vai ser alterado em vias pr\u00f3ximas \u00e0 Lagoa da Pampulha em BH | Encontra Belo Horizonte\" \/>\n\t\t<meta name=\"twitter:description\" content=\"O tr\u00e2nsito em algumas vias pr\u00f3ximas \u00e0 Lagoa da Pampulha, em Belo Horizonte, vai ser alterado neste fim de semana para a 14\u00aa Volta Internacional da Pampulha. De acordo com a Empresa de Transportes e Tr\u00e2nsito de Belo Horizonte (BHTrans), a Avenida Otac\u00edlio Negr\u00e3o de Lima vai ser interditada em toda a extens\u00e3o, a partir\" \/>\n\t\t<script type=\"application\/ld+json\" class=\"aioseo-schema\">\n\t\t\t{\"@context\":\"https:\\\/\\\/schema.org\",\"@graph\":[{\"@type\":\"Article\",\"@id\":\"https:\\\/\\\/www.encontrabelohorizonte.com.br\\\/sobre\\\/transito-vai-ser-alterado-em-vias-proximas-a-lagoa-da-pampulha-em-bh\\\/#article\",\"name\":\"Tr\\u00e2nsito vai ser alterado em vias pr\\u00f3ximas \\u00e0 Lagoa da Pampulha em BH | Encontra Belo Horizonte\",\"headline\":\"Tr\\u00e2nsito vai ser alterado em vias pr\\u00f3ximas \\u00e0 Lagoa da Pampulha em BH\",\"author\":{\"@id\":\"https:\\\/\\\/www.encontrabelohorizonte.com.br\\\/sobre\\\/author\\\/ebelohorizonte\\\/#author\"},\"publisher\":{\"@id\":\"https:\\\/\\\/www.encontrabelohorizonte.com.br\\\/sobre\\\/#organization\"},\"datePublished\":\"2012-12-07T11:26:32-02:00\",\"dateModified\":\"2019-04-12T18:36:02-03:00\",\"inLanguage\":\"pt-BR\",\"mainEntityOfPage\":{\"@id\":\"https:\\\/\\\/www.encontrabelohorizonte.com.br\\\/sobre\\\/transito-vai-ser-alterado-em-vias-proximas-a-lagoa-da-pampulha-em-bh\\\/#webpage\"},\"isPartOf\":{\"@id\":\"https:\\\/\\\/www.encontrabelohorizonte.com.br\\\/sobre\\\/transito-vai-ser-alterado-em-vias-proximas-a-lagoa-da-pampulha-em-bh\\\/#webpage\"},\"articleSection\":\"Not\\u00edcias Belo Horizonte, Belo Horizonte\"},{\"@type\":\"BreadcrumbList\",\"@id\":\"https:\\\/\\\/www.encontrabelohorizonte.com.br\\\/sobre\\\/transito-vai-ser-alterado-em-vias-proximas-a-lagoa-da-pampulha-em-bh\\\/#breadcrumblist\",\"itemListElement\":[{\"@type\":\"ListItem\",\"@id\":\"https:\\\/\\\/www.encontrabelohorizonte.com.br\\\/sobre#listItem\",\"position\":1,\"name\":\"In\\u00edcio\",\"item\":\"https:\\\/\\\/www.encontrabelohorizonte.com.br\\\/sobre\",\"nextItem\":{\"@type\":\"ListItem\",\"@id\":\"https:\\\/\\\/www.encontrabelohorizonte.com.br\\\/sobre\\\/noticias\\\/#listItem\",\"name\":\"Not\\u00edcias Belo Horizonte\"}},{\"@type\":\"ListItem\",\"@id\":\"https:\\\/\\\/www.encontrabelohorizonte.com.br\\\/sobre\\\/noticias\\\/#listItem\",\"position\":2,\"name\":\"Not\\u00edcias Belo Horizonte\",\"item\":\"https:\\\/\\\/www.encontrabelohorizonte.com.br\\\/sobre\\\/noticias\\\/\",\"nextItem\":{\"@type\":\"ListItem\",\"@id\":\"https:\\\/\\\/www.encontrabelohorizonte.com.br\\\/sobre\\\/transito-vai-ser-alterado-em-vias-proximas-a-lagoa-da-pampulha-em-bh\\\/#listItem\",\"name\":\"Tr\\u00e2nsito vai ser alterado em vias pr\\u00f3ximas \\u00e0 Lagoa da Pampulha em BH\"},\"previousItem\":{\"@type\":\"ListItem\",\"@id\":\"https:\\\/\\\/www.encontrabelohorizonte.com.br\\\/sobre#listItem\",\"name\":\"In\\u00edcio\"}},{\"@type\":\"ListItem\",\"@id\":\"https:\\\/\\\/www.encontrabelohorizonte.com.br\\\/sobre\\\/transito-vai-ser-alterado-em-vias-proximas-a-lagoa-da-pampulha-em-bh\\\/#listItem\",\"position\":3,\"name\":\"Tr\\u00e2nsito vai ser alterado em vias pr\\u00f3ximas \\u00e0 Lagoa da Pampulha em BH\",\"previousItem\":{\"@type\":\"ListItem\",\"@id\":\"https:\\\/\\\/www.encontrabelohorizonte.com.br\\\/sobre\\\/noticias\\\/#listItem\",\"name\":\"Not\\u00edcias Belo Horizonte\"}}]},{\"@type\":\"Organization\",\"@id\":\"https:\\\/\\\/www.encontrabelohorizonte.com.br\\\/sobre\\\/#organization\",\"name\":\"Encontra Belo Horizonte\",\"description\":\"Not\\u00edcias, eventos, informa\\u00e7\\u00f5es e dicas da cidade de Belo Horizonte e regi\\u00e3o\",\"url\":\"https:\\\/\\\/www.encontrabelohorizonte.com.br\\\/sobre\\\/\"},{\"@type\":\"Person\",\"@id\":\"https:\\\/\\\/www.encontrabelohorizonte.com.br\\\/sobre\\\/author\\\/ebelohorizonte\\\/#author\",\"url\":\"https:\\\/\\\/www.encontrabelohorizonte.com.br\\\/sobre\\\/author\\\/ebelohorizonte\\\/\",\"name\":\"Encontra Belo Horizonte\",\"image\":{\"@type\":\"ImageObject\",\"@id\":\"https:\\\/\\\/www.encontrabelohorizonte.com.br\\\/sobre\\\/transito-vai-ser-alterado-em-vias-proximas-a-lagoa-da-pampulha-em-bh\\\/#authorImage\",\"url\":\"https:\\\/\\\/secure.gravatar.com\\\/avatar\\\/507340682b8270222e1f208e23198b6ae7e2c6a1033ae84e99bc6bce4f82a387?s=96&d=mm&r=g\",\"width\":96,\"height\":96,\"caption\":\"Encontra Belo Horizonte\"}},{\"@type\":\"WebPage\",\"@id\":\"https:\\\/\\\/www.encontrabelohorizonte.com.br\\\/sobre\\\/transito-vai-ser-alterado-em-vias-proximas-a-lagoa-da-pampulha-em-bh\\\/#webpage\",\"url\":\"https:\\\/\\\/www.encontrabelohorizonte.com.br\\\/sobre\\\/transito-vai-ser-alterado-em-vias-proximas-a-lagoa-da-pampulha-em-bh\\\/\",\"name\":\"Tr\\u00e2nsito vai ser alterado em vias pr\\u00f3ximas \\u00e0 Lagoa da Pampulha em BH | Encontra Belo Horizonte\",\"description\":\"O tr\\u00e2nsito em algumas vias pr\\u00f3ximas \\u00e0 Lagoa da Pampulha, em Belo Horizonte, vai ser alterado neste fim de semana para a 14\\u00aa Volta Internacional da Pampulha. De acordo com a Empresa de Transportes e Tr\\u00e2nsito de Belo Horizonte (BHTrans), a Avenida Otac\\u00edlio Negr\\u00e3o de Lima vai ser interditada em toda a extens\\u00e3o, a partir\",\"inLanguage\":\"pt-BR\",\"isPartOf\":{\"@id\":\"https:\\\/\\\/www.encontrabelohorizonte.com.br\\\/sobre\\\/#website\"},\"breadcrumb\":{\"@id\":\"https:\\\/\\\/www.encontrabelohorizonte.com.br\\\/sobre\\\/transito-vai-ser-alterado-em-vias-proximas-a-lagoa-da-pampulha-em-bh\\\/#breadcrumblist\"},\"author\":{\"@id\":\"https:\\\/\\\/www.encontrabelohorizonte.com.br\\\/sobre\\\/author\\\/ebelohorizonte\\\/#author\"},\"creator\":{\"@id\":\"https:\\\/\\\/www.encontrabelohorizonte.com.br\\\/sobre\\\/author\\\/ebelohorizonte\\\/#author\"},\"datePublished\":\"2012-12-07T11:26:32-02:00\",\"dateModified\":\"2019-04-12T18:36:02-03:00\"},{\"@type\":\"WebSite\",\"@id\":\"https:\\\/\\\/www.encontrabelohorizonte.com.br\\\/sobre\\\/#website\",\"url\":\"https:\\\/\\\/www.encontrabelohorizonte.com.br\\\/sobre\\\/\",\"name\":\"Encontra Belo Horizonte\",\"description\":\"Not\\u00edcias, eventos, informa\\u00e7\\u00f5es e dicas da cidade de Belo Horizonte e regi\\u00e3o\",\"inLanguage\":\"pt-BR\",\"publisher\":{\"@id\":\"https:\\\/\\\/www.encontrabelohorizonte.com.br\\\/sobre\\\/#organization\"}}]}\n\t\t<\/script>\n\t\t<!-- All in One SEO -->\n\n","aioseo_head_json":{"title":"Tr\u00e2nsito vai ser alterado em vias pr\u00f3ximas \u00e0 Lagoa da Pampulha em BH | Encontra Belo Horizonte","description":"O tr\u00e2nsito em algumas vias pr\u00f3ximas \u00e0 Lagoa da Pampulha, em Belo Horizonte, vai ser alterado neste fim de semana para a 14\u00aa Volta Internacional da Pampulha. De acordo com a Empresa de Transportes e Tr\u00e2nsito de Belo Horizonte (BHTrans), a Avenida Otac\u00edlio Negr\u00e3o de Lima vai ser interditada em toda a extens\u00e3o, a partir","canonical_url":"https:\/\/www.encontrabelohorizonte.com.br\/sobre\/transito-vai-ser-alterado-em-vias-proximas-a-lagoa-da-pampulha-em-bh\/","robots":"max-image-preview:large","keywords":"","webmasterTools":{"miscellaneous":""},"schema":{"@context":"https:\/\/schema.org","@graph":[{"@type":"Article","@id":"https:\/\/www.encontrabelohorizonte.com.br\/sobre\/transito-vai-ser-alterado-em-vias-proximas-a-lagoa-da-pampulha-em-bh\/#article","name":"Tr\u00e2nsito vai ser alterado em vias pr\u00f3ximas \u00e0 Lagoa da Pampulha em BH | Encontra Belo Horizonte","headline":"Tr\u00e2nsito vai ser alterado em vias pr\u00f3ximas \u00e0 Lagoa da Pampulha em BH","author":{"@id":"https:\/\/www.encontrabelohorizonte.com.br\/sobre\/author\/ebelohorizonte\/#author"},"publisher":{"@id":"https:\/\/www.encontrabelohorizonte.com.br\/sobre\/#organization"},"datePublished":"2012-12-07T11:26:32-02:00","dateModified":"2019-04-12T18:36:02-03:00","inLanguage":"pt-BR","mainEntityOfPage":{"@id":"https:\/\/www.encontrabelohorizonte.com.br\/sobre\/transito-vai-ser-alterado-em-vias-proximas-a-lagoa-da-pampulha-em-bh\/#webpage"},"isPartOf":{"@id":"https:\/\/www.encontrabelohorizonte.com.br\/sobre\/transito-vai-ser-alterado-em-vias-proximas-a-lagoa-da-pampulha-em-bh\/#webpage"},"articleSection":"Not\u00edcias Belo Horizonte, Belo Horizonte"},{"@type":"BreadcrumbList","@id":"https:\/\/www.encontrabelohorizonte.com.br\/sobre\/transito-vai-ser-alterado-em-vias-proximas-a-lagoa-da-pampulha-em-bh\/#breadcrumblist","itemListElement":[{"@type":"ListItem","@id":"https:\/\/www.encontrabelohorizonte.com.br\/sobre#listItem","position":1,"name":"In\u00edcio","item":"https:\/\/www.encontrabelohorizonte.com.br\/sobre","nextItem":{"@type":"ListItem","@id":"https:\/\/www.encontrabelohorizonte.com.br\/sobre\/noticias\/#listItem","name":"Not\u00edcias Belo Horizonte"}},{"@type":"ListItem","@id":"https:\/\/www.encontrabelohorizonte.com.br\/sobre\/noticias\/#listItem","position":2,"name":"Not\u00edcias Belo Horizonte","item":"https:\/\/www.encontrabelohorizonte.com.br\/sobre\/noticias\/","nextItem":{"@type":"ListItem","@id":"https:\/\/www.encontrabelohorizonte.com.br\/sobre\/transito-vai-ser-alterado-em-vias-proximas-a-lagoa-da-pampulha-em-bh\/#listItem","name":"Tr\u00e2nsito vai ser alterado em vias pr\u00f3ximas \u00e0 Lagoa da Pampulha em BH"},"previousItem":{"@type":"ListItem","@id":"https:\/\/www.encontrabelohorizonte.com.br\/sobre#listItem","name":"In\u00edcio"}},{"@type":"ListItem","@id":"https:\/\/www.encontrabelohorizonte.com.br\/sobre\/transito-vai-ser-alterado-em-vias-proximas-a-lagoa-da-pampulha-em-bh\/#listItem","position":3,"name":"Tr\u00e2nsito vai ser alterado em vias pr\u00f3ximas \u00e0 Lagoa da Pampulha em BH","previousItem":{"@type":"ListItem","@id":"https:\/\/www.encontrabelohorizonte.com.br\/sobre\/noticias\/#listItem","name":"Not\u00edcias Belo Horizonte"}}]},{"@type":"Organization","@id":"https:\/\/www.encontrabelohorizonte.com.br\/sobre\/#organization","name":"Encontra Belo Horizonte","description":"Not\u00edcias, eventos, informa\u00e7\u00f5es e dicas da cidade de Belo Horizonte e regi\u00e3o","url":"https:\/\/www.encontrabelohorizonte.com.br\/sobre\/"},{"@type":"Person","@id":"https:\/\/www.encontrabelohorizonte.com.br\/sobre\/author\/ebelohorizonte\/#author","url":"https:\/\/www.encontrabelohorizonte.com.br\/sobre\/author\/ebelohorizonte\/","name":"Encontra Belo Horizonte","image":{"@type":"ImageObject","@id":"https:\/\/www.encontrabelohorizonte.com.br\/sobre\/transito-vai-ser-alterado-em-vias-proximas-a-lagoa-da-pampulha-em-bh\/#authorImage","url":"https:\/\/secure.gravatar.com\/avatar\/507340682b8270222e1f208e23198b6ae7e2c6a1033ae84e99bc6bce4f82a387?s=96&d=mm&r=g","width":96,"height":96,"caption":"Encontra Belo Horizonte"}},{"@type":"WebPage","@id":"https:\/\/www.encontrabelohorizonte.com.br\/sobre\/transito-vai-ser-alterado-em-vias-proximas-a-lagoa-da-pampulha-em-bh\/#webpage","url":"https:\/\/www.encontrabelohorizonte.com.br\/sobre\/transito-vai-ser-alterado-em-vias-proximas-a-lagoa-da-pampulha-em-bh\/","name":"Tr\u00e2nsito vai ser alterado em vias pr\u00f3ximas \u00e0 Lagoa da Pampulha em BH | Encontra Belo Horizonte","description":"O tr\u00e2nsito em algumas vias pr\u00f3ximas \u00e0 Lagoa da Pampulha, em Belo Horizonte, vai ser alterado neste fim de semana para a 14\u00aa Volta Internacional da Pampulha. De acordo com a Empresa de Transportes e Tr\u00e2nsito de Belo Horizonte (BHTrans), a Avenida Otac\u00edlio Negr\u00e3o de Lima vai ser interditada em toda a extens\u00e3o, a partir","inLanguage":"pt-BR","isPartOf":{"@id":"https:\/\/www.encontrabelohorizonte.com.br\/sobre\/#website"},"breadcrumb":{"@id":"https:\/\/www.encontrabelohorizonte.com.br\/sobre\/transito-vai-ser-alterado-em-vias-proximas-a-lagoa-da-pampulha-em-bh\/#breadcrumblist"},"author":{"@id":"https:\/\/www.encontrabelohorizonte.com.br\/sobre\/author\/ebelohorizonte\/#author"},"creator":{"@id":"https:\/\/www.encontrabelohorizonte.com.br\/sobre\/author\/ebelohorizonte\/#author"},"datePublished":"2012-12-07T11:26:32-02:00","dateModified":"2019-04-12T18:36:02-03:00"},{"@type":"WebSite","@id":"https:\/\/www.encontrabelohorizonte.com.br\/sobre\/#website","url":"https:\/\/www.encontrabelohorizonte.com.br\/sobre\/","name":"Encontra Belo Horizonte","description":"Not\u00edcias, eventos, informa\u00e7\u00f5es e dicas da cidade de Belo Horizonte e regi\u00e3o","inLanguage":"pt-BR","publisher":{"@id":"https:\/\/www.encontrabelohorizonte.com.br\/sobre\/#organization"}}]},"og:locale":"pt_BR","og:site_name":"Encontra Belo Horizonte | Not\u00edcias, eventos, informa\u00e7\u00f5es e dicas da cidade de Belo Horizonte e regi\u00e3o","og:type":"article","og:title":"Tr\u00e2nsito vai ser alterado em vias pr\u00f3ximas \u00e0 Lagoa da Pampulha em BH | Encontra Belo Horizonte","og:description":"O tr\u00e2nsito em algumas vias pr\u00f3ximas \u00e0 Lagoa da Pampulha, em Belo Horizonte, vai ser alterado neste fim de semana para a 14\u00aa Volta Internacional da Pampulha. De acordo com a Empresa de Transportes e Tr\u00e2nsito de Belo Horizonte (BHTrans), a Avenida Otac\u00edlio Negr\u00e3o de Lima vai ser interditada em toda a extens\u00e3o, a partir","og:url":"https:\/\/www.encontrabelohorizonte.com.br\/sobre\/transito-vai-ser-alterado-em-vias-proximas-a-lagoa-da-pampulha-em-bh\/","article:published_time":"2012-12-07T11:26:32+00:00","article:modified_time":"2019-04-12T18:36:02+00:00","twitter:card":"summary","twitter:title":"Tr\u00e2nsito vai ser alterado em vias pr\u00f3ximas \u00e0 Lagoa da Pampulha em BH | Encontra Belo Horizonte","twitter:description":"O tr\u00e2nsito em algumas vias pr\u00f3ximas \u00e0 Lagoa da Pampulha, em Belo Horizonte, vai ser alterado neste fim de semana para a 14\u00aa Volta Internacional da Pampulha. De acordo com a Empresa de Transportes e Tr\u00e2nsito de Belo Horizonte (BHTrans), a Avenida Otac\u00edlio Negr\u00e3o de Lima vai ser interditada em toda a extens\u00e3o, a partir"},"aioseo_meta_data":{"post_id":"821","title":null,"description":null,"keywords":null,"keyphrases":null,"primary_term":null,"canonical_url":null,"og_title":null,"og_description":null,"og_object_type":"default","og_image_type":"default","og_image_url":null,"og_image_width":null,"og_image_height":null,"og_image_custom_url":null,"og_image_custom_fields":null,"og_video":null,"og_custom_url":null,"og_article_section":null,"og_article_tags":null,"twitter_use_og":false,"twitter_card":"default","twitter_image_type":"default","twitter_image_url":null,"twitter_image_custom_url":null,"twitter_image_custom_fields":null,"twitter_title":null,"twitter_description":null,"schema":{"blockGraphs":[],"customGraphs":[],"default":{"data":{"Article":[],"Course":[],"Dataset":[],"FAQPage":[],"Movie":[],"Person":[],"Product":[],"ProductReview":[],"Car":[],"Recipe":[],"Service":[],"SoftwareApplication":[],"WebPage":[]},"graphName":"Article","isEnabled":true},"graphs":[]},"schema_type":null,"schema_type_options":null,"pillar_content":false,"robots_default":true,"robots_noindex":false,"robots_noarchive":false,"robots_nosnippet":false,"robots_nofollow":false,"robots_noimageindex":false,"robots_noodp":false,"robots_notranslate":false,"robots_max_snippet":null,"robots_max_videopreview":null,"robots_max_imagepreview":"large","priority":null,"frequency":null,"local_seo":null,"breadcrumb_settings":null,"limit_modified_date":false,"ai":null,"created":"2021-12-20 17:14:53","updated":"2025-09-27 05:06:20","focus_keyword":null,"additional_keywords":null,"truseo_locale":null,"seo_analyzer_scan_date":null},"aioseo_breadcrumb":"<div class=\"aioseo-breadcrumbs\"><span class=\"aioseo-breadcrumb\">\n\t\t\t<a href=\"https:\/\/www.encontrabelohorizonte.com.br\/sobre\" title=\"In\u00edcio\">In\u00edcio<\/a>\n\t\t<\/span><span class=\"aioseo-breadcrumb-separator\">&raquo;<\/span><span class=\"aioseo-breadcrumb\">\n\t\t\t<a href=\"https:\/\/www.encontrabelohorizonte.com.br\/sobre\/noticias\/\" title=\"Not\u00edcias Belo Horizonte\">Not\u00edcias Belo Horizonte<\/a>\n\t\t<\/span><span class=\"aioseo-breadcrumb-separator\">&raquo;<\/span><span class=\"aioseo-breadcrumb\">\n\t\t\tTr\u00e2nsito vai ser alterado em vias pr\u00f3ximas \u00e0 Lagoa da Pampulha em BH\n\t\t<\/span><\/div>","aioseo_breadcrumb_json":[{"label":"In\u00edcio","link":"https:\/\/www.encontrabelohorizonte.com.br\/sobre"},{"label":"Not\u00edcias Belo Horizonte","link":"https:\/\/www.encontrabelohorizonte.com.br\/sobre\/noticias\/"},{"label":"Tr\u00e2nsito vai ser alterado em vias pr\u00f3ximas \u00e0 Lagoa da Pampulha em BH","link":"https:\/\/www.encontrabelohorizonte.com.br\/sobre\/transito-vai-ser-alterado-em-vias-proximas-a-lagoa-da-pampulha-em-bh\/"}],"_links":{"self":[{"href":"https:\/\/www.encontrabelohorizonte.com.br\/sobre\/wp-json\/wp\/v2\/posts\/821","targetHints":{"allow":["GET"]}}],"collection":[{"href":"https:\/\/www.encontrabelohorizonte.com.br\/sobre\/wp-json\/wp\/v2\/posts"}],"about":[{"href":"https:\/\/www.encontrabelohorizonte.com.br\/sobre\/wp-json\/wp\/v2\/types\/post"}],"author":[{"embeddable":true,"href":"https:\/\/www.encontrabelohorizonte.com.br\/sobre\/wp-json\/wp\/v2\/users\/1"}],"replies":[{"embeddable":true,"href":"https:\/\/www.encontrabelohorizonte.com.br\/sobre\/wp-json\/wp\/v2\/comments?post=821"}],"version-history":[{"count":0,"href":"https:\/\/www.encontrabelohorizonte.com.br\/sobre\/wp-json\/wp\/v2\/posts\/821\/revisions"}],"wp:attachment":[{"href":"https:\/\/www.encontrabelohorizonte.com.br\/sobre\/wp-json\/wp\/v2\/media?parent=821"}],"wp:term":[{"taxonomy":"category","embeddable":true,"href":"https:\/\/www.encontrabelohorizonte.com.br\/sobre\/wp-json\/wp\/v2\/categories?post=821"},{"taxonomy":"post_tag","embeddable":true,"href":"https:\/\/www.encontrabelohorizonte.com.br\/sobre\/wp-json\/wp\/v2\/tags?post=821"}],"curies":[{"name":"wp","href":"https:\/\/api.w.org\/{rel}","templated":true}]}}