{"id":875,"date":"2012-12-18T00:24:45","date_gmt":"2012-12-18T00:24:45","guid":{"rendered":"http:\/\/www.encontrabelohorizonte.com.br\/noticias\/?p=875"},"modified":"2019-04-12T18:36:00","modified_gmt":"2019-04-12T18:36:00","slug":"secretario-divulga-programacao-para-reabertura-do-novo-mineirao-em-bh","status":"publish","type":"post","link":"https:\/\/www.encontrabelohorizonte.com.br\/sobre\/secretario-divulga-programacao-para-reabertura-do-novo-mineirao-em-bh\/","title":{"rendered":"Secret\u00e1rio divulga programa\u00e7\u00e3o  para reabertura do novo Mineir\u00e3o em BH"},"content":{"rendered":"<div class=\"2e083cf0b19e2c11948dc6ac054ba979\" data-index=\"1\" style=\"float: none; margin:0px;\">\n<!-- Anuncio display - global -->\r\n<ins class=\"adsbygoogle\"\r\n     style=\"display:block\"\r\n     data-ad-client=\"ca-pub-8585364105181520\"\r\n     data-ad-slot=\"8789329856\"\r\n     data-ad-format=\"auto\"\r\n     data-full-width-responsive=\"true\"><\/ins>\r\n<script>\r\n     (adsbygoogle = window.adsbygoogle || []).push({});\r\n<\/script>\n<\/div>\n<p>O secret\u00e1rio de estado extraordin\u00e1rio da Copa do Mundo de Minas Gerais, Tiago Lacerda, concedeu entrevista coletiva, nesta segunda-feira, para explicar toda a programa\u00e7\u00e3o da reinaugura\u00e7\u00e3o do <a href=\"http:\/\/www.encontrabelohorizonte.com.br\/belo-horizonte\/estadio-do-mineirao-em-belo-horizonte.shtml\" target=\"_blank\">Est\u00e1dio do Mineir\u00e3o<\/a>, que acontecer\u00e1 nesta sexta-feira, em Belo Horizonte. O est\u00e1dio est\u00e1 quase pronto. Nos dias 21, 22 e 23 de dezembro, ser\u00e1 reaberto para visita\u00e7\u00e3o dos torcedores. No dia da reinaugura\u00e7\u00e3o, sexta-feira, dia 21, a festa contar\u00e1 com o show da banda mineira Jota Quest, \u00e0s 20h (de Bras\u00edlia). Quem quiser acompanhar o evento n\u00e3o poder\u00e1 vestir qualquer camisa de clubes de futebol.<\/p>\n<p>O show do Jota Quest ser\u00e1 na esplanada, j\u00e1 que o gramado ainda n\u00e3o permite que seja montada uma estrutura sobre ele.\u00a0A esplanada tem 80 mil metros quadrados e ser\u00e1 utilizada como espa\u00e7o de lazer no novo Mineir\u00e3o. Al\u00e9m da apresenta\u00e7\u00e3o da banda de pop rock, outros artistas mineiros se exibir\u00e3o antes do show.<\/p>\n<p>Ser\u00e3o disponibilizados 15 mil ingressos para o primeiro dia de festa. \u00c0s 16h, a esplanada ser\u00e1 aberta, e a visita\u00e7\u00e3o no est\u00e1dio ser\u00e1 das 18h \u00e0s 20h. No dia 22, a visita\u00e7\u00e3o ser\u00e1 das 12h \u00e0s 18h, e ser\u00e3o disponibilizados 20 mil ingressos, sendo dez mil para as primeiras tr\u00eas horas de visita\u00e7\u00e3o e dez mil para as tr\u00eas \u00faltimas. No dia 23 de dezembro, a visita ser\u00e1 das 10h \u00e0s 16h, tamb\u00e9m com 20 mil ingressos dispon\u00edveis para o p\u00fablico.<\/p>\n<p>Os visitantes poder\u00e3o percorrer parte da arquibancada, atr\u00e1s de um dos gols. A BHTrans, Empresa de Transportes e Tr\u00e2nsito de Belo Horizonte, far\u00e1 um esquema de tr\u00e2nsito especial, com linhas especiais de \u00f4nibus e tr\u00eas pontos de t\u00e1xi.<\/p>\n<p>A linha de \u00f4nibus especial, que ter\u00e1 o pre\u00e7o de R$ 2,65, poder\u00e1 ser paga com dinheiro e com o cart\u00e3o BHBus. Na sexta-feira, dia da entrega do est\u00e1dio, os \u00f4nibus sair\u00e3o da rua Rio Grande do Sul, esquina com rua Tupis. De 20 em 20 minutos, em m\u00e9dia, partir\u00e1 um ve\u00edculo em dire\u00e7\u00e3o ao Mineir\u00e3o. O servi\u00e7o ser\u00e1 entre 15h30m e 23h, ap\u00f3s o t\u00e9rmino do show do Jota Quest, previsto para 22h. Nos dias 22 e 23, s\u00e1bado e domingo, os \u00f4nibus sair\u00e3o do mesmo local, com circula\u00e7\u00e3o entre 8h e 20h.<\/p>\n<p>Os ingressos ser\u00e3o trocados por um quilo de alimento n\u00e3o perec\u00edvel, com exce\u00e7\u00e3o de sal e fub\u00e1. Os postos de troca ser\u00e3o no estacionamento do Mercado Central e na Cidade Administrativa. Os bilhetes estar\u00e3o dispon\u00edveis, na ter\u00e7a-feira, das 12h \u00e0s 18h, e na quarta e na quinta-feira, das 9h \u00e0s 17h.<\/p>\n<p><em>Fonte: G1<\/em><\/p>\n\n<div style=\"font-size: 0px; height: 0px; line-height: 0px; margin: 0; padding: 0; clear: both;\"><\/div>","protected":false},"excerpt":{"rendered":"<p>O secret\u00e1rio de estado extraordin\u00e1rio da Copa do Mundo de Minas Gerais, Tiago Lacerda, concedeu entrevista coletiva, nesta segunda-feira, para explicar toda a programa\u00e7\u00e3o da reinaugura\u00e7\u00e3o do Est\u00e1dio do Mineir\u00e3o, que acontecer\u00e1 nesta sexta-feira, em Belo Horizonte. O est\u00e1dio est\u00e1 quase pronto. Nos dias 21, 22 e 23 de dezembro, ser\u00e1 reaberto para visita\u00e7\u00e3o dos torcedores. No dia da reinaugura\u00e7\u00e3o, sexta-feira, dia 21, a festa contar\u00e1 com o show da banda mineira Jota Quest, \u00e0s 20h (de Bras\u00edlia). Quem quiser acompanhar o evento n\u00e3o poder\u00e1 vestir qualquer camisa de clubes de futebol. O show do Jota Quest ser\u00e1 na esplanada, <\/p>\n","protected":false},"author":1,"featured_media":0,"comment_status":"open","ping_status":"closed","sticky":false,"template":"","format":"standard","meta":{"footnotes":""},"categories":[6],"tags":[15],"class_list":["post-875","post","type-post","status-publish","format-standard","hentry","category-noticias","tag-belo-horizonte"],"aioseo_notices":[],"_links":{"self":[{"href":"https:\/\/www.encontrabelohorizonte.com.br\/sobre\/wp-json\/wp\/v2\/posts\/875","targetHints":{"allow":["GET"]}}],"collection":[{"href":"https:\/\/www.encontrabelohorizonte.com.br\/sobre\/wp-json\/wp\/v2\/posts"}],"about":[{"href":"https:\/\/www.encontrabelohorizonte.com.br\/sobre\/wp-json\/wp\/v2\/types\/post"}],"author":[{"embeddable":true,"href":"https:\/\/www.encontrabelohorizonte.com.br\/sobre\/wp-json\/wp\/v2\/users\/1"}],"replies":[{"embeddable":true,"href":"https:\/\/www.encontrabelohorizonte.com.br\/sobre\/wp-json\/wp\/v2\/comments?post=875"}],"version-history":[{"count":0,"href":"https:\/\/www.encontrabelohorizonte.com.br\/sobre\/wp-json\/wp\/v2\/posts\/875\/revisions"}],"wp:attachment":[{"href":"https:\/\/www.encontrabelohorizonte.com.br\/sobre\/wp-json\/wp\/v2\/media?parent=875"}],"wp:term":[{"taxonomy":"category","embeddable":true,"href":"https:\/\/www.encontrabelohorizonte.com.br\/sobre\/wp-json\/wp\/v2\/categories?post=875"},{"taxonomy":"post_tag","embeddable":true,"href":"https:\/\/www.encontrabelohorizonte.com.br\/sobre\/wp-json\/wp\/v2\/tags?post=875"}],"curies":[{"name":"wp","href":"https:\/\/api.w.org\/{rel}","templated":true}]}}