{"id":925,"date":"2013-01-02T00:40:18","date_gmt":"2013-01-02T00:40:18","guid":{"rendered":"http:\/\/www.encontrabelohorizonte.com.br\/noticias\/?p=925"},"modified":"2019-04-12T18:35:59","modified_gmt":"2019-04-12T18:35:59","slug":"prefeito-vice-e-vereadores-foram-empossados-em-belo-horizonte","status":"publish","type":"post","link":"https:\/\/www.encontrabelohorizonte.com.br\/sobre\/prefeito-vice-e-vereadores-foram-empossados-em-belo-horizonte\/","title":{"rendered":"Prefeito, vice e vereadores foram empossados em Belo Horizonte"},"content":{"rendered":"<div class=\"2e083cf0b19e2c11948dc6ac054ba979\" data-index=\"1\" style=\"float: none; margin:0px;\">\n<!-- Anuncio display - global -->\r\n<ins class=\"adsbygoogle\"\r\n     style=\"display:block\"\r\n     data-ad-client=\"ca-pub-8585364105181520\"\r\n     data-ad-slot=\"8789329856\"\r\n     data-ad-format=\"auto\"\r\n     data-full-width-responsive=\"true\"><\/ins>\r\n<script>\r\n     (adsbygoogle = window.adsbygoogle || []).push({});\r\n<\/script>\n<\/div>\n<p>O prefeito reeleito,\u00a0Marcio Lacerda(PSB), tomou posse na \u00faltima ter\u00e7a-feira (1\u00ba) para o seu segundo mandato \u00e0 frente da administra\u00e7\u00e3o da capital mineira. O vice-prefeito, D\u00e9lio Malheiros (PV) e os 41 vereadores eleitos tamb\u00e9m foram empossados na cerim\u00f4nia realizada na C\u00e2mara Municipal de\u00a0Belo Horizonte.<\/p>\n<p>O candidato do PSB foi eleito em 1\u00ba turno na elei\u00e7\u00e3o de outubro com 676.215 votos, o que corresponde a 52,69% dos votos v\u00e1lidos, derrotando o candidato Patrus Ananias (PT), que ficou na segunda coloca\u00e7\u00e3o com 523.645, o que equivale a 40,80%.<\/p>\n<p>A cerim\u00f4nia de posse foi presidida pelo presidente da casa e vereador reeleito L\u00e9o Burgu\u00eas de Castro (PSDB). A reuni\u00e3o solene come\u00e7ou por volta das 15h.<\/p>\n<p>A diploma\u00e7\u00e3o do prefeito, do vice e dos 41 vereadores foi realizada no dia 19 de dezembro.<\/p>\n<div><strong>Vereadores<\/strong><\/div>\n<p>A composi\u00e7\u00e3o da C\u00e2mara Municipal de Belo Horizonte inicia essa legislatura (2013-2017) com 53% de renova\u00e7\u00e3o, ou seja, das 41 cadeiras, 22 ser\u00e3o de novos vereadores e 19 v\u00e3o ser ocupadas por pol\u00edticos reeleitos na elei\u00e7\u00e3o de outubro.\u00a0 As maiores bancadas s\u00e3o do PSB e do PT com seis cadeiras para cada partido.<\/p>\n<p>O candidato mais votado na capital mineira foi Bispo Fernando Luiz (PSB), com 11.950 dos votos.\u00a0 Seguido de Arnaldo Godoy (PT) e do delegado Edson Moreira (PTN), que ficou conhecido por comandar as investiga\u00e7\u00f5es do desaparecimento e da morte de Eliza Samudio, ex-namorada do goleiro Bruno.<\/p>\n<p>Bispo Fernando Luiz e o delegado Edson Moreira v\u00e3o cumprir o primeiro mandato como vereador de acordo com a CMBH, j\u00e1 Arnaldo Godoy vai para a 5\u00ba legislatura.<\/p>\n<p>Al\u00e9m do alto \u00edndice de renova\u00e7\u00e3o na C\u00e2mara, outro fato marcou a elei\u00e7\u00e3o do legislativo municipal. Apenas uma mulher foi eleita em Belo Horizonte. Elaine Matozinhos (PTB) vai para seu terceiro mandato consecutivo na CMBH e o quarto como vereadora da capital mineira.<\/p>\n<p><strong>L\u00e9o Burgu\u00eas \u00e9 reeleito presidente da CMBH<\/strong><br \/>\nO vereador L\u00e9o Burgu\u00eas (PSDB) foi reeleito presidente da C\u00e2mara Municipal de Belo Horizonte. O pol\u00edtico teve 21 votos. Outros 14 votaram contra, dois vereadores estavam ausentes e quatro se abstiveram. Ap\u00f3s o an\u00fancio da vit\u00f3ria de Burgu\u00eas, houve um princ\u00edpio de confus\u00e3o no plen\u00e1rio. Populares que acompanhavam a solenidade come\u00e7aram a protestar contra a reelei\u00e7\u00e3o do pol\u00edtico. A seguran\u00e7a foi acionada e conteve os mais exaltados.<\/p>\n<div>Perguntado sobre o novo mandato, Burgu\u00eas afirmou que trata-se da continua\u00e7\u00e3o de um trabalho. \u201cAprovamos quase tudo em rela\u00e7\u00e3o \u00e0 Copa do Mundo. Temos muitos desafios, como d\u00e9ficit dos leitos hospitalares\u201d, disse.<\/div>\n<p>Outro questionamento feito ao presidente foi sobre um poss\u00edvel racha no PSDB, devido a duas chapas do mesmo partido concorrer \u00e0 presid\u00eancia. O pol\u00edtico negou que haveria um racha e afirmou que a outra chapa n\u00e3o era oposi\u00e7\u00e3o. O vereador Henrique Braga (PSDB) encabe\u00e7ou a outra chapa.<\/p>\n<p><strong>Mesa diretora<\/strong><br \/>\nPresidente \u2013 L\u00e9o Burgu\u00eas (PSDB)<br \/>\nPrimeiro vice-presidente &#8211; Wellington Magalh\u00e3es (PTN)<br \/>\nSegundo vice-presidente \u2013 Orlei Pereira da Silva (PTdoB)<br \/>\nSecret\u00e1rio-geral \u2013 Leonardo Mattos (PV)<br \/>\nPrimeiro secret\u00e1rio \u2013 Vilmo Gomes (PTdoB)<br \/>\nSegundo secret\u00e1rio \u2013 Ver\u00e9 da Farm\u00e1cia (PTdoB)<\/p>\n<p><em>Fonte: G1<\/em><\/p>\n\n<div style=\"font-size: 0px; height: 0px; line-height: 0px; margin: 0; padding: 0; clear: both;\"><\/div>","protected":false},"excerpt":{"rendered":"<p>O prefeito reeleito,\u00a0Marcio Lacerda(PSB), tomou posse na \u00faltima ter\u00e7a-feira (1\u00ba) para o seu segundo mandato \u00e0 frente da administra\u00e7\u00e3o da capital mineira. O vice-prefeito, D\u00e9lio Malheiros (PV) e os 41 vereadores eleitos tamb\u00e9m foram empossados na cerim\u00f4nia realizada na C\u00e2mara Municipal de\u00a0Belo Horizonte. O candidato do PSB foi eleito em 1\u00ba turno na elei\u00e7\u00e3o de outubro com 676.215 votos, o que corresponde a 52,69% dos votos v\u00e1lidos, derrotando o candidato Patrus Ananias (PT), que ficou na segunda coloca\u00e7\u00e3o com 523.645, o que equivale a 40,80%. A cerim\u00f4nia de posse foi presidida pelo presidente da casa e vereador reeleito L\u00e9o Burgu\u00eas <\/p>\n","protected":false},"author":1,"featured_media":0,"comment_status":"open","ping_status":"closed","sticky":false,"template":"","format":"standard","meta":{"footnotes":""},"categories":[6],"tags":[15],"class_list":["post-925","post","type-post","status-publish","format-standard","hentry","category-noticias","tag-belo-horizonte"],"aioseo_notices":[],"_links":{"self":[{"href":"https:\/\/www.encontrabelohorizonte.com.br\/sobre\/wp-json\/wp\/v2\/posts\/925","targetHints":{"allow":["GET"]}}],"collection":[{"href":"https:\/\/www.encontrabelohorizonte.com.br\/sobre\/wp-json\/wp\/v2\/posts"}],"about":[{"href":"https:\/\/www.encontrabelohorizonte.com.br\/sobre\/wp-json\/wp\/v2\/types\/post"}],"author":[{"embeddable":true,"href":"https:\/\/www.encontrabelohorizonte.com.br\/sobre\/wp-json\/wp\/v2\/users\/1"}],"replies":[{"embeddable":true,"href":"https:\/\/www.encontrabelohorizonte.com.br\/sobre\/wp-json\/wp\/v2\/comments?post=925"}],"version-history":[{"count":0,"href":"https:\/\/www.encontrabelohorizonte.com.br\/sobre\/wp-json\/wp\/v2\/posts\/925\/revisions"}],"wp:attachment":[{"href":"https:\/\/www.encontrabelohorizonte.com.br\/sobre\/wp-json\/wp\/v2\/media?parent=925"}],"wp:term":[{"taxonomy":"category","embeddable":true,"href":"https:\/\/www.encontrabelohorizonte.com.br\/sobre\/wp-json\/wp\/v2\/categories?post=925"},{"taxonomy":"post_tag","embeddable":true,"href":"https:\/\/www.encontrabelohorizonte.com.br\/sobre\/wp-json\/wp\/v2\/tags?post=925"}],"curies":[{"name":"wp","href":"https:\/\/api.w.org\/{rel}","templated":true}]}}