{"id":958,"date":"2013-01-10T11:05:14","date_gmt":"2013-01-10T11:05:14","guid":{"rendered":"http:\/\/www.encontrabelohorizonte.com.br\/noticias\/?p=958"},"modified":"2019-04-12T18:35:42","modified_gmt":"2019-04-12T18:35:42","slug":"aderecos-para-carnaval-chegam-ao-comercio-de-belo-horizonte","status":"publish","type":"post","link":"https:\/\/www.encontrabelohorizonte.com.br\/sobre\/aderecos-para-carnaval-chegam-ao-comercio-de-belo-horizonte\/","title":{"rendered":"Adere\u00e7os para carnaval chegam ao com\u00e9rcio de Belo Horizonte"},"content":{"rendered":"<div class=\"2e083cf0b19e2c11948dc6ac054ba979\" data-index=\"1\" style=\"float: none; margin:0px;\">\n<!-- Anuncio display - global -->\r\n<ins class=\"adsbygoogle\"\r\n     style=\"display:block\"\r\n     data-ad-client=\"ca-pub-8585364105181520\"\r\n     data-ad-slot=\"8789329856\"\r\n     data-ad-format=\"auto\"\r\n     data-full-width-responsive=\"true\"><\/ins>\r\n<script>\r\n     (adsbygoogle = window.adsbygoogle || []).push({});\r\n<\/script>\n<\/div>\n<p>As lojas de festas e fantasia j\u00e1 se preparam para o carnaval, e os adere\u00e7os para cair na folia em 2013 come\u00e7am a ganhar as prateleiras e vitrines. Em Belo Horizonte, as apostas para este ano v\u00e3o desde um velho acess\u00f3rio que fez sucesso nos anos 90 at\u00e9 m\u00e1scaras de personagens que est\u00e3o em alta na televis\u00e3o e j\u00e1 deram as caras na festa.<\/p>\n<p>H\u00e1 nove carnavais, Jo\u00e3o L\u00facio Zeferino, hoje gerente, trabalha em uma rede de loja de festas da capital mineira. Ele destaca que, para curtir a festa com estilo, muitos foli\u00f5es v\u00e3o \u00e0s compras em busca de novidades.\u00a0 Como o carnaval \u00e9 uma festa democr\u00e1tica, h\u00e1 novidades \u201csaudosistas\u201d. Os \u00f3culos que t\u00eam um canudo acoplado\u00a0 \u2013 febre entre a crian\u00e7ada, hoje com 25, 30 anos \u2013 est\u00e3o de volta, com visual renovado. Com cores vibrantes, o acess\u00f3rio \u00e9 op\u00e7\u00e3o divertida para compor o visual e a brincadeira no carnaval.<\/p>\n<p>Neste ano, um outro produto que promete ficar na cabe\u00e7a, ou melhor, nos cabelos dos foli\u00f5es, \u00e9 um spray que muda a cor dos fios e ainda brilha na luz negra. Segundo Zeferino, no ano passado, muitos clientes procuraram a tintura, e, em 2013, a loja se adiantou e refor\u00e7ou o estoque.<\/p>\n<p>M\u00e1scaras da dupla Janete e Val\u00e9ria, do programa Zorra Total da TV Globo, fizeram sucesso no carnaval da cidade de S\u00e3o Paulo no ano passado e confirmam a prefer\u00eancia dos foli\u00f5es para este ano. Os adere\u00e7os com o rosto das personagens vividas por Rodrigo Sant\u00b4anna e Thalita Carauta ca\u00edram no gosto do p\u00fablico e j\u00e1 podem ser compradas no com\u00e9rcio de Belo Horizonte para a folia deste ano.<\/p>\n<p>Jo\u00e3o L\u00facio Zeferino destaca que os foli\u00f5es n\u00e3o deixam o b\u00e1sico para tr\u00e1s. Segundo ele, produtos, como confete e serpentina, n\u00e3o faltam na lista de compras de quem se prepara para a folia. Ele conta que o colar de flores no estilo havaiano \u00e9 um dos campe\u00f5es de vendas entre os adere\u00e7os mais tradicionais.<\/p>\n<p><strong>Otimismo<\/strong><br \/>\nPara Zeferino, as perspectivas de venda para este carnaval s\u00e3o otimistas. Segundo o gerente, na loja em que trabalha, a expectativa de crescimento das vendas para 2013 \u00e9 10% a 15% em compara\u00e7\u00e3o ao ano passado.\u00a0 E fun\u00e7\u00e3o das datas comemorativas \u2013 o carnaval e a p\u00e1scoa, que se aproximam \u2013 o estabelecimento pretende refor\u00e7ar o quadro de empregados. Somente neste come\u00e7o de ano, at\u00e9 15 funcion\u00e1rios devem ser contratados.<\/p>\n<p><em>Fonte: G1<\/em><\/p>\n\n<div style=\"font-size: 0px; height: 0px; line-height: 0px; margin: 0; padding: 0; clear: both;\"><\/div>","protected":false},"excerpt":{"rendered":"<p>As lojas de festas e fantasia j\u00e1 se preparam para o carnaval, e os adere\u00e7os para cair na folia em 2013 come\u00e7am a ganhar as prateleiras e vitrines. Em Belo Horizonte, as apostas para este ano v\u00e3o desde um velho acess\u00f3rio que fez sucesso nos anos 90 at\u00e9 m\u00e1scaras de personagens que est\u00e3o em alta na televis\u00e3o e j\u00e1 deram as caras na festa. H\u00e1 nove carnavais, Jo\u00e3o L\u00facio Zeferino, hoje gerente, trabalha em uma rede de loja de festas da capital mineira. Ele destaca que, para curtir a festa com estilo, muitos foli\u00f5es v\u00e3o \u00e0s compras em busca de <\/p>\n","protected":false},"author":1,"featured_media":0,"comment_status":"open","ping_status":"closed","sticky":false,"template":"","format":"standard","meta":{"footnotes":""},"categories":[6],"tags":[15],"class_list":["post-958","post","type-post","status-publish","format-standard","hentry","category-noticias","tag-belo-horizonte"],"aioseo_notices":[],"aioseo_head":"\n\t\t<!-- All in One SEO 5.0.0.1 - aioseo.com -->\n\t<meta name=\"description\" content=\"As lojas de festas e fantasia j\u00e1 se preparam para o carnaval, e os adere\u00e7os para cair na folia em 2013 come\u00e7am a ganhar as prateleiras e vitrines. Em Belo Horizonte, as apostas para este ano v\u00e3o desde um velho acess\u00f3rio que fez sucesso nos anos 90 at\u00e9 m\u00e1scaras de personagens que est\u00e3o em alta\" \/>\n\t<meta name=\"robots\" content=\"max-image-preview:large\" \/>\n\t<meta name=\"author\" content=\"Encontra Belo Horizonte\"\/>\n\t<link rel=\"canonical\" href=\"https:\/\/www.encontrabelohorizonte.com.br\/sobre\/aderecos-para-carnaval-chegam-ao-comercio-de-belo-horizonte\/\" \/>\n\t<meta name=\"generator\" content=\"All in One SEO (AIOSEO) 5.0.0.1\" \/>\n\t\t<meta property=\"og:locale\" content=\"pt_BR\" \/>\n\t\t<meta property=\"og:site_name\" content=\"Encontra Belo Horizonte | Not\u00edcias, eventos, informa\u00e7\u00f5es e dicas da cidade de Belo Horizonte e regi\u00e3o\" \/>\n\t\t<meta property=\"og:type\" content=\"article\" \/>\n\t\t<meta property=\"og:title\" content=\"Adere\u00e7os para carnaval chegam ao com\u00e9rcio de Belo Horizonte | Encontra Belo Horizonte\" \/>\n\t\t<meta property=\"og:description\" content=\"As lojas de festas e fantasia j\u00e1 se preparam para o carnaval, e os adere\u00e7os para cair na folia em 2013 come\u00e7am a ganhar as prateleiras e vitrines. Em Belo Horizonte, as apostas para este ano v\u00e3o desde um velho acess\u00f3rio que fez sucesso nos anos 90 at\u00e9 m\u00e1scaras de personagens que est\u00e3o em alta\" \/>\n\t\t<meta property=\"og:url\" content=\"https:\/\/www.encontrabelohorizonte.com.br\/sobre\/aderecos-para-carnaval-chegam-ao-comercio-de-belo-horizonte\/\" \/>\n\t\t<meta property=\"article:published_time\" content=\"2013-01-10T11:05:14+00:00\" \/>\n\t\t<meta property=\"article:modified_time\" content=\"2019-04-12T18:35:42+00:00\" \/>\n\t\t<meta name=\"twitter:card\" content=\"summary\" \/>\n\t\t<meta name=\"twitter:title\" content=\"Adere\u00e7os para carnaval chegam ao com\u00e9rcio de Belo Horizonte | Encontra Belo Horizonte\" \/>\n\t\t<meta name=\"twitter:description\" content=\"As lojas de festas e fantasia j\u00e1 se preparam para o carnaval, e os adere\u00e7os para cair na folia em 2013 come\u00e7am a ganhar as prateleiras e vitrines. Em Belo Horizonte, as apostas para este ano v\u00e3o desde um velho acess\u00f3rio que fez sucesso nos anos 90 at\u00e9 m\u00e1scaras de personagens que est\u00e3o em alta\" \/>\n\t\t<script type=\"application\/ld+json\" class=\"aioseo-schema\">\n\t\t\t{\"@context\":\"https:\\\/\\\/schema.org\",\"@graph\":[{\"@type\":\"Article\",\"@id\":\"https:\\\/\\\/www.encontrabelohorizonte.com.br\\\/sobre\\\/aderecos-para-carnaval-chegam-ao-comercio-de-belo-horizonte\\\/#article\",\"name\":\"Adere\\u00e7os para carnaval chegam ao com\\u00e9rcio de Belo Horizonte | Encontra Belo Horizonte\",\"headline\":\"Adere\\u00e7os para carnaval chegam ao com\\u00e9rcio de Belo Horizonte\",\"author\":{\"@id\":\"https:\\\/\\\/www.encontrabelohorizonte.com.br\\\/sobre\\\/author\\\/ebelohorizonte\\\/#author\"},\"publisher\":{\"@id\":\"https:\\\/\\\/www.encontrabelohorizonte.com.br\\\/sobre\\\/#organization\"},\"datePublished\":\"2013-01-10T11:05:14-02:00\",\"dateModified\":\"2019-04-12T18:35:42-03:00\",\"inLanguage\":\"pt-BR\",\"mainEntityOfPage\":{\"@id\":\"https:\\\/\\\/www.encontrabelohorizonte.com.br\\\/sobre\\\/aderecos-para-carnaval-chegam-ao-comercio-de-belo-horizonte\\\/#webpage\"},\"isPartOf\":{\"@id\":\"https:\\\/\\\/www.encontrabelohorizonte.com.br\\\/sobre\\\/aderecos-para-carnaval-chegam-ao-comercio-de-belo-horizonte\\\/#webpage\"},\"articleSection\":\"Not\\u00edcias Belo Horizonte, Belo Horizonte\"},{\"@type\":\"BreadcrumbList\",\"@id\":\"https:\\\/\\\/www.encontrabelohorizonte.com.br\\\/sobre\\\/aderecos-para-carnaval-chegam-ao-comercio-de-belo-horizonte\\\/#breadcrumblist\",\"itemListElement\":[{\"@type\":\"ListItem\",\"@id\":\"https:\\\/\\\/www.encontrabelohorizonte.com.br\\\/sobre#listItem\",\"position\":1,\"name\":\"In\\u00edcio\",\"item\":\"https:\\\/\\\/www.encontrabelohorizonte.com.br\\\/sobre\",\"nextItem\":{\"@type\":\"ListItem\",\"@id\":\"https:\\\/\\\/www.encontrabelohorizonte.com.br\\\/sobre\\\/noticias\\\/#listItem\",\"name\":\"Not\\u00edcias Belo Horizonte\"}},{\"@type\":\"ListItem\",\"@id\":\"https:\\\/\\\/www.encontrabelohorizonte.com.br\\\/sobre\\\/noticias\\\/#listItem\",\"position\":2,\"name\":\"Not\\u00edcias Belo Horizonte\",\"item\":\"https:\\\/\\\/www.encontrabelohorizonte.com.br\\\/sobre\\\/noticias\\\/\",\"nextItem\":{\"@type\":\"ListItem\",\"@id\":\"https:\\\/\\\/www.encontrabelohorizonte.com.br\\\/sobre\\\/aderecos-para-carnaval-chegam-ao-comercio-de-belo-horizonte\\\/#listItem\",\"name\":\"Adere\\u00e7os para carnaval chegam ao com\\u00e9rcio de Belo Horizonte\"},\"previousItem\":{\"@type\":\"ListItem\",\"@id\":\"https:\\\/\\\/www.encontrabelohorizonte.com.br\\\/sobre#listItem\",\"name\":\"In\\u00edcio\"}},{\"@type\":\"ListItem\",\"@id\":\"https:\\\/\\\/www.encontrabelohorizonte.com.br\\\/sobre\\\/aderecos-para-carnaval-chegam-ao-comercio-de-belo-horizonte\\\/#listItem\",\"position\":3,\"name\":\"Adere\\u00e7os para carnaval chegam ao com\\u00e9rcio de Belo Horizonte\",\"previousItem\":{\"@type\":\"ListItem\",\"@id\":\"https:\\\/\\\/www.encontrabelohorizonte.com.br\\\/sobre\\\/noticias\\\/#listItem\",\"name\":\"Not\\u00edcias Belo Horizonte\"}}]},{\"@type\":\"Organization\",\"@id\":\"https:\\\/\\\/www.encontrabelohorizonte.com.br\\\/sobre\\\/#organization\",\"name\":\"Encontra Belo Horizonte\",\"description\":\"Not\\u00edcias, eventos, informa\\u00e7\\u00f5es e dicas da cidade de Belo Horizonte e regi\\u00e3o\",\"url\":\"https:\\\/\\\/www.encontrabelohorizonte.com.br\\\/sobre\\\/\"},{\"@type\":\"Person\",\"@id\":\"https:\\\/\\\/www.encontrabelohorizonte.com.br\\\/sobre\\\/author\\\/ebelohorizonte\\\/#author\",\"url\":\"https:\\\/\\\/www.encontrabelohorizonte.com.br\\\/sobre\\\/author\\\/ebelohorizonte\\\/\",\"name\":\"Encontra Belo Horizonte\",\"image\":{\"@type\":\"ImageObject\",\"@id\":\"https:\\\/\\\/www.encontrabelohorizonte.com.br\\\/sobre\\\/aderecos-para-carnaval-chegam-ao-comercio-de-belo-horizonte\\\/#authorImage\",\"url\":\"https:\\\/\\\/secure.gravatar.com\\\/avatar\\\/507340682b8270222e1f208e23198b6ae7e2c6a1033ae84e99bc6bce4f82a387?s=96&d=mm&r=g\",\"width\":96,\"height\":96,\"caption\":\"Encontra Belo Horizonte\"}},{\"@type\":\"WebPage\",\"@id\":\"https:\\\/\\\/www.encontrabelohorizonte.com.br\\\/sobre\\\/aderecos-para-carnaval-chegam-ao-comercio-de-belo-horizonte\\\/#webpage\",\"url\":\"https:\\\/\\\/www.encontrabelohorizonte.com.br\\\/sobre\\\/aderecos-para-carnaval-chegam-ao-comercio-de-belo-horizonte\\\/\",\"name\":\"Adere\\u00e7os para carnaval chegam ao com\\u00e9rcio de Belo Horizonte | Encontra Belo Horizonte\",\"description\":\"As lojas de festas e fantasia j\\u00e1 se preparam para o carnaval, e os adere\\u00e7os para cair na folia em 2013 come\\u00e7am a ganhar as prateleiras e vitrines. Em Belo Horizonte, as apostas para este ano v\\u00e3o desde um velho acess\\u00f3rio que fez sucesso nos anos 90 at\\u00e9 m\\u00e1scaras de personagens que est\\u00e3o em alta\",\"inLanguage\":\"pt-BR\",\"isPartOf\":{\"@id\":\"https:\\\/\\\/www.encontrabelohorizonte.com.br\\\/sobre\\\/#website\"},\"breadcrumb\":{\"@id\":\"https:\\\/\\\/www.encontrabelohorizonte.com.br\\\/sobre\\\/aderecos-para-carnaval-chegam-ao-comercio-de-belo-horizonte\\\/#breadcrumblist\"},\"author\":{\"@id\":\"https:\\\/\\\/www.encontrabelohorizonte.com.br\\\/sobre\\\/author\\\/ebelohorizonte\\\/#author\"},\"creator\":{\"@id\":\"https:\\\/\\\/www.encontrabelohorizonte.com.br\\\/sobre\\\/author\\\/ebelohorizonte\\\/#author\"},\"datePublished\":\"2013-01-10T11:05:14-02:00\",\"dateModified\":\"2019-04-12T18:35:42-03:00\"},{\"@type\":\"WebSite\",\"@id\":\"https:\\\/\\\/www.encontrabelohorizonte.com.br\\\/sobre\\\/#website\",\"url\":\"https:\\\/\\\/www.encontrabelohorizonte.com.br\\\/sobre\\\/\",\"name\":\"Encontra Belo Horizonte\",\"description\":\"Not\\u00edcias, eventos, informa\\u00e7\\u00f5es e dicas da cidade de Belo Horizonte e regi\\u00e3o\",\"inLanguage\":\"pt-BR\",\"publisher\":{\"@id\":\"https:\\\/\\\/www.encontrabelohorizonte.com.br\\\/sobre\\\/#organization\"}}]}\n\t\t<\/script>\n\t\t<!-- All in One SEO -->\n\n","aioseo_head_json":{"title":"Adere\u00e7os para carnaval chegam ao com\u00e9rcio de Belo Horizonte | Encontra Belo Horizonte","description":"As lojas de festas e fantasia j\u00e1 se preparam para o carnaval, e os adere\u00e7os para cair na folia em 2013 come\u00e7am a ganhar as prateleiras e vitrines. Em Belo Horizonte, as apostas para este ano v\u00e3o desde um velho acess\u00f3rio que fez sucesso nos anos 90 at\u00e9 m\u00e1scaras de personagens que est\u00e3o em alta","canonical_url":"https:\/\/www.encontrabelohorizonte.com.br\/sobre\/aderecos-para-carnaval-chegam-ao-comercio-de-belo-horizonte\/","robots":"max-image-preview:large","keywords":"","webmasterTools":{"miscellaneous":""},"schema":{"@context":"https:\/\/schema.org","@graph":[{"@type":"Article","@id":"https:\/\/www.encontrabelohorizonte.com.br\/sobre\/aderecos-para-carnaval-chegam-ao-comercio-de-belo-horizonte\/#article","name":"Adere\u00e7os para carnaval chegam ao com\u00e9rcio de Belo Horizonte | Encontra Belo Horizonte","headline":"Adere\u00e7os para carnaval chegam ao com\u00e9rcio de Belo Horizonte","author":{"@id":"https:\/\/www.encontrabelohorizonte.com.br\/sobre\/author\/ebelohorizonte\/#author"},"publisher":{"@id":"https:\/\/www.encontrabelohorizonte.com.br\/sobre\/#organization"},"datePublished":"2013-01-10T11:05:14-02:00","dateModified":"2019-04-12T18:35:42-03:00","inLanguage":"pt-BR","mainEntityOfPage":{"@id":"https:\/\/www.encontrabelohorizonte.com.br\/sobre\/aderecos-para-carnaval-chegam-ao-comercio-de-belo-horizonte\/#webpage"},"isPartOf":{"@id":"https:\/\/www.encontrabelohorizonte.com.br\/sobre\/aderecos-para-carnaval-chegam-ao-comercio-de-belo-horizonte\/#webpage"},"articleSection":"Not\u00edcias Belo Horizonte, Belo Horizonte"},{"@type":"BreadcrumbList","@id":"https:\/\/www.encontrabelohorizonte.com.br\/sobre\/aderecos-para-carnaval-chegam-ao-comercio-de-belo-horizonte\/#breadcrumblist","itemListElement":[{"@type":"ListItem","@id":"https:\/\/www.encontrabelohorizonte.com.br\/sobre#listItem","position":1,"name":"In\u00edcio","item":"https:\/\/www.encontrabelohorizonte.com.br\/sobre","nextItem":{"@type":"ListItem","@id":"https:\/\/www.encontrabelohorizonte.com.br\/sobre\/noticias\/#listItem","name":"Not\u00edcias Belo Horizonte"}},{"@type":"ListItem","@id":"https:\/\/www.encontrabelohorizonte.com.br\/sobre\/noticias\/#listItem","position":2,"name":"Not\u00edcias Belo Horizonte","item":"https:\/\/www.encontrabelohorizonte.com.br\/sobre\/noticias\/","nextItem":{"@type":"ListItem","@id":"https:\/\/www.encontrabelohorizonte.com.br\/sobre\/aderecos-para-carnaval-chegam-ao-comercio-de-belo-horizonte\/#listItem","name":"Adere\u00e7os para carnaval chegam ao com\u00e9rcio de Belo Horizonte"},"previousItem":{"@type":"ListItem","@id":"https:\/\/www.encontrabelohorizonte.com.br\/sobre#listItem","name":"In\u00edcio"}},{"@type":"ListItem","@id":"https:\/\/www.encontrabelohorizonte.com.br\/sobre\/aderecos-para-carnaval-chegam-ao-comercio-de-belo-horizonte\/#listItem","position":3,"name":"Adere\u00e7os para carnaval chegam ao com\u00e9rcio de Belo Horizonte","previousItem":{"@type":"ListItem","@id":"https:\/\/www.encontrabelohorizonte.com.br\/sobre\/noticias\/#listItem","name":"Not\u00edcias Belo Horizonte"}}]},{"@type":"Organization","@id":"https:\/\/www.encontrabelohorizonte.com.br\/sobre\/#organization","name":"Encontra Belo Horizonte","description":"Not\u00edcias, eventos, informa\u00e7\u00f5es e dicas da cidade de Belo Horizonte e regi\u00e3o","url":"https:\/\/www.encontrabelohorizonte.com.br\/sobre\/"},{"@type":"Person","@id":"https:\/\/www.encontrabelohorizonte.com.br\/sobre\/author\/ebelohorizonte\/#author","url":"https:\/\/www.encontrabelohorizonte.com.br\/sobre\/author\/ebelohorizonte\/","name":"Encontra Belo Horizonte","image":{"@type":"ImageObject","@id":"https:\/\/www.encontrabelohorizonte.com.br\/sobre\/aderecos-para-carnaval-chegam-ao-comercio-de-belo-horizonte\/#authorImage","url":"https:\/\/secure.gravatar.com\/avatar\/507340682b8270222e1f208e23198b6ae7e2c6a1033ae84e99bc6bce4f82a387?s=96&d=mm&r=g","width":96,"height":96,"caption":"Encontra Belo Horizonte"}},{"@type":"WebPage","@id":"https:\/\/www.encontrabelohorizonte.com.br\/sobre\/aderecos-para-carnaval-chegam-ao-comercio-de-belo-horizonte\/#webpage","url":"https:\/\/www.encontrabelohorizonte.com.br\/sobre\/aderecos-para-carnaval-chegam-ao-comercio-de-belo-horizonte\/","name":"Adere\u00e7os para carnaval chegam ao com\u00e9rcio de Belo Horizonte | Encontra Belo Horizonte","description":"As lojas de festas e fantasia j\u00e1 se preparam para o carnaval, e os adere\u00e7os para cair na folia em 2013 come\u00e7am a ganhar as prateleiras e vitrines. Em Belo Horizonte, as apostas para este ano v\u00e3o desde um velho acess\u00f3rio que fez sucesso nos anos 90 at\u00e9 m\u00e1scaras de personagens que est\u00e3o em alta","inLanguage":"pt-BR","isPartOf":{"@id":"https:\/\/www.encontrabelohorizonte.com.br\/sobre\/#website"},"breadcrumb":{"@id":"https:\/\/www.encontrabelohorizonte.com.br\/sobre\/aderecos-para-carnaval-chegam-ao-comercio-de-belo-horizonte\/#breadcrumblist"},"author":{"@id":"https:\/\/www.encontrabelohorizonte.com.br\/sobre\/author\/ebelohorizonte\/#author"},"creator":{"@id":"https:\/\/www.encontrabelohorizonte.com.br\/sobre\/author\/ebelohorizonte\/#author"},"datePublished":"2013-01-10T11:05:14-02:00","dateModified":"2019-04-12T18:35:42-03:00"},{"@type":"WebSite","@id":"https:\/\/www.encontrabelohorizonte.com.br\/sobre\/#website","url":"https:\/\/www.encontrabelohorizonte.com.br\/sobre\/","name":"Encontra Belo Horizonte","description":"Not\u00edcias, eventos, informa\u00e7\u00f5es e dicas da cidade de Belo Horizonte e regi\u00e3o","inLanguage":"pt-BR","publisher":{"@id":"https:\/\/www.encontrabelohorizonte.com.br\/sobre\/#organization"}}]},"og:locale":"pt_BR","og:site_name":"Encontra Belo Horizonte | Not\u00edcias, eventos, informa\u00e7\u00f5es e dicas da cidade de Belo Horizonte e regi\u00e3o","og:type":"article","og:title":"Adere\u00e7os para carnaval chegam ao com\u00e9rcio de Belo Horizonte | Encontra Belo Horizonte","og:description":"As lojas de festas e fantasia j\u00e1 se preparam para o carnaval, e os adere\u00e7os para cair na folia em 2013 come\u00e7am a ganhar as prateleiras e vitrines. Em Belo Horizonte, as apostas para este ano v\u00e3o desde um velho acess\u00f3rio que fez sucesso nos anos 90 at\u00e9 m\u00e1scaras de personagens que est\u00e3o em alta","og:url":"https:\/\/www.encontrabelohorizonte.com.br\/sobre\/aderecos-para-carnaval-chegam-ao-comercio-de-belo-horizonte\/","article:published_time":"2013-01-10T11:05:14+00:00","article:modified_time":"2019-04-12T18:35:42+00:00","twitter:card":"summary","twitter:title":"Adere\u00e7os para carnaval chegam ao com\u00e9rcio de Belo Horizonte | Encontra Belo Horizonte","twitter:description":"As lojas de festas e fantasia j\u00e1 se preparam para o carnaval, e os adere\u00e7os para cair na folia em 2013 come\u00e7am a ganhar as prateleiras e vitrines. Em Belo Horizonte, as apostas para este ano v\u00e3o desde um velho acess\u00f3rio que fez sucesso nos anos 90 at\u00e9 m\u00e1scaras de personagens que est\u00e3o em alta"},"aioseo_meta_data":{"post_id":"958","title":null,"description":null,"keywords":null,"keyphrases":null,"primary_term":null,"canonical_url":null,"og_title":null,"og_description":null,"og_object_type":"default","og_image_type":"default","og_image_url":null,"og_image_width":null,"og_image_height":null,"og_image_custom_url":null,"og_image_custom_fields":null,"og_video":null,"og_custom_url":null,"og_article_section":null,"og_article_tags":null,"twitter_use_og":false,"twitter_card":"default","twitter_image_type":"default","twitter_image_url":null,"twitter_image_custom_url":null,"twitter_image_custom_fields":null,"twitter_title":null,"twitter_description":null,"schema":{"blockGraphs":[],"customGraphs":[],"default":{"data":{"Article":[],"Course":[],"Dataset":[],"FAQPage":[],"Movie":[],"Person":[],"Product":[],"ProductReview":[],"Car":[],"Recipe":[],"Service":[],"SoftwareApplication":[],"WebPage":[]},"graphName":"Article","isEnabled":true},"graphs":[]},"schema_type":null,"schema_type_options":null,"pillar_content":false,"robots_default":true,"robots_noindex":false,"robots_noarchive":false,"robots_nosnippet":false,"robots_nofollow":false,"robots_noimageindex":false,"robots_noodp":false,"robots_notranslate":false,"robots_max_snippet":null,"robots_max_videopreview":null,"robots_max_imagepreview":"large","priority":null,"frequency":null,"local_seo":null,"breadcrumb_settings":null,"limit_modified_date":false,"ai":null,"created":"2022-01-10 18:07:51","updated":"2025-09-27 06:36:27","focus_keyword":null,"additional_keywords":null,"truseo_locale":null,"seo_analyzer_scan_date":null},"aioseo_breadcrumb":"<div class=\"aioseo-breadcrumbs\"><span class=\"aioseo-breadcrumb\">\n\t\t\t<a href=\"https:\/\/www.encontrabelohorizonte.com.br\/sobre\" title=\"In\u00edcio\">In\u00edcio<\/a>\n\t\t<\/span><span class=\"aioseo-breadcrumb-separator\">&raquo;<\/span><span class=\"aioseo-breadcrumb\">\n\t\t\t<a href=\"https:\/\/www.encontrabelohorizonte.com.br\/sobre\/noticias\/\" title=\"Not\u00edcias Belo Horizonte\">Not\u00edcias Belo Horizonte<\/a>\n\t\t<\/span><span class=\"aioseo-breadcrumb-separator\">&raquo;<\/span><span class=\"aioseo-breadcrumb\">\n\t\t\tAdere\u00e7os para carnaval chegam ao com\u00e9rcio de Belo Horizonte\n\t\t<\/span><\/div>","aioseo_breadcrumb_json":[{"label":"In\u00edcio","link":"https:\/\/www.encontrabelohorizonte.com.br\/sobre"},{"label":"Not\u00edcias Belo Horizonte","link":"https:\/\/www.encontrabelohorizonte.com.br\/sobre\/noticias\/"},{"label":"Adere\u00e7os para carnaval chegam ao com\u00e9rcio de Belo Horizonte","link":"https:\/\/www.encontrabelohorizonte.com.br\/sobre\/aderecos-para-carnaval-chegam-ao-comercio-de-belo-horizonte\/"}],"_links":{"self":[{"href":"https:\/\/www.encontrabelohorizonte.com.br\/sobre\/wp-json\/wp\/v2\/posts\/958","targetHints":{"allow":["GET"]}}],"collection":[{"href":"https:\/\/www.encontrabelohorizonte.com.br\/sobre\/wp-json\/wp\/v2\/posts"}],"about":[{"href":"https:\/\/www.encontrabelohorizonte.com.br\/sobre\/wp-json\/wp\/v2\/types\/post"}],"author":[{"embeddable":true,"href":"https:\/\/www.encontrabelohorizonte.com.br\/sobre\/wp-json\/wp\/v2\/users\/1"}],"replies":[{"embeddable":true,"href":"https:\/\/www.encontrabelohorizonte.com.br\/sobre\/wp-json\/wp\/v2\/comments?post=958"}],"version-history":[{"count":0,"href":"https:\/\/www.encontrabelohorizonte.com.br\/sobre\/wp-json\/wp\/v2\/posts\/958\/revisions"}],"wp:attachment":[{"href":"https:\/\/www.encontrabelohorizonte.com.br\/sobre\/wp-json\/wp\/v2\/media?parent=958"}],"wp:term":[{"taxonomy":"category","embeddable":true,"href":"https:\/\/www.encontrabelohorizonte.com.br\/sobre\/wp-json\/wp\/v2\/categories?post=958"},{"taxonomy":"post_tag","embeddable":true,"href":"https:\/\/www.encontrabelohorizonte.com.br\/sobre\/wp-json\/wp\/v2\/tags?post=958"}],"curies":[{"name":"wp","href":"https:\/\/api.w.org\/{rel}","templated":true}]}}